{"id":172348,"date":"2023-08-22T06:46:17","date_gmt":"2023-08-22T10:46:17","guid":{"rendered":"https:\/\/www.eldiario.net\/portal\/?p=172348"},"modified":"2023-08-22T06:46:17","modified_gmt":"2023-08-22T10:46:17","slug":"el-equipo-de-robotica-vende-refrescos-para-viajar-a-mexico","status":"publish","type":"post","link":"https:\/\/www.eldiario.net\/portal\/2023\/08\/22\/el-equipo-de-robotica-vende-refrescos-para-viajar-a-mexico\/","title":{"rendered":"El equipo de rob\u00f3tica vende  refrescos para viajar a M\u00e9xico"},"content":{"rendered":"<p>Un grupo compuesto por nueve estudiantes del equipo de rob\u00f3tica de Sucre se encuentra ultimando los detalles para el Torneo de Rob\u00f3tica que acontecer\u00e1 del 5 al 8 de noviembre en M\u00e9xico DF.<\/p>\n<p>Estos j\u00f3venes prodigios, cuya pasi\u00f3n por la rob\u00f3tica han emprendido una cruzada para recaudar los fondos necesarios y hacer realidad su anhelo de competir en el torneo internacional.<\/p>\n<p>La venta de refrescos y deliciosos postres en la plaza central y las calles locales ha pedido la colaboraci\u00f3n de la comunidad, el domingo se unieron al evento de peatonalizaci\u00f3n.<\/p>\n<p>Nueve j\u00f3venes cuyas mentes creativas han asegurado su presencia en esta competici\u00f3n de renombre son: Pedro Magne, Dana Ledezma, Agust\u00edn Mercado, Jonatan Mamani, Cristian Pancca, Alex \u00c1vala, Rafael P\u00f3rcel, Ezequiel Mamani y Aaron Gonz\u00e1les forman parte un equipo que llena de orgullo a Sucre.<\/p>\n<p>El tutor y gu\u00eda de la agrupaci\u00f3n, Andy P\u00f3rcel, comparti\u00f3 con nosotros sus aspiraciones y deseos en relaci\u00f3n a esta emocionante traves\u00eda. Seg\u00fan sus palabras, \u00abconfiamos en el respaldo de la comunidad para que estos j\u00f3venes trasciendan fronteras y sobresalgan con creces en su ambicioso desaf\u00edo internacional\u00bb.<\/p>\n<p>Recuerda con satisfacci\u00f3n los \u00e9xitos pasados, donde el equipo no solo se alz\u00f3 con medallas de distinci\u00f3n, sino que tambi\u00e9n dej\u00f3 una impronta imborrable como leg\u00edtimos representantes de Sucre. (Sucre, Erbol)<\/p>\n","protected":false},"excerpt":{"rendered":"<p>Un grupo compuesto por nueve estudiantes del equipo de rob\u00f3tica de Sucre se encuentra ultimando los detalles para el Torneo de Rob\u00f3tica que acontecer\u00e1 del 5 al 8 de noviembre en M\u00e9xico DF. Estos j\u00f3venes prodigios, cuya pasi\u00f3n por la rob\u00f3tica han emprendido una cruzada para recaudar los fondos necesarios y hacer realidad su anhelo [&hellip;]<\/p>\n","protected":false},"author":1,"featured_media":172349,"comment_status":"closed","ping_status":"open","sticky":false,"template":"","format":"standard","meta":{"_acf_changed":false,"footnotes":""},"categories":[12],"tags":[],"class_list":["post-172348","post","type-post","status-publish","format-standard","has-post-thumbnail","category-nacional"],"acf":{"antetitulo":""},"yoast_head":"<!-- This site is optimized with the Yoast SEO plugin v28.3 - https:\/\/yoast.com\/product\/yoast-seo-wordpress\/ -->\n<title>El equipo de rob\u00f3tica vende refrescos para viajar a M\u00e9xico - El Diario - Bolivia<\/title>\n<meta name=\"robots\" content=\"index, follow, max-snippet:-1, max-image-preview:large, max-video-preview:-1\" \/>\n<link rel=\"canonical\" href=\"https:\/\/www.eldiario.net\/portal\/2023\/08\/22\/el-equipo-de-robotica-vende-refrescos-para-viajar-a-mexico\/\" \/>\n<meta property=\"og:locale\" content=\"es_ES\" \/>\n<meta property=\"og:type\" content=\"article\" \/>\n<meta property=\"og:title\" content=\"El equipo de rob\u00f3tica vende refrescos para viajar a M\u00e9xico - El Diario - Bolivia\" \/>\n<meta property=\"og:description\" content=\"Un grupo compuesto por nueve estudiantes del equipo de rob\u00f3tica de Sucre se encuentra ultimando los detalles para el Torneo de Rob\u00f3tica que acontecer\u00e1 del 5 al 8 de noviembre en M\u00e9xico DF. Estos j\u00f3venes prodigios, cuya pasi\u00f3n por la rob\u00f3tica han emprendido una cruzada para recaudar los fondos necesarios y hacer realidad su anhelo [&hellip;]\" \/>\n<meta property=\"og:url\" content=\"https:\/\/www.eldiario.net\/portal\/2023\/08\/22\/el-equipo-de-robotica-vende-refrescos-para-viajar-a-mexico\/\" \/>\n<meta property=\"og:site_name\" content=\"El Diario - Bolivia\" \/>\n<meta property=\"article:publisher\" content=\"https:\/\/www.facebook.com\/eldiario.bolivia\/\" \/>\n<meta property=\"article:published_time\" content=\"2023-08-22T10:46:17+00:00\" \/>\n<meta property=\"og:image\" content=\"https:\/\/www.eldiario.net\/portal\/wp-content\/uploads\/2023\/08\/EQUIPO-FOTO.jpg\" \/>\n\t<meta property=\"og:image:width\" content=\"900\" \/>\n\t<meta property=\"og:image:height\" content=\"527\" \/>\n\t<meta property=\"og:image:type\" content=\"image\/jpeg\" \/>\n<meta name=\"author\" content=\"Jeanette\" \/>\n<meta name=\"twitter:card\" content=\"summary_large_image\" \/>\n<meta name=\"twitter:creator\" content=\"@eldiario_net\" \/>\n<meta name=\"twitter:site\" content=\"@eldiario_net\" \/>\n<meta name=\"twitter:label1\" content=\"Escrito por\" \/>\n\t<meta name=\"twitter:data1\" content=\"Jeanette\" \/>\n\t<meta name=\"twitter:label2\" content=\"Tiempo de lectura\" \/>\n\t<meta name=\"twitter:data2\" content=\"1 minuto\" \/>\n<script type=\"application\/ld+json\" class=\"yoast-schema-graph\">{\"@context\":\"https:\\\/\\\/schema.org\",\"@graph\":[{\"@type\":\"Article\",\"@id\":\"https:\\\/\\\/www.eldiario.net\\\/portal\\\/2023\\\/08\\\/22\\\/el-equipo-de-robotica-vende-refrescos-para-viajar-a-mexico\\\/#article\",\"isPartOf\":{\"@id\":\"https:\\\/\\\/www.eldiario.net\\\/portal\\\/2023\\\/08\\\/22\\\/el-equipo-de-robotica-vende-refrescos-para-viajar-a-mexico\\\/\"},\"author\":{\"name\":\"Jeanette\",\"@id\":\"https:\\\/\\\/www.eldiario.net\\\/portal\\\/#\\\/schema\\\/person\\\/f46445640444750d7d753ccd04ae01b7\"},\"headline\":\"El equipo de rob\u00f3tica vende refrescos para viajar a M\u00e9xico\",\"datePublished\":\"2023-08-22T10:46:17+00:00\",\"mainEntityOfPage\":{\"@id\":\"https:\\\/\\\/www.eldiario.net\\\/portal\\\/2023\\\/08\\\/22\\\/el-equipo-de-robotica-vende-refrescos-para-viajar-a-mexico\\\/\"},\"wordCount\":248,\"publisher\":{\"@id\":\"https:\\\/\\\/www.eldiario.net\\\/portal\\\/#organization\"},\"image\":{\"@id\":\"https:\\\/\\\/www.eldiario.net\\\/portal\\\/2023\\\/08\\\/22\\\/el-equipo-de-robotica-vende-refrescos-para-viajar-a-mexico\\\/#primaryimage\"},\"thumbnailUrl\":\"https:\\\/\\\/www.eldiario.net\\\/portal\\\/wp-content\\\/uploads\\\/2023\\\/08\\\/EQUIPO-FOTO.jpg\",\"articleSection\":[\"Nacional\"],\"inLanguage\":\"es\"},{\"@type\":\"WebPage\",\"@id\":\"https:\\\/\\\/www.eldiario.net\\\/portal\\\/2023\\\/08\\\/22\\\/el-equipo-de-robotica-vende-refrescos-para-viajar-a-mexico\\\/\",\"url\":\"https:\\\/\\\/www.eldiario.net\\\/portal\\\/2023\\\/08\\\/22\\\/el-equipo-de-robotica-vende-refrescos-para-viajar-a-mexico\\\/\",\"name\":\"El equipo de rob\u00f3tica vende refrescos para viajar a M\u00e9xico - El Diario - Bolivia\",\"isPartOf\":{\"@id\":\"https:\\\/\\\/www.eldiario.net\\\/portal\\\/#website\"},\"primaryImageOfPage\":{\"@id\":\"https:\\\/\\\/www.eldiario.net\\\/portal\\\/2023\\\/08\\\/22\\\/el-equipo-de-robotica-vende-refrescos-para-viajar-a-mexico\\\/#primaryimage\"},\"image\":{\"@id\":\"https:\\\/\\\/www.eldiario.net\\\/portal\\\/2023\\\/08\\\/22\\\/el-equipo-de-robotica-vende-refrescos-para-viajar-a-mexico\\\/#primaryimage\"},\"thumbnailUrl\":\"https:\\\/\\\/www.eldiario.net\\\/portal\\\/wp-content\\\/uploads\\\/2023\\\/08\\\/EQUIPO-FOTO.jpg\",\"datePublished\":\"2023-08-22T10:46:17+00:00\",\"breadcrumb\":{\"@id\":\"https:\\\/\\\/www.eldiario.net\\\/portal\\\/2023\\\/08\\\/22\\\/el-equipo-de-robotica-vende-refrescos-para-viajar-a-mexico\\\/#breadcrumb\"},\"inLanguage\":\"es\",\"potentialAction\":[{\"@type\":\"ReadAction\",\"target\":[\"https:\\\/\\\/www.eldiario.net\\\/portal\\\/2023\\\/08\\\/22\\\/el-equipo-de-robotica-vende-refrescos-para-viajar-a-mexico\\\/\"]}]},{\"@type\":\"ImageObject\",\"inLanguage\":\"es\",\"@id\":\"https:\\\/\\\/www.eldiario.net\\\/portal\\\/2023\\\/08\\\/22\\\/el-equipo-de-robotica-vende-refrescos-para-viajar-a-mexico\\\/#primaryimage\",\"url\":\"https:\\\/\\\/www.eldiario.net\\\/portal\\\/wp-content\\\/uploads\\\/2023\\\/08\\\/EQUIPO-FOTO.jpg\",\"contentUrl\":\"https:\\\/\\\/www.eldiario.net\\\/portal\\\/wp-content\\\/uploads\\\/2023\\\/08\\\/EQUIPO-FOTO.jpg\",\"width\":900,\"height\":527,\"caption\":\"INTEGRANTES DEL EQUIPO DE ROB\u00d3TICA. FOTO: ERBOL\"},{\"@type\":\"BreadcrumbList\",\"@id\":\"https:\\\/\\\/www.eldiario.net\\\/portal\\\/2023\\\/08\\\/22\\\/el-equipo-de-robotica-vende-refrescos-para-viajar-a-mexico\\\/#breadcrumb\",\"itemListElement\":[{\"@type\":\"ListItem\",\"position\":1,\"name\":\"Portada\",\"item\":\"https:\\\/\\\/www.eldiario.net\\\/portal\\\/\"},{\"@type\":\"ListItem\",\"position\":2,\"name\":\"El equipo de rob\u00f3tica vende refrescos para viajar a M\u00e9xico\"}]},{\"@type\":\"WebSite\",\"@id\":\"https:\\\/\\\/www.eldiario.net\\\/portal\\\/#website\",\"url\":\"https:\\\/\\\/www.eldiario.net\\\/portal\\\/\",\"name\":\"El Diario - Decano de la prensa nacional\",\"description\":\"El Diario - Decano de la prensa nacional\",\"publisher\":{\"@id\":\"https:\\\/\\\/www.eldiario.net\\\/portal\\\/#organization\"},\"potentialAction\":[{\"@type\":\"SearchAction\",\"target\":{\"@type\":\"EntryPoint\",\"urlTemplate\":\"https:\\\/\\\/www.eldiario.net\\\/portal\\\/?s={search_term_string}\"},\"query-input\":{\"@type\":\"PropertyValueSpecification\",\"valueRequired\":true,\"valueName\":\"search_term_string\"}}],\"inLanguage\":\"es\"},{\"@type\":\"Organization\",\"@id\":\"https:\\\/\\\/www.eldiario.net\\\/portal\\\/#organization\",\"name\":\"El Diario - Decano de la prensa nacional\",\"url\":\"https:\\\/\\\/www.eldiario.net\\\/portal\\\/\",\"logo\":{\"@type\":\"ImageObject\",\"inLanguage\":\"es\",\"@id\":\"https:\\\/\\\/www.eldiario.net\\\/portal\\\/#\\\/schema\\\/logo\\\/image\\\/\",\"url\":\"https:\\\/\\\/www.eldiario.net\\\/portal\\\/wp-content\\\/uploads\\\/2023\\\/07\\\/logo_ED.jpg\",\"contentUrl\":\"https:\\\/\\\/www.eldiario.net\\\/portal\\\/wp-content\\\/uploads\\\/2023\\\/07\\\/logo_ED.jpg\",\"width\":272,\"height\":52,\"caption\":\"El Diario - Decano de la prensa nacional\"},\"image\":{\"@id\":\"https:\\\/\\\/www.eldiario.net\\\/portal\\\/#\\\/schema\\\/logo\\\/image\\\/\"},\"sameAs\":[\"https:\\\/\\\/www.facebook.com\\\/eldiario.bolivia\\\/\",\"https:\\\/\\\/x.com\\\/eldiario_net\"]},{\"@type\":\"Person\",\"@id\":\"https:\\\/\\\/www.eldiario.net\\\/portal\\\/#\\\/schema\\\/person\\\/f46445640444750d7d753ccd04ae01b7\",\"name\":\"Jeanette\",\"image\":{\"@type\":\"ImageObject\",\"inLanguage\":\"es\",\"@id\":\"https:\\\/\\\/secure.gravatar.com\\\/avatar\\\/3ea2118a5f7dad2b7138b1187a6b7ee55f160b9968b66013c3a3ef39dd7e5798?s=96&d=mm&r=g\",\"url\":\"https:\\\/\\\/secure.gravatar.com\\\/avatar\\\/3ea2118a5f7dad2b7138b1187a6b7ee55f160b9968b66013c3a3ef39dd7e5798?s=96&d=mm&r=g\",\"contentUrl\":\"https:\\\/\\\/secure.gravatar.com\\\/avatar\\\/3ea2118a5f7dad2b7138b1187a6b7ee55f160b9968b66013c3a3ef39dd7e5798?s=96&d=mm&r=g\",\"caption\":\"Jeanette\"},\"sameAs\":[\"https:\\\/\\\/www.eldiario.net\\\/portal\"],\"url\":\"https:\\\/\\\/www.eldiario.net\\\/portal\\\/author\\\/jeanette\\\/\"}]}<\/script>\n<!-- \/ Yoast SEO plugin. -->","yoast_head_json":{"title":"El equipo de rob\u00f3tica vende refrescos para viajar a M\u00e9xico - El Diario - Bolivia","robots":{"index":"index","follow":"follow","max-snippet":"max-snippet:-1","max-image-preview":"max-image-preview:large","max-video-preview":"max-video-preview:-1"},"canonical":"https:\/\/www.eldiario.net\/portal\/2023\/08\/22\/el-equipo-de-robotica-vende-refrescos-para-viajar-a-mexico\/","og_locale":"es_ES","og_type":"article","og_title":"El equipo de rob\u00f3tica vende refrescos para viajar a M\u00e9xico - El Diario - Bolivia","og_description":"Un grupo compuesto por nueve estudiantes del equipo de rob\u00f3tica de Sucre se encuentra ultimando los detalles para el Torneo de Rob\u00f3tica que acontecer\u00e1 del 5 al 8 de noviembre en M\u00e9xico DF. Estos j\u00f3venes prodigios, cuya pasi\u00f3n por la rob\u00f3tica han emprendido una cruzada para recaudar los fondos necesarios y hacer realidad su anhelo [&hellip;]","og_url":"https:\/\/www.eldiario.net\/portal\/2023\/08\/22\/el-equipo-de-robotica-vende-refrescos-para-viajar-a-mexico\/","og_site_name":"El Diario - Bolivia","article_publisher":"https:\/\/www.facebook.com\/eldiario.bolivia\/","article_published_time":"2023-08-22T10:46:17+00:00","og_image":[{"width":900,"height":527,"url":"https:\/\/www.eldiario.net\/portal\/wp-content\/uploads\/2023\/08\/EQUIPO-FOTO.jpg","type":"image\/jpeg"}],"author":"Jeanette","twitter_card":"summary_large_image","twitter_creator":"@eldiario_net","twitter_site":"@eldiario_net","twitter_misc":{"Escrito por":"Jeanette","Tiempo de lectura":"1 minuto"},"schema":{"@context":"https:\/\/schema.org","@graph":[{"@type":"Article","@id":"https:\/\/www.eldiario.net\/portal\/2023\/08\/22\/el-equipo-de-robotica-vende-refrescos-para-viajar-a-mexico\/#article","isPartOf":{"@id":"https:\/\/www.eldiario.net\/portal\/2023\/08\/22\/el-equipo-de-robotica-vende-refrescos-para-viajar-a-mexico\/"},"author":{"name":"Jeanette","@id":"https:\/\/www.eldiario.net\/portal\/#\/schema\/person\/f46445640444750d7d753ccd04ae01b7"},"headline":"El equipo de rob\u00f3tica vende refrescos para viajar a M\u00e9xico","datePublished":"2023-08-22T10:46:17+00:00","mainEntityOfPage":{"@id":"https:\/\/www.eldiario.net\/portal\/2023\/08\/22\/el-equipo-de-robotica-vende-refrescos-para-viajar-a-mexico\/"},"wordCount":248,"publisher":{"@id":"https:\/\/www.eldiario.net\/portal\/#organization"},"image":{"@id":"https:\/\/www.eldiario.net\/portal\/2023\/08\/22\/el-equipo-de-robotica-vende-refrescos-para-viajar-a-mexico\/#primaryimage"},"thumbnailUrl":"https:\/\/www.eldiario.net\/portal\/wp-content\/uploads\/2023\/08\/EQUIPO-FOTO.jpg","articleSection":["Nacional"],"inLanguage":"es"},{"@type":"WebPage","@id":"https:\/\/www.eldiario.net\/portal\/2023\/08\/22\/el-equipo-de-robotica-vende-refrescos-para-viajar-a-mexico\/","url":"https:\/\/www.eldiario.net\/portal\/2023\/08\/22\/el-equipo-de-robotica-vende-refrescos-para-viajar-a-mexico\/","name":"El equipo de rob\u00f3tica vende refrescos para viajar a M\u00e9xico - El Diario - Bolivia","isPartOf":{"@id":"https:\/\/www.eldiario.net\/portal\/#website"},"primaryImageOfPage":{"@id":"https:\/\/www.eldiario.net\/portal\/2023\/08\/22\/el-equipo-de-robotica-vende-refrescos-para-viajar-a-mexico\/#primaryimage"},"image":{"@id":"https:\/\/www.eldiario.net\/portal\/2023\/08\/22\/el-equipo-de-robotica-vende-refrescos-para-viajar-a-mexico\/#primaryimage"},"thumbnailUrl":"https:\/\/www.eldiario.net\/portal\/wp-content\/uploads\/2023\/08\/EQUIPO-FOTO.jpg","datePublished":"2023-08-22T10:46:17+00:00","breadcrumb":{"@id":"https:\/\/www.eldiario.net\/portal\/2023\/08\/22\/el-equipo-de-robotica-vende-refrescos-para-viajar-a-mexico\/#breadcrumb"},"inLanguage":"es","potentialAction":[{"@type":"ReadAction","target":["https:\/\/www.eldiario.net\/portal\/2023\/08\/22\/el-equipo-de-robotica-vende-refrescos-para-viajar-a-mexico\/"]}]},{"@type":"ImageObject","inLanguage":"es","@id":"https:\/\/www.eldiario.net\/portal\/2023\/08\/22\/el-equipo-de-robotica-vende-refrescos-para-viajar-a-mexico\/#primaryimage","url":"https:\/\/www.eldiario.net\/portal\/wp-content\/uploads\/2023\/08\/EQUIPO-FOTO.jpg","contentUrl":"https:\/\/www.eldiario.net\/portal\/wp-content\/uploads\/2023\/08\/EQUIPO-FOTO.jpg","width":900,"height":527,"caption":"INTEGRANTES DEL EQUIPO DE ROB\u00d3TICA. FOTO: ERBOL"},{"@type":"BreadcrumbList","@id":"https:\/\/www.eldiario.net\/portal\/2023\/08\/22\/el-equipo-de-robotica-vende-refrescos-para-viajar-a-mexico\/#breadcrumb","itemListElement":[{"@type":"ListItem","position":1,"name":"Portada","item":"https:\/\/www.eldiario.net\/portal\/"},{"@type":"ListItem","position":2,"name":"El equipo de rob\u00f3tica vende refrescos para viajar a M\u00e9xico"}]},{"@type":"WebSite","@id":"https:\/\/www.eldiario.net\/portal\/#website","url":"https:\/\/www.eldiario.net\/portal\/","name":"El Diario - Decano de la prensa nacional","description":"El Diario - Decano de la prensa nacional","publisher":{"@id":"https:\/\/www.eldiario.net\/portal\/#organization"},"potentialAction":[{"@type":"SearchAction","target":{"@type":"EntryPoint","urlTemplate":"https:\/\/www.eldiario.net\/portal\/?s={search_term_string}"},"query-input":{"@type":"PropertyValueSpecification","valueRequired":true,"valueName":"search_term_string"}}],"inLanguage":"es"},{"@type":"Organization","@id":"https:\/\/www.eldiario.net\/portal\/#organization","name":"El Diario - Decano de la prensa nacional","url":"https:\/\/www.eldiario.net\/portal\/","logo":{"@type":"ImageObject","inLanguage":"es","@id":"https:\/\/www.eldiario.net\/portal\/#\/schema\/logo\/image\/","url":"https:\/\/www.eldiario.net\/portal\/wp-content\/uploads\/2023\/07\/logo_ED.jpg","contentUrl":"https:\/\/www.eldiario.net\/portal\/wp-content\/uploads\/2023\/07\/logo_ED.jpg","width":272,"height":52,"caption":"El Diario - Decano de la prensa nacional"},"image":{"@id":"https:\/\/www.eldiario.net\/portal\/#\/schema\/logo\/image\/"},"sameAs":["https:\/\/www.facebook.com\/eldiario.bolivia\/","https:\/\/x.com\/eldiario_net"]},{"@type":"Person","@id":"https:\/\/www.eldiario.net\/portal\/#\/schema\/person\/f46445640444750d7d753ccd04ae01b7","name":"Jeanette","image":{"@type":"ImageObject","inLanguage":"es","@id":"https:\/\/secure.gravatar.com\/avatar\/3ea2118a5f7dad2b7138b1187a6b7ee55f160b9968b66013c3a3ef39dd7e5798?s=96&d=mm&r=g","url":"https:\/\/secure.gravatar.com\/avatar\/3ea2118a5f7dad2b7138b1187a6b7ee55f160b9968b66013c3a3ef39dd7e5798?s=96&d=mm&r=g","contentUrl":"https:\/\/secure.gravatar.com\/avatar\/3ea2118a5f7dad2b7138b1187a6b7ee55f160b9968b66013c3a3ef39dd7e5798?s=96&d=mm&r=g","caption":"Jeanette"},"sameAs":["https:\/\/www.eldiario.net\/portal"],"url":"https:\/\/www.eldiario.net\/portal\/author\/jeanette\/"}]}},"_links":{"self":[{"href":"https:\/\/www.eldiario.net\/portal\/wp-json\/wp\/v2\/posts\/172348","targetHints":{"allow":["GET"]}}],"collection":[{"href":"https:\/\/www.eldiario.net\/portal\/wp-json\/wp\/v2\/posts"}],"about":[{"href":"https:\/\/www.eldiario.net\/portal\/wp-json\/wp\/v2\/types\/post"}],"author":[{"embeddable":true,"href":"https:\/\/www.eldiario.net\/portal\/wp-json\/wp\/v2\/users\/1"}],"replies":[{"embeddable":true,"href":"https:\/\/www.eldiario.net\/portal\/wp-json\/wp\/v2\/comments?post=172348"}],"version-history":[{"count":0,"href":"https:\/\/www.eldiario.net\/portal\/wp-json\/wp\/v2\/posts\/172348\/revisions"}],"wp:featuredmedia":[{"embeddable":true,"href":"https:\/\/www.eldiario.net\/portal\/wp-json\/wp\/v2\/media\/172349"}],"wp:attachment":[{"href":"https:\/\/www.eldiario.net\/portal\/wp-json\/wp\/v2\/media?parent=172348"}],"wp:term":[{"taxonomy":"category","embeddable":true,"href":"https:\/\/www.eldiario.net\/portal\/wp-json\/wp\/v2\/categories?post=172348"},{"taxonomy":"post_tag","embeddable":true,"href":"https:\/\/www.eldiario.net\/portal\/wp-json\/wp\/v2\/tags?post=172348"}],"curies":[{"name":"wp","href":"https:\/\/api.w.org\/{rel}","templated":true}]}}