{"id":172345,"date":"2023-08-22T06:45:13","date_gmt":"2023-08-22T10:45:13","guid":{"rendered":"https:\/\/www.eldiario.net\/portal\/?p=172345"},"modified":"2023-08-22T06:45:13","modified_gmt":"2023-08-22T10:45:13","slug":"carretera-por-acuiferos-pone-en-riesgo-principal-fuente-de-agua-de-santa-cruz","status":"publish","type":"post","link":"https:\/\/www.eldiario.net\/portal\/2023\/08\/22\/carretera-por-acuiferos-pone-en-riesgo-principal-fuente-de-agua-de-santa-cruz\/","title":{"rendered":"Carretera por acu\u00edferos pone en riesgo principal fuente de agua de Santa Cruz"},"content":{"rendered":"<p>La construcci\u00f3n de la carretera Buena Vista-Las Cruces-Kil\u00f3metro 13, es motivo de controversia que ha derivado en un bloqueo que este lunes inicia su segunda semana y que es protagonizado por pobladores de tres municipios que piden a la Gobernaci\u00f3n cruce\u00f1a su ejecuci\u00f3n. La instituci\u00f3n departamental sostiene que no est\u00e1n en contra de esta obra, pero que debe haber un nuevo trazo en el tramo 2 (son cuatro en total) para evitar da\u00f1o al medio ambiente.<\/p>\n<p>Por su parte, desde la Administradora Boliviana de Carreteras (ABC), se sostiene que no hay un impedimento t\u00e9cnico ni legal para que no se cumpla con la construcci\u00f3n de esta v\u00eda y que adem\u00e1s ya se cuenta con la ficha medioambiental emitida desde el Ministerio de Medio Ambiente y Aguas.<\/p>\n<p>Pero \u00bfPor qu\u00e9 no debe ejecutarse la obra en ese recorrido en particular? De acuerdo al hidr\u00f3logo, Juan Carlos Sauma, esta carretera no puede ejecutarse en toda esa zona, porque el Parque Nacional Ambor\u00f3, la UCPN Guend\u00e1-Urub\u00f3, el Monumento Natural Espejillos y todas sus \u00e1reas de amortiguamiento, son fundamentales para conservar y tener las condiciones de dotar de agua a Santa Cruz y el \u00e1rea metropolitana.<\/p>\n<p>\u201cDa\u00f1ar esa zona significa poner en riesgo la principal fuente de agua de Santa Cruz y afectar a millones de bolivianos hoy y en el futuro\u201d, remarc\u00f3 el especialista.<\/p>\n<p>Esta carretera ya tiene un financiamiento aprobado de la CAF que, de acuerdo al hidr\u00f3logo Sauma, le mand\u00f3 una carta al gobierno el 29 de agosto del a\u00f1o pasado, dici\u00e9ndole con claridad \u201cque si no se cumplen sus salvaguardas ambientales y sociales, ellos no pueden seguir avanzando con el proyecto\u201d.<\/p>\n<p>\u201cEntonces, la obligaci\u00f3n del Gobierno era resolver las objeciones de la CAF. Lo que ha sucedido es que ahora, esas objeciones, se han intentado resolver por la v\u00eda de la fuerza\u201d, dijo recordando un intento de toma de la Gobernaci\u00f3n en octubre del a\u00f1o pasado para derogar la ley 208 de Creaci\u00f3n de la Unidad de Conservaci\u00f3n del Patrimonio natural Guend\u00e1-Urub\u00f3 y, ahora, los bloqueos.<\/p>\n<p>ALTERNATIVAS<\/p>\n<p>Seg\u00fan el hidr\u00f3logo Sauma hay varias alternativas para trazar el tramo 2, pero que en particular hay una que considera la m\u00e1s \u201cconservacionista\u201d y que se ha sido entregada con carta notariada en la notar\u00eda de fe p\u00fablica n\u00famero 16 de la ciudad de Santa Cruz de la Sierra, en donde se le dice a la ABC que hay una alternativa de m\u00e1xima conservaci\u00f3n hidrogeol\u00f3gica, de m\u00ednimo impacto ambiental y que \u201ces 62 millones de d\u00f3lares m\u00e1s barata que la propuesta que tiene el ABC\u201d. (Santa Cruz, con datos de Unitel)<\/p>\n","protected":false},"excerpt":{"rendered":"<p>La construcci\u00f3n de la carretera Buena Vista-Las Cruces-Kil\u00f3metro 13, es motivo de controversia que ha derivado en un bloqueo que este lunes inicia su segunda semana y que es protagonizado por pobladores de tres municipios que piden a la Gobernaci\u00f3n cruce\u00f1a su ejecuci\u00f3n. La instituci\u00f3n departamental sostiene que no est\u00e1n en contra de esta obra, [&hellip;]<\/p>\n","protected":false},"author":1,"featured_media":172346,"comment_status":"closed","ping_status":"open","sticky":false,"template":"","format":"standard","meta":{"_acf_changed":false,"footnotes":""},"categories":[12],"tags":[],"class_list":["post-172345","post","type-post","status-publish","format-standard","has-post-thumbnail","category-nacional"],"acf":{"antetitulo":""},"yoast_head":"<!-- This site is optimized with the Yoast SEO plugin v28.3 - https:\/\/yoast.com\/product\/yoast-seo-wordpress\/ -->\n<title>Carretera por acu\u00edferos pone en riesgo principal fuente de agua de Santa Cruz - El Diario - Bolivia<\/title>\n<meta name=\"robots\" content=\"index, follow, max-snippet:-1, max-image-preview:large, max-video-preview:-1\" \/>\n<link rel=\"canonical\" href=\"https:\/\/www.eldiario.net\/portal\/2023\/08\/22\/carretera-por-acuiferos-pone-en-riesgo-principal-fuente-de-agua-de-santa-cruz\/\" \/>\n<meta property=\"og:locale\" content=\"es_ES\" \/>\n<meta property=\"og:type\" content=\"article\" \/>\n<meta property=\"og:title\" content=\"Carretera por acu\u00edferos pone en riesgo principal fuente de agua de Santa Cruz - El Diario - Bolivia\" \/>\n<meta property=\"og:description\" content=\"La construcci\u00f3n de la carretera Buena Vista-Las Cruces-Kil\u00f3metro 13, es motivo de controversia que ha derivado en un bloqueo que este lunes inicia su segunda semana y que es protagonizado por pobladores de tres municipios que piden a la Gobernaci\u00f3n cruce\u00f1a su ejecuci\u00f3n. La instituci\u00f3n departamental sostiene que no est\u00e1n en contra de esta obra, [&hellip;]\" \/>\n<meta property=\"og:url\" content=\"https:\/\/www.eldiario.net\/portal\/2023\/08\/22\/carretera-por-acuiferos-pone-en-riesgo-principal-fuente-de-agua-de-santa-cruz\/\" \/>\n<meta property=\"og:site_name\" content=\"El Diario - Bolivia\" \/>\n<meta property=\"article:publisher\" content=\"https:\/\/www.facebook.com\/eldiario.bolivia\/\" \/>\n<meta property=\"article:published_time\" content=\"2023-08-22T10:45:13+00:00\" \/>\n<meta property=\"og:image\" content=\"https:\/\/www.eldiario.net\/portal\/wp-content\/uploads\/2023\/08\/FUENTE-FOTO.png\" \/>\n\t<meta property=\"og:image:width\" content=\"1020\" \/>\n\t<meta property=\"og:image:height\" content=\"680\" \/>\n\t<meta property=\"og:image:type\" content=\"image\/png\" \/>\n<meta name=\"author\" content=\"Jeanette\" \/>\n<meta name=\"twitter:card\" content=\"summary_large_image\" \/>\n<meta name=\"twitter:creator\" content=\"@eldiario_net\" \/>\n<meta name=\"twitter:site\" content=\"@eldiario_net\" \/>\n<meta name=\"twitter:label1\" content=\"Escrito por\" \/>\n\t<meta name=\"twitter:data1\" content=\"Jeanette\" \/>\n\t<meta name=\"twitter:label2\" content=\"Tiempo de lectura\" \/>\n\t<meta name=\"twitter:data2\" content=\"2 minutos\" \/>\n<script type=\"application\/ld+json\" class=\"yoast-schema-graph\">{\"@context\":\"https:\\\/\\\/schema.org\",\"@graph\":[{\"@type\":\"Article\",\"@id\":\"https:\\\/\\\/www.eldiario.net\\\/portal\\\/2023\\\/08\\\/22\\\/carretera-por-acuiferos-pone-en-riesgo-principal-fuente-de-agua-de-santa-cruz\\\/#article\",\"isPartOf\":{\"@id\":\"https:\\\/\\\/www.eldiario.net\\\/portal\\\/2023\\\/08\\\/22\\\/carretera-por-acuiferos-pone-en-riesgo-principal-fuente-de-agua-de-santa-cruz\\\/\"},\"author\":{\"name\":\"Jeanette\",\"@id\":\"https:\\\/\\\/www.eldiario.net\\\/portal\\\/#\\\/schema\\\/person\\\/f46445640444750d7d753ccd04ae01b7\"},\"headline\":\"Carretera por acu\u00edferos pone en riesgo principal fuente de agua de Santa Cruz\",\"datePublished\":\"2023-08-22T10:45:13+00:00\",\"mainEntityOfPage\":{\"@id\":\"https:\\\/\\\/www.eldiario.net\\\/portal\\\/2023\\\/08\\\/22\\\/carretera-por-acuiferos-pone-en-riesgo-principal-fuente-de-agua-de-santa-cruz\\\/\"},\"wordCount\":472,\"publisher\":{\"@id\":\"https:\\\/\\\/www.eldiario.net\\\/portal\\\/#organization\"},\"image\":{\"@id\":\"https:\\\/\\\/www.eldiario.net\\\/portal\\\/2023\\\/08\\\/22\\\/carretera-por-acuiferos-pone-en-riesgo-principal-fuente-de-agua-de-santa-cruz\\\/#primaryimage\"},\"thumbnailUrl\":\"https:\\\/\\\/www.eldiario.net\\\/portal\\\/wp-content\\\/uploads\\\/2023\\\/08\\\/FUENTE-FOTO.png\",\"articleSection\":[\"Nacional\"],\"inLanguage\":\"es\"},{\"@type\":\"WebPage\",\"@id\":\"https:\\\/\\\/www.eldiario.net\\\/portal\\\/2023\\\/08\\\/22\\\/carretera-por-acuiferos-pone-en-riesgo-principal-fuente-de-agua-de-santa-cruz\\\/\",\"url\":\"https:\\\/\\\/www.eldiario.net\\\/portal\\\/2023\\\/08\\\/22\\\/carretera-por-acuiferos-pone-en-riesgo-principal-fuente-de-agua-de-santa-cruz\\\/\",\"name\":\"Carretera por acu\u00edferos pone en riesgo principal fuente de agua de Santa Cruz - El Diario - Bolivia\",\"isPartOf\":{\"@id\":\"https:\\\/\\\/www.eldiario.net\\\/portal\\\/#website\"},\"primaryImageOfPage\":{\"@id\":\"https:\\\/\\\/www.eldiario.net\\\/portal\\\/2023\\\/08\\\/22\\\/carretera-por-acuiferos-pone-en-riesgo-principal-fuente-de-agua-de-santa-cruz\\\/#primaryimage\"},\"image\":{\"@id\":\"https:\\\/\\\/www.eldiario.net\\\/portal\\\/2023\\\/08\\\/22\\\/carretera-por-acuiferos-pone-en-riesgo-principal-fuente-de-agua-de-santa-cruz\\\/#primaryimage\"},\"thumbnailUrl\":\"https:\\\/\\\/www.eldiario.net\\\/portal\\\/wp-content\\\/uploads\\\/2023\\\/08\\\/FUENTE-FOTO.png\",\"datePublished\":\"2023-08-22T10:45:13+00:00\",\"breadcrumb\":{\"@id\":\"https:\\\/\\\/www.eldiario.net\\\/portal\\\/2023\\\/08\\\/22\\\/carretera-por-acuiferos-pone-en-riesgo-principal-fuente-de-agua-de-santa-cruz\\\/#breadcrumb\"},\"inLanguage\":\"es\",\"potentialAction\":[{\"@type\":\"ReadAction\",\"target\":[\"https:\\\/\\\/www.eldiario.net\\\/portal\\\/2023\\\/08\\\/22\\\/carretera-por-acuiferos-pone-en-riesgo-principal-fuente-de-agua-de-santa-cruz\\\/\"]}]},{\"@type\":\"ImageObject\",\"inLanguage\":\"es\",\"@id\":\"https:\\\/\\\/www.eldiario.net\\\/portal\\\/2023\\\/08\\\/22\\\/carretera-por-acuiferos-pone-en-riesgo-principal-fuente-de-agua-de-santa-cruz\\\/#primaryimage\",\"url\":\"https:\\\/\\\/www.eldiario.net\\\/portal\\\/wp-content\\\/uploads\\\/2023\\\/08\\\/FUENTE-FOTO.png\",\"contentUrl\":\"https:\\\/\\\/www.eldiario.net\\\/portal\\\/wp-content\\\/uploads\\\/2023\\\/08\\\/FUENTE-FOTO.png\",\"width\":1020,\"height\":680,\"caption\":\"EL MAPA MUESTRA LA PRIMERA ALTERNATIVA PARA LA CONSTRUCCI\u00d3N DEL TRAMO 2. FOTO: RRSS\"},{\"@type\":\"BreadcrumbList\",\"@id\":\"https:\\\/\\\/www.eldiario.net\\\/portal\\\/2023\\\/08\\\/22\\\/carretera-por-acuiferos-pone-en-riesgo-principal-fuente-de-agua-de-santa-cruz\\\/#breadcrumb\",\"itemListElement\":[{\"@type\":\"ListItem\",\"position\":1,\"name\":\"Portada\",\"item\":\"https:\\\/\\\/www.eldiario.net\\\/portal\\\/\"},{\"@type\":\"ListItem\",\"position\":2,\"name\":\"Carretera por acu\u00edferos pone en riesgo principal fuente de agua de Santa Cruz\"}]},{\"@type\":\"WebSite\",\"@id\":\"https:\\\/\\\/www.eldiario.net\\\/portal\\\/#website\",\"url\":\"https:\\\/\\\/www.eldiario.net\\\/portal\\\/\",\"name\":\"El Diario - Decano de la prensa nacional\",\"description\":\"El Diario - Decano de la prensa nacional\",\"publisher\":{\"@id\":\"https:\\\/\\\/www.eldiario.net\\\/portal\\\/#organization\"},\"potentialAction\":[{\"@type\":\"SearchAction\",\"target\":{\"@type\":\"EntryPoint\",\"urlTemplate\":\"https:\\\/\\\/www.eldiario.net\\\/portal\\\/?s={search_term_string}\"},\"query-input\":{\"@type\":\"PropertyValueSpecification\",\"valueRequired\":true,\"valueName\":\"search_term_string\"}}],\"inLanguage\":\"es\"},{\"@type\":\"Organization\",\"@id\":\"https:\\\/\\\/www.eldiario.net\\\/portal\\\/#organization\",\"name\":\"El Diario - Decano de la prensa nacional\",\"url\":\"https:\\\/\\\/www.eldiario.net\\\/portal\\\/\",\"logo\":{\"@type\":\"ImageObject\",\"inLanguage\":\"es\",\"@id\":\"https:\\\/\\\/www.eldiario.net\\\/portal\\\/#\\\/schema\\\/logo\\\/image\\\/\",\"url\":\"https:\\\/\\\/www.eldiario.net\\\/portal\\\/wp-content\\\/uploads\\\/2023\\\/07\\\/logo_ED.jpg\",\"contentUrl\":\"https:\\\/\\\/www.eldiario.net\\\/portal\\\/wp-content\\\/uploads\\\/2023\\\/07\\\/logo_ED.jpg\",\"width\":272,\"height\":52,\"caption\":\"El Diario - Decano de la prensa nacional\"},\"image\":{\"@id\":\"https:\\\/\\\/www.eldiario.net\\\/portal\\\/#\\\/schema\\\/logo\\\/image\\\/\"},\"sameAs\":[\"https:\\\/\\\/www.facebook.com\\\/eldiario.bolivia\\\/\",\"https:\\\/\\\/x.com\\\/eldiario_net\"]},{\"@type\":\"Person\",\"@id\":\"https:\\\/\\\/www.eldiario.net\\\/portal\\\/#\\\/schema\\\/person\\\/f46445640444750d7d753ccd04ae01b7\",\"name\":\"Jeanette\",\"image\":{\"@type\":\"ImageObject\",\"inLanguage\":\"es\",\"@id\":\"https:\\\/\\\/secure.gravatar.com\\\/avatar\\\/3ea2118a5f7dad2b7138b1187a6b7ee55f160b9968b66013c3a3ef39dd7e5798?s=96&d=mm&r=g\",\"url\":\"https:\\\/\\\/secure.gravatar.com\\\/avatar\\\/3ea2118a5f7dad2b7138b1187a6b7ee55f160b9968b66013c3a3ef39dd7e5798?s=96&d=mm&r=g\",\"contentUrl\":\"https:\\\/\\\/secure.gravatar.com\\\/avatar\\\/3ea2118a5f7dad2b7138b1187a6b7ee55f160b9968b66013c3a3ef39dd7e5798?s=96&d=mm&r=g\",\"caption\":\"Jeanette\"},\"sameAs\":[\"https:\\\/\\\/www.eldiario.net\\\/portal\"],\"url\":\"https:\\\/\\\/www.eldiario.net\\\/portal\\\/author\\\/jeanette\\\/\"}]}<\/script>\n<!-- \/ Yoast SEO plugin. -->","yoast_head_json":{"title":"Carretera por acu\u00edferos pone en riesgo principal fuente de agua de Santa Cruz - El Diario - Bolivia","robots":{"index":"index","follow":"follow","max-snippet":"max-snippet:-1","max-image-preview":"max-image-preview:large","max-video-preview":"max-video-preview:-1"},"canonical":"https:\/\/www.eldiario.net\/portal\/2023\/08\/22\/carretera-por-acuiferos-pone-en-riesgo-principal-fuente-de-agua-de-santa-cruz\/","og_locale":"es_ES","og_type":"article","og_title":"Carretera por acu\u00edferos pone en riesgo principal fuente de agua de Santa Cruz - El Diario - Bolivia","og_description":"La construcci\u00f3n de la carretera Buena Vista-Las Cruces-Kil\u00f3metro 13, es motivo de controversia que ha derivado en un bloqueo que este lunes inicia su segunda semana y que es protagonizado por pobladores de tres municipios que piden a la Gobernaci\u00f3n cruce\u00f1a su ejecuci\u00f3n. La instituci\u00f3n departamental sostiene que no est\u00e1n en contra de esta obra, [&hellip;]","og_url":"https:\/\/www.eldiario.net\/portal\/2023\/08\/22\/carretera-por-acuiferos-pone-en-riesgo-principal-fuente-de-agua-de-santa-cruz\/","og_site_name":"El Diario - Bolivia","article_publisher":"https:\/\/www.facebook.com\/eldiario.bolivia\/","article_published_time":"2023-08-22T10:45:13+00:00","og_image":[{"width":1020,"height":680,"url":"https:\/\/www.eldiario.net\/portal\/wp-content\/uploads\/2023\/08\/FUENTE-FOTO.png","type":"image\/png"}],"author":"Jeanette","twitter_card":"summary_large_image","twitter_creator":"@eldiario_net","twitter_site":"@eldiario_net","twitter_misc":{"Escrito por":"Jeanette","Tiempo de lectura":"2 minutos"},"schema":{"@context":"https:\/\/schema.org","@graph":[{"@type":"Article","@id":"https:\/\/www.eldiario.net\/portal\/2023\/08\/22\/carretera-por-acuiferos-pone-en-riesgo-principal-fuente-de-agua-de-santa-cruz\/#article","isPartOf":{"@id":"https:\/\/www.eldiario.net\/portal\/2023\/08\/22\/carretera-por-acuiferos-pone-en-riesgo-principal-fuente-de-agua-de-santa-cruz\/"},"author":{"name":"Jeanette","@id":"https:\/\/www.eldiario.net\/portal\/#\/schema\/person\/f46445640444750d7d753ccd04ae01b7"},"headline":"Carretera por acu\u00edferos pone en riesgo principal fuente de agua de Santa Cruz","datePublished":"2023-08-22T10:45:13+00:00","mainEntityOfPage":{"@id":"https:\/\/www.eldiario.net\/portal\/2023\/08\/22\/carretera-por-acuiferos-pone-en-riesgo-principal-fuente-de-agua-de-santa-cruz\/"},"wordCount":472,"publisher":{"@id":"https:\/\/www.eldiario.net\/portal\/#organization"},"image":{"@id":"https:\/\/www.eldiario.net\/portal\/2023\/08\/22\/carretera-por-acuiferos-pone-en-riesgo-principal-fuente-de-agua-de-santa-cruz\/#primaryimage"},"thumbnailUrl":"https:\/\/www.eldiario.net\/portal\/wp-content\/uploads\/2023\/08\/FUENTE-FOTO.png","articleSection":["Nacional"],"inLanguage":"es"},{"@type":"WebPage","@id":"https:\/\/www.eldiario.net\/portal\/2023\/08\/22\/carretera-por-acuiferos-pone-en-riesgo-principal-fuente-de-agua-de-santa-cruz\/","url":"https:\/\/www.eldiario.net\/portal\/2023\/08\/22\/carretera-por-acuiferos-pone-en-riesgo-principal-fuente-de-agua-de-santa-cruz\/","name":"Carretera por acu\u00edferos pone en riesgo principal fuente de agua de Santa Cruz - El Diario - Bolivia","isPartOf":{"@id":"https:\/\/www.eldiario.net\/portal\/#website"},"primaryImageOfPage":{"@id":"https:\/\/www.eldiario.net\/portal\/2023\/08\/22\/carretera-por-acuiferos-pone-en-riesgo-principal-fuente-de-agua-de-santa-cruz\/#primaryimage"},"image":{"@id":"https:\/\/www.eldiario.net\/portal\/2023\/08\/22\/carretera-por-acuiferos-pone-en-riesgo-principal-fuente-de-agua-de-santa-cruz\/#primaryimage"},"thumbnailUrl":"https:\/\/www.eldiario.net\/portal\/wp-content\/uploads\/2023\/08\/FUENTE-FOTO.png","datePublished":"2023-08-22T10:45:13+00:00","breadcrumb":{"@id":"https:\/\/www.eldiario.net\/portal\/2023\/08\/22\/carretera-por-acuiferos-pone-en-riesgo-principal-fuente-de-agua-de-santa-cruz\/#breadcrumb"},"inLanguage":"es","potentialAction":[{"@type":"ReadAction","target":["https:\/\/www.eldiario.net\/portal\/2023\/08\/22\/carretera-por-acuiferos-pone-en-riesgo-principal-fuente-de-agua-de-santa-cruz\/"]}]},{"@type":"ImageObject","inLanguage":"es","@id":"https:\/\/www.eldiario.net\/portal\/2023\/08\/22\/carretera-por-acuiferos-pone-en-riesgo-principal-fuente-de-agua-de-santa-cruz\/#primaryimage","url":"https:\/\/www.eldiario.net\/portal\/wp-content\/uploads\/2023\/08\/FUENTE-FOTO.png","contentUrl":"https:\/\/www.eldiario.net\/portal\/wp-content\/uploads\/2023\/08\/FUENTE-FOTO.png","width":1020,"height":680,"caption":"EL MAPA MUESTRA LA PRIMERA ALTERNATIVA PARA LA CONSTRUCCI\u00d3N DEL TRAMO 2. FOTO: RRSS"},{"@type":"BreadcrumbList","@id":"https:\/\/www.eldiario.net\/portal\/2023\/08\/22\/carretera-por-acuiferos-pone-en-riesgo-principal-fuente-de-agua-de-santa-cruz\/#breadcrumb","itemListElement":[{"@type":"ListItem","position":1,"name":"Portada","item":"https:\/\/www.eldiario.net\/portal\/"},{"@type":"ListItem","position":2,"name":"Carretera por acu\u00edferos pone en riesgo principal fuente de agua de Santa Cruz"}]},{"@type":"WebSite","@id":"https:\/\/www.eldiario.net\/portal\/#website","url":"https:\/\/www.eldiario.net\/portal\/","name":"El Diario - Decano de la prensa nacional","description":"El Diario - Decano de la prensa nacional","publisher":{"@id":"https:\/\/www.eldiario.net\/portal\/#organization"},"potentialAction":[{"@type":"SearchAction","target":{"@type":"EntryPoint","urlTemplate":"https:\/\/www.eldiario.net\/portal\/?s={search_term_string}"},"query-input":{"@type":"PropertyValueSpecification","valueRequired":true,"valueName":"search_term_string"}}],"inLanguage":"es"},{"@type":"Organization","@id":"https:\/\/www.eldiario.net\/portal\/#organization","name":"El Diario - Decano de la prensa nacional","url":"https:\/\/www.eldiario.net\/portal\/","logo":{"@type":"ImageObject","inLanguage":"es","@id":"https:\/\/www.eldiario.net\/portal\/#\/schema\/logo\/image\/","url":"https:\/\/www.eldiario.net\/portal\/wp-content\/uploads\/2023\/07\/logo_ED.jpg","contentUrl":"https:\/\/www.eldiario.net\/portal\/wp-content\/uploads\/2023\/07\/logo_ED.jpg","width":272,"height":52,"caption":"El Diario - Decano de la prensa nacional"},"image":{"@id":"https:\/\/www.eldiario.net\/portal\/#\/schema\/logo\/image\/"},"sameAs":["https:\/\/www.facebook.com\/eldiario.bolivia\/","https:\/\/x.com\/eldiario_net"]},{"@type":"Person","@id":"https:\/\/www.eldiario.net\/portal\/#\/schema\/person\/f46445640444750d7d753ccd04ae01b7","name":"Jeanette","image":{"@type":"ImageObject","inLanguage":"es","@id":"https:\/\/secure.gravatar.com\/avatar\/3ea2118a5f7dad2b7138b1187a6b7ee55f160b9968b66013c3a3ef39dd7e5798?s=96&d=mm&r=g","url":"https:\/\/secure.gravatar.com\/avatar\/3ea2118a5f7dad2b7138b1187a6b7ee55f160b9968b66013c3a3ef39dd7e5798?s=96&d=mm&r=g","contentUrl":"https:\/\/secure.gravatar.com\/avatar\/3ea2118a5f7dad2b7138b1187a6b7ee55f160b9968b66013c3a3ef39dd7e5798?s=96&d=mm&r=g","caption":"Jeanette"},"sameAs":["https:\/\/www.eldiario.net\/portal"],"url":"https:\/\/www.eldiario.net\/portal\/author\/jeanette\/"}]}},"_links":{"self":[{"href":"https:\/\/www.eldiario.net\/portal\/wp-json\/wp\/v2\/posts\/172345","targetHints":{"allow":["GET"]}}],"collection":[{"href":"https:\/\/www.eldiario.net\/portal\/wp-json\/wp\/v2\/posts"}],"about":[{"href":"https:\/\/www.eldiario.net\/portal\/wp-json\/wp\/v2\/types\/post"}],"author":[{"embeddable":true,"href":"https:\/\/www.eldiario.net\/portal\/wp-json\/wp\/v2\/users\/1"}],"replies":[{"embeddable":true,"href":"https:\/\/www.eldiario.net\/portal\/wp-json\/wp\/v2\/comments?post=172345"}],"version-history":[{"count":0,"href":"https:\/\/www.eldiario.net\/portal\/wp-json\/wp\/v2\/posts\/172345\/revisions"}],"wp:featuredmedia":[{"embeddable":true,"href":"https:\/\/www.eldiario.net\/portal\/wp-json\/wp\/v2\/media\/172346"}],"wp:attachment":[{"href":"https:\/\/www.eldiario.net\/portal\/wp-json\/wp\/v2\/media?parent=172345"}],"wp:term":[{"taxonomy":"category","embeddable":true,"href":"https:\/\/www.eldiario.net\/portal\/wp-json\/wp\/v2\/categories?post=172345"},{"taxonomy":"post_tag","embeddable":true,"href":"https:\/\/www.eldiario.net\/portal\/wp-json\/wp\/v2\/tags?post=172345"}],"curies":[{"name":"wp","href":"https:\/\/api.w.org\/{rel}","templated":true}]}}