{"id":172205,"date":"2023-08-21T07:15:28","date_gmt":"2023-08-21T11:15:28","guid":{"rendered":"https:\/\/www.eldiario.net\/portal\/?p=172205"},"modified":"2023-08-21T07:15:28","modified_gmt":"2023-08-21T11:15:28","slug":"experiencia-itaca-se-adentra-en-el-universo-de-blanca-wiethuchter","status":"publish","type":"post","link":"https:\/\/www.eldiario.net\/portal\/2023\/08\/21\/experiencia-itaca-se-adentra-en-el-universo-de-blanca-wiethuchter\/","title":{"rendered":"Experiencia \u00cdtaca se adentra en el  universo de Blanca Wieth\u00fcchter"},"content":{"rendered":"<p>El 25 y 26 de agosto se inicia en el teatro Do\u00f1a Albina de La Paz un viaje sensorial y art\u00edstico basado en el poema <em>\u00cdtaca <\/em>de Blanca Wieth\u00fcchter (1947-2004). Se trata de <strong>Experiencia \u00cdtaca<\/strong>, una propuesta del grupo <strong>La valija de Pen\u00e9lope<\/strong>, que a trav\u00e9s de tres componentes \u2014exhibici\u00f3n art\u00edstica, teatro sonoro y un material que promueve la participaci\u00f3n del p\u00fablico llamado Impulsos creativos\u2014 busca que el espectador se adentre en el universo de la poeta pace\u00f1a y, en particular, de su obra de 2000, <em>\u00cdtaca<\/em>.<\/p>\n<p>Pen\u00e9lope, la esposa que en <em>La Odisea<\/em> espera el retorno de Ulises, y que teje y desteje para evitar el acoso de otros hombres; con Blanca Wieth\u00fcchter es una mujer que escribe y reescribe su propia identidad, que cuestiona su ser y se reencuentra al destejer los roles impuestos y autoimpuestos.<\/p>\n<p>Esta Pen\u00e9lope es el centro de <strong>Experiencia \u00cdtaca<\/strong>, proyecto que obtuvo el apoyo del Fondo Concursable Municipal de las Culturas y las Artes (Focuart 2023).<\/p>\n<p>Luego del estreno est\u00e1n previstas, para este mismo a\u00f1o, presentaciones en establecimientos educativos. La primera ser\u00e1 el 14 de septiembre en el Colegio Alem\u00e1n. La juventud es el p\u00fablico con el que se pretende dialogar con <strong>Experiencia \u00cdtaca<\/strong>, menciona el bolet\u00edn de prensa de <strong>La valija de Pen\u00e9lope<\/strong>.<\/p>\n<p>Para 2024 se prev\u00e9 una gira nacional. Para que la experiencia sea completa, se ha logrado, en alianza con Santillana, la reedici\u00f3n del poemario, cuya primera edici\u00f3n est\u00e1 agotada. La nueva edici\u00f3n de <em>\u00cdtaca<\/em> fue presentada el 4 de agosto en la Feria Internacional del Libro de La Paz.<\/p>\n<p><strong>La exposici\u00f3n, el umbral de ingreso <\/strong><\/p>\n<p><strong>Experiencia \u00cdtaca<\/strong> incluye una exposici\u00f3n que en una primera secci\u00f3n presenta la obra literaria de la Grecia cl\u00e1sica, <em>La Odisea<\/em>, y sus personajes: el h\u00e9roe Ulises\/Odiseo, rey de \u00cdtaca, el personaje protag\u00f3nico que despu\u00e9s de vencer en la Guerra de Troya viaja de vuelta a casa durante 20 a\u00f1os viviendo aventuras, y Pen\u00e9lope, el arquetipo de la esposa que espera acongojada a su marido mientras teje y desteje una mortaja para evitar casarse con alguno de los pretendientes, quienes la asechan con intenci\u00f3n de desposarla, pues la asumen viuda.<\/p>\n<p>La transici\u00f3n a la segunda secci\u00f3n la da un objeto, una balanza de narrativas: en un platillo un volumen de <em>La Odisea<\/em> (de 480 p\u00e1ginas); en el otro un volumen de <em>\u00cdtaca<\/em> (de 48 p\u00e1ginas).<\/p>\n<p>La segunda secci\u00f3n muestra algunas im\u00e1genes del poemario. Un objeto: la m\u00e1quina de coser textos, y el bordado de un verso clave del poemario. Contin\u00faa con fotograf\u00edas, libros y objetos de Blanca Wieth\u00fcchter, cuya poes\u00eda fue tambi\u00e9n un viaje de autodescubrimiento.<\/p>\n<p>La tercera parte, interactiva, ofrece la urdimbre de un telar, papeles y marcadores, para que los visitantes escriban palabras y las \u201ctejan\u201d unas al lado de otras, revelando en la praxis principios compositivos de la poes\u00eda.<\/p>\n<p>La curadur\u00eda de la exposici\u00f3n est\u00e1 a cargo de Camila Molina Wieth\u00fcchter.<\/p>\n<p><strong>La obra de teatro, el viaje<\/strong><\/p>\n<p>Pen\u00e9lope es encarnada por Cristina Wayar. Ella, bajo la direcci\u00f3n de Roswitha Grisi \u2013 Huber, asume como la mujer individual, no el arquetipo, que propone la poeta y que durante tres d\u00edas y tres noches transita entre los objetos que le son cotidianos, que suenan, que evocan, que atestiguan el viaje personal de descubrimiento.<\/p>\n<p>Durante su traves\u00eda interior, po\u00e9tica, \u00e9tica y est\u00e9tica, Pen\u00e9lope, a trav\u00e9s del encuentro con el mar y la noche, \u201crecibe el don de la noche solar\u201d y entiende \u201cc\u00f3mo el amor se alza sobre el regreso\u201d y, entonces, es la \u201cPen\u00e9lope que ya no espera\u201d y que tiene ante s\u00ed un nuevo horizonte.<\/p>\n<p>Para que el sonido y el silencio que \u201cson escuchados\u201d en el texto po\u00e9tico se encarnen tambi\u00e9n, la escenograf\u00eda es sonora, resultado del trabajo de Canela Palacios, quien ha compuesto la m\u00fasica y creado objetos sonoros.<\/p>\n<p>La luz es esencial para el viaje \u00edntimo y es obra de Ignacio Loayza, como lo es el vestuario dise\u00f1ado por Amina Rojas.<\/p>\n<p><strong>Impulsos creativos, la participaci\u00f3n del p\u00fablico<\/strong><\/p>\n<p>A trav\u00e9s de un c\u00f3digo QR, el p\u00fablico que viva la \u201cExperiencia \u00cdtaca\u201d podr\u00e1 acceder gratuitamente a un \u00e1lbum que ofrece informaci\u00f3n para profundizar en la obra de Blanca Wieth\u00fcchter. Hay fragmentos de lecturas de cr\u00edticos literarios, tambi\u00e9n de la obra cl\u00e1sica griega. Hay adem\u00e1s algunas de las ilustraciones de la primera edici\u00f3n del poemario, as\u00ed como herramientas para su lectura en profundidad.<\/p>\n<p>Y, finalmente, se propone actividades para fomentar el pensamiento cr\u00edtico y el pensamiento creativo: La respuesta del p\u00fablico en redes sociales y participar as\u00ed del concurso en el que se premiar\u00e1 aquellas creaciones que despierten mayor interacci\u00f3n entre los lectores.<\/p>\n<p><strong>La valija de Pen\u00e9lope<\/strong><\/p>\n<p>Cuatro mujeres son responsables de <strong>Experiencia \u00cdtaca<\/strong>. El proceso de an\u00e1lisis, investigaci\u00f3n y propuesta esc\u00e9nica comenz\u00f3 en septiembre de 2022.<\/p>\n<p><strong>Roswitha Grisi \u2013 Huber<\/strong> (1957 St. Gallen, Suiza)<\/p>\n<p>Desde 1983 radica en Bolivia. Trabaj\u00f3 como profesora en el Colegio Alem\u00e1n y guiando tambi\u00e9n talleres de teatro para ni\u00f1os. Durante m\u00e1s de 20 a\u00f1os fue miembro del grupo de teatro alem\u00e1n \u201cBunte Bretter\u201d y desde 2003 es miembro de Coral Nova como gu\u00eda de voz. Ha publicado los libros infantiles \u201cLa bolita\u201d, \u201cLa media ch\u00b4ulla\u201d y el cuento \u201cEsperanza\u201d (2019) con la editorial Santillana.<\/p>\n<p><strong>Cristina Wayar Soux<\/strong> (La Paz, 1981)<\/p>\n<p>Artista con formaci\u00f3n en literatura, m\u00fasica y artes esc\u00e9nicas, ha sido int\u00e9rprete de m\u00fasica cl\u00e1sica, contempor\u00e1nea y popular, como cantante y flautista. Se desempe\u00f1a como cuentacuentos y profesora de teatro. Como actriz particip\u00f3 en la obra <em>La edad de la ciruela<\/em> y la pel\u00edcula <em>Los hijos del \u00faltimo jard\u00edn<\/em>. En 2021 estren\u00f3 la obra m\u00fasico-esc\u00e9nica <em>Perder el miedo<\/em>, de su autor\u00eda, y public\u00f3 el cuento <em>Manuelita en las nubes<\/em>.<\/p>\n<p><strong>Canela Palacios<\/strong> (La Paz, 1979)<\/p>\n<p>Es compositora. Estudi\u00f3 con Alberto Villalpando, Graciela Paraskeva\u00eddis, Cori\u00fan Aharoni\u00e1n y Cergio Prudencio, entre otros. En 2011 fund\u00f3 el espacio Casataller y en 2015 cre\u00f3 la Escuela de Composici\u00f3n, de la cual fue directora. Fue compositora e int\u00e9rprete del D\u00fao Abrelata. Es creadora y responsable del proyecto M\u00fasica Contempor\u00e1nea Boliviana. En 2020 public\u00f3 el disco de m\u00fasica popular <em>Sur<\/em>. Ha compuesto para ensambles de m\u00fasica contempor\u00e1nea de Bolivia y otros pa\u00edses. Ha colaborado en proyectos de danza, teatro, cine y performance.<\/p>\n<p><strong>Camila Molina Wieth\u00fcchter <\/strong>(La Paz, 1977)<\/p>\n<p>Tiene Licenciatura en Artes Visuales en la Universidad de Chile. Diplomado en Motion graphics y Posproducci\u00f3n de Cine en Image Campus Argentina. Ha diagramado varios libros y dise\u00f1ado afiches para cine y jornadas de m\u00fasica contempor\u00e1nea. Es directora creativa de la productora Color Monster, empresa dedicada a promover el desarrollo de pel\u00edculas y proyectos bolivianos, y docente de la Universidad Cat\u00f3lica Boliviana, carrera de Dise\u00f1o Digital. Produjo la pel\u00edcula <em>Chaco<\/em>, dirigida por Diego Mondaca, y se encuentra desarrollando otros proyectos como productora cinematogr\u00e1fica. Trabaja en el Fondo de Mujeres Bolivia como responsable de Comunicaci\u00f3n\u00a0Creativa.<\/p>\n<p><strong>EQUIPO HUMANO ART\u00cdSTICO, T\u00c9CNICO Y DE GESTI\u00d3N<\/strong><\/p>\n<p>Direcci\u00f3n: Roswitha Huber de Grisi<\/p>\n<p>Composici\u00f3n musical: Canela Palacios<\/p>\n<p>Interpretaci\u00f3n actoral: Cristina Wayar<\/p>\n<p>Curadur\u00eda de la exposici\u00f3n: Camila Molina<\/p>\n<p>Redacci\u00f3n de Impulsos creativos: Cristina Wayar<\/p>\n<p>Vestuario: Amina Rojas<\/p>\n<p>Iluminaci\u00f3n: Ignacio Loayza<\/p>\n<p>Comunicaci\u00f3n: Mabel Franco<\/p>\n<p>Dise\u00f1o gr\u00e1fico: Camila Molina<\/p>\n<p>Audiovisual: Ignacio Loayza<\/p>\n<p>Asistente de producci\u00f3n: Moema Beckmann<\/p>\n<p>Producci\u00f3n ejecutiva: Roswitha Huber de Grisi y Cristina Wayar<\/p>\n<p><strong><em>Para m\u00e1s informes:<\/em><\/strong> Mabel Franco, 70519310.<\/p>\n<p>El estreno de Experiencia \u00cdtaca es el viernes 25, a las 19:00, y el s\u00e1bado 26 de agosto, a las 16:00 y 19:00 horas, en el Teatro Do\u00f1a Albina, Espacio Sim\u00f3n I. Pati\u00f1o, ubicado en la avenida Ecuador y Rosendo Guti\u00e9rrez.<\/p>\n<p>Entradas: Preventa Bs 50. El d\u00eda de la funci\u00f3n Bs 60. Contacto: 69818925.<\/p>\n<div id='gallery-1' class='gallery galleryid-172205 gallery-columns-3 gallery-size-medium'><figure class='gallery-item'>\n\t\t\t<div class='gallery-icon landscape'>\n\t\t\t\t<a href='https:\/\/www.eldiario.net\/portal\/2023\/08\/21\/experiencia-itaca-se-adentra-en-el-universo-de-blanca-wiethuchter\/experiencia-2\/'><img loading=\"lazy\" decoding=\"async\" width=\"300\" height=\"150\" src=\"https:\/\/www.eldiario.net\/portal\/wp-content\/uploads\/2023\/08\/experiencia-2-300x150.jpg\" class=\"attachment-medium size-medium\" alt=\"\" srcset=\"https:\/\/www.eldiario.net\/portal\/wp-content\/uploads\/2023\/08\/experiencia-2-300x150.jpg 300w, https:\/\/www.eldiario.net\/portal\/wp-content\/uploads\/2023\/08\/experiencia-2-768x384.jpg 768w, https:\/\/www.eldiario.net\/portal\/wp-content\/uploads\/2023\/08\/experiencia-2-696x348.jpg 696w, https:\/\/www.eldiario.net\/portal\/wp-content\/uploads\/2023\/08\/experiencia-2.jpg 1000w\" sizes=\"auto, (max-width: 300px) 100vw, 300px\" \/><\/a>\n\t\t\t<\/div><\/figure><figure class='gallery-item'>\n\t\t\t<div class='gallery-icon landscape'>\n\t\t\t\t<a href='https:\/\/www.eldiario.net\/portal\/2023\/08\/21\/experiencia-itaca-se-adentra-en-el-universo-de-blanca-wiethuchter\/experiencia-3\/'><img loading=\"lazy\" decoding=\"async\" width=\"300\" height=\"150\" src=\"https:\/\/www.eldiario.net\/portal\/wp-content\/uploads\/2023\/08\/experiencia-3-300x150.jpg\" class=\"attachment-medium size-medium\" alt=\"\" srcset=\"https:\/\/www.eldiario.net\/portal\/wp-content\/uploads\/2023\/08\/experiencia-3-300x150.jpg 300w, https:\/\/www.eldiario.net\/portal\/wp-content\/uploads\/2023\/08\/experiencia-3-768x384.jpg 768w, https:\/\/www.eldiario.net\/portal\/wp-content\/uploads\/2023\/08\/experiencia-3-696x348.jpg 696w, https:\/\/www.eldiario.net\/portal\/wp-content\/uploads\/2023\/08\/experiencia-3.jpg 1000w\" sizes=\"auto, (max-width: 300px) 100vw, 300px\" \/><\/a>\n\t\t\t<\/div><\/figure><figure class='gallery-item'>\n\t\t\t<div class='gallery-icon landscape'>\n\t\t\t\t<a href='https:\/\/www.eldiario.net\/portal\/2023\/08\/21\/experiencia-itaca-se-adentra-en-el-universo-de-blanca-wiethuchter\/experiencia-1principal\/'><img loading=\"lazy\" decoding=\"async\" width=\"300\" height=\"150\" src=\"https:\/\/www.eldiario.net\/portal\/wp-content\/uploads\/2023\/08\/experiencia-1PRINCIPAL-300x150.jpg\" class=\"attachment-medium size-medium\" alt=\"\" srcset=\"https:\/\/www.eldiario.net\/portal\/wp-content\/uploads\/2023\/08\/experiencia-1PRINCIPAL-300x150.jpg 300w, https:\/\/www.eldiario.net\/portal\/wp-content\/uploads\/2023\/08\/experiencia-1PRINCIPAL-768x384.jpg 768w, https:\/\/www.eldiario.net\/portal\/wp-content\/uploads\/2023\/08\/experiencia-1PRINCIPAL-696x348.jpg 696w, https:\/\/www.eldiario.net\/portal\/wp-content\/uploads\/2023\/08\/experiencia-1PRINCIPAL.jpg 1000w\" sizes=\"auto, (max-width: 300px) 100vw, 300px\" \/><\/a>\n\t\t\t<\/div><\/figure>\n\t\t<\/div>\n\n","protected":false},"excerpt":{"rendered":"<p>El 25 y 26 de agosto se inicia en el teatro Do\u00f1a Albina de La Paz un viaje sensorial y art\u00edstico basado en el poema \u00cdtaca de Blanca Wieth\u00fcchter (1947-2004). Se trata de Experiencia \u00cdtaca, una propuesta del grupo La valija de Pen\u00e9lope, que a trav\u00e9s de tres componentes \u2014exhibici\u00f3n art\u00edstica, teatro sonoro y un [&hellip;]<\/p>\n","protected":false},"author":1,"featured_media":172208,"comment_status":"closed","ping_status":"open","sticky":false,"template":"","format":"standard","meta":{"_acf_changed":false,"footnotes":""},"categories":[41],"tags":[],"class_list":["post-172205","post","type-post","status-publish","format-standard","has-post-thumbnail","category-la-guia"],"acf":{"antetitulo":""},"yoast_head":"<!-- This site is optimized with the Yoast SEO plugin v28.3 - https:\/\/yoast.com\/product\/yoast-seo-wordpress\/ -->\n<title>Experiencia \u00cdtaca se adentra en el universo de Blanca Wieth\u00fcchter - El Diario - Bolivia<\/title>\n<meta name=\"robots\" content=\"index, follow, max-snippet:-1, max-image-preview:large, max-video-preview:-1\" \/>\n<link rel=\"canonical\" href=\"https:\/\/www.eldiario.net\/portal\/2023\/08\/21\/experiencia-itaca-se-adentra-en-el-universo-de-blanca-wiethuchter\/\" \/>\n<meta property=\"og:locale\" content=\"es_ES\" \/>\n<meta property=\"og:type\" content=\"article\" \/>\n<meta property=\"og:title\" content=\"Experiencia \u00cdtaca se adentra en el universo de Blanca Wieth\u00fcchter - El Diario - Bolivia\" \/>\n<meta property=\"og:description\" content=\"El 25 y 26 de agosto se inicia en el teatro Do\u00f1a Albina de La Paz un viaje sensorial y art\u00edstico basado en el poema \u00cdtaca de Blanca Wieth\u00fcchter (1947-2004). Se trata de Experiencia \u00cdtaca, una propuesta del grupo La valija de Pen\u00e9lope, que a trav\u00e9s de tres componentes \u2014exhibici\u00f3n art\u00edstica, teatro sonoro y un [&hellip;]\" \/>\n<meta property=\"og:url\" content=\"https:\/\/www.eldiario.net\/portal\/2023\/08\/21\/experiencia-itaca-se-adentra-en-el-universo-de-blanca-wiethuchter\/\" \/>\n<meta property=\"og:site_name\" content=\"El Diario - Bolivia\" \/>\n<meta property=\"article:publisher\" content=\"https:\/\/www.facebook.com\/eldiario.bolivia\/\" \/>\n<meta property=\"article:published_time\" content=\"2023-08-21T11:15:28+00:00\" \/>\n<meta property=\"og:image\" content=\"https:\/\/www.eldiario.net\/portal\/wp-content\/uploads\/2023\/08\/experiencia-1PRINCIPAL.jpg\" \/>\n\t<meta property=\"og:image:width\" content=\"1000\" \/>\n\t<meta property=\"og:image:height\" content=\"500\" \/>\n\t<meta property=\"og:image:type\" content=\"image\/jpeg\" \/>\n<meta name=\"author\" content=\"Jeanette\" \/>\n<meta name=\"twitter:card\" content=\"summary_large_image\" \/>\n<meta name=\"twitter:creator\" content=\"@eldiario_net\" \/>\n<meta name=\"twitter:site\" content=\"@eldiario_net\" \/>\n<meta name=\"twitter:label1\" content=\"Escrito por\" \/>\n\t<meta name=\"twitter:data1\" content=\"Jeanette\" \/>\n\t<meta name=\"twitter:label2\" content=\"Tiempo de lectura\" \/>\n\t<meta name=\"twitter:data2\" content=\"6 minutos\" \/>\n<script type=\"application\/ld+json\" class=\"yoast-schema-graph\">{\"@context\":\"https:\\\/\\\/schema.org\",\"@graph\":[{\"@type\":\"Article\",\"@id\":\"https:\\\/\\\/www.eldiario.net\\\/portal\\\/2023\\\/08\\\/21\\\/experiencia-itaca-se-adentra-en-el-universo-de-blanca-wiethuchter\\\/#article\",\"isPartOf\":{\"@id\":\"https:\\\/\\\/www.eldiario.net\\\/portal\\\/2023\\\/08\\\/21\\\/experiencia-itaca-se-adentra-en-el-universo-de-blanca-wiethuchter\\\/\"},\"author\":{\"name\":\"Jeanette\",\"@id\":\"https:\\\/\\\/www.eldiario.net\\\/portal\\\/#\\\/schema\\\/person\\\/f46445640444750d7d753ccd04ae01b7\"},\"headline\":\"Experiencia \u00cdtaca se adentra en el universo de Blanca Wieth\u00fcchter\",\"datePublished\":\"2023-08-21T11:15:28+00:00\",\"mainEntityOfPage\":{\"@id\":\"https:\\\/\\\/www.eldiario.net\\\/portal\\\/2023\\\/08\\\/21\\\/experiencia-itaca-se-adentra-en-el-universo-de-blanca-wiethuchter\\\/\"},\"wordCount\":1372,\"publisher\":{\"@id\":\"https:\\\/\\\/www.eldiario.net\\\/portal\\\/#organization\"},\"image\":{\"@id\":\"https:\\\/\\\/www.eldiario.net\\\/portal\\\/2023\\\/08\\\/21\\\/experiencia-itaca-se-adentra-en-el-universo-de-blanca-wiethuchter\\\/#primaryimage\"},\"thumbnailUrl\":\"https:\\\/\\\/www.eldiario.net\\\/portal\\\/wp-content\\\/uploads\\\/2023\\\/08\\\/experiencia-1PRINCIPAL.jpg\",\"articleSection\":[\"La Gu\u00eda\"],\"inLanguage\":\"es\"},{\"@type\":\"WebPage\",\"@id\":\"https:\\\/\\\/www.eldiario.net\\\/portal\\\/2023\\\/08\\\/21\\\/experiencia-itaca-se-adentra-en-el-universo-de-blanca-wiethuchter\\\/\",\"url\":\"https:\\\/\\\/www.eldiario.net\\\/portal\\\/2023\\\/08\\\/21\\\/experiencia-itaca-se-adentra-en-el-universo-de-blanca-wiethuchter\\\/\",\"name\":\"Experiencia \u00cdtaca se adentra en el universo de Blanca Wieth\u00fcchter - El Diario - Bolivia\",\"isPartOf\":{\"@id\":\"https:\\\/\\\/www.eldiario.net\\\/portal\\\/#website\"},\"primaryImageOfPage\":{\"@id\":\"https:\\\/\\\/www.eldiario.net\\\/portal\\\/2023\\\/08\\\/21\\\/experiencia-itaca-se-adentra-en-el-universo-de-blanca-wiethuchter\\\/#primaryimage\"},\"image\":{\"@id\":\"https:\\\/\\\/www.eldiario.net\\\/portal\\\/2023\\\/08\\\/21\\\/experiencia-itaca-se-adentra-en-el-universo-de-blanca-wiethuchter\\\/#primaryimage\"},\"thumbnailUrl\":\"https:\\\/\\\/www.eldiario.net\\\/portal\\\/wp-content\\\/uploads\\\/2023\\\/08\\\/experiencia-1PRINCIPAL.jpg\",\"datePublished\":\"2023-08-21T11:15:28+00:00\",\"breadcrumb\":{\"@id\":\"https:\\\/\\\/www.eldiario.net\\\/portal\\\/2023\\\/08\\\/21\\\/experiencia-itaca-se-adentra-en-el-universo-de-blanca-wiethuchter\\\/#breadcrumb\"},\"inLanguage\":\"es\",\"potentialAction\":[{\"@type\":\"ReadAction\",\"target\":[\"https:\\\/\\\/www.eldiario.net\\\/portal\\\/2023\\\/08\\\/21\\\/experiencia-itaca-se-adentra-en-el-universo-de-blanca-wiethuchter\\\/\"]}]},{\"@type\":\"ImageObject\",\"inLanguage\":\"es\",\"@id\":\"https:\\\/\\\/www.eldiario.net\\\/portal\\\/2023\\\/08\\\/21\\\/experiencia-itaca-se-adentra-en-el-universo-de-blanca-wiethuchter\\\/#primaryimage\",\"url\":\"https:\\\/\\\/www.eldiario.net\\\/portal\\\/wp-content\\\/uploads\\\/2023\\\/08\\\/experiencia-1PRINCIPAL.jpg\",\"contentUrl\":\"https:\\\/\\\/www.eldiario.net\\\/portal\\\/wp-content\\\/uploads\\\/2023\\\/08\\\/experiencia-1PRINCIPAL.jpg\",\"width\":1000,\"height\":500},{\"@type\":\"BreadcrumbList\",\"@id\":\"https:\\\/\\\/www.eldiario.net\\\/portal\\\/2023\\\/08\\\/21\\\/experiencia-itaca-se-adentra-en-el-universo-de-blanca-wiethuchter\\\/#breadcrumb\",\"itemListElement\":[{\"@type\":\"ListItem\",\"position\":1,\"name\":\"Portada\",\"item\":\"https:\\\/\\\/www.eldiario.net\\\/portal\\\/\"},{\"@type\":\"ListItem\",\"position\":2,\"name\":\"Experiencia \u00cdtaca se adentra en el universo de Blanca Wieth\u00fcchter\"}]},{\"@type\":\"WebSite\",\"@id\":\"https:\\\/\\\/www.eldiario.net\\\/portal\\\/#website\",\"url\":\"https:\\\/\\\/www.eldiario.net\\\/portal\\\/\",\"name\":\"El Diario - Decano de la prensa nacional\",\"description\":\"El Diario - Decano de la prensa nacional\",\"publisher\":{\"@id\":\"https:\\\/\\\/www.eldiario.net\\\/portal\\\/#organization\"},\"potentialAction\":[{\"@type\":\"SearchAction\",\"target\":{\"@type\":\"EntryPoint\",\"urlTemplate\":\"https:\\\/\\\/www.eldiario.net\\\/portal\\\/?s={search_term_string}\"},\"query-input\":{\"@type\":\"PropertyValueSpecification\",\"valueRequired\":true,\"valueName\":\"search_term_string\"}}],\"inLanguage\":\"es\"},{\"@type\":\"Organization\",\"@id\":\"https:\\\/\\\/www.eldiario.net\\\/portal\\\/#organization\",\"name\":\"El Diario - Decano de la prensa nacional\",\"url\":\"https:\\\/\\\/www.eldiario.net\\\/portal\\\/\",\"logo\":{\"@type\":\"ImageObject\",\"inLanguage\":\"es\",\"@id\":\"https:\\\/\\\/www.eldiario.net\\\/portal\\\/#\\\/schema\\\/logo\\\/image\\\/\",\"url\":\"https:\\\/\\\/www.eldiario.net\\\/portal\\\/wp-content\\\/uploads\\\/2023\\\/07\\\/logo_ED.jpg\",\"contentUrl\":\"https:\\\/\\\/www.eldiario.net\\\/portal\\\/wp-content\\\/uploads\\\/2023\\\/07\\\/logo_ED.jpg\",\"width\":272,\"height\":52,\"caption\":\"El Diario - Decano de la prensa nacional\"},\"image\":{\"@id\":\"https:\\\/\\\/www.eldiario.net\\\/portal\\\/#\\\/schema\\\/logo\\\/image\\\/\"},\"sameAs\":[\"https:\\\/\\\/www.facebook.com\\\/eldiario.bolivia\\\/\",\"https:\\\/\\\/x.com\\\/eldiario_net\"]},{\"@type\":\"Person\",\"@id\":\"https:\\\/\\\/www.eldiario.net\\\/portal\\\/#\\\/schema\\\/person\\\/f46445640444750d7d753ccd04ae01b7\",\"name\":\"Jeanette\",\"image\":{\"@type\":\"ImageObject\",\"inLanguage\":\"es\",\"@id\":\"https:\\\/\\\/secure.gravatar.com\\\/avatar\\\/3ea2118a5f7dad2b7138b1187a6b7ee55f160b9968b66013c3a3ef39dd7e5798?s=96&d=mm&r=g\",\"url\":\"https:\\\/\\\/secure.gravatar.com\\\/avatar\\\/3ea2118a5f7dad2b7138b1187a6b7ee55f160b9968b66013c3a3ef39dd7e5798?s=96&d=mm&r=g\",\"contentUrl\":\"https:\\\/\\\/secure.gravatar.com\\\/avatar\\\/3ea2118a5f7dad2b7138b1187a6b7ee55f160b9968b66013c3a3ef39dd7e5798?s=96&d=mm&r=g\",\"caption\":\"Jeanette\"},\"sameAs\":[\"https:\\\/\\\/www.eldiario.net\\\/portal\"],\"url\":\"https:\\\/\\\/www.eldiario.net\\\/portal\\\/author\\\/jeanette\\\/\"}]}<\/script>\n<!-- \/ Yoast SEO plugin. -->","yoast_head_json":{"title":"Experiencia \u00cdtaca se adentra en el universo de Blanca Wieth\u00fcchter - El Diario - Bolivia","robots":{"index":"index","follow":"follow","max-snippet":"max-snippet:-1","max-image-preview":"max-image-preview:large","max-video-preview":"max-video-preview:-1"},"canonical":"https:\/\/www.eldiario.net\/portal\/2023\/08\/21\/experiencia-itaca-se-adentra-en-el-universo-de-blanca-wiethuchter\/","og_locale":"es_ES","og_type":"article","og_title":"Experiencia \u00cdtaca se adentra en el universo de Blanca Wieth\u00fcchter - El Diario - Bolivia","og_description":"El 25 y 26 de agosto se inicia en el teatro Do\u00f1a Albina de La Paz un viaje sensorial y art\u00edstico basado en el poema \u00cdtaca de Blanca Wieth\u00fcchter (1947-2004). Se trata de Experiencia \u00cdtaca, una propuesta del grupo La valija de Pen\u00e9lope, que a trav\u00e9s de tres componentes \u2014exhibici\u00f3n art\u00edstica, teatro sonoro y un [&hellip;]","og_url":"https:\/\/www.eldiario.net\/portal\/2023\/08\/21\/experiencia-itaca-se-adentra-en-el-universo-de-blanca-wiethuchter\/","og_site_name":"El Diario - Bolivia","article_publisher":"https:\/\/www.facebook.com\/eldiario.bolivia\/","article_published_time":"2023-08-21T11:15:28+00:00","og_image":[{"width":1000,"height":500,"url":"https:\/\/www.eldiario.net\/portal\/wp-content\/uploads\/2023\/08\/experiencia-1PRINCIPAL.jpg","type":"image\/jpeg"}],"author":"Jeanette","twitter_card":"summary_large_image","twitter_creator":"@eldiario_net","twitter_site":"@eldiario_net","twitter_misc":{"Escrito por":"Jeanette","Tiempo de lectura":"6 minutos"},"schema":{"@context":"https:\/\/schema.org","@graph":[{"@type":"Article","@id":"https:\/\/www.eldiario.net\/portal\/2023\/08\/21\/experiencia-itaca-se-adentra-en-el-universo-de-blanca-wiethuchter\/#article","isPartOf":{"@id":"https:\/\/www.eldiario.net\/portal\/2023\/08\/21\/experiencia-itaca-se-adentra-en-el-universo-de-blanca-wiethuchter\/"},"author":{"name":"Jeanette","@id":"https:\/\/www.eldiario.net\/portal\/#\/schema\/person\/f46445640444750d7d753ccd04ae01b7"},"headline":"Experiencia \u00cdtaca se adentra en el universo de Blanca Wieth\u00fcchter","datePublished":"2023-08-21T11:15:28+00:00","mainEntityOfPage":{"@id":"https:\/\/www.eldiario.net\/portal\/2023\/08\/21\/experiencia-itaca-se-adentra-en-el-universo-de-blanca-wiethuchter\/"},"wordCount":1372,"publisher":{"@id":"https:\/\/www.eldiario.net\/portal\/#organization"},"image":{"@id":"https:\/\/www.eldiario.net\/portal\/2023\/08\/21\/experiencia-itaca-se-adentra-en-el-universo-de-blanca-wiethuchter\/#primaryimage"},"thumbnailUrl":"https:\/\/www.eldiario.net\/portal\/wp-content\/uploads\/2023\/08\/experiencia-1PRINCIPAL.jpg","articleSection":["La Gu\u00eda"],"inLanguage":"es"},{"@type":"WebPage","@id":"https:\/\/www.eldiario.net\/portal\/2023\/08\/21\/experiencia-itaca-se-adentra-en-el-universo-de-blanca-wiethuchter\/","url":"https:\/\/www.eldiario.net\/portal\/2023\/08\/21\/experiencia-itaca-se-adentra-en-el-universo-de-blanca-wiethuchter\/","name":"Experiencia \u00cdtaca se adentra en el universo de Blanca Wieth\u00fcchter - El Diario - Bolivia","isPartOf":{"@id":"https:\/\/www.eldiario.net\/portal\/#website"},"primaryImageOfPage":{"@id":"https:\/\/www.eldiario.net\/portal\/2023\/08\/21\/experiencia-itaca-se-adentra-en-el-universo-de-blanca-wiethuchter\/#primaryimage"},"image":{"@id":"https:\/\/www.eldiario.net\/portal\/2023\/08\/21\/experiencia-itaca-se-adentra-en-el-universo-de-blanca-wiethuchter\/#primaryimage"},"thumbnailUrl":"https:\/\/www.eldiario.net\/portal\/wp-content\/uploads\/2023\/08\/experiencia-1PRINCIPAL.jpg","datePublished":"2023-08-21T11:15:28+00:00","breadcrumb":{"@id":"https:\/\/www.eldiario.net\/portal\/2023\/08\/21\/experiencia-itaca-se-adentra-en-el-universo-de-blanca-wiethuchter\/#breadcrumb"},"inLanguage":"es","potentialAction":[{"@type":"ReadAction","target":["https:\/\/www.eldiario.net\/portal\/2023\/08\/21\/experiencia-itaca-se-adentra-en-el-universo-de-blanca-wiethuchter\/"]}]},{"@type":"ImageObject","inLanguage":"es","@id":"https:\/\/www.eldiario.net\/portal\/2023\/08\/21\/experiencia-itaca-se-adentra-en-el-universo-de-blanca-wiethuchter\/#primaryimage","url":"https:\/\/www.eldiario.net\/portal\/wp-content\/uploads\/2023\/08\/experiencia-1PRINCIPAL.jpg","contentUrl":"https:\/\/www.eldiario.net\/portal\/wp-content\/uploads\/2023\/08\/experiencia-1PRINCIPAL.jpg","width":1000,"height":500},{"@type":"BreadcrumbList","@id":"https:\/\/www.eldiario.net\/portal\/2023\/08\/21\/experiencia-itaca-se-adentra-en-el-universo-de-blanca-wiethuchter\/#breadcrumb","itemListElement":[{"@type":"ListItem","position":1,"name":"Portada","item":"https:\/\/www.eldiario.net\/portal\/"},{"@type":"ListItem","position":2,"name":"Experiencia \u00cdtaca se adentra en el universo de Blanca Wieth\u00fcchter"}]},{"@type":"WebSite","@id":"https:\/\/www.eldiario.net\/portal\/#website","url":"https:\/\/www.eldiario.net\/portal\/","name":"El Diario - Decano de la prensa nacional","description":"El Diario - Decano de la prensa nacional","publisher":{"@id":"https:\/\/www.eldiario.net\/portal\/#organization"},"potentialAction":[{"@type":"SearchAction","target":{"@type":"EntryPoint","urlTemplate":"https:\/\/www.eldiario.net\/portal\/?s={search_term_string}"},"query-input":{"@type":"PropertyValueSpecification","valueRequired":true,"valueName":"search_term_string"}}],"inLanguage":"es"},{"@type":"Organization","@id":"https:\/\/www.eldiario.net\/portal\/#organization","name":"El Diario - Decano de la prensa nacional","url":"https:\/\/www.eldiario.net\/portal\/","logo":{"@type":"ImageObject","inLanguage":"es","@id":"https:\/\/www.eldiario.net\/portal\/#\/schema\/logo\/image\/","url":"https:\/\/www.eldiario.net\/portal\/wp-content\/uploads\/2023\/07\/logo_ED.jpg","contentUrl":"https:\/\/www.eldiario.net\/portal\/wp-content\/uploads\/2023\/07\/logo_ED.jpg","width":272,"height":52,"caption":"El Diario - Decano de la prensa nacional"},"image":{"@id":"https:\/\/www.eldiario.net\/portal\/#\/schema\/logo\/image\/"},"sameAs":["https:\/\/www.facebook.com\/eldiario.bolivia\/","https:\/\/x.com\/eldiario_net"]},{"@type":"Person","@id":"https:\/\/www.eldiario.net\/portal\/#\/schema\/person\/f46445640444750d7d753ccd04ae01b7","name":"Jeanette","image":{"@type":"ImageObject","inLanguage":"es","@id":"https:\/\/secure.gravatar.com\/avatar\/3ea2118a5f7dad2b7138b1187a6b7ee55f160b9968b66013c3a3ef39dd7e5798?s=96&d=mm&r=g","url":"https:\/\/secure.gravatar.com\/avatar\/3ea2118a5f7dad2b7138b1187a6b7ee55f160b9968b66013c3a3ef39dd7e5798?s=96&d=mm&r=g","contentUrl":"https:\/\/secure.gravatar.com\/avatar\/3ea2118a5f7dad2b7138b1187a6b7ee55f160b9968b66013c3a3ef39dd7e5798?s=96&d=mm&r=g","caption":"Jeanette"},"sameAs":["https:\/\/www.eldiario.net\/portal"],"url":"https:\/\/www.eldiario.net\/portal\/author\/jeanette\/"}]}},"_links":{"self":[{"href":"https:\/\/www.eldiario.net\/portal\/wp-json\/wp\/v2\/posts\/172205","targetHints":{"allow":["GET"]}}],"collection":[{"href":"https:\/\/www.eldiario.net\/portal\/wp-json\/wp\/v2\/posts"}],"about":[{"href":"https:\/\/www.eldiario.net\/portal\/wp-json\/wp\/v2\/types\/post"}],"author":[{"embeddable":true,"href":"https:\/\/www.eldiario.net\/portal\/wp-json\/wp\/v2\/users\/1"}],"replies":[{"embeddable":true,"href":"https:\/\/www.eldiario.net\/portal\/wp-json\/wp\/v2\/comments?post=172205"}],"version-history":[{"count":0,"href":"https:\/\/www.eldiario.net\/portal\/wp-json\/wp\/v2\/posts\/172205\/revisions"}],"wp:featuredmedia":[{"embeddable":true,"href":"https:\/\/www.eldiario.net\/portal\/wp-json\/wp\/v2\/media\/172208"}],"wp:attachment":[{"href":"https:\/\/www.eldiario.net\/portal\/wp-json\/wp\/v2\/media?parent=172205"}],"wp:term":[{"taxonomy":"category","embeddable":true,"href":"https:\/\/www.eldiario.net\/portal\/wp-json\/wp\/v2\/categories?post=172205"},{"taxonomy":"post_tag","embeddable":true,"href":"https:\/\/www.eldiario.net\/portal\/wp-json\/wp\/v2\/tags?post=172205"}],"curies":[{"name":"wp","href":"https:\/\/api.w.org\/{rel}","templated":true}]}}