{"id":172202,"date":"2023-08-21T07:11:19","date_gmt":"2023-08-21T11:11:19","guid":{"rendered":"https:\/\/www.eldiario.net\/portal\/?p=172202"},"modified":"2023-08-21T07:11:19","modified_gmt":"2023-08-21T11:11:19","slug":"choferes-amenazan-con-no-pagar-peajes-en-todo-el-pais","status":"publish","type":"post","link":"https:\/\/www.eldiario.net\/portal\/2023\/08\/21\/choferes-amenazan-con-no-pagar-peajes-en-todo-el-pais\/","title":{"rendered":"Choferes amenazan con no  pagar peajes en todo el pa\u00eds"},"content":{"rendered":"<p>Al cumplirse ayer el s\u00e9ptimo d\u00eda del bloqueo en Buena Vista, Santa Cruz, los choferes del transporte pesado que est\u00e1n varados se\u00f1alaron que no pagar\u00e1n m\u00e1s peajes en todo el pa\u00eds, hasta que no se d\u00e9 soluci\u00f3n al conflicto sobre la construcci\u00f3n de la carretera Buena Vista &#8211; Las Cruces &#8211; Santa Cruz.<br \/>\nLos pobladores que instalaron la medida de presi\u00f3n se\u00f1alan que no dar\u00e1n m\u00e1s \u201ccuartos intermedios\u201d para que avancen los veh\u00edculos.<br \/>\n\u201cLos que estamos en este punto de bloqueo estamos perjudicados bastantes d\u00edas. Hemos decidido no pagar peajes a nivel nacional y tambi\u00e9n compa\u00f1eros que est\u00e1n en otros lugares, les pedimos que no paguen peajes\u201d, se\u00f1al\u00f3 Alfredo Ch\u00e1vez, representante de los choferes afectados en Buena Vista.<br \/>\nLos transportistas adem\u00e1s reclaman que su dirigencia no se moviliza para buscar una soluci\u00f3n que les permita trabajar sin interrupciones, por lo que plantean desconocerlos.<br \/>\n\u201dVamos a desconocer a los dirigentes\u201d, gritaba un grupo de transportistas.<br \/>\nEl bloqueo en Buena Vista se inici\u00f3 el lunes pasado. Los movilizados exigen la construcci\u00f3n de la carretera Buena Vista &#8211; Las Cruces &#8211; Santa Cruz; sin embargo, la Gobernaci\u00f3n sostiene que uno de los tramos afecta a los reservorios acu\u00edferos que proveen de agua a la capital cruce\u00f1a, por tanto, plantean cinco trazados alternativos que son rechazados por la Administradora Boliviana de Carreteras (ABC), que exige que se respete su dise\u00f1o.<br \/>\nEn La Guardia, donde tambi\u00e9n se instal\u00f3 el bloqueo el lunes con las mismas demandas, decidieron levantar su medida de presi\u00f3n el viernes y dar un \u2018cuarto intermedio\u2019 de 15 d\u00edas para que la Gobernaci\u00f3n y el Gobierno central logren consensos para construir esta v\u00eda.<br \/>\nSin embargo, en Buena Vista criticaron que se haya levantado ese bloqueo y m\u00e1s bien decidieron radicalizar su medida de presi\u00f3n y ya no otorgan m\u00e1s cuartos intermedios por horas, como lo hac\u00edan hasta el viernes.<br \/>\nSe estima que en el bloqueo en Buena Vista suman filas de m\u00e1s de 15 kil\u00f3metros de veh\u00edculos varados en ambos carriles de esta carretera que conecta a Santa Cruz con Cochabamba. (Santa Cruz, agencias).<\/p>\n","protected":false},"excerpt":{"rendered":"<p>Al cumplirse ayer el s\u00e9ptimo d\u00eda del bloqueo en Buena Vista, Santa Cruz, los choferes del transporte pesado que est\u00e1n varados se\u00f1alaron que no pagar\u00e1n m\u00e1s peajes en todo el pa\u00eds, hasta que no se d\u00e9 soluci\u00f3n al conflicto sobre la construcci\u00f3n de la carretera Buena Vista &#8211; Las Cruces &#8211; Santa Cruz. Los pobladores [&hellip;]<\/p>\n","protected":false},"author":1,"featured_media":172203,"comment_status":"closed","ping_status":"open","sticky":false,"template":"","format":"standard","meta":{"_acf_changed":false,"footnotes":""},"categories":[12],"tags":[],"class_list":["post-172202","post","type-post","status-publish","format-standard","has-post-thumbnail","category-nacional"],"acf":{"antetitulo":""},"yoast_head":"<!-- This site is optimized with the Yoast SEO plugin v28.3 - https:\/\/yoast.com\/product\/yoast-seo-wordpress\/ -->\n<title>Choferes amenazan con no pagar peajes en todo el pa\u00eds - El Diario - Bolivia<\/title>\n<meta name=\"robots\" content=\"index, follow, max-snippet:-1, max-image-preview:large, max-video-preview:-1\" \/>\n<link rel=\"canonical\" href=\"https:\/\/www.eldiario.net\/portal\/2023\/08\/21\/choferes-amenazan-con-no-pagar-peajes-en-todo-el-pais\/\" \/>\n<meta property=\"og:locale\" content=\"es_ES\" \/>\n<meta property=\"og:type\" content=\"article\" \/>\n<meta property=\"og:title\" content=\"Choferes amenazan con no pagar peajes en todo el pa\u00eds - El Diario - Bolivia\" \/>\n<meta property=\"og:description\" content=\"Al cumplirse ayer el s\u00e9ptimo d\u00eda del bloqueo en Buena Vista, Santa Cruz, los choferes del transporte pesado que est\u00e1n varados se\u00f1alaron que no pagar\u00e1n m\u00e1s peajes en todo el pa\u00eds, hasta que no se d\u00e9 soluci\u00f3n al conflicto sobre la construcci\u00f3n de la carretera Buena Vista &#8211; Las Cruces &#8211; Santa Cruz. Los pobladores [&hellip;]\" \/>\n<meta property=\"og:url\" content=\"https:\/\/www.eldiario.net\/portal\/2023\/08\/21\/choferes-amenazan-con-no-pagar-peajes-en-todo-el-pais\/\" \/>\n<meta property=\"og:site_name\" content=\"El Diario - Bolivia\" \/>\n<meta property=\"article:publisher\" content=\"https:\/\/www.facebook.com\/eldiario.bolivia\/\" \/>\n<meta property=\"article:published_time\" content=\"2023-08-21T11:11:19+00:00\" \/>\n<meta property=\"og:image\" content=\"https:\/\/www.eldiario.net\/portal\/wp-content\/uploads\/2023\/08\/70-NAL-2.jpg\" \/>\n\t<meta property=\"og:image:width\" content=\"1024\" \/>\n\t<meta property=\"og:image:height\" content=\"512\" \/>\n\t<meta property=\"og:image:type\" content=\"image\/jpeg\" \/>\n<meta name=\"author\" content=\"Jeanette\" \/>\n<meta name=\"twitter:card\" content=\"summary_large_image\" \/>\n<meta name=\"twitter:creator\" content=\"@eldiario_net\" \/>\n<meta name=\"twitter:site\" content=\"@eldiario_net\" \/>\n<meta name=\"twitter:label1\" content=\"Escrito por\" \/>\n\t<meta name=\"twitter:data1\" content=\"Jeanette\" \/>\n\t<meta name=\"twitter:label2\" content=\"Tiempo de lectura\" \/>\n\t<meta name=\"twitter:data2\" content=\"2 minutos\" \/>\n<script type=\"application\/ld+json\" class=\"yoast-schema-graph\">{\"@context\":\"https:\\\/\\\/schema.org\",\"@graph\":[{\"@type\":\"Article\",\"@id\":\"https:\\\/\\\/www.eldiario.net\\\/portal\\\/2023\\\/08\\\/21\\\/choferes-amenazan-con-no-pagar-peajes-en-todo-el-pais\\\/#article\",\"isPartOf\":{\"@id\":\"https:\\\/\\\/www.eldiario.net\\\/portal\\\/2023\\\/08\\\/21\\\/choferes-amenazan-con-no-pagar-peajes-en-todo-el-pais\\\/\"},\"author\":{\"name\":\"Jeanette\",\"@id\":\"https:\\\/\\\/www.eldiario.net\\\/portal\\\/#\\\/schema\\\/person\\\/f46445640444750d7d753ccd04ae01b7\"},\"headline\":\"Choferes amenazan con no pagar peajes en todo el pa\u00eds\",\"datePublished\":\"2023-08-21T11:11:19+00:00\",\"mainEntityOfPage\":{\"@id\":\"https:\\\/\\\/www.eldiario.net\\\/portal\\\/2023\\\/08\\\/21\\\/choferes-amenazan-con-no-pagar-peajes-en-todo-el-pais\\\/\"},\"wordCount\":390,\"publisher\":{\"@id\":\"https:\\\/\\\/www.eldiario.net\\\/portal\\\/#organization\"},\"image\":{\"@id\":\"https:\\\/\\\/www.eldiario.net\\\/portal\\\/2023\\\/08\\\/21\\\/choferes-amenazan-con-no-pagar-peajes-en-todo-el-pais\\\/#primaryimage\"},\"thumbnailUrl\":\"https:\\\/\\\/www.eldiario.net\\\/portal\\\/wp-content\\\/uploads\\\/2023\\\/08\\\/70-NAL-2.jpg\",\"articleSection\":[\"Nacional\"],\"inLanguage\":\"es\"},{\"@type\":\"WebPage\",\"@id\":\"https:\\\/\\\/www.eldiario.net\\\/portal\\\/2023\\\/08\\\/21\\\/choferes-amenazan-con-no-pagar-peajes-en-todo-el-pais\\\/\",\"url\":\"https:\\\/\\\/www.eldiario.net\\\/portal\\\/2023\\\/08\\\/21\\\/choferes-amenazan-con-no-pagar-peajes-en-todo-el-pais\\\/\",\"name\":\"Choferes amenazan con no pagar peajes en todo el pa\u00eds - El Diario - Bolivia\",\"isPartOf\":{\"@id\":\"https:\\\/\\\/www.eldiario.net\\\/portal\\\/#website\"},\"primaryImageOfPage\":{\"@id\":\"https:\\\/\\\/www.eldiario.net\\\/portal\\\/2023\\\/08\\\/21\\\/choferes-amenazan-con-no-pagar-peajes-en-todo-el-pais\\\/#primaryimage\"},\"image\":{\"@id\":\"https:\\\/\\\/www.eldiario.net\\\/portal\\\/2023\\\/08\\\/21\\\/choferes-amenazan-con-no-pagar-peajes-en-todo-el-pais\\\/#primaryimage\"},\"thumbnailUrl\":\"https:\\\/\\\/www.eldiario.net\\\/portal\\\/wp-content\\\/uploads\\\/2023\\\/08\\\/70-NAL-2.jpg\",\"datePublished\":\"2023-08-21T11:11:19+00:00\",\"breadcrumb\":{\"@id\":\"https:\\\/\\\/www.eldiario.net\\\/portal\\\/2023\\\/08\\\/21\\\/choferes-amenazan-con-no-pagar-peajes-en-todo-el-pais\\\/#breadcrumb\"},\"inLanguage\":\"es\",\"potentialAction\":[{\"@type\":\"ReadAction\",\"target\":[\"https:\\\/\\\/www.eldiario.net\\\/portal\\\/2023\\\/08\\\/21\\\/choferes-amenazan-con-no-pagar-peajes-en-todo-el-pais\\\/\"]}]},{\"@type\":\"ImageObject\",\"inLanguage\":\"es\",\"@id\":\"https:\\\/\\\/www.eldiario.net\\\/portal\\\/2023\\\/08\\\/21\\\/choferes-amenazan-con-no-pagar-peajes-en-todo-el-pais\\\/#primaryimage\",\"url\":\"https:\\\/\\\/www.eldiario.net\\\/portal\\\/wp-content\\\/uploads\\\/2023\\\/08\\\/70-NAL-2.jpg\",\"contentUrl\":\"https:\\\/\\\/www.eldiario.net\\\/portal\\\/wp-content\\\/uploads\\\/2023\\\/08\\\/70-NAL-2.jpg\",\"width\":1024,\"height\":512},{\"@type\":\"BreadcrumbList\",\"@id\":\"https:\\\/\\\/www.eldiario.net\\\/portal\\\/2023\\\/08\\\/21\\\/choferes-amenazan-con-no-pagar-peajes-en-todo-el-pais\\\/#breadcrumb\",\"itemListElement\":[{\"@type\":\"ListItem\",\"position\":1,\"name\":\"Portada\",\"item\":\"https:\\\/\\\/www.eldiario.net\\\/portal\\\/\"},{\"@type\":\"ListItem\",\"position\":2,\"name\":\"Choferes amenazan con no pagar peajes en todo el pa\u00eds\"}]},{\"@type\":\"WebSite\",\"@id\":\"https:\\\/\\\/www.eldiario.net\\\/portal\\\/#website\",\"url\":\"https:\\\/\\\/www.eldiario.net\\\/portal\\\/\",\"name\":\"El Diario - Decano de la prensa nacional\",\"description\":\"El Diario - Decano de la prensa nacional\",\"publisher\":{\"@id\":\"https:\\\/\\\/www.eldiario.net\\\/portal\\\/#organization\"},\"potentialAction\":[{\"@type\":\"SearchAction\",\"target\":{\"@type\":\"EntryPoint\",\"urlTemplate\":\"https:\\\/\\\/www.eldiario.net\\\/portal\\\/?s={search_term_string}\"},\"query-input\":{\"@type\":\"PropertyValueSpecification\",\"valueRequired\":true,\"valueName\":\"search_term_string\"}}],\"inLanguage\":\"es\"},{\"@type\":\"Organization\",\"@id\":\"https:\\\/\\\/www.eldiario.net\\\/portal\\\/#organization\",\"name\":\"El Diario - Decano de la prensa nacional\",\"url\":\"https:\\\/\\\/www.eldiario.net\\\/portal\\\/\",\"logo\":{\"@type\":\"ImageObject\",\"inLanguage\":\"es\",\"@id\":\"https:\\\/\\\/www.eldiario.net\\\/portal\\\/#\\\/schema\\\/logo\\\/image\\\/\",\"url\":\"https:\\\/\\\/www.eldiario.net\\\/portal\\\/wp-content\\\/uploads\\\/2023\\\/07\\\/logo_ED.jpg\",\"contentUrl\":\"https:\\\/\\\/www.eldiario.net\\\/portal\\\/wp-content\\\/uploads\\\/2023\\\/07\\\/logo_ED.jpg\",\"width\":272,\"height\":52,\"caption\":\"El Diario - Decano de la prensa nacional\"},\"image\":{\"@id\":\"https:\\\/\\\/www.eldiario.net\\\/portal\\\/#\\\/schema\\\/logo\\\/image\\\/\"},\"sameAs\":[\"https:\\\/\\\/www.facebook.com\\\/eldiario.bolivia\\\/\",\"https:\\\/\\\/x.com\\\/eldiario_net\"]},{\"@type\":\"Person\",\"@id\":\"https:\\\/\\\/www.eldiario.net\\\/portal\\\/#\\\/schema\\\/person\\\/f46445640444750d7d753ccd04ae01b7\",\"name\":\"Jeanette\",\"image\":{\"@type\":\"ImageObject\",\"inLanguage\":\"es\",\"@id\":\"https:\\\/\\\/secure.gravatar.com\\\/avatar\\\/3ea2118a5f7dad2b7138b1187a6b7ee55f160b9968b66013c3a3ef39dd7e5798?s=96&d=mm&r=g\",\"url\":\"https:\\\/\\\/secure.gravatar.com\\\/avatar\\\/3ea2118a5f7dad2b7138b1187a6b7ee55f160b9968b66013c3a3ef39dd7e5798?s=96&d=mm&r=g\",\"contentUrl\":\"https:\\\/\\\/secure.gravatar.com\\\/avatar\\\/3ea2118a5f7dad2b7138b1187a6b7ee55f160b9968b66013c3a3ef39dd7e5798?s=96&d=mm&r=g\",\"caption\":\"Jeanette\"},\"sameAs\":[\"https:\\\/\\\/www.eldiario.net\\\/portal\"],\"url\":\"https:\\\/\\\/www.eldiario.net\\\/portal\\\/author\\\/jeanette\\\/\"}]}<\/script>\n<!-- \/ Yoast SEO plugin. -->","yoast_head_json":{"title":"Choferes amenazan con no pagar peajes en todo el pa\u00eds - El Diario - Bolivia","robots":{"index":"index","follow":"follow","max-snippet":"max-snippet:-1","max-image-preview":"max-image-preview:large","max-video-preview":"max-video-preview:-1"},"canonical":"https:\/\/www.eldiario.net\/portal\/2023\/08\/21\/choferes-amenazan-con-no-pagar-peajes-en-todo-el-pais\/","og_locale":"es_ES","og_type":"article","og_title":"Choferes amenazan con no pagar peajes en todo el pa\u00eds - El Diario - Bolivia","og_description":"Al cumplirse ayer el s\u00e9ptimo d\u00eda del bloqueo en Buena Vista, Santa Cruz, los choferes del transporte pesado que est\u00e1n varados se\u00f1alaron que no pagar\u00e1n m\u00e1s peajes en todo el pa\u00eds, hasta que no se d\u00e9 soluci\u00f3n al conflicto sobre la construcci\u00f3n de la carretera Buena Vista &#8211; Las Cruces &#8211; Santa Cruz. Los pobladores [&hellip;]","og_url":"https:\/\/www.eldiario.net\/portal\/2023\/08\/21\/choferes-amenazan-con-no-pagar-peajes-en-todo-el-pais\/","og_site_name":"El Diario - Bolivia","article_publisher":"https:\/\/www.facebook.com\/eldiario.bolivia\/","article_published_time":"2023-08-21T11:11:19+00:00","og_image":[{"width":1024,"height":512,"url":"https:\/\/www.eldiario.net\/portal\/wp-content\/uploads\/2023\/08\/70-NAL-2.jpg","type":"image\/jpeg"}],"author":"Jeanette","twitter_card":"summary_large_image","twitter_creator":"@eldiario_net","twitter_site":"@eldiario_net","twitter_misc":{"Escrito por":"Jeanette","Tiempo de lectura":"2 minutos"},"schema":{"@context":"https:\/\/schema.org","@graph":[{"@type":"Article","@id":"https:\/\/www.eldiario.net\/portal\/2023\/08\/21\/choferes-amenazan-con-no-pagar-peajes-en-todo-el-pais\/#article","isPartOf":{"@id":"https:\/\/www.eldiario.net\/portal\/2023\/08\/21\/choferes-amenazan-con-no-pagar-peajes-en-todo-el-pais\/"},"author":{"name":"Jeanette","@id":"https:\/\/www.eldiario.net\/portal\/#\/schema\/person\/f46445640444750d7d753ccd04ae01b7"},"headline":"Choferes amenazan con no pagar peajes en todo el pa\u00eds","datePublished":"2023-08-21T11:11:19+00:00","mainEntityOfPage":{"@id":"https:\/\/www.eldiario.net\/portal\/2023\/08\/21\/choferes-amenazan-con-no-pagar-peajes-en-todo-el-pais\/"},"wordCount":390,"publisher":{"@id":"https:\/\/www.eldiario.net\/portal\/#organization"},"image":{"@id":"https:\/\/www.eldiario.net\/portal\/2023\/08\/21\/choferes-amenazan-con-no-pagar-peajes-en-todo-el-pais\/#primaryimage"},"thumbnailUrl":"https:\/\/www.eldiario.net\/portal\/wp-content\/uploads\/2023\/08\/70-NAL-2.jpg","articleSection":["Nacional"],"inLanguage":"es"},{"@type":"WebPage","@id":"https:\/\/www.eldiario.net\/portal\/2023\/08\/21\/choferes-amenazan-con-no-pagar-peajes-en-todo-el-pais\/","url":"https:\/\/www.eldiario.net\/portal\/2023\/08\/21\/choferes-amenazan-con-no-pagar-peajes-en-todo-el-pais\/","name":"Choferes amenazan con no pagar peajes en todo el pa\u00eds - El Diario - Bolivia","isPartOf":{"@id":"https:\/\/www.eldiario.net\/portal\/#website"},"primaryImageOfPage":{"@id":"https:\/\/www.eldiario.net\/portal\/2023\/08\/21\/choferes-amenazan-con-no-pagar-peajes-en-todo-el-pais\/#primaryimage"},"image":{"@id":"https:\/\/www.eldiario.net\/portal\/2023\/08\/21\/choferes-amenazan-con-no-pagar-peajes-en-todo-el-pais\/#primaryimage"},"thumbnailUrl":"https:\/\/www.eldiario.net\/portal\/wp-content\/uploads\/2023\/08\/70-NAL-2.jpg","datePublished":"2023-08-21T11:11:19+00:00","breadcrumb":{"@id":"https:\/\/www.eldiario.net\/portal\/2023\/08\/21\/choferes-amenazan-con-no-pagar-peajes-en-todo-el-pais\/#breadcrumb"},"inLanguage":"es","potentialAction":[{"@type":"ReadAction","target":["https:\/\/www.eldiario.net\/portal\/2023\/08\/21\/choferes-amenazan-con-no-pagar-peajes-en-todo-el-pais\/"]}]},{"@type":"ImageObject","inLanguage":"es","@id":"https:\/\/www.eldiario.net\/portal\/2023\/08\/21\/choferes-amenazan-con-no-pagar-peajes-en-todo-el-pais\/#primaryimage","url":"https:\/\/www.eldiario.net\/portal\/wp-content\/uploads\/2023\/08\/70-NAL-2.jpg","contentUrl":"https:\/\/www.eldiario.net\/portal\/wp-content\/uploads\/2023\/08\/70-NAL-2.jpg","width":1024,"height":512},{"@type":"BreadcrumbList","@id":"https:\/\/www.eldiario.net\/portal\/2023\/08\/21\/choferes-amenazan-con-no-pagar-peajes-en-todo-el-pais\/#breadcrumb","itemListElement":[{"@type":"ListItem","position":1,"name":"Portada","item":"https:\/\/www.eldiario.net\/portal\/"},{"@type":"ListItem","position":2,"name":"Choferes amenazan con no pagar peajes en todo el pa\u00eds"}]},{"@type":"WebSite","@id":"https:\/\/www.eldiario.net\/portal\/#website","url":"https:\/\/www.eldiario.net\/portal\/","name":"El Diario - Decano de la prensa nacional","description":"El Diario - Decano de la prensa nacional","publisher":{"@id":"https:\/\/www.eldiario.net\/portal\/#organization"},"potentialAction":[{"@type":"SearchAction","target":{"@type":"EntryPoint","urlTemplate":"https:\/\/www.eldiario.net\/portal\/?s={search_term_string}"},"query-input":{"@type":"PropertyValueSpecification","valueRequired":true,"valueName":"search_term_string"}}],"inLanguage":"es"},{"@type":"Organization","@id":"https:\/\/www.eldiario.net\/portal\/#organization","name":"El Diario - Decano de la prensa nacional","url":"https:\/\/www.eldiario.net\/portal\/","logo":{"@type":"ImageObject","inLanguage":"es","@id":"https:\/\/www.eldiario.net\/portal\/#\/schema\/logo\/image\/","url":"https:\/\/www.eldiario.net\/portal\/wp-content\/uploads\/2023\/07\/logo_ED.jpg","contentUrl":"https:\/\/www.eldiario.net\/portal\/wp-content\/uploads\/2023\/07\/logo_ED.jpg","width":272,"height":52,"caption":"El Diario - Decano de la prensa nacional"},"image":{"@id":"https:\/\/www.eldiario.net\/portal\/#\/schema\/logo\/image\/"},"sameAs":["https:\/\/www.facebook.com\/eldiario.bolivia\/","https:\/\/x.com\/eldiario_net"]},{"@type":"Person","@id":"https:\/\/www.eldiario.net\/portal\/#\/schema\/person\/f46445640444750d7d753ccd04ae01b7","name":"Jeanette","image":{"@type":"ImageObject","inLanguage":"es","@id":"https:\/\/secure.gravatar.com\/avatar\/3ea2118a5f7dad2b7138b1187a6b7ee55f160b9968b66013c3a3ef39dd7e5798?s=96&d=mm&r=g","url":"https:\/\/secure.gravatar.com\/avatar\/3ea2118a5f7dad2b7138b1187a6b7ee55f160b9968b66013c3a3ef39dd7e5798?s=96&d=mm&r=g","contentUrl":"https:\/\/secure.gravatar.com\/avatar\/3ea2118a5f7dad2b7138b1187a6b7ee55f160b9968b66013c3a3ef39dd7e5798?s=96&d=mm&r=g","caption":"Jeanette"},"sameAs":["https:\/\/www.eldiario.net\/portal"],"url":"https:\/\/www.eldiario.net\/portal\/author\/jeanette\/"}]}},"_links":{"self":[{"href":"https:\/\/www.eldiario.net\/portal\/wp-json\/wp\/v2\/posts\/172202","targetHints":{"allow":["GET"]}}],"collection":[{"href":"https:\/\/www.eldiario.net\/portal\/wp-json\/wp\/v2\/posts"}],"about":[{"href":"https:\/\/www.eldiario.net\/portal\/wp-json\/wp\/v2\/types\/post"}],"author":[{"embeddable":true,"href":"https:\/\/www.eldiario.net\/portal\/wp-json\/wp\/v2\/users\/1"}],"replies":[{"embeddable":true,"href":"https:\/\/www.eldiario.net\/portal\/wp-json\/wp\/v2\/comments?post=172202"}],"version-history":[{"count":0,"href":"https:\/\/www.eldiario.net\/portal\/wp-json\/wp\/v2\/posts\/172202\/revisions"}],"wp:featuredmedia":[{"embeddable":true,"href":"https:\/\/www.eldiario.net\/portal\/wp-json\/wp\/v2\/media\/172203"}],"wp:attachment":[{"href":"https:\/\/www.eldiario.net\/portal\/wp-json\/wp\/v2\/media?parent=172202"}],"wp:term":[{"taxonomy":"category","embeddable":true,"href":"https:\/\/www.eldiario.net\/portal\/wp-json\/wp\/v2\/categories?post=172202"},{"taxonomy":"post_tag","embeddable":true,"href":"https:\/\/www.eldiario.net\/portal\/wp-json\/wp\/v2\/tags?post=172202"}],"curies":[{"name":"wp","href":"https:\/\/api.w.org\/{rel}","templated":true}]}}