{"id":172200,"date":"2023-08-21T07:10:00","date_gmt":"2023-08-21T11:10:00","guid":{"rendered":"https:\/\/www.eldiario.net\/portal\/?p=172200"},"modified":"2023-08-21T07:10:00","modified_gmt":"2023-08-21T11:10:00","slug":"campesinos-se-dividen-en-congreso-dirigencia-paralela-defiende-a-arce","status":"publish","type":"post","link":"https:\/\/www.eldiario.net\/portal\/2023\/08\/21\/campesinos-se-dividen-en-congreso-dirigencia-paralela-defiende-a-arce\/","title":{"rendered":"Campesinos se dividen en congreso;  dirigencia paralela defiende a Arce"},"content":{"rendered":"<p>Los hechos de violencia que se registraron en el congreso de la Confederaci\u00f3n Sindical \u00danica de Trabajadores Campesinos de Bolivia (Csutcb) en la ciudad de El Alto ahond\u00f3 la divisi\u00f3n en la organizaci\u00f3n, ayer se posesion\u00f3 a dos directivas nacionales, uno es Lucio Quispe que fue elegido por aclamaci\u00f3n, mientras que el ala evista reconoce como su l\u00edder a Ponciano Santos Cruz.<br \/>\nEl congreso de los campesinos comenz\u00f3 el viernes y desde ese d\u00eda estuvo marcado por incidentes que se agudizaron entre el s\u00e1bado y la madrugada de ayer cuando los asistentes, divididos en dos bandos, seguidores de Evo Morales y de Luis Arce se enfrentaron dejando m\u00e1s de 800 personas heridas e incluso, la Polic\u00eda tuvo que intervenir ante los desmanes.<br \/>\nEn horas de la ma\u00f1ana y tras el enfrentamiento, los del ala evista eligieron a Ponciano Santos Cruz del departamento de Santa Cruz como el nuevo ejecutivo. Y tras esa decisi\u00f3n, el grupo encabez\u00f3 una marcha hasta la sede sindical de la organizaci\u00f3n, pero su ingreso fue impedido por un fuerte contingente policial que se apost\u00f3 por las inmediaciones de la Csutcb.<br \/>\nLucio Quispe fue elegido por aclamaci\u00f3n por otro grupo de campesinos que reactiv\u00f3 el congreso en el coliseo H\u00e9roes de Octubre. Su designaci\u00f3n fue recibida con v\u00edtores de \u201cLucho, Lucho, Lucho\u201d y \u201cs\u00ed se pudo, s\u00ed se pudo\u201d.<br \/>\nQuispe cont\u00f3 que es originario de la comunidad Chijipata en la provincia Los Andes en el departamento de La Paz y anunci\u00f3 que su primer trabajo ser\u00e1 unificar y fortalecer la organizaci\u00f3n de campesinos.<br \/>\nPLAZO<br \/>\nEl otro secretario ejecutivo de la Confederaci\u00f3n Sindical \u00danica de Trabajadores Campesinos de Bolivia (Csutcb), Ponciano Santos Colque, inform\u00f3 que han otorgado 72 horas al Gobierno y a la Polic\u00eda Boliviana para la entrega de la sede sindical en la zona de Miraflores.<br \/>\nAnte la imposibilidad de poder ingresar, dijo que se han declarado en estado de emergencia e instruyeron a los dirigentes bajar a sus bases para socializar lo ocurrido en la ciudad de El Alto donde, seg\u00fan dijo, fueron gasificados por instrucciones del gobierno.<br \/>\nTras ser posesionado en las afueras del coliseo una columna de seguidores del nuevo ejecutivo baj\u00f3 desde El Alto hasta la sede sindical en Miraflores donde no pudieron ingresar porque la Polic\u00eda Boliviana no les permiti\u00f3.<br \/>\nPonciano se acerc\u00f3 al jefe del contingente policial para explicarle que se est\u00e1n desmoviliz\u00e1ndose de manera voluntaria para evitar impasses y que en el plazo de 72 horas retornar\u00edan a La Paz para la entrega de las oficinas.<br \/>\nNo descart\u00f3 que en ese tiempo se organicen una serie de movilizaciones en los nueve departamentos para hacer valer su elecci\u00f3n y entablar negociaciones con el gobierno con el apoyo de cuatro millones de campesinos que podr\u00eda iniciar medidas de presi\u00f3n. (ANF y Erbol).<\/p>\n<p>&nbsp;<\/p>\n","protected":false},"excerpt":{"rendered":"<p>Los hechos de violencia que se registraron en el congreso de la Confederaci\u00f3n Sindical \u00danica de Trabajadores Campesinos de Bolivia (Csutcb) en la ciudad de El Alto ahond\u00f3 la divisi\u00f3n en la organizaci\u00f3n, ayer se posesion\u00f3 a dos directivas nacionales, uno es Lucio Quispe que fue elegido por aclamaci\u00f3n, mientras que el ala evista reconoce [&hellip;]<\/p>\n","protected":false},"author":1,"featured_media":0,"comment_status":"closed","ping_status":"open","sticky":false,"template":"","format":"standard","meta":{"_acf_changed":false,"footnotes":""},"categories":[12],"tags":[],"class_list":["post-172200","post","type-post","status-publish","format-standard","category-nacional"],"acf":{"antetitulo":""},"yoast_head":"<!-- This site is optimized with the Yoast SEO plugin v28.3 - https:\/\/yoast.com\/product\/yoast-seo-wordpress\/ -->\n<title>Campesinos se dividen en congreso; dirigencia paralela defiende a Arce - El Diario - Bolivia<\/title>\n<meta name=\"robots\" content=\"index, follow, max-snippet:-1, max-image-preview:large, max-video-preview:-1\" \/>\n<link rel=\"canonical\" href=\"https:\/\/www.eldiario.net\/portal\/2023\/08\/21\/campesinos-se-dividen-en-congreso-dirigencia-paralela-defiende-a-arce\/\" \/>\n<meta property=\"og:locale\" content=\"es_ES\" \/>\n<meta property=\"og:type\" content=\"article\" \/>\n<meta property=\"og:title\" content=\"Campesinos se dividen en congreso; dirigencia paralela defiende a Arce - El Diario - Bolivia\" \/>\n<meta property=\"og:description\" content=\"Los hechos de violencia que se registraron en el congreso de la Confederaci\u00f3n Sindical \u00danica de Trabajadores Campesinos de Bolivia (Csutcb) en la ciudad de El Alto ahond\u00f3 la divisi\u00f3n en la organizaci\u00f3n, ayer se posesion\u00f3 a dos directivas nacionales, uno es Lucio Quispe que fue elegido por aclamaci\u00f3n, mientras que el ala evista reconoce [&hellip;]\" \/>\n<meta property=\"og:url\" content=\"https:\/\/www.eldiario.net\/portal\/2023\/08\/21\/campesinos-se-dividen-en-congreso-dirigencia-paralela-defiende-a-arce\/\" \/>\n<meta property=\"og:site_name\" content=\"El Diario - Bolivia\" \/>\n<meta property=\"article:publisher\" content=\"https:\/\/www.facebook.com\/eldiario.bolivia\/\" \/>\n<meta property=\"article:published_time\" content=\"2023-08-21T11:10:00+00:00\" \/>\n<meta name=\"author\" content=\"Jeanette\" \/>\n<meta name=\"twitter:card\" content=\"summary_large_image\" \/>\n<meta name=\"twitter:creator\" content=\"@eldiario_net\" \/>\n<meta name=\"twitter:site\" content=\"@eldiario_net\" \/>\n<meta name=\"twitter:label1\" content=\"Escrito por\" \/>\n\t<meta name=\"twitter:data1\" content=\"Jeanette\" \/>\n<script type=\"application\/ld+json\" class=\"yoast-schema-graph\">{\"@context\":\"https:\\\/\\\/schema.org\",\"@graph\":[{\"@type\":\"Article\",\"@id\":\"https:\\\/\\\/www.eldiario.net\\\/portal\\\/2023\\\/08\\\/21\\\/campesinos-se-dividen-en-congreso-dirigencia-paralela-defiende-a-arce\\\/#article\",\"isPartOf\":{\"@id\":\"https:\\\/\\\/www.eldiario.net\\\/portal\\\/2023\\\/08\\\/21\\\/campesinos-se-dividen-en-congreso-dirigencia-paralela-defiende-a-arce\\\/\"},\"author\":{\"name\":\"Jeanette\",\"@id\":\"https:\\\/\\\/www.eldiario.net\\\/portal\\\/#\\\/schema\\\/person\\\/f46445640444750d7d753ccd04ae01b7\"},\"headline\":\"Campesinos se dividen en congreso; dirigencia paralela defiende a Arce\",\"datePublished\":\"2023-08-21T11:10:00+00:00\",\"mainEntityOfPage\":{\"@id\":\"https:\\\/\\\/www.eldiario.net\\\/portal\\\/2023\\\/08\\\/21\\\/campesinos-se-dividen-en-congreso-dirigencia-paralela-defiende-a-arce\\\/\"},\"wordCount\":496,\"publisher\":{\"@id\":\"https:\\\/\\\/www.eldiario.net\\\/portal\\\/#organization\"},\"articleSection\":[\"Nacional\"],\"inLanguage\":\"es\"},{\"@type\":\"WebPage\",\"@id\":\"https:\\\/\\\/www.eldiario.net\\\/portal\\\/2023\\\/08\\\/21\\\/campesinos-se-dividen-en-congreso-dirigencia-paralela-defiende-a-arce\\\/\",\"url\":\"https:\\\/\\\/www.eldiario.net\\\/portal\\\/2023\\\/08\\\/21\\\/campesinos-se-dividen-en-congreso-dirigencia-paralela-defiende-a-arce\\\/\",\"name\":\"Campesinos se dividen en congreso; dirigencia paralela defiende a Arce - El Diario - Bolivia\",\"isPartOf\":{\"@id\":\"https:\\\/\\\/www.eldiario.net\\\/portal\\\/#website\"},\"datePublished\":\"2023-08-21T11:10:00+00:00\",\"breadcrumb\":{\"@id\":\"https:\\\/\\\/www.eldiario.net\\\/portal\\\/2023\\\/08\\\/21\\\/campesinos-se-dividen-en-congreso-dirigencia-paralela-defiende-a-arce\\\/#breadcrumb\"},\"inLanguage\":\"es\",\"potentialAction\":[{\"@type\":\"ReadAction\",\"target\":[\"https:\\\/\\\/www.eldiario.net\\\/portal\\\/2023\\\/08\\\/21\\\/campesinos-se-dividen-en-congreso-dirigencia-paralela-defiende-a-arce\\\/\"]}]},{\"@type\":\"BreadcrumbList\",\"@id\":\"https:\\\/\\\/www.eldiario.net\\\/portal\\\/2023\\\/08\\\/21\\\/campesinos-se-dividen-en-congreso-dirigencia-paralela-defiende-a-arce\\\/#breadcrumb\",\"itemListElement\":[{\"@type\":\"ListItem\",\"position\":1,\"name\":\"Portada\",\"item\":\"https:\\\/\\\/www.eldiario.net\\\/portal\\\/\"},{\"@type\":\"ListItem\",\"position\":2,\"name\":\"Campesinos se dividen en congreso; dirigencia paralela defiende a Arce\"}]},{\"@type\":\"WebSite\",\"@id\":\"https:\\\/\\\/www.eldiario.net\\\/portal\\\/#website\",\"url\":\"https:\\\/\\\/www.eldiario.net\\\/portal\\\/\",\"name\":\"El Diario - Decano de la prensa nacional\",\"description\":\"El Diario - Decano de la prensa nacional\",\"publisher\":{\"@id\":\"https:\\\/\\\/www.eldiario.net\\\/portal\\\/#organization\"},\"potentialAction\":[{\"@type\":\"SearchAction\",\"target\":{\"@type\":\"EntryPoint\",\"urlTemplate\":\"https:\\\/\\\/www.eldiario.net\\\/portal\\\/?s={search_term_string}\"},\"query-input\":{\"@type\":\"PropertyValueSpecification\",\"valueRequired\":true,\"valueName\":\"search_term_string\"}}],\"inLanguage\":\"es\"},{\"@type\":\"Organization\",\"@id\":\"https:\\\/\\\/www.eldiario.net\\\/portal\\\/#organization\",\"name\":\"El Diario - Decano de la prensa nacional\",\"url\":\"https:\\\/\\\/www.eldiario.net\\\/portal\\\/\",\"logo\":{\"@type\":\"ImageObject\",\"inLanguage\":\"es\",\"@id\":\"https:\\\/\\\/www.eldiario.net\\\/portal\\\/#\\\/schema\\\/logo\\\/image\\\/\",\"url\":\"https:\\\/\\\/www.eldiario.net\\\/portal\\\/wp-content\\\/uploads\\\/2023\\\/07\\\/logo_ED.jpg\",\"contentUrl\":\"https:\\\/\\\/www.eldiario.net\\\/portal\\\/wp-content\\\/uploads\\\/2023\\\/07\\\/logo_ED.jpg\",\"width\":272,\"height\":52,\"caption\":\"El Diario - Decano de la prensa nacional\"},\"image\":{\"@id\":\"https:\\\/\\\/www.eldiario.net\\\/portal\\\/#\\\/schema\\\/logo\\\/image\\\/\"},\"sameAs\":[\"https:\\\/\\\/www.facebook.com\\\/eldiario.bolivia\\\/\",\"https:\\\/\\\/x.com\\\/eldiario_net\"]},{\"@type\":\"Person\",\"@id\":\"https:\\\/\\\/www.eldiario.net\\\/portal\\\/#\\\/schema\\\/person\\\/f46445640444750d7d753ccd04ae01b7\",\"name\":\"Jeanette\",\"image\":{\"@type\":\"ImageObject\",\"inLanguage\":\"es\",\"@id\":\"https:\\\/\\\/secure.gravatar.com\\\/avatar\\\/3ea2118a5f7dad2b7138b1187a6b7ee55f160b9968b66013c3a3ef39dd7e5798?s=96&d=mm&r=g\",\"url\":\"https:\\\/\\\/secure.gravatar.com\\\/avatar\\\/3ea2118a5f7dad2b7138b1187a6b7ee55f160b9968b66013c3a3ef39dd7e5798?s=96&d=mm&r=g\",\"contentUrl\":\"https:\\\/\\\/secure.gravatar.com\\\/avatar\\\/3ea2118a5f7dad2b7138b1187a6b7ee55f160b9968b66013c3a3ef39dd7e5798?s=96&d=mm&r=g\",\"caption\":\"Jeanette\"},\"sameAs\":[\"https:\\\/\\\/www.eldiario.net\\\/portal\"],\"url\":\"https:\\\/\\\/www.eldiario.net\\\/portal\\\/author\\\/jeanette\\\/\"}]}<\/script>\n<!-- \/ Yoast SEO plugin. -->","yoast_head_json":{"title":"Campesinos se dividen en congreso; dirigencia paralela defiende a Arce - El Diario - Bolivia","robots":{"index":"index","follow":"follow","max-snippet":"max-snippet:-1","max-image-preview":"max-image-preview:large","max-video-preview":"max-video-preview:-1"},"canonical":"https:\/\/www.eldiario.net\/portal\/2023\/08\/21\/campesinos-se-dividen-en-congreso-dirigencia-paralela-defiende-a-arce\/","og_locale":"es_ES","og_type":"article","og_title":"Campesinos se dividen en congreso; dirigencia paralela defiende a Arce - El Diario - Bolivia","og_description":"Los hechos de violencia que se registraron en el congreso de la Confederaci\u00f3n Sindical \u00danica de Trabajadores Campesinos de Bolivia (Csutcb) en la ciudad de El Alto ahond\u00f3 la divisi\u00f3n en la organizaci\u00f3n, ayer se posesion\u00f3 a dos directivas nacionales, uno es Lucio Quispe que fue elegido por aclamaci\u00f3n, mientras que el ala evista reconoce [&hellip;]","og_url":"https:\/\/www.eldiario.net\/portal\/2023\/08\/21\/campesinos-se-dividen-en-congreso-dirigencia-paralela-defiende-a-arce\/","og_site_name":"El Diario - Bolivia","article_publisher":"https:\/\/www.facebook.com\/eldiario.bolivia\/","article_published_time":"2023-08-21T11:10:00+00:00","author":"Jeanette","twitter_card":"summary_large_image","twitter_creator":"@eldiario_net","twitter_site":"@eldiario_net","twitter_misc":{"Escrito por":"Jeanette"},"schema":{"@context":"https:\/\/schema.org","@graph":[{"@type":"Article","@id":"https:\/\/www.eldiario.net\/portal\/2023\/08\/21\/campesinos-se-dividen-en-congreso-dirigencia-paralela-defiende-a-arce\/#article","isPartOf":{"@id":"https:\/\/www.eldiario.net\/portal\/2023\/08\/21\/campesinos-se-dividen-en-congreso-dirigencia-paralela-defiende-a-arce\/"},"author":{"name":"Jeanette","@id":"https:\/\/www.eldiario.net\/portal\/#\/schema\/person\/f46445640444750d7d753ccd04ae01b7"},"headline":"Campesinos se dividen en congreso; dirigencia paralela defiende a Arce","datePublished":"2023-08-21T11:10:00+00:00","mainEntityOfPage":{"@id":"https:\/\/www.eldiario.net\/portal\/2023\/08\/21\/campesinos-se-dividen-en-congreso-dirigencia-paralela-defiende-a-arce\/"},"wordCount":496,"publisher":{"@id":"https:\/\/www.eldiario.net\/portal\/#organization"},"articleSection":["Nacional"],"inLanguage":"es"},{"@type":"WebPage","@id":"https:\/\/www.eldiario.net\/portal\/2023\/08\/21\/campesinos-se-dividen-en-congreso-dirigencia-paralela-defiende-a-arce\/","url":"https:\/\/www.eldiario.net\/portal\/2023\/08\/21\/campesinos-se-dividen-en-congreso-dirigencia-paralela-defiende-a-arce\/","name":"Campesinos se dividen en congreso; dirigencia paralela defiende a Arce - El Diario - Bolivia","isPartOf":{"@id":"https:\/\/www.eldiario.net\/portal\/#website"},"datePublished":"2023-08-21T11:10:00+00:00","breadcrumb":{"@id":"https:\/\/www.eldiario.net\/portal\/2023\/08\/21\/campesinos-se-dividen-en-congreso-dirigencia-paralela-defiende-a-arce\/#breadcrumb"},"inLanguage":"es","potentialAction":[{"@type":"ReadAction","target":["https:\/\/www.eldiario.net\/portal\/2023\/08\/21\/campesinos-se-dividen-en-congreso-dirigencia-paralela-defiende-a-arce\/"]}]},{"@type":"BreadcrumbList","@id":"https:\/\/www.eldiario.net\/portal\/2023\/08\/21\/campesinos-se-dividen-en-congreso-dirigencia-paralela-defiende-a-arce\/#breadcrumb","itemListElement":[{"@type":"ListItem","position":1,"name":"Portada","item":"https:\/\/www.eldiario.net\/portal\/"},{"@type":"ListItem","position":2,"name":"Campesinos se dividen en congreso; dirigencia paralela defiende a Arce"}]},{"@type":"WebSite","@id":"https:\/\/www.eldiario.net\/portal\/#website","url":"https:\/\/www.eldiario.net\/portal\/","name":"El Diario - Decano de la prensa nacional","description":"El Diario - Decano de la prensa nacional","publisher":{"@id":"https:\/\/www.eldiario.net\/portal\/#organization"},"potentialAction":[{"@type":"SearchAction","target":{"@type":"EntryPoint","urlTemplate":"https:\/\/www.eldiario.net\/portal\/?s={search_term_string}"},"query-input":{"@type":"PropertyValueSpecification","valueRequired":true,"valueName":"search_term_string"}}],"inLanguage":"es"},{"@type":"Organization","@id":"https:\/\/www.eldiario.net\/portal\/#organization","name":"El Diario - Decano de la prensa nacional","url":"https:\/\/www.eldiario.net\/portal\/","logo":{"@type":"ImageObject","inLanguage":"es","@id":"https:\/\/www.eldiario.net\/portal\/#\/schema\/logo\/image\/","url":"https:\/\/www.eldiario.net\/portal\/wp-content\/uploads\/2023\/07\/logo_ED.jpg","contentUrl":"https:\/\/www.eldiario.net\/portal\/wp-content\/uploads\/2023\/07\/logo_ED.jpg","width":272,"height":52,"caption":"El Diario - Decano de la prensa nacional"},"image":{"@id":"https:\/\/www.eldiario.net\/portal\/#\/schema\/logo\/image\/"},"sameAs":["https:\/\/www.facebook.com\/eldiario.bolivia\/","https:\/\/x.com\/eldiario_net"]},{"@type":"Person","@id":"https:\/\/www.eldiario.net\/portal\/#\/schema\/person\/f46445640444750d7d753ccd04ae01b7","name":"Jeanette","image":{"@type":"ImageObject","inLanguage":"es","@id":"https:\/\/secure.gravatar.com\/avatar\/3ea2118a5f7dad2b7138b1187a6b7ee55f160b9968b66013c3a3ef39dd7e5798?s=96&d=mm&r=g","url":"https:\/\/secure.gravatar.com\/avatar\/3ea2118a5f7dad2b7138b1187a6b7ee55f160b9968b66013c3a3ef39dd7e5798?s=96&d=mm&r=g","contentUrl":"https:\/\/secure.gravatar.com\/avatar\/3ea2118a5f7dad2b7138b1187a6b7ee55f160b9968b66013c3a3ef39dd7e5798?s=96&d=mm&r=g","caption":"Jeanette"},"sameAs":["https:\/\/www.eldiario.net\/portal"],"url":"https:\/\/www.eldiario.net\/portal\/author\/jeanette\/"}]}},"_links":{"self":[{"href":"https:\/\/www.eldiario.net\/portal\/wp-json\/wp\/v2\/posts\/172200","targetHints":{"allow":["GET"]}}],"collection":[{"href":"https:\/\/www.eldiario.net\/portal\/wp-json\/wp\/v2\/posts"}],"about":[{"href":"https:\/\/www.eldiario.net\/portal\/wp-json\/wp\/v2\/types\/post"}],"author":[{"embeddable":true,"href":"https:\/\/www.eldiario.net\/portal\/wp-json\/wp\/v2\/users\/1"}],"replies":[{"embeddable":true,"href":"https:\/\/www.eldiario.net\/portal\/wp-json\/wp\/v2\/comments?post=172200"}],"version-history":[{"count":0,"href":"https:\/\/www.eldiario.net\/portal\/wp-json\/wp\/v2\/posts\/172200\/revisions"}],"wp:attachment":[{"href":"https:\/\/www.eldiario.net\/portal\/wp-json\/wp\/v2\/media?parent=172200"}],"wp:term":[{"taxonomy":"category","embeddable":true,"href":"https:\/\/www.eldiario.net\/portal\/wp-json\/wp\/v2\/categories?post=172200"},{"taxonomy":"post_tag","embeddable":true,"href":"https:\/\/www.eldiario.net\/portal\/wp-json\/wp\/v2\/tags?post=172200"}],"curies":[{"name":"wp","href":"https:\/\/api.w.org\/{rel}","templated":true}]}}