{"id":172197,"date":"2023-08-21T07:09:08","date_gmt":"2023-08-21T11:09:08","guid":{"rendered":"https:\/\/www.eldiario.net\/portal\/?p=172197"},"modified":"2023-08-21T07:09:08","modified_gmt":"2023-08-21T11:09:08","slug":"quinua-tropicalizada-triplica-la-produccion-por-hectarea","status":"publish","type":"post","link":"https:\/\/www.eldiario.net\/portal\/2023\/08\/21\/quinua-tropicalizada-triplica-la-produccion-por-hectarea\/","title":{"rendered":"Quinua tropicalizada triplica  la producci\u00f3n por hect\u00e1rea"},"content":{"rendered":"<p>El docente e investigador de la Universidad Aut\u00f3noma Gabriel Ren\u00e9 Moreno (Uagrm), Mar\u00edn Condori, inform\u00f3 que la nueva quinua tropicalizada que se cultiva en el oriente del pa\u00eds tiene un rendimiento promedio de 1.500 kilos por hect\u00e1rea, tres veces m\u00e1s que en el altiplano.<br \/>\n\u201cEsa es una de las grandes ganancias que el sector ha tenido con esta investigaci\u00f3n en quinua tropicalizada, conocemos que en el altiplano se tiene un rendimiento entre 500 a 600 kilos por hect\u00e1rea, nosotros con esta quinua estamos hablando de 1.500 kilos por hect\u00e1rea, en promedio, estamos hablando de tres veces m\u00e1s que en el altiplano\u201d, se\u00f1al\u00f3 a ANF el investigador que tambi\u00e9n es socio de la empresa Altei, responsable de la exportaci\u00f3n.<br \/>\nCondori indic\u00f3 que incluso, si se dan las condiciones adecuadas de riego, fertilizaci\u00f3n, manejo oportuno de malezas y prevenci\u00f3n de enfermedades, el cultivo tiene un techo gen\u00e9tico de producci\u00f3n de hasta cinco toneladas (5.000 kilos) por hect\u00e1rea. \u201cEstamos hablando entre 8 a 10 veces m\u00e1s que el altiplano en tema de producci\u00f3n por hect\u00e1rea\u201d, apunt\u00f3.<br \/>\nEn 2022, el investigador junto a la Universidad present\u00f3 la primera variedad de quinua tropicalizada conocida como Uagrm-FINE para ser producida y comercializada. En la universidad se habilitaron 405 hect\u00e1reas para la producci\u00f3n y fuera de los predios universitarios otras 1.600 hect\u00e1reas.<br \/>\nCondori estim\u00f3 que en unos 30 d\u00edas m\u00e1s se levantar\u00e1 la cosecha de este cultivo durante el invierno y ya habr\u00e1 semilla para la pr\u00f3xima campa\u00f1a. \u201cLa variedad est\u00e1 desarrollada a trav\u00e9s de gen\u00e9tica y mejoramiento de plantas para las condiciones de los llanos de alta temperatura, no es un material desarrollado para el fr\u00edo, entonces este material es totalmente diferente\u201d, dijo.<br \/>\nFueron 12 a\u00f1os de investigaci\u00f3n y adecuaci\u00f3n de la semilla a territorios de alta temperatura, para que los agricultores puedan tener una alternancia m\u00e1s durante el invierno, explic\u00f3.<br \/>\nTodo este proceso, indic\u00f3 el investigador, no ha alterado las propiedades de aroma y sabor de la quinua y mucho menos su calidad nutricional. La \u00fanica diferencia con la quinua del altiplano es el tama\u00f1o del grano, sin embargo, \u201ces cuesti\u00f3n de gen\u00e9tica y mejoramiento\u201d para conseguirlo.<br \/>\n\u201cEn cuanto a las propiedades organol\u00e9pticas son las mismas. Cuando hablamos de caracter\u00edsticas organol\u00e9pticas, estamos hablando del aroma, del sabor. Ahora, referente a la parte nutricional, tiene la equivalencia sustancial en cuanto a su composici\u00f3n de la quinua del altiplano, no hay ninguna diferencia marcada en relaci\u00f3n a la parte nutricional, eso principalmente en lo que respecta a los amino\u00e1cidos\u201d, apunt\u00f3.<br \/>\nCondori explic\u00f3 que hay inter\u00e9s de los productores del oriente en el cultivo de la quinua, y quienes quieren ensayar con 50 y 100 hect\u00e1reas, pero tambi\u00e9n hay agricultores interesados en participar con 1.000 hect\u00e1reas. \u201cYo creo que para el 2024 vamos a estar con una superficie muy significativa con este cultivo\u201d.<br \/>\nLa quinua tropicalizada apunta a cubrir mercados en Europa y Asia con los diferentes derivados del grano andino, dijo el investigador, debido a que hay gran demanda insatisfecha. Sobre la quinua del altiplano, indic\u00f3 que \u00e9sta ya tiene nicho en algunos mercados internacionales, muy bien ganados por el tipo \u201cquinua real\u201d.<br \/>\n\u201cEl mundo demanda mucha quinua y nosotros no satisfacemos esa demanda emergente que hay en el cultivo, la quinua del altiplano es un nicho, ellos comercializan y est\u00e1 bien, pero tambi\u00e9n tiene varios usos, hay derivados, hay harina, hay hojuelas, hay barras energ\u00e9ticas, es enorme la variedad, pero nosotros estamos pensando en exportar para los mercados europeos y pa\u00edses asi\u00e1ticos\u201d, remarc\u00f3. (ANF).<\/p>\n","protected":false},"excerpt":{"rendered":"<p>El docente e investigador de la Universidad Aut\u00f3noma Gabriel Ren\u00e9 Moreno (Uagrm), Mar\u00edn Condori, inform\u00f3 que la nueva quinua tropicalizada que se cultiva en el oriente del pa\u00eds tiene un rendimiento promedio de 1.500 kilos por hect\u00e1rea, tres veces m\u00e1s que en el altiplano. \u201cEsa es una de las grandes ganancias que el sector ha [&hellip;]<\/p>\n","protected":false},"author":1,"featured_media":172198,"comment_status":"closed","ping_status":"open","sticky":false,"template":"","format":"standard","meta":{"_acf_changed":false,"footnotes":""},"categories":[12],"tags":[],"class_list":["post-172197","post","type-post","status-publish","format-standard","has-post-thumbnail","category-nacional"],"acf":{"antetitulo":""},"yoast_head":"<!-- This site is optimized with the Yoast SEO plugin v28.3 - https:\/\/yoast.com\/product\/yoast-seo-wordpress\/ -->\n<title>Quinua tropicalizada triplica la producci\u00f3n por hect\u00e1rea - El Diario - Bolivia<\/title>\n<meta name=\"robots\" content=\"index, follow, max-snippet:-1, max-image-preview:large, max-video-preview:-1\" \/>\n<link rel=\"canonical\" href=\"https:\/\/www.eldiario.net\/portal\/2023\/08\/21\/quinua-tropicalizada-triplica-la-produccion-por-hectarea\/\" \/>\n<meta property=\"og:locale\" content=\"es_ES\" \/>\n<meta property=\"og:type\" content=\"article\" \/>\n<meta property=\"og:title\" content=\"Quinua tropicalizada triplica la producci\u00f3n por hect\u00e1rea - El Diario - Bolivia\" \/>\n<meta property=\"og:description\" content=\"El docente e investigador de la Universidad Aut\u00f3noma Gabriel Ren\u00e9 Moreno (Uagrm), Mar\u00edn Condori, inform\u00f3 que la nueva quinua tropicalizada que se cultiva en el oriente del pa\u00eds tiene un rendimiento promedio de 1.500 kilos por hect\u00e1rea, tres veces m\u00e1s que en el altiplano. \u201cEsa es una de las grandes ganancias que el sector ha [&hellip;]\" \/>\n<meta property=\"og:url\" content=\"https:\/\/www.eldiario.net\/portal\/2023\/08\/21\/quinua-tropicalizada-triplica-la-produccion-por-hectarea\/\" \/>\n<meta property=\"og:site_name\" content=\"El Diario - Bolivia\" \/>\n<meta property=\"article:publisher\" content=\"https:\/\/www.facebook.com\/eldiario.bolivia\/\" \/>\n<meta property=\"article:published_time\" content=\"2023-08-21T11:09:08+00:00\" \/>\n<meta property=\"og:image\" content=\"https:\/\/www.eldiario.net\/portal\/wp-content\/uploads\/2023\/08\/72-NAL-3.jpg\" \/>\n\t<meta property=\"og:image:width\" content=\"600\" \/>\n\t<meta property=\"og:image:height\" content=\"338\" \/>\n\t<meta property=\"og:image:type\" content=\"image\/jpeg\" \/>\n<meta name=\"author\" content=\"Jeanette\" \/>\n<meta name=\"twitter:card\" content=\"summary_large_image\" \/>\n<meta name=\"twitter:creator\" content=\"@eldiario_net\" \/>\n<meta name=\"twitter:site\" content=\"@eldiario_net\" \/>\n<meta name=\"twitter:label1\" content=\"Escrito por\" \/>\n\t<meta name=\"twitter:data1\" content=\"Jeanette\" \/>\n\t<meta name=\"twitter:label2\" content=\"Tiempo de lectura\" \/>\n\t<meta name=\"twitter:data2\" content=\"3 minutos\" \/>\n<script type=\"application\/ld+json\" class=\"yoast-schema-graph\">{\"@context\":\"https:\\\/\\\/schema.org\",\"@graph\":[{\"@type\":\"Article\",\"@id\":\"https:\\\/\\\/www.eldiario.net\\\/portal\\\/2023\\\/08\\\/21\\\/quinua-tropicalizada-triplica-la-produccion-por-hectarea\\\/#article\",\"isPartOf\":{\"@id\":\"https:\\\/\\\/www.eldiario.net\\\/portal\\\/2023\\\/08\\\/21\\\/quinua-tropicalizada-triplica-la-produccion-por-hectarea\\\/\"},\"author\":{\"name\":\"Jeanette\",\"@id\":\"https:\\\/\\\/www.eldiario.net\\\/portal\\\/#\\\/schema\\\/person\\\/f46445640444750d7d753ccd04ae01b7\"},\"headline\":\"Quinua tropicalizada triplica la producci\u00f3n por hect\u00e1rea\",\"datePublished\":\"2023-08-21T11:09:08+00:00\",\"mainEntityOfPage\":{\"@id\":\"https:\\\/\\\/www.eldiario.net\\\/portal\\\/2023\\\/08\\\/21\\\/quinua-tropicalizada-triplica-la-produccion-por-hectarea\\\/\"},\"wordCount\":622,\"publisher\":{\"@id\":\"https:\\\/\\\/www.eldiario.net\\\/portal\\\/#organization\"},\"image\":{\"@id\":\"https:\\\/\\\/www.eldiario.net\\\/portal\\\/2023\\\/08\\\/21\\\/quinua-tropicalizada-triplica-la-produccion-por-hectarea\\\/#primaryimage\"},\"thumbnailUrl\":\"https:\\\/\\\/www.eldiario.net\\\/portal\\\/wp-content\\\/uploads\\\/2023\\\/08\\\/72-NAL-3.jpg\",\"articleSection\":[\"Nacional\"],\"inLanguage\":\"es\"},{\"@type\":\"WebPage\",\"@id\":\"https:\\\/\\\/www.eldiario.net\\\/portal\\\/2023\\\/08\\\/21\\\/quinua-tropicalizada-triplica-la-produccion-por-hectarea\\\/\",\"url\":\"https:\\\/\\\/www.eldiario.net\\\/portal\\\/2023\\\/08\\\/21\\\/quinua-tropicalizada-triplica-la-produccion-por-hectarea\\\/\",\"name\":\"Quinua tropicalizada triplica la producci\u00f3n por hect\u00e1rea - El Diario - Bolivia\",\"isPartOf\":{\"@id\":\"https:\\\/\\\/www.eldiario.net\\\/portal\\\/#website\"},\"primaryImageOfPage\":{\"@id\":\"https:\\\/\\\/www.eldiario.net\\\/portal\\\/2023\\\/08\\\/21\\\/quinua-tropicalizada-triplica-la-produccion-por-hectarea\\\/#primaryimage\"},\"image\":{\"@id\":\"https:\\\/\\\/www.eldiario.net\\\/portal\\\/2023\\\/08\\\/21\\\/quinua-tropicalizada-triplica-la-produccion-por-hectarea\\\/#primaryimage\"},\"thumbnailUrl\":\"https:\\\/\\\/www.eldiario.net\\\/portal\\\/wp-content\\\/uploads\\\/2023\\\/08\\\/72-NAL-3.jpg\",\"datePublished\":\"2023-08-21T11:09:08+00:00\",\"breadcrumb\":{\"@id\":\"https:\\\/\\\/www.eldiario.net\\\/portal\\\/2023\\\/08\\\/21\\\/quinua-tropicalizada-triplica-la-produccion-por-hectarea\\\/#breadcrumb\"},\"inLanguage\":\"es\",\"potentialAction\":[{\"@type\":\"ReadAction\",\"target\":[\"https:\\\/\\\/www.eldiario.net\\\/portal\\\/2023\\\/08\\\/21\\\/quinua-tropicalizada-triplica-la-produccion-por-hectarea\\\/\"]}]},{\"@type\":\"ImageObject\",\"inLanguage\":\"es\",\"@id\":\"https:\\\/\\\/www.eldiario.net\\\/portal\\\/2023\\\/08\\\/21\\\/quinua-tropicalizada-triplica-la-produccion-por-hectarea\\\/#primaryimage\",\"url\":\"https:\\\/\\\/www.eldiario.net\\\/portal\\\/wp-content\\\/uploads\\\/2023\\\/08\\\/72-NAL-3.jpg\",\"contentUrl\":\"https:\\\/\\\/www.eldiario.net\\\/portal\\\/wp-content\\\/uploads\\\/2023\\\/08\\\/72-NAL-3.jpg\",\"width\":600,\"height\":338},{\"@type\":\"BreadcrumbList\",\"@id\":\"https:\\\/\\\/www.eldiario.net\\\/portal\\\/2023\\\/08\\\/21\\\/quinua-tropicalizada-triplica-la-produccion-por-hectarea\\\/#breadcrumb\",\"itemListElement\":[{\"@type\":\"ListItem\",\"position\":1,\"name\":\"Portada\",\"item\":\"https:\\\/\\\/www.eldiario.net\\\/portal\\\/\"},{\"@type\":\"ListItem\",\"position\":2,\"name\":\"Quinua tropicalizada triplica la producci\u00f3n por hect\u00e1rea\"}]},{\"@type\":\"WebSite\",\"@id\":\"https:\\\/\\\/www.eldiario.net\\\/portal\\\/#website\",\"url\":\"https:\\\/\\\/www.eldiario.net\\\/portal\\\/\",\"name\":\"El Diario - Decano de la prensa nacional\",\"description\":\"El Diario - Decano de la prensa nacional\",\"publisher\":{\"@id\":\"https:\\\/\\\/www.eldiario.net\\\/portal\\\/#organization\"},\"potentialAction\":[{\"@type\":\"SearchAction\",\"target\":{\"@type\":\"EntryPoint\",\"urlTemplate\":\"https:\\\/\\\/www.eldiario.net\\\/portal\\\/?s={search_term_string}\"},\"query-input\":{\"@type\":\"PropertyValueSpecification\",\"valueRequired\":true,\"valueName\":\"search_term_string\"}}],\"inLanguage\":\"es\"},{\"@type\":\"Organization\",\"@id\":\"https:\\\/\\\/www.eldiario.net\\\/portal\\\/#organization\",\"name\":\"El Diario - Decano de la prensa nacional\",\"url\":\"https:\\\/\\\/www.eldiario.net\\\/portal\\\/\",\"logo\":{\"@type\":\"ImageObject\",\"inLanguage\":\"es\",\"@id\":\"https:\\\/\\\/www.eldiario.net\\\/portal\\\/#\\\/schema\\\/logo\\\/image\\\/\",\"url\":\"https:\\\/\\\/www.eldiario.net\\\/portal\\\/wp-content\\\/uploads\\\/2023\\\/07\\\/logo_ED.jpg\",\"contentUrl\":\"https:\\\/\\\/www.eldiario.net\\\/portal\\\/wp-content\\\/uploads\\\/2023\\\/07\\\/logo_ED.jpg\",\"width\":272,\"height\":52,\"caption\":\"El Diario - Decano de la prensa nacional\"},\"image\":{\"@id\":\"https:\\\/\\\/www.eldiario.net\\\/portal\\\/#\\\/schema\\\/logo\\\/image\\\/\"},\"sameAs\":[\"https:\\\/\\\/www.facebook.com\\\/eldiario.bolivia\\\/\",\"https:\\\/\\\/x.com\\\/eldiario_net\"]},{\"@type\":\"Person\",\"@id\":\"https:\\\/\\\/www.eldiario.net\\\/portal\\\/#\\\/schema\\\/person\\\/f46445640444750d7d753ccd04ae01b7\",\"name\":\"Jeanette\",\"image\":{\"@type\":\"ImageObject\",\"inLanguage\":\"es\",\"@id\":\"https:\\\/\\\/secure.gravatar.com\\\/avatar\\\/3ea2118a5f7dad2b7138b1187a6b7ee55f160b9968b66013c3a3ef39dd7e5798?s=96&d=mm&r=g\",\"url\":\"https:\\\/\\\/secure.gravatar.com\\\/avatar\\\/3ea2118a5f7dad2b7138b1187a6b7ee55f160b9968b66013c3a3ef39dd7e5798?s=96&d=mm&r=g\",\"contentUrl\":\"https:\\\/\\\/secure.gravatar.com\\\/avatar\\\/3ea2118a5f7dad2b7138b1187a6b7ee55f160b9968b66013c3a3ef39dd7e5798?s=96&d=mm&r=g\",\"caption\":\"Jeanette\"},\"sameAs\":[\"https:\\\/\\\/www.eldiario.net\\\/portal\"],\"url\":\"https:\\\/\\\/www.eldiario.net\\\/portal\\\/author\\\/jeanette\\\/\"}]}<\/script>\n<!-- \/ Yoast SEO plugin. -->","yoast_head_json":{"title":"Quinua tropicalizada triplica la producci\u00f3n por hect\u00e1rea - El Diario - Bolivia","robots":{"index":"index","follow":"follow","max-snippet":"max-snippet:-1","max-image-preview":"max-image-preview:large","max-video-preview":"max-video-preview:-1"},"canonical":"https:\/\/www.eldiario.net\/portal\/2023\/08\/21\/quinua-tropicalizada-triplica-la-produccion-por-hectarea\/","og_locale":"es_ES","og_type":"article","og_title":"Quinua tropicalizada triplica la producci\u00f3n por hect\u00e1rea - El Diario - Bolivia","og_description":"El docente e investigador de la Universidad Aut\u00f3noma Gabriel Ren\u00e9 Moreno (Uagrm), Mar\u00edn Condori, inform\u00f3 que la nueva quinua tropicalizada que se cultiva en el oriente del pa\u00eds tiene un rendimiento promedio de 1.500 kilos por hect\u00e1rea, tres veces m\u00e1s que en el altiplano. \u201cEsa es una de las grandes ganancias que el sector ha [&hellip;]","og_url":"https:\/\/www.eldiario.net\/portal\/2023\/08\/21\/quinua-tropicalizada-triplica-la-produccion-por-hectarea\/","og_site_name":"El Diario - Bolivia","article_publisher":"https:\/\/www.facebook.com\/eldiario.bolivia\/","article_published_time":"2023-08-21T11:09:08+00:00","og_image":[{"width":600,"height":338,"url":"https:\/\/www.eldiario.net\/portal\/wp-content\/uploads\/2023\/08\/72-NAL-3.jpg","type":"image\/jpeg"}],"author":"Jeanette","twitter_card":"summary_large_image","twitter_creator":"@eldiario_net","twitter_site":"@eldiario_net","twitter_misc":{"Escrito por":"Jeanette","Tiempo de lectura":"3 minutos"},"schema":{"@context":"https:\/\/schema.org","@graph":[{"@type":"Article","@id":"https:\/\/www.eldiario.net\/portal\/2023\/08\/21\/quinua-tropicalizada-triplica-la-produccion-por-hectarea\/#article","isPartOf":{"@id":"https:\/\/www.eldiario.net\/portal\/2023\/08\/21\/quinua-tropicalizada-triplica-la-produccion-por-hectarea\/"},"author":{"name":"Jeanette","@id":"https:\/\/www.eldiario.net\/portal\/#\/schema\/person\/f46445640444750d7d753ccd04ae01b7"},"headline":"Quinua tropicalizada triplica la producci\u00f3n por hect\u00e1rea","datePublished":"2023-08-21T11:09:08+00:00","mainEntityOfPage":{"@id":"https:\/\/www.eldiario.net\/portal\/2023\/08\/21\/quinua-tropicalizada-triplica-la-produccion-por-hectarea\/"},"wordCount":622,"publisher":{"@id":"https:\/\/www.eldiario.net\/portal\/#organization"},"image":{"@id":"https:\/\/www.eldiario.net\/portal\/2023\/08\/21\/quinua-tropicalizada-triplica-la-produccion-por-hectarea\/#primaryimage"},"thumbnailUrl":"https:\/\/www.eldiario.net\/portal\/wp-content\/uploads\/2023\/08\/72-NAL-3.jpg","articleSection":["Nacional"],"inLanguage":"es"},{"@type":"WebPage","@id":"https:\/\/www.eldiario.net\/portal\/2023\/08\/21\/quinua-tropicalizada-triplica-la-produccion-por-hectarea\/","url":"https:\/\/www.eldiario.net\/portal\/2023\/08\/21\/quinua-tropicalizada-triplica-la-produccion-por-hectarea\/","name":"Quinua tropicalizada triplica la producci\u00f3n por hect\u00e1rea - El Diario - Bolivia","isPartOf":{"@id":"https:\/\/www.eldiario.net\/portal\/#website"},"primaryImageOfPage":{"@id":"https:\/\/www.eldiario.net\/portal\/2023\/08\/21\/quinua-tropicalizada-triplica-la-produccion-por-hectarea\/#primaryimage"},"image":{"@id":"https:\/\/www.eldiario.net\/portal\/2023\/08\/21\/quinua-tropicalizada-triplica-la-produccion-por-hectarea\/#primaryimage"},"thumbnailUrl":"https:\/\/www.eldiario.net\/portal\/wp-content\/uploads\/2023\/08\/72-NAL-3.jpg","datePublished":"2023-08-21T11:09:08+00:00","breadcrumb":{"@id":"https:\/\/www.eldiario.net\/portal\/2023\/08\/21\/quinua-tropicalizada-triplica-la-produccion-por-hectarea\/#breadcrumb"},"inLanguage":"es","potentialAction":[{"@type":"ReadAction","target":["https:\/\/www.eldiario.net\/portal\/2023\/08\/21\/quinua-tropicalizada-triplica-la-produccion-por-hectarea\/"]}]},{"@type":"ImageObject","inLanguage":"es","@id":"https:\/\/www.eldiario.net\/portal\/2023\/08\/21\/quinua-tropicalizada-triplica-la-produccion-por-hectarea\/#primaryimage","url":"https:\/\/www.eldiario.net\/portal\/wp-content\/uploads\/2023\/08\/72-NAL-3.jpg","contentUrl":"https:\/\/www.eldiario.net\/portal\/wp-content\/uploads\/2023\/08\/72-NAL-3.jpg","width":600,"height":338},{"@type":"BreadcrumbList","@id":"https:\/\/www.eldiario.net\/portal\/2023\/08\/21\/quinua-tropicalizada-triplica-la-produccion-por-hectarea\/#breadcrumb","itemListElement":[{"@type":"ListItem","position":1,"name":"Portada","item":"https:\/\/www.eldiario.net\/portal\/"},{"@type":"ListItem","position":2,"name":"Quinua tropicalizada triplica la producci\u00f3n por hect\u00e1rea"}]},{"@type":"WebSite","@id":"https:\/\/www.eldiario.net\/portal\/#website","url":"https:\/\/www.eldiario.net\/portal\/","name":"El Diario - Decano de la prensa nacional","description":"El Diario - Decano de la prensa nacional","publisher":{"@id":"https:\/\/www.eldiario.net\/portal\/#organization"},"potentialAction":[{"@type":"SearchAction","target":{"@type":"EntryPoint","urlTemplate":"https:\/\/www.eldiario.net\/portal\/?s={search_term_string}"},"query-input":{"@type":"PropertyValueSpecification","valueRequired":true,"valueName":"search_term_string"}}],"inLanguage":"es"},{"@type":"Organization","@id":"https:\/\/www.eldiario.net\/portal\/#organization","name":"El Diario - Decano de la prensa nacional","url":"https:\/\/www.eldiario.net\/portal\/","logo":{"@type":"ImageObject","inLanguage":"es","@id":"https:\/\/www.eldiario.net\/portal\/#\/schema\/logo\/image\/","url":"https:\/\/www.eldiario.net\/portal\/wp-content\/uploads\/2023\/07\/logo_ED.jpg","contentUrl":"https:\/\/www.eldiario.net\/portal\/wp-content\/uploads\/2023\/07\/logo_ED.jpg","width":272,"height":52,"caption":"El Diario - Decano de la prensa nacional"},"image":{"@id":"https:\/\/www.eldiario.net\/portal\/#\/schema\/logo\/image\/"},"sameAs":["https:\/\/www.facebook.com\/eldiario.bolivia\/","https:\/\/x.com\/eldiario_net"]},{"@type":"Person","@id":"https:\/\/www.eldiario.net\/portal\/#\/schema\/person\/f46445640444750d7d753ccd04ae01b7","name":"Jeanette","image":{"@type":"ImageObject","inLanguage":"es","@id":"https:\/\/secure.gravatar.com\/avatar\/3ea2118a5f7dad2b7138b1187a6b7ee55f160b9968b66013c3a3ef39dd7e5798?s=96&d=mm&r=g","url":"https:\/\/secure.gravatar.com\/avatar\/3ea2118a5f7dad2b7138b1187a6b7ee55f160b9968b66013c3a3ef39dd7e5798?s=96&d=mm&r=g","contentUrl":"https:\/\/secure.gravatar.com\/avatar\/3ea2118a5f7dad2b7138b1187a6b7ee55f160b9968b66013c3a3ef39dd7e5798?s=96&d=mm&r=g","caption":"Jeanette"},"sameAs":["https:\/\/www.eldiario.net\/portal"],"url":"https:\/\/www.eldiario.net\/portal\/author\/jeanette\/"}]}},"_links":{"self":[{"href":"https:\/\/www.eldiario.net\/portal\/wp-json\/wp\/v2\/posts\/172197","targetHints":{"allow":["GET"]}}],"collection":[{"href":"https:\/\/www.eldiario.net\/portal\/wp-json\/wp\/v2\/posts"}],"about":[{"href":"https:\/\/www.eldiario.net\/portal\/wp-json\/wp\/v2\/types\/post"}],"author":[{"embeddable":true,"href":"https:\/\/www.eldiario.net\/portal\/wp-json\/wp\/v2\/users\/1"}],"replies":[{"embeddable":true,"href":"https:\/\/www.eldiario.net\/portal\/wp-json\/wp\/v2\/comments?post=172197"}],"version-history":[{"count":0,"href":"https:\/\/www.eldiario.net\/portal\/wp-json\/wp\/v2\/posts\/172197\/revisions"}],"wp:featuredmedia":[{"embeddable":true,"href":"https:\/\/www.eldiario.net\/portal\/wp-json\/wp\/v2\/media\/172198"}],"wp:attachment":[{"href":"https:\/\/www.eldiario.net\/portal\/wp-json\/wp\/v2\/media?parent=172197"}],"wp:term":[{"taxonomy":"category","embeddable":true,"href":"https:\/\/www.eldiario.net\/portal\/wp-json\/wp\/v2\/categories?post=172197"},{"taxonomy":"post_tag","embeddable":true,"href":"https:\/\/www.eldiario.net\/portal\/wp-json\/wp\/v2\/tags?post=172197"}],"curies":[{"name":"wp","href":"https:\/\/api.w.org\/{rel}","templated":true}]}}