{"id":172194,"date":"2023-08-21T07:07:52","date_gmt":"2023-08-21T11:07:52","guid":{"rendered":"https:\/\/www.eldiario.net\/portal\/?p=172194"},"modified":"2023-08-21T07:07:52","modified_gmt":"2023-08-21T11:07:52","slug":"perforaran-8-pozos-en-san-rafael-para-ayudar-a-mitigar-emergencia-hidrica","status":"publish","type":"post","link":"https:\/\/www.eldiario.net\/portal\/2023\/08\/21\/perforaran-8-pozos-en-san-rafael-para-ayudar-a-mitigar-emergencia-hidrica\/","title":{"rendered":"Perforar\u00e1n 8 pozos en San Rafael para  ayudar a mitigar emergencia h\u00eddrica"},"content":{"rendered":"<p>Un convenio firmado entre la Gobernaci\u00f3n y el municipio de San Rafael establece la perforaci\u00f3n de ocho pozos de agua en las comunidades m\u00e1s afectadas por sequ\u00eda de esa parte del departamento cruce\u00f1o.<br \/>\nEl director del Servicio Departamental de Gesti\u00f3n de Recursos H\u00eddricos dependiente de la Secretar\u00eda de Desarrollo Sostenible y Medio Ambiente, Javier Porras, realiz\u00f3 una firma de convenio con el municipio de San Rafael en la provincia Velasco, en donde el ente departamental invertir\u00e1 la suma de Bs 711.922, para la perforaci\u00f3n de pozos de agua y ayudar a la poblaci\u00f3n.<br \/>\n\u201cAcabamos de firmar un convenio con el municipio de San Rafael, para iniciar la perforaci\u00f3n de los ocho pozos de agua, tres en la comunidad San Josema, uno en la comunidad San Pablo, uno en la comunidad Santa Rosita de Lima, donde nos encontramos y tres pozos en la zona urbana del municipio. El mandato que tenemos por parte de nuestro gobernador Luis Fernando Camacho, es trabajar de cerca, llegar hasta el \u00faltimo rinc\u00f3n de este departamento con agua y lo estamos haciendo\u201d, afirm\u00f3 Porras.<br \/>\nLa firma de convenio compromete tanto a la Gobernaci\u00f3n como al Gobierno municipal, \u00e9ste \u00faltimo debe poner una contraparte del costo total de la obra.<br \/>\nPor su parte, el alcalde de San Rafael, Jorge Vargas Roca, valor\u00f3 el trabajo que la Gobernaci\u00f3n est\u00e1 realizando en los municipios, m\u00e1s aun trat\u00e1ndose de algo tan importante como el acceso al agua. (Santa Cruz, agencias).<\/p>\n","protected":false},"excerpt":{"rendered":"<p>Un convenio firmado entre la Gobernaci\u00f3n y el municipio de San Rafael establece la perforaci\u00f3n de ocho pozos de agua en las comunidades m\u00e1s afectadas por sequ\u00eda de esa parte del departamento cruce\u00f1o. El director del Servicio Departamental de Gesti\u00f3n de Recursos H\u00eddricos dependiente de la Secretar\u00eda de Desarrollo Sostenible y Medio Ambiente, Javier Porras, [&hellip;]<\/p>\n","protected":false},"author":1,"featured_media":172195,"comment_status":"closed","ping_status":"open","sticky":false,"template":"","format":"standard","meta":{"_acf_changed":false,"footnotes":""},"categories":[12],"tags":[],"class_list":["post-172194","post","type-post","status-publish","format-standard","has-post-thumbnail","category-nacional"],"acf":{"antetitulo":""},"yoast_head":"<!-- This site is optimized with the Yoast SEO plugin v28.3 - https:\/\/yoast.com\/product\/yoast-seo-wordpress\/ -->\n<title>Perforar\u00e1n 8 pozos en San Rafael para ayudar a mitigar emergencia h\u00eddrica - El Diario - Bolivia<\/title>\n<meta name=\"robots\" content=\"index, follow, max-snippet:-1, max-image-preview:large, max-video-preview:-1\" \/>\n<link rel=\"canonical\" href=\"https:\/\/www.eldiario.net\/portal\/2023\/08\/21\/perforaran-8-pozos-en-san-rafael-para-ayudar-a-mitigar-emergencia-hidrica\/\" \/>\n<meta property=\"og:locale\" content=\"es_ES\" \/>\n<meta property=\"og:type\" content=\"article\" \/>\n<meta property=\"og:title\" content=\"Perforar\u00e1n 8 pozos en San Rafael para ayudar a mitigar emergencia h\u00eddrica - El Diario - Bolivia\" \/>\n<meta property=\"og:description\" content=\"Un convenio firmado entre la Gobernaci\u00f3n y el municipio de San Rafael establece la perforaci\u00f3n de ocho pozos de agua en las comunidades m\u00e1s afectadas por sequ\u00eda de esa parte del departamento cruce\u00f1o. El director del Servicio Departamental de Gesti\u00f3n de Recursos H\u00eddricos dependiente de la Secretar\u00eda de Desarrollo Sostenible y Medio Ambiente, Javier Porras, [&hellip;]\" \/>\n<meta property=\"og:url\" content=\"https:\/\/www.eldiario.net\/portal\/2023\/08\/21\/perforaran-8-pozos-en-san-rafael-para-ayudar-a-mitigar-emergencia-hidrica\/\" \/>\n<meta property=\"og:site_name\" content=\"El Diario - Bolivia\" \/>\n<meta property=\"article:publisher\" content=\"https:\/\/www.facebook.com\/eldiario.bolivia\/\" \/>\n<meta property=\"article:published_time\" content=\"2023-08-21T11:07:52+00:00\" \/>\n<meta property=\"og:image\" content=\"https:\/\/www.eldiario.net\/portal\/wp-content\/uploads\/2023\/08\/71-NAL.jpeg\" \/>\n\t<meta property=\"og:image:width\" content=\"1600\" \/>\n\t<meta property=\"og:image:height\" content=\"900\" \/>\n\t<meta property=\"og:image:type\" content=\"image\/jpeg\" \/>\n<meta name=\"author\" content=\"Jeanette\" \/>\n<meta name=\"twitter:card\" content=\"summary_large_image\" \/>\n<meta name=\"twitter:creator\" content=\"@eldiario_net\" \/>\n<meta name=\"twitter:site\" content=\"@eldiario_net\" \/>\n<meta name=\"twitter:label1\" content=\"Escrito por\" \/>\n\t<meta name=\"twitter:data1\" content=\"Jeanette\" \/>\n\t<meta name=\"twitter:label2\" content=\"Tiempo de lectura\" \/>\n\t<meta name=\"twitter:data2\" content=\"2 minutos\" \/>\n<script type=\"application\/ld+json\" class=\"yoast-schema-graph\">{\"@context\":\"https:\\\/\\\/schema.org\",\"@graph\":[{\"@type\":\"Article\",\"@id\":\"https:\\\/\\\/www.eldiario.net\\\/portal\\\/2023\\\/08\\\/21\\\/perforaran-8-pozos-en-san-rafael-para-ayudar-a-mitigar-emergencia-hidrica\\\/#article\",\"isPartOf\":{\"@id\":\"https:\\\/\\\/www.eldiario.net\\\/portal\\\/2023\\\/08\\\/21\\\/perforaran-8-pozos-en-san-rafael-para-ayudar-a-mitigar-emergencia-hidrica\\\/\"},\"author\":{\"name\":\"Jeanette\",\"@id\":\"https:\\\/\\\/www.eldiario.net\\\/portal\\\/#\\\/schema\\\/person\\\/f46445640444750d7d753ccd04ae01b7\"},\"headline\":\"Perforar\u00e1n 8 pozos en San Rafael para ayudar a mitigar emergencia h\u00eddrica\",\"datePublished\":\"2023-08-21T11:07:52+00:00\",\"mainEntityOfPage\":{\"@id\":\"https:\\\/\\\/www.eldiario.net\\\/portal\\\/2023\\\/08\\\/21\\\/perforaran-8-pozos-en-san-rafael-para-ayudar-a-mitigar-emergencia-hidrica\\\/\"},\"wordCount\":268,\"publisher\":{\"@id\":\"https:\\\/\\\/www.eldiario.net\\\/portal\\\/#organization\"},\"image\":{\"@id\":\"https:\\\/\\\/www.eldiario.net\\\/portal\\\/2023\\\/08\\\/21\\\/perforaran-8-pozos-en-san-rafael-para-ayudar-a-mitigar-emergencia-hidrica\\\/#primaryimage\"},\"thumbnailUrl\":\"https:\\\/\\\/www.eldiario.net\\\/portal\\\/wp-content\\\/uploads\\\/2023\\\/08\\\/71-NAL.jpeg\",\"articleSection\":[\"Nacional\"],\"inLanguage\":\"es\"},{\"@type\":\"WebPage\",\"@id\":\"https:\\\/\\\/www.eldiario.net\\\/portal\\\/2023\\\/08\\\/21\\\/perforaran-8-pozos-en-san-rafael-para-ayudar-a-mitigar-emergencia-hidrica\\\/\",\"url\":\"https:\\\/\\\/www.eldiario.net\\\/portal\\\/2023\\\/08\\\/21\\\/perforaran-8-pozos-en-san-rafael-para-ayudar-a-mitigar-emergencia-hidrica\\\/\",\"name\":\"Perforar\u00e1n 8 pozos en San Rafael para ayudar a mitigar emergencia h\u00eddrica - El Diario - Bolivia\",\"isPartOf\":{\"@id\":\"https:\\\/\\\/www.eldiario.net\\\/portal\\\/#website\"},\"primaryImageOfPage\":{\"@id\":\"https:\\\/\\\/www.eldiario.net\\\/portal\\\/2023\\\/08\\\/21\\\/perforaran-8-pozos-en-san-rafael-para-ayudar-a-mitigar-emergencia-hidrica\\\/#primaryimage\"},\"image\":{\"@id\":\"https:\\\/\\\/www.eldiario.net\\\/portal\\\/2023\\\/08\\\/21\\\/perforaran-8-pozos-en-san-rafael-para-ayudar-a-mitigar-emergencia-hidrica\\\/#primaryimage\"},\"thumbnailUrl\":\"https:\\\/\\\/www.eldiario.net\\\/portal\\\/wp-content\\\/uploads\\\/2023\\\/08\\\/71-NAL.jpeg\",\"datePublished\":\"2023-08-21T11:07:52+00:00\",\"breadcrumb\":{\"@id\":\"https:\\\/\\\/www.eldiario.net\\\/portal\\\/2023\\\/08\\\/21\\\/perforaran-8-pozos-en-san-rafael-para-ayudar-a-mitigar-emergencia-hidrica\\\/#breadcrumb\"},\"inLanguage\":\"es\",\"potentialAction\":[{\"@type\":\"ReadAction\",\"target\":[\"https:\\\/\\\/www.eldiario.net\\\/portal\\\/2023\\\/08\\\/21\\\/perforaran-8-pozos-en-san-rafael-para-ayudar-a-mitigar-emergencia-hidrica\\\/\"]}]},{\"@type\":\"ImageObject\",\"inLanguage\":\"es\",\"@id\":\"https:\\\/\\\/www.eldiario.net\\\/portal\\\/2023\\\/08\\\/21\\\/perforaran-8-pozos-en-san-rafael-para-ayudar-a-mitigar-emergencia-hidrica\\\/#primaryimage\",\"url\":\"https:\\\/\\\/www.eldiario.net\\\/portal\\\/wp-content\\\/uploads\\\/2023\\\/08\\\/71-NAL.jpeg\",\"contentUrl\":\"https:\\\/\\\/www.eldiario.net\\\/portal\\\/wp-content\\\/uploads\\\/2023\\\/08\\\/71-NAL.jpeg\",\"width\":1600,\"height\":900,\"caption\":\"INICIO DE LA PERFORACI\u00d3N DE UNO DE LOS OCHO POZOS PARA LA EXTRACCI\u00d3N DE AGUA.\"},{\"@type\":\"BreadcrumbList\",\"@id\":\"https:\\\/\\\/www.eldiario.net\\\/portal\\\/2023\\\/08\\\/21\\\/perforaran-8-pozos-en-san-rafael-para-ayudar-a-mitigar-emergencia-hidrica\\\/#breadcrumb\",\"itemListElement\":[{\"@type\":\"ListItem\",\"position\":1,\"name\":\"Portada\",\"item\":\"https:\\\/\\\/www.eldiario.net\\\/portal\\\/\"},{\"@type\":\"ListItem\",\"position\":2,\"name\":\"Perforar\u00e1n 8 pozos en San Rafael para ayudar a mitigar emergencia h\u00eddrica\"}]},{\"@type\":\"WebSite\",\"@id\":\"https:\\\/\\\/www.eldiario.net\\\/portal\\\/#website\",\"url\":\"https:\\\/\\\/www.eldiario.net\\\/portal\\\/\",\"name\":\"El Diario - Decano de la prensa nacional\",\"description\":\"El Diario - Decano de la prensa nacional\",\"publisher\":{\"@id\":\"https:\\\/\\\/www.eldiario.net\\\/portal\\\/#organization\"},\"potentialAction\":[{\"@type\":\"SearchAction\",\"target\":{\"@type\":\"EntryPoint\",\"urlTemplate\":\"https:\\\/\\\/www.eldiario.net\\\/portal\\\/?s={search_term_string}\"},\"query-input\":{\"@type\":\"PropertyValueSpecification\",\"valueRequired\":true,\"valueName\":\"search_term_string\"}}],\"inLanguage\":\"es\"},{\"@type\":\"Organization\",\"@id\":\"https:\\\/\\\/www.eldiario.net\\\/portal\\\/#organization\",\"name\":\"El Diario - Decano de la prensa nacional\",\"url\":\"https:\\\/\\\/www.eldiario.net\\\/portal\\\/\",\"logo\":{\"@type\":\"ImageObject\",\"inLanguage\":\"es\",\"@id\":\"https:\\\/\\\/www.eldiario.net\\\/portal\\\/#\\\/schema\\\/logo\\\/image\\\/\",\"url\":\"https:\\\/\\\/www.eldiario.net\\\/portal\\\/wp-content\\\/uploads\\\/2023\\\/07\\\/logo_ED.jpg\",\"contentUrl\":\"https:\\\/\\\/www.eldiario.net\\\/portal\\\/wp-content\\\/uploads\\\/2023\\\/07\\\/logo_ED.jpg\",\"width\":272,\"height\":52,\"caption\":\"El Diario - Decano de la prensa nacional\"},\"image\":{\"@id\":\"https:\\\/\\\/www.eldiario.net\\\/portal\\\/#\\\/schema\\\/logo\\\/image\\\/\"},\"sameAs\":[\"https:\\\/\\\/www.facebook.com\\\/eldiario.bolivia\\\/\",\"https:\\\/\\\/x.com\\\/eldiario_net\"]},{\"@type\":\"Person\",\"@id\":\"https:\\\/\\\/www.eldiario.net\\\/portal\\\/#\\\/schema\\\/person\\\/f46445640444750d7d753ccd04ae01b7\",\"name\":\"Jeanette\",\"image\":{\"@type\":\"ImageObject\",\"inLanguage\":\"es\",\"@id\":\"https:\\\/\\\/secure.gravatar.com\\\/avatar\\\/3ea2118a5f7dad2b7138b1187a6b7ee55f160b9968b66013c3a3ef39dd7e5798?s=96&d=mm&r=g\",\"url\":\"https:\\\/\\\/secure.gravatar.com\\\/avatar\\\/3ea2118a5f7dad2b7138b1187a6b7ee55f160b9968b66013c3a3ef39dd7e5798?s=96&d=mm&r=g\",\"contentUrl\":\"https:\\\/\\\/secure.gravatar.com\\\/avatar\\\/3ea2118a5f7dad2b7138b1187a6b7ee55f160b9968b66013c3a3ef39dd7e5798?s=96&d=mm&r=g\",\"caption\":\"Jeanette\"},\"sameAs\":[\"https:\\\/\\\/www.eldiario.net\\\/portal\"],\"url\":\"https:\\\/\\\/www.eldiario.net\\\/portal\\\/author\\\/jeanette\\\/\"}]}<\/script>\n<!-- \/ Yoast SEO plugin. -->","yoast_head_json":{"title":"Perforar\u00e1n 8 pozos en San Rafael para ayudar a mitigar emergencia h\u00eddrica - El Diario - Bolivia","robots":{"index":"index","follow":"follow","max-snippet":"max-snippet:-1","max-image-preview":"max-image-preview:large","max-video-preview":"max-video-preview:-1"},"canonical":"https:\/\/www.eldiario.net\/portal\/2023\/08\/21\/perforaran-8-pozos-en-san-rafael-para-ayudar-a-mitigar-emergencia-hidrica\/","og_locale":"es_ES","og_type":"article","og_title":"Perforar\u00e1n 8 pozos en San Rafael para ayudar a mitigar emergencia h\u00eddrica - El Diario - Bolivia","og_description":"Un convenio firmado entre la Gobernaci\u00f3n y el municipio de San Rafael establece la perforaci\u00f3n de ocho pozos de agua en las comunidades m\u00e1s afectadas por sequ\u00eda de esa parte del departamento cruce\u00f1o. El director del Servicio Departamental de Gesti\u00f3n de Recursos H\u00eddricos dependiente de la Secretar\u00eda de Desarrollo Sostenible y Medio Ambiente, Javier Porras, [&hellip;]","og_url":"https:\/\/www.eldiario.net\/portal\/2023\/08\/21\/perforaran-8-pozos-en-san-rafael-para-ayudar-a-mitigar-emergencia-hidrica\/","og_site_name":"El Diario - Bolivia","article_publisher":"https:\/\/www.facebook.com\/eldiario.bolivia\/","article_published_time":"2023-08-21T11:07:52+00:00","og_image":[{"width":1600,"height":900,"url":"https:\/\/www.eldiario.net\/portal\/wp-content\/uploads\/2023\/08\/71-NAL.jpeg","type":"image\/jpeg"}],"author":"Jeanette","twitter_card":"summary_large_image","twitter_creator":"@eldiario_net","twitter_site":"@eldiario_net","twitter_misc":{"Escrito por":"Jeanette","Tiempo de lectura":"2 minutos"},"schema":{"@context":"https:\/\/schema.org","@graph":[{"@type":"Article","@id":"https:\/\/www.eldiario.net\/portal\/2023\/08\/21\/perforaran-8-pozos-en-san-rafael-para-ayudar-a-mitigar-emergencia-hidrica\/#article","isPartOf":{"@id":"https:\/\/www.eldiario.net\/portal\/2023\/08\/21\/perforaran-8-pozos-en-san-rafael-para-ayudar-a-mitigar-emergencia-hidrica\/"},"author":{"name":"Jeanette","@id":"https:\/\/www.eldiario.net\/portal\/#\/schema\/person\/f46445640444750d7d753ccd04ae01b7"},"headline":"Perforar\u00e1n 8 pozos en San Rafael para ayudar a mitigar emergencia h\u00eddrica","datePublished":"2023-08-21T11:07:52+00:00","mainEntityOfPage":{"@id":"https:\/\/www.eldiario.net\/portal\/2023\/08\/21\/perforaran-8-pozos-en-san-rafael-para-ayudar-a-mitigar-emergencia-hidrica\/"},"wordCount":268,"publisher":{"@id":"https:\/\/www.eldiario.net\/portal\/#organization"},"image":{"@id":"https:\/\/www.eldiario.net\/portal\/2023\/08\/21\/perforaran-8-pozos-en-san-rafael-para-ayudar-a-mitigar-emergencia-hidrica\/#primaryimage"},"thumbnailUrl":"https:\/\/www.eldiario.net\/portal\/wp-content\/uploads\/2023\/08\/71-NAL.jpeg","articleSection":["Nacional"],"inLanguage":"es"},{"@type":"WebPage","@id":"https:\/\/www.eldiario.net\/portal\/2023\/08\/21\/perforaran-8-pozos-en-san-rafael-para-ayudar-a-mitigar-emergencia-hidrica\/","url":"https:\/\/www.eldiario.net\/portal\/2023\/08\/21\/perforaran-8-pozos-en-san-rafael-para-ayudar-a-mitigar-emergencia-hidrica\/","name":"Perforar\u00e1n 8 pozos en San Rafael para ayudar a mitigar emergencia h\u00eddrica - El Diario - Bolivia","isPartOf":{"@id":"https:\/\/www.eldiario.net\/portal\/#website"},"primaryImageOfPage":{"@id":"https:\/\/www.eldiario.net\/portal\/2023\/08\/21\/perforaran-8-pozos-en-san-rafael-para-ayudar-a-mitigar-emergencia-hidrica\/#primaryimage"},"image":{"@id":"https:\/\/www.eldiario.net\/portal\/2023\/08\/21\/perforaran-8-pozos-en-san-rafael-para-ayudar-a-mitigar-emergencia-hidrica\/#primaryimage"},"thumbnailUrl":"https:\/\/www.eldiario.net\/portal\/wp-content\/uploads\/2023\/08\/71-NAL.jpeg","datePublished":"2023-08-21T11:07:52+00:00","breadcrumb":{"@id":"https:\/\/www.eldiario.net\/portal\/2023\/08\/21\/perforaran-8-pozos-en-san-rafael-para-ayudar-a-mitigar-emergencia-hidrica\/#breadcrumb"},"inLanguage":"es","potentialAction":[{"@type":"ReadAction","target":["https:\/\/www.eldiario.net\/portal\/2023\/08\/21\/perforaran-8-pozos-en-san-rafael-para-ayudar-a-mitigar-emergencia-hidrica\/"]}]},{"@type":"ImageObject","inLanguage":"es","@id":"https:\/\/www.eldiario.net\/portal\/2023\/08\/21\/perforaran-8-pozos-en-san-rafael-para-ayudar-a-mitigar-emergencia-hidrica\/#primaryimage","url":"https:\/\/www.eldiario.net\/portal\/wp-content\/uploads\/2023\/08\/71-NAL.jpeg","contentUrl":"https:\/\/www.eldiario.net\/portal\/wp-content\/uploads\/2023\/08\/71-NAL.jpeg","width":1600,"height":900,"caption":"INICIO DE LA PERFORACI\u00d3N DE UNO DE LOS OCHO POZOS PARA LA EXTRACCI\u00d3N DE AGUA."},{"@type":"BreadcrumbList","@id":"https:\/\/www.eldiario.net\/portal\/2023\/08\/21\/perforaran-8-pozos-en-san-rafael-para-ayudar-a-mitigar-emergencia-hidrica\/#breadcrumb","itemListElement":[{"@type":"ListItem","position":1,"name":"Portada","item":"https:\/\/www.eldiario.net\/portal\/"},{"@type":"ListItem","position":2,"name":"Perforar\u00e1n 8 pozos en San Rafael para ayudar a mitigar emergencia h\u00eddrica"}]},{"@type":"WebSite","@id":"https:\/\/www.eldiario.net\/portal\/#website","url":"https:\/\/www.eldiario.net\/portal\/","name":"El Diario - Decano de la prensa nacional","description":"El Diario - Decano de la prensa nacional","publisher":{"@id":"https:\/\/www.eldiario.net\/portal\/#organization"},"potentialAction":[{"@type":"SearchAction","target":{"@type":"EntryPoint","urlTemplate":"https:\/\/www.eldiario.net\/portal\/?s={search_term_string}"},"query-input":{"@type":"PropertyValueSpecification","valueRequired":true,"valueName":"search_term_string"}}],"inLanguage":"es"},{"@type":"Organization","@id":"https:\/\/www.eldiario.net\/portal\/#organization","name":"El Diario - Decano de la prensa nacional","url":"https:\/\/www.eldiario.net\/portal\/","logo":{"@type":"ImageObject","inLanguage":"es","@id":"https:\/\/www.eldiario.net\/portal\/#\/schema\/logo\/image\/","url":"https:\/\/www.eldiario.net\/portal\/wp-content\/uploads\/2023\/07\/logo_ED.jpg","contentUrl":"https:\/\/www.eldiario.net\/portal\/wp-content\/uploads\/2023\/07\/logo_ED.jpg","width":272,"height":52,"caption":"El Diario - Decano de la prensa nacional"},"image":{"@id":"https:\/\/www.eldiario.net\/portal\/#\/schema\/logo\/image\/"},"sameAs":["https:\/\/www.facebook.com\/eldiario.bolivia\/","https:\/\/x.com\/eldiario_net"]},{"@type":"Person","@id":"https:\/\/www.eldiario.net\/portal\/#\/schema\/person\/f46445640444750d7d753ccd04ae01b7","name":"Jeanette","image":{"@type":"ImageObject","inLanguage":"es","@id":"https:\/\/secure.gravatar.com\/avatar\/3ea2118a5f7dad2b7138b1187a6b7ee55f160b9968b66013c3a3ef39dd7e5798?s=96&d=mm&r=g","url":"https:\/\/secure.gravatar.com\/avatar\/3ea2118a5f7dad2b7138b1187a6b7ee55f160b9968b66013c3a3ef39dd7e5798?s=96&d=mm&r=g","contentUrl":"https:\/\/secure.gravatar.com\/avatar\/3ea2118a5f7dad2b7138b1187a6b7ee55f160b9968b66013c3a3ef39dd7e5798?s=96&d=mm&r=g","caption":"Jeanette"},"sameAs":["https:\/\/www.eldiario.net\/portal"],"url":"https:\/\/www.eldiario.net\/portal\/author\/jeanette\/"}]}},"_links":{"self":[{"href":"https:\/\/www.eldiario.net\/portal\/wp-json\/wp\/v2\/posts\/172194","targetHints":{"allow":["GET"]}}],"collection":[{"href":"https:\/\/www.eldiario.net\/portal\/wp-json\/wp\/v2\/posts"}],"about":[{"href":"https:\/\/www.eldiario.net\/portal\/wp-json\/wp\/v2\/types\/post"}],"author":[{"embeddable":true,"href":"https:\/\/www.eldiario.net\/portal\/wp-json\/wp\/v2\/users\/1"}],"replies":[{"embeddable":true,"href":"https:\/\/www.eldiario.net\/portal\/wp-json\/wp\/v2\/comments?post=172194"}],"version-history":[{"count":0,"href":"https:\/\/www.eldiario.net\/portal\/wp-json\/wp\/v2\/posts\/172194\/revisions"}],"wp:featuredmedia":[{"embeddable":true,"href":"https:\/\/www.eldiario.net\/portal\/wp-json\/wp\/v2\/media\/172195"}],"wp:attachment":[{"href":"https:\/\/www.eldiario.net\/portal\/wp-json\/wp\/v2\/media?parent=172194"}],"wp:term":[{"taxonomy":"category","embeddable":true,"href":"https:\/\/www.eldiario.net\/portal\/wp-json\/wp\/v2\/categories?post=172194"},{"taxonomy":"post_tag","embeddable":true,"href":"https:\/\/www.eldiario.net\/portal\/wp-json\/wp\/v2\/tags?post=172194"}],"curies":[{"name":"wp","href":"https:\/\/api.w.org\/{rel}","templated":true}]}}