{"id":172187,"date":"2023-08-21T07:03:43","date_gmt":"2023-08-21T11:03:43","guid":{"rendered":"https:\/\/www.eldiario.net\/portal\/?p=172187"},"modified":"2023-08-21T07:03:43","modified_gmt":"2023-08-21T11:03:43","slug":"maternidad-temprana-equivale-el-091-del-pib-de-bolivia","status":"publish","type":"post","link":"https:\/\/www.eldiario.net\/portal\/2023\/08\/21\/maternidad-temprana-equivale-el-091-del-pib-de-bolivia\/","title":{"rendered":"Maternidad temprana equivale  el 0,91% del PIB de Bolivia"},"content":{"rendered":"<p>Seg\u00fan proyecciones del Instituto Nacional de Estad\u00edstica (INE) las mujeres y ni\u00f1as representan el 49,8% de la poblaci\u00f3n (2022), no obstante, la vulneraci\u00f3n a los derechos humanos de este sector impacta negativamente como resultado de pr\u00e1cticas nocivas. Por ejemplo, el costo socioecon\u00f3mico del embarazo no intencional en adolescentes y de una maternidad temprana, para 2019, se estim\u00f3 en USD 373,3 millones, equivalente al 0,91 por ciento del Producto Interno Bruto (PIB) de Bolivia, seg\u00fan un estudio del Fondo de Poblaci\u00f3n de las Naciones Unidas (Unfpa) en 2021.<br \/>\nBolivia se encuentra entre los pa\u00edses m\u00e1s violentos de la regi\u00f3n. Seg\u00fan la Encuesta de Demograf\u00eda y Salud EDSA 2016, alrededor del 70% de mujeres de 15 a\u00f1os o m\u00e1s envueltas en alguna relaci\u00f3n declar\u00f3 haber sido v\u00edctima de alg\u00fan tipo de violencia (f\u00edsica, psicol\u00f3gica o sexual).<br \/>\nEn el \u00e1mbito p\u00fablico (social, educativo o laboral), un porcentaje que var\u00eda entre 61% y 78% de las mujeres fueron v\u00edctimas de violencia a lo largo de toda su vida.<br \/>\nEn lo que concierne al deseo de ser madre, cinco de cada 10 mujeres dijeron que deseaban ser madres al momento en el que tuvieron su hija\/hijo, en tanto que tres de cada 10 hubieran preferido posponer la maternidad para m\u00e1s adelante; y dos de cada 10 manifestaron que no quer\u00edan ser madres.<br \/>\nSolo el 40,5% de las adolescentes menores de 20 a\u00f1os explicitaron que quer\u00edan ser madres al momento del nacimiento, el resto hubieran preferido posponer la maternidad o no quer\u00edan tener a\u00fan hijos.<\/p>\n<p>DESIGUALDAD DE G\u00c9NERO<br \/>\nSeg\u00fan la Unfpa, esta y otras situaciones revelan las desigualdades de g\u00e9nero que cada vez se complejiza en diversos contextos, como los elevados niveles de violencia sexual en raz\u00f3n de g\u00e9nero y el mayor riesgo de que ni\u00f1as y adolescentes est\u00e9n expuestas a uniones tempranas o cursen embarazos tempranos.<br \/>\nEn ese marco se\u00f1alan que el matrimonio infantil y las uniones tempranas son las formas m\u00e1s comunes de pr\u00e1cticas nocivas.<br \/>\nSeg\u00fan un informe del Servicio de Registro C\u00edvico (Serec\u00ed), en 2021, 10.428 ni\u00f1as se casaron antes de los 18 a\u00f1os; de ellas, el 77,2 por ciento se cas\u00f3 legalmente con una pareja masculina adulta.<\/p>\n<p>ESCUCHAR LAS VOCES DE MUJERES Y NI\u00d1AS<br \/>\nEn esa l\u00ednea, la Unfpa destaca la necesidad de avanzar en la igualdad de g\u00e9nero para hacer realidad los sue\u00f1os de 8 mil millones de personas en el mundo. Este proceso prioriza la importancia de escuchar las voces y opiniones de las mujeres, las ni\u00f1as y otras personas marginadas para priorizar leyes y pol\u00edticas que les permitan ejercer sus derechos y tomar decisiones importantes a favor de las mismas.<br \/>\nLas mujeres y las ni\u00f1as representan el 49,7% de la poblaci\u00f3n mundial, a pesar de ello, a menudo no se escuchan en los debates demogr\u00e1ficos sus aspiraciones respecto a sus vidas, sus familias y carreras profesionales, en m\u00faltiples oportunidades sus derechos son violados.<br \/>\n\u201cLa consecuencia es un mundo en el que se excluye y margina a una de cada dos personas del planeta y se limita su potencial, un problema que impedir\u00e1 que disfrutemos de un futuro m\u00e1s pr\u00f3spero, pac\u00edfico y sostenible para todas y todos\u201d, se\u00f1ala la nota.<br \/>\nTal como afirma el Informe sobre el Estado de la Poblaci\u00f3n Mundial 2023, cuando las sociedades otorgan a las mujeres y a las ni\u00f1as la potestad para decidir con autonom\u00eda sobre su vida y su cuerpo, prosperan tanto ellas como sus familias. La consecuencia es un mundo mejor y m\u00e1s inclusivo, preparado para enfrentarse a cualquier dificultad o cambio demogr\u00e1fico que le depare el futuro.<br \/>\nAsimismo refiere que superando la desigualdad de g\u00e9nero, seremos capaces de aprovechar la fuerza que atesora la mitad del planeta para enfrentarnos a los problemas que nos apremian en la actualidad. As\u00ed se avanzar\u00e1 hacia un mundo de 8 mil millones de personas diverso, pr\u00f3spero y con infinitas posibilidades.<\/p>\n","protected":false},"excerpt":{"rendered":"<p>Seg\u00fan proyecciones del Instituto Nacional de Estad\u00edstica (INE) las mujeres y ni\u00f1as representan el 49,8% de la poblaci\u00f3n (2022), no obstante, la vulneraci\u00f3n a los derechos humanos de este sector impacta negativamente como resultado de pr\u00e1cticas nocivas. Por ejemplo, el costo socioecon\u00f3mico del embarazo no intencional en adolescentes y de una maternidad temprana, para 2019, [&hellip;]<\/p>\n","protected":false},"author":1,"featured_media":172188,"comment_status":"closed","ping_status":"open","sticky":false,"template":"","format":"standard","meta":{"_acf_changed":false,"footnotes":""},"categories":[39],"tags":[],"class_list":["post-172187","post","type-post","status-publish","format-standard","has-post-thumbnail","category-sociedad"],"acf":{"antetitulo":""},"yoast_head":"<!-- This site is optimized with the Yoast SEO plugin v28.3 - https:\/\/yoast.com\/product\/yoast-seo-wordpress\/ -->\n<title>Maternidad temprana equivale el 0,91% del PIB de Bolivia - El Diario - Bolivia<\/title>\n<meta name=\"robots\" content=\"index, follow, max-snippet:-1, max-image-preview:large, max-video-preview:-1\" \/>\n<link rel=\"canonical\" href=\"https:\/\/www.eldiario.net\/portal\/2023\/08\/21\/maternidad-temprana-equivale-el-091-del-pib-de-bolivia\/\" \/>\n<meta property=\"og:locale\" content=\"es_ES\" \/>\n<meta property=\"og:type\" content=\"article\" \/>\n<meta property=\"og:title\" content=\"Maternidad temprana equivale el 0,91% del PIB de Bolivia - El Diario - Bolivia\" \/>\n<meta property=\"og:description\" content=\"Seg\u00fan proyecciones del Instituto Nacional de Estad\u00edstica (INE) las mujeres y ni\u00f1as representan el 49,8% de la poblaci\u00f3n (2022), no obstante, la vulneraci\u00f3n a los derechos humanos de este sector impacta negativamente como resultado de pr\u00e1cticas nocivas. Por ejemplo, el costo socioecon\u00f3mico del embarazo no intencional en adolescentes y de una maternidad temprana, para 2019, [&hellip;]\" \/>\n<meta property=\"og:url\" content=\"https:\/\/www.eldiario.net\/portal\/2023\/08\/21\/maternidad-temprana-equivale-el-091-del-pib-de-bolivia\/\" \/>\n<meta property=\"og:site_name\" content=\"El Diario - Bolivia\" \/>\n<meta property=\"article:publisher\" content=\"https:\/\/www.facebook.com\/eldiario.bolivia\/\" \/>\n<meta property=\"article:published_time\" content=\"2023-08-21T11:03:43+00:00\" \/>\n<meta property=\"og:image\" content=\"https:\/\/www.eldiario.net\/portal\/wp-content\/uploads\/2023\/08\/VIOLENCIA.jpg\" \/>\n\t<meta property=\"og:image:width\" content=\"680\" \/>\n\t<meta property=\"og:image:height\" content=\"434\" \/>\n\t<meta property=\"og:image:type\" content=\"image\/jpeg\" \/>\n<meta name=\"author\" content=\"Jeanette\" \/>\n<meta name=\"twitter:card\" content=\"summary_large_image\" \/>\n<meta name=\"twitter:creator\" content=\"@eldiario_net\" \/>\n<meta name=\"twitter:site\" content=\"@eldiario_net\" \/>\n<meta name=\"twitter:label1\" content=\"Escrito por\" \/>\n\t<meta name=\"twitter:data1\" content=\"Jeanette\" \/>\n\t<meta name=\"twitter:label2\" content=\"Tiempo de lectura\" \/>\n\t<meta name=\"twitter:data2\" content=\"3 minutos\" \/>\n<script type=\"application\/ld+json\" class=\"yoast-schema-graph\">{\"@context\":\"https:\\\/\\\/schema.org\",\"@graph\":[{\"@type\":\"Article\",\"@id\":\"https:\\\/\\\/www.eldiario.net\\\/portal\\\/2023\\\/08\\\/21\\\/maternidad-temprana-equivale-el-091-del-pib-de-bolivia\\\/#article\",\"isPartOf\":{\"@id\":\"https:\\\/\\\/www.eldiario.net\\\/portal\\\/2023\\\/08\\\/21\\\/maternidad-temprana-equivale-el-091-del-pib-de-bolivia\\\/\"},\"author\":{\"name\":\"Jeanette\",\"@id\":\"https:\\\/\\\/www.eldiario.net\\\/portal\\\/#\\\/schema\\\/person\\\/f46445640444750d7d753ccd04ae01b7\"},\"headline\":\"Maternidad temprana equivale el 0,91% del PIB de Bolivia\",\"datePublished\":\"2023-08-21T11:03:43+00:00\",\"mainEntityOfPage\":{\"@id\":\"https:\\\/\\\/www.eldiario.net\\\/portal\\\/2023\\\/08\\\/21\\\/maternidad-temprana-equivale-el-091-del-pib-de-bolivia\\\/\"},\"wordCount\":684,\"publisher\":{\"@id\":\"https:\\\/\\\/www.eldiario.net\\\/portal\\\/#organization\"},\"image\":{\"@id\":\"https:\\\/\\\/www.eldiario.net\\\/portal\\\/2023\\\/08\\\/21\\\/maternidad-temprana-equivale-el-091-del-pib-de-bolivia\\\/#primaryimage\"},\"thumbnailUrl\":\"https:\\\/\\\/www.eldiario.net\\\/portal\\\/wp-content\\\/uploads\\\/2023\\\/08\\\/VIOLENCIA.jpg\",\"articleSection\":[\"Sociedad - Seguridad\"],\"inLanguage\":\"es\"},{\"@type\":\"WebPage\",\"@id\":\"https:\\\/\\\/www.eldiario.net\\\/portal\\\/2023\\\/08\\\/21\\\/maternidad-temprana-equivale-el-091-del-pib-de-bolivia\\\/\",\"url\":\"https:\\\/\\\/www.eldiario.net\\\/portal\\\/2023\\\/08\\\/21\\\/maternidad-temprana-equivale-el-091-del-pib-de-bolivia\\\/\",\"name\":\"Maternidad temprana equivale el 0,91% del PIB de Bolivia - El Diario - Bolivia\",\"isPartOf\":{\"@id\":\"https:\\\/\\\/www.eldiario.net\\\/portal\\\/#website\"},\"primaryImageOfPage\":{\"@id\":\"https:\\\/\\\/www.eldiario.net\\\/portal\\\/2023\\\/08\\\/21\\\/maternidad-temprana-equivale-el-091-del-pib-de-bolivia\\\/#primaryimage\"},\"image\":{\"@id\":\"https:\\\/\\\/www.eldiario.net\\\/portal\\\/2023\\\/08\\\/21\\\/maternidad-temprana-equivale-el-091-del-pib-de-bolivia\\\/#primaryimage\"},\"thumbnailUrl\":\"https:\\\/\\\/www.eldiario.net\\\/portal\\\/wp-content\\\/uploads\\\/2023\\\/08\\\/VIOLENCIA.jpg\",\"datePublished\":\"2023-08-21T11:03:43+00:00\",\"breadcrumb\":{\"@id\":\"https:\\\/\\\/www.eldiario.net\\\/portal\\\/2023\\\/08\\\/21\\\/maternidad-temprana-equivale-el-091-del-pib-de-bolivia\\\/#breadcrumb\"},\"inLanguage\":\"es\",\"potentialAction\":[{\"@type\":\"ReadAction\",\"target\":[\"https:\\\/\\\/www.eldiario.net\\\/portal\\\/2023\\\/08\\\/21\\\/maternidad-temprana-equivale-el-091-del-pib-de-bolivia\\\/\"]}]},{\"@type\":\"ImageObject\",\"inLanguage\":\"es\",\"@id\":\"https:\\\/\\\/www.eldiario.net\\\/portal\\\/2023\\\/08\\\/21\\\/maternidad-temprana-equivale-el-091-del-pib-de-bolivia\\\/#primaryimage\",\"url\":\"https:\\\/\\\/www.eldiario.net\\\/portal\\\/wp-content\\\/uploads\\\/2023\\\/08\\\/VIOLENCIA.jpg\",\"contentUrl\":\"https:\\\/\\\/www.eldiario.net\\\/portal\\\/wp-content\\\/uploads\\\/2023\\\/08\\\/VIOLENCIA.jpg\",\"width\":680,\"height\":434,\"caption\":\"IMAGEN ILUSTRATIVA.\"},{\"@type\":\"BreadcrumbList\",\"@id\":\"https:\\\/\\\/www.eldiario.net\\\/portal\\\/2023\\\/08\\\/21\\\/maternidad-temprana-equivale-el-091-del-pib-de-bolivia\\\/#breadcrumb\",\"itemListElement\":[{\"@type\":\"ListItem\",\"position\":1,\"name\":\"Portada\",\"item\":\"https:\\\/\\\/www.eldiario.net\\\/portal\\\/\"},{\"@type\":\"ListItem\",\"position\":2,\"name\":\"Maternidad temprana equivale el 0,91% del PIB de Bolivia\"}]},{\"@type\":\"WebSite\",\"@id\":\"https:\\\/\\\/www.eldiario.net\\\/portal\\\/#website\",\"url\":\"https:\\\/\\\/www.eldiario.net\\\/portal\\\/\",\"name\":\"El Diario - Decano de la prensa nacional\",\"description\":\"El Diario - Decano de la prensa nacional\",\"publisher\":{\"@id\":\"https:\\\/\\\/www.eldiario.net\\\/portal\\\/#organization\"},\"potentialAction\":[{\"@type\":\"SearchAction\",\"target\":{\"@type\":\"EntryPoint\",\"urlTemplate\":\"https:\\\/\\\/www.eldiario.net\\\/portal\\\/?s={search_term_string}\"},\"query-input\":{\"@type\":\"PropertyValueSpecification\",\"valueRequired\":true,\"valueName\":\"search_term_string\"}}],\"inLanguage\":\"es\"},{\"@type\":\"Organization\",\"@id\":\"https:\\\/\\\/www.eldiario.net\\\/portal\\\/#organization\",\"name\":\"El Diario - Decano de la prensa nacional\",\"url\":\"https:\\\/\\\/www.eldiario.net\\\/portal\\\/\",\"logo\":{\"@type\":\"ImageObject\",\"inLanguage\":\"es\",\"@id\":\"https:\\\/\\\/www.eldiario.net\\\/portal\\\/#\\\/schema\\\/logo\\\/image\\\/\",\"url\":\"https:\\\/\\\/www.eldiario.net\\\/portal\\\/wp-content\\\/uploads\\\/2023\\\/07\\\/logo_ED.jpg\",\"contentUrl\":\"https:\\\/\\\/www.eldiario.net\\\/portal\\\/wp-content\\\/uploads\\\/2023\\\/07\\\/logo_ED.jpg\",\"width\":272,\"height\":52,\"caption\":\"El Diario - Decano de la prensa nacional\"},\"image\":{\"@id\":\"https:\\\/\\\/www.eldiario.net\\\/portal\\\/#\\\/schema\\\/logo\\\/image\\\/\"},\"sameAs\":[\"https:\\\/\\\/www.facebook.com\\\/eldiario.bolivia\\\/\",\"https:\\\/\\\/x.com\\\/eldiario_net\"]},{\"@type\":\"Person\",\"@id\":\"https:\\\/\\\/www.eldiario.net\\\/portal\\\/#\\\/schema\\\/person\\\/f46445640444750d7d753ccd04ae01b7\",\"name\":\"Jeanette\",\"image\":{\"@type\":\"ImageObject\",\"inLanguage\":\"es\",\"@id\":\"https:\\\/\\\/secure.gravatar.com\\\/avatar\\\/3ea2118a5f7dad2b7138b1187a6b7ee55f160b9968b66013c3a3ef39dd7e5798?s=96&d=mm&r=g\",\"url\":\"https:\\\/\\\/secure.gravatar.com\\\/avatar\\\/3ea2118a5f7dad2b7138b1187a6b7ee55f160b9968b66013c3a3ef39dd7e5798?s=96&d=mm&r=g\",\"contentUrl\":\"https:\\\/\\\/secure.gravatar.com\\\/avatar\\\/3ea2118a5f7dad2b7138b1187a6b7ee55f160b9968b66013c3a3ef39dd7e5798?s=96&d=mm&r=g\",\"caption\":\"Jeanette\"},\"sameAs\":[\"https:\\\/\\\/www.eldiario.net\\\/portal\"],\"url\":\"https:\\\/\\\/www.eldiario.net\\\/portal\\\/author\\\/jeanette\\\/\"}]}<\/script>\n<!-- \/ Yoast SEO plugin. -->","yoast_head_json":{"title":"Maternidad temprana equivale el 0,91% del PIB de Bolivia - El Diario - Bolivia","robots":{"index":"index","follow":"follow","max-snippet":"max-snippet:-1","max-image-preview":"max-image-preview:large","max-video-preview":"max-video-preview:-1"},"canonical":"https:\/\/www.eldiario.net\/portal\/2023\/08\/21\/maternidad-temprana-equivale-el-091-del-pib-de-bolivia\/","og_locale":"es_ES","og_type":"article","og_title":"Maternidad temprana equivale el 0,91% del PIB de Bolivia - El Diario - Bolivia","og_description":"Seg\u00fan proyecciones del Instituto Nacional de Estad\u00edstica (INE) las mujeres y ni\u00f1as representan el 49,8% de la poblaci\u00f3n (2022), no obstante, la vulneraci\u00f3n a los derechos humanos de este sector impacta negativamente como resultado de pr\u00e1cticas nocivas. Por ejemplo, el costo socioecon\u00f3mico del embarazo no intencional en adolescentes y de una maternidad temprana, para 2019, [&hellip;]","og_url":"https:\/\/www.eldiario.net\/portal\/2023\/08\/21\/maternidad-temprana-equivale-el-091-del-pib-de-bolivia\/","og_site_name":"El Diario - Bolivia","article_publisher":"https:\/\/www.facebook.com\/eldiario.bolivia\/","article_published_time":"2023-08-21T11:03:43+00:00","og_image":[{"width":680,"height":434,"url":"https:\/\/www.eldiario.net\/portal\/wp-content\/uploads\/2023\/08\/VIOLENCIA.jpg","type":"image\/jpeg"}],"author":"Jeanette","twitter_card":"summary_large_image","twitter_creator":"@eldiario_net","twitter_site":"@eldiario_net","twitter_misc":{"Escrito por":"Jeanette","Tiempo de lectura":"3 minutos"},"schema":{"@context":"https:\/\/schema.org","@graph":[{"@type":"Article","@id":"https:\/\/www.eldiario.net\/portal\/2023\/08\/21\/maternidad-temprana-equivale-el-091-del-pib-de-bolivia\/#article","isPartOf":{"@id":"https:\/\/www.eldiario.net\/portal\/2023\/08\/21\/maternidad-temprana-equivale-el-091-del-pib-de-bolivia\/"},"author":{"name":"Jeanette","@id":"https:\/\/www.eldiario.net\/portal\/#\/schema\/person\/f46445640444750d7d753ccd04ae01b7"},"headline":"Maternidad temprana equivale el 0,91% del PIB de Bolivia","datePublished":"2023-08-21T11:03:43+00:00","mainEntityOfPage":{"@id":"https:\/\/www.eldiario.net\/portal\/2023\/08\/21\/maternidad-temprana-equivale-el-091-del-pib-de-bolivia\/"},"wordCount":684,"publisher":{"@id":"https:\/\/www.eldiario.net\/portal\/#organization"},"image":{"@id":"https:\/\/www.eldiario.net\/portal\/2023\/08\/21\/maternidad-temprana-equivale-el-091-del-pib-de-bolivia\/#primaryimage"},"thumbnailUrl":"https:\/\/www.eldiario.net\/portal\/wp-content\/uploads\/2023\/08\/VIOLENCIA.jpg","articleSection":["Sociedad - Seguridad"],"inLanguage":"es"},{"@type":"WebPage","@id":"https:\/\/www.eldiario.net\/portal\/2023\/08\/21\/maternidad-temprana-equivale-el-091-del-pib-de-bolivia\/","url":"https:\/\/www.eldiario.net\/portal\/2023\/08\/21\/maternidad-temprana-equivale-el-091-del-pib-de-bolivia\/","name":"Maternidad temprana equivale el 0,91% del PIB de Bolivia - El Diario - Bolivia","isPartOf":{"@id":"https:\/\/www.eldiario.net\/portal\/#website"},"primaryImageOfPage":{"@id":"https:\/\/www.eldiario.net\/portal\/2023\/08\/21\/maternidad-temprana-equivale-el-091-del-pib-de-bolivia\/#primaryimage"},"image":{"@id":"https:\/\/www.eldiario.net\/portal\/2023\/08\/21\/maternidad-temprana-equivale-el-091-del-pib-de-bolivia\/#primaryimage"},"thumbnailUrl":"https:\/\/www.eldiario.net\/portal\/wp-content\/uploads\/2023\/08\/VIOLENCIA.jpg","datePublished":"2023-08-21T11:03:43+00:00","breadcrumb":{"@id":"https:\/\/www.eldiario.net\/portal\/2023\/08\/21\/maternidad-temprana-equivale-el-091-del-pib-de-bolivia\/#breadcrumb"},"inLanguage":"es","potentialAction":[{"@type":"ReadAction","target":["https:\/\/www.eldiario.net\/portal\/2023\/08\/21\/maternidad-temprana-equivale-el-091-del-pib-de-bolivia\/"]}]},{"@type":"ImageObject","inLanguage":"es","@id":"https:\/\/www.eldiario.net\/portal\/2023\/08\/21\/maternidad-temprana-equivale-el-091-del-pib-de-bolivia\/#primaryimage","url":"https:\/\/www.eldiario.net\/portal\/wp-content\/uploads\/2023\/08\/VIOLENCIA.jpg","contentUrl":"https:\/\/www.eldiario.net\/portal\/wp-content\/uploads\/2023\/08\/VIOLENCIA.jpg","width":680,"height":434,"caption":"IMAGEN ILUSTRATIVA."},{"@type":"BreadcrumbList","@id":"https:\/\/www.eldiario.net\/portal\/2023\/08\/21\/maternidad-temprana-equivale-el-091-del-pib-de-bolivia\/#breadcrumb","itemListElement":[{"@type":"ListItem","position":1,"name":"Portada","item":"https:\/\/www.eldiario.net\/portal\/"},{"@type":"ListItem","position":2,"name":"Maternidad temprana equivale el 0,91% del PIB de Bolivia"}]},{"@type":"WebSite","@id":"https:\/\/www.eldiario.net\/portal\/#website","url":"https:\/\/www.eldiario.net\/portal\/","name":"El Diario - Decano de la prensa nacional","description":"El Diario - Decano de la prensa nacional","publisher":{"@id":"https:\/\/www.eldiario.net\/portal\/#organization"},"potentialAction":[{"@type":"SearchAction","target":{"@type":"EntryPoint","urlTemplate":"https:\/\/www.eldiario.net\/portal\/?s={search_term_string}"},"query-input":{"@type":"PropertyValueSpecification","valueRequired":true,"valueName":"search_term_string"}}],"inLanguage":"es"},{"@type":"Organization","@id":"https:\/\/www.eldiario.net\/portal\/#organization","name":"El Diario - Decano de la prensa nacional","url":"https:\/\/www.eldiario.net\/portal\/","logo":{"@type":"ImageObject","inLanguage":"es","@id":"https:\/\/www.eldiario.net\/portal\/#\/schema\/logo\/image\/","url":"https:\/\/www.eldiario.net\/portal\/wp-content\/uploads\/2023\/07\/logo_ED.jpg","contentUrl":"https:\/\/www.eldiario.net\/portal\/wp-content\/uploads\/2023\/07\/logo_ED.jpg","width":272,"height":52,"caption":"El Diario - Decano de la prensa nacional"},"image":{"@id":"https:\/\/www.eldiario.net\/portal\/#\/schema\/logo\/image\/"},"sameAs":["https:\/\/www.facebook.com\/eldiario.bolivia\/","https:\/\/x.com\/eldiario_net"]},{"@type":"Person","@id":"https:\/\/www.eldiario.net\/portal\/#\/schema\/person\/f46445640444750d7d753ccd04ae01b7","name":"Jeanette","image":{"@type":"ImageObject","inLanguage":"es","@id":"https:\/\/secure.gravatar.com\/avatar\/3ea2118a5f7dad2b7138b1187a6b7ee55f160b9968b66013c3a3ef39dd7e5798?s=96&d=mm&r=g","url":"https:\/\/secure.gravatar.com\/avatar\/3ea2118a5f7dad2b7138b1187a6b7ee55f160b9968b66013c3a3ef39dd7e5798?s=96&d=mm&r=g","contentUrl":"https:\/\/secure.gravatar.com\/avatar\/3ea2118a5f7dad2b7138b1187a6b7ee55f160b9968b66013c3a3ef39dd7e5798?s=96&d=mm&r=g","caption":"Jeanette"},"sameAs":["https:\/\/www.eldiario.net\/portal"],"url":"https:\/\/www.eldiario.net\/portal\/author\/jeanette\/"}]}},"_links":{"self":[{"href":"https:\/\/www.eldiario.net\/portal\/wp-json\/wp\/v2\/posts\/172187","targetHints":{"allow":["GET"]}}],"collection":[{"href":"https:\/\/www.eldiario.net\/portal\/wp-json\/wp\/v2\/posts"}],"about":[{"href":"https:\/\/www.eldiario.net\/portal\/wp-json\/wp\/v2\/types\/post"}],"author":[{"embeddable":true,"href":"https:\/\/www.eldiario.net\/portal\/wp-json\/wp\/v2\/users\/1"}],"replies":[{"embeddable":true,"href":"https:\/\/www.eldiario.net\/portal\/wp-json\/wp\/v2\/comments?post=172187"}],"version-history":[{"count":0,"href":"https:\/\/www.eldiario.net\/portal\/wp-json\/wp\/v2\/posts\/172187\/revisions"}],"wp:featuredmedia":[{"embeddable":true,"href":"https:\/\/www.eldiario.net\/portal\/wp-json\/wp\/v2\/media\/172188"}],"wp:attachment":[{"href":"https:\/\/www.eldiario.net\/portal\/wp-json\/wp\/v2\/media?parent=172187"}],"wp:term":[{"taxonomy":"category","embeddable":true,"href":"https:\/\/www.eldiario.net\/portal\/wp-json\/wp\/v2\/categories?post=172187"},{"taxonomy":"post_tag","embeddable":true,"href":"https:\/\/www.eldiario.net\/portal\/wp-json\/wp\/v2\/tags?post=172187"}],"curies":[{"name":"wp","href":"https:\/\/api.w.org\/{rel}","templated":true}]}}