{"id":172184,"date":"2023-08-21T07:02:29","date_gmt":"2023-08-21T11:02:29","guid":{"rendered":"https:\/\/www.eldiario.net\/portal\/?p=172184"},"modified":"2023-08-21T07:02:29","modified_gmt":"2023-08-21T11:02:29","slug":"rios-niega-que-hayan-instruido-gasificar-congreso-campesino","status":"publish","type":"post","link":"https:\/\/www.eldiario.net\/portal\/2023\/08\/21\/rios-niega-que-hayan-instruido-gasificar-congreso-campesino\/","title":{"rendered":"R\u00edos niega que hayan instruido  gasificar congreso campesino"},"content":{"rendered":"<p>El viceministro de seguridad ciudadana, Roberto R\u00edos, neg\u00f3 ayer que el presidente Luis Arce haya instruido la gasificaci\u00f3n en el XXIV congreso de la Confederaci\u00f3n Sindical \u00danica de Trabajadores Campesinos de Bolivia (Csutcb) en la ciudad de El Alto.<br \/>\nR\u00edos precis\u00f3 que el congreso campesino, que intent\u00f3 elegir una directiva af\u00edn al expresidente Evo Morales, concluy\u00f3 ayer con 450 heridos. Entre ellos, hay un polic\u00eda afectado por un traumatismo cr\u00e1neo encef\u00e1lico.<br \/>\n\u201cHab\u00eda gente que estaba armada con objetos punzocortantes, pero tambi\u00e9n estaban bajo el efecto del consumo excesivo de bebidas alcoh\u00f3licas\u201d, dijo R\u00edos ayer en conferencia de prensa, a tiempo de aclarar que la Polic\u00eda intervino para controlar la situaci\u00f3n.<br \/>\nEl l\u00edder del Movimiento al Socialismo (MAS), Evo Morales, denunci\u00f3 al presidente Luis Arce de instruir a la Polic\u00eda el uso de granadas de gas lacrim\u00f3geno en el congreso de la Csutcb que sesion\u00f3 en El Alto.<br \/>\n\u201cHubo una instrucci\u00f3n de Lucho Presidente al comando departamental de Polic\u00eda, gasificar al congreso. La primera gasificaci\u00f3n fue a las 4:30 de la ma\u00f1ana\u201d, dijo Morales en radio Kawsachun Coca.<\/p>\n<p>GRUPOS<br \/>\nRADICALES<br \/>\nEl Viceministro asegur\u00f3 que \u201cgrupos radicales\u201d usaron gases lacrim\u00f3genos al interior del Coliseo H\u00e9roes de Octubre de El Alto.<br \/>\n\u201cLa Polic\u00eda, como corresponde en apego a la Constituci\u00f3n y las leyes de nuestro pa\u00eds, ha realizado los operativos de mantenimiento y restablecimiento del orden p\u00fablico\u201d, dijo.<br \/>\nEl congreso campesino comenz\u00f3 el viernes en medio de fuertes tensiones entre representantes de la facci\u00f3n del MAS que apoya el retorno de Morales al poder y la que promueve la repostulaci\u00f3n de Arce en 2025 para un segundo mandato presidencial.<br \/>\nEl presidente Arce particip\u00f3 de la inauguraci\u00f3n del congreso campesino en el que Ever Rojas deb\u00eda entregar la secretar\u00eda ejecutiva de la Csutcb.<br \/>\n\u201cCon la visita de nuestro presidente hemos visto actitudes violentas, actitudes que han intentado generar conflicto y que adem\u00e1s han boicoteado cuando nuestro hermano presidente estaba haciendo uso de la palabra\u201d, dijo R\u00edos.<\/p>\n","protected":false},"excerpt":{"rendered":"<p>El viceministro de seguridad ciudadana, Roberto R\u00edos, neg\u00f3 ayer que el presidente Luis Arce haya instruido la gasificaci\u00f3n en el XXIV congreso de la Confederaci\u00f3n Sindical \u00danica de Trabajadores Campesinos de Bolivia (Csutcb) en la ciudad de El Alto. R\u00edos precis\u00f3 que el congreso campesino, que intent\u00f3 elegir una directiva af\u00edn al expresidente Evo Morales, [&hellip;]<\/p>\n","protected":false},"author":1,"featured_media":172185,"comment_status":"closed","ping_status":"open","sticky":false,"template":"","format":"standard","meta":{"_acf_changed":false,"footnotes":""},"categories":[39],"tags":[],"class_list":["post-172184","post","type-post","status-publish","format-standard","has-post-thumbnail","category-sociedad"],"acf":{"antetitulo":""},"yoast_head":"<!-- This site is optimized with the Yoast SEO plugin v28.3 - https:\/\/yoast.com\/product\/yoast-seo-wordpress\/ -->\n<title>R\u00edos niega que hayan instruido gasificar congreso campesino - El Diario - Bolivia<\/title>\n<meta name=\"robots\" content=\"index, follow, max-snippet:-1, max-image-preview:large, max-video-preview:-1\" \/>\n<link rel=\"canonical\" href=\"https:\/\/www.eldiario.net\/portal\/2023\/08\/21\/rios-niega-que-hayan-instruido-gasificar-congreso-campesino\/\" \/>\n<meta property=\"og:locale\" content=\"es_ES\" \/>\n<meta property=\"og:type\" content=\"article\" \/>\n<meta property=\"og:title\" content=\"R\u00edos niega que hayan instruido gasificar congreso campesino - El Diario - Bolivia\" \/>\n<meta property=\"og:description\" content=\"El viceministro de seguridad ciudadana, Roberto R\u00edos, neg\u00f3 ayer que el presidente Luis Arce haya instruido la gasificaci\u00f3n en el XXIV congreso de la Confederaci\u00f3n Sindical \u00danica de Trabajadores Campesinos de Bolivia (Csutcb) en la ciudad de El Alto. R\u00edos precis\u00f3 que el congreso campesino, que intent\u00f3 elegir una directiva af\u00edn al expresidente Evo Morales, [&hellip;]\" \/>\n<meta property=\"og:url\" content=\"https:\/\/www.eldiario.net\/portal\/2023\/08\/21\/rios-niega-que-hayan-instruido-gasificar-congreso-campesino\/\" \/>\n<meta property=\"og:site_name\" content=\"El Diario - Bolivia\" \/>\n<meta property=\"article:publisher\" content=\"https:\/\/www.facebook.com\/eldiario.bolivia\/\" \/>\n<meta property=\"article:published_time\" content=\"2023-08-21T11:02:29+00:00\" \/>\n<meta property=\"og:image\" content=\"https:\/\/www.eldiario.net\/portal\/wp-content\/uploads\/2023\/08\/RIOS.jpg\" \/>\n\t<meta property=\"og:image:width\" content=\"1600\" \/>\n\t<meta property=\"og:image:height\" content=\"1066\" \/>\n\t<meta property=\"og:image:type\" content=\"image\/jpeg\" \/>\n<meta name=\"author\" content=\"Jeanette\" \/>\n<meta name=\"twitter:card\" content=\"summary_large_image\" \/>\n<meta name=\"twitter:creator\" content=\"@eldiario_net\" \/>\n<meta name=\"twitter:site\" content=\"@eldiario_net\" \/>\n<meta name=\"twitter:label1\" content=\"Escrito por\" \/>\n\t<meta name=\"twitter:data1\" content=\"Jeanette\" \/>\n\t<meta name=\"twitter:label2\" content=\"Tiempo de lectura\" \/>\n\t<meta name=\"twitter:data2\" content=\"2 minutos\" \/>\n<script type=\"application\/ld+json\" class=\"yoast-schema-graph\">{\"@context\":\"https:\\\/\\\/schema.org\",\"@graph\":[{\"@type\":\"Article\",\"@id\":\"https:\\\/\\\/www.eldiario.net\\\/portal\\\/2023\\\/08\\\/21\\\/rios-niega-que-hayan-instruido-gasificar-congreso-campesino\\\/#article\",\"isPartOf\":{\"@id\":\"https:\\\/\\\/www.eldiario.net\\\/portal\\\/2023\\\/08\\\/21\\\/rios-niega-que-hayan-instruido-gasificar-congreso-campesino\\\/\"},\"author\":{\"name\":\"Jeanette\",\"@id\":\"https:\\\/\\\/www.eldiario.net\\\/portal\\\/#\\\/schema\\\/person\\\/f46445640444750d7d753ccd04ae01b7\"},\"headline\":\"R\u00edos niega que hayan instruido gasificar congreso campesino\",\"datePublished\":\"2023-08-21T11:02:29+00:00\",\"mainEntityOfPage\":{\"@id\":\"https:\\\/\\\/www.eldiario.net\\\/portal\\\/2023\\\/08\\\/21\\\/rios-niega-que-hayan-instruido-gasificar-congreso-campesino\\\/\"},\"wordCount\":362,\"publisher\":{\"@id\":\"https:\\\/\\\/www.eldiario.net\\\/portal\\\/#organization\"},\"image\":{\"@id\":\"https:\\\/\\\/www.eldiario.net\\\/portal\\\/2023\\\/08\\\/21\\\/rios-niega-que-hayan-instruido-gasificar-congreso-campesino\\\/#primaryimage\"},\"thumbnailUrl\":\"https:\\\/\\\/www.eldiario.net\\\/portal\\\/wp-content\\\/uploads\\\/2023\\\/08\\\/RIOS.jpg\",\"articleSection\":[\"Sociedad - Seguridad\"],\"inLanguage\":\"es\"},{\"@type\":\"WebPage\",\"@id\":\"https:\\\/\\\/www.eldiario.net\\\/portal\\\/2023\\\/08\\\/21\\\/rios-niega-que-hayan-instruido-gasificar-congreso-campesino\\\/\",\"url\":\"https:\\\/\\\/www.eldiario.net\\\/portal\\\/2023\\\/08\\\/21\\\/rios-niega-que-hayan-instruido-gasificar-congreso-campesino\\\/\",\"name\":\"R\u00edos niega que hayan instruido gasificar congreso campesino - El Diario - Bolivia\",\"isPartOf\":{\"@id\":\"https:\\\/\\\/www.eldiario.net\\\/portal\\\/#website\"},\"primaryImageOfPage\":{\"@id\":\"https:\\\/\\\/www.eldiario.net\\\/portal\\\/2023\\\/08\\\/21\\\/rios-niega-que-hayan-instruido-gasificar-congreso-campesino\\\/#primaryimage\"},\"image\":{\"@id\":\"https:\\\/\\\/www.eldiario.net\\\/portal\\\/2023\\\/08\\\/21\\\/rios-niega-que-hayan-instruido-gasificar-congreso-campesino\\\/#primaryimage\"},\"thumbnailUrl\":\"https:\\\/\\\/www.eldiario.net\\\/portal\\\/wp-content\\\/uploads\\\/2023\\\/08\\\/RIOS.jpg\",\"datePublished\":\"2023-08-21T11:02:29+00:00\",\"breadcrumb\":{\"@id\":\"https:\\\/\\\/www.eldiario.net\\\/portal\\\/2023\\\/08\\\/21\\\/rios-niega-que-hayan-instruido-gasificar-congreso-campesino\\\/#breadcrumb\"},\"inLanguage\":\"es\",\"potentialAction\":[{\"@type\":\"ReadAction\",\"target\":[\"https:\\\/\\\/www.eldiario.net\\\/portal\\\/2023\\\/08\\\/21\\\/rios-niega-que-hayan-instruido-gasificar-congreso-campesino\\\/\"]}]},{\"@type\":\"ImageObject\",\"inLanguage\":\"es\",\"@id\":\"https:\\\/\\\/www.eldiario.net\\\/portal\\\/2023\\\/08\\\/21\\\/rios-niega-que-hayan-instruido-gasificar-congreso-campesino\\\/#primaryimage\",\"url\":\"https:\\\/\\\/www.eldiario.net\\\/portal\\\/wp-content\\\/uploads\\\/2023\\\/08\\\/RIOS.jpg\",\"contentUrl\":\"https:\\\/\\\/www.eldiario.net\\\/portal\\\/wp-content\\\/uploads\\\/2023\\\/08\\\/RIOS.jpg\",\"width\":1600,\"height\":1066},{\"@type\":\"BreadcrumbList\",\"@id\":\"https:\\\/\\\/www.eldiario.net\\\/portal\\\/2023\\\/08\\\/21\\\/rios-niega-que-hayan-instruido-gasificar-congreso-campesino\\\/#breadcrumb\",\"itemListElement\":[{\"@type\":\"ListItem\",\"position\":1,\"name\":\"Portada\",\"item\":\"https:\\\/\\\/www.eldiario.net\\\/portal\\\/\"},{\"@type\":\"ListItem\",\"position\":2,\"name\":\"R\u00edos niega que hayan instruido gasificar congreso campesino\"}]},{\"@type\":\"WebSite\",\"@id\":\"https:\\\/\\\/www.eldiario.net\\\/portal\\\/#website\",\"url\":\"https:\\\/\\\/www.eldiario.net\\\/portal\\\/\",\"name\":\"El Diario - Decano de la prensa nacional\",\"description\":\"El Diario - Decano de la prensa nacional\",\"publisher\":{\"@id\":\"https:\\\/\\\/www.eldiario.net\\\/portal\\\/#organization\"},\"potentialAction\":[{\"@type\":\"SearchAction\",\"target\":{\"@type\":\"EntryPoint\",\"urlTemplate\":\"https:\\\/\\\/www.eldiario.net\\\/portal\\\/?s={search_term_string}\"},\"query-input\":{\"@type\":\"PropertyValueSpecification\",\"valueRequired\":true,\"valueName\":\"search_term_string\"}}],\"inLanguage\":\"es\"},{\"@type\":\"Organization\",\"@id\":\"https:\\\/\\\/www.eldiario.net\\\/portal\\\/#organization\",\"name\":\"El Diario - Decano de la prensa nacional\",\"url\":\"https:\\\/\\\/www.eldiario.net\\\/portal\\\/\",\"logo\":{\"@type\":\"ImageObject\",\"inLanguage\":\"es\",\"@id\":\"https:\\\/\\\/www.eldiario.net\\\/portal\\\/#\\\/schema\\\/logo\\\/image\\\/\",\"url\":\"https:\\\/\\\/www.eldiario.net\\\/portal\\\/wp-content\\\/uploads\\\/2023\\\/07\\\/logo_ED.jpg\",\"contentUrl\":\"https:\\\/\\\/www.eldiario.net\\\/portal\\\/wp-content\\\/uploads\\\/2023\\\/07\\\/logo_ED.jpg\",\"width\":272,\"height\":52,\"caption\":\"El Diario - Decano de la prensa nacional\"},\"image\":{\"@id\":\"https:\\\/\\\/www.eldiario.net\\\/portal\\\/#\\\/schema\\\/logo\\\/image\\\/\"},\"sameAs\":[\"https:\\\/\\\/www.facebook.com\\\/eldiario.bolivia\\\/\",\"https:\\\/\\\/x.com\\\/eldiario_net\"]},{\"@type\":\"Person\",\"@id\":\"https:\\\/\\\/www.eldiario.net\\\/portal\\\/#\\\/schema\\\/person\\\/f46445640444750d7d753ccd04ae01b7\",\"name\":\"Jeanette\",\"image\":{\"@type\":\"ImageObject\",\"inLanguage\":\"es\",\"@id\":\"https:\\\/\\\/secure.gravatar.com\\\/avatar\\\/3ea2118a5f7dad2b7138b1187a6b7ee55f160b9968b66013c3a3ef39dd7e5798?s=96&d=mm&r=g\",\"url\":\"https:\\\/\\\/secure.gravatar.com\\\/avatar\\\/3ea2118a5f7dad2b7138b1187a6b7ee55f160b9968b66013c3a3ef39dd7e5798?s=96&d=mm&r=g\",\"contentUrl\":\"https:\\\/\\\/secure.gravatar.com\\\/avatar\\\/3ea2118a5f7dad2b7138b1187a6b7ee55f160b9968b66013c3a3ef39dd7e5798?s=96&d=mm&r=g\",\"caption\":\"Jeanette\"},\"sameAs\":[\"https:\\\/\\\/www.eldiario.net\\\/portal\"],\"url\":\"https:\\\/\\\/www.eldiario.net\\\/portal\\\/author\\\/jeanette\\\/\"}]}<\/script>\n<!-- \/ Yoast SEO plugin. -->","yoast_head_json":{"title":"R\u00edos niega que hayan instruido gasificar congreso campesino - El Diario - Bolivia","robots":{"index":"index","follow":"follow","max-snippet":"max-snippet:-1","max-image-preview":"max-image-preview:large","max-video-preview":"max-video-preview:-1"},"canonical":"https:\/\/www.eldiario.net\/portal\/2023\/08\/21\/rios-niega-que-hayan-instruido-gasificar-congreso-campesino\/","og_locale":"es_ES","og_type":"article","og_title":"R\u00edos niega que hayan instruido gasificar congreso campesino - El Diario - Bolivia","og_description":"El viceministro de seguridad ciudadana, Roberto R\u00edos, neg\u00f3 ayer que el presidente Luis Arce haya instruido la gasificaci\u00f3n en el XXIV congreso de la Confederaci\u00f3n Sindical \u00danica de Trabajadores Campesinos de Bolivia (Csutcb) en la ciudad de El Alto. R\u00edos precis\u00f3 que el congreso campesino, que intent\u00f3 elegir una directiva af\u00edn al expresidente Evo Morales, [&hellip;]","og_url":"https:\/\/www.eldiario.net\/portal\/2023\/08\/21\/rios-niega-que-hayan-instruido-gasificar-congreso-campesino\/","og_site_name":"El Diario - Bolivia","article_publisher":"https:\/\/www.facebook.com\/eldiario.bolivia\/","article_published_time":"2023-08-21T11:02:29+00:00","og_image":[{"width":1600,"height":1066,"url":"https:\/\/www.eldiario.net\/portal\/wp-content\/uploads\/2023\/08\/RIOS.jpg","type":"image\/jpeg"}],"author":"Jeanette","twitter_card":"summary_large_image","twitter_creator":"@eldiario_net","twitter_site":"@eldiario_net","twitter_misc":{"Escrito por":"Jeanette","Tiempo de lectura":"2 minutos"},"schema":{"@context":"https:\/\/schema.org","@graph":[{"@type":"Article","@id":"https:\/\/www.eldiario.net\/portal\/2023\/08\/21\/rios-niega-que-hayan-instruido-gasificar-congreso-campesino\/#article","isPartOf":{"@id":"https:\/\/www.eldiario.net\/portal\/2023\/08\/21\/rios-niega-que-hayan-instruido-gasificar-congreso-campesino\/"},"author":{"name":"Jeanette","@id":"https:\/\/www.eldiario.net\/portal\/#\/schema\/person\/f46445640444750d7d753ccd04ae01b7"},"headline":"R\u00edos niega que hayan instruido gasificar congreso campesino","datePublished":"2023-08-21T11:02:29+00:00","mainEntityOfPage":{"@id":"https:\/\/www.eldiario.net\/portal\/2023\/08\/21\/rios-niega-que-hayan-instruido-gasificar-congreso-campesino\/"},"wordCount":362,"publisher":{"@id":"https:\/\/www.eldiario.net\/portal\/#organization"},"image":{"@id":"https:\/\/www.eldiario.net\/portal\/2023\/08\/21\/rios-niega-que-hayan-instruido-gasificar-congreso-campesino\/#primaryimage"},"thumbnailUrl":"https:\/\/www.eldiario.net\/portal\/wp-content\/uploads\/2023\/08\/RIOS.jpg","articleSection":["Sociedad - Seguridad"],"inLanguage":"es"},{"@type":"WebPage","@id":"https:\/\/www.eldiario.net\/portal\/2023\/08\/21\/rios-niega-que-hayan-instruido-gasificar-congreso-campesino\/","url":"https:\/\/www.eldiario.net\/portal\/2023\/08\/21\/rios-niega-que-hayan-instruido-gasificar-congreso-campesino\/","name":"R\u00edos niega que hayan instruido gasificar congreso campesino - El Diario - Bolivia","isPartOf":{"@id":"https:\/\/www.eldiario.net\/portal\/#website"},"primaryImageOfPage":{"@id":"https:\/\/www.eldiario.net\/portal\/2023\/08\/21\/rios-niega-que-hayan-instruido-gasificar-congreso-campesino\/#primaryimage"},"image":{"@id":"https:\/\/www.eldiario.net\/portal\/2023\/08\/21\/rios-niega-que-hayan-instruido-gasificar-congreso-campesino\/#primaryimage"},"thumbnailUrl":"https:\/\/www.eldiario.net\/portal\/wp-content\/uploads\/2023\/08\/RIOS.jpg","datePublished":"2023-08-21T11:02:29+00:00","breadcrumb":{"@id":"https:\/\/www.eldiario.net\/portal\/2023\/08\/21\/rios-niega-que-hayan-instruido-gasificar-congreso-campesino\/#breadcrumb"},"inLanguage":"es","potentialAction":[{"@type":"ReadAction","target":["https:\/\/www.eldiario.net\/portal\/2023\/08\/21\/rios-niega-que-hayan-instruido-gasificar-congreso-campesino\/"]}]},{"@type":"ImageObject","inLanguage":"es","@id":"https:\/\/www.eldiario.net\/portal\/2023\/08\/21\/rios-niega-que-hayan-instruido-gasificar-congreso-campesino\/#primaryimage","url":"https:\/\/www.eldiario.net\/portal\/wp-content\/uploads\/2023\/08\/RIOS.jpg","contentUrl":"https:\/\/www.eldiario.net\/portal\/wp-content\/uploads\/2023\/08\/RIOS.jpg","width":1600,"height":1066},{"@type":"BreadcrumbList","@id":"https:\/\/www.eldiario.net\/portal\/2023\/08\/21\/rios-niega-que-hayan-instruido-gasificar-congreso-campesino\/#breadcrumb","itemListElement":[{"@type":"ListItem","position":1,"name":"Portada","item":"https:\/\/www.eldiario.net\/portal\/"},{"@type":"ListItem","position":2,"name":"R\u00edos niega que hayan instruido gasificar congreso campesino"}]},{"@type":"WebSite","@id":"https:\/\/www.eldiario.net\/portal\/#website","url":"https:\/\/www.eldiario.net\/portal\/","name":"El Diario - Decano de la prensa nacional","description":"El Diario - Decano de la prensa nacional","publisher":{"@id":"https:\/\/www.eldiario.net\/portal\/#organization"},"potentialAction":[{"@type":"SearchAction","target":{"@type":"EntryPoint","urlTemplate":"https:\/\/www.eldiario.net\/portal\/?s={search_term_string}"},"query-input":{"@type":"PropertyValueSpecification","valueRequired":true,"valueName":"search_term_string"}}],"inLanguage":"es"},{"@type":"Organization","@id":"https:\/\/www.eldiario.net\/portal\/#organization","name":"El Diario - Decano de la prensa nacional","url":"https:\/\/www.eldiario.net\/portal\/","logo":{"@type":"ImageObject","inLanguage":"es","@id":"https:\/\/www.eldiario.net\/portal\/#\/schema\/logo\/image\/","url":"https:\/\/www.eldiario.net\/portal\/wp-content\/uploads\/2023\/07\/logo_ED.jpg","contentUrl":"https:\/\/www.eldiario.net\/portal\/wp-content\/uploads\/2023\/07\/logo_ED.jpg","width":272,"height":52,"caption":"El Diario - Decano de la prensa nacional"},"image":{"@id":"https:\/\/www.eldiario.net\/portal\/#\/schema\/logo\/image\/"},"sameAs":["https:\/\/www.facebook.com\/eldiario.bolivia\/","https:\/\/x.com\/eldiario_net"]},{"@type":"Person","@id":"https:\/\/www.eldiario.net\/portal\/#\/schema\/person\/f46445640444750d7d753ccd04ae01b7","name":"Jeanette","image":{"@type":"ImageObject","inLanguage":"es","@id":"https:\/\/secure.gravatar.com\/avatar\/3ea2118a5f7dad2b7138b1187a6b7ee55f160b9968b66013c3a3ef39dd7e5798?s=96&d=mm&r=g","url":"https:\/\/secure.gravatar.com\/avatar\/3ea2118a5f7dad2b7138b1187a6b7ee55f160b9968b66013c3a3ef39dd7e5798?s=96&d=mm&r=g","contentUrl":"https:\/\/secure.gravatar.com\/avatar\/3ea2118a5f7dad2b7138b1187a6b7ee55f160b9968b66013c3a3ef39dd7e5798?s=96&d=mm&r=g","caption":"Jeanette"},"sameAs":["https:\/\/www.eldiario.net\/portal"],"url":"https:\/\/www.eldiario.net\/portal\/author\/jeanette\/"}]}},"_links":{"self":[{"href":"https:\/\/www.eldiario.net\/portal\/wp-json\/wp\/v2\/posts\/172184","targetHints":{"allow":["GET"]}}],"collection":[{"href":"https:\/\/www.eldiario.net\/portal\/wp-json\/wp\/v2\/posts"}],"about":[{"href":"https:\/\/www.eldiario.net\/portal\/wp-json\/wp\/v2\/types\/post"}],"author":[{"embeddable":true,"href":"https:\/\/www.eldiario.net\/portal\/wp-json\/wp\/v2\/users\/1"}],"replies":[{"embeddable":true,"href":"https:\/\/www.eldiario.net\/portal\/wp-json\/wp\/v2\/comments?post=172184"}],"version-history":[{"count":0,"href":"https:\/\/www.eldiario.net\/portal\/wp-json\/wp\/v2\/posts\/172184\/revisions"}],"wp:featuredmedia":[{"embeddable":true,"href":"https:\/\/www.eldiario.net\/portal\/wp-json\/wp\/v2\/media\/172185"}],"wp:attachment":[{"href":"https:\/\/www.eldiario.net\/portal\/wp-json\/wp\/v2\/media?parent=172184"}],"wp:term":[{"taxonomy":"category","embeddable":true,"href":"https:\/\/www.eldiario.net\/portal\/wp-json\/wp\/v2\/categories?post=172184"},{"taxonomy":"post_tag","embeddable":true,"href":"https:\/\/www.eldiario.net\/portal\/wp-json\/wp\/v2\/tags?post=172184"}],"curies":[{"name":"wp","href":"https:\/\/api.w.org\/{rel}","templated":true}]}}