{"id":172176,"date":"2023-08-21T06:56:08","date_gmt":"2023-08-21T10:56:08","guid":{"rendered":"https:\/\/www.eldiario.net\/portal\/?p=172176"},"modified":"2023-08-21T06:56:08","modified_gmt":"2023-08-21T10:56:08","slug":"bolivia-y-su-posicion-sobre-la-mujer-en-los-foros-interamericanos","status":"publish","type":"post","link":"https:\/\/www.eldiario.net\/portal\/2023\/08\/21\/bolivia-y-su-posicion-sobre-la-mujer-en-los-foros-interamericanos\/","title":{"rendered":"Bolivia y su posici\u00f3n sobre la Mujer en los Foros Interamericanos"},"content":{"rendered":"<p>En los \u00faltimos a\u00f1os la presencia de la mujer es nula o escasa en los Foros o Cumbres Internacionales, esto queda atestiguado en las galer\u00edas fotogr\u00e1ficas de las p\u00e1ginas oficiales o en las portadas de los medios que las cubren. Sin embargo, en la diplomacia boliviana el tema de la participaci\u00f3n y los derechos de la Mujer, estuvo presente desde 1922.<br \/>\nEs necesario mencionar, que en dicho a\u00f1o se llev\u00f3 a cabo en Baltimore (EEUU) la Primera Conferencia Panamericana de la Mujer, en la cual la delegada boliviana Arcadia Calder\u00f3n de Zalles, se desenvolvi\u00f3 con perfecto acierto. Tambi\u00e9n subrayamos, que esta reuni\u00f3n dio origen a la Asociaci\u00f3n Panamericana para el Avance de la Mujer, que ten\u00eda por misi\u00f3n influir en la Quinta Conferencia Internacional Americana reunida en Santiago, en marzo de 1923.<br \/>\nOtro hecho a destacar, es la participaci\u00f3n de Eduviges Garaiz\u00e1bal de Hertzog, quien, como fundadora del Ateneo Femenino de La Paz, fue delegada a la Primera Conferencia Interamericana de Mujeres, efectuada en Lima (Per\u00fa), en 1924. En la misma pronunci\u00f3 dos conferencias intituladas: \u201cAyuda a la mujer viuda y con hijos, que quedan sin fortuna\u201d e \u201cIgualdad de la mujer en el trabajo\u201d, ponencias que fueron recopiladas en un folleto.<br \/>\nEn la Sexta Conferencia Internacional Americana, celebrada en La Habana (Cuba), los delegados bolivianos Jos\u00e9 Antezana y Adolfo Costa du Rels, suscribieron en nombre de muestro pa\u00eds, las resoluciones \u201cXXIII.- Licencia obligatoria a la mujer madre\u2026 XXVI.- Invitaci\u00f3n a las Asociaciones de Mujeres para presentar sus puntos de vista relativos a los Derechos de la Mujer\u201d. En esta oportunidad por primera vez las mujeres parlamentaron oficialmente en una sesi\u00f3n plenaria y como consecuencia se cre\u00f3 la \u2018Comisi\u00f3n Interamericana de Mujeres\u2019 (CIM), entidad que actualmente pervive y tiene por prop\u00f3sito estudiar sobre la condici\u00f3n jur\u00eddica de la mujer en las Am\u00e9ricas.<br \/>\nEn la S\u00e9ptima Conferencia Internacional Americana, realizada en Montevideo (Uruguay) en diciembre de 1933, los delegados bolivianos Casto Rojas, David Alv\u00e9stegui y Arturo Pinto Escalier, firmaron la \u201cConvenci\u00f3n sobre la Mujer\u201d, primer Instrumento Internacional del mundo sobre igualdad para la mujer.<br \/>\nEn la Octava Conferencia Panamericana, la mujer boliviana estuvo representada por Etelvina Guachalla y Rosario de Sanz Garc\u00eda. En esta ocasi\u00f3n de manera sui generis los delegados bolivianos suscribieron la \u201cDeclaraci\u00f3n de Lima en favor de los Derechos de la Mujer\u201d, \u201cEl mejoramiento de las condiciones de Vida de la Mujer Campesina\u201d, \u201cCongreso Interamericano de Mujeres\u201d, \u201cLabor de la Comisi\u00f3n Interamericana de Mujeres\u201d, \u201cLa definici\u00f3n de agresor y sanciones\u201d. Es importante se\u00f1alar que en dicho Congreso las naciones americanas acordaron: \u201c1.- Declarar que la mujer tiene derecho: a) a igualdad tratamiento pol\u00edtico que el hombre; b) A gozar de igualdad en el orden civil; c) A las m\u00e1s amplias oportunidades y protecci\u00f3n en el trabajo; y d) Al m\u00e1s amplio amparo como madre\u201d.<br \/>\nM\u00e1s adelante, la representante boliviana Ana Rosa Tornero de Bilbao la Vieja, desempe\u00f1\u00f3 una interesante labor en el Primer Congreso Interamericano de Mujeres, celebrado en Guatemala entre el 19 al 27 de agosto de 1947.<br \/>\nPero la posici\u00f3n m\u00e1s acertada sobre la posici\u00f3n de la mujer, fue la suscripci\u00f3n y ratificaci\u00f3n de los \u201cDerechos de la mujer en Am\u00e9rica\u201d, aprobada en la Conferencia Interamericana sobre Problemas de la Guerra y de la Paz, celebrada en la ciudad de M\u00e9xico en 1945 y la \u201cConvenci\u00f3n Interamericana sobre Concesi\u00f3n de los Derechos Pol\u00edticos a la Mujer\u201d y la \u201cConvenci\u00f3n Interamericana sobre Concesi\u00f3n de los Derechos Civiles a la Mujer\u201d, ambas firmadas en la Novena Conferencia Internacional Americana, realizada en Bogot\u00e1 (Colombia) en mayo de 1948. Muchos a\u00f1os despu\u00e9s, nuestro pa\u00eds suscribi\u00f3 la \u201cConvenci\u00f3n Interamericana para Prevenir Sancionar y Erradicar la violencia contra la Mujer\u201d y la ratific\u00f3 el 26 de octubre de 1994.<\/p>\n","protected":false},"excerpt":{"rendered":"<p>En los \u00faltimos a\u00f1os la presencia de la mujer es nula o escasa en los Foros o Cumbres Internacionales, esto queda atestiguado en las galer\u00edas fotogr\u00e1ficas de las p\u00e1ginas oficiales o en las portadas de los medios que las cubren. Sin embargo, en la diplomacia boliviana el tema de la participaci\u00f3n y los derechos de [&hellip;]<\/p>\n","protected":false},"author":1,"featured_media":159852,"comment_status":"closed","ping_status":"open","sticky":false,"template":"","format":"standard","meta":{"_acf_changed":false,"footnotes":""},"categories":[9],"tags":[],"class_list":["post-172176","post","type-post","status-publish","format-standard","has-post-thumbnail","category-opinion"],"acf":{"antetitulo":""},"yoast_head":"<!-- This site is optimized with the Yoast SEO plugin v28.3 - https:\/\/yoast.com\/product\/yoast-seo-wordpress\/ -->\n<title>Bolivia y su posici\u00f3n sobre la Mujer en los Foros Interamericanos - El Diario - Bolivia<\/title>\n<meta name=\"robots\" content=\"index, follow, max-snippet:-1, max-image-preview:large, max-video-preview:-1\" \/>\n<link rel=\"canonical\" href=\"https:\/\/www.eldiario.net\/portal\/2023\/08\/21\/bolivia-y-su-posicion-sobre-la-mujer-en-los-foros-interamericanos\/\" \/>\n<meta property=\"og:locale\" content=\"es_ES\" \/>\n<meta property=\"og:type\" content=\"article\" \/>\n<meta property=\"og:title\" content=\"Bolivia y su posici\u00f3n sobre la Mujer en los Foros Interamericanos - El Diario - Bolivia\" \/>\n<meta property=\"og:description\" content=\"En los \u00faltimos a\u00f1os la presencia de la mujer es nula o escasa en los Foros o Cumbres Internacionales, esto queda atestiguado en las galer\u00edas fotogr\u00e1ficas de las p\u00e1ginas oficiales o en las portadas de los medios que las cubren. Sin embargo, en la diplomacia boliviana el tema de la participaci\u00f3n y los derechos de [&hellip;]\" \/>\n<meta property=\"og:url\" content=\"https:\/\/www.eldiario.net\/portal\/2023\/08\/21\/bolivia-y-su-posicion-sobre-la-mujer-en-los-foros-interamericanos\/\" \/>\n<meta property=\"og:site_name\" content=\"El Diario - Bolivia\" \/>\n<meta property=\"article:publisher\" content=\"https:\/\/www.facebook.com\/eldiario.bolivia\/\" \/>\n<meta property=\"article:published_time\" content=\"2023-08-21T10:56:08+00:00\" \/>\n<meta property=\"og:image\" content=\"https:\/\/www.eldiario.net\/portal\/wp-content\/uploads\/2023\/06\/Jose-Pradel.jpg\" \/>\n\t<meta property=\"og:image:width\" content=\"1200\" \/>\n\t<meta property=\"og:image:height\" content=\"628\" \/>\n\t<meta property=\"og:image:type\" content=\"image\/jpeg\" \/>\n<meta name=\"author\" content=\"Jeanette\" \/>\n<meta name=\"twitter:card\" content=\"summary_large_image\" \/>\n<meta name=\"twitter:creator\" content=\"@eldiario_net\" \/>\n<meta name=\"twitter:site\" content=\"@eldiario_net\" \/>\n<meta name=\"twitter:label1\" content=\"Escrito por\" \/>\n\t<meta name=\"twitter:data1\" content=\"Jeanette\" \/>\n\t<meta name=\"twitter:label2\" content=\"Tiempo de lectura\" \/>\n\t<meta name=\"twitter:data2\" content=\"3 minutos\" \/>\n<script type=\"application\/ld+json\" class=\"yoast-schema-graph\">{\"@context\":\"https:\\\/\\\/schema.org\",\"@graph\":[{\"@type\":\"Article\",\"@id\":\"https:\\\/\\\/www.eldiario.net\\\/portal\\\/2023\\\/08\\\/21\\\/bolivia-y-su-posicion-sobre-la-mujer-en-los-foros-interamericanos\\\/#article\",\"isPartOf\":{\"@id\":\"https:\\\/\\\/www.eldiario.net\\\/portal\\\/2023\\\/08\\\/21\\\/bolivia-y-su-posicion-sobre-la-mujer-en-los-foros-interamericanos\\\/\"},\"author\":{\"name\":\"Jeanette\",\"@id\":\"https:\\\/\\\/www.eldiario.net\\\/portal\\\/#\\\/schema\\\/person\\\/f46445640444750d7d753ccd04ae01b7\"},\"headline\":\"Bolivia y su posici\u00f3n sobre la Mujer en los Foros Interamericanos\",\"datePublished\":\"2023-08-21T10:56:08+00:00\",\"mainEntityOfPage\":{\"@id\":\"https:\\\/\\\/www.eldiario.net\\\/portal\\\/2023\\\/08\\\/21\\\/bolivia-y-su-posicion-sobre-la-mujer-en-los-foros-interamericanos\\\/\"},\"wordCount\":672,\"publisher\":{\"@id\":\"https:\\\/\\\/www.eldiario.net\\\/portal\\\/#organization\"},\"image\":{\"@id\":\"https:\\\/\\\/www.eldiario.net\\\/portal\\\/2023\\\/08\\\/21\\\/bolivia-y-su-posicion-sobre-la-mujer-en-los-foros-interamericanos\\\/#primaryimage\"},\"thumbnailUrl\":\"https:\\\/\\\/www.eldiario.net\\\/portal\\\/wp-content\\\/uploads\\\/2023\\\/06\\\/Jose-Pradel.jpg\",\"articleSection\":[\"Opini\u00f3n\"],\"inLanguage\":\"es\"},{\"@type\":\"WebPage\",\"@id\":\"https:\\\/\\\/www.eldiario.net\\\/portal\\\/2023\\\/08\\\/21\\\/bolivia-y-su-posicion-sobre-la-mujer-en-los-foros-interamericanos\\\/\",\"url\":\"https:\\\/\\\/www.eldiario.net\\\/portal\\\/2023\\\/08\\\/21\\\/bolivia-y-su-posicion-sobre-la-mujer-en-los-foros-interamericanos\\\/\",\"name\":\"Bolivia y su posici\u00f3n sobre la Mujer en los Foros Interamericanos - El Diario - Bolivia\",\"isPartOf\":{\"@id\":\"https:\\\/\\\/www.eldiario.net\\\/portal\\\/#website\"},\"primaryImageOfPage\":{\"@id\":\"https:\\\/\\\/www.eldiario.net\\\/portal\\\/2023\\\/08\\\/21\\\/bolivia-y-su-posicion-sobre-la-mujer-en-los-foros-interamericanos\\\/#primaryimage\"},\"image\":{\"@id\":\"https:\\\/\\\/www.eldiario.net\\\/portal\\\/2023\\\/08\\\/21\\\/bolivia-y-su-posicion-sobre-la-mujer-en-los-foros-interamericanos\\\/#primaryimage\"},\"thumbnailUrl\":\"https:\\\/\\\/www.eldiario.net\\\/portal\\\/wp-content\\\/uploads\\\/2023\\\/06\\\/Jose-Pradel.jpg\",\"datePublished\":\"2023-08-21T10:56:08+00:00\",\"breadcrumb\":{\"@id\":\"https:\\\/\\\/www.eldiario.net\\\/portal\\\/2023\\\/08\\\/21\\\/bolivia-y-su-posicion-sobre-la-mujer-en-los-foros-interamericanos\\\/#breadcrumb\"},\"inLanguage\":\"es\",\"potentialAction\":[{\"@type\":\"ReadAction\",\"target\":[\"https:\\\/\\\/www.eldiario.net\\\/portal\\\/2023\\\/08\\\/21\\\/bolivia-y-su-posicion-sobre-la-mujer-en-los-foros-interamericanos\\\/\"]}]},{\"@type\":\"ImageObject\",\"inLanguage\":\"es\",\"@id\":\"https:\\\/\\\/www.eldiario.net\\\/portal\\\/2023\\\/08\\\/21\\\/bolivia-y-su-posicion-sobre-la-mujer-en-los-foros-interamericanos\\\/#primaryimage\",\"url\":\"https:\\\/\\\/www.eldiario.net\\\/portal\\\/wp-content\\\/uploads\\\/2023\\\/06\\\/Jose-Pradel.jpg\",\"contentUrl\":\"https:\\\/\\\/www.eldiario.net\\\/portal\\\/wp-content\\\/uploads\\\/2023\\\/06\\\/Jose-Pradel.jpg\",\"width\":1200,\"height\":628,\"caption\":\"Jos\u00e9 E. Pradel B.\"},{\"@type\":\"BreadcrumbList\",\"@id\":\"https:\\\/\\\/www.eldiario.net\\\/portal\\\/2023\\\/08\\\/21\\\/bolivia-y-su-posicion-sobre-la-mujer-en-los-foros-interamericanos\\\/#breadcrumb\",\"itemListElement\":[{\"@type\":\"ListItem\",\"position\":1,\"name\":\"Portada\",\"item\":\"https:\\\/\\\/www.eldiario.net\\\/portal\\\/\"},{\"@type\":\"ListItem\",\"position\":2,\"name\":\"Bolivia y su posici\u00f3n sobre la Mujer en los Foros Interamericanos\"}]},{\"@type\":\"WebSite\",\"@id\":\"https:\\\/\\\/www.eldiario.net\\\/portal\\\/#website\",\"url\":\"https:\\\/\\\/www.eldiario.net\\\/portal\\\/\",\"name\":\"El Diario - Decano de la prensa nacional\",\"description\":\"El Diario - Decano de la prensa nacional\",\"publisher\":{\"@id\":\"https:\\\/\\\/www.eldiario.net\\\/portal\\\/#organization\"},\"potentialAction\":[{\"@type\":\"SearchAction\",\"target\":{\"@type\":\"EntryPoint\",\"urlTemplate\":\"https:\\\/\\\/www.eldiario.net\\\/portal\\\/?s={search_term_string}\"},\"query-input\":{\"@type\":\"PropertyValueSpecification\",\"valueRequired\":true,\"valueName\":\"search_term_string\"}}],\"inLanguage\":\"es\"},{\"@type\":\"Organization\",\"@id\":\"https:\\\/\\\/www.eldiario.net\\\/portal\\\/#organization\",\"name\":\"El Diario - Decano de la prensa nacional\",\"url\":\"https:\\\/\\\/www.eldiario.net\\\/portal\\\/\",\"logo\":{\"@type\":\"ImageObject\",\"inLanguage\":\"es\",\"@id\":\"https:\\\/\\\/www.eldiario.net\\\/portal\\\/#\\\/schema\\\/logo\\\/image\\\/\",\"url\":\"https:\\\/\\\/www.eldiario.net\\\/portal\\\/wp-content\\\/uploads\\\/2023\\\/07\\\/logo_ED.jpg\",\"contentUrl\":\"https:\\\/\\\/www.eldiario.net\\\/portal\\\/wp-content\\\/uploads\\\/2023\\\/07\\\/logo_ED.jpg\",\"width\":272,\"height\":52,\"caption\":\"El Diario - Decano de la prensa nacional\"},\"image\":{\"@id\":\"https:\\\/\\\/www.eldiario.net\\\/portal\\\/#\\\/schema\\\/logo\\\/image\\\/\"},\"sameAs\":[\"https:\\\/\\\/www.facebook.com\\\/eldiario.bolivia\\\/\",\"https:\\\/\\\/x.com\\\/eldiario_net\"]},{\"@type\":\"Person\",\"@id\":\"https:\\\/\\\/www.eldiario.net\\\/portal\\\/#\\\/schema\\\/person\\\/f46445640444750d7d753ccd04ae01b7\",\"name\":\"Jeanette\",\"image\":{\"@type\":\"ImageObject\",\"inLanguage\":\"es\",\"@id\":\"https:\\\/\\\/secure.gravatar.com\\\/avatar\\\/3ea2118a5f7dad2b7138b1187a6b7ee55f160b9968b66013c3a3ef39dd7e5798?s=96&d=mm&r=g\",\"url\":\"https:\\\/\\\/secure.gravatar.com\\\/avatar\\\/3ea2118a5f7dad2b7138b1187a6b7ee55f160b9968b66013c3a3ef39dd7e5798?s=96&d=mm&r=g\",\"contentUrl\":\"https:\\\/\\\/secure.gravatar.com\\\/avatar\\\/3ea2118a5f7dad2b7138b1187a6b7ee55f160b9968b66013c3a3ef39dd7e5798?s=96&d=mm&r=g\",\"caption\":\"Jeanette\"},\"sameAs\":[\"https:\\\/\\\/www.eldiario.net\\\/portal\"],\"url\":\"https:\\\/\\\/www.eldiario.net\\\/portal\\\/author\\\/jeanette\\\/\"}]}<\/script>\n<!-- \/ Yoast SEO plugin. -->","yoast_head_json":{"title":"Bolivia y su posici\u00f3n sobre la Mujer en los Foros Interamericanos - El Diario - Bolivia","robots":{"index":"index","follow":"follow","max-snippet":"max-snippet:-1","max-image-preview":"max-image-preview:large","max-video-preview":"max-video-preview:-1"},"canonical":"https:\/\/www.eldiario.net\/portal\/2023\/08\/21\/bolivia-y-su-posicion-sobre-la-mujer-en-los-foros-interamericanos\/","og_locale":"es_ES","og_type":"article","og_title":"Bolivia y su posici\u00f3n sobre la Mujer en los Foros Interamericanos - El Diario - Bolivia","og_description":"En los \u00faltimos a\u00f1os la presencia de la mujer es nula o escasa en los Foros o Cumbres Internacionales, esto queda atestiguado en las galer\u00edas fotogr\u00e1ficas de las p\u00e1ginas oficiales o en las portadas de los medios que las cubren. Sin embargo, en la diplomacia boliviana el tema de la participaci\u00f3n y los derechos de [&hellip;]","og_url":"https:\/\/www.eldiario.net\/portal\/2023\/08\/21\/bolivia-y-su-posicion-sobre-la-mujer-en-los-foros-interamericanos\/","og_site_name":"El Diario - Bolivia","article_publisher":"https:\/\/www.facebook.com\/eldiario.bolivia\/","article_published_time":"2023-08-21T10:56:08+00:00","og_image":[{"width":1200,"height":628,"url":"https:\/\/www.eldiario.net\/portal\/wp-content\/uploads\/2023\/06\/Jose-Pradel.jpg","type":"image\/jpeg"}],"author":"Jeanette","twitter_card":"summary_large_image","twitter_creator":"@eldiario_net","twitter_site":"@eldiario_net","twitter_misc":{"Escrito por":"Jeanette","Tiempo de lectura":"3 minutos"},"schema":{"@context":"https:\/\/schema.org","@graph":[{"@type":"Article","@id":"https:\/\/www.eldiario.net\/portal\/2023\/08\/21\/bolivia-y-su-posicion-sobre-la-mujer-en-los-foros-interamericanos\/#article","isPartOf":{"@id":"https:\/\/www.eldiario.net\/portal\/2023\/08\/21\/bolivia-y-su-posicion-sobre-la-mujer-en-los-foros-interamericanos\/"},"author":{"name":"Jeanette","@id":"https:\/\/www.eldiario.net\/portal\/#\/schema\/person\/f46445640444750d7d753ccd04ae01b7"},"headline":"Bolivia y su posici\u00f3n sobre la Mujer en los Foros Interamericanos","datePublished":"2023-08-21T10:56:08+00:00","mainEntityOfPage":{"@id":"https:\/\/www.eldiario.net\/portal\/2023\/08\/21\/bolivia-y-su-posicion-sobre-la-mujer-en-los-foros-interamericanos\/"},"wordCount":672,"publisher":{"@id":"https:\/\/www.eldiario.net\/portal\/#organization"},"image":{"@id":"https:\/\/www.eldiario.net\/portal\/2023\/08\/21\/bolivia-y-su-posicion-sobre-la-mujer-en-los-foros-interamericanos\/#primaryimage"},"thumbnailUrl":"https:\/\/www.eldiario.net\/portal\/wp-content\/uploads\/2023\/06\/Jose-Pradel.jpg","articleSection":["Opini\u00f3n"],"inLanguage":"es"},{"@type":"WebPage","@id":"https:\/\/www.eldiario.net\/portal\/2023\/08\/21\/bolivia-y-su-posicion-sobre-la-mujer-en-los-foros-interamericanos\/","url":"https:\/\/www.eldiario.net\/portal\/2023\/08\/21\/bolivia-y-su-posicion-sobre-la-mujer-en-los-foros-interamericanos\/","name":"Bolivia y su posici\u00f3n sobre la Mujer en los Foros Interamericanos - El Diario - Bolivia","isPartOf":{"@id":"https:\/\/www.eldiario.net\/portal\/#website"},"primaryImageOfPage":{"@id":"https:\/\/www.eldiario.net\/portal\/2023\/08\/21\/bolivia-y-su-posicion-sobre-la-mujer-en-los-foros-interamericanos\/#primaryimage"},"image":{"@id":"https:\/\/www.eldiario.net\/portal\/2023\/08\/21\/bolivia-y-su-posicion-sobre-la-mujer-en-los-foros-interamericanos\/#primaryimage"},"thumbnailUrl":"https:\/\/www.eldiario.net\/portal\/wp-content\/uploads\/2023\/06\/Jose-Pradel.jpg","datePublished":"2023-08-21T10:56:08+00:00","breadcrumb":{"@id":"https:\/\/www.eldiario.net\/portal\/2023\/08\/21\/bolivia-y-su-posicion-sobre-la-mujer-en-los-foros-interamericanos\/#breadcrumb"},"inLanguage":"es","potentialAction":[{"@type":"ReadAction","target":["https:\/\/www.eldiario.net\/portal\/2023\/08\/21\/bolivia-y-su-posicion-sobre-la-mujer-en-los-foros-interamericanos\/"]}]},{"@type":"ImageObject","inLanguage":"es","@id":"https:\/\/www.eldiario.net\/portal\/2023\/08\/21\/bolivia-y-su-posicion-sobre-la-mujer-en-los-foros-interamericanos\/#primaryimage","url":"https:\/\/www.eldiario.net\/portal\/wp-content\/uploads\/2023\/06\/Jose-Pradel.jpg","contentUrl":"https:\/\/www.eldiario.net\/portal\/wp-content\/uploads\/2023\/06\/Jose-Pradel.jpg","width":1200,"height":628,"caption":"Jos\u00e9 E. Pradel B."},{"@type":"BreadcrumbList","@id":"https:\/\/www.eldiario.net\/portal\/2023\/08\/21\/bolivia-y-su-posicion-sobre-la-mujer-en-los-foros-interamericanos\/#breadcrumb","itemListElement":[{"@type":"ListItem","position":1,"name":"Portada","item":"https:\/\/www.eldiario.net\/portal\/"},{"@type":"ListItem","position":2,"name":"Bolivia y su posici\u00f3n sobre la Mujer en los Foros Interamericanos"}]},{"@type":"WebSite","@id":"https:\/\/www.eldiario.net\/portal\/#website","url":"https:\/\/www.eldiario.net\/portal\/","name":"El Diario - Decano de la prensa nacional","description":"El Diario - Decano de la prensa nacional","publisher":{"@id":"https:\/\/www.eldiario.net\/portal\/#organization"},"potentialAction":[{"@type":"SearchAction","target":{"@type":"EntryPoint","urlTemplate":"https:\/\/www.eldiario.net\/portal\/?s={search_term_string}"},"query-input":{"@type":"PropertyValueSpecification","valueRequired":true,"valueName":"search_term_string"}}],"inLanguage":"es"},{"@type":"Organization","@id":"https:\/\/www.eldiario.net\/portal\/#organization","name":"El Diario - Decano de la prensa nacional","url":"https:\/\/www.eldiario.net\/portal\/","logo":{"@type":"ImageObject","inLanguage":"es","@id":"https:\/\/www.eldiario.net\/portal\/#\/schema\/logo\/image\/","url":"https:\/\/www.eldiario.net\/portal\/wp-content\/uploads\/2023\/07\/logo_ED.jpg","contentUrl":"https:\/\/www.eldiario.net\/portal\/wp-content\/uploads\/2023\/07\/logo_ED.jpg","width":272,"height":52,"caption":"El Diario - Decano de la prensa nacional"},"image":{"@id":"https:\/\/www.eldiario.net\/portal\/#\/schema\/logo\/image\/"},"sameAs":["https:\/\/www.facebook.com\/eldiario.bolivia\/","https:\/\/x.com\/eldiario_net"]},{"@type":"Person","@id":"https:\/\/www.eldiario.net\/portal\/#\/schema\/person\/f46445640444750d7d753ccd04ae01b7","name":"Jeanette","image":{"@type":"ImageObject","inLanguage":"es","@id":"https:\/\/secure.gravatar.com\/avatar\/3ea2118a5f7dad2b7138b1187a6b7ee55f160b9968b66013c3a3ef39dd7e5798?s=96&d=mm&r=g","url":"https:\/\/secure.gravatar.com\/avatar\/3ea2118a5f7dad2b7138b1187a6b7ee55f160b9968b66013c3a3ef39dd7e5798?s=96&d=mm&r=g","contentUrl":"https:\/\/secure.gravatar.com\/avatar\/3ea2118a5f7dad2b7138b1187a6b7ee55f160b9968b66013c3a3ef39dd7e5798?s=96&d=mm&r=g","caption":"Jeanette"},"sameAs":["https:\/\/www.eldiario.net\/portal"],"url":"https:\/\/www.eldiario.net\/portal\/author\/jeanette\/"}]}},"_links":{"self":[{"href":"https:\/\/www.eldiario.net\/portal\/wp-json\/wp\/v2\/posts\/172176","targetHints":{"allow":["GET"]}}],"collection":[{"href":"https:\/\/www.eldiario.net\/portal\/wp-json\/wp\/v2\/posts"}],"about":[{"href":"https:\/\/www.eldiario.net\/portal\/wp-json\/wp\/v2\/types\/post"}],"author":[{"embeddable":true,"href":"https:\/\/www.eldiario.net\/portal\/wp-json\/wp\/v2\/users\/1"}],"replies":[{"embeddable":true,"href":"https:\/\/www.eldiario.net\/portal\/wp-json\/wp\/v2\/comments?post=172176"}],"version-history":[{"count":0,"href":"https:\/\/www.eldiario.net\/portal\/wp-json\/wp\/v2\/posts\/172176\/revisions"}],"wp:featuredmedia":[{"embeddable":true,"href":"https:\/\/www.eldiario.net\/portal\/wp-json\/wp\/v2\/media\/159852"}],"wp:attachment":[{"href":"https:\/\/www.eldiario.net\/portal\/wp-json\/wp\/v2\/media?parent=172176"}],"wp:term":[{"taxonomy":"category","embeddable":true,"href":"https:\/\/www.eldiario.net\/portal\/wp-json\/wp\/v2\/categories?post=172176"},{"taxonomy":"post_tag","embeddable":true,"href":"https:\/\/www.eldiario.net\/portal\/wp-json\/wp\/v2\/tags?post=172176"}],"curies":[{"name":"wp","href":"https:\/\/api.w.org\/{rel}","templated":true}]}}