{"id":172174,"date":"2023-08-21T06:55:01","date_gmt":"2023-08-21T10:55:01","guid":{"rendered":"https:\/\/www.eldiario.net\/portal\/?p=172174"},"modified":"2023-08-21T06:55:01","modified_gmt":"2023-08-21T10:55:01","slug":"cuando-la-vida-nos-premia","status":"publish","type":"post","link":"https:\/\/www.eldiario.net\/portal\/2023\/08\/21\/cuando-la-vida-nos-premia\/","title":{"rendered":"\u00a1Cuando la vida nos premia!"},"content":{"rendered":"<p>No siempre la musa (inspiraci\u00f3n que favorece la creaci\u00f3n o la composici\u00f3n de algo) \u201cdesciende o aparece\u201d como uno quisiera. Mencionar\u00eda como fuentes posibles, la lectura, una pel\u00edcula, hechos cotidianos que te llaman la atenci\u00f3n. Otras v\u00edas, la casualidad, una buena o mala noticia, dir\u00eda que algo que no se programa, y que de pronto fluye o no, ya que trato de no perder \u201cla idea central o esencial\u201d, pero, aunque puede \u201cdesaparecer\u201d, ah\u00ed est\u00e1 dando vuelta, rondando entre las neuronas, en su mayor\u00eda ubicadas en el cerebro y la m\u00e9dula espinal.<br \/>\n\u00bfPor qu\u00e9 el t\u00edtulo de hoy? Porque amo a la vida, que es corta y, por ende, a continuaci\u00f3n, le doy algunos de mis puntos de vista, no en orden, ni cronol\u00f3gicos, ya que simplemente as\u00ed me los envi\u00f3 la \u201cmusa\u201d.<br \/>\n\u2022 Porque a pesar de desaciertos vocacionales, pudimos estudiar y atinar a una carrera tan bella como es ser docente.<br \/>\n\u2022 Por la fortuna de contar como pareja, con una persona formidable, emprendedora, que sabe comunicarse, que colabora todo el tiempo, que te cuida, que te entiende, que siempre est\u00e1 ah\u00ed, que nos respetamos.<br \/>\n\u2022 Cuando cuentas con una familia, que por distante que est\u00e9, se une para darte apoyo moral en las malas y aconsejarte en las buenas, sobre todo cuando es necesaria una decisi\u00f3n colegiada, aunque al final seas t\u00fa quien tome la decisi\u00f3n, pero que adem\u00e1s se une en los momentos m\u00e1s dif\u00edciles.<br \/>\n\u2022 Cuando te re\u00fanes de manera virtual o presencial con tus amigos, excompa\u00f1eros de trabajo, donde tuviste la oportunidad de constituir un buen equipo, muy comprometido con el buen desempe\u00f1o del centro laboral.<br \/>\n\u2022 Cuando recibes alguna comunicaci\u00f3n, correo electr\u00f3nico o de voz, de quien hace tiempo no te relacionabas y te alegra la vida; o cuando miras un presente hecho y lo guardas, lo conservas.<br \/>\n\u2022 Cuando recoges frutos de tus hijos e hijas, por haberlos educado como personas decentes, de bien, encaus\u00e1ndolos por la experiencia acumulada en uno, para que cometan menos errores que los tuyos.<br \/>\n\u2022 Cuando planificas para algo y las cosas previstas o no, te van saliendo bien, aunque no tan apresurado como quer\u00edas.<br \/>\n\u2022 Cuando te llaman para solicitarte un consejo, u orientaci\u00f3n dada tu experiencia profesional y sentirte bien cuando son tangibles para la persona los resultados alcanzados.<br \/>\n\u2022 Cuando te levantas temprano y medio so\u00f1oliento a\u00fan, te das cuenta que vivir\u00e1s un d\u00eda m\u00e1s<br \/>\n\u2022 Cuando no siempre las noticias son buenas, pero\u2026 te quedan las remembranzas de los mejores momentos.<br \/>\n\u2022 Cuando te das un gusto gastron\u00f3mico, siempre tratando de cumplir, un poquito, las restricciones m\u00e9dicas.<br \/>\n\u2022 Cuando celebras con tus seres m\u00e1s queridos un rato agradable, que puede ser una llamada, conversar, compartir una cena.<br \/>\n\u2022 Cuando tienes la oportunidad de que seas escuchado o le\u00eddo, haciendo uso de los recursos tecnol\u00f3gicos hoy, a trav\u00e9s de las redes o medios digitales.<br \/>\n\u2022 Cuando sabes de la tierra que te vio nacer, a trav\u00e9s de im\u00e1genes, medios audiovisuales, que te permiten recordar, \u201c\u2026all\u00ed estuve, all\u00ed me hubiese gustado&#8230;\u201d. y obviando en todo momento las discrepancias posibles en cuanto a la forma de pensar y que, por supuesto, respeto.<br \/>\n\u2022 Cuando te das cuenta que a\u00fan queda mucho por hacer en este mundo en beneficio de la educaci\u00f3n, ante la insatisfacci\u00f3n de personas que no cuidan su salud.<br \/>\nLe pido un favor, si lleg\u00f3 hasta aqu\u00ed en su lectura. Le reto a que escriba las suyas y piense al final c\u00f3mo se sinti\u00f3. En mi caso, me sent\u00ed muy bien.<\/p>\n<p>El autor es Licenciado en Ciencias Pedag\u00f3gicas.<\/p>\n","protected":false},"excerpt":{"rendered":"<p>No siempre la musa (inspiraci\u00f3n que favorece la creaci\u00f3n o la composici\u00f3n de algo) \u201cdesciende o aparece\u201d como uno quisiera. Mencionar\u00eda como fuentes posibles, la lectura, una pel\u00edcula, hechos cotidianos que te llaman la atenci\u00f3n. Otras v\u00edas, la casualidad, una buena o mala noticia, dir\u00eda que algo que no se programa, y que de pronto [&hellip;]<\/p>\n","protected":false},"author":1,"featured_media":160310,"comment_status":"closed","ping_status":"open","sticky":false,"template":"","format":"standard","meta":{"_acf_changed":false,"footnotes":""},"categories":[9],"tags":[],"class_list":["post-172174","post","type-post","status-publish","format-standard","has-post-thumbnail","category-opinion"],"acf":{"antetitulo":""},"yoast_head":"<!-- This site is optimized with the Yoast SEO plugin v28.3 - https:\/\/yoast.com\/product\/yoast-seo-wordpress\/ -->\n<title>\u00a1Cuando la vida nos premia! - El Diario - Bolivia<\/title>\n<meta name=\"robots\" content=\"index, follow, max-snippet:-1, max-image-preview:large, max-video-preview:-1\" \/>\n<link rel=\"canonical\" href=\"https:\/\/www.eldiario.net\/portal\/2023\/08\/21\/cuando-la-vida-nos-premia\/\" \/>\n<meta property=\"og:locale\" content=\"es_ES\" \/>\n<meta property=\"og:type\" content=\"article\" \/>\n<meta property=\"og:title\" content=\"\u00a1Cuando la vida nos premia! - El Diario - Bolivia\" \/>\n<meta property=\"og:description\" content=\"No siempre la musa (inspiraci\u00f3n que favorece la creaci\u00f3n o la composici\u00f3n de algo) \u201cdesciende o aparece\u201d como uno quisiera. Mencionar\u00eda como fuentes posibles, la lectura, una pel\u00edcula, hechos cotidianos que te llaman la atenci\u00f3n. Otras v\u00edas, la casualidad, una buena o mala noticia, dir\u00eda que algo que no se programa, y que de pronto [&hellip;]\" \/>\n<meta property=\"og:url\" content=\"https:\/\/www.eldiario.net\/portal\/2023\/08\/21\/cuando-la-vida-nos-premia\/\" \/>\n<meta property=\"og:site_name\" content=\"El Diario - Bolivia\" \/>\n<meta property=\"article:publisher\" content=\"https:\/\/www.facebook.com\/eldiario.bolivia\/\" \/>\n<meta property=\"article:published_time\" content=\"2023-08-21T10:55:01+00:00\" \/>\n<meta property=\"og:image\" content=\"https:\/\/www.eldiario.net\/portal\/wp-content\/uploads\/2023\/06\/Ernesto-Gonzalez-Valdes.jpg\" \/>\n\t<meta property=\"og:image:width\" content=\"1200\" \/>\n\t<meta property=\"og:image:height\" content=\"628\" \/>\n\t<meta property=\"og:image:type\" content=\"image\/jpeg\" \/>\n<meta name=\"author\" content=\"Jeanette\" \/>\n<meta name=\"twitter:card\" content=\"summary_large_image\" \/>\n<meta name=\"twitter:creator\" content=\"@eldiario_net\" \/>\n<meta name=\"twitter:site\" content=\"@eldiario_net\" \/>\n<meta name=\"twitter:label1\" content=\"Escrito por\" \/>\n\t<meta name=\"twitter:data1\" content=\"Jeanette\" \/>\n\t<meta name=\"twitter:label2\" content=\"Tiempo de lectura\" \/>\n\t<meta name=\"twitter:data2\" content=\"3 minutos\" \/>\n<script type=\"application\/ld+json\" class=\"yoast-schema-graph\">{\"@context\":\"https:\\\/\\\/schema.org\",\"@graph\":[{\"@type\":\"Article\",\"@id\":\"https:\\\/\\\/www.eldiario.net\\\/portal\\\/2023\\\/08\\\/21\\\/cuando-la-vida-nos-premia\\\/#article\",\"isPartOf\":{\"@id\":\"https:\\\/\\\/www.eldiario.net\\\/portal\\\/2023\\\/08\\\/21\\\/cuando-la-vida-nos-premia\\\/\"},\"author\":{\"name\":\"Jeanette\",\"@id\":\"https:\\\/\\\/www.eldiario.net\\\/portal\\\/#\\\/schema\\\/person\\\/f46445640444750d7d753ccd04ae01b7\"},\"headline\":\"\u00a1Cuando la vida nos premia!\",\"datePublished\":\"2023-08-21T10:55:01+00:00\",\"mainEntityOfPage\":{\"@id\":\"https:\\\/\\\/www.eldiario.net\\\/portal\\\/2023\\\/08\\\/21\\\/cuando-la-vida-nos-premia\\\/\"},\"wordCount\":628,\"publisher\":{\"@id\":\"https:\\\/\\\/www.eldiario.net\\\/portal\\\/#organization\"},\"image\":{\"@id\":\"https:\\\/\\\/www.eldiario.net\\\/portal\\\/2023\\\/08\\\/21\\\/cuando-la-vida-nos-premia\\\/#primaryimage\"},\"thumbnailUrl\":\"https:\\\/\\\/www.eldiario.net\\\/portal\\\/wp-content\\\/uploads\\\/2023\\\/06\\\/Ernesto-Gonzalez-Valdes.jpg\",\"articleSection\":[\"Opini\u00f3n\"],\"inLanguage\":\"es\"},{\"@type\":\"WebPage\",\"@id\":\"https:\\\/\\\/www.eldiario.net\\\/portal\\\/2023\\\/08\\\/21\\\/cuando-la-vida-nos-premia\\\/\",\"url\":\"https:\\\/\\\/www.eldiario.net\\\/portal\\\/2023\\\/08\\\/21\\\/cuando-la-vida-nos-premia\\\/\",\"name\":\"\u00a1Cuando la vida nos premia! - El Diario - Bolivia\",\"isPartOf\":{\"@id\":\"https:\\\/\\\/www.eldiario.net\\\/portal\\\/#website\"},\"primaryImageOfPage\":{\"@id\":\"https:\\\/\\\/www.eldiario.net\\\/portal\\\/2023\\\/08\\\/21\\\/cuando-la-vida-nos-premia\\\/#primaryimage\"},\"image\":{\"@id\":\"https:\\\/\\\/www.eldiario.net\\\/portal\\\/2023\\\/08\\\/21\\\/cuando-la-vida-nos-premia\\\/#primaryimage\"},\"thumbnailUrl\":\"https:\\\/\\\/www.eldiario.net\\\/portal\\\/wp-content\\\/uploads\\\/2023\\\/06\\\/Ernesto-Gonzalez-Valdes.jpg\",\"datePublished\":\"2023-08-21T10:55:01+00:00\",\"breadcrumb\":{\"@id\":\"https:\\\/\\\/www.eldiario.net\\\/portal\\\/2023\\\/08\\\/21\\\/cuando-la-vida-nos-premia\\\/#breadcrumb\"},\"inLanguage\":\"es\",\"potentialAction\":[{\"@type\":\"ReadAction\",\"target\":[\"https:\\\/\\\/www.eldiario.net\\\/portal\\\/2023\\\/08\\\/21\\\/cuando-la-vida-nos-premia\\\/\"]}]},{\"@type\":\"ImageObject\",\"inLanguage\":\"es\",\"@id\":\"https:\\\/\\\/www.eldiario.net\\\/portal\\\/2023\\\/08\\\/21\\\/cuando-la-vida-nos-premia\\\/#primaryimage\",\"url\":\"https:\\\/\\\/www.eldiario.net\\\/portal\\\/wp-content\\\/uploads\\\/2023\\\/06\\\/Ernesto-Gonzalez-Valdes.jpg\",\"contentUrl\":\"https:\\\/\\\/www.eldiario.net\\\/portal\\\/wp-content\\\/uploads\\\/2023\\\/06\\\/Ernesto-Gonzalez-Valdes.jpg\",\"width\":1200,\"height\":628,\"caption\":\"Ernesto Gonz\u00e1lez Vald\u00e9s\"},{\"@type\":\"BreadcrumbList\",\"@id\":\"https:\\\/\\\/www.eldiario.net\\\/portal\\\/2023\\\/08\\\/21\\\/cuando-la-vida-nos-premia\\\/#breadcrumb\",\"itemListElement\":[{\"@type\":\"ListItem\",\"position\":1,\"name\":\"Portada\",\"item\":\"https:\\\/\\\/www.eldiario.net\\\/portal\\\/\"},{\"@type\":\"ListItem\",\"position\":2,\"name\":\"\u00a1Cuando la vida nos premia!\"}]},{\"@type\":\"WebSite\",\"@id\":\"https:\\\/\\\/www.eldiario.net\\\/portal\\\/#website\",\"url\":\"https:\\\/\\\/www.eldiario.net\\\/portal\\\/\",\"name\":\"El Diario - Decano de la prensa nacional\",\"description\":\"El Diario - Decano de la prensa nacional\",\"publisher\":{\"@id\":\"https:\\\/\\\/www.eldiario.net\\\/portal\\\/#organization\"},\"potentialAction\":[{\"@type\":\"SearchAction\",\"target\":{\"@type\":\"EntryPoint\",\"urlTemplate\":\"https:\\\/\\\/www.eldiario.net\\\/portal\\\/?s={search_term_string}\"},\"query-input\":{\"@type\":\"PropertyValueSpecification\",\"valueRequired\":true,\"valueName\":\"search_term_string\"}}],\"inLanguage\":\"es\"},{\"@type\":\"Organization\",\"@id\":\"https:\\\/\\\/www.eldiario.net\\\/portal\\\/#organization\",\"name\":\"El Diario - Decano de la prensa nacional\",\"url\":\"https:\\\/\\\/www.eldiario.net\\\/portal\\\/\",\"logo\":{\"@type\":\"ImageObject\",\"inLanguage\":\"es\",\"@id\":\"https:\\\/\\\/www.eldiario.net\\\/portal\\\/#\\\/schema\\\/logo\\\/image\\\/\",\"url\":\"https:\\\/\\\/www.eldiario.net\\\/portal\\\/wp-content\\\/uploads\\\/2023\\\/07\\\/logo_ED.jpg\",\"contentUrl\":\"https:\\\/\\\/www.eldiario.net\\\/portal\\\/wp-content\\\/uploads\\\/2023\\\/07\\\/logo_ED.jpg\",\"width\":272,\"height\":52,\"caption\":\"El Diario - Decano de la prensa nacional\"},\"image\":{\"@id\":\"https:\\\/\\\/www.eldiario.net\\\/portal\\\/#\\\/schema\\\/logo\\\/image\\\/\"},\"sameAs\":[\"https:\\\/\\\/www.facebook.com\\\/eldiario.bolivia\\\/\",\"https:\\\/\\\/x.com\\\/eldiario_net\"]},{\"@type\":\"Person\",\"@id\":\"https:\\\/\\\/www.eldiario.net\\\/portal\\\/#\\\/schema\\\/person\\\/f46445640444750d7d753ccd04ae01b7\",\"name\":\"Jeanette\",\"image\":{\"@type\":\"ImageObject\",\"inLanguage\":\"es\",\"@id\":\"https:\\\/\\\/secure.gravatar.com\\\/avatar\\\/3ea2118a5f7dad2b7138b1187a6b7ee55f160b9968b66013c3a3ef39dd7e5798?s=96&d=mm&r=g\",\"url\":\"https:\\\/\\\/secure.gravatar.com\\\/avatar\\\/3ea2118a5f7dad2b7138b1187a6b7ee55f160b9968b66013c3a3ef39dd7e5798?s=96&d=mm&r=g\",\"contentUrl\":\"https:\\\/\\\/secure.gravatar.com\\\/avatar\\\/3ea2118a5f7dad2b7138b1187a6b7ee55f160b9968b66013c3a3ef39dd7e5798?s=96&d=mm&r=g\",\"caption\":\"Jeanette\"},\"sameAs\":[\"https:\\\/\\\/www.eldiario.net\\\/portal\"],\"url\":\"https:\\\/\\\/www.eldiario.net\\\/portal\\\/author\\\/jeanette\\\/\"}]}<\/script>\n<!-- \/ Yoast SEO plugin. -->","yoast_head_json":{"title":"\u00a1Cuando la vida nos premia! - El Diario - Bolivia","robots":{"index":"index","follow":"follow","max-snippet":"max-snippet:-1","max-image-preview":"max-image-preview:large","max-video-preview":"max-video-preview:-1"},"canonical":"https:\/\/www.eldiario.net\/portal\/2023\/08\/21\/cuando-la-vida-nos-premia\/","og_locale":"es_ES","og_type":"article","og_title":"\u00a1Cuando la vida nos premia! - El Diario - Bolivia","og_description":"No siempre la musa (inspiraci\u00f3n que favorece la creaci\u00f3n o la composici\u00f3n de algo) \u201cdesciende o aparece\u201d como uno quisiera. Mencionar\u00eda como fuentes posibles, la lectura, una pel\u00edcula, hechos cotidianos que te llaman la atenci\u00f3n. Otras v\u00edas, la casualidad, una buena o mala noticia, dir\u00eda que algo que no se programa, y que de pronto [&hellip;]","og_url":"https:\/\/www.eldiario.net\/portal\/2023\/08\/21\/cuando-la-vida-nos-premia\/","og_site_name":"El Diario - Bolivia","article_publisher":"https:\/\/www.facebook.com\/eldiario.bolivia\/","article_published_time":"2023-08-21T10:55:01+00:00","og_image":[{"width":1200,"height":628,"url":"https:\/\/www.eldiario.net\/portal\/wp-content\/uploads\/2023\/06\/Ernesto-Gonzalez-Valdes.jpg","type":"image\/jpeg"}],"author":"Jeanette","twitter_card":"summary_large_image","twitter_creator":"@eldiario_net","twitter_site":"@eldiario_net","twitter_misc":{"Escrito por":"Jeanette","Tiempo de lectura":"3 minutos"},"schema":{"@context":"https:\/\/schema.org","@graph":[{"@type":"Article","@id":"https:\/\/www.eldiario.net\/portal\/2023\/08\/21\/cuando-la-vida-nos-premia\/#article","isPartOf":{"@id":"https:\/\/www.eldiario.net\/portal\/2023\/08\/21\/cuando-la-vida-nos-premia\/"},"author":{"name":"Jeanette","@id":"https:\/\/www.eldiario.net\/portal\/#\/schema\/person\/f46445640444750d7d753ccd04ae01b7"},"headline":"\u00a1Cuando la vida nos premia!","datePublished":"2023-08-21T10:55:01+00:00","mainEntityOfPage":{"@id":"https:\/\/www.eldiario.net\/portal\/2023\/08\/21\/cuando-la-vida-nos-premia\/"},"wordCount":628,"publisher":{"@id":"https:\/\/www.eldiario.net\/portal\/#organization"},"image":{"@id":"https:\/\/www.eldiario.net\/portal\/2023\/08\/21\/cuando-la-vida-nos-premia\/#primaryimage"},"thumbnailUrl":"https:\/\/www.eldiario.net\/portal\/wp-content\/uploads\/2023\/06\/Ernesto-Gonzalez-Valdes.jpg","articleSection":["Opini\u00f3n"],"inLanguage":"es"},{"@type":"WebPage","@id":"https:\/\/www.eldiario.net\/portal\/2023\/08\/21\/cuando-la-vida-nos-premia\/","url":"https:\/\/www.eldiario.net\/portal\/2023\/08\/21\/cuando-la-vida-nos-premia\/","name":"\u00a1Cuando la vida nos premia! - El Diario - Bolivia","isPartOf":{"@id":"https:\/\/www.eldiario.net\/portal\/#website"},"primaryImageOfPage":{"@id":"https:\/\/www.eldiario.net\/portal\/2023\/08\/21\/cuando-la-vida-nos-premia\/#primaryimage"},"image":{"@id":"https:\/\/www.eldiario.net\/portal\/2023\/08\/21\/cuando-la-vida-nos-premia\/#primaryimage"},"thumbnailUrl":"https:\/\/www.eldiario.net\/portal\/wp-content\/uploads\/2023\/06\/Ernesto-Gonzalez-Valdes.jpg","datePublished":"2023-08-21T10:55:01+00:00","breadcrumb":{"@id":"https:\/\/www.eldiario.net\/portal\/2023\/08\/21\/cuando-la-vida-nos-premia\/#breadcrumb"},"inLanguage":"es","potentialAction":[{"@type":"ReadAction","target":["https:\/\/www.eldiario.net\/portal\/2023\/08\/21\/cuando-la-vida-nos-premia\/"]}]},{"@type":"ImageObject","inLanguage":"es","@id":"https:\/\/www.eldiario.net\/portal\/2023\/08\/21\/cuando-la-vida-nos-premia\/#primaryimage","url":"https:\/\/www.eldiario.net\/portal\/wp-content\/uploads\/2023\/06\/Ernesto-Gonzalez-Valdes.jpg","contentUrl":"https:\/\/www.eldiario.net\/portal\/wp-content\/uploads\/2023\/06\/Ernesto-Gonzalez-Valdes.jpg","width":1200,"height":628,"caption":"Ernesto Gonz\u00e1lez Vald\u00e9s"},{"@type":"BreadcrumbList","@id":"https:\/\/www.eldiario.net\/portal\/2023\/08\/21\/cuando-la-vida-nos-premia\/#breadcrumb","itemListElement":[{"@type":"ListItem","position":1,"name":"Portada","item":"https:\/\/www.eldiario.net\/portal\/"},{"@type":"ListItem","position":2,"name":"\u00a1Cuando la vida nos premia!"}]},{"@type":"WebSite","@id":"https:\/\/www.eldiario.net\/portal\/#website","url":"https:\/\/www.eldiario.net\/portal\/","name":"El Diario - Decano de la prensa nacional","description":"El Diario - Decano de la prensa nacional","publisher":{"@id":"https:\/\/www.eldiario.net\/portal\/#organization"},"potentialAction":[{"@type":"SearchAction","target":{"@type":"EntryPoint","urlTemplate":"https:\/\/www.eldiario.net\/portal\/?s={search_term_string}"},"query-input":{"@type":"PropertyValueSpecification","valueRequired":true,"valueName":"search_term_string"}}],"inLanguage":"es"},{"@type":"Organization","@id":"https:\/\/www.eldiario.net\/portal\/#organization","name":"El Diario - Decano de la prensa nacional","url":"https:\/\/www.eldiario.net\/portal\/","logo":{"@type":"ImageObject","inLanguage":"es","@id":"https:\/\/www.eldiario.net\/portal\/#\/schema\/logo\/image\/","url":"https:\/\/www.eldiario.net\/portal\/wp-content\/uploads\/2023\/07\/logo_ED.jpg","contentUrl":"https:\/\/www.eldiario.net\/portal\/wp-content\/uploads\/2023\/07\/logo_ED.jpg","width":272,"height":52,"caption":"El Diario - Decano de la prensa nacional"},"image":{"@id":"https:\/\/www.eldiario.net\/portal\/#\/schema\/logo\/image\/"},"sameAs":["https:\/\/www.facebook.com\/eldiario.bolivia\/","https:\/\/x.com\/eldiario_net"]},{"@type":"Person","@id":"https:\/\/www.eldiario.net\/portal\/#\/schema\/person\/f46445640444750d7d753ccd04ae01b7","name":"Jeanette","image":{"@type":"ImageObject","inLanguage":"es","@id":"https:\/\/secure.gravatar.com\/avatar\/3ea2118a5f7dad2b7138b1187a6b7ee55f160b9968b66013c3a3ef39dd7e5798?s=96&d=mm&r=g","url":"https:\/\/secure.gravatar.com\/avatar\/3ea2118a5f7dad2b7138b1187a6b7ee55f160b9968b66013c3a3ef39dd7e5798?s=96&d=mm&r=g","contentUrl":"https:\/\/secure.gravatar.com\/avatar\/3ea2118a5f7dad2b7138b1187a6b7ee55f160b9968b66013c3a3ef39dd7e5798?s=96&d=mm&r=g","caption":"Jeanette"},"sameAs":["https:\/\/www.eldiario.net\/portal"],"url":"https:\/\/www.eldiario.net\/portal\/author\/jeanette\/"}]}},"_links":{"self":[{"href":"https:\/\/www.eldiario.net\/portal\/wp-json\/wp\/v2\/posts\/172174","targetHints":{"allow":["GET"]}}],"collection":[{"href":"https:\/\/www.eldiario.net\/portal\/wp-json\/wp\/v2\/posts"}],"about":[{"href":"https:\/\/www.eldiario.net\/portal\/wp-json\/wp\/v2\/types\/post"}],"author":[{"embeddable":true,"href":"https:\/\/www.eldiario.net\/portal\/wp-json\/wp\/v2\/users\/1"}],"replies":[{"embeddable":true,"href":"https:\/\/www.eldiario.net\/portal\/wp-json\/wp\/v2\/comments?post=172174"}],"version-history":[{"count":0,"href":"https:\/\/www.eldiario.net\/portal\/wp-json\/wp\/v2\/posts\/172174\/revisions"}],"wp:featuredmedia":[{"embeddable":true,"href":"https:\/\/www.eldiario.net\/portal\/wp-json\/wp\/v2\/media\/160310"}],"wp:attachment":[{"href":"https:\/\/www.eldiario.net\/portal\/wp-json\/wp\/v2\/media?parent=172174"}],"wp:term":[{"taxonomy":"category","embeddable":true,"href":"https:\/\/www.eldiario.net\/portal\/wp-json\/wp\/v2\/categories?post=172174"},{"taxonomy":"post_tag","embeddable":true,"href":"https:\/\/www.eldiario.net\/portal\/wp-json\/wp\/v2\/tags?post=172174"}],"curies":[{"name":"wp","href":"https:\/\/api.w.org\/{rel}","templated":true}]}}