{"id":172170,"date":"2023-08-21T06:52:03","date_gmt":"2023-08-21T10:52:03","guid":{"rendered":"https:\/\/www.eldiario.net\/portal\/?p=172170"},"modified":"2023-08-21T06:52:03","modified_gmt":"2023-08-21T10:52:03","slug":"la-era-de-la-ia-y-una-pedagogia-que-responda-a-la-realidad","status":"publish","type":"post","link":"https:\/\/www.eldiario.net\/portal\/2023\/08\/21\/la-era-de-la-ia-y-una-pedagogia-que-responda-a-la-realidad\/","title":{"rendered":"La era de la IA y una pedagog\u00eda que responda a la realidad"},"content":{"rendered":"<p><em><strong>Roc\u00edo Condori Aruquipa<\/strong><\/em><\/p>\n<p>En el actual contexto educativo cada vez m\u00e1s influido por las Inteligencias Artificiales (IAs), en esta nota exploramos las implicaciones y desaf\u00edos que estas tecnolog\u00edas presentan en el \u00e1mbito acad\u00e9mico, desde una perspectiva cr\u00edtica. El prop\u00f3sito es desentra\u00f1ar las posibles problem\u00e1ticas en torno a la dependencia creciente hacia las IAs, as\u00ed como subrayar la necesidad de una educaci\u00f3n m\u00e1s humanizante y orientada hacia el desarrollo integral del estudiante. Con base en una extensa revisi\u00f3n bibliogr\u00e1fica en Google Acad\u00e9mico, Web of Science y Scopus, se examina las consecuencias de la IA en la educaci\u00f3n, desde una perspectiva \u00e9tica, social y pedag\u00f3gica. Los resultados revelan que, a pesar de las capacidades asombrosas de la IA, su uso indiscriminado en la educaci\u00f3n puede llevar a la deshumanizaci\u00f3n del aprendizaje y a la degradaci\u00f3n de la calidad de la informaci\u00f3n y la educaci\u00f3n. Adem\u00e1s, se sugiere que, en lugar de reemplazar las capacidades humanas, las IAs deben ser utilizadas como herramientas para mejorar la ense\u00f1anza y el aprendizaje. La conclusi\u00f3n resalta la importancia de equilibrar la tecnolog\u00eda con las necesidades humanas, promoviendo una educaci\u00f3n que valorice la creatividad, el pensamiento cr\u00edtico y el desarrollo integral del estudiante.<br \/>\nEl Chat GPT y las dem\u00e1s IAs est\u00e1n irrumpiendo en nuestra sociedad, generando transformaciones radicales en diversos \u00e1mbitos, entre los que destaca la educaci\u00f3n. Este \u00e1mbito se encuentra en medio de una revoluci\u00f3n que merece ser examinada minuciosamente. El r\u00e1pido avance de la IA y su integraci\u00f3n en los procesos educativos despiertan interrogantes sobre el papel de la tecnolog\u00eda en la formaci\u00f3n de los individuos y plantea la necesidad de una reflexi\u00f3n profunda sobre el camino a seguir. El uso de la IA en educaci\u00f3n, aunque relativamente reciente, ha tenido un impacto significativo. Lo que comenz\u00f3 como una herramienta complementaria para la ense\u00f1anza, ha evolucionado hasta convertirse en un sistema capaz de emular el lenguaje humano, personalizar la ense\u00f1anza a niveles individuales e identificar problemas de aprendizaje. Sin embargo, esta revoluci\u00f3n digital no es ajena a desaf\u00edos y problem\u00e1ticas. Uno de los principales retos es la sobrecarga de informaci\u00f3n y la posible deshumanizaci\u00f3n del aprendizaje, que podr\u00eda reducir la educaci\u00f3n a un simple proceso de acumulaci\u00f3n de datos.<br \/>\nLa integraci\u00f3n de la IA en la educaci\u00f3n presenta una dicotom\u00eda: es una herramienta prometedora para la personalizaci\u00f3n y eficiencia del aprendizaje, pero tambi\u00e9n plantea retos significativos para la humanizaci\u00f3n de la educaci\u00f3n y el desarrollo integral de los estudiantes. Se torna evidente que la IA tiene el potencial para transformar el aula, ofreciendo oportunidades para un aprendizaje personalizado y liberando tiempo cognitivo a trav\u00e9s de su capacidad para procesar y almacenar informaci\u00f3n. Sin embargo, este nuevo paradigma no debe desplazar la importancia del enfoque humanista en la educaci\u00f3n. Los docentes tienen un papel vital que desempe\u00f1ar en esta nueva perspectiva, promoviendo el desarrollo de habilidades y capacidades propiamente humanas, como el pensamiento cr\u00edtico, la resoluci\u00f3n de problemas y la creatividad, que complementen y vayan m\u00e1s all\u00e1 de las habilidades ofrecidas por las IAs.<br \/>\nEs importante recordar que el aprendizaje es un proceso enriquecedor que debe ser placentero y voluntario. La dependencia excesiva de la tecnolog\u00eda puede obstaculizar el desarrollo sensorial y cognitivo, reemplazando experiencias humanas esenciales con interacciones digitales. Por lo tanto, debemos considerar cuidadosamente c\u00f3mo utilizamos la IA en la educaci\u00f3n, evitando caer en la trampa de un aprendizaje superficial y deshumanizado.<\/p>\n","protected":false},"excerpt":{"rendered":"<p>Roc\u00edo Condori Aruquipa En el actual contexto educativo cada vez m\u00e1s influido por las Inteligencias Artificiales (IAs), en esta nota exploramos las implicaciones y desaf\u00edos que estas tecnolog\u00edas presentan en el \u00e1mbito acad\u00e9mico, desde una perspectiva cr\u00edtica. El prop\u00f3sito es desentra\u00f1ar las posibles problem\u00e1ticas en torno a la dependencia creciente hacia las IAs, as\u00ed como [&hellip;]<\/p>\n","protected":false},"author":1,"featured_media":0,"comment_status":"closed","ping_status":"open","sticky":false,"template":"","format":"standard","meta":{"_acf_changed":false,"footnotes":""},"categories":[9],"tags":[],"class_list":["post-172170","post","type-post","status-publish","format-standard","category-opinion"],"acf":{"antetitulo":""},"yoast_head":"<!-- This site is optimized with the Yoast SEO plugin v28.3 - https:\/\/yoast.com\/product\/yoast-seo-wordpress\/ -->\n<title>La era de la IA y una pedagog\u00eda que responda a la realidad - El Diario - Bolivia<\/title>\n<meta name=\"robots\" content=\"index, follow, max-snippet:-1, max-image-preview:large, max-video-preview:-1\" \/>\n<link rel=\"canonical\" href=\"https:\/\/www.eldiario.net\/portal\/2023\/08\/21\/la-era-de-la-ia-y-una-pedagogia-que-responda-a-la-realidad\/\" \/>\n<meta property=\"og:locale\" content=\"es_ES\" \/>\n<meta property=\"og:type\" content=\"article\" \/>\n<meta property=\"og:title\" content=\"La era de la IA y una pedagog\u00eda que responda a la realidad - El Diario - Bolivia\" \/>\n<meta property=\"og:description\" content=\"Roc\u00edo Condori Aruquipa En el actual contexto educativo cada vez m\u00e1s influido por las Inteligencias Artificiales (IAs), en esta nota exploramos las implicaciones y desaf\u00edos que estas tecnolog\u00edas presentan en el \u00e1mbito acad\u00e9mico, desde una perspectiva cr\u00edtica. El prop\u00f3sito es desentra\u00f1ar las posibles problem\u00e1ticas en torno a la dependencia creciente hacia las IAs, as\u00ed como [&hellip;]\" \/>\n<meta property=\"og:url\" content=\"https:\/\/www.eldiario.net\/portal\/2023\/08\/21\/la-era-de-la-ia-y-una-pedagogia-que-responda-a-la-realidad\/\" \/>\n<meta property=\"og:site_name\" content=\"El Diario - Bolivia\" \/>\n<meta property=\"article:publisher\" content=\"https:\/\/www.facebook.com\/eldiario.bolivia\/\" \/>\n<meta property=\"article:published_time\" content=\"2023-08-21T10:52:03+00:00\" \/>\n<meta name=\"author\" content=\"Jeanette\" \/>\n<meta name=\"twitter:card\" content=\"summary_large_image\" \/>\n<meta name=\"twitter:creator\" content=\"@eldiario_net\" \/>\n<meta name=\"twitter:site\" content=\"@eldiario_net\" \/>\n<meta name=\"twitter:label1\" content=\"Escrito por\" \/>\n\t<meta name=\"twitter:data1\" content=\"Jeanette\" \/>\n\t<meta name=\"twitter:label2\" content=\"Tiempo de lectura\" \/>\n\t<meta name=\"twitter:data2\" content=\"3 minutos\" \/>\n<script type=\"application\/ld+json\" class=\"yoast-schema-graph\">{\"@context\":\"https:\\\/\\\/schema.org\",\"@graph\":[{\"@type\":\"Article\",\"@id\":\"https:\\\/\\\/www.eldiario.net\\\/portal\\\/2023\\\/08\\\/21\\\/la-era-de-la-ia-y-una-pedagogia-que-responda-a-la-realidad\\\/#article\",\"isPartOf\":{\"@id\":\"https:\\\/\\\/www.eldiario.net\\\/portal\\\/2023\\\/08\\\/21\\\/la-era-de-la-ia-y-una-pedagogia-que-responda-a-la-realidad\\\/\"},\"author\":{\"name\":\"Jeanette\",\"@id\":\"https:\\\/\\\/www.eldiario.net\\\/portal\\\/#\\\/schema\\\/person\\\/f46445640444750d7d753ccd04ae01b7\"},\"headline\":\"La era de la IA y una pedagog\u00eda que responda a la realidad\",\"datePublished\":\"2023-08-21T10:52:03+00:00\",\"mainEntityOfPage\":{\"@id\":\"https:\\\/\\\/www.eldiario.net\\\/portal\\\/2023\\\/08\\\/21\\\/la-era-de-la-ia-y-una-pedagogia-que-responda-a-la-realidad\\\/\"},\"wordCount\":636,\"publisher\":{\"@id\":\"https:\\\/\\\/www.eldiario.net\\\/portal\\\/#organization\"},\"articleSection\":[\"Opini\u00f3n\"],\"inLanguage\":\"es\"},{\"@type\":\"WebPage\",\"@id\":\"https:\\\/\\\/www.eldiario.net\\\/portal\\\/2023\\\/08\\\/21\\\/la-era-de-la-ia-y-una-pedagogia-que-responda-a-la-realidad\\\/\",\"url\":\"https:\\\/\\\/www.eldiario.net\\\/portal\\\/2023\\\/08\\\/21\\\/la-era-de-la-ia-y-una-pedagogia-que-responda-a-la-realidad\\\/\",\"name\":\"La era de la IA y una pedagog\u00eda que responda a la realidad - El Diario - Bolivia\",\"isPartOf\":{\"@id\":\"https:\\\/\\\/www.eldiario.net\\\/portal\\\/#website\"},\"datePublished\":\"2023-08-21T10:52:03+00:00\",\"breadcrumb\":{\"@id\":\"https:\\\/\\\/www.eldiario.net\\\/portal\\\/2023\\\/08\\\/21\\\/la-era-de-la-ia-y-una-pedagogia-que-responda-a-la-realidad\\\/#breadcrumb\"},\"inLanguage\":\"es\",\"potentialAction\":[{\"@type\":\"ReadAction\",\"target\":[\"https:\\\/\\\/www.eldiario.net\\\/portal\\\/2023\\\/08\\\/21\\\/la-era-de-la-ia-y-una-pedagogia-que-responda-a-la-realidad\\\/\"]}]},{\"@type\":\"BreadcrumbList\",\"@id\":\"https:\\\/\\\/www.eldiario.net\\\/portal\\\/2023\\\/08\\\/21\\\/la-era-de-la-ia-y-una-pedagogia-que-responda-a-la-realidad\\\/#breadcrumb\",\"itemListElement\":[{\"@type\":\"ListItem\",\"position\":1,\"name\":\"Portada\",\"item\":\"https:\\\/\\\/www.eldiario.net\\\/portal\\\/\"},{\"@type\":\"ListItem\",\"position\":2,\"name\":\"La era de la IA y una pedagog\u00eda que responda a la realidad\"}]},{\"@type\":\"WebSite\",\"@id\":\"https:\\\/\\\/www.eldiario.net\\\/portal\\\/#website\",\"url\":\"https:\\\/\\\/www.eldiario.net\\\/portal\\\/\",\"name\":\"El Diario - Decano de la prensa nacional\",\"description\":\"El Diario - Decano de la prensa nacional\",\"publisher\":{\"@id\":\"https:\\\/\\\/www.eldiario.net\\\/portal\\\/#organization\"},\"potentialAction\":[{\"@type\":\"SearchAction\",\"target\":{\"@type\":\"EntryPoint\",\"urlTemplate\":\"https:\\\/\\\/www.eldiario.net\\\/portal\\\/?s={search_term_string}\"},\"query-input\":{\"@type\":\"PropertyValueSpecification\",\"valueRequired\":true,\"valueName\":\"search_term_string\"}}],\"inLanguage\":\"es\"},{\"@type\":\"Organization\",\"@id\":\"https:\\\/\\\/www.eldiario.net\\\/portal\\\/#organization\",\"name\":\"El Diario - Decano de la prensa nacional\",\"url\":\"https:\\\/\\\/www.eldiario.net\\\/portal\\\/\",\"logo\":{\"@type\":\"ImageObject\",\"inLanguage\":\"es\",\"@id\":\"https:\\\/\\\/www.eldiario.net\\\/portal\\\/#\\\/schema\\\/logo\\\/image\\\/\",\"url\":\"https:\\\/\\\/www.eldiario.net\\\/portal\\\/wp-content\\\/uploads\\\/2023\\\/07\\\/logo_ED.jpg\",\"contentUrl\":\"https:\\\/\\\/www.eldiario.net\\\/portal\\\/wp-content\\\/uploads\\\/2023\\\/07\\\/logo_ED.jpg\",\"width\":272,\"height\":52,\"caption\":\"El Diario - Decano de la prensa nacional\"},\"image\":{\"@id\":\"https:\\\/\\\/www.eldiario.net\\\/portal\\\/#\\\/schema\\\/logo\\\/image\\\/\"},\"sameAs\":[\"https:\\\/\\\/www.facebook.com\\\/eldiario.bolivia\\\/\",\"https:\\\/\\\/x.com\\\/eldiario_net\"]},{\"@type\":\"Person\",\"@id\":\"https:\\\/\\\/www.eldiario.net\\\/portal\\\/#\\\/schema\\\/person\\\/f46445640444750d7d753ccd04ae01b7\",\"name\":\"Jeanette\",\"image\":{\"@type\":\"ImageObject\",\"inLanguage\":\"es\",\"@id\":\"https:\\\/\\\/secure.gravatar.com\\\/avatar\\\/3ea2118a5f7dad2b7138b1187a6b7ee55f160b9968b66013c3a3ef39dd7e5798?s=96&d=mm&r=g\",\"url\":\"https:\\\/\\\/secure.gravatar.com\\\/avatar\\\/3ea2118a5f7dad2b7138b1187a6b7ee55f160b9968b66013c3a3ef39dd7e5798?s=96&d=mm&r=g\",\"contentUrl\":\"https:\\\/\\\/secure.gravatar.com\\\/avatar\\\/3ea2118a5f7dad2b7138b1187a6b7ee55f160b9968b66013c3a3ef39dd7e5798?s=96&d=mm&r=g\",\"caption\":\"Jeanette\"},\"sameAs\":[\"https:\\\/\\\/www.eldiario.net\\\/portal\"],\"url\":\"https:\\\/\\\/www.eldiario.net\\\/portal\\\/author\\\/jeanette\\\/\"}]}<\/script>\n<!-- \/ Yoast SEO plugin. -->","yoast_head_json":{"title":"La era de la IA y una pedagog\u00eda que responda a la realidad - El Diario - Bolivia","robots":{"index":"index","follow":"follow","max-snippet":"max-snippet:-1","max-image-preview":"max-image-preview:large","max-video-preview":"max-video-preview:-1"},"canonical":"https:\/\/www.eldiario.net\/portal\/2023\/08\/21\/la-era-de-la-ia-y-una-pedagogia-que-responda-a-la-realidad\/","og_locale":"es_ES","og_type":"article","og_title":"La era de la IA y una pedagog\u00eda que responda a la realidad - El Diario - Bolivia","og_description":"Roc\u00edo Condori Aruquipa En el actual contexto educativo cada vez m\u00e1s influido por las Inteligencias Artificiales (IAs), en esta nota exploramos las implicaciones y desaf\u00edos que estas tecnolog\u00edas presentan en el \u00e1mbito acad\u00e9mico, desde una perspectiva cr\u00edtica. El prop\u00f3sito es desentra\u00f1ar las posibles problem\u00e1ticas en torno a la dependencia creciente hacia las IAs, as\u00ed como [&hellip;]","og_url":"https:\/\/www.eldiario.net\/portal\/2023\/08\/21\/la-era-de-la-ia-y-una-pedagogia-que-responda-a-la-realidad\/","og_site_name":"El Diario - Bolivia","article_publisher":"https:\/\/www.facebook.com\/eldiario.bolivia\/","article_published_time":"2023-08-21T10:52:03+00:00","author":"Jeanette","twitter_card":"summary_large_image","twitter_creator":"@eldiario_net","twitter_site":"@eldiario_net","twitter_misc":{"Escrito por":"Jeanette","Tiempo de lectura":"3 minutos"},"schema":{"@context":"https:\/\/schema.org","@graph":[{"@type":"Article","@id":"https:\/\/www.eldiario.net\/portal\/2023\/08\/21\/la-era-de-la-ia-y-una-pedagogia-que-responda-a-la-realidad\/#article","isPartOf":{"@id":"https:\/\/www.eldiario.net\/portal\/2023\/08\/21\/la-era-de-la-ia-y-una-pedagogia-que-responda-a-la-realidad\/"},"author":{"name":"Jeanette","@id":"https:\/\/www.eldiario.net\/portal\/#\/schema\/person\/f46445640444750d7d753ccd04ae01b7"},"headline":"La era de la IA y una pedagog\u00eda que responda a la realidad","datePublished":"2023-08-21T10:52:03+00:00","mainEntityOfPage":{"@id":"https:\/\/www.eldiario.net\/portal\/2023\/08\/21\/la-era-de-la-ia-y-una-pedagogia-que-responda-a-la-realidad\/"},"wordCount":636,"publisher":{"@id":"https:\/\/www.eldiario.net\/portal\/#organization"},"articleSection":["Opini\u00f3n"],"inLanguage":"es"},{"@type":"WebPage","@id":"https:\/\/www.eldiario.net\/portal\/2023\/08\/21\/la-era-de-la-ia-y-una-pedagogia-que-responda-a-la-realidad\/","url":"https:\/\/www.eldiario.net\/portal\/2023\/08\/21\/la-era-de-la-ia-y-una-pedagogia-que-responda-a-la-realidad\/","name":"La era de la IA y una pedagog\u00eda que responda a la realidad - El Diario - Bolivia","isPartOf":{"@id":"https:\/\/www.eldiario.net\/portal\/#website"},"datePublished":"2023-08-21T10:52:03+00:00","breadcrumb":{"@id":"https:\/\/www.eldiario.net\/portal\/2023\/08\/21\/la-era-de-la-ia-y-una-pedagogia-que-responda-a-la-realidad\/#breadcrumb"},"inLanguage":"es","potentialAction":[{"@type":"ReadAction","target":["https:\/\/www.eldiario.net\/portal\/2023\/08\/21\/la-era-de-la-ia-y-una-pedagogia-que-responda-a-la-realidad\/"]}]},{"@type":"BreadcrumbList","@id":"https:\/\/www.eldiario.net\/portal\/2023\/08\/21\/la-era-de-la-ia-y-una-pedagogia-que-responda-a-la-realidad\/#breadcrumb","itemListElement":[{"@type":"ListItem","position":1,"name":"Portada","item":"https:\/\/www.eldiario.net\/portal\/"},{"@type":"ListItem","position":2,"name":"La era de la IA y una pedagog\u00eda que responda a la realidad"}]},{"@type":"WebSite","@id":"https:\/\/www.eldiario.net\/portal\/#website","url":"https:\/\/www.eldiario.net\/portal\/","name":"El Diario - Decano de la prensa nacional","description":"El Diario - Decano de la prensa nacional","publisher":{"@id":"https:\/\/www.eldiario.net\/portal\/#organization"},"potentialAction":[{"@type":"SearchAction","target":{"@type":"EntryPoint","urlTemplate":"https:\/\/www.eldiario.net\/portal\/?s={search_term_string}"},"query-input":{"@type":"PropertyValueSpecification","valueRequired":true,"valueName":"search_term_string"}}],"inLanguage":"es"},{"@type":"Organization","@id":"https:\/\/www.eldiario.net\/portal\/#organization","name":"El Diario - Decano de la prensa nacional","url":"https:\/\/www.eldiario.net\/portal\/","logo":{"@type":"ImageObject","inLanguage":"es","@id":"https:\/\/www.eldiario.net\/portal\/#\/schema\/logo\/image\/","url":"https:\/\/www.eldiario.net\/portal\/wp-content\/uploads\/2023\/07\/logo_ED.jpg","contentUrl":"https:\/\/www.eldiario.net\/portal\/wp-content\/uploads\/2023\/07\/logo_ED.jpg","width":272,"height":52,"caption":"El Diario - Decano de la prensa nacional"},"image":{"@id":"https:\/\/www.eldiario.net\/portal\/#\/schema\/logo\/image\/"},"sameAs":["https:\/\/www.facebook.com\/eldiario.bolivia\/","https:\/\/x.com\/eldiario_net"]},{"@type":"Person","@id":"https:\/\/www.eldiario.net\/portal\/#\/schema\/person\/f46445640444750d7d753ccd04ae01b7","name":"Jeanette","image":{"@type":"ImageObject","inLanguage":"es","@id":"https:\/\/secure.gravatar.com\/avatar\/3ea2118a5f7dad2b7138b1187a6b7ee55f160b9968b66013c3a3ef39dd7e5798?s=96&d=mm&r=g","url":"https:\/\/secure.gravatar.com\/avatar\/3ea2118a5f7dad2b7138b1187a6b7ee55f160b9968b66013c3a3ef39dd7e5798?s=96&d=mm&r=g","contentUrl":"https:\/\/secure.gravatar.com\/avatar\/3ea2118a5f7dad2b7138b1187a6b7ee55f160b9968b66013c3a3ef39dd7e5798?s=96&d=mm&r=g","caption":"Jeanette"},"sameAs":["https:\/\/www.eldiario.net\/portal"],"url":"https:\/\/www.eldiario.net\/portal\/author\/jeanette\/"}]}},"_links":{"self":[{"href":"https:\/\/www.eldiario.net\/portal\/wp-json\/wp\/v2\/posts\/172170","targetHints":{"allow":["GET"]}}],"collection":[{"href":"https:\/\/www.eldiario.net\/portal\/wp-json\/wp\/v2\/posts"}],"about":[{"href":"https:\/\/www.eldiario.net\/portal\/wp-json\/wp\/v2\/types\/post"}],"author":[{"embeddable":true,"href":"https:\/\/www.eldiario.net\/portal\/wp-json\/wp\/v2\/users\/1"}],"replies":[{"embeddable":true,"href":"https:\/\/www.eldiario.net\/portal\/wp-json\/wp\/v2\/comments?post=172170"}],"version-history":[{"count":0,"href":"https:\/\/www.eldiario.net\/portal\/wp-json\/wp\/v2\/posts\/172170\/revisions"}],"wp:attachment":[{"href":"https:\/\/www.eldiario.net\/portal\/wp-json\/wp\/v2\/media?parent=172170"}],"wp:term":[{"taxonomy":"category","embeddable":true,"href":"https:\/\/www.eldiario.net\/portal\/wp-json\/wp\/v2\/categories?post=172170"},{"taxonomy":"post_tag","embeddable":true,"href":"https:\/\/www.eldiario.net\/portal\/wp-json\/wp\/v2\/tags?post=172170"}],"curies":[{"name":"wp","href":"https:\/\/api.w.org\/{rel}","templated":true}]}}