{"id":172168,"date":"2023-08-21T06:51:07","date_gmt":"2023-08-21T10:51:07","guid":{"rendered":"https:\/\/www.eldiario.net\/portal\/?p=172168"},"modified":"2023-08-21T06:51:07","modified_gmt":"2023-08-21T10:51:07","slug":"resquebrajamiento-politico","status":"publish","type":"post","link":"https:\/\/www.eldiario.net\/portal\/2023\/08\/21\/resquebrajamiento-politico\/","title":{"rendered":"Resquebrajamiento pol\u00edtico"},"content":{"rendered":"<p>El gobierno nacional, que reg\u00eda los destinos del pa\u00eds, desde 1971, convoc\u00f3 a elecciones generales, para el primer domingo de julio de 1978. La convocatoria fue dada a conocer en noviembre de 1977. \u201cSe dec\u00eda, por un lado, que las metas propuestas para 1980 ya hab\u00edan sido alcanzadas. Se indicaba, por otro, la necesidad de que el pueblo boliviano tuviera un gobierno constitucional para enfrentar el centenario del enclaustramiento mar\u00edtimo\u201d (*).<br \/>\nEn consecuencia, el anuncio de una contienda electoral, cambi\u00f3 el clima pol\u00edtico. Reaviv\u00f3, a su vez, el odio y las pasiones pol\u00edticas. En vez de cerrar filas, se dispersaron los partidos. Todos quer\u00edan entrar a la competencia referida. Pero la mayor\u00eda estuvo devastada y en condiciones desfavorables. Es que, a ra\u00edz de los \u201cDecretos de noviembre\u201d, de 1974, que prohib\u00eda toda asociaci\u00f3n pol\u00edtica, los partidos se vieron debilitados y, para el colmo de males, fraccionados. No hubo ni uno que haya mantenido la primigenia unidad. Estuvo en boga, en esos d\u00edas, colocarse el aditamento de izquierda. Acaso la mayor\u00eda quer\u00eda aparentar ser izquierdista. E incluso los m\u00e1s conservadores.<br \/>\nSe aprestaron a competir, en ese contexto, el MNR hist\u00f3rico y el otro supuestamente de izquierda, cuyos jefes estuvieron muy distanciados, por esas cosas que genera la suspicacia, en la actividad pol\u00edtico \u2013 partidista. Una Falange Socialista Boliviana que se hab\u00eda resquebrajado, tambi\u00e9n, en un sector de izquierda. Todo ello fue la secuela de la alianza MNR-FSB, que secund\u00f3 la revoluci\u00f3n de agosto de 1971. Y los llamados izquierdistas, peque\u00f1os y sin convocatoria, enfrascados en sus altercados, de manera irreconciliable. Hab\u00eda pro moscovitas, pekineses, trotskistas, elenos y los pores. Algunos no cre\u00edan en el proceso democr\u00e1tico, sino en la lucha armada. Hubo, asimismo, un partido creado al calor del Poder.<br \/>\nEl divisionismo, cr\u00f3nico y sectario, hab\u00eda corro\u00eddo, por lo visto, las bases de sustentaci\u00f3n de los partidos, de tendencias ideol\u00f3gicas encontradas. Por tales hechos perdieron credibilidad y convocatoria. Ello ocurri\u00f3 hace aproximadamente 46 a\u00f1os. Estamos revisando la historia. Ahora, en democracia, que tiene vigencia de m\u00e1s o menos 41 a\u00f1os, se reeditan, de una u otra manera, tales manifestaciones.<br \/>\nEl divisionismo, estimulado por intereses sectarios, corroe las entra\u00f1as de cierto partido, que detent\u00f3 el gobierno, por muchos a\u00f1os. Sus mandos medios, incluyendo a sus bases, est\u00e1n en permanente confrontaci\u00f3n, tratando de justificar lo injustificable. Buscando tender cortinas de humo. Acusaciones van y vienen, de ambos lados, provocando el deterioro de las im\u00e1genes de sus principales jerarcas.<br \/>\nLa ciudadan\u00eda, de nuestra \u00e9poca, que adquiri\u00f3 una envidiable cultura pol\u00edtica, no se deja engatusar f\u00e1cilmente. De ah\u00ed que exige la remoci\u00f3n de ideas, de cuadros y dirigentes, a fin de profundizar la democracia, con un contenido de alternabilidad en el Poder, descartando cualquier copia de autoritarismo. Y evitar, de tal modo, la decadencia y descomposici\u00f3n pol\u00edtico &#8211; partidista.<br \/>\nEn suma: ojal\u00e1 la remoci\u00f3n llegue a tiempo, en democracia, antes que el desencuentro haga de las suyas.<\/p>\n<p>(*) \u201cHuelga de hambre\u201d &#8211; Asamblea Permanente de los Derechos Humanos en Bolivia -. Impreso, en Bolivia, en 1978. P\u00e1g. 15.<\/p>\n","protected":false},"excerpt":{"rendered":"<p>El gobierno nacional, que reg\u00eda los destinos del pa\u00eds, desde 1971, convoc\u00f3 a elecciones generales, para el primer domingo de julio de 1978. La convocatoria fue dada a conocer en noviembre de 1977. \u201cSe dec\u00eda, por un lado, que las metas propuestas para 1980 ya hab\u00edan sido alcanzadas. Se indicaba, por otro, la necesidad de [&hellip;]<\/p>\n","protected":false},"author":1,"featured_media":158618,"comment_status":"closed","ping_status":"open","sticky":false,"template":"","format":"standard","meta":{"_acf_changed":false,"footnotes":""},"categories":[9],"tags":[],"class_list":["post-172168","post","type-post","status-publish","format-standard","has-post-thumbnail","category-opinion"],"acf":{"antetitulo":""},"yoast_head":"<!-- This site is optimized with the Yoast SEO plugin v28.3 - https:\/\/yoast.com\/product\/yoast-seo-wordpress\/ -->\n<title>Resquebrajamiento pol\u00edtico - El Diario - Bolivia<\/title>\n<meta name=\"robots\" content=\"index, follow, max-snippet:-1, max-image-preview:large, max-video-preview:-1\" \/>\n<link rel=\"canonical\" href=\"https:\/\/www.eldiario.net\/portal\/2023\/08\/21\/resquebrajamiento-politico\/\" \/>\n<meta property=\"og:locale\" content=\"es_ES\" \/>\n<meta property=\"og:type\" content=\"article\" \/>\n<meta property=\"og:title\" content=\"Resquebrajamiento pol\u00edtico - El Diario - Bolivia\" \/>\n<meta property=\"og:description\" content=\"El gobierno nacional, que reg\u00eda los destinos del pa\u00eds, desde 1971, convoc\u00f3 a elecciones generales, para el primer domingo de julio de 1978. La convocatoria fue dada a conocer en noviembre de 1977. \u201cSe dec\u00eda, por un lado, que las metas propuestas para 1980 ya hab\u00edan sido alcanzadas. Se indicaba, por otro, la necesidad de [&hellip;]\" \/>\n<meta property=\"og:url\" content=\"https:\/\/www.eldiario.net\/portal\/2023\/08\/21\/resquebrajamiento-politico\/\" \/>\n<meta property=\"og:site_name\" content=\"El Diario - Bolivia\" \/>\n<meta property=\"article:publisher\" content=\"https:\/\/www.facebook.com\/eldiario.bolivia\/\" \/>\n<meta property=\"article:published_time\" content=\"2023-08-21T10:51:07+00:00\" \/>\n<meta property=\"og:image\" content=\"https:\/\/www.eldiario.net\/portal\/wp-content\/uploads\/2023\/06\/Severo-Cruz-1.jpg\" \/>\n\t<meta property=\"og:image:width\" content=\"1200\" \/>\n\t<meta property=\"og:image:height\" content=\"628\" \/>\n\t<meta property=\"og:image:type\" content=\"image\/jpeg\" \/>\n<meta name=\"author\" content=\"Jeanette\" \/>\n<meta name=\"twitter:card\" content=\"summary_large_image\" \/>\n<meta name=\"twitter:creator\" content=\"@eldiario_net\" \/>\n<meta name=\"twitter:site\" content=\"@eldiario_net\" \/>\n<meta name=\"twitter:label1\" content=\"Escrito por\" \/>\n\t<meta name=\"twitter:data1\" content=\"Jeanette\" \/>\n\t<meta name=\"twitter:label2\" content=\"Tiempo de lectura\" \/>\n\t<meta name=\"twitter:data2\" content=\"3 minutos\" \/>\n<script type=\"application\/ld+json\" class=\"yoast-schema-graph\">{\"@context\":\"https:\\\/\\\/schema.org\",\"@graph\":[{\"@type\":\"Article\",\"@id\":\"https:\\\/\\\/www.eldiario.net\\\/portal\\\/2023\\\/08\\\/21\\\/resquebrajamiento-politico\\\/#article\",\"isPartOf\":{\"@id\":\"https:\\\/\\\/www.eldiario.net\\\/portal\\\/2023\\\/08\\\/21\\\/resquebrajamiento-politico\\\/\"},\"author\":{\"name\":\"Jeanette\",\"@id\":\"https:\\\/\\\/www.eldiario.net\\\/portal\\\/#\\\/schema\\\/person\\\/f46445640444750d7d753ccd04ae01b7\"},\"headline\":\"Resquebrajamiento pol\u00edtico\",\"datePublished\":\"2023-08-21T10:51:07+00:00\",\"mainEntityOfPage\":{\"@id\":\"https:\\\/\\\/www.eldiario.net\\\/portal\\\/2023\\\/08\\\/21\\\/resquebrajamiento-politico\\\/\"},\"wordCount\":540,\"publisher\":{\"@id\":\"https:\\\/\\\/www.eldiario.net\\\/portal\\\/#organization\"},\"image\":{\"@id\":\"https:\\\/\\\/www.eldiario.net\\\/portal\\\/2023\\\/08\\\/21\\\/resquebrajamiento-politico\\\/#primaryimage\"},\"thumbnailUrl\":\"https:\\\/\\\/www.eldiario.net\\\/portal\\\/wp-content\\\/uploads\\\/2023\\\/06\\\/Severo-Cruz-1.jpg\",\"articleSection\":[\"Opini\u00f3n\"],\"inLanguage\":\"es\"},{\"@type\":\"WebPage\",\"@id\":\"https:\\\/\\\/www.eldiario.net\\\/portal\\\/2023\\\/08\\\/21\\\/resquebrajamiento-politico\\\/\",\"url\":\"https:\\\/\\\/www.eldiario.net\\\/portal\\\/2023\\\/08\\\/21\\\/resquebrajamiento-politico\\\/\",\"name\":\"Resquebrajamiento pol\u00edtico - El Diario - Bolivia\",\"isPartOf\":{\"@id\":\"https:\\\/\\\/www.eldiario.net\\\/portal\\\/#website\"},\"primaryImageOfPage\":{\"@id\":\"https:\\\/\\\/www.eldiario.net\\\/portal\\\/2023\\\/08\\\/21\\\/resquebrajamiento-politico\\\/#primaryimage\"},\"image\":{\"@id\":\"https:\\\/\\\/www.eldiario.net\\\/portal\\\/2023\\\/08\\\/21\\\/resquebrajamiento-politico\\\/#primaryimage\"},\"thumbnailUrl\":\"https:\\\/\\\/www.eldiario.net\\\/portal\\\/wp-content\\\/uploads\\\/2023\\\/06\\\/Severo-Cruz-1.jpg\",\"datePublished\":\"2023-08-21T10:51:07+00:00\",\"breadcrumb\":{\"@id\":\"https:\\\/\\\/www.eldiario.net\\\/portal\\\/2023\\\/08\\\/21\\\/resquebrajamiento-politico\\\/#breadcrumb\"},\"inLanguage\":\"es\",\"potentialAction\":[{\"@type\":\"ReadAction\",\"target\":[\"https:\\\/\\\/www.eldiario.net\\\/portal\\\/2023\\\/08\\\/21\\\/resquebrajamiento-politico\\\/\"]}]},{\"@type\":\"ImageObject\",\"inLanguage\":\"es\",\"@id\":\"https:\\\/\\\/www.eldiario.net\\\/portal\\\/2023\\\/08\\\/21\\\/resquebrajamiento-politico\\\/#primaryimage\",\"url\":\"https:\\\/\\\/www.eldiario.net\\\/portal\\\/wp-content\\\/uploads\\\/2023\\\/06\\\/Severo-Cruz-1.jpg\",\"contentUrl\":\"https:\\\/\\\/www.eldiario.net\\\/portal\\\/wp-content\\\/uploads\\\/2023\\\/06\\\/Severo-Cruz-1.jpg\",\"width\":1200,\"height\":628,\"caption\":\"Severo Cruz Selaez\"},{\"@type\":\"BreadcrumbList\",\"@id\":\"https:\\\/\\\/www.eldiario.net\\\/portal\\\/2023\\\/08\\\/21\\\/resquebrajamiento-politico\\\/#breadcrumb\",\"itemListElement\":[{\"@type\":\"ListItem\",\"position\":1,\"name\":\"Portada\",\"item\":\"https:\\\/\\\/www.eldiario.net\\\/portal\\\/\"},{\"@type\":\"ListItem\",\"position\":2,\"name\":\"Resquebrajamiento pol\u00edtico\"}]},{\"@type\":\"WebSite\",\"@id\":\"https:\\\/\\\/www.eldiario.net\\\/portal\\\/#website\",\"url\":\"https:\\\/\\\/www.eldiario.net\\\/portal\\\/\",\"name\":\"El Diario - Decano de la prensa nacional\",\"description\":\"El Diario - Decano de la prensa nacional\",\"publisher\":{\"@id\":\"https:\\\/\\\/www.eldiario.net\\\/portal\\\/#organization\"},\"potentialAction\":[{\"@type\":\"SearchAction\",\"target\":{\"@type\":\"EntryPoint\",\"urlTemplate\":\"https:\\\/\\\/www.eldiario.net\\\/portal\\\/?s={search_term_string}\"},\"query-input\":{\"@type\":\"PropertyValueSpecification\",\"valueRequired\":true,\"valueName\":\"search_term_string\"}}],\"inLanguage\":\"es\"},{\"@type\":\"Organization\",\"@id\":\"https:\\\/\\\/www.eldiario.net\\\/portal\\\/#organization\",\"name\":\"El Diario - Decano de la prensa nacional\",\"url\":\"https:\\\/\\\/www.eldiario.net\\\/portal\\\/\",\"logo\":{\"@type\":\"ImageObject\",\"inLanguage\":\"es\",\"@id\":\"https:\\\/\\\/www.eldiario.net\\\/portal\\\/#\\\/schema\\\/logo\\\/image\\\/\",\"url\":\"https:\\\/\\\/www.eldiario.net\\\/portal\\\/wp-content\\\/uploads\\\/2023\\\/07\\\/logo_ED.jpg\",\"contentUrl\":\"https:\\\/\\\/www.eldiario.net\\\/portal\\\/wp-content\\\/uploads\\\/2023\\\/07\\\/logo_ED.jpg\",\"width\":272,\"height\":52,\"caption\":\"El Diario - Decano de la prensa nacional\"},\"image\":{\"@id\":\"https:\\\/\\\/www.eldiario.net\\\/portal\\\/#\\\/schema\\\/logo\\\/image\\\/\"},\"sameAs\":[\"https:\\\/\\\/www.facebook.com\\\/eldiario.bolivia\\\/\",\"https:\\\/\\\/x.com\\\/eldiario_net\"]},{\"@type\":\"Person\",\"@id\":\"https:\\\/\\\/www.eldiario.net\\\/portal\\\/#\\\/schema\\\/person\\\/f46445640444750d7d753ccd04ae01b7\",\"name\":\"Jeanette\",\"image\":{\"@type\":\"ImageObject\",\"inLanguage\":\"es\",\"@id\":\"https:\\\/\\\/secure.gravatar.com\\\/avatar\\\/3ea2118a5f7dad2b7138b1187a6b7ee55f160b9968b66013c3a3ef39dd7e5798?s=96&d=mm&r=g\",\"url\":\"https:\\\/\\\/secure.gravatar.com\\\/avatar\\\/3ea2118a5f7dad2b7138b1187a6b7ee55f160b9968b66013c3a3ef39dd7e5798?s=96&d=mm&r=g\",\"contentUrl\":\"https:\\\/\\\/secure.gravatar.com\\\/avatar\\\/3ea2118a5f7dad2b7138b1187a6b7ee55f160b9968b66013c3a3ef39dd7e5798?s=96&d=mm&r=g\",\"caption\":\"Jeanette\"},\"sameAs\":[\"https:\\\/\\\/www.eldiario.net\\\/portal\"],\"url\":\"https:\\\/\\\/www.eldiario.net\\\/portal\\\/author\\\/jeanette\\\/\"}]}<\/script>\n<!-- \/ Yoast SEO plugin. -->","yoast_head_json":{"title":"Resquebrajamiento pol\u00edtico - El Diario - Bolivia","robots":{"index":"index","follow":"follow","max-snippet":"max-snippet:-1","max-image-preview":"max-image-preview:large","max-video-preview":"max-video-preview:-1"},"canonical":"https:\/\/www.eldiario.net\/portal\/2023\/08\/21\/resquebrajamiento-politico\/","og_locale":"es_ES","og_type":"article","og_title":"Resquebrajamiento pol\u00edtico - El Diario - Bolivia","og_description":"El gobierno nacional, que reg\u00eda los destinos del pa\u00eds, desde 1971, convoc\u00f3 a elecciones generales, para el primer domingo de julio de 1978. La convocatoria fue dada a conocer en noviembre de 1977. \u201cSe dec\u00eda, por un lado, que las metas propuestas para 1980 ya hab\u00edan sido alcanzadas. Se indicaba, por otro, la necesidad de [&hellip;]","og_url":"https:\/\/www.eldiario.net\/portal\/2023\/08\/21\/resquebrajamiento-politico\/","og_site_name":"El Diario - Bolivia","article_publisher":"https:\/\/www.facebook.com\/eldiario.bolivia\/","article_published_time":"2023-08-21T10:51:07+00:00","og_image":[{"width":1200,"height":628,"url":"https:\/\/www.eldiario.net\/portal\/wp-content\/uploads\/2023\/06\/Severo-Cruz-1.jpg","type":"image\/jpeg"}],"author":"Jeanette","twitter_card":"summary_large_image","twitter_creator":"@eldiario_net","twitter_site":"@eldiario_net","twitter_misc":{"Escrito por":"Jeanette","Tiempo de lectura":"3 minutos"},"schema":{"@context":"https:\/\/schema.org","@graph":[{"@type":"Article","@id":"https:\/\/www.eldiario.net\/portal\/2023\/08\/21\/resquebrajamiento-politico\/#article","isPartOf":{"@id":"https:\/\/www.eldiario.net\/portal\/2023\/08\/21\/resquebrajamiento-politico\/"},"author":{"name":"Jeanette","@id":"https:\/\/www.eldiario.net\/portal\/#\/schema\/person\/f46445640444750d7d753ccd04ae01b7"},"headline":"Resquebrajamiento pol\u00edtico","datePublished":"2023-08-21T10:51:07+00:00","mainEntityOfPage":{"@id":"https:\/\/www.eldiario.net\/portal\/2023\/08\/21\/resquebrajamiento-politico\/"},"wordCount":540,"publisher":{"@id":"https:\/\/www.eldiario.net\/portal\/#organization"},"image":{"@id":"https:\/\/www.eldiario.net\/portal\/2023\/08\/21\/resquebrajamiento-politico\/#primaryimage"},"thumbnailUrl":"https:\/\/www.eldiario.net\/portal\/wp-content\/uploads\/2023\/06\/Severo-Cruz-1.jpg","articleSection":["Opini\u00f3n"],"inLanguage":"es"},{"@type":"WebPage","@id":"https:\/\/www.eldiario.net\/portal\/2023\/08\/21\/resquebrajamiento-politico\/","url":"https:\/\/www.eldiario.net\/portal\/2023\/08\/21\/resquebrajamiento-politico\/","name":"Resquebrajamiento pol\u00edtico - El Diario - Bolivia","isPartOf":{"@id":"https:\/\/www.eldiario.net\/portal\/#website"},"primaryImageOfPage":{"@id":"https:\/\/www.eldiario.net\/portal\/2023\/08\/21\/resquebrajamiento-politico\/#primaryimage"},"image":{"@id":"https:\/\/www.eldiario.net\/portal\/2023\/08\/21\/resquebrajamiento-politico\/#primaryimage"},"thumbnailUrl":"https:\/\/www.eldiario.net\/portal\/wp-content\/uploads\/2023\/06\/Severo-Cruz-1.jpg","datePublished":"2023-08-21T10:51:07+00:00","breadcrumb":{"@id":"https:\/\/www.eldiario.net\/portal\/2023\/08\/21\/resquebrajamiento-politico\/#breadcrumb"},"inLanguage":"es","potentialAction":[{"@type":"ReadAction","target":["https:\/\/www.eldiario.net\/portal\/2023\/08\/21\/resquebrajamiento-politico\/"]}]},{"@type":"ImageObject","inLanguage":"es","@id":"https:\/\/www.eldiario.net\/portal\/2023\/08\/21\/resquebrajamiento-politico\/#primaryimage","url":"https:\/\/www.eldiario.net\/portal\/wp-content\/uploads\/2023\/06\/Severo-Cruz-1.jpg","contentUrl":"https:\/\/www.eldiario.net\/portal\/wp-content\/uploads\/2023\/06\/Severo-Cruz-1.jpg","width":1200,"height":628,"caption":"Severo Cruz Selaez"},{"@type":"BreadcrumbList","@id":"https:\/\/www.eldiario.net\/portal\/2023\/08\/21\/resquebrajamiento-politico\/#breadcrumb","itemListElement":[{"@type":"ListItem","position":1,"name":"Portada","item":"https:\/\/www.eldiario.net\/portal\/"},{"@type":"ListItem","position":2,"name":"Resquebrajamiento pol\u00edtico"}]},{"@type":"WebSite","@id":"https:\/\/www.eldiario.net\/portal\/#website","url":"https:\/\/www.eldiario.net\/portal\/","name":"El Diario - Decano de la prensa nacional","description":"El Diario - Decano de la prensa nacional","publisher":{"@id":"https:\/\/www.eldiario.net\/portal\/#organization"},"potentialAction":[{"@type":"SearchAction","target":{"@type":"EntryPoint","urlTemplate":"https:\/\/www.eldiario.net\/portal\/?s={search_term_string}"},"query-input":{"@type":"PropertyValueSpecification","valueRequired":true,"valueName":"search_term_string"}}],"inLanguage":"es"},{"@type":"Organization","@id":"https:\/\/www.eldiario.net\/portal\/#organization","name":"El Diario - Decano de la prensa nacional","url":"https:\/\/www.eldiario.net\/portal\/","logo":{"@type":"ImageObject","inLanguage":"es","@id":"https:\/\/www.eldiario.net\/portal\/#\/schema\/logo\/image\/","url":"https:\/\/www.eldiario.net\/portal\/wp-content\/uploads\/2023\/07\/logo_ED.jpg","contentUrl":"https:\/\/www.eldiario.net\/portal\/wp-content\/uploads\/2023\/07\/logo_ED.jpg","width":272,"height":52,"caption":"El Diario - Decano de la prensa nacional"},"image":{"@id":"https:\/\/www.eldiario.net\/portal\/#\/schema\/logo\/image\/"},"sameAs":["https:\/\/www.facebook.com\/eldiario.bolivia\/","https:\/\/x.com\/eldiario_net"]},{"@type":"Person","@id":"https:\/\/www.eldiario.net\/portal\/#\/schema\/person\/f46445640444750d7d753ccd04ae01b7","name":"Jeanette","image":{"@type":"ImageObject","inLanguage":"es","@id":"https:\/\/secure.gravatar.com\/avatar\/3ea2118a5f7dad2b7138b1187a6b7ee55f160b9968b66013c3a3ef39dd7e5798?s=96&d=mm&r=g","url":"https:\/\/secure.gravatar.com\/avatar\/3ea2118a5f7dad2b7138b1187a6b7ee55f160b9968b66013c3a3ef39dd7e5798?s=96&d=mm&r=g","contentUrl":"https:\/\/secure.gravatar.com\/avatar\/3ea2118a5f7dad2b7138b1187a6b7ee55f160b9968b66013c3a3ef39dd7e5798?s=96&d=mm&r=g","caption":"Jeanette"},"sameAs":["https:\/\/www.eldiario.net\/portal"],"url":"https:\/\/www.eldiario.net\/portal\/author\/jeanette\/"}]}},"_links":{"self":[{"href":"https:\/\/www.eldiario.net\/portal\/wp-json\/wp\/v2\/posts\/172168","targetHints":{"allow":["GET"]}}],"collection":[{"href":"https:\/\/www.eldiario.net\/portal\/wp-json\/wp\/v2\/posts"}],"about":[{"href":"https:\/\/www.eldiario.net\/portal\/wp-json\/wp\/v2\/types\/post"}],"author":[{"embeddable":true,"href":"https:\/\/www.eldiario.net\/portal\/wp-json\/wp\/v2\/users\/1"}],"replies":[{"embeddable":true,"href":"https:\/\/www.eldiario.net\/portal\/wp-json\/wp\/v2\/comments?post=172168"}],"version-history":[{"count":0,"href":"https:\/\/www.eldiario.net\/portal\/wp-json\/wp\/v2\/posts\/172168\/revisions"}],"wp:featuredmedia":[{"embeddable":true,"href":"https:\/\/www.eldiario.net\/portal\/wp-json\/wp\/v2\/media\/158618"}],"wp:attachment":[{"href":"https:\/\/www.eldiario.net\/portal\/wp-json\/wp\/v2\/media?parent=172168"}],"wp:term":[{"taxonomy":"category","embeddable":true,"href":"https:\/\/www.eldiario.net\/portal\/wp-json\/wp\/v2\/categories?post=172168"},{"taxonomy":"post_tag","embeddable":true,"href":"https:\/\/www.eldiario.net\/portal\/wp-json\/wp\/v2\/tags?post=172168"}],"curies":[{"name":"wp","href":"https:\/\/api.w.org\/{rel}","templated":true}]}}