{"id":171894,"date":"2023-08-19T07:19:37","date_gmt":"2023-08-19T11:19:37","guid":{"rendered":"https:\/\/www.eldiario.net\/portal\/?p=171894"},"modified":"2023-08-19T07:19:37","modified_gmt":"2023-08-19T11:19:37","slug":"congreso-de-csutcb-termina-en-trifulca-en-ciudad-de-el-alto","status":"publish","type":"post","link":"https:\/\/www.eldiario.net\/portal\/2023\/08\/19\/congreso-de-csutcb-termina-en-trifulca-en-ciudad-de-el-alto\/","title":{"rendered":"Congreso de CSUTCB termina en trifulca en ciudad de El Alto"},"content":{"rendered":"<p>La primera jornada del XVIII Congreso Ordinario de la Confederaci\u00f3n Sindical \u00danica de Trabajadores Campesinos de Bolivia (CSUTCB) termin\u00f3 ayer en medio de incidentes entre facciones de \u00abevistas\u00bb y \u00abrenovadores\u00bb que se lanzaron sillas en el coliseo H\u00e9roes de Octubre de El Alto.<br \/>\nDe acuerdo con videos que circulan en redes sociales, los incidentes se registraron cerca de la testera, poco despu\u00e9s de concluir el primer d\u00eda del evento jornada. En ese lugar dos grupos se agred\u00edan lanz\u00e1ndose varios objetos, entre ellos, sillas.<br \/>\nEl secretario ejecutivo de la CSUTCB, Eber Rojas, responsabiliz\u00f3 a los dirigentes Humberto Claros y Omar Ram\u00edrez por haber \u00abincitado a la violencia\u00bb y que termine de esa manera la jornada del congreso que tiene como objetivo elegir a los representantes de esa organizaci\u00f3n social que conforma el Pacto de Unidad.<br \/>\n\u00abNos preocupa cuando est\u00e1n de ese lado, porque no tienen madurez org\u00e1nica, ni pol\u00edtica; todo quieren hacer con violencia, pero gracias a Dios, est\u00e1 controlado bajo la Polic\u00eda Sindical\u00bb, a\u00f1adi\u00f3 Rojas a ERBOL.<br \/>\nPor su lado, Omar Ram\u00edrez, uno de los aludidos por Rojas, neg\u00f3 las acusaciones y consider\u00f3 que lo ocurrido fue una muestra de rechazo hacia la gesti\u00f3n del actual Secretario Ejecutivo de la CSUTCB por \u00abdividir\u00bb a las bases.<br \/>\n\u00abHa habido amagues de enfrentamiento y a todo su grupo (de Eber Rojas), que estaban intentando dividir, le han sacado del escenario, se ha ido corriendo este se\u00f1or\u00bb, a\u00f1adi\u00f3 a este medio.<br \/>\nAmbos dirigentes piden que durante este fin de semana que resta del congreso no se repita los incidentes que hubo y se pueda elegir a los nuevos representantes de la organizaci\u00f3n social. (Erbol)<\/p>\n","protected":false},"excerpt":{"rendered":"<p>La primera jornada del XVIII Congreso Ordinario de la Confederaci\u00f3n Sindical \u00danica de Trabajadores Campesinos de Bolivia (CSUTCB) termin\u00f3 ayer en medio de incidentes entre facciones de \u00abevistas\u00bb y \u00abrenovadores\u00bb que se lanzaron sillas en el coliseo H\u00e9roes de Octubre de El Alto. De acuerdo con videos que circulan en redes sociales, los incidentes se [&hellip;]<\/p>\n","protected":false},"author":1,"featured_media":171896,"comment_status":"closed","ping_status":"open","sticky":false,"template":"","format":"standard","meta":{"_acf_changed":false,"footnotes":""},"categories":[14],"tags":[],"class_list":["post-171894","post","type-post","status-publish","format-standard","has-post-thumbnail","category-politica"],"acf":{"antetitulo":""},"yoast_head":"<!-- This site is optimized with the Yoast SEO plugin v28.4 - https:\/\/yoast.com\/product\/yoast-seo-wordpress\/ -->\n<title>Congreso de CSUTCB termina en trifulca en ciudad de El Alto - El Diario - Bolivia<\/title>\n<meta name=\"robots\" content=\"index, follow, max-snippet:-1, max-image-preview:large, max-video-preview:-1\" \/>\n<link rel=\"canonical\" href=\"https:\/\/www.eldiario.net\/portal\/2023\/08\/19\/congreso-de-csutcb-termina-en-trifulca-en-ciudad-de-el-alto\/\" \/>\n<meta property=\"og:locale\" content=\"es_ES\" \/>\n<meta property=\"og:type\" content=\"article\" \/>\n<meta property=\"og:title\" content=\"Congreso de CSUTCB termina en trifulca en ciudad de El Alto - El Diario - Bolivia\" \/>\n<meta property=\"og:description\" content=\"La primera jornada del XVIII Congreso Ordinario de la Confederaci\u00f3n Sindical \u00danica de Trabajadores Campesinos de Bolivia (CSUTCB) termin\u00f3 ayer en medio de incidentes entre facciones de \u00abevistas\u00bb y \u00abrenovadores\u00bb que se lanzaron sillas en el coliseo H\u00e9roes de Octubre de El Alto. De acuerdo con videos que circulan en redes sociales, los incidentes se [&hellip;]\" \/>\n<meta property=\"og:url\" content=\"https:\/\/www.eldiario.net\/portal\/2023\/08\/19\/congreso-de-csutcb-termina-en-trifulca-en-ciudad-de-el-alto\/\" \/>\n<meta property=\"og:site_name\" content=\"El Diario - Bolivia\" \/>\n<meta property=\"article:publisher\" content=\"https:\/\/www.facebook.com\/eldiario.bolivia\/\" \/>\n<meta property=\"article:published_time\" content=\"2023-08-19T11:19:37+00:00\" \/>\n<meta property=\"og:image\" content=\"https:\/\/www.eldiario.net\/portal\/wp-content\/uploads\/2023\/08\/congreso-csutcb-erbol.jpg\" \/>\n\t<meta property=\"og:image:width\" content=\"1237\" \/>\n\t<meta property=\"og:image:height\" content=\"744\" \/>\n\t<meta property=\"og:image:type\" content=\"image\/jpeg\" \/>\n<meta name=\"author\" content=\"Jeanette\" \/>\n<meta name=\"twitter:card\" content=\"summary_large_image\" \/>\n<meta name=\"twitter:creator\" content=\"@eldiario_net\" \/>\n<meta name=\"twitter:site\" content=\"@eldiario_net\" \/>\n<meta name=\"twitter:label1\" content=\"Escrito por\" \/>\n\t<meta name=\"twitter:data1\" content=\"Jeanette\" \/>\n\t<meta name=\"twitter:label2\" content=\"Tiempo de lectura\" \/>\n\t<meta name=\"twitter:data2\" content=\"2 minutos\" \/>\n<script type=\"application\/ld+json\" class=\"yoast-schema-graph\">{\"@context\":\"https:\\\/\\\/schema.org\",\"@graph\":[{\"@type\":\"Article\",\"@id\":\"https:\\\/\\\/www.eldiario.net\\\/portal\\\/2023\\\/08\\\/19\\\/congreso-de-csutcb-termina-en-trifulca-en-ciudad-de-el-alto\\\/#article\",\"isPartOf\":{\"@id\":\"https:\\\/\\\/www.eldiario.net\\\/portal\\\/2023\\\/08\\\/19\\\/congreso-de-csutcb-termina-en-trifulca-en-ciudad-de-el-alto\\\/\"},\"author\":{\"name\":\"Jeanette\",\"@id\":\"https:\\\/\\\/www.eldiario.net\\\/portal\\\/#\\\/schema\\\/person\\\/2c57cf2b7a7ae032e449e4c9b1019eac\"},\"headline\":\"Congreso de CSUTCB termina en trifulca en ciudad de El Alto\",\"datePublished\":\"2023-08-19T11:19:37+00:00\",\"mainEntityOfPage\":{\"@id\":\"https:\\\/\\\/www.eldiario.net\\\/portal\\\/2023\\\/08\\\/19\\\/congreso-de-csutcb-termina-en-trifulca-en-ciudad-de-el-alto\\\/\"},\"wordCount\":300,\"publisher\":{\"@id\":\"https:\\\/\\\/www.eldiario.net\\\/portal\\\/#organization\"},\"image\":{\"@id\":\"https:\\\/\\\/www.eldiario.net\\\/portal\\\/2023\\\/08\\\/19\\\/congreso-de-csutcb-termina-en-trifulca-en-ciudad-de-el-alto\\\/#primaryimage\"},\"thumbnailUrl\":\"https:\\\/\\\/www.eldiario.net\\\/portal\\\/wp-content\\\/uploads\\\/2023\\\/08\\\/congreso-csutcb-erbol.jpg\",\"articleSection\":[\"Pol\u00edtica\"],\"inLanguage\":\"es\"},{\"@type\":\"WebPage\",\"@id\":\"https:\\\/\\\/www.eldiario.net\\\/portal\\\/2023\\\/08\\\/19\\\/congreso-de-csutcb-termina-en-trifulca-en-ciudad-de-el-alto\\\/\",\"url\":\"https:\\\/\\\/www.eldiario.net\\\/portal\\\/2023\\\/08\\\/19\\\/congreso-de-csutcb-termina-en-trifulca-en-ciudad-de-el-alto\\\/\",\"name\":\"Congreso de CSUTCB termina en trifulca en ciudad de El Alto - El Diario - Bolivia\",\"isPartOf\":{\"@id\":\"https:\\\/\\\/www.eldiario.net\\\/portal\\\/#website\"},\"primaryImageOfPage\":{\"@id\":\"https:\\\/\\\/www.eldiario.net\\\/portal\\\/2023\\\/08\\\/19\\\/congreso-de-csutcb-termina-en-trifulca-en-ciudad-de-el-alto\\\/#primaryimage\"},\"image\":{\"@id\":\"https:\\\/\\\/www.eldiario.net\\\/portal\\\/2023\\\/08\\\/19\\\/congreso-de-csutcb-termina-en-trifulca-en-ciudad-de-el-alto\\\/#primaryimage\"},\"thumbnailUrl\":\"https:\\\/\\\/www.eldiario.net\\\/portal\\\/wp-content\\\/uploads\\\/2023\\\/08\\\/congreso-csutcb-erbol.jpg\",\"datePublished\":\"2023-08-19T11:19:37+00:00\",\"breadcrumb\":{\"@id\":\"https:\\\/\\\/www.eldiario.net\\\/portal\\\/2023\\\/08\\\/19\\\/congreso-de-csutcb-termina-en-trifulca-en-ciudad-de-el-alto\\\/#breadcrumb\"},\"inLanguage\":\"es\",\"potentialAction\":[{\"@type\":\"ReadAction\",\"target\":[\"https:\\\/\\\/www.eldiario.net\\\/portal\\\/2023\\\/08\\\/19\\\/congreso-de-csutcb-termina-en-trifulca-en-ciudad-de-el-alto\\\/\"]}]},{\"@type\":\"ImageObject\",\"inLanguage\":\"es\",\"@id\":\"https:\\\/\\\/www.eldiario.net\\\/portal\\\/2023\\\/08\\\/19\\\/congreso-de-csutcb-termina-en-trifulca-en-ciudad-de-el-alto\\\/#primaryimage\",\"url\":\"https:\\\/\\\/www.eldiario.net\\\/portal\\\/wp-content\\\/uploads\\\/2023\\\/08\\\/congreso-csutcb-erbol.jpg\",\"contentUrl\":\"https:\\\/\\\/www.eldiario.net\\\/portal\\\/wp-content\\\/uploads\\\/2023\\\/08\\\/congreso-csutcb-erbol.jpg\",\"width\":1237,\"height\":744,\"caption\":\"Momentos de tensi\u00f3n en el XVIII Congreso de la CSUTCB. CREDITO: captura videoMomentos de tensi\u00f3n en el XVIII Congreso de la CSUTCB. CREDITO: captura videoMomentos de tensi\u00f3n en el XVIII Congreso de la CSUTCB. CREDITO: captura video\"},{\"@type\":\"BreadcrumbList\",\"@id\":\"https:\\\/\\\/www.eldiario.net\\\/portal\\\/2023\\\/08\\\/19\\\/congreso-de-csutcb-termina-en-trifulca-en-ciudad-de-el-alto\\\/#breadcrumb\",\"itemListElement\":[{\"@type\":\"ListItem\",\"position\":1,\"name\":\"Portada\",\"item\":\"https:\\\/\\\/www.eldiario.net\\\/portal\\\/\"},{\"@type\":\"ListItem\",\"position\":2,\"name\":\"Congreso de CSUTCB termina en trifulca en ciudad de El Alto\"}]},{\"@type\":\"WebSite\",\"@id\":\"https:\\\/\\\/www.eldiario.net\\\/portal\\\/#website\",\"url\":\"https:\\\/\\\/www.eldiario.net\\\/portal\\\/\",\"name\":\"El Diario - Decano de la prensa nacional\",\"description\":\"El Diario - Decano de la prensa nacional\",\"publisher\":{\"@id\":\"https:\\\/\\\/www.eldiario.net\\\/portal\\\/#organization\"},\"potentialAction\":[{\"@type\":\"SearchAction\",\"target\":{\"@type\":\"EntryPoint\",\"urlTemplate\":\"https:\\\/\\\/www.eldiario.net\\\/portal\\\/?s={search_term_string}\"},\"query-input\":{\"@type\":\"PropertyValueSpecification\",\"valueRequired\":true,\"valueName\":\"search_term_string\"}}],\"inLanguage\":\"es\"},{\"@type\":\"Organization\",\"@id\":\"https:\\\/\\\/www.eldiario.net\\\/portal\\\/#organization\",\"name\":\"El Diario - Decano de la prensa nacional\",\"url\":\"https:\\\/\\\/www.eldiario.net\\\/portal\\\/\",\"logo\":{\"@type\":\"ImageObject\",\"inLanguage\":\"es\",\"@id\":\"https:\\\/\\\/www.eldiario.net\\\/portal\\\/#\\\/schema\\\/logo\\\/image\\\/\",\"url\":\"https:\\\/\\\/www.eldiario.net\\\/portal\\\/wp-content\\\/uploads\\\/2023\\\/07\\\/logo_ED.jpg\",\"contentUrl\":\"https:\\\/\\\/www.eldiario.net\\\/portal\\\/wp-content\\\/uploads\\\/2023\\\/07\\\/logo_ED.jpg\",\"width\":272,\"height\":52,\"caption\":\"El Diario - Decano de la prensa nacional\"},\"image\":{\"@id\":\"https:\\\/\\\/www.eldiario.net\\\/portal\\\/#\\\/schema\\\/logo\\\/image\\\/\"},\"sameAs\":[\"https:\\\/\\\/www.facebook.com\\\/eldiario.bolivia\\\/\",\"https:\\\/\\\/x.com\\\/eldiario_net\"]},{\"@type\":\"Person\",\"@id\":\"https:\\\/\\\/www.eldiario.net\\\/portal\\\/#\\\/schema\\\/person\\\/2c57cf2b7a7ae032e449e4c9b1019eac\",\"name\":\"Jeanette\",\"image\":{\"@type\":\"ImageObject\",\"inLanguage\":\"es\",\"@id\":\"https:\\\/\\\/secure.gravatar.com\\\/avatar\\\/3ea2118a5f7dad2b7138b1187a6b7ee55f160b9968b66013c3a3ef39dd7e5798?s=96&d=mm&r=g\",\"url\":\"https:\\\/\\\/secure.gravatar.com\\\/avatar\\\/3ea2118a5f7dad2b7138b1187a6b7ee55f160b9968b66013c3a3ef39dd7e5798?s=96&d=mm&r=g\",\"contentUrl\":\"https:\\\/\\\/secure.gravatar.com\\\/avatar\\\/3ea2118a5f7dad2b7138b1187a6b7ee55f160b9968b66013c3a3ef39dd7e5798?s=96&d=mm&r=g\",\"caption\":\"Jeanette\"},\"sameAs\":[\"https:\\\/\\\/www.eldiario.net\\\/portal\"],\"url\":\"https:\\\/\\\/www.eldiario.net\\\/portal\\\/author\\\/jeanette\\\/\"}]}<\/script>\n<!-- \/ Yoast SEO plugin. -->","yoast_head_json":{"title":"Congreso de CSUTCB termina en trifulca en ciudad de El Alto - El Diario - Bolivia","robots":{"index":"index","follow":"follow","max-snippet":"max-snippet:-1","max-image-preview":"max-image-preview:large","max-video-preview":"max-video-preview:-1"},"canonical":"https:\/\/www.eldiario.net\/portal\/2023\/08\/19\/congreso-de-csutcb-termina-en-trifulca-en-ciudad-de-el-alto\/","og_locale":"es_ES","og_type":"article","og_title":"Congreso de CSUTCB termina en trifulca en ciudad de El Alto - El Diario - Bolivia","og_description":"La primera jornada del XVIII Congreso Ordinario de la Confederaci\u00f3n Sindical \u00danica de Trabajadores Campesinos de Bolivia (CSUTCB) termin\u00f3 ayer en medio de incidentes entre facciones de \u00abevistas\u00bb y \u00abrenovadores\u00bb que se lanzaron sillas en el coliseo H\u00e9roes de Octubre de El Alto. De acuerdo con videos que circulan en redes sociales, los incidentes se [&hellip;]","og_url":"https:\/\/www.eldiario.net\/portal\/2023\/08\/19\/congreso-de-csutcb-termina-en-trifulca-en-ciudad-de-el-alto\/","og_site_name":"El Diario - Bolivia","article_publisher":"https:\/\/www.facebook.com\/eldiario.bolivia\/","article_published_time":"2023-08-19T11:19:37+00:00","og_image":[{"width":1237,"height":744,"url":"https:\/\/www.eldiario.net\/portal\/wp-content\/uploads\/2023\/08\/congreso-csutcb-erbol.jpg","type":"image\/jpeg"}],"author":"Jeanette","twitter_card":"summary_large_image","twitter_creator":"@eldiario_net","twitter_site":"@eldiario_net","twitter_misc":{"Escrito por":"Jeanette","Tiempo de lectura":"2 minutos"},"schema":{"@context":"https:\/\/schema.org","@graph":[{"@type":"Article","@id":"https:\/\/www.eldiario.net\/portal\/2023\/08\/19\/congreso-de-csutcb-termina-en-trifulca-en-ciudad-de-el-alto\/#article","isPartOf":{"@id":"https:\/\/www.eldiario.net\/portal\/2023\/08\/19\/congreso-de-csutcb-termina-en-trifulca-en-ciudad-de-el-alto\/"},"author":{"name":"Jeanette","@id":"https:\/\/www.eldiario.net\/portal\/#\/schema\/person\/2c57cf2b7a7ae032e449e4c9b1019eac"},"headline":"Congreso de CSUTCB termina en trifulca en ciudad de El Alto","datePublished":"2023-08-19T11:19:37+00:00","mainEntityOfPage":{"@id":"https:\/\/www.eldiario.net\/portal\/2023\/08\/19\/congreso-de-csutcb-termina-en-trifulca-en-ciudad-de-el-alto\/"},"wordCount":300,"publisher":{"@id":"https:\/\/www.eldiario.net\/portal\/#organization"},"image":{"@id":"https:\/\/www.eldiario.net\/portal\/2023\/08\/19\/congreso-de-csutcb-termina-en-trifulca-en-ciudad-de-el-alto\/#primaryimage"},"thumbnailUrl":"https:\/\/www.eldiario.net\/portal\/wp-content\/uploads\/2023\/08\/congreso-csutcb-erbol.jpg","articleSection":["Pol\u00edtica"],"inLanguage":"es"},{"@type":"WebPage","@id":"https:\/\/www.eldiario.net\/portal\/2023\/08\/19\/congreso-de-csutcb-termina-en-trifulca-en-ciudad-de-el-alto\/","url":"https:\/\/www.eldiario.net\/portal\/2023\/08\/19\/congreso-de-csutcb-termina-en-trifulca-en-ciudad-de-el-alto\/","name":"Congreso de CSUTCB termina en trifulca en ciudad de El Alto - El Diario - Bolivia","isPartOf":{"@id":"https:\/\/www.eldiario.net\/portal\/#website"},"primaryImageOfPage":{"@id":"https:\/\/www.eldiario.net\/portal\/2023\/08\/19\/congreso-de-csutcb-termina-en-trifulca-en-ciudad-de-el-alto\/#primaryimage"},"image":{"@id":"https:\/\/www.eldiario.net\/portal\/2023\/08\/19\/congreso-de-csutcb-termina-en-trifulca-en-ciudad-de-el-alto\/#primaryimage"},"thumbnailUrl":"https:\/\/www.eldiario.net\/portal\/wp-content\/uploads\/2023\/08\/congreso-csutcb-erbol.jpg","datePublished":"2023-08-19T11:19:37+00:00","breadcrumb":{"@id":"https:\/\/www.eldiario.net\/portal\/2023\/08\/19\/congreso-de-csutcb-termina-en-trifulca-en-ciudad-de-el-alto\/#breadcrumb"},"inLanguage":"es","potentialAction":[{"@type":"ReadAction","target":["https:\/\/www.eldiario.net\/portal\/2023\/08\/19\/congreso-de-csutcb-termina-en-trifulca-en-ciudad-de-el-alto\/"]}]},{"@type":"ImageObject","inLanguage":"es","@id":"https:\/\/www.eldiario.net\/portal\/2023\/08\/19\/congreso-de-csutcb-termina-en-trifulca-en-ciudad-de-el-alto\/#primaryimage","url":"https:\/\/www.eldiario.net\/portal\/wp-content\/uploads\/2023\/08\/congreso-csutcb-erbol.jpg","contentUrl":"https:\/\/www.eldiario.net\/portal\/wp-content\/uploads\/2023\/08\/congreso-csutcb-erbol.jpg","width":1237,"height":744,"caption":"Momentos de tensi\u00f3n en el XVIII Congreso de la CSUTCB. CREDITO: captura videoMomentos de tensi\u00f3n en el XVIII Congreso de la CSUTCB. CREDITO: captura videoMomentos de tensi\u00f3n en el XVIII Congreso de la CSUTCB. CREDITO: captura video"},{"@type":"BreadcrumbList","@id":"https:\/\/www.eldiario.net\/portal\/2023\/08\/19\/congreso-de-csutcb-termina-en-trifulca-en-ciudad-de-el-alto\/#breadcrumb","itemListElement":[{"@type":"ListItem","position":1,"name":"Portada","item":"https:\/\/www.eldiario.net\/portal\/"},{"@type":"ListItem","position":2,"name":"Congreso de CSUTCB termina en trifulca en ciudad de El Alto"}]},{"@type":"WebSite","@id":"https:\/\/www.eldiario.net\/portal\/#website","url":"https:\/\/www.eldiario.net\/portal\/","name":"El Diario - Decano de la prensa nacional","description":"El Diario - Decano de la prensa nacional","publisher":{"@id":"https:\/\/www.eldiario.net\/portal\/#organization"},"potentialAction":[{"@type":"SearchAction","target":{"@type":"EntryPoint","urlTemplate":"https:\/\/www.eldiario.net\/portal\/?s={search_term_string}"},"query-input":{"@type":"PropertyValueSpecification","valueRequired":true,"valueName":"search_term_string"}}],"inLanguage":"es"},{"@type":"Organization","@id":"https:\/\/www.eldiario.net\/portal\/#organization","name":"El Diario - Decano de la prensa nacional","url":"https:\/\/www.eldiario.net\/portal\/","logo":{"@type":"ImageObject","inLanguage":"es","@id":"https:\/\/www.eldiario.net\/portal\/#\/schema\/logo\/image\/","url":"https:\/\/www.eldiario.net\/portal\/wp-content\/uploads\/2023\/07\/logo_ED.jpg","contentUrl":"https:\/\/www.eldiario.net\/portal\/wp-content\/uploads\/2023\/07\/logo_ED.jpg","width":272,"height":52,"caption":"El Diario - Decano de la prensa nacional"},"image":{"@id":"https:\/\/www.eldiario.net\/portal\/#\/schema\/logo\/image\/"},"sameAs":["https:\/\/www.facebook.com\/eldiario.bolivia\/","https:\/\/x.com\/eldiario_net"]},{"@type":"Person","@id":"https:\/\/www.eldiario.net\/portal\/#\/schema\/person\/2c57cf2b7a7ae032e449e4c9b1019eac","name":"Jeanette","image":{"@type":"ImageObject","inLanguage":"es","@id":"https:\/\/secure.gravatar.com\/avatar\/3ea2118a5f7dad2b7138b1187a6b7ee55f160b9968b66013c3a3ef39dd7e5798?s=96&d=mm&r=g","url":"https:\/\/secure.gravatar.com\/avatar\/3ea2118a5f7dad2b7138b1187a6b7ee55f160b9968b66013c3a3ef39dd7e5798?s=96&d=mm&r=g","contentUrl":"https:\/\/secure.gravatar.com\/avatar\/3ea2118a5f7dad2b7138b1187a6b7ee55f160b9968b66013c3a3ef39dd7e5798?s=96&d=mm&r=g","caption":"Jeanette"},"sameAs":["https:\/\/www.eldiario.net\/portal"],"url":"https:\/\/www.eldiario.net\/portal\/author\/jeanette\/"}]}},"_links":{"self":[{"href":"https:\/\/www.eldiario.net\/portal\/wp-json\/wp\/v2\/posts\/171894","targetHints":{"allow":["GET"]}}],"collection":[{"href":"https:\/\/www.eldiario.net\/portal\/wp-json\/wp\/v2\/posts"}],"about":[{"href":"https:\/\/www.eldiario.net\/portal\/wp-json\/wp\/v2\/types\/post"}],"author":[{"embeddable":true,"href":"https:\/\/www.eldiario.net\/portal\/wp-json\/wp\/v2\/users\/1"}],"replies":[{"embeddable":true,"href":"https:\/\/www.eldiario.net\/portal\/wp-json\/wp\/v2\/comments?post=171894"}],"version-history":[{"count":0,"href":"https:\/\/www.eldiario.net\/portal\/wp-json\/wp\/v2\/posts\/171894\/revisions"}],"wp:featuredmedia":[{"embeddable":true,"href":"https:\/\/www.eldiario.net\/portal\/wp-json\/wp\/v2\/media\/171896"}],"wp:attachment":[{"href":"https:\/\/www.eldiario.net\/portal\/wp-json\/wp\/v2\/media?parent=171894"}],"wp:term":[{"taxonomy":"category","embeddable":true,"href":"https:\/\/www.eldiario.net\/portal\/wp-json\/wp\/v2\/categories?post=171894"},{"taxonomy":"post_tag","embeddable":true,"href":"https:\/\/www.eldiario.net\/portal\/wp-json\/wp\/v2\/tags?post=171894"}],"curies":[{"name":"wp","href":"https:\/\/api.w.org\/{rel}","templated":true}]}}