{"id":171681,"date":"2023-08-18T06:28:09","date_gmt":"2023-08-18T10:28:09","guid":{"rendered":"https:\/\/www.eldiario.net\/portal\/?p=171681"},"modified":"2023-08-18T06:28:09","modified_gmt":"2023-08-18T10:28:09","slug":"luciana-acosta-la-sencillez-y-la-humildad-me-han-abierto-muchisimas-puertas","status":"publish","type":"post","link":"https:\/\/www.eldiario.net\/portal\/2023\/08\/18\/luciana-acosta-la-sencillez-y-la-humildad-me-han-abierto-muchisimas-puertas\/","title":{"rendered":"LUCIANA ACOSTA \u201cLa sencillez y la humildad me  han abierto much\u00edsimas puertas\u201d"},"content":{"rendered":"<p><strong>Nombre:<\/strong> Luciana Acosta Cabezas.<\/p>\n<p><strong>Fecha y lugar de nacimiento:<\/strong> 16-12-1985, Tarija.<\/p>\n<p><strong>Estudios:<\/strong> Soy licenciada en periodismo y en comunicaci\u00f3n de mercadeo.<\/p>\n<p><strong>Estado civil:<\/strong> Casada.<\/p>\n<p><strong>\u00bfA qu\u00e9 te dedicas hoy?:<\/strong> Presentadora de televisi\u00f3n (en la Red Uno) e influencer, si puede llamarse hoy como ocupaci\u00f3n (sonr\u00ede).<\/p>\n<p>&nbsp;<\/p>\n<p><strong>LG: \u00bfQu\u00e9 es lo que el p\u00fablico no sabe de ti?<\/strong><\/p>\n<p>L: Una de mis caracter\u00edsticas es que la personalidad que muestro en la televisi\u00f3n es tal cual, a la Luciana que ves en la vida real, entonces creo que soy muy transparente en mis reacciones, en mis respuestas, en mis comentarios. La gente al verme en la televisi\u00f3n se da cuenta c\u00f3mo es Luciana realmente y me gusta, porque no hago esfuerzo por hacer televisi\u00f3n, simplemente soy yo.<\/p>\n<p><strong>LG: \u00bfCu\u00e1l es tu mayor virtud?<\/strong><\/p>\n<p>L: Creo que la sencillez y la humildad me han abierto much\u00edsimas puertas.<\/p>\n<p><strong>LG: \u00bfY tu peor defecto?<\/strong><\/p>\n<p>L: Soy muy obsesiva, s\u00ed, s\u00ed, con las cosas en las que me meto en la cabeza, soy muy obsesiva.<\/p>\n<p><strong>LG: Si volvieras a nacer, \u00bfqu\u00e9 cambiar\u00edas de tu vida?<\/strong><\/p>\n<p>L: Soy muy bendecida, nada tendr\u00eda que cambiar, el lugar al que he llegado, lo que he tenido que pasar para llegar ah\u00ed, mi familia, estoy absolutamente feliz y agradecida con Dios por todo lo que tengo.<\/p>\n<p><strong>LG: \u00bfQu\u00e9 es lo mejor que han dicho de Luciana Acosta?<\/strong><\/p>\n<p>L: Va la mano por ah\u00ed m\u00e1s o menos, el tema de que es una mujer muy sencilla, humilde, que se muestra tal cual, carism\u00e1tica, siento que tambi\u00e9n es parte de las opiniones que me gustan mucho, y que s\u00ed tengo buen coraz\u00f3n (sonr\u00ede).<\/p>\n<p><strong>LG: \u00bfY qu\u00e9 lo peor?<\/strong><\/p>\n<p>L: Utilizo una t\u00e9cnica muy linda, que se la recomiendo a todos y es que los malos comentarios que pueda escuchar o pueda leer se me borran de la cabeza, entonces creo nadie es moneda de oro para caerle bien a todo el mundo. Respeto mucho las opiniones que no sean bonitas o que sean cr\u00edticas, pero se me olvidan, la verdad\u2026, cuando siento que realmente no me aportan. Si fuera una opini\u00f3n que yo siento que aporta, pues con much\u00edsimo gusto la tomo en cuenta y, es m\u00e1s, me tomo el tiempo para agradecer.<\/p>\n<p><strong>LG: \u00bfQu\u00e9 haces en tu tiempo libre?<\/strong><\/p>\n<p>L: Soy mam\u00e1, escucha de fondo\u2026 ac\u00e1 est\u00e1n mis dos beb\u00e9s, estoy yendo a recoger a la tercera. Tambi\u00e9n me gusta mucho hacer deporte o ejercicio, bueno, esa es mi \u00fanica opci\u00f3n en mi tiempo libre.<\/p>\n<p><strong>LG: \u00bfCon qu\u00e9 animal te identificas?<\/strong><\/p>\n<p>L: Con la lib\u00e9lula, de hecho, tengo un tatuaje, ha sido mi primer tatuaje, siempre me ha gustado much\u00edsimo este insecto o animal, como lo veamos, siento que tiene una libertad y una belleza \u00fanica y propia, y eso deber\u00edamos sentir las personas, \u00bfno?, \u2026 as\u00ed me siento porque cada uno tiene que amarse tal cual es.<\/p>\n<p><strong>LG: \u00bfDe qu\u00e9 aspectos podr\u00edan re\u00edrse de ti? <\/strong><\/p>\n<p>L: De mi tama\u00f1o, del que yo me r\u00edo tambi\u00e9n, soy una mujer bastante bajita, es m\u00e1s, siempre me hago autochistes en la televisi\u00f3n, creo que de eso s\u00ed me han faltado unos cuantos cent\u00edmetros, me ha agarrado la helada, como dicen.<\/p>\n<p><strong>LG: \u00bfCu\u00e1l fue la etapa m\u00e1s dif\u00edcil de tu vida? <\/strong><\/p>\n<p>L: El haber dejado la televisi\u00f3n nacional cuando me fui (a Costa Rica), la pas\u00e9 mal, me cost\u00f3 mucho empezar de nuevo en un lugar extra\u00f1o, me frustr\u00e9, me deprim\u00ed mucho. De ser una persona tan activa, porque siempre me ha gustado trabajar y estar haciendo algo\u2026 me cost\u00f3 esa etapa en la que estuve sin hacer mucho.<\/p>\n<p><strong>LG: \u00bfY cu\u00e1l el mejor momento?<\/strong><\/p>\n<p>L: El d\u00eda a d\u00eda o mi familia, la verdad es que el d\u00eda a d\u00eda es el mejor momento.<\/p>\n<p><strong>LG: \u00bfUna frustraci\u00f3n?<\/strong><\/p>\n<p>L: Me hubiera gustado ser cantante y perfeccionar la voz. Admiro mucho a nuestros artistas bolivianos, ya que s\u00e9 que nuestro medio es muy dif\u00edcil para ellos.<\/p>\n<p><strong>LG: \u00bfUn sue\u00f1o realizado? <\/strong><\/p>\n<p>L: Estar en la televisi\u00f3n, definitivamente, siempre lo so\u00f1\u00e9,<\/p>\n<p><strong>LG: \u00bfQu\u00e9 haces cuando reniegas?<\/strong><\/p>\n<p>L: No hablo, no dirijo la palabra y cambio la cara, me muestro dur\u00edsima\u2026 en el canal todo el mundo sabe que estoy renegando, o sea, no reacciono, no me voy contra las personas, pero s\u00ed me callo y cambio la cara.<\/p>\n<p><strong>LG: \u00bfC\u00f3mo te gustar\u00eda que te recuerden?<\/strong><\/p>\n<p>L: Tal cual soy, que me recuerden como la persona que he sido toda mi vida, quisiera realmente que quede este recuerdo en las personas\u2026 para m\u00ed ha sido un aliciente muy grande volver a la televisi\u00f3n nacional despu\u00e9s de 6 a\u00f1os y que todav\u00eda la gente me recuerde, justamente por esos detalles.<\/p>\n<p><strong>LG: Si alguien no te cae, \u00bfse lo dices de frente?<\/strong><\/p>\n<p>L: No s\u00e9 si dec\u00edrselo de frente, pero mi actitud es muy cortante. Prefiero guardar distancias, me alejo de las personas de las que siento una mala vibra.<\/p>\n<p><strong>LG: Si tuvieras una varita m\u00e1gica, \u00bfqu\u00e9 har\u00edas en este momento?<\/strong><\/p>\n<p>L: Definitivamente cambiar\u00eda el chip de la cabeza de nuestra sociedad boliviana y la convertir\u00eda en una sociedad que proteja a los ni\u00f1os\u2026 ese es un gran mal que nos persigue y a m\u00ed en lo particular me atormenta, me duele demasiado ver cu\u00e1nto sufren nuestros ni\u00f1os.<\/p>\n<p><strong>LG: \u00bfUna pesadilla?<\/strong><\/p>\n<p>L: Quedarme sola, perder a mis hijas, es lo que m\u00e1s me perturba en los sue\u00f1os.<\/p>\n<p><strong>LG: \u00bfUna fantas\u00eda?<\/strong><\/p>\n<p>L: Viajar por el mundo todo el tiempo (sonr\u00ede).<\/p>\n<p><strong>LG: \u00bfQui\u00e9n es hoy Luciana Acosta?<\/strong><\/p>\n<p>L: Hoy es una mujer profesional y una madre muy feliz de poder mostrarles a mis hijas. Pienso que realmente las actitudes, el buen obrar y ser buenas personas en la profesi\u00f3n, te pueden llevar a dar grandes pasos en la vida.<\/p>\n<p><strong>LG: \u00bfQu\u00e9 te dio tu trabajo en la televisi\u00f3n? <\/strong><\/p>\n<p>L: Much\u00edsimas satisfacciones, muchos dolores, como te digo de coraz\u00f3n, muchas situaciones muy tristes, pero de las cuales he intentado sacar provecho.<\/p>\n<p><strong>LG: \u00bfQu\u00e9 destacas de la Red Uno?<\/strong><\/p>\n<p>L: Es una linda familia, la verdad es que es un ambiente laboral muy bonito. Yo siempre me perturbo cuando no encuentro un buen ambiente, sonrisas, buenas respuestas. Y definitivamente la Red Uno es un lugar donde he encontrado todo eso. Tenemos un ambiente laboral muy agradable, libertad en nuestro trabajo. Para envidia de muchos medios, a mi parecer y percepci\u00f3n, la Red Uno es un excelente lugar para trabajar y ser periodista.<\/p>\n<p><strong>LG: De no estar en las pantallas, \u00bfa qu\u00e9 te dedicar\u00edas? <\/strong><\/p>\n<p>L: Le hubiera metido nom\u00e1s de cantante y creo que s\u00ed me hubiera gustado, tambi\u00e9n el tema de la docencia, compartir en algo lo que he aprendido. La cocina definitivamente no.<\/p>\n<p><strong>LG: \u00bfQu\u00e9 representa para ti tu familia?<\/strong><\/p>\n<p>L: Todo y cuando hablo de familia no solamente hablo de mis hijas y mi esposo, sino de la familia grande que tengo, de mis padres, tengo una t\u00eda que es muy madre, unos hermanos bellos. Me siente bendecida\u2026 no podr\u00eda pedirle m\u00e1s a Dios en cuanto a la familia.<\/p>\n<p><strong>LG: \u00bfA qui\u00e9nes desear\u00edas abrazar en este momento?<\/strong><\/p>\n<p>L: Por la distancia y por no tenerlos cerca, a mis padres y a mis hermanos, a ellos s\u00ed los extra\u00f1o much\u00edsimo y a\u00f1oro mucho estar en ese seno que hace muchos a\u00f1os he dejado.<\/p>\n<div id='gallery-1' class='gallery galleryid-171681 gallery-columns-3 gallery-size-medium'><figure class='gallery-item'>\n\t\t\t<div class='gallery-icon landscape'>\n\t\t\t\t<a href='https:\/\/www.eldiario.net\/portal\/2023\/08\/18\/luciana-acosta-la-sencillez-y-la-humildad-me-han-abierto-muchisimas-puertas\/luciana-1-principal\/'><img loading=\"lazy\" decoding=\"async\" width=\"300\" height=\"150\" src=\"https:\/\/www.eldiario.net\/portal\/wp-content\/uploads\/2023\/08\/LUCIANA-1-PRINCIPAL-300x150.jpg\" class=\"attachment-medium size-medium\" alt=\"\" srcset=\"https:\/\/www.eldiario.net\/portal\/wp-content\/uploads\/2023\/08\/LUCIANA-1-PRINCIPAL-300x150.jpg 300w, https:\/\/www.eldiario.net\/portal\/wp-content\/uploads\/2023\/08\/LUCIANA-1-PRINCIPAL-768x384.jpg 768w, https:\/\/www.eldiario.net\/portal\/wp-content\/uploads\/2023\/08\/LUCIANA-1-PRINCIPAL-696x348.jpg 696w, https:\/\/www.eldiario.net\/portal\/wp-content\/uploads\/2023\/08\/LUCIANA-1-PRINCIPAL.jpg 1000w\" sizes=\"auto, (max-width: 300px) 100vw, 300px\" \/><\/a>\n\t\t\t<\/div><\/figure><figure class='gallery-item'>\n\t\t\t<div class='gallery-icon landscape'>\n\t\t\t\t<a href='https:\/\/www.eldiario.net\/portal\/2023\/08\/18\/luciana-acosta-la-sencillez-y-la-humildad-me-han-abierto-muchisimas-puertas\/luciana-2\/'><img loading=\"lazy\" decoding=\"async\" width=\"300\" height=\"150\" src=\"https:\/\/www.eldiario.net\/portal\/wp-content\/uploads\/2023\/08\/luciana-2-300x150.jpg\" class=\"attachment-medium size-medium\" alt=\"\" srcset=\"https:\/\/www.eldiario.net\/portal\/wp-content\/uploads\/2023\/08\/luciana-2-300x150.jpg 300w, https:\/\/www.eldiario.net\/portal\/wp-content\/uploads\/2023\/08\/luciana-2-768x384.jpg 768w, https:\/\/www.eldiario.net\/portal\/wp-content\/uploads\/2023\/08\/luciana-2-696x348.jpg 696w, https:\/\/www.eldiario.net\/portal\/wp-content\/uploads\/2023\/08\/luciana-2.jpg 1000w\" sizes=\"auto, (max-width: 300px) 100vw, 300px\" \/><\/a>\n\t\t\t<\/div><\/figure><figure class='gallery-item'>\n\t\t\t<div class='gallery-icon landscape'>\n\t\t\t\t<a href='https:\/\/www.eldiario.net\/portal\/2023\/08\/18\/luciana-acosta-la-sencillez-y-la-humildad-me-han-abierto-muchisimas-puertas\/luciana-3\/'><img loading=\"lazy\" decoding=\"async\" width=\"300\" height=\"150\" src=\"https:\/\/www.eldiario.net\/portal\/wp-content\/uploads\/2023\/08\/luciana-3-300x150.jpg\" class=\"attachment-medium size-medium\" alt=\"\" srcset=\"https:\/\/www.eldiario.net\/portal\/wp-content\/uploads\/2023\/08\/luciana-3-300x150.jpg 300w, https:\/\/www.eldiario.net\/portal\/wp-content\/uploads\/2023\/08\/luciana-3-768x385.jpg 768w, https:\/\/www.eldiario.net\/portal\/wp-content\/uploads\/2023\/08\/luciana-3-696x349.jpg 696w, https:\/\/www.eldiario.net\/portal\/wp-content\/uploads\/2023\/08\/luciana-3.jpg 1000w\" sizes=\"auto, (max-width: 300px) 100vw, 300px\" \/><\/a>\n\t\t\t<\/div><\/figure><figure class='gallery-item'>\n\t\t\t<div class='gallery-icon landscape'>\n\t\t\t\t<a href='https:\/\/www.eldiario.net\/portal\/2023\/08\/18\/luciana-acosta-la-sencillez-y-la-humildad-me-han-abierto-muchisimas-puertas\/luciana-4\/'><img loading=\"lazy\" decoding=\"async\" width=\"300\" height=\"150\" src=\"https:\/\/www.eldiario.net\/portal\/wp-content\/uploads\/2023\/08\/luciana-4-300x150.jpg\" class=\"attachment-medium size-medium\" alt=\"\" srcset=\"https:\/\/www.eldiario.net\/portal\/wp-content\/uploads\/2023\/08\/luciana-4-300x150.jpg 300w, https:\/\/www.eldiario.net\/portal\/wp-content\/uploads\/2023\/08\/luciana-4-768x384.jpg 768w, https:\/\/www.eldiario.net\/portal\/wp-content\/uploads\/2023\/08\/luciana-4-696x348.jpg 696w, https:\/\/www.eldiario.net\/portal\/wp-content\/uploads\/2023\/08\/luciana-4.jpg 1000w\" sizes=\"auto, (max-width: 300px) 100vw, 300px\" \/><\/a>\n\t\t\t<\/div><\/figure><figure class='gallery-item'>\n\t\t\t<div class='gallery-icon landscape'>\n\t\t\t\t<a href='https:\/\/www.eldiario.net\/portal\/2023\/08\/18\/luciana-acosta-la-sencillez-y-la-humildad-me-han-abierto-muchisimas-puertas\/luciana-5\/'><img loading=\"lazy\" decoding=\"async\" width=\"300\" height=\"150\" src=\"https:\/\/www.eldiario.net\/portal\/wp-content\/uploads\/2023\/08\/luciana-5-300x150.jpg\" class=\"attachment-medium size-medium\" alt=\"\" srcset=\"https:\/\/www.eldiario.net\/portal\/wp-content\/uploads\/2023\/08\/luciana-5-300x150.jpg 300w, https:\/\/www.eldiario.net\/portal\/wp-content\/uploads\/2023\/08\/luciana-5-768x384.jpg 768w, https:\/\/www.eldiario.net\/portal\/wp-content\/uploads\/2023\/08\/luciana-5-696x348.jpg 696w, https:\/\/www.eldiario.net\/portal\/wp-content\/uploads\/2023\/08\/luciana-5.jpg 1000w\" sizes=\"auto, (max-width: 300px) 100vw, 300px\" \/><\/a>\n\t\t\t<\/div><\/figure><figure class='gallery-item'>\n\t\t\t<div class='gallery-icon landscape'>\n\t\t\t\t<a href='https:\/\/www.eldiario.net\/portal\/2023\/08\/18\/luciana-acosta-la-sencillez-y-la-humildad-me-han-abierto-muchisimas-puertas\/luciana-6\/'><img loading=\"lazy\" decoding=\"async\" width=\"300\" height=\"150\" src=\"https:\/\/www.eldiario.net\/portal\/wp-content\/uploads\/2023\/08\/luciana-6-300x150.jpg\" class=\"attachment-medium size-medium\" alt=\"\" srcset=\"https:\/\/www.eldiario.net\/portal\/wp-content\/uploads\/2023\/08\/luciana-6-300x150.jpg 300w, https:\/\/www.eldiario.net\/portal\/wp-content\/uploads\/2023\/08\/luciana-6-768x384.jpg 768w, https:\/\/www.eldiario.net\/portal\/wp-content\/uploads\/2023\/08\/luciana-6-696x348.jpg 696w, https:\/\/www.eldiario.net\/portal\/wp-content\/uploads\/2023\/08\/luciana-6.jpg 1000w\" sizes=\"auto, (max-width: 300px) 100vw, 300px\" \/><\/a>\n\t\t\t<\/div><\/figure>\n\t\t<\/div>\n\n","protected":false},"excerpt":{"rendered":"<p>Nombre: Luciana Acosta Cabezas. Fecha y lugar de nacimiento: 16-12-1985, Tarija. Estudios: Soy licenciada en periodismo y en comunicaci\u00f3n de mercadeo. Estado civil: Casada. \u00bfA qu\u00e9 te dedicas hoy?: Presentadora de televisi\u00f3n (en la Red Uno) e influencer, si puede llamarse hoy como ocupaci\u00f3n (sonr\u00ede). &nbsp; LG: \u00bfQu\u00e9 es lo que el p\u00fablico no sabe [&hellip;]<\/p>\n","protected":false},"author":1,"featured_media":171682,"comment_status":"closed","ping_status":"open","sticky":false,"template":"","format":"standard","meta":{"_acf_changed":false,"footnotes":""},"categories":[41],"tags":[],"class_list":["post-171681","post","type-post","status-publish","format-standard","has-post-thumbnail","category-la-guia"],"acf":{"antetitulo":""},"yoast_head":"<!-- This site is optimized with the Yoast SEO plugin v28.4 - https:\/\/yoast.com\/product\/yoast-seo-wordpress\/ -->\n<title>LUCIANA ACOSTA \u201cLa sencillez y la humildad me han abierto much\u00edsimas puertas\u201d - El Diario - Bolivia<\/title>\n<meta name=\"robots\" content=\"index, follow, max-snippet:-1, max-image-preview:large, max-video-preview:-1\" \/>\n<link rel=\"canonical\" href=\"https:\/\/www.eldiario.net\/portal\/2023\/08\/18\/luciana-acosta-la-sencillez-y-la-humildad-me-han-abierto-muchisimas-puertas\/\" \/>\n<meta property=\"og:locale\" content=\"es_ES\" \/>\n<meta property=\"og:type\" content=\"article\" \/>\n<meta property=\"og:title\" content=\"LUCIANA ACOSTA \u201cLa sencillez y la humildad me han abierto much\u00edsimas puertas\u201d - El Diario - Bolivia\" \/>\n<meta property=\"og:description\" content=\"Nombre: Luciana Acosta Cabezas. Fecha y lugar de nacimiento: 16-12-1985, Tarija. Estudios: Soy licenciada en periodismo y en comunicaci\u00f3n de mercadeo. Estado civil: Casada. \u00bfA qu\u00e9 te dedicas hoy?: Presentadora de televisi\u00f3n (en la Red Uno) e influencer, si puede llamarse hoy como ocupaci\u00f3n (sonr\u00ede). &nbsp; LG: \u00bfQu\u00e9 es lo que el p\u00fablico no sabe [&hellip;]\" \/>\n<meta property=\"og:url\" content=\"https:\/\/www.eldiario.net\/portal\/2023\/08\/18\/luciana-acosta-la-sencillez-y-la-humildad-me-han-abierto-muchisimas-puertas\/\" \/>\n<meta property=\"og:site_name\" content=\"El Diario - Bolivia\" \/>\n<meta property=\"article:publisher\" content=\"https:\/\/www.facebook.com\/eldiario.bolivia\/\" \/>\n<meta property=\"article:published_time\" content=\"2023-08-18T10:28:09+00:00\" \/>\n<meta property=\"og:image\" content=\"https:\/\/www.eldiario.net\/portal\/wp-content\/uploads\/2023\/08\/LUCIANA-1-PRINCIPAL.jpg\" \/>\n\t<meta property=\"og:image:width\" content=\"1000\" \/>\n\t<meta property=\"og:image:height\" content=\"500\" \/>\n\t<meta property=\"og:image:type\" content=\"image\/jpeg\" \/>\n<meta name=\"author\" content=\"Jeanette\" \/>\n<meta name=\"twitter:card\" content=\"summary_large_image\" \/>\n<meta name=\"twitter:creator\" content=\"@eldiario_net\" \/>\n<meta name=\"twitter:site\" content=\"@eldiario_net\" \/>\n<meta name=\"twitter:label1\" content=\"Escrito por\" \/>\n\t<meta name=\"twitter:data1\" content=\"Jeanette\" \/>\n\t<meta name=\"twitter:label2\" content=\"Tiempo de lectura\" \/>\n\t<meta name=\"twitter:data2\" content=\"6 minutos\" \/>\n<script type=\"application\/ld+json\" class=\"yoast-schema-graph\">{\"@context\":\"https:\\\/\\\/schema.org\",\"@graph\":[{\"@type\":\"Article\",\"@id\":\"https:\\\/\\\/www.eldiario.net\\\/portal\\\/2023\\\/08\\\/18\\\/luciana-acosta-la-sencillez-y-la-humildad-me-han-abierto-muchisimas-puertas\\\/#article\",\"isPartOf\":{\"@id\":\"https:\\\/\\\/www.eldiario.net\\\/portal\\\/2023\\\/08\\\/18\\\/luciana-acosta-la-sencillez-y-la-humildad-me-han-abierto-muchisimas-puertas\\\/\"},\"author\":{\"name\":\"Jeanette\",\"@id\":\"https:\\\/\\\/www.eldiario.net\\\/portal\\\/#\\\/schema\\\/person\\\/2c57cf2b7a7ae032e449e4c9b1019eac\"},\"headline\":\"LUCIANA ACOSTA \u201cLa sencillez y la humildad me han abierto much\u00edsimas puertas\u201d\",\"datePublished\":\"2023-08-18T10:28:09+00:00\",\"mainEntityOfPage\":{\"@id\":\"https:\\\/\\\/www.eldiario.net\\\/portal\\\/2023\\\/08\\\/18\\\/luciana-acosta-la-sencillez-y-la-humildad-me-han-abierto-muchisimas-puertas\\\/\"},\"wordCount\":1306,\"publisher\":{\"@id\":\"https:\\\/\\\/www.eldiario.net\\\/portal\\\/#organization\"},\"image\":{\"@id\":\"https:\\\/\\\/www.eldiario.net\\\/portal\\\/2023\\\/08\\\/18\\\/luciana-acosta-la-sencillez-y-la-humildad-me-han-abierto-muchisimas-puertas\\\/#primaryimage\"},\"thumbnailUrl\":\"https:\\\/\\\/www.eldiario.net\\\/portal\\\/wp-content\\\/uploads\\\/2023\\\/08\\\/LUCIANA-1-PRINCIPAL.jpg\",\"articleSection\":[\"La Gu\u00eda\"],\"inLanguage\":\"es\"},{\"@type\":\"WebPage\",\"@id\":\"https:\\\/\\\/www.eldiario.net\\\/portal\\\/2023\\\/08\\\/18\\\/luciana-acosta-la-sencillez-y-la-humildad-me-han-abierto-muchisimas-puertas\\\/\",\"url\":\"https:\\\/\\\/www.eldiario.net\\\/portal\\\/2023\\\/08\\\/18\\\/luciana-acosta-la-sencillez-y-la-humildad-me-han-abierto-muchisimas-puertas\\\/\",\"name\":\"LUCIANA ACOSTA \u201cLa sencillez y la humildad me han abierto much\u00edsimas puertas\u201d - El Diario - Bolivia\",\"isPartOf\":{\"@id\":\"https:\\\/\\\/www.eldiario.net\\\/portal\\\/#website\"},\"primaryImageOfPage\":{\"@id\":\"https:\\\/\\\/www.eldiario.net\\\/portal\\\/2023\\\/08\\\/18\\\/luciana-acosta-la-sencillez-y-la-humildad-me-han-abierto-muchisimas-puertas\\\/#primaryimage\"},\"image\":{\"@id\":\"https:\\\/\\\/www.eldiario.net\\\/portal\\\/2023\\\/08\\\/18\\\/luciana-acosta-la-sencillez-y-la-humildad-me-han-abierto-muchisimas-puertas\\\/#primaryimage\"},\"thumbnailUrl\":\"https:\\\/\\\/www.eldiario.net\\\/portal\\\/wp-content\\\/uploads\\\/2023\\\/08\\\/LUCIANA-1-PRINCIPAL.jpg\",\"datePublished\":\"2023-08-18T10:28:09+00:00\",\"breadcrumb\":{\"@id\":\"https:\\\/\\\/www.eldiario.net\\\/portal\\\/2023\\\/08\\\/18\\\/luciana-acosta-la-sencillez-y-la-humildad-me-han-abierto-muchisimas-puertas\\\/#breadcrumb\"},\"inLanguage\":\"es\",\"potentialAction\":[{\"@type\":\"ReadAction\",\"target\":[\"https:\\\/\\\/www.eldiario.net\\\/portal\\\/2023\\\/08\\\/18\\\/luciana-acosta-la-sencillez-y-la-humildad-me-han-abierto-muchisimas-puertas\\\/\"]}]},{\"@type\":\"ImageObject\",\"inLanguage\":\"es\",\"@id\":\"https:\\\/\\\/www.eldiario.net\\\/portal\\\/2023\\\/08\\\/18\\\/luciana-acosta-la-sencillez-y-la-humildad-me-han-abierto-muchisimas-puertas\\\/#primaryimage\",\"url\":\"https:\\\/\\\/www.eldiario.net\\\/portal\\\/wp-content\\\/uploads\\\/2023\\\/08\\\/LUCIANA-1-PRINCIPAL.jpg\",\"contentUrl\":\"https:\\\/\\\/www.eldiario.net\\\/portal\\\/wp-content\\\/uploads\\\/2023\\\/08\\\/LUCIANA-1-PRINCIPAL.jpg\",\"width\":1000,\"height\":500},{\"@type\":\"BreadcrumbList\",\"@id\":\"https:\\\/\\\/www.eldiario.net\\\/portal\\\/2023\\\/08\\\/18\\\/luciana-acosta-la-sencillez-y-la-humildad-me-han-abierto-muchisimas-puertas\\\/#breadcrumb\",\"itemListElement\":[{\"@type\":\"ListItem\",\"position\":1,\"name\":\"Portada\",\"item\":\"https:\\\/\\\/www.eldiario.net\\\/portal\\\/\"},{\"@type\":\"ListItem\",\"position\":2,\"name\":\"LUCIANA ACOSTA \u201cLa sencillez y la humildad me han abierto much\u00edsimas puertas\u201d\"}]},{\"@type\":\"WebSite\",\"@id\":\"https:\\\/\\\/www.eldiario.net\\\/portal\\\/#website\",\"url\":\"https:\\\/\\\/www.eldiario.net\\\/portal\\\/\",\"name\":\"El Diario - Decano de la prensa nacional\",\"description\":\"El Diario - Decano de la prensa nacional\",\"publisher\":{\"@id\":\"https:\\\/\\\/www.eldiario.net\\\/portal\\\/#organization\"},\"potentialAction\":[{\"@type\":\"SearchAction\",\"target\":{\"@type\":\"EntryPoint\",\"urlTemplate\":\"https:\\\/\\\/www.eldiario.net\\\/portal\\\/?s={search_term_string}\"},\"query-input\":{\"@type\":\"PropertyValueSpecification\",\"valueRequired\":true,\"valueName\":\"search_term_string\"}}],\"inLanguage\":\"es\"},{\"@type\":\"Organization\",\"@id\":\"https:\\\/\\\/www.eldiario.net\\\/portal\\\/#organization\",\"name\":\"El Diario - Decano de la prensa nacional\",\"url\":\"https:\\\/\\\/www.eldiario.net\\\/portal\\\/\",\"logo\":{\"@type\":\"ImageObject\",\"inLanguage\":\"es\",\"@id\":\"https:\\\/\\\/www.eldiario.net\\\/portal\\\/#\\\/schema\\\/logo\\\/image\\\/\",\"url\":\"https:\\\/\\\/www.eldiario.net\\\/portal\\\/wp-content\\\/uploads\\\/2023\\\/07\\\/logo_ED.jpg\",\"contentUrl\":\"https:\\\/\\\/www.eldiario.net\\\/portal\\\/wp-content\\\/uploads\\\/2023\\\/07\\\/logo_ED.jpg\",\"width\":272,\"height\":52,\"caption\":\"El Diario - Decano de la prensa nacional\"},\"image\":{\"@id\":\"https:\\\/\\\/www.eldiario.net\\\/portal\\\/#\\\/schema\\\/logo\\\/image\\\/\"},\"sameAs\":[\"https:\\\/\\\/www.facebook.com\\\/eldiario.bolivia\\\/\",\"https:\\\/\\\/x.com\\\/eldiario_net\"]},{\"@type\":\"Person\",\"@id\":\"https:\\\/\\\/www.eldiario.net\\\/portal\\\/#\\\/schema\\\/person\\\/2c57cf2b7a7ae032e449e4c9b1019eac\",\"name\":\"Jeanette\",\"image\":{\"@type\":\"ImageObject\",\"inLanguage\":\"es\",\"@id\":\"https:\\\/\\\/secure.gravatar.com\\\/avatar\\\/3ea2118a5f7dad2b7138b1187a6b7ee55f160b9968b66013c3a3ef39dd7e5798?s=96&d=mm&r=g\",\"url\":\"https:\\\/\\\/secure.gravatar.com\\\/avatar\\\/3ea2118a5f7dad2b7138b1187a6b7ee55f160b9968b66013c3a3ef39dd7e5798?s=96&d=mm&r=g\",\"contentUrl\":\"https:\\\/\\\/secure.gravatar.com\\\/avatar\\\/3ea2118a5f7dad2b7138b1187a6b7ee55f160b9968b66013c3a3ef39dd7e5798?s=96&d=mm&r=g\",\"caption\":\"Jeanette\"},\"sameAs\":[\"https:\\\/\\\/www.eldiario.net\\\/portal\"],\"url\":\"https:\\\/\\\/www.eldiario.net\\\/portal\\\/author\\\/jeanette\\\/\"}]}<\/script>\n<!-- \/ Yoast SEO plugin. -->","yoast_head_json":{"title":"LUCIANA ACOSTA \u201cLa sencillez y la humildad me han abierto much\u00edsimas puertas\u201d - El Diario - Bolivia","robots":{"index":"index","follow":"follow","max-snippet":"max-snippet:-1","max-image-preview":"max-image-preview:large","max-video-preview":"max-video-preview:-1"},"canonical":"https:\/\/www.eldiario.net\/portal\/2023\/08\/18\/luciana-acosta-la-sencillez-y-la-humildad-me-han-abierto-muchisimas-puertas\/","og_locale":"es_ES","og_type":"article","og_title":"LUCIANA ACOSTA \u201cLa sencillez y la humildad me han abierto much\u00edsimas puertas\u201d - El Diario - Bolivia","og_description":"Nombre: Luciana Acosta Cabezas. Fecha y lugar de nacimiento: 16-12-1985, Tarija. Estudios: Soy licenciada en periodismo y en comunicaci\u00f3n de mercadeo. Estado civil: Casada. \u00bfA qu\u00e9 te dedicas hoy?: Presentadora de televisi\u00f3n (en la Red Uno) e influencer, si puede llamarse hoy como ocupaci\u00f3n (sonr\u00ede). &nbsp; LG: \u00bfQu\u00e9 es lo que el p\u00fablico no sabe [&hellip;]","og_url":"https:\/\/www.eldiario.net\/portal\/2023\/08\/18\/luciana-acosta-la-sencillez-y-la-humildad-me-han-abierto-muchisimas-puertas\/","og_site_name":"El Diario - Bolivia","article_publisher":"https:\/\/www.facebook.com\/eldiario.bolivia\/","article_published_time":"2023-08-18T10:28:09+00:00","og_image":[{"width":1000,"height":500,"url":"https:\/\/www.eldiario.net\/portal\/wp-content\/uploads\/2023\/08\/LUCIANA-1-PRINCIPAL.jpg","type":"image\/jpeg"}],"author":"Jeanette","twitter_card":"summary_large_image","twitter_creator":"@eldiario_net","twitter_site":"@eldiario_net","twitter_misc":{"Escrito por":"Jeanette","Tiempo de lectura":"6 minutos"},"schema":{"@context":"https:\/\/schema.org","@graph":[{"@type":"Article","@id":"https:\/\/www.eldiario.net\/portal\/2023\/08\/18\/luciana-acosta-la-sencillez-y-la-humildad-me-han-abierto-muchisimas-puertas\/#article","isPartOf":{"@id":"https:\/\/www.eldiario.net\/portal\/2023\/08\/18\/luciana-acosta-la-sencillez-y-la-humildad-me-han-abierto-muchisimas-puertas\/"},"author":{"name":"Jeanette","@id":"https:\/\/www.eldiario.net\/portal\/#\/schema\/person\/2c57cf2b7a7ae032e449e4c9b1019eac"},"headline":"LUCIANA ACOSTA \u201cLa sencillez y la humildad me han abierto much\u00edsimas puertas\u201d","datePublished":"2023-08-18T10:28:09+00:00","mainEntityOfPage":{"@id":"https:\/\/www.eldiario.net\/portal\/2023\/08\/18\/luciana-acosta-la-sencillez-y-la-humildad-me-han-abierto-muchisimas-puertas\/"},"wordCount":1306,"publisher":{"@id":"https:\/\/www.eldiario.net\/portal\/#organization"},"image":{"@id":"https:\/\/www.eldiario.net\/portal\/2023\/08\/18\/luciana-acosta-la-sencillez-y-la-humildad-me-han-abierto-muchisimas-puertas\/#primaryimage"},"thumbnailUrl":"https:\/\/www.eldiario.net\/portal\/wp-content\/uploads\/2023\/08\/LUCIANA-1-PRINCIPAL.jpg","articleSection":["La Gu\u00eda"],"inLanguage":"es"},{"@type":"WebPage","@id":"https:\/\/www.eldiario.net\/portal\/2023\/08\/18\/luciana-acosta-la-sencillez-y-la-humildad-me-han-abierto-muchisimas-puertas\/","url":"https:\/\/www.eldiario.net\/portal\/2023\/08\/18\/luciana-acosta-la-sencillez-y-la-humildad-me-han-abierto-muchisimas-puertas\/","name":"LUCIANA ACOSTA \u201cLa sencillez y la humildad me han abierto much\u00edsimas puertas\u201d - El Diario - Bolivia","isPartOf":{"@id":"https:\/\/www.eldiario.net\/portal\/#website"},"primaryImageOfPage":{"@id":"https:\/\/www.eldiario.net\/portal\/2023\/08\/18\/luciana-acosta-la-sencillez-y-la-humildad-me-han-abierto-muchisimas-puertas\/#primaryimage"},"image":{"@id":"https:\/\/www.eldiario.net\/portal\/2023\/08\/18\/luciana-acosta-la-sencillez-y-la-humildad-me-han-abierto-muchisimas-puertas\/#primaryimage"},"thumbnailUrl":"https:\/\/www.eldiario.net\/portal\/wp-content\/uploads\/2023\/08\/LUCIANA-1-PRINCIPAL.jpg","datePublished":"2023-08-18T10:28:09+00:00","breadcrumb":{"@id":"https:\/\/www.eldiario.net\/portal\/2023\/08\/18\/luciana-acosta-la-sencillez-y-la-humildad-me-han-abierto-muchisimas-puertas\/#breadcrumb"},"inLanguage":"es","potentialAction":[{"@type":"ReadAction","target":["https:\/\/www.eldiario.net\/portal\/2023\/08\/18\/luciana-acosta-la-sencillez-y-la-humildad-me-han-abierto-muchisimas-puertas\/"]}]},{"@type":"ImageObject","inLanguage":"es","@id":"https:\/\/www.eldiario.net\/portal\/2023\/08\/18\/luciana-acosta-la-sencillez-y-la-humildad-me-han-abierto-muchisimas-puertas\/#primaryimage","url":"https:\/\/www.eldiario.net\/portal\/wp-content\/uploads\/2023\/08\/LUCIANA-1-PRINCIPAL.jpg","contentUrl":"https:\/\/www.eldiario.net\/portal\/wp-content\/uploads\/2023\/08\/LUCIANA-1-PRINCIPAL.jpg","width":1000,"height":500},{"@type":"BreadcrumbList","@id":"https:\/\/www.eldiario.net\/portal\/2023\/08\/18\/luciana-acosta-la-sencillez-y-la-humildad-me-han-abierto-muchisimas-puertas\/#breadcrumb","itemListElement":[{"@type":"ListItem","position":1,"name":"Portada","item":"https:\/\/www.eldiario.net\/portal\/"},{"@type":"ListItem","position":2,"name":"LUCIANA ACOSTA \u201cLa sencillez y la humildad me han abierto much\u00edsimas puertas\u201d"}]},{"@type":"WebSite","@id":"https:\/\/www.eldiario.net\/portal\/#website","url":"https:\/\/www.eldiario.net\/portal\/","name":"El Diario - Decano de la prensa nacional","description":"El Diario - Decano de la prensa nacional","publisher":{"@id":"https:\/\/www.eldiario.net\/portal\/#organization"},"potentialAction":[{"@type":"SearchAction","target":{"@type":"EntryPoint","urlTemplate":"https:\/\/www.eldiario.net\/portal\/?s={search_term_string}"},"query-input":{"@type":"PropertyValueSpecification","valueRequired":true,"valueName":"search_term_string"}}],"inLanguage":"es"},{"@type":"Organization","@id":"https:\/\/www.eldiario.net\/portal\/#organization","name":"El Diario - Decano de la prensa nacional","url":"https:\/\/www.eldiario.net\/portal\/","logo":{"@type":"ImageObject","inLanguage":"es","@id":"https:\/\/www.eldiario.net\/portal\/#\/schema\/logo\/image\/","url":"https:\/\/www.eldiario.net\/portal\/wp-content\/uploads\/2023\/07\/logo_ED.jpg","contentUrl":"https:\/\/www.eldiario.net\/portal\/wp-content\/uploads\/2023\/07\/logo_ED.jpg","width":272,"height":52,"caption":"El Diario - Decano de la prensa nacional"},"image":{"@id":"https:\/\/www.eldiario.net\/portal\/#\/schema\/logo\/image\/"},"sameAs":["https:\/\/www.facebook.com\/eldiario.bolivia\/","https:\/\/x.com\/eldiario_net"]},{"@type":"Person","@id":"https:\/\/www.eldiario.net\/portal\/#\/schema\/person\/2c57cf2b7a7ae032e449e4c9b1019eac","name":"Jeanette","image":{"@type":"ImageObject","inLanguage":"es","@id":"https:\/\/secure.gravatar.com\/avatar\/3ea2118a5f7dad2b7138b1187a6b7ee55f160b9968b66013c3a3ef39dd7e5798?s=96&d=mm&r=g","url":"https:\/\/secure.gravatar.com\/avatar\/3ea2118a5f7dad2b7138b1187a6b7ee55f160b9968b66013c3a3ef39dd7e5798?s=96&d=mm&r=g","contentUrl":"https:\/\/secure.gravatar.com\/avatar\/3ea2118a5f7dad2b7138b1187a6b7ee55f160b9968b66013c3a3ef39dd7e5798?s=96&d=mm&r=g","caption":"Jeanette"},"sameAs":["https:\/\/www.eldiario.net\/portal"],"url":"https:\/\/www.eldiario.net\/portal\/author\/jeanette\/"}]}},"_links":{"self":[{"href":"https:\/\/www.eldiario.net\/portal\/wp-json\/wp\/v2\/posts\/171681","targetHints":{"allow":["GET"]}}],"collection":[{"href":"https:\/\/www.eldiario.net\/portal\/wp-json\/wp\/v2\/posts"}],"about":[{"href":"https:\/\/www.eldiario.net\/portal\/wp-json\/wp\/v2\/types\/post"}],"author":[{"embeddable":true,"href":"https:\/\/www.eldiario.net\/portal\/wp-json\/wp\/v2\/users\/1"}],"replies":[{"embeddable":true,"href":"https:\/\/www.eldiario.net\/portal\/wp-json\/wp\/v2\/comments?post=171681"}],"version-history":[{"count":0,"href":"https:\/\/www.eldiario.net\/portal\/wp-json\/wp\/v2\/posts\/171681\/revisions"}],"wp:featuredmedia":[{"embeddable":true,"href":"https:\/\/www.eldiario.net\/portal\/wp-json\/wp\/v2\/media\/171682"}],"wp:attachment":[{"href":"https:\/\/www.eldiario.net\/portal\/wp-json\/wp\/v2\/media?parent=171681"}],"wp:term":[{"taxonomy":"category","embeddable":true,"href":"https:\/\/www.eldiario.net\/portal\/wp-json\/wp\/v2\/categories?post=171681"},{"taxonomy":"post_tag","embeddable":true,"href":"https:\/\/www.eldiario.net\/portal\/wp-json\/wp\/v2\/tags?post=171681"}],"curies":[{"name":"wp","href":"https:\/\/api.w.org\/{rel}","templated":true}]}}