{"id":171069,"date":"2023-08-15T06:40:15","date_gmt":"2023-08-15T10:40:15","guid":{"rendered":"https:\/\/www.eldiario.net\/portal\/?p=171069"},"modified":"2023-08-15T06:40:15","modified_gmt":"2023-08-15T10:40:15","slug":"implicaciones-de-posibles-negocios-armamentistas","status":"publish","type":"post","link":"https:\/\/www.eldiario.net\/portal\/2023\/08\/15\/implicaciones-de-posibles-negocios-armamentistas\/","title":{"rendered":"Implicaciones de posibles negocios armamentistas"},"content":{"rendered":"<p><em>Como no pod\u00eda ser de otro modo, en todo tiempo se trata de involucrar en posibles negocios de armas a naciones ajenas a los conflictos b\u00e9licos que se desarrollan en varios lugares del mundo.\u00a0 Nuestro pa\u00eds por principio es renuente a tratar con naciones que negocian sobre armas y menos desea contraer compromisos que impliquen quebrar normas de paz y concordia.<\/em><\/p>\n<p><em>En ese sentido, la presencia de comerciantes o agentes de diversa procedencia seguramente tiene que ver con tratos escabrosos, como el negocio armamentista. Sin embargo, se debe descartar cualquier versi\u00f3n sobre temas que pretendan involucrarnos con lo que est\u00e1 muy lejos de ocurrir en cuesti\u00f3n de armamentos. Dar p\u00e1bulo a comentarios o criterios ajenos a la verdad, no tendr\u00edan otra raz\u00f3n que incluirnos en cuestiones muy ajenas a nuestra condici\u00f3n pacifista.<\/em><\/p>\n<p><em>Lamentablemente, no se puede negar que existen pa\u00edses dispuestos a ingresar en guerra o participar directa o indirectamente en cualquiera que se produzca en estos tiempos. Por ello todo intento por hacernos parte de problemas ajenos deber\u00eda ser rechazado, aunque los gobiernos de turno tengan afinidad ideol\u00f3gica con los que buscan apoyo para sus intereses guerristas.<\/em><\/p>\n<p><em>Al respecto, cabe recordar que hace muchos a\u00f1os nuestro pa\u00eds fue implicado en un negociado de armas y para ello hubo entregas de grandes cantidades de minerales, vendidos a f\u00e1bricas de armas, que las vendieron con precios exorbitantes, por la situaci\u00f3n de convulsi\u00f3n del momento.\u00a0 Como resultado, Bolivia y otros pa\u00edses ganaron mucho dinero con la venta de materia prima para la elaboraci\u00f3n de tanquetas, tanques y carros de asalto. Entonces intervino Naciones Unidas para hacer que se llame la atenci\u00f3n a pa\u00edses vendedores de armas, porque se considera que un pa\u00eds pacifista no debe intervenir en confrontaciones entre naciones.<\/em><\/p>\n<p><em>En consecuencia, corresponde tener cuidado con el relacionamiento con pa\u00edses fan\u00e1ticos por resolver con las armas sus diferencias territoriales, ideol\u00f3gicas o hegem\u00f3nicas. Peor si esos pa\u00edses est\u00e1n cuestionados por la mayor\u00eda de naciones del planeta que propugna el sistema democr\u00e1tico para vivir. En cuanto a la existencia de conflictos b\u00e9licos en este Siglo XXI, queda la esperanza de que sus propiciadores tomen conciencia de que el mundo necesita paz y unidad para enfrentar graves problemas econ\u00f3micos y sociales que impiden lograr bienestar para la mayor parte de la humanidad.<\/em><\/p>\n<p>&nbsp;<\/p>\n","protected":false},"excerpt":{"rendered":"<p>Como no pod\u00eda ser de otro modo, en todo tiempo se trata de involucrar en posibles negocios de armas a naciones ajenas a los conflictos b\u00e9licos que se desarrollan en varios lugares del mundo.\u00a0 Nuestro pa\u00eds por principio es renuente a tratar con naciones que negocian sobre armas y menos desea contraer compromisos que impliquen [&hellip;]<\/p>\n","protected":false},"author":1,"featured_media":0,"comment_status":"closed","ping_status":"open","sticky":false,"template":"","format":"standard","meta":{"_acf_changed":false,"footnotes":""},"categories":[4],"tags":[],"class_list":["post-171069","post","type-post","status-publish","format-standard","category-editorial"],"acf":{"antetitulo":""},"yoast_head":"<!-- This site is optimized with the Yoast SEO plugin v28.3 - https:\/\/yoast.com\/product\/yoast-seo-wordpress\/ -->\n<title>Implicaciones de posibles negocios armamentistas - El Diario - Bolivia<\/title>\n<meta name=\"robots\" content=\"index, follow, max-snippet:-1, max-image-preview:large, max-video-preview:-1\" \/>\n<link rel=\"canonical\" href=\"https:\/\/www.eldiario.net\/portal\/2023\/08\/15\/implicaciones-de-posibles-negocios-armamentistas\/\" \/>\n<meta property=\"og:locale\" content=\"es_ES\" \/>\n<meta property=\"og:type\" content=\"article\" \/>\n<meta property=\"og:title\" content=\"Implicaciones de posibles negocios armamentistas - El Diario - Bolivia\" \/>\n<meta property=\"og:description\" content=\"Como no pod\u00eda ser de otro modo, en todo tiempo se trata de involucrar en posibles negocios de armas a naciones ajenas a los conflictos b\u00e9licos que se desarrollan en varios lugares del mundo.\u00a0 Nuestro pa\u00eds por principio es renuente a tratar con naciones que negocian sobre armas y menos desea contraer compromisos que impliquen [&hellip;]\" \/>\n<meta property=\"og:url\" content=\"https:\/\/www.eldiario.net\/portal\/2023\/08\/15\/implicaciones-de-posibles-negocios-armamentistas\/\" \/>\n<meta property=\"og:site_name\" content=\"El Diario - Bolivia\" \/>\n<meta property=\"article:publisher\" content=\"https:\/\/www.facebook.com\/eldiario.bolivia\/\" \/>\n<meta property=\"article:published_time\" content=\"2023-08-15T10:40:15+00:00\" \/>\n<meta name=\"author\" content=\"Jeanette\" \/>\n<meta name=\"twitter:card\" content=\"summary_large_image\" \/>\n<meta name=\"twitter:creator\" content=\"@eldiario_net\" \/>\n<meta name=\"twitter:site\" content=\"@eldiario_net\" \/>\n<meta name=\"twitter:label1\" content=\"Escrito por\" \/>\n\t<meta name=\"twitter:data1\" content=\"Jeanette\" \/>\n\t<meta name=\"twitter:label2\" content=\"Tiempo de lectura\" \/>\n\t<meta name=\"twitter:data2\" content=\"2 minutos\" \/>\n<script type=\"application\/ld+json\" class=\"yoast-schema-graph\">{\"@context\":\"https:\\\/\\\/schema.org\",\"@graph\":[{\"@type\":\"Article\",\"@id\":\"https:\\\/\\\/www.eldiario.net\\\/portal\\\/2023\\\/08\\\/15\\\/implicaciones-de-posibles-negocios-armamentistas\\\/#article\",\"isPartOf\":{\"@id\":\"https:\\\/\\\/www.eldiario.net\\\/portal\\\/2023\\\/08\\\/15\\\/implicaciones-de-posibles-negocios-armamentistas\\\/\"},\"author\":{\"name\":\"Jeanette\",\"@id\":\"https:\\\/\\\/www.eldiario.net\\\/portal\\\/#\\\/schema\\\/person\\\/f46445640444750d7d753ccd04ae01b7\"},\"headline\":\"Implicaciones de posibles negocios armamentistas\",\"datePublished\":\"2023-08-15T10:40:15+00:00\",\"mainEntityOfPage\":{\"@id\":\"https:\\\/\\\/www.eldiario.net\\\/portal\\\/2023\\\/08\\\/15\\\/implicaciones-de-posibles-negocios-armamentistas\\\/\"},\"wordCount\":415,\"publisher\":{\"@id\":\"https:\\\/\\\/www.eldiario.net\\\/portal\\\/#organization\"},\"articleSection\":[\"Editorial\"],\"inLanguage\":\"es\"},{\"@type\":\"WebPage\",\"@id\":\"https:\\\/\\\/www.eldiario.net\\\/portal\\\/2023\\\/08\\\/15\\\/implicaciones-de-posibles-negocios-armamentistas\\\/\",\"url\":\"https:\\\/\\\/www.eldiario.net\\\/portal\\\/2023\\\/08\\\/15\\\/implicaciones-de-posibles-negocios-armamentistas\\\/\",\"name\":\"Implicaciones de posibles negocios armamentistas - El Diario - Bolivia\",\"isPartOf\":{\"@id\":\"https:\\\/\\\/www.eldiario.net\\\/portal\\\/#website\"},\"datePublished\":\"2023-08-15T10:40:15+00:00\",\"breadcrumb\":{\"@id\":\"https:\\\/\\\/www.eldiario.net\\\/portal\\\/2023\\\/08\\\/15\\\/implicaciones-de-posibles-negocios-armamentistas\\\/#breadcrumb\"},\"inLanguage\":\"es\",\"potentialAction\":[{\"@type\":\"ReadAction\",\"target\":[\"https:\\\/\\\/www.eldiario.net\\\/portal\\\/2023\\\/08\\\/15\\\/implicaciones-de-posibles-negocios-armamentistas\\\/\"]}]},{\"@type\":\"BreadcrumbList\",\"@id\":\"https:\\\/\\\/www.eldiario.net\\\/portal\\\/2023\\\/08\\\/15\\\/implicaciones-de-posibles-negocios-armamentistas\\\/#breadcrumb\",\"itemListElement\":[{\"@type\":\"ListItem\",\"position\":1,\"name\":\"Portada\",\"item\":\"https:\\\/\\\/www.eldiario.net\\\/portal\\\/\"},{\"@type\":\"ListItem\",\"position\":2,\"name\":\"Implicaciones de posibles negocios armamentistas\"}]},{\"@type\":\"WebSite\",\"@id\":\"https:\\\/\\\/www.eldiario.net\\\/portal\\\/#website\",\"url\":\"https:\\\/\\\/www.eldiario.net\\\/portal\\\/\",\"name\":\"El Diario - Decano de la prensa nacional\",\"description\":\"El Diario - Decano de la prensa nacional\",\"publisher\":{\"@id\":\"https:\\\/\\\/www.eldiario.net\\\/portal\\\/#organization\"},\"potentialAction\":[{\"@type\":\"SearchAction\",\"target\":{\"@type\":\"EntryPoint\",\"urlTemplate\":\"https:\\\/\\\/www.eldiario.net\\\/portal\\\/?s={search_term_string}\"},\"query-input\":{\"@type\":\"PropertyValueSpecification\",\"valueRequired\":true,\"valueName\":\"search_term_string\"}}],\"inLanguage\":\"es\"},{\"@type\":\"Organization\",\"@id\":\"https:\\\/\\\/www.eldiario.net\\\/portal\\\/#organization\",\"name\":\"El Diario - Decano de la prensa nacional\",\"url\":\"https:\\\/\\\/www.eldiario.net\\\/portal\\\/\",\"logo\":{\"@type\":\"ImageObject\",\"inLanguage\":\"es\",\"@id\":\"https:\\\/\\\/www.eldiario.net\\\/portal\\\/#\\\/schema\\\/logo\\\/image\\\/\",\"url\":\"https:\\\/\\\/www.eldiario.net\\\/portal\\\/wp-content\\\/uploads\\\/2023\\\/07\\\/logo_ED.jpg\",\"contentUrl\":\"https:\\\/\\\/www.eldiario.net\\\/portal\\\/wp-content\\\/uploads\\\/2023\\\/07\\\/logo_ED.jpg\",\"width\":272,\"height\":52,\"caption\":\"El Diario - Decano de la prensa nacional\"},\"image\":{\"@id\":\"https:\\\/\\\/www.eldiario.net\\\/portal\\\/#\\\/schema\\\/logo\\\/image\\\/\"},\"sameAs\":[\"https:\\\/\\\/www.facebook.com\\\/eldiario.bolivia\\\/\",\"https:\\\/\\\/x.com\\\/eldiario_net\"]},{\"@type\":\"Person\",\"@id\":\"https:\\\/\\\/www.eldiario.net\\\/portal\\\/#\\\/schema\\\/person\\\/f46445640444750d7d753ccd04ae01b7\",\"name\":\"Jeanette\",\"image\":{\"@type\":\"ImageObject\",\"inLanguage\":\"es\",\"@id\":\"https:\\\/\\\/secure.gravatar.com\\\/avatar\\\/3ea2118a5f7dad2b7138b1187a6b7ee55f160b9968b66013c3a3ef39dd7e5798?s=96&d=mm&r=g\",\"url\":\"https:\\\/\\\/secure.gravatar.com\\\/avatar\\\/3ea2118a5f7dad2b7138b1187a6b7ee55f160b9968b66013c3a3ef39dd7e5798?s=96&d=mm&r=g\",\"contentUrl\":\"https:\\\/\\\/secure.gravatar.com\\\/avatar\\\/3ea2118a5f7dad2b7138b1187a6b7ee55f160b9968b66013c3a3ef39dd7e5798?s=96&d=mm&r=g\",\"caption\":\"Jeanette\"},\"sameAs\":[\"https:\\\/\\\/www.eldiario.net\\\/portal\"],\"url\":\"https:\\\/\\\/www.eldiario.net\\\/portal\\\/author\\\/jeanette\\\/\"}]}<\/script>\n<!-- \/ Yoast SEO plugin. -->","yoast_head_json":{"title":"Implicaciones de posibles negocios armamentistas - El Diario - Bolivia","robots":{"index":"index","follow":"follow","max-snippet":"max-snippet:-1","max-image-preview":"max-image-preview:large","max-video-preview":"max-video-preview:-1"},"canonical":"https:\/\/www.eldiario.net\/portal\/2023\/08\/15\/implicaciones-de-posibles-negocios-armamentistas\/","og_locale":"es_ES","og_type":"article","og_title":"Implicaciones de posibles negocios armamentistas - El Diario - Bolivia","og_description":"Como no pod\u00eda ser de otro modo, en todo tiempo se trata de involucrar en posibles negocios de armas a naciones ajenas a los conflictos b\u00e9licos que se desarrollan en varios lugares del mundo.\u00a0 Nuestro pa\u00eds por principio es renuente a tratar con naciones que negocian sobre armas y menos desea contraer compromisos que impliquen [&hellip;]","og_url":"https:\/\/www.eldiario.net\/portal\/2023\/08\/15\/implicaciones-de-posibles-negocios-armamentistas\/","og_site_name":"El Diario - Bolivia","article_publisher":"https:\/\/www.facebook.com\/eldiario.bolivia\/","article_published_time":"2023-08-15T10:40:15+00:00","author":"Jeanette","twitter_card":"summary_large_image","twitter_creator":"@eldiario_net","twitter_site":"@eldiario_net","twitter_misc":{"Escrito por":"Jeanette","Tiempo de lectura":"2 minutos"},"schema":{"@context":"https:\/\/schema.org","@graph":[{"@type":"Article","@id":"https:\/\/www.eldiario.net\/portal\/2023\/08\/15\/implicaciones-de-posibles-negocios-armamentistas\/#article","isPartOf":{"@id":"https:\/\/www.eldiario.net\/portal\/2023\/08\/15\/implicaciones-de-posibles-negocios-armamentistas\/"},"author":{"name":"Jeanette","@id":"https:\/\/www.eldiario.net\/portal\/#\/schema\/person\/f46445640444750d7d753ccd04ae01b7"},"headline":"Implicaciones de posibles negocios armamentistas","datePublished":"2023-08-15T10:40:15+00:00","mainEntityOfPage":{"@id":"https:\/\/www.eldiario.net\/portal\/2023\/08\/15\/implicaciones-de-posibles-negocios-armamentistas\/"},"wordCount":415,"publisher":{"@id":"https:\/\/www.eldiario.net\/portal\/#organization"},"articleSection":["Editorial"],"inLanguage":"es"},{"@type":"WebPage","@id":"https:\/\/www.eldiario.net\/portal\/2023\/08\/15\/implicaciones-de-posibles-negocios-armamentistas\/","url":"https:\/\/www.eldiario.net\/portal\/2023\/08\/15\/implicaciones-de-posibles-negocios-armamentistas\/","name":"Implicaciones de posibles negocios armamentistas - El Diario - Bolivia","isPartOf":{"@id":"https:\/\/www.eldiario.net\/portal\/#website"},"datePublished":"2023-08-15T10:40:15+00:00","breadcrumb":{"@id":"https:\/\/www.eldiario.net\/portal\/2023\/08\/15\/implicaciones-de-posibles-negocios-armamentistas\/#breadcrumb"},"inLanguage":"es","potentialAction":[{"@type":"ReadAction","target":["https:\/\/www.eldiario.net\/portal\/2023\/08\/15\/implicaciones-de-posibles-negocios-armamentistas\/"]}]},{"@type":"BreadcrumbList","@id":"https:\/\/www.eldiario.net\/portal\/2023\/08\/15\/implicaciones-de-posibles-negocios-armamentistas\/#breadcrumb","itemListElement":[{"@type":"ListItem","position":1,"name":"Portada","item":"https:\/\/www.eldiario.net\/portal\/"},{"@type":"ListItem","position":2,"name":"Implicaciones de posibles negocios armamentistas"}]},{"@type":"WebSite","@id":"https:\/\/www.eldiario.net\/portal\/#website","url":"https:\/\/www.eldiario.net\/portal\/","name":"El Diario - Decano de la prensa nacional","description":"El Diario - Decano de la prensa nacional","publisher":{"@id":"https:\/\/www.eldiario.net\/portal\/#organization"},"potentialAction":[{"@type":"SearchAction","target":{"@type":"EntryPoint","urlTemplate":"https:\/\/www.eldiario.net\/portal\/?s={search_term_string}"},"query-input":{"@type":"PropertyValueSpecification","valueRequired":true,"valueName":"search_term_string"}}],"inLanguage":"es"},{"@type":"Organization","@id":"https:\/\/www.eldiario.net\/portal\/#organization","name":"El Diario - Decano de la prensa nacional","url":"https:\/\/www.eldiario.net\/portal\/","logo":{"@type":"ImageObject","inLanguage":"es","@id":"https:\/\/www.eldiario.net\/portal\/#\/schema\/logo\/image\/","url":"https:\/\/www.eldiario.net\/portal\/wp-content\/uploads\/2023\/07\/logo_ED.jpg","contentUrl":"https:\/\/www.eldiario.net\/portal\/wp-content\/uploads\/2023\/07\/logo_ED.jpg","width":272,"height":52,"caption":"El Diario - Decano de la prensa nacional"},"image":{"@id":"https:\/\/www.eldiario.net\/portal\/#\/schema\/logo\/image\/"},"sameAs":["https:\/\/www.facebook.com\/eldiario.bolivia\/","https:\/\/x.com\/eldiario_net"]},{"@type":"Person","@id":"https:\/\/www.eldiario.net\/portal\/#\/schema\/person\/f46445640444750d7d753ccd04ae01b7","name":"Jeanette","image":{"@type":"ImageObject","inLanguage":"es","@id":"https:\/\/secure.gravatar.com\/avatar\/3ea2118a5f7dad2b7138b1187a6b7ee55f160b9968b66013c3a3ef39dd7e5798?s=96&d=mm&r=g","url":"https:\/\/secure.gravatar.com\/avatar\/3ea2118a5f7dad2b7138b1187a6b7ee55f160b9968b66013c3a3ef39dd7e5798?s=96&d=mm&r=g","contentUrl":"https:\/\/secure.gravatar.com\/avatar\/3ea2118a5f7dad2b7138b1187a6b7ee55f160b9968b66013c3a3ef39dd7e5798?s=96&d=mm&r=g","caption":"Jeanette"},"sameAs":["https:\/\/www.eldiario.net\/portal"],"url":"https:\/\/www.eldiario.net\/portal\/author\/jeanette\/"}]}},"_links":{"self":[{"href":"https:\/\/www.eldiario.net\/portal\/wp-json\/wp\/v2\/posts\/171069","targetHints":{"allow":["GET"]}}],"collection":[{"href":"https:\/\/www.eldiario.net\/portal\/wp-json\/wp\/v2\/posts"}],"about":[{"href":"https:\/\/www.eldiario.net\/portal\/wp-json\/wp\/v2\/types\/post"}],"author":[{"embeddable":true,"href":"https:\/\/www.eldiario.net\/portal\/wp-json\/wp\/v2\/users\/1"}],"replies":[{"embeddable":true,"href":"https:\/\/www.eldiario.net\/portal\/wp-json\/wp\/v2\/comments?post=171069"}],"version-history":[{"count":0,"href":"https:\/\/www.eldiario.net\/portal\/wp-json\/wp\/v2\/posts\/171069\/revisions"}],"wp:attachment":[{"href":"https:\/\/www.eldiario.net\/portal\/wp-json\/wp\/v2\/media?parent=171069"}],"wp:term":[{"taxonomy":"category","embeddable":true,"href":"https:\/\/www.eldiario.net\/portal\/wp-json\/wp\/v2\/categories?post=171069"},{"taxonomy":"post_tag","embeddable":true,"href":"https:\/\/www.eldiario.net\/portal\/wp-json\/wp\/v2\/tags?post=171069"}],"curies":[{"name":"wp","href":"https:\/\/api.w.org\/{rel}","templated":true}]}}