{"id":171015,"date":"2023-08-14T07:17:41","date_gmt":"2023-08-14T11:17:41","guid":{"rendered":"https:\/\/www.eldiario.net\/portal\/?p=171015"},"modified":"2023-08-14T07:17:41","modified_gmt":"2023-08-14T11:17:41","slug":"samsung-12-anos-acompanando-el-desarrollo-de-bolivia-y-su-gente","status":"publish","type":"post","link":"https:\/\/www.eldiario.net\/portal\/2023\/08\/14\/samsung-12-anos-acompanando-el-desarrollo-de-bolivia-y-su-gente\/","title":{"rendered":"Samsung: 12 a\u00f1os acompa\u00f1ando el desarrollo de Bolivia y su gente"},"content":{"rendered":"<p><strong>Agosto 2023.<\/strong> En el mes de Bolivia, Samsung destaca que los dispositivos electr\u00f3nicos han dejado una huella importante en el desarrollo e innovaci\u00f3n de tecnolog\u00eda en el pa\u00eds, donde varios de sus productos fueron protagonistas. A lo largo de 12 a\u00f1os, la marca se posicion\u00f3 como l\u00edder del mercado nacional, ya que es la elecci\u00f3n de 8 de cada 10 hogares, seg\u00fan los datos de la empresa.<\/p>\n<p>\u201cSamsung ayud\u00f3 a que todos los dispositivos se interconecten entre s\u00ed y que las personas se conecten con lo que realmente importa. Estos equipos se convirtieron en herramientas indispensables para responder a las necesidades de los bolivianos. Ese es el objetivo de la compa\u00f1\u00eda, poner a la gente y sus intereses en el centro de nuestro trabajo para establecer un legado de confianza que nos permita crecer cada d\u00eda\u201d, se\u00f1ala el gerente de Marketing de Samsung Bolivia, Javier Perou.<\/p>\n<p>Entre los avances que tuvo el pa\u00eds con los dispositivos m\u00f3viles est\u00e1 el acceso a la informaci\u00f3n, servicios financieros, comercio electr\u00f3nico y delivery. Gracias a la conexi\u00f3n a internet, las personas pueden acceder a servicios bancarios desde su celular, transferir dinero y, adem\u00e1s, ser parte del mercado en l\u00ednea, tanto nacional como internacional.<\/p>\n<p>\u201cPara estas tareas se necesita internet. Por ello, nuestros dispositivos est\u00e1n homologados en el pa\u00eds, lo que garantiza una buena conexi\u00f3n a este servicio y llamadas sin cortes, hasta donde la se\u00f1al lo permite\u201d, resalta el ejecutivo. A esto se suma los 17 puntos de servicio t\u00e9cnico, convirti\u00e9ndose en la empresa con la red de ayuda t\u00e9cnica m\u00e1s grande del pa\u00eds.<\/p>\n<p>Bolivia tambi\u00e9n tuvo un significativo avance en el desarrollo de aplicaciones, software y digitalizaci\u00f3n de servicios. Los desarrolladores locales buscan equipos que respondan a sus exigencias para atender adecuadamente a las necesidades de la poblaci\u00f3n.<\/p>\n<p>\u201cEllos buscan nuestros smartphones y laptops, debido al potente procesador que tienen integrado. Entre estos est\u00e1n el Galaxy S23 Ultra y la serie Galaxy Book3, que se adec\u00faan al desarrollo de aplicaciones. Tambi\u00e9n, otros dispositivos que resaltan son los Galaxy A54 y A34, en gama media, y el Galaxy A14 y A04, entre los m\u00e1s accesibles de la empresa. Adem\u00e1s, la serie Galaxy Z Flip tuvo gran aceptaci\u00f3n por su dise\u00f1o y versatilidad\u201d, detalla Perou.<\/p>\n<p>Samsung es ic\u00f3nico, porque al entrar a la era digital, fabrica productos competitivos a trav\u00e9s de la innovaci\u00f3n y la tecnolog\u00eda de vanguardia. \u201cNunca bajamos el ritmo. Nos comprometemos a trabajar en una experiencia mejor para nuestros clientes y aportar m\u00e1s creatividad. Con la serie Galaxy\u00a0Z marcamos una nueva era plegable en smartphones y, con los electrodom\u00e9sticos y televisores, forjamos un ecosistema completo de soluciones para el hogar\u201d destaca Perou.<\/p>\n<p>Samsung responde a las necesidades de la poblaci\u00f3n a trav\u00e9s de la conexi\u00f3n entre diferentes dispositivos, con la finalidad de agilizar y potenciar la rutina diaria en el hogar con televisores, lavadoras, refrigeradores y lavadoras homologadas.<\/p>\n<p>La tecnolog\u00eda m\u00f3vil ayud\u00f3 a fomentar la educaci\u00f3n y el conocimiento. Las computadoras y las tablets son herramientas valiosas para acceder a informaci\u00f3n y recursos educativos. \u201cPara democratizar el acceso a la tecnolog\u00eda, entregamos dispositivos m\u00f3viles a ni\u00f1os de colegios rurales y escasos recursos, para que puedan continuar sus estudios en sus hogares, participen en l\u00ednea y sean capacitados permanentemente\u201d, detalla el gerente de Marketing de Samsung.<\/p>\n<p>El desarrollo tecnol\u00f3gico de los bolivianos se debe a que buscan productos de calidad, con respaldo y garant\u00eda. \u201cEstas posturas permitieron a Samsung mantenerse en el mercado tecnol\u00f3gico de celulares, laptops y l\u00ednea blanca. Seguiremos trabajando para responder adecuadamente a las exigencias los bolivianos\u201d, finaliza Javier Perou.<\/p>\n<p>&nbsp;<\/p>\n","protected":false},"excerpt":{"rendered":"<p>Agosto 2023. En el mes de Bolivia, Samsung destaca que los dispositivos electr\u00f3nicos han dejado una huella importante en el desarrollo e innovaci\u00f3n de tecnolog\u00eda en el pa\u00eds, donde varios de sus productos fueron protagonistas. A lo largo de 12 a\u00f1os, la marca se posicion\u00f3 como l\u00edder del mercado nacional, ya que es la elecci\u00f3n [&hellip;]<\/p>\n","protected":false},"author":1,"featured_media":171016,"comment_status":"closed","ping_status":"open","sticky":false,"template":"","format":"standard","meta":{"_acf_changed":false,"footnotes":""},"categories":[46],"tags":[],"class_list":["post-171015","post","type-post","status-publish","format-standard","has-post-thumbnail","category-ciencia-computacion"],"acf":{"antetitulo":""},"yoast_head":"<!-- This site is optimized with the Yoast SEO plugin v28.3 - https:\/\/yoast.com\/product\/yoast-seo-wordpress\/ -->\n<title>Samsung: 12 a\u00f1os acompa\u00f1ando el desarrollo de Bolivia y su gente - El Diario - Bolivia<\/title>\n<meta name=\"robots\" content=\"index, follow, max-snippet:-1, max-image-preview:large, max-video-preview:-1\" \/>\n<link rel=\"canonical\" href=\"https:\/\/www.eldiario.net\/portal\/2023\/08\/14\/samsung-12-anos-acompanando-el-desarrollo-de-bolivia-y-su-gente\/\" \/>\n<meta property=\"og:locale\" content=\"es_ES\" \/>\n<meta property=\"og:type\" content=\"article\" \/>\n<meta property=\"og:title\" content=\"Samsung: 12 a\u00f1os acompa\u00f1ando el desarrollo de Bolivia y su gente - El Diario - Bolivia\" \/>\n<meta property=\"og:description\" content=\"Agosto 2023. En el mes de Bolivia, Samsung destaca que los dispositivos electr\u00f3nicos han dejado una huella importante en el desarrollo e innovaci\u00f3n de tecnolog\u00eda en el pa\u00eds, donde varios de sus productos fueron protagonistas. A lo largo de 12 a\u00f1os, la marca se posicion\u00f3 como l\u00edder del mercado nacional, ya que es la elecci\u00f3n [&hellip;]\" \/>\n<meta property=\"og:url\" content=\"https:\/\/www.eldiario.net\/portal\/2023\/08\/14\/samsung-12-anos-acompanando-el-desarrollo-de-bolivia-y-su-gente\/\" \/>\n<meta property=\"og:site_name\" content=\"El Diario - Bolivia\" \/>\n<meta property=\"article:publisher\" content=\"https:\/\/www.facebook.com\/eldiario.bolivia\/\" \/>\n<meta property=\"article:published_time\" content=\"2023-08-14T11:17:41+00:00\" \/>\n<meta property=\"og:image\" content=\"https:\/\/www.eldiario.net\/portal\/wp-content\/uploads\/2023\/08\/5-A-1-1024x1024.jpeg\" \/>\n\t<meta property=\"og:image:width\" content=\"1024\" \/>\n\t<meta property=\"og:image:height\" content=\"1024\" \/>\n\t<meta property=\"og:image:type\" content=\"image\/jpeg\" \/>\n<meta name=\"author\" content=\"Jeanette\" \/>\n<meta name=\"twitter:card\" content=\"summary_large_image\" \/>\n<meta name=\"twitter:creator\" content=\"@eldiario_net\" \/>\n<meta name=\"twitter:site\" content=\"@eldiario_net\" \/>\n<meta name=\"twitter:label1\" content=\"Escrito por\" \/>\n\t<meta name=\"twitter:data1\" content=\"Jeanette\" \/>\n\t<meta name=\"twitter:label2\" content=\"Tiempo de lectura\" \/>\n\t<meta name=\"twitter:data2\" content=\"3 minutos\" \/>\n<script type=\"application\/ld+json\" class=\"yoast-schema-graph\">{\"@context\":\"https:\\\/\\\/schema.org\",\"@graph\":[{\"@type\":\"Article\",\"@id\":\"https:\\\/\\\/www.eldiario.net\\\/portal\\\/2023\\\/08\\\/14\\\/samsung-12-anos-acompanando-el-desarrollo-de-bolivia-y-su-gente\\\/#article\",\"isPartOf\":{\"@id\":\"https:\\\/\\\/www.eldiario.net\\\/portal\\\/2023\\\/08\\\/14\\\/samsung-12-anos-acompanando-el-desarrollo-de-bolivia-y-su-gente\\\/\"},\"author\":{\"name\":\"Jeanette\",\"@id\":\"https:\\\/\\\/www.eldiario.net\\\/portal\\\/#\\\/schema\\\/person\\\/f46445640444750d7d753ccd04ae01b7\"},\"headline\":\"Samsung: 12 a\u00f1os acompa\u00f1ando el desarrollo de Bolivia y su gente\",\"datePublished\":\"2023-08-14T11:17:41+00:00\",\"mainEntityOfPage\":{\"@id\":\"https:\\\/\\\/www.eldiario.net\\\/portal\\\/2023\\\/08\\\/14\\\/samsung-12-anos-acompanando-el-desarrollo-de-bolivia-y-su-gente\\\/\"},\"wordCount\":657,\"publisher\":{\"@id\":\"https:\\\/\\\/www.eldiario.net\\\/portal\\\/#organization\"},\"image\":{\"@id\":\"https:\\\/\\\/www.eldiario.net\\\/portal\\\/2023\\\/08\\\/14\\\/samsung-12-anos-acompanando-el-desarrollo-de-bolivia-y-su-gente\\\/#primaryimage\"},\"thumbnailUrl\":\"https:\\\/\\\/www.eldiario.net\\\/portal\\\/wp-content\\\/uploads\\\/2023\\\/08\\\/5-A-1.jpeg\",\"articleSection\":[\"Ciencia y Computaci\u00f3n\"],\"inLanguage\":\"es\"},{\"@type\":\"WebPage\",\"@id\":\"https:\\\/\\\/www.eldiario.net\\\/portal\\\/2023\\\/08\\\/14\\\/samsung-12-anos-acompanando-el-desarrollo-de-bolivia-y-su-gente\\\/\",\"url\":\"https:\\\/\\\/www.eldiario.net\\\/portal\\\/2023\\\/08\\\/14\\\/samsung-12-anos-acompanando-el-desarrollo-de-bolivia-y-su-gente\\\/\",\"name\":\"Samsung: 12 a\u00f1os acompa\u00f1ando el desarrollo de Bolivia y su gente - El Diario - Bolivia\",\"isPartOf\":{\"@id\":\"https:\\\/\\\/www.eldiario.net\\\/portal\\\/#website\"},\"primaryImageOfPage\":{\"@id\":\"https:\\\/\\\/www.eldiario.net\\\/portal\\\/2023\\\/08\\\/14\\\/samsung-12-anos-acompanando-el-desarrollo-de-bolivia-y-su-gente\\\/#primaryimage\"},\"image\":{\"@id\":\"https:\\\/\\\/www.eldiario.net\\\/portal\\\/2023\\\/08\\\/14\\\/samsung-12-anos-acompanando-el-desarrollo-de-bolivia-y-su-gente\\\/#primaryimage\"},\"thumbnailUrl\":\"https:\\\/\\\/www.eldiario.net\\\/portal\\\/wp-content\\\/uploads\\\/2023\\\/08\\\/5-A-1.jpeg\",\"datePublished\":\"2023-08-14T11:17:41+00:00\",\"breadcrumb\":{\"@id\":\"https:\\\/\\\/www.eldiario.net\\\/portal\\\/2023\\\/08\\\/14\\\/samsung-12-anos-acompanando-el-desarrollo-de-bolivia-y-su-gente\\\/#breadcrumb\"},\"inLanguage\":\"es\",\"potentialAction\":[{\"@type\":\"ReadAction\",\"target\":[\"https:\\\/\\\/www.eldiario.net\\\/portal\\\/2023\\\/08\\\/14\\\/samsung-12-anos-acompanando-el-desarrollo-de-bolivia-y-su-gente\\\/\"]}]},{\"@type\":\"ImageObject\",\"inLanguage\":\"es\",\"@id\":\"https:\\\/\\\/www.eldiario.net\\\/portal\\\/2023\\\/08\\\/14\\\/samsung-12-anos-acompanando-el-desarrollo-de-bolivia-y-su-gente\\\/#primaryimage\",\"url\":\"https:\\\/\\\/www.eldiario.net\\\/portal\\\/wp-content\\\/uploads\\\/2023\\\/08\\\/5-A-1.jpeg\",\"contentUrl\":\"https:\\\/\\\/www.eldiario.net\\\/portal\\\/wp-content\\\/uploads\\\/2023\\\/08\\\/5-A-1.jpeg\",\"width\":2344,\"height\":2344},{\"@type\":\"BreadcrumbList\",\"@id\":\"https:\\\/\\\/www.eldiario.net\\\/portal\\\/2023\\\/08\\\/14\\\/samsung-12-anos-acompanando-el-desarrollo-de-bolivia-y-su-gente\\\/#breadcrumb\",\"itemListElement\":[{\"@type\":\"ListItem\",\"position\":1,\"name\":\"Portada\",\"item\":\"https:\\\/\\\/www.eldiario.net\\\/portal\\\/\"},{\"@type\":\"ListItem\",\"position\":2,\"name\":\"Samsung: 12 a\u00f1os acompa\u00f1ando el desarrollo de Bolivia y su gente\"}]},{\"@type\":\"WebSite\",\"@id\":\"https:\\\/\\\/www.eldiario.net\\\/portal\\\/#website\",\"url\":\"https:\\\/\\\/www.eldiario.net\\\/portal\\\/\",\"name\":\"El Diario - Decano de la prensa nacional\",\"description\":\"El Diario - Decano de la prensa nacional\",\"publisher\":{\"@id\":\"https:\\\/\\\/www.eldiario.net\\\/portal\\\/#organization\"},\"potentialAction\":[{\"@type\":\"SearchAction\",\"target\":{\"@type\":\"EntryPoint\",\"urlTemplate\":\"https:\\\/\\\/www.eldiario.net\\\/portal\\\/?s={search_term_string}\"},\"query-input\":{\"@type\":\"PropertyValueSpecification\",\"valueRequired\":true,\"valueName\":\"search_term_string\"}}],\"inLanguage\":\"es\"},{\"@type\":\"Organization\",\"@id\":\"https:\\\/\\\/www.eldiario.net\\\/portal\\\/#organization\",\"name\":\"El Diario - Decano de la prensa nacional\",\"url\":\"https:\\\/\\\/www.eldiario.net\\\/portal\\\/\",\"logo\":{\"@type\":\"ImageObject\",\"inLanguage\":\"es\",\"@id\":\"https:\\\/\\\/www.eldiario.net\\\/portal\\\/#\\\/schema\\\/logo\\\/image\\\/\",\"url\":\"https:\\\/\\\/www.eldiario.net\\\/portal\\\/wp-content\\\/uploads\\\/2023\\\/07\\\/logo_ED.jpg\",\"contentUrl\":\"https:\\\/\\\/www.eldiario.net\\\/portal\\\/wp-content\\\/uploads\\\/2023\\\/07\\\/logo_ED.jpg\",\"width\":272,\"height\":52,\"caption\":\"El Diario - Decano de la prensa nacional\"},\"image\":{\"@id\":\"https:\\\/\\\/www.eldiario.net\\\/portal\\\/#\\\/schema\\\/logo\\\/image\\\/\"},\"sameAs\":[\"https:\\\/\\\/www.facebook.com\\\/eldiario.bolivia\\\/\",\"https:\\\/\\\/x.com\\\/eldiario_net\"]},{\"@type\":\"Person\",\"@id\":\"https:\\\/\\\/www.eldiario.net\\\/portal\\\/#\\\/schema\\\/person\\\/f46445640444750d7d753ccd04ae01b7\",\"name\":\"Jeanette\",\"image\":{\"@type\":\"ImageObject\",\"inLanguage\":\"es\",\"@id\":\"https:\\\/\\\/secure.gravatar.com\\\/avatar\\\/3ea2118a5f7dad2b7138b1187a6b7ee55f160b9968b66013c3a3ef39dd7e5798?s=96&d=mm&r=g\",\"url\":\"https:\\\/\\\/secure.gravatar.com\\\/avatar\\\/3ea2118a5f7dad2b7138b1187a6b7ee55f160b9968b66013c3a3ef39dd7e5798?s=96&d=mm&r=g\",\"contentUrl\":\"https:\\\/\\\/secure.gravatar.com\\\/avatar\\\/3ea2118a5f7dad2b7138b1187a6b7ee55f160b9968b66013c3a3ef39dd7e5798?s=96&d=mm&r=g\",\"caption\":\"Jeanette\"},\"sameAs\":[\"https:\\\/\\\/www.eldiario.net\\\/portal\"],\"url\":\"https:\\\/\\\/www.eldiario.net\\\/portal\\\/author\\\/jeanette\\\/\"}]}<\/script>\n<!-- \/ Yoast SEO plugin. -->","yoast_head_json":{"title":"Samsung: 12 a\u00f1os acompa\u00f1ando el desarrollo de Bolivia y su gente - El Diario - Bolivia","robots":{"index":"index","follow":"follow","max-snippet":"max-snippet:-1","max-image-preview":"max-image-preview:large","max-video-preview":"max-video-preview:-1"},"canonical":"https:\/\/www.eldiario.net\/portal\/2023\/08\/14\/samsung-12-anos-acompanando-el-desarrollo-de-bolivia-y-su-gente\/","og_locale":"es_ES","og_type":"article","og_title":"Samsung: 12 a\u00f1os acompa\u00f1ando el desarrollo de Bolivia y su gente - El Diario - Bolivia","og_description":"Agosto 2023. En el mes de Bolivia, Samsung destaca que los dispositivos electr\u00f3nicos han dejado una huella importante en el desarrollo e innovaci\u00f3n de tecnolog\u00eda en el pa\u00eds, donde varios de sus productos fueron protagonistas. A lo largo de 12 a\u00f1os, la marca se posicion\u00f3 como l\u00edder del mercado nacional, ya que es la elecci\u00f3n [&hellip;]","og_url":"https:\/\/www.eldiario.net\/portal\/2023\/08\/14\/samsung-12-anos-acompanando-el-desarrollo-de-bolivia-y-su-gente\/","og_site_name":"El Diario - Bolivia","article_publisher":"https:\/\/www.facebook.com\/eldiario.bolivia\/","article_published_time":"2023-08-14T11:17:41+00:00","og_image":[{"width":1024,"height":1024,"url":"https:\/\/www.eldiario.net\/portal\/wp-content\/uploads\/2023\/08\/5-A-1-1024x1024.jpeg","type":"image\/jpeg"}],"author":"Jeanette","twitter_card":"summary_large_image","twitter_creator":"@eldiario_net","twitter_site":"@eldiario_net","twitter_misc":{"Escrito por":"Jeanette","Tiempo de lectura":"3 minutos"},"schema":{"@context":"https:\/\/schema.org","@graph":[{"@type":"Article","@id":"https:\/\/www.eldiario.net\/portal\/2023\/08\/14\/samsung-12-anos-acompanando-el-desarrollo-de-bolivia-y-su-gente\/#article","isPartOf":{"@id":"https:\/\/www.eldiario.net\/portal\/2023\/08\/14\/samsung-12-anos-acompanando-el-desarrollo-de-bolivia-y-su-gente\/"},"author":{"name":"Jeanette","@id":"https:\/\/www.eldiario.net\/portal\/#\/schema\/person\/f46445640444750d7d753ccd04ae01b7"},"headline":"Samsung: 12 a\u00f1os acompa\u00f1ando el desarrollo de Bolivia y su gente","datePublished":"2023-08-14T11:17:41+00:00","mainEntityOfPage":{"@id":"https:\/\/www.eldiario.net\/portal\/2023\/08\/14\/samsung-12-anos-acompanando-el-desarrollo-de-bolivia-y-su-gente\/"},"wordCount":657,"publisher":{"@id":"https:\/\/www.eldiario.net\/portal\/#organization"},"image":{"@id":"https:\/\/www.eldiario.net\/portal\/2023\/08\/14\/samsung-12-anos-acompanando-el-desarrollo-de-bolivia-y-su-gente\/#primaryimage"},"thumbnailUrl":"https:\/\/www.eldiario.net\/portal\/wp-content\/uploads\/2023\/08\/5-A-1.jpeg","articleSection":["Ciencia y Computaci\u00f3n"],"inLanguage":"es"},{"@type":"WebPage","@id":"https:\/\/www.eldiario.net\/portal\/2023\/08\/14\/samsung-12-anos-acompanando-el-desarrollo-de-bolivia-y-su-gente\/","url":"https:\/\/www.eldiario.net\/portal\/2023\/08\/14\/samsung-12-anos-acompanando-el-desarrollo-de-bolivia-y-su-gente\/","name":"Samsung: 12 a\u00f1os acompa\u00f1ando el desarrollo de Bolivia y su gente - El Diario - Bolivia","isPartOf":{"@id":"https:\/\/www.eldiario.net\/portal\/#website"},"primaryImageOfPage":{"@id":"https:\/\/www.eldiario.net\/portal\/2023\/08\/14\/samsung-12-anos-acompanando-el-desarrollo-de-bolivia-y-su-gente\/#primaryimage"},"image":{"@id":"https:\/\/www.eldiario.net\/portal\/2023\/08\/14\/samsung-12-anos-acompanando-el-desarrollo-de-bolivia-y-su-gente\/#primaryimage"},"thumbnailUrl":"https:\/\/www.eldiario.net\/portal\/wp-content\/uploads\/2023\/08\/5-A-1.jpeg","datePublished":"2023-08-14T11:17:41+00:00","breadcrumb":{"@id":"https:\/\/www.eldiario.net\/portal\/2023\/08\/14\/samsung-12-anos-acompanando-el-desarrollo-de-bolivia-y-su-gente\/#breadcrumb"},"inLanguage":"es","potentialAction":[{"@type":"ReadAction","target":["https:\/\/www.eldiario.net\/portal\/2023\/08\/14\/samsung-12-anos-acompanando-el-desarrollo-de-bolivia-y-su-gente\/"]}]},{"@type":"ImageObject","inLanguage":"es","@id":"https:\/\/www.eldiario.net\/portal\/2023\/08\/14\/samsung-12-anos-acompanando-el-desarrollo-de-bolivia-y-su-gente\/#primaryimage","url":"https:\/\/www.eldiario.net\/portal\/wp-content\/uploads\/2023\/08\/5-A-1.jpeg","contentUrl":"https:\/\/www.eldiario.net\/portal\/wp-content\/uploads\/2023\/08\/5-A-1.jpeg","width":2344,"height":2344},{"@type":"BreadcrumbList","@id":"https:\/\/www.eldiario.net\/portal\/2023\/08\/14\/samsung-12-anos-acompanando-el-desarrollo-de-bolivia-y-su-gente\/#breadcrumb","itemListElement":[{"@type":"ListItem","position":1,"name":"Portada","item":"https:\/\/www.eldiario.net\/portal\/"},{"@type":"ListItem","position":2,"name":"Samsung: 12 a\u00f1os acompa\u00f1ando el desarrollo de Bolivia y su gente"}]},{"@type":"WebSite","@id":"https:\/\/www.eldiario.net\/portal\/#website","url":"https:\/\/www.eldiario.net\/portal\/","name":"El Diario - Decano de la prensa nacional","description":"El Diario - Decano de la prensa nacional","publisher":{"@id":"https:\/\/www.eldiario.net\/portal\/#organization"},"potentialAction":[{"@type":"SearchAction","target":{"@type":"EntryPoint","urlTemplate":"https:\/\/www.eldiario.net\/portal\/?s={search_term_string}"},"query-input":{"@type":"PropertyValueSpecification","valueRequired":true,"valueName":"search_term_string"}}],"inLanguage":"es"},{"@type":"Organization","@id":"https:\/\/www.eldiario.net\/portal\/#organization","name":"El Diario - Decano de la prensa nacional","url":"https:\/\/www.eldiario.net\/portal\/","logo":{"@type":"ImageObject","inLanguage":"es","@id":"https:\/\/www.eldiario.net\/portal\/#\/schema\/logo\/image\/","url":"https:\/\/www.eldiario.net\/portal\/wp-content\/uploads\/2023\/07\/logo_ED.jpg","contentUrl":"https:\/\/www.eldiario.net\/portal\/wp-content\/uploads\/2023\/07\/logo_ED.jpg","width":272,"height":52,"caption":"El Diario - Decano de la prensa nacional"},"image":{"@id":"https:\/\/www.eldiario.net\/portal\/#\/schema\/logo\/image\/"},"sameAs":["https:\/\/www.facebook.com\/eldiario.bolivia\/","https:\/\/x.com\/eldiario_net"]},{"@type":"Person","@id":"https:\/\/www.eldiario.net\/portal\/#\/schema\/person\/f46445640444750d7d753ccd04ae01b7","name":"Jeanette","image":{"@type":"ImageObject","inLanguage":"es","@id":"https:\/\/secure.gravatar.com\/avatar\/3ea2118a5f7dad2b7138b1187a6b7ee55f160b9968b66013c3a3ef39dd7e5798?s=96&d=mm&r=g","url":"https:\/\/secure.gravatar.com\/avatar\/3ea2118a5f7dad2b7138b1187a6b7ee55f160b9968b66013c3a3ef39dd7e5798?s=96&d=mm&r=g","contentUrl":"https:\/\/secure.gravatar.com\/avatar\/3ea2118a5f7dad2b7138b1187a6b7ee55f160b9968b66013c3a3ef39dd7e5798?s=96&d=mm&r=g","caption":"Jeanette"},"sameAs":["https:\/\/www.eldiario.net\/portal"],"url":"https:\/\/www.eldiario.net\/portal\/author\/jeanette\/"}]}},"_links":{"self":[{"href":"https:\/\/www.eldiario.net\/portal\/wp-json\/wp\/v2\/posts\/171015","targetHints":{"allow":["GET"]}}],"collection":[{"href":"https:\/\/www.eldiario.net\/portal\/wp-json\/wp\/v2\/posts"}],"about":[{"href":"https:\/\/www.eldiario.net\/portal\/wp-json\/wp\/v2\/types\/post"}],"author":[{"embeddable":true,"href":"https:\/\/www.eldiario.net\/portal\/wp-json\/wp\/v2\/users\/1"}],"replies":[{"embeddable":true,"href":"https:\/\/www.eldiario.net\/portal\/wp-json\/wp\/v2\/comments?post=171015"}],"version-history":[{"count":0,"href":"https:\/\/www.eldiario.net\/portal\/wp-json\/wp\/v2\/posts\/171015\/revisions"}],"wp:featuredmedia":[{"embeddable":true,"href":"https:\/\/www.eldiario.net\/portal\/wp-json\/wp\/v2\/media\/171016"}],"wp:attachment":[{"href":"https:\/\/www.eldiario.net\/portal\/wp-json\/wp\/v2\/media?parent=171015"}],"wp:term":[{"taxonomy":"category","embeddable":true,"href":"https:\/\/www.eldiario.net\/portal\/wp-json\/wp\/v2\/categories?post=171015"},{"taxonomy":"post_tag","embeddable":true,"href":"https:\/\/www.eldiario.net\/portal\/wp-json\/wp\/v2\/tags?post=171015"}],"curies":[{"name":"wp","href":"https:\/\/api.w.org\/{rel}","templated":true}]}}