{"id":171002,"date":"2023-08-14T07:12:52","date_gmt":"2023-08-14T11:12:52","guid":{"rendered":"https:\/\/www.eldiario.net\/portal\/?p=171002"},"modified":"2023-08-14T07:12:52","modified_gmt":"2023-08-14T11:12:52","slug":"airtech-challenge-2023-el-reto-para-innovar-en-la-industria-del-aire-amplia-su-convocatoria","status":"publish","type":"post","link":"https:\/\/www.eldiario.net\/portal\/2023\/08\/14\/airtech-challenge-2023-el-reto-para-innovar-en-la-industria-del-aire-amplia-su-convocatoria\/","title":{"rendered":"Airtech Challenge 2023: el reto para innovar en la industria del aire ampl\u00eda su convocatoria"},"content":{"rendered":"<ul>\n<li><strong>La convocatoria extiende su plazo de aplicaci\u00f3n hasta el 8 de septiembre de 2023; <\/strong>la comunidad emprendedora de todos los pa\u00edses de Latinoam\u00e9rica puede aplicar.<\/li>\n<li>Las dos tem\u00e1ticas para ser participar en el Airtech Challenge 2023 son tecnolog\u00eda sustentable y experiencia del usuario y del cliente (UX\/CX)<strong>; <\/strong>el proyecto ganador realizar\u00e1 un viaje de negocios a Jap\u00f3n y $10,000 USD.<\/li>\n<\/ul>\n<p><strong><em>\u00a0<\/em><\/strong><\/p>\n<p><strong><em>Ciudad de M\u00e9xico agosto de 2023.-\u00a0<\/em><\/strong>La convocatoria\u00a0<strong>Airtech Challenge 2023\u00a0<\/strong>llega por segundo a\u00f1o consecutivo dirigida a la<strong>\u00a0<\/strong>comunidad emprendedora de cualquier pa\u00eds latinoamericano para que innove y transforme\u00a0la industria\u00a0de la calefacci\u00f3n, ventilaci\u00f3n y aire acondicionado (HVAC, por sus siglas en ingl\u00e9s).<\/p>\n<p>&nbsp;<\/p>\n<p>El Airtech Challenge extiende su periodo de aplicaci\u00f3n de proyectos del 6 de agosto al 8 de septiembre de 2023; las dos tem\u00e1ticas participantes en la edici\u00f3n 2023 del Airtech Challenge son\u00a0<strong>tecnolog\u00eda sustentable\u00a0<\/strong>y<strong>\u00a0experiencia del usuario y del cliente (UX\/CX)\u00a0<\/strong>y se puede aplicar en el sitio web\u00a0<u>www.incmty.com\/airtech<\/u><\/p>\n<p>&nbsp;<\/p>\n<p>Daikin, la empresa japonesa de aire acondicionado e incMTY, la plataforma de emprendimiento del Tecnol\u00f3gico de Monterrey, unen esfuerzos para presentar el Airtech Challenge como una oportunidad para que los emprendedores y emprendedoras de cualquier pa\u00eds de Latinoam\u00e9rica sea part\u00edcipe de esta innovaci\u00f3n.<\/p>\n<p>&nbsp;<\/p>\n<p>El\u00a0Tecnol\u00f3gico de Monterrey, que este a\u00f1o celebra su 80 aniversario, promueve la formaci\u00f3n de ciudadanos conscientes con una visi\u00f3n global para participar solidariamente en la soluci\u00f3n de los problemas del mundo, y a trav\u00e9s de incMTY se apoya a la comunidad emprendedora de M\u00e9xico y de toda Latinoam\u00e9rica.<\/p>\n<p><strong>\u00a0<\/strong><\/p>\n<p><strong>Tem\u00e1ticas del Airtech Challenge<\/strong><\/p>\n<p>El Airtech Challenge cuenta con\u00a0dos tem\u00e1ticas de participaci\u00f3n en la edici\u00f3n 2023:\u00a0<strong>tecnolog\u00eda sustentable\u00a0<\/strong>y<strong>\u00a0experiencia del usuario y del cliente (UX\/CX).<\/strong><\/p>\n<p><strong>Tecnolog\u00eda sustentable<\/strong><\/p>\n<ul>\n<li>Iniciativas que, a trav\u00e9s de su propuesta de valor, creen mejoras significativas y medibles en el cuidado al medio ambiente y reducir el impacto ambiental de la industria HVAC a trav\u00e9s de sus productos, servicios e infraestructura. Por ejemplo: Proyectos que mejoren la eficiencia energ\u00e9tica, reduzcan la emisi\u00f3n de gases o que implementen la econom\u00eda circular en la cadena de valor<\/li>\n<\/ul>\n<p><strong>Experiencia del usuario y del cliente (UX\/CX)<\/strong><\/p>\n<ul>\n<li>Iniciativas que, a trav\u00e9s de su propuesta de valor, creen mejoras significativas y medibles en la experiencia de los usuarios y clientes residenciales, comerciales e industriales, enfocados en crear nuevos productos, servicios y modelos de negocios. Por ejemplo: Proyectos de automatizaci\u00f3n, inteligencia artificial, sensores, internet de las cosas, nuevos modelos de negocios, nuevas aplicaciones a la tecnolog\u00eda existente y\u00a0 tecnolog\u00eda que facilite el uso de los equipos a adultos mayores o personas con alguna discapacidad.<\/li>\n<\/ul>\n<p>&nbsp;<\/p>\n<p><strong>\u00bfQu\u00e9 requisitos son necesarios para postularte?<\/strong><\/p>\n<ul>\n<li>Contar con una startup o proyecto dentro de alguna de las tem\u00e1ticas del reto, con al menos un prototipo o producto m\u00ednimo viable, hasta estar en etapa de requerir financiamiento.<\/li>\n<li>Ser personas con ciudadan\u00eda vigente en un pa\u00eds de Am\u00e9rica Latina.<\/li>\n<li>Ser mayores de edad legalmente en el pa\u00eds de residencia o contar con al menos 18 a\u00f1os (cualquiera de los dos casos)<\/li>\n<li>Contar con un nivel educativo m\u00ednimo de formaci\u00f3n t\u00e9cnica y en adelante (licenciatura o grado, maestr\u00eda o m\u00e1ster, especialidad o doctorado).<\/li>\n<li>Contar con la facultad legal para poder viajar dentro y fuera del pa\u00eds de residencia. (Elemento indispensable en caso de ser finalista).<\/li>\n<li>Deber\u00e1n explicar con claridad la problem\u00e1tica que identifican, la manera en que lo resuelven y el modelo de negocio de dicha soluci\u00f3n. Es importante resaltar que adem\u00e1s se deber\u00e1 explicar con claridad el v\u00ednculo de la soluci\u00f3n con la industria HVAC en cualquiera de las 2 tem\u00e1ticas del reto.<\/li>\n<li>Las iniciativas deber\u00e1n estar establecidas en un pa\u00eds de Am\u00e9rica Latina y operar la soluci\u00f3n en la misma regi\u00f3n. Adem\u00e1s, deber\u00e1n ser ideas originales y no tropicalizaciones de tecnolog\u00edas de otras latitudes o no originales, por lo que modelos como comercializaci\u00f3n exclusiva o franquicias quedan autom\u00e1ticamente excluidas de esta convocatoria.<strong>\u00a0<\/strong><\/li>\n<\/ul>\n<p><strong>Premios para los ganadores<\/strong><\/p>\n<p>Los primeros tres lugares del reto ser\u00e1n acreedores a diversos beneficios:<\/p>\n<ul>\n<li><strong>Primer lugar:<\/strong> Viaje de negocios a Jap\u00f3n, programa de aceleraci\u00f3n, oportunidad de crear sinergias con Daikin y $10,000.00 USD.<\/li>\n<li><strong>Segundo lugar: <\/strong>Programa de aceleraci\u00f3n, oportunidad de crear sinergias con Daikin y $5,000.00 USD.<\/li>\n<li><strong>Tercer lugar: <\/strong>Programa de aceleraci\u00f3n, oportunidad de crear sinergias con Daikin y $2,500.00 USD.<\/li>\n<\/ul>\n<p>\u00a1S\u00e9 parte del Airtech Challenge y revoluciona la industria del aire!<\/p>\n<p>&nbsp;<\/p>\n","protected":false},"excerpt":{"rendered":"<p>La convocatoria extiende su plazo de aplicaci\u00f3n hasta el 8 de septiembre de 2023; la comunidad emprendedora de todos los pa\u00edses de Latinoam\u00e9rica puede aplicar. Las dos tem\u00e1ticas para ser participar en el Airtech Challenge 2023 son tecnolog\u00eda sustentable y experiencia del usuario y del cliente (UX\/CX); el proyecto ganador realizar\u00e1 un viaje de negocios [&hellip;]<\/p>\n","protected":false},"author":1,"featured_media":171003,"comment_status":"closed","ping_status":"open","sticky":false,"template":"","format":"standard","meta":{"_acf_changed":false,"footnotes":""},"categories":[46],"tags":[],"class_list":["post-171002","post","type-post","status-publish","format-standard","has-post-thumbnail","category-ciencia-computacion"],"acf":{"antetitulo":""},"yoast_head":"<!-- This site is optimized with the Yoast SEO plugin v28.4 - https:\/\/yoast.com\/product\/yoast-seo-wordpress\/ -->\n<title>Airtech Challenge 2023: el reto para innovar en la industria del aire ampl\u00eda su convocatoria - El Diario - Bolivia<\/title>\n<meta name=\"robots\" content=\"index, follow, max-snippet:-1, max-image-preview:large, max-video-preview:-1\" \/>\n<link rel=\"canonical\" href=\"https:\/\/www.eldiario.net\/portal\/2023\/08\/14\/airtech-challenge-2023-el-reto-para-innovar-en-la-industria-del-aire-amplia-su-convocatoria\/\" \/>\n<meta property=\"og:locale\" content=\"es_ES\" \/>\n<meta property=\"og:type\" content=\"article\" \/>\n<meta property=\"og:title\" content=\"Airtech Challenge 2023: el reto para innovar en la industria del aire ampl\u00eda su convocatoria - El Diario - Bolivia\" \/>\n<meta property=\"og:description\" content=\"La convocatoria extiende su plazo de aplicaci\u00f3n hasta el 8 de septiembre de 2023; la comunidad emprendedora de todos los pa\u00edses de Latinoam\u00e9rica puede aplicar. Las dos tem\u00e1ticas para ser participar en el Airtech Challenge 2023 son tecnolog\u00eda sustentable y experiencia del usuario y del cliente (UX\/CX); el proyecto ganador realizar\u00e1 un viaje de negocios [&hellip;]\" \/>\n<meta property=\"og:url\" content=\"https:\/\/www.eldiario.net\/portal\/2023\/08\/14\/airtech-challenge-2023-el-reto-para-innovar-en-la-industria-del-aire-amplia-su-convocatoria\/\" \/>\n<meta property=\"og:site_name\" content=\"El Diario - Bolivia\" \/>\n<meta property=\"article:publisher\" content=\"https:\/\/www.facebook.com\/eldiario.bolivia\/\" \/>\n<meta property=\"article:published_time\" content=\"2023-08-14T11:12:52+00:00\" \/>\n<meta property=\"og:image\" content=\"https:\/\/www.eldiario.net\/portal\/wp-content\/uploads\/2023\/08\/7-B-1-scaled-1.jpg\" \/>\n\t<meta property=\"og:image:width\" content=\"2560\" \/>\n\t<meta property=\"og:image:height\" content=\"1334\" \/>\n\t<meta property=\"og:image:type\" content=\"image\/jpeg\" \/>\n<meta name=\"author\" content=\"Jeanette\" \/>\n<meta name=\"twitter:card\" content=\"summary_large_image\" \/>\n<meta name=\"twitter:creator\" content=\"@eldiario_net\" \/>\n<meta name=\"twitter:site\" content=\"@eldiario_net\" \/>\n<meta name=\"twitter:label1\" content=\"Escrito por\" \/>\n\t<meta name=\"twitter:data1\" content=\"Jeanette\" \/>\n\t<meta name=\"twitter:label2\" content=\"Tiempo de lectura\" \/>\n\t<meta name=\"twitter:data2\" content=\"4 minutos\" \/>\n<script type=\"application\/ld+json\" class=\"yoast-schema-graph\">{\"@context\":\"https:\\\/\\\/schema.org\",\"@graph\":[{\"@type\":\"Article\",\"@id\":\"https:\\\/\\\/www.eldiario.net\\\/portal\\\/2023\\\/08\\\/14\\\/airtech-challenge-2023-el-reto-para-innovar-en-la-industria-del-aire-amplia-su-convocatoria\\\/#article\",\"isPartOf\":{\"@id\":\"https:\\\/\\\/www.eldiario.net\\\/portal\\\/2023\\\/08\\\/14\\\/airtech-challenge-2023-el-reto-para-innovar-en-la-industria-del-aire-amplia-su-convocatoria\\\/\"},\"author\":{\"name\":\"Jeanette\",\"@id\":\"https:\\\/\\\/www.eldiario.net\\\/portal\\\/#\\\/schema\\\/person\\\/f46445640444750d7d753ccd04ae01b7\"},\"headline\":\"Airtech Challenge 2023: el reto para innovar en la industria del aire ampl\u00eda su convocatoria\",\"datePublished\":\"2023-08-14T11:12:52+00:00\",\"mainEntityOfPage\":{\"@id\":\"https:\\\/\\\/www.eldiario.net\\\/portal\\\/2023\\\/08\\\/14\\\/airtech-challenge-2023-el-reto-para-innovar-en-la-industria-del-aire-amplia-su-convocatoria\\\/\"},\"wordCount\":794,\"publisher\":{\"@id\":\"https:\\\/\\\/www.eldiario.net\\\/portal\\\/#organization\"},\"image\":{\"@id\":\"https:\\\/\\\/www.eldiario.net\\\/portal\\\/2023\\\/08\\\/14\\\/airtech-challenge-2023-el-reto-para-innovar-en-la-industria-del-aire-amplia-su-convocatoria\\\/#primaryimage\"},\"thumbnailUrl\":\"https:\\\/\\\/www.eldiario.net\\\/portal\\\/wp-content\\\/uploads\\\/2023\\\/08\\\/7-B-1-scaled-1.jpg\",\"articleSection\":[\"Ciencia y Computaci\u00f3n\"],\"inLanguage\":\"es\"},{\"@type\":\"WebPage\",\"@id\":\"https:\\\/\\\/www.eldiario.net\\\/portal\\\/2023\\\/08\\\/14\\\/airtech-challenge-2023-el-reto-para-innovar-en-la-industria-del-aire-amplia-su-convocatoria\\\/\",\"url\":\"https:\\\/\\\/www.eldiario.net\\\/portal\\\/2023\\\/08\\\/14\\\/airtech-challenge-2023-el-reto-para-innovar-en-la-industria-del-aire-amplia-su-convocatoria\\\/\",\"name\":\"Airtech Challenge 2023: el reto para innovar en la industria del aire ampl\u00eda su convocatoria - El Diario - Bolivia\",\"isPartOf\":{\"@id\":\"https:\\\/\\\/www.eldiario.net\\\/portal\\\/#website\"},\"primaryImageOfPage\":{\"@id\":\"https:\\\/\\\/www.eldiario.net\\\/portal\\\/2023\\\/08\\\/14\\\/airtech-challenge-2023-el-reto-para-innovar-en-la-industria-del-aire-amplia-su-convocatoria\\\/#primaryimage\"},\"image\":{\"@id\":\"https:\\\/\\\/www.eldiario.net\\\/portal\\\/2023\\\/08\\\/14\\\/airtech-challenge-2023-el-reto-para-innovar-en-la-industria-del-aire-amplia-su-convocatoria\\\/#primaryimage\"},\"thumbnailUrl\":\"https:\\\/\\\/www.eldiario.net\\\/portal\\\/wp-content\\\/uploads\\\/2023\\\/08\\\/7-B-1-scaled-1.jpg\",\"datePublished\":\"2023-08-14T11:12:52+00:00\",\"breadcrumb\":{\"@id\":\"https:\\\/\\\/www.eldiario.net\\\/portal\\\/2023\\\/08\\\/14\\\/airtech-challenge-2023-el-reto-para-innovar-en-la-industria-del-aire-amplia-su-convocatoria\\\/#breadcrumb\"},\"inLanguage\":\"es\",\"potentialAction\":[{\"@type\":\"ReadAction\",\"target\":[\"https:\\\/\\\/www.eldiario.net\\\/portal\\\/2023\\\/08\\\/14\\\/airtech-challenge-2023-el-reto-para-innovar-en-la-industria-del-aire-amplia-su-convocatoria\\\/\"]}]},{\"@type\":\"ImageObject\",\"inLanguage\":\"es\",\"@id\":\"https:\\\/\\\/www.eldiario.net\\\/portal\\\/2023\\\/08\\\/14\\\/airtech-challenge-2023-el-reto-para-innovar-en-la-industria-del-aire-amplia-su-convocatoria\\\/#primaryimage\",\"url\":\"https:\\\/\\\/www.eldiario.net\\\/portal\\\/wp-content\\\/uploads\\\/2023\\\/08\\\/7-B-1-scaled-1.jpg\",\"contentUrl\":\"https:\\\/\\\/www.eldiario.net\\\/portal\\\/wp-content\\\/uploads\\\/2023\\\/08\\\/7-B-1-scaled-1.jpg\",\"width\":2560,\"height\":1334},{\"@type\":\"BreadcrumbList\",\"@id\":\"https:\\\/\\\/www.eldiario.net\\\/portal\\\/2023\\\/08\\\/14\\\/airtech-challenge-2023-el-reto-para-innovar-en-la-industria-del-aire-amplia-su-convocatoria\\\/#breadcrumb\",\"itemListElement\":[{\"@type\":\"ListItem\",\"position\":1,\"name\":\"Portada\",\"item\":\"https:\\\/\\\/www.eldiario.net\\\/portal\\\/\"},{\"@type\":\"ListItem\",\"position\":2,\"name\":\"Airtech Challenge 2023: el reto para innovar en la industria del aire ampl\u00eda su convocatoria\"}]},{\"@type\":\"WebSite\",\"@id\":\"https:\\\/\\\/www.eldiario.net\\\/portal\\\/#website\",\"url\":\"https:\\\/\\\/www.eldiario.net\\\/portal\\\/\",\"name\":\"El Diario - Decano de la prensa nacional\",\"description\":\"El Diario - Decano de la prensa nacional\",\"publisher\":{\"@id\":\"https:\\\/\\\/www.eldiario.net\\\/portal\\\/#organization\"},\"potentialAction\":[{\"@type\":\"SearchAction\",\"target\":{\"@type\":\"EntryPoint\",\"urlTemplate\":\"https:\\\/\\\/www.eldiario.net\\\/portal\\\/?s={search_term_string}\"},\"query-input\":{\"@type\":\"PropertyValueSpecification\",\"valueRequired\":true,\"valueName\":\"search_term_string\"}}],\"inLanguage\":\"es\"},{\"@type\":\"Organization\",\"@id\":\"https:\\\/\\\/www.eldiario.net\\\/portal\\\/#organization\",\"name\":\"El Diario - Decano de la prensa nacional\",\"url\":\"https:\\\/\\\/www.eldiario.net\\\/portal\\\/\",\"logo\":{\"@type\":\"ImageObject\",\"inLanguage\":\"es\",\"@id\":\"https:\\\/\\\/www.eldiario.net\\\/portal\\\/#\\\/schema\\\/logo\\\/image\\\/\",\"url\":\"https:\\\/\\\/www.eldiario.net\\\/portal\\\/wp-content\\\/uploads\\\/2023\\\/07\\\/logo_ED.jpg\",\"contentUrl\":\"https:\\\/\\\/www.eldiario.net\\\/portal\\\/wp-content\\\/uploads\\\/2023\\\/07\\\/logo_ED.jpg\",\"width\":272,\"height\":52,\"caption\":\"El Diario - Decano de la prensa nacional\"},\"image\":{\"@id\":\"https:\\\/\\\/www.eldiario.net\\\/portal\\\/#\\\/schema\\\/logo\\\/image\\\/\"},\"sameAs\":[\"https:\\\/\\\/www.facebook.com\\\/eldiario.bolivia\\\/\",\"https:\\\/\\\/x.com\\\/eldiario_net\"]},{\"@type\":\"Person\",\"@id\":\"https:\\\/\\\/www.eldiario.net\\\/portal\\\/#\\\/schema\\\/person\\\/f46445640444750d7d753ccd04ae01b7\",\"name\":\"Jeanette\",\"image\":{\"@type\":\"ImageObject\",\"inLanguage\":\"es\",\"@id\":\"https:\\\/\\\/secure.gravatar.com\\\/avatar\\\/3ea2118a5f7dad2b7138b1187a6b7ee55f160b9968b66013c3a3ef39dd7e5798?s=96&d=mm&r=g\",\"url\":\"https:\\\/\\\/secure.gravatar.com\\\/avatar\\\/3ea2118a5f7dad2b7138b1187a6b7ee55f160b9968b66013c3a3ef39dd7e5798?s=96&d=mm&r=g\",\"contentUrl\":\"https:\\\/\\\/secure.gravatar.com\\\/avatar\\\/3ea2118a5f7dad2b7138b1187a6b7ee55f160b9968b66013c3a3ef39dd7e5798?s=96&d=mm&r=g\",\"caption\":\"Jeanette\"},\"sameAs\":[\"https:\\\/\\\/www.eldiario.net\\\/portal\"],\"url\":\"https:\\\/\\\/www.eldiario.net\\\/portal\\\/author\\\/jeanette\\\/\"}]}<\/script>\n<!-- \/ Yoast SEO plugin. -->","yoast_head_json":{"title":"Airtech Challenge 2023: el reto para innovar en la industria del aire ampl\u00eda su convocatoria - El Diario - Bolivia","robots":{"index":"index","follow":"follow","max-snippet":"max-snippet:-1","max-image-preview":"max-image-preview:large","max-video-preview":"max-video-preview:-1"},"canonical":"https:\/\/www.eldiario.net\/portal\/2023\/08\/14\/airtech-challenge-2023-el-reto-para-innovar-en-la-industria-del-aire-amplia-su-convocatoria\/","og_locale":"es_ES","og_type":"article","og_title":"Airtech Challenge 2023: el reto para innovar en la industria del aire ampl\u00eda su convocatoria - El Diario - Bolivia","og_description":"La convocatoria extiende su plazo de aplicaci\u00f3n hasta el 8 de septiembre de 2023; la comunidad emprendedora de todos los pa\u00edses de Latinoam\u00e9rica puede aplicar. Las dos tem\u00e1ticas para ser participar en el Airtech Challenge 2023 son tecnolog\u00eda sustentable y experiencia del usuario y del cliente (UX\/CX); el proyecto ganador realizar\u00e1 un viaje de negocios [&hellip;]","og_url":"https:\/\/www.eldiario.net\/portal\/2023\/08\/14\/airtech-challenge-2023-el-reto-para-innovar-en-la-industria-del-aire-amplia-su-convocatoria\/","og_site_name":"El Diario - Bolivia","article_publisher":"https:\/\/www.facebook.com\/eldiario.bolivia\/","article_published_time":"2023-08-14T11:12:52+00:00","og_image":[{"width":2560,"height":1334,"url":"https:\/\/www.eldiario.net\/portal\/wp-content\/uploads\/2023\/08\/7-B-1-scaled-1.jpg","type":"image\/jpeg"}],"author":"Jeanette","twitter_card":"summary_large_image","twitter_creator":"@eldiario_net","twitter_site":"@eldiario_net","twitter_misc":{"Escrito por":"Jeanette","Tiempo de lectura":"4 minutos"},"schema":{"@context":"https:\/\/schema.org","@graph":[{"@type":"Article","@id":"https:\/\/www.eldiario.net\/portal\/2023\/08\/14\/airtech-challenge-2023-el-reto-para-innovar-en-la-industria-del-aire-amplia-su-convocatoria\/#article","isPartOf":{"@id":"https:\/\/www.eldiario.net\/portal\/2023\/08\/14\/airtech-challenge-2023-el-reto-para-innovar-en-la-industria-del-aire-amplia-su-convocatoria\/"},"author":{"name":"Jeanette","@id":"https:\/\/www.eldiario.net\/portal\/#\/schema\/person\/f46445640444750d7d753ccd04ae01b7"},"headline":"Airtech Challenge 2023: el reto para innovar en la industria del aire ampl\u00eda su convocatoria","datePublished":"2023-08-14T11:12:52+00:00","mainEntityOfPage":{"@id":"https:\/\/www.eldiario.net\/portal\/2023\/08\/14\/airtech-challenge-2023-el-reto-para-innovar-en-la-industria-del-aire-amplia-su-convocatoria\/"},"wordCount":794,"publisher":{"@id":"https:\/\/www.eldiario.net\/portal\/#organization"},"image":{"@id":"https:\/\/www.eldiario.net\/portal\/2023\/08\/14\/airtech-challenge-2023-el-reto-para-innovar-en-la-industria-del-aire-amplia-su-convocatoria\/#primaryimage"},"thumbnailUrl":"https:\/\/www.eldiario.net\/portal\/wp-content\/uploads\/2023\/08\/7-B-1-scaled-1.jpg","articleSection":["Ciencia y Computaci\u00f3n"],"inLanguage":"es"},{"@type":"WebPage","@id":"https:\/\/www.eldiario.net\/portal\/2023\/08\/14\/airtech-challenge-2023-el-reto-para-innovar-en-la-industria-del-aire-amplia-su-convocatoria\/","url":"https:\/\/www.eldiario.net\/portal\/2023\/08\/14\/airtech-challenge-2023-el-reto-para-innovar-en-la-industria-del-aire-amplia-su-convocatoria\/","name":"Airtech Challenge 2023: el reto para innovar en la industria del aire ampl\u00eda su convocatoria - El Diario - Bolivia","isPartOf":{"@id":"https:\/\/www.eldiario.net\/portal\/#website"},"primaryImageOfPage":{"@id":"https:\/\/www.eldiario.net\/portal\/2023\/08\/14\/airtech-challenge-2023-el-reto-para-innovar-en-la-industria-del-aire-amplia-su-convocatoria\/#primaryimage"},"image":{"@id":"https:\/\/www.eldiario.net\/portal\/2023\/08\/14\/airtech-challenge-2023-el-reto-para-innovar-en-la-industria-del-aire-amplia-su-convocatoria\/#primaryimage"},"thumbnailUrl":"https:\/\/www.eldiario.net\/portal\/wp-content\/uploads\/2023\/08\/7-B-1-scaled-1.jpg","datePublished":"2023-08-14T11:12:52+00:00","breadcrumb":{"@id":"https:\/\/www.eldiario.net\/portal\/2023\/08\/14\/airtech-challenge-2023-el-reto-para-innovar-en-la-industria-del-aire-amplia-su-convocatoria\/#breadcrumb"},"inLanguage":"es","potentialAction":[{"@type":"ReadAction","target":["https:\/\/www.eldiario.net\/portal\/2023\/08\/14\/airtech-challenge-2023-el-reto-para-innovar-en-la-industria-del-aire-amplia-su-convocatoria\/"]}]},{"@type":"ImageObject","inLanguage":"es","@id":"https:\/\/www.eldiario.net\/portal\/2023\/08\/14\/airtech-challenge-2023-el-reto-para-innovar-en-la-industria-del-aire-amplia-su-convocatoria\/#primaryimage","url":"https:\/\/www.eldiario.net\/portal\/wp-content\/uploads\/2023\/08\/7-B-1-scaled-1.jpg","contentUrl":"https:\/\/www.eldiario.net\/portal\/wp-content\/uploads\/2023\/08\/7-B-1-scaled-1.jpg","width":2560,"height":1334},{"@type":"BreadcrumbList","@id":"https:\/\/www.eldiario.net\/portal\/2023\/08\/14\/airtech-challenge-2023-el-reto-para-innovar-en-la-industria-del-aire-amplia-su-convocatoria\/#breadcrumb","itemListElement":[{"@type":"ListItem","position":1,"name":"Portada","item":"https:\/\/www.eldiario.net\/portal\/"},{"@type":"ListItem","position":2,"name":"Airtech Challenge 2023: el reto para innovar en la industria del aire ampl\u00eda su convocatoria"}]},{"@type":"WebSite","@id":"https:\/\/www.eldiario.net\/portal\/#website","url":"https:\/\/www.eldiario.net\/portal\/","name":"El Diario - Decano de la prensa nacional","description":"El Diario - Decano de la prensa nacional","publisher":{"@id":"https:\/\/www.eldiario.net\/portal\/#organization"},"potentialAction":[{"@type":"SearchAction","target":{"@type":"EntryPoint","urlTemplate":"https:\/\/www.eldiario.net\/portal\/?s={search_term_string}"},"query-input":{"@type":"PropertyValueSpecification","valueRequired":true,"valueName":"search_term_string"}}],"inLanguage":"es"},{"@type":"Organization","@id":"https:\/\/www.eldiario.net\/portal\/#organization","name":"El Diario - Decano de la prensa nacional","url":"https:\/\/www.eldiario.net\/portal\/","logo":{"@type":"ImageObject","inLanguage":"es","@id":"https:\/\/www.eldiario.net\/portal\/#\/schema\/logo\/image\/","url":"https:\/\/www.eldiario.net\/portal\/wp-content\/uploads\/2023\/07\/logo_ED.jpg","contentUrl":"https:\/\/www.eldiario.net\/portal\/wp-content\/uploads\/2023\/07\/logo_ED.jpg","width":272,"height":52,"caption":"El Diario - Decano de la prensa nacional"},"image":{"@id":"https:\/\/www.eldiario.net\/portal\/#\/schema\/logo\/image\/"},"sameAs":["https:\/\/www.facebook.com\/eldiario.bolivia\/","https:\/\/x.com\/eldiario_net"]},{"@type":"Person","@id":"https:\/\/www.eldiario.net\/portal\/#\/schema\/person\/f46445640444750d7d753ccd04ae01b7","name":"Jeanette","image":{"@type":"ImageObject","inLanguage":"es","@id":"https:\/\/secure.gravatar.com\/avatar\/3ea2118a5f7dad2b7138b1187a6b7ee55f160b9968b66013c3a3ef39dd7e5798?s=96&d=mm&r=g","url":"https:\/\/secure.gravatar.com\/avatar\/3ea2118a5f7dad2b7138b1187a6b7ee55f160b9968b66013c3a3ef39dd7e5798?s=96&d=mm&r=g","contentUrl":"https:\/\/secure.gravatar.com\/avatar\/3ea2118a5f7dad2b7138b1187a6b7ee55f160b9968b66013c3a3ef39dd7e5798?s=96&d=mm&r=g","caption":"Jeanette"},"sameAs":["https:\/\/www.eldiario.net\/portal"],"url":"https:\/\/www.eldiario.net\/portal\/author\/jeanette\/"}]}},"_links":{"self":[{"href":"https:\/\/www.eldiario.net\/portal\/wp-json\/wp\/v2\/posts\/171002","targetHints":{"allow":["GET"]}}],"collection":[{"href":"https:\/\/www.eldiario.net\/portal\/wp-json\/wp\/v2\/posts"}],"about":[{"href":"https:\/\/www.eldiario.net\/portal\/wp-json\/wp\/v2\/types\/post"}],"author":[{"embeddable":true,"href":"https:\/\/www.eldiario.net\/portal\/wp-json\/wp\/v2\/users\/1"}],"replies":[{"embeddable":true,"href":"https:\/\/www.eldiario.net\/portal\/wp-json\/wp\/v2\/comments?post=171002"}],"version-history":[{"count":0,"href":"https:\/\/www.eldiario.net\/portal\/wp-json\/wp\/v2\/posts\/171002\/revisions"}],"wp:featuredmedia":[{"embeddable":true,"href":"https:\/\/www.eldiario.net\/portal\/wp-json\/wp\/v2\/media\/171003"}],"wp:attachment":[{"href":"https:\/\/www.eldiario.net\/portal\/wp-json\/wp\/v2\/media?parent=171002"}],"wp:term":[{"taxonomy":"category","embeddable":true,"href":"https:\/\/www.eldiario.net\/portal\/wp-json\/wp\/v2\/categories?post=171002"},{"taxonomy":"post_tag","embeddable":true,"href":"https:\/\/www.eldiario.net\/portal\/wp-json\/wp\/v2\/tags?post=171002"}],"curies":[{"name":"wp","href":"https:\/\/api.w.org\/{rel}","templated":true}]}}