{"id":170700,"date":"2023-08-13T00:17:26","date_gmt":"2023-08-13T04:17:26","guid":{"rendered":"https:\/\/www.eldiario.net\/portal\/?p=170700"},"modified":"2023-08-13T00:17:26","modified_gmt":"2023-08-13T04:17:26","slug":"hablame-llega-a-la-pantalla-grande","status":"publish","type":"post","link":"https:\/\/www.eldiario.net\/portal\/2023\/08\/13\/hablame-llega-a-la-pantalla-grande\/","title":{"rendered":"\u201cH\u00e1blame\u201d llega a la pantalla grande"},"content":{"rendered":"<p>H\u00e1blame cuenta la historia de un grupo de amigos que descubren c\u00f3mo conjurar esp\u00edritus utilizando una mano embalsamada. Este nuevo conocimiento les despierta una emoci\u00f3n inesperada y empiezan a usarlo cada vez m\u00e1s hasta que uno de ellos va demasiado lejos y desata terribles fuerzas sobrenaturales.<br \/>\nLa pel\u00edcula es un viaje de terror sobrenatural donde cada uno de los involucrados sigue en contacto con los esp\u00edritus y deben intentar hacer todo lo posible para salvarse. La cinta tambi\u00e9n busca profundizar en otras tem\u00e1ticas como el paso de la ni\u00f1ez a la adultez, esa etapa en la que segu\u00eds asumiendo riesgos, pero las consecuencias son m\u00e1s complejas. H\u00e1blame es un fiel reflejo de la adolescencia, donde uno no sabe c\u00f3mo lidiar con los sentimientos y descubre algunas v\u00e1lvulas de escape que alteran la mente.<br \/>\nLa cinta est\u00e1 protagonizada por Sophie Wilde, Miranda Otto, Joe Bird y Alexandra Jensen. Tambi\u00e9n es la \u00f3pera prima de Danny y Michael Philippou, es decir, la primera pel\u00edcula que dirigen juntos. No es la primera vez que los dos hermanos deben enfrentarse al desaf\u00edo de la direcci\u00f3n y posproducci\u00f3n ya que previamente manejaron un exitoso canal de YouTube conocido como RackaRacka. Sin embargo, en este proyecto, buscaron marcar una diferencia. Ambos cineastas priorizaron dos cosas a la hora de contar esta historia: dise\u00f1ar un mundo totalmente cre\u00edble a trav\u00e9s de los efectos visuales e indagar en un mensaje m\u00e1s profundo, que trascienda el miedo habitual de una pel\u00edcula de terror, e invite a una reflexi\u00f3n. (Diamond Films)<\/p>\n","protected":false},"excerpt":{"rendered":"<p>H\u00e1blame cuenta la historia de un grupo de amigos que descubren c\u00f3mo conjurar esp\u00edritus utilizando una mano embalsamada. Este nuevo conocimiento les despierta una emoci\u00f3n inesperada y empiezan a usarlo cada vez m\u00e1s hasta que uno de ellos va demasiado lejos y desata terribles fuerzas sobrenaturales. La pel\u00edcula es un viaje de terror sobrenatural donde [&hellip;]<\/p>\n","protected":false},"author":1,"featured_media":170701,"comment_status":"closed","ping_status":"open","sticky":false,"template":"","format":"standard","meta":{"_acf_changed":false,"footnotes":""},"categories":[45],"tags":[],"class_list":["post-170700","post","type-post","status-publish","format-standard","has-post-thumbnail","category-cine-mundo"],"acf":{"antetitulo":""},"yoast_head":"<!-- This site is optimized with the Yoast SEO plugin v28.3 - https:\/\/yoast.com\/product\/yoast-seo-wordpress\/ -->\n<title>\u201cH\u00e1blame\u201d llega a la pantalla grande - El Diario - Bolivia<\/title>\n<meta name=\"robots\" content=\"index, follow, max-snippet:-1, max-image-preview:large, max-video-preview:-1\" \/>\n<link rel=\"canonical\" href=\"https:\/\/www.eldiario.net\/portal\/2023\/08\/13\/hablame-llega-a-la-pantalla-grande\/\" \/>\n<meta property=\"og:locale\" content=\"es_ES\" \/>\n<meta property=\"og:type\" content=\"article\" \/>\n<meta property=\"og:title\" content=\"\u201cH\u00e1blame\u201d llega a la pantalla grande - El Diario - Bolivia\" \/>\n<meta property=\"og:description\" content=\"H\u00e1blame cuenta la historia de un grupo de amigos que descubren c\u00f3mo conjurar esp\u00edritus utilizando una mano embalsamada. Este nuevo conocimiento les despierta una emoci\u00f3n inesperada y empiezan a usarlo cada vez m\u00e1s hasta que uno de ellos va demasiado lejos y desata terribles fuerzas sobrenaturales. La pel\u00edcula es un viaje de terror sobrenatural donde [&hellip;]\" \/>\n<meta property=\"og:url\" content=\"https:\/\/www.eldiario.net\/portal\/2023\/08\/13\/hablame-llega-a-la-pantalla-grande\/\" \/>\n<meta property=\"og:site_name\" content=\"El Diario - Bolivia\" \/>\n<meta property=\"article:publisher\" content=\"https:\/\/www.facebook.com\/eldiario.bolivia\/\" \/>\n<meta property=\"article:published_time\" content=\"2023-08-13T04:17:26+00:00\" \/>\n<meta property=\"og:image\" content=\"https:\/\/www.eldiario.net\/portal\/wp-content\/uploads\/2023\/08\/Hablame-llega-a-la-pantalla-grande.jpg\" \/>\n\t<meta property=\"og:image:width\" content=\"1667\" \/>\n\t<meta property=\"og:image:height\" content=\"1250\" \/>\n\t<meta property=\"og:image:type\" content=\"image\/jpeg\" \/>\n<meta name=\"author\" content=\"Jeanette\" \/>\n<meta name=\"twitter:card\" content=\"summary_large_image\" \/>\n<meta name=\"twitter:creator\" content=\"@eldiario_net\" \/>\n<meta name=\"twitter:site\" content=\"@eldiario_net\" \/>\n<meta name=\"twitter:label1\" content=\"Escrito por\" \/>\n\t<meta name=\"twitter:data1\" content=\"Jeanette\" \/>\n<script type=\"application\/ld+json\" class=\"yoast-schema-graph\">{\"@context\":\"https:\\\/\\\/schema.org\",\"@graph\":[{\"@type\":\"Article\",\"@id\":\"https:\\\/\\\/www.eldiario.net\\\/portal\\\/2023\\\/08\\\/13\\\/hablame-llega-a-la-pantalla-grande\\\/#article\",\"isPartOf\":{\"@id\":\"https:\\\/\\\/www.eldiario.net\\\/portal\\\/2023\\\/08\\\/13\\\/hablame-llega-a-la-pantalla-grande\\\/\"},\"author\":{\"name\":\"Jeanette\",\"@id\":\"https:\\\/\\\/www.eldiario.net\\\/portal\\\/#\\\/schema\\\/person\\\/f46445640444750d7d753ccd04ae01b7\"},\"headline\":\"\u201cH\u00e1blame\u201d llega a la pantalla grande\",\"datePublished\":\"2023-08-13T04:17:26+00:00\",\"mainEntityOfPage\":{\"@id\":\"https:\\\/\\\/www.eldiario.net\\\/portal\\\/2023\\\/08\\\/13\\\/hablame-llega-a-la-pantalla-grande\\\/\"},\"wordCount\":284,\"publisher\":{\"@id\":\"https:\\\/\\\/www.eldiario.net\\\/portal\\\/#organization\"},\"image\":{\"@id\":\"https:\\\/\\\/www.eldiario.net\\\/portal\\\/2023\\\/08\\\/13\\\/hablame-llega-a-la-pantalla-grande\\\/#primaryimage\"},\"thumbnailUrl\":\"https:\\\/\\\/www.eldiario.net\\\/portal\\\/wp-content\\\/uploads\\\/2023\\\/08\\\/Hablame-llega-a-la-pantalla-grande.jpg\",\"articleSection\":[\"Cine Mundo\"],\"inLanguage\":\"es\"},{\"@type\":\"WebPage\",\"@id\":\"https:\\\/\\\/www.eldiario.net\\\/portal\\\/2023\\\/08\\\/13\\\/hablame-llega-a-la-pantalla-grande\\\/\",\"url\":\"https:\\\/\\\/www.eldiario.net\\\/portal\\\/2023\\\/08\\\/13\\\/hablame-llega-a-la-pantalla-grande\\\/\",\"name\":\"\u201cH\u00e1blame\u201d llega a la pantalla grande - El Diario - Bolivia\",\"isPartOf\":{\"@id\":\"https:\\\/\\\/www.eldiario.net\\\/portal\\\/#website\"},\"primaryImageOfPage\":{\"@id\":\"https:\\\/\\\/www.eldiario.net\\\/portal\\\/2023\\\/08\\\/13\\\/hablame-llega-a-la-pantalla-grande\\\/#primaryimage\"},\"image\":{\"@id\":\"https:\\\/\\\/www.eldiario.net\\\/portal\\\/2023\\\/08\\\/13\\\/hablame-llega-a-la-pantalla-grande\\\/#primaryimage\"},\"thumbnailUrl\":\"https:\\\/\\\/www.eldiario.net\\\/portal\\\/wp-content\\\/uploads\\\/2023\\\/08\\\/Hablame-llega-a-la-pantalla-grande.jpg\",\"datePublished\":\"2023-08-13T04:17:26+00:00\",\"breadcrumb\":{\"@id\":\"https:\\\/\\\/www.eldiario.net\\\/portal\\\/2023\\\/08\\\/13\\\/hablame-llega-a-la-pantalla-grande\\\/#breadcrumb\"},\"inLanguage\":\"es\",\"potentialAction\":[{\"@type\":\"ReadAction\",\"target\":[\"https:\\\/\\\/www.eldiario.net\\\/portal\\\/2023\\\/08\\\/13\\\/hablame-llega-a-la-pantalla-grande\\\/\"]}]},{\"@type\":\"ImageObject\",\"inLanguage\":\"es\",\"@id\":\"https:\\\/\\\/www.eldiario.net\\\/portal\\\/2023\\\/08\\\/13\\\/hablame-llega-a-la-pantalla-grande\\\/#primaryimage\",\"url\":\"https:\\\/\\\/www.eldiario.net\\\/portal\\\/wp-content\\\/uploads\\\/2023\\\/08\\\/Hablame-llega-a-la-pantalla-grande.jpg\",\"contentUrl\":\"https:\\\/\\\/www.eldiario.net\\\/portal\\\/wp-content\\\/uploads\\\/2023\\\/08\\\/Hablame-llega-a-la-pantalla-grande.jpg\",\"width\":1667,\"height\":1250},{\"@type\":\"BreadcrumbList\",\"@id\":\"https:\\\/\\\/www.eldiario.net\\\/portal\\\/2023\\\/08\\\/13\\\/hablame-llega-a-la-pantalla-grande\\\/#breadcrumb\",\"itemListElement\":[{\"@type\":\"ListItem\",\"position\":1,\"name\":\"Portada\",\"item\":\"https:\\\/\\\/www.eldiario.net\\\/portal\\\/\"},{\"@type\":\"ListItem\",\"position\":2,\"name\":\"\u201cH\u00e1blame\u201d llega a la pantalla grande\"}]},{\"@type\":\"WebSite\",\"@id\":\"https:\\\/\\\/www.eldiario.net\\\/portal\\\/#website\",\"url\":\"https:\\\/\\\/www.eldiario.net\\\/portal\\\/\",\"name\":\"El Diario - Decano de la prensa nacional\",\"description\":\"El Diario - Decano de la prensa nacional\",\"publisher\":{\"@id\":\"https:\\\/\\\/www.eldiario.net\\\/portal\\\/#organization\"},\"potentialAction\":[{\"@type\":\"SearchAction\",\"target\":{\"@type\":\"EntryPoint\",\"urlTemplate\":\"https:\\\/\\\/www.eldiario.net\\\/portal\\\/?s={search_term_string}\"},\"query-input\":{\"@type\":\"PropertyValueSpecification\",\"valueRequired\":true,\"valueName\":\"search_term_string\"}}],\"inLanguage\":\"es\"},{\"@type\":\"Organization\",\"@id\":\"https:\\\/\\\/www.eldiario.net\\\/portal\\\/#organization\",\"name\":\"El Diario - Decano de la prensa nacional\",\"url\":\"https:\\\/\\\/www.eldiario.net\\\/portal\\\/\",\"logo\":{\"@type\":\"ImageObject\",\"inLanguage\":\"es\",\"@id\":\"https:\\\/\\\/www.eldiario.net\\\/portal\\\/#\\\/schema\\\/logo\\\/image\\\/\",\"url\":\"https:\\\/\\\/www.eldiario.net\\\/portal\\\/wp-content\\\/uploads\\\/2023\\\/07\\\/logo_ED.jpg\",\"contentUrl\":\"https:\\\/\\\/www.eldiario.net\\\/portal\\\/wp-content\\\/uploads\\\/2023\\\/07\\\/logo_ED.jpg\",\"width\":272,\"height\":52,\"caption\":\"El Diario - Decano de la prensa nacional\"},\"image\":{\"@id\":\"https:\\\/\\\/www.eldiario.net\\\/portal\\\/#\\\/schema\\\/logo\\\/image\\\/\"},\"sameAs\":[\"https:\\\/\\\/www.facebook.com\\\/eldiario.bolivia\\\/\",\"https:\\\/\\\/x.com\\\/eldiario_net\"]},{\"@type\":\"Person\",\"@id\":\"https:\\\/\\\/www.eldiario.net\\\/portal\\\/#\\\/schema\\\/person\\\/f46445640444750d7d753ccd04ae01b7\",\"name\":\"Jeanette\",\"image\":{\"@type\":\"ImageObject\",\"inLanguage\":\"es\",\"@id\":\"https:\\\/\\\/secure.gravatar.com\\\/avatar\\\/3ea2118a5f7dad2b7138b1187a6b7ee55f160b9968b66013c3a3ef39dd7e5798?s=96&d=mm&r=g\",\"url\":\"https:\\\/\\\/secure.gravatar.com\\\/avatar\\\/3ea2118a5f7dad2b7138b1187a6b7ee55f160b9968b66013c3a3ef39dd7e5798?s=96&d=mm&r=g\",\"contentUrl\":\"https:\\\/\\\/secure.gravatar.com\\\/avatar\\\/3ea2118a5f7dad2b7138b1187a6b7ee55f160b9968b66013c3a3ef39dd7e5798?s=96&d=mm&r=g\",\"caption\":\"Jeanette\"},\"sameAs\":[\"https:\\\/\\\/www.eldiario.net\\\/portal\"],\"url\":\"https:\\\/\\\/www.eldiario.net\\\/portal\\\/author\\\/jeanette\\\/\"}]}<\/script>\n<!-- \/ Yoast SEO plugin. -->","yoast_head_json":{"title":"\u201cH\u00e1blame\u201d llega a la pantalla grande - El Diario - Bolivia","robots":{"index":"index","follow":"follow","max-snippet":"max-snippet:-1","max-image-preview":"max-image-preview:large","max-video-preview":"max-video-preview:-1"},"canonical":"https:\/\/www.eldiario.net\/portal\/2023\/08\/13\/hablame-llega-a-la-pantalla-grande\/","og_locale":"es_ES","og_type":"article","og_title":"\u201cH\u00e1blame\u201d llega a la pantalla grande - El Diario - Bolivia","og_description":"H\u00e1blame cuenta la historia de un grupo de amigos que descubren c\u00f3mo conjurar esp\u00edritus utilizando una mano embalsamada. Este nuevo conocimiento les despierta una emoci\u00f3n inesperada y empiezan a usarlo cada vez m\u00e1s hasta que uno de ellos va demasiado lejos y desata terribles fuerzas sobrenaturales. La pel\u00edcula es un viaje de terror sobrenatural donde [&hellip;]","og_url":"https:\/\/www.eldiario.net\/portal\/2023\/08\/13\/hablame-llega-a-la-pantalla-grande\/","og_site_name":"El Diario - Bolivia","article_publisher":"https:\/\/www.facebook.com\/eldiario.bolivia\/","article_published_time":"2023-08-13T04:17:26+00:00","og_image":[{"width":1667,"height":1250,"url":"https:\/\/www.eldiario.net\/portal\/wp-content\/uploads\/2023\/08\/Hablame-llega-a-la-pantalla-grande.jpg","type":"image\/jpeg"}],"author":"Jeanette","twitter_card":"summary_large_image","twitter_creator":"@eldiario_net","twitter_site":"@eldiario_net","twitter_misc":{"Escrito por":"Jeanette"},"schema":{"@context":"https:\/\/schema.org","@graph":[{"@type":"Article","@id":"https:\/\/www.eldiario.net\/portal\/2023\/08\/13\/hablame-llega-a-la-pantalla-grande\/#article","isPartOf":{"@id":"https:\/\/www.eldiario.net\/portal\/2023\/08\/13\/hablame-llega-a-la-pantalla-grande\/"},"author":{"name":"Jeanette","@id":"https:\/\/www.eldiario.net\/portal\/#\/schema\/person\/f46445640444750d7d753ccd04ae01b7"},"headline":"\u201cH\u00e1blame\u201d llega a la pantalla grande","datePublished":"2023-08-13T04:17:26+00:00","mainEntityOfPage":{"@id":"https:\/\/www.eldiario.net\/portal\/2023\/08\/13\/hablame-llega-a-la-pantalla-grande\/"},"wordCount":284,"publisher":{"@id":"https:\/\/www.eldiario.net\/portal\/#organization"},"image":{"@id":"https:\/\/www.eldiario.net\/portal\/2023\/08\/13\/hablame-llega-a-la-pantalla-grande\/#primaryimage"},"thumbnailUrl":"https:\/\/www.eldiario.net\/portal\/wp-content\/uploads\/2023\/08\/Hablame-llega-a-la-pantalla-grande.jpg","articleSection":["Cine Mundo"],"inLanguage":"es"},{"@type":"WebPage","@id":"https:\/\/www.eldiario.net\/portal\/2023\/08\/13\/hablame-llega-a-la-pantalla-grande\/","url":"https:\/\/www.eldiario.net\/portal\/2023\/08\/13\/hablame-llega-a-la-pantalla-grande\/","name":"\u201cH\u00e1blame\u201d llega a la pantalla grande - El Diario - Bolivia","isPartOf":{"@id":"https:\/\/www.eldiario.net\/portal\/#website"},"primaryImageOfPage":{"@id":"https:\/\/www.eldiario.net\/portal\/2023\/08\/13\/hablame-llega-a-la-pantalla-grande\/#primaryimage"},"image":{"@id":"https:\/\/www.eldiario.net\/portal\/2023\/08\/13\/hablame-llega-a-la-pantalla-grande\/#primaryimage"},"thumbnailUrl":"https:\/\/www.eldiario.net\/portal\/wp-content\/uploads\/2023\/08\/Hablame-llega-a-la-pantalla-grande.jpg","datePublished":"2023-08-13T04:17:26+00:00","breadcrumb":{"@id":"https:\/\/www.eldiario.net\/portal\/2023\/08\/13\/hablame-llega-a-la-pantalla-grande\/#breadcrumb"},"inLanguage":"es","potentialAction":[{"@type":"ReadAction","target":["https:\/\/www.eldiario.net\/portal\/2023\/08\/13\/hablame-llega-a-la-pantalla-grande\/"]}]},{"@type":"ImageObject","inLanguage":"es","@id":"https:\/\/www.eldiario.net\/portal\/2023\/08\/13\/hablame-llega-a-la-pantalla-grande\/#primaryimage","url":"https:\/\/www.eldiario.net\/portal\/wp-content\/uploads\/2023\/08\/Hablame-llega-a-la-pantalla-grande.jpg","contentUrl":"https:\/\/www.eldiario.net\/portal\/wp-content\/uploads\/2023\/08\/Hablame-llega-a-la-pantalla-grande.jpg","width":1667,"height":1250},{"@type":"BreadcrumbList","@id":"https:\/\/www.eldiario.net\/portal\/2023\/08\/13\/hablame-llega-a-la-pantalla-grande\/#breadcrumb","itemListElement":[{"@type":"ListItem","position":1,"name":"Portada","item":"https:\/\/www.eldiario.net\/portal\/"},{"@type":"ListItem","position":2,"name":"\u201cH\u00e1blame\u201d llega a la pantalla grande"}]},{"@type":"WebSite","@id":"https:\/\/www.eldiario.net\/portal\/#website","url":"https:\/\/www.eldiario.net\/portal\/","name":"El Diario - Decano de la prensa nacional","description":"El Diario - Decano de la prensa nacional","publisher":{"@id":"https:\/\/www.eldiario.net\/portal\/#organization"},"potentialAction":[{"@type":"SearchAction","target":{"@type":"EntryPoint","urlTemplate":"https:\/\/www.eldiario.net\/portal\/?s={search_term_string}"},"query-input":{"@type":"PropertyValueSpecification","valueRequired":true,"valueName":"search_term_string"}}],"inLanguage":"es"},{"@type":"Organization","@id":"https:\/\/www.eldiario.net\/portal\/#organization","name":"El Diario - Decano de la prensa nacional","url":"https:\/\/www.eldiario.net\/portal\/","logo":{"@type":"ImageObject","inLanguage":"es","@id":"https:\/\/www.eldiario.net\/portal\/#\/schema\/logo\/image\/","url":"https:\/\/www.eldiario.net\/portal\/wp-content\/uploads\/2023\/07\/logo_ED.jpg","contentUrl":"https:\/\/www.eldiario.net\/portal\/wp-content\/uploads\/2023\/07\/logo_ED.jpg","width":272,"height":52,"caption":"El Diario - Decano de la prensa nacional"},"image":{"@id":"https:\/\/www.eldiario.net\/portal\/#\/schema\/logo\/image\/"},"sameAs":["https:\/\/www.facebook.com\/eldiario.bolivia\/","https:\/\/x.com\/eldiario_net"]},{"@type":"Person","@id":"https:\/\/www.eldiario.net\/portal\/#\/schema\/person\/f46445640444750d7d753ccd04ae01b7","name":"Jeanette","image":{"@type":"ImageObject","inLanguage":"es","@id":"https:\/\/secure.gravatar.com\/avatar\/3ea2118a5f7dad2b7138b1187a6b7ee55f160b9968b66013c3a3ef39dd7e5798?s=96&d=mm&r=g","url":"https:\/\/secure.gravatar.com\/avatar\/3ea2118a5f7dad2b7138b1187a6b7ee55f160b9968b66013c3a3ef39dd7e5798?s=96&d=mm&r=g","contentUrl":"https:\/\/secure.gravatar.com\/avatar\/3ea2118a5f7dad2b7138b1187a6b7ee55f160b9968b66013c3a3ef39dd7e5798?s=96&d=mm&r=g","caption":"Jeanette"},"sameAs":["https:\/\/www.eldiario.net\/portal"],"url":"https:\/\/www.eldiario.net\/portal\/author\/jeanette\/"}]}},"_links":{"self":[{"href":"https:\/\/www.eldiario.net\/portal\/wp-json\/wp\/v2\/posts\/170700","targetHints":{"allow":["GET"]}}],"collection":[{"href":"https:\/\/www.eldiario.net\/portal\/wp-json\/wp\/v2\/posts"}],"about":[{"href":"https:\/\/www.eldiario.net\/portal\/wp-json\/wp\/v2\/types\/post"}],"author":[{"embeddable":true,"href":"https:\/\/www.eldiario.net\/portal\/wp-json\/wp\/v2\/users\/1"}],"replies":[{"embeddable":true,"href":"https:\/\/www.eldiario.net\/portal\/wp-json\/wp\/v2\/comments?post=170700"}],"version-history":[{"count":0,"href":"https:\/\/www.eldiario.net\/portal\/wp-json\/wp\/v2\/posts\/170700\/revisions"}],"wp:featuredmedia":[{"embeddable":true,"href":"https:\/\/www.eldiario.net\/portal\/wp-json\/wp\/v2\/media\/170701"}],"wp:attachment":[{"href":"https:\/\/www.eldiario.net\/portal\/wp-json\/wp\/v2\/media?parent=170700"}],"wp:term":[{"taxonomy":"category","embeddable":true,"href":"https:\/\/www.eldiario.net\/portal\/wp-json\/wp\/v2\/categories?post=170700"},{"taxonomy":"post_tag","embeddable":true,"href":"https:\/\/www.eldiario.net\/portal\/wp-json\/wp\/v2\/tags?post=170700"}],"curies":[{"name":"wp","href":"https:\/\/api.w.org\/{rel}","templated":true}]}}