{"id":170685,"date":"2023-08-13T00:11:02","date_gmt":"2023-08-13T04:11:02","guid":{"rendered":"https:\/\/www.eldiario.net\/portal\/?p=170685"},"modified":"2023-08-13T00:11:02","modified_gmt":"2023-08-13T04:11:02","slug":"la-creacion-de-dracula","status":"publish","type":"post","link":"https:\/\/www.eldiario.net\/portal\/2023\/08\/13\/la-creacion-de-dracula\/","title":{"rendered":"La creaci\u00f3n de Dr\u00e1cula"},"content":{"rendered":"<p>Para dar vida a la aterradora representaci\u00f3n de Dr\u00e1cula en la pel\u00edcula Dr\u00e1cula: Mar de Sangre, los cineastas contaron con el talento de Javier Botet, un experimentado actor de movimiento conocido por su interpretaci\u00f3n de criaturas sobrenaturales en pel\u00edculas como Mama, The Mummy y Slender Man. Con su imponente altura de 1.98 m, Botet aport\u00f3 una imponente presencia f\u00edsica al papel de Dr\u00e1cula.<br \/>\nLos cineastas tambi\u00e9n contrataron al artista de maquillaje dos veces nominado al \u00d3scar\u00ae G\u00d6RAN LUNDSTR\u00d6M (Border, House of Gucci) como el dise\u00f1ador de criaturas de la pel\u00edcula. Con los esfuerzos combinados de la interpretaci\u00f3n de Botet y el dise\u00f1o de la criatura de Lundstr\u00f6m, los cineastas se propusieron plasmar la aterradora descripci\u00f3n de Dr\u00e1cula que figuraba en el guion de la pel\u00edcula, con un rostro de pesadilla, blanco como el hueso, la luz de la luna reflej\u00e1ndose roja en unos ojos metidos en unas cuencas negras como el carb\u00f3n, unos dientes filosos como navajas estirados hacia atr\u00e1s, una sonrisa lasciva sin labios y unas alas ampliamente desplegadas \u2014un mal\u00e9volo \u00c1ngel de las Tinieblas.<br \/>\nPara el director Andr\u00e9 \u00d8vredal y el productor Brad Fischer era de primordial importancia hacer hincapi\u00e9 en las pr\u00f3tesis y los efectos especiales de maquillaje que se presentaban frente a la c\u00e1mara. Los referentes creativos incluyeron el ic\u00f3nico trabajo de Rick Baker en An American Werewolf in London y, con respecto a la apariencia y el dise\u00f1o del propio Dr\u00e1cula, la cinta Nosferatu de F.W. Murnau, tal cual es interpretado por Max Schreck en este cl\u00e1sico de Weimar de 1922. Si bien los VFX desempe\u00f1an un papel fundamental en varias de las apariciones de Dr\u00e1cula, especialmente cuando emprende el vuelo en su forma final de murci\u00e9lago \u201cl\u00edder\u201d, la pel\u00edcula final incluye muchos momentos aterradores en los que Botet aparece usando pr\u00f3tesis faciales y de cuerpo completo, confiando por completo en la iluminaci\u00f3n y las pr\u00f3tesis que se capturaban con la c\u00e1mara, sin un solo pixel de im\u00e1genes generadas por computadora.  <\/p>\n<p>\u2022\tEl monstruo de 400 a\u00f1os aparece en cinco fases en la pel\u00edcula Dr\u00e1cula: Mar de Sangre. Durante la preproducci\u00f3n, Lundstr\u00f6m se refiere a las fases de la siguiente manera: 1) Nosferatu fam\u00e9lico y demacrado; 2) Hombre lobo esquel\u00e9tico; 3) Nosferatu hombre; 4) Nosferatu murci\u00e9lago con Dr\u00e1cula incrustado dentro de la anatom\u00eda de la membrana del ala del murci\u00e9lago; y por \u00faltimo, 5) el Dr\u00e1cula completamente alimentado, la fase en la que es capaz de mezclarse entre sus presas humanas \u2013escondido \u201cen la piel de un hombre\u201d, como lo describe el personaje de Anna en la pel\u00edcula.<br \/>\n\u2022\tLos maquillajes de las fases uno y cuatro fueron influenciados por el aspecto del vampiro conde Orlok que interpret\u00f3 el actor Max Schreck en la cinta cl\u00e1sica del expresionismo alem\u00e1n, Nosferatu.<br \/>\n\u2022\tTodo el maquillaje fue dise\u00f1ado para complementar las proporciones esbeltas \u00fanicas de Botet; Lundstr\u00f6m estaba decidido a crear una criatura que fuera realmente aterradora de contemplar, y no un dise\u00f1o que simplemente pareciera \u201ccool\u201d.<br \/>\n\u2022\tLa complicada aplicaci\u00f3n del maquillaje llevaba entre tres y cinco horas. En la cabeza de Botet se pegaron dispositivos prepintados de silicona que encajaban como un elaborado rompecabezas. El cuerpo de Botet estaba vestido con un traje de espuma de l\u00e1tex que combinaba con el aspecto de los dispositivos de silicona de la cabeza. <\/p>\n","protected":false},"excerpt":{"rendered":"<p>Para dar vida a la aterradora representaci\u00f3n de Dr\u00e1cula en la pel\u00edcula Dr\u00e1cula: Mar de Sangre, los cineastas contaron con el talento de Javier Botet, un experimentado actor de movimiento conocido por su interpretaci\u00f3n de criaturas sobrenaturales en pel\u00edculas como Mama, The Mummy y Slender Man. Con su imponente altura de 1.98 m, Botet aport\u00f3 [&hellip;]<\/p>\n","protected":false},"author":1,"featured_media":170686,"comment_status":"closed","ping_status":"open","sticky":false,"template":"","format":"standard","meta":{"_acf_changed":false,"footnotes":""},"categories":[45],"tags":[],"class_list":["post-170685","post","type-post","status-publish","format-standard","has-post-thumbnail","category-cine-mundo"],"acf":{"antetitulo":""},"yoast_head":"<!-- This site is optimized with the Yoast SEO plugin v28.4 - https:\/\/yoast.com\/product\/yoast-seo-wordpress\/ -->\n<title>La creaci\u00f3n de Dr\u00e1cula - El Diario - Bolivia<\/title>\n<meta name=\"robots\" content=\"index, follow, max-snippet:-1, max-image-preview:large, max-video-preview:-1\" \/>\n<link rel=\"canonical\" href=\"https:\/\/www.eldiario.net\/portal\/2023\/08\/13\/la-creacion-de-dracula\/\" \/>\n<meta property=\"og:locale\" content=\"es_ES\" \/>\n<meta property=\"og:type\" content=\"article\" \/>\n<meta property=\"og:title\" content=\"La creaci\u00f3n de Dr\u00e1cula - El Diario - Bolivia\" \/>\n<meta property=\"og:description\" content=\"Para dar vida a la aterradora representaci\u00f3n de Dr\u00e1cula en la pel\u00edcula Dr\u00e1cula: Mar de Sangre, los cineastas contaron con el talento de Javier Botet, un experimentado actor de movimiento conocido por su interpretaci\u00f3n de criaturas sobrenaturales en pel\u00edculas como Mama, The Mummy y Slender Man. Con su imponente altura de 1.98 m, Botet aport\u00f3 [&hellip;]\" \/>\n<meta property=\"og:url\" content=\"https:\/\/www.eldiario.net\/portal\/2023\/08\/13\/la-creacion-de-dracula\/\" \/>\n<meta property=\"og:site_name\" content=\"El Diario - Bolivia\" \/>\n<meta property=\"article:publisher\" content=\"https:\/\/www.facebook.com\/eldiario.bolivia\/\" \/>\n<meta property=\"article:published_time\" content=\"2023-08-13T04:11:02+00:00\" \/>\n<meta property=\"og:image\" content=\"https:\/\/www.eldiario.net\/portal\/wp-content\/uploads\/2023\/08\/La-creacion-de-Dracula-scaled-1.jpg\" \/>\n\t<meta property=\"og:image:width\" content=\"2560\" \/>\n\t<meta property=\"og:image:height\" content=\"1344\" \/>\n\t<meta property=\"og:image:type\" content=\"image\/jpeg\" \/>\n<meta name=\"author\" content=\"Jeanette\" \/>\n<meta name=\"twitter:card\" content=\"summary_large_image\" \/>\n<meta name=\"twitter:creator\" content=\"@eldiario_net\" \/>\n<meta name=\"twitter:site\" content=\"@eldiario_net\" \/>\n<meta name=\"twitter:label1\" content=\"Escrito por\" \/>\n\t<meta name=\"twitter:data1\" content=\"Jeanette\" \/>\n<script type=\"application\/ld+json\" class=\"yoast-schema-graph\">{\"@context\":\"https:\\\/\\\/schema.org\",\"@graph\":[{\"@type\":\"Article\",\"@id\":\"https:\\\/\\\/www.eldiario.net\\\/portal\\\/2023\\\/08\\\/13\\\/la-creacion-de-dracula\\\/#article\",\"isPartOf\":{\"@id\":\"https:\\\/\\\/www.eldiario.net\\\/portal\\\/2023\\\/08\\\/13\\\/la-creacion-de-dracula\\\/\"},\"author\":{\"name\":\"Jeanette\",\"@id\":\"https:\\\/\\\/www.eldiario.net\\\/portal\\\/#\\\/schema\\\/person\\\/2c57cf2b7a7ae032e449e4c9b1019eac\"},\"headline\":\"La creaci\u00f3n de Dr\u00e1cula\",\"datePublished\":\"2023-08-13T04:11:02+00:00\",\"mainEntityOfPage\":{\"@id\":\"https:\\\/\\\/www.eldiario.net\\\/portal\\\/2023\\\/08\\\/13\\\/la-creacion-de-dracula\\\/\"},\"wordCount\":599,\"publisher\":{\"@id\":\"https:\\\/\\\/www.eldiario.net\\\/portal\\\/#organization\"},\"image\":{\"@id\":\"https:\\\/\\\/www.eldiario.net\\\/portal\\\/2023\\\/08\\\/13\\\/la-creacion-de-dracula\\\/#primaryimage\"},\"thumbnailUrl\":\"https:\\\/\\\/www.eldiario.net\\\/portal\\\/wp-content\\\/uploads\\\/2023\\\/08\\\/La-creacion-de-Dracula-scaled-1.jpg\",\"articleSection\":[\"Cine Mundo\"],\"inLanguage\":\"es\"},{\"@type\":\"WebPage\",\"@id\":\"https:\\\/\\\/www.eldiario.net\\\/portal\\\/2023\\\/08\\\/13\\\/la-creacion-de-dracula\\\/\",\"url\":\"https:\\\/\\\/www.eldiario.net\\\/portal\\\/2023\\\/08\\\/13\\\/la-creacion-de-dracula\\\/\",\"name\":\"La creaci\u00f3n de Dr\u00e1cula - El Diario - Bolivia\",\"isPartOf\":{\"@id\":\"https:\\\/\\\/www.eldiario.net\\\/portal\\\/#website\"},\"primaryImageOfPage\":{\"@id\":\"https:\\\/\\\/www.eldiario.net\\\/portal\\\/2023\\\/08\\\/13\\\/la-creacion-de-dracula\\\/#primaryimage\"},\"image\":{\"@id\":\"https:\\\/\\\/www.eldiario.net\\\/portal\\\/2023\\\/08\\\/13\\\/la-creacion-de-dracula\\\/#primaryimage\"},\"thumbnailUrl\":\"https:\\\/\\\/www.eldiario.net\\\/portal\\\/wp-content\\\/uploads\\\/2023\\\/08\\\/La-creacion-de-Dracula-scaled-1.jpg\",\"datePublished\":\"2023-08-13T04:11:02+00:00\",\"breadcrumb\":{\"@id\":\"https:\\\/\\\/www.eldiario.net\\\/portal\\\/2023\\\/08\\\/13\\\/la-creacion-de-dracula\\\/#breadcrumb\"},\"inLanguage\":\"es\",\"potentialAction\":[{\"@type\":\"ReadAction\",\"target\":[\"https:\\\/\\\/www.eldiario.net\\\/portal\\\/2023\\\/08\\\/13\\\/la-creacion-de-dracula\\\/\"]}]},{\"@type\":\"ImageObject\",\"inLanguage\":\"es\",\"@id\":\"https:\\\/\\\/www.eldiario.net\\\/portal\\\/2023\\\/08\\\/13\\\/la-creacion-de-dracula\\\/#primaryimage\",\"url\":\"https:\\\/\\\/www.eldiario.net\\\/portal\\\/wp-content\\\/uploads\\\/2023\\\/08\\\/La-creacion-de-Dracula-scaled-1.jpg\",\"contentUrl\":\"https:\\\/\\\/www.eldiario.net\\\/portal\\\/wp-content\\\/uploads\\\/2023\\\/08\\\/La-creacion-de-Dracula-scaled-1.jpg\",\"width\":2560,\"height\":1344},{\"@type\":\"BreadcrumbList\",\"@id\":\"https:\\\/\\\/www.eldiario.net\\\/portal\\\/2023\\\/08\\\/13\\\/la-creacion-de-dracula\\\/#breadcrumb\",\"itemListElement\":[{\"@type\":\"ListItem\",\"position\":1,\"name\":\"Portada\",\"item\":\"https:\\\/\\\/www.eldiario.net\\\/portal\\\/\"},{\"@type\":\"ListItem\",\"position\":2,\"name\":\"La creaci\u00f3n de Dr\u00e1cula\"}]},{\"@type\":\"WebSite\",\"@id\":\"https:\\\/\\\/www.eldiario.net\\\/portal\\\/#website\",\"url\":\"https:\\\/\\\/www.eldiario.net\\\/portal\\\/\",\"name\":\"El Diario - Decano de la prensa nacional\",\"description\":\"El Diario - Decano de la prensa nacional\",\"publisher\":{\"@id\":\"https:\\\/\\\/www.eldiario.net\\\/portal\\\/#organization\"},\"potentialAction\":[{\"@type\":\"SearchAction\",\"target\":{\"@type\":\"EntryPoint\",\"urlTemplate\":\"https:\\\/\\\/www.eldiario.net\\\/portal\\\/?s={search_term_string}\"},\"query-input\":{\"@type\":\"PropertyValueSpecification\",\"valueRequired\":true,\"valueName\":\"search_term_string\"}}],\"inLanguage\":\"es\"},{\"@type\":\"Organization\",\"@id\":\"https:\\\/\\\/www.eldiario.net\\\/portal\\\/#organization\",\"name\":\"El Diario - Decano de la prensa nacional\",\"url\":\"https:\\\/\\\/www.eldiario.net\\\/portal\\\/\",\"logo\":{\"@type\":\"ImageObject\",\"inLanguage\":\"es\",\"@id\":\"https:\\\/\\\/www.eldiario.net\\\/portal\\\/#\\\/schema\\\/logo\\\/image\\\/\",\"url\":\"https:\\\/\\\/www.eldiario.net\\\/portal\\\/wp-content\\\/uploads\\\/2023\\\/07\\\/logo_ED.jpg\",\"contentUrl\":\"https:\\\/\\\/www.eldiario.net\\\/portal\\\/wp-content\\\/uploads\\\/2023\\\/07\\\/logo_ED.jpg\",\"width\":272,\"height\":52,\"caption\":\"El Diario - Decano de la prensa nacional\"},\"image\":{\"@id\":\"https:\\\/\\\/www.eldiario.net\\\/portal\\\/#\\\/schema\\\/logo\\\/image\\\/\"},\"sameAs\":[\"https:\\\/\\\/www.facebook.com\\\/eldiario.bolivia\\\/\",\"https:\\\/\\\/x.com\\\/eldiario_net\"]},{\"@type\":\"Person\",\"@id\":\"https:\\\/\\\/www.eldiario.net\\\/portal\\\/#\\\/schema\\\/person\\\/2c57cf2b7a7ae032e449e4c9b1019eac\",\"name\":\"Jeanette\",\"image\":{\"@type\":\"ImageObject\",\"inLanguage\":\"es\",\"@id\":\"https:\\\/\\\/secure.gravatar.com\\\/avatar\\\/3ea2118a5f7dad2b7138b1187a6b7ee55f160b9968b66013c3a3ef39dd7e5798?s=96&d=mm&r=g\",\"url\":\"https:\\\/\\\/secure.gravatar.com\\\/avatar\\\/3ea2118a5f7dad2b7138b1187a6b7ee55f160b9968b66013c3a3ef39dd7e5798?s=96&d=mm&r=g\",\"contentUrl\":\"https:\\\/\\\/secure.gravatar.com\\\/avatar\\\/3ea2118a5f7dad2b7138b1187a6b7ee55f160b9968b66013c3a3ef39dd7e5798?s=96&d=mm&r=g\",\"caption\":\"Jeanette\"},\"sameAs\":[\"https:\\\/\\\/www.eldiario.net\\\/portal\"],\"url\":\"https:\\\/\\\/www.eldiario.net\\\/portal\\\/author\\\/jeanette\\\/\"}]}<\/script>\n<!-- \/ Yoast SEO plugin. -->","yoast_head_json":{"title":"La creaci\u00f3n de Dr\u00e1cula - El Diario - Bolivia","robots":{"index":"index","follow":"follow","max-snippet":"max-snippet:-1","max-image-preview":"max-image-preview:large","max-video-preview":"max-video-preview:-1"},"canonical":"https:\/\/www.eldiario.net\/portal\/2023\/08\/13\/la-creacion-de-dracula\/","og_locale":"es_ES","og_type":"article","og_title":"La creaci\u00f3n de Dr\u00e1cula - El Diario - Bolivia","og_description":"Para dar vida a la aterradora representaci\u00f3n de Dr\u00e1cula en la pel\u00edcula Dr\u00e1cula: Mar de Sangre, los cineastas contaron con el talento de Javier Botet, un experimentado actor de movimiento conocido por su interpretaci\u00f3n de criaturas sobrenaturales en pel\u00edculas como Mama, The Mummy y Slender Man. Con su imponente altura de 1.98 m, Botet aport\u00f3 [&hellip;]","og_url":"https:\/\/www.eldiario.net\/portal\/2023\/08\/13\/la-creacion-de-dracula\/","og_site_name":"El Diario - Bolivia","article_publisher":"https:\/\/www.facebook.com\/eldiario.bolivia\/","article_published_time":"2023-08-13T04:11:02+00:00","og_image":[{"width":2560,"height":1344,"url":"https:\/\/www.eldiario.net\/portal\/wp-content\/uploads\/2023\/08\/La-creacion-de-Dracula-scaled-1.jpg","type":"image\/jpeg"}],"author":"Jeanette","twitter_card":"summary_large_image","twitter_creator":"@eldiario_net","twitter_site":"@eldiario_net","twitter_misc":{"Escrito por":"Jeanette"},"schema":{"@context":"https:\/\/schema.org","@graph":[{"@type":"Article","@id":"https:\/\/www.eldiario.net\/portal\/2023\/08\/13\/la-creacion-de-dracula\/#article","isPartOf":{"@id":"https:\/\/www.eldiario.net\/portal\/2023\/08\/13\/la-creacion-de-dracula\/"},"author":{"name":"Jeanette","@id":"https:\/\/www.eldiario.net\/portal\/#\/schema\/person\/2c57cf2b7a7ae032e449e4c9b1019eac"},"headline":"La creaci\u00f3n de Dr\u00e1cula","datePublished":"2023-08-13T04:11:02+00:00","mainEntityOfPage":{"@id":"https:\/\/www.eldiario.net\/portal\/2023\/08\/13\/la-creacion-de-dracula\/"},"wordCount":599,"publisher":{"@id":"https:\/\/www.eldiario.net\/portal\/#organization"},"image":{"@id":"https:\/\/www.eldiario.net\/portal\/2023\/08\/13\/la-creacion-de-dracula\/#primaryimage"},"thumbnailUrl":"https:\/\/www.eldiario.net\/portal\/wp-content\/uploads\/2023\/08\/La-creacion-de-Dracula-scaled-1.jpg","articleSection":["Cine Mundo"],"inLanguage":"es"},{"@type":"WebPage","@id":"https:\/\/www.eldiario.net\/portal\/2023\/08\/13\/la-creacion-de-dracula\/","url":"https:\/\/www.eldiario.net\/portal\/2023\/08\/13\/la-creacion-de-dracula\/","name":"La creaci\u00f3n de Dr\u00e1cula - El Diario - Bolivia","isPartOf":{"@id":"https:\/\/www.eldiario.net\/portal\/#website"},"primaryImageOfPage":{"@id":"https:\/\/www.eldiario.net\/portal\/2023\/08\/13\/la-creacion-de-dracula\/#primaryimage"},"image":{"@id":"https:\/\/www.eldiario.net\/portal\/2023\/08\/13\/la-creacion-de-dracula\/#primaryimage"},"thumbnailUrl":"https:\/\/www.eldiario.net\/portal\/wp-content\/uploads\/2023\/08\/La-creacion-de-Dracula-scaled-1.jpg","datePublished":"2023-08-13T04:11:02+00:00","breadcrumb":{"@id":"https:\/\/www.eldiario.net\/portal\/2023\/08\/13\/la-creacion-de-dracula\/#breadcrumb"},"inLanguage":"es","potentialAction":[{"@type":"ReadAction","target":["https:\/\/www.eldiario.net\/portal\/2023\/08\/13\/la-creacion-de-dracula\/"]}]},{"@type":"ImageObject","inLanguage":"es","@id":"https:\/\/www.eldiario.net\/portal\/2023\/08\/13\/la-creacion-de-dracula\/#primaryimage","url":"https:\/\/www.eldiario.net\/portal\/wp-content\/uploads\/2023\/08\/La-creacion-de-Dracula-scaled-1.jpg","contentUrl":"https:\/\/www.eldiario.net\/portal\/wp-content\/uploads\/2023\/08\/La-creacion-de-Dracula-scaled-1.jpg","width":2560,"height":1344},{"@type":"BreadcrumbList","@id":"https:\/\/www.eldiario.net\/portal\/2023\/08\/13\/la-creacion-de-dracula\/#breadcrumb","itemListElement":[{"@type":"ListItem","position":1,"name":"Portada","item":"https:\/\/www.eldiario.net\/portal\/"},{"@type":"ListItem","position":2,"name":"La creaci\u00f3n de Dr\u00e1cula"}]},{"@type":"WebSite","@id":"https:\/\/www.eldiario.net\/portal\/#website","url":"https:\/\/www.eldiario.net\/portal\/","name":"El Diario - Decano de la prensa nacional","description":"El Diario - Decano de la prensa nacional","publisher":{"@id":"https:\/\/www.eldiario.net\/portal\/#organization"},"potentialAction":[{"@type":"SearchAction","target":{"@type":"EntryPoint","urlTemplate":"https:\/\/www.eldiario.net\/portal\/?s={search_term_string}"},"query-input":{"@type":"PropertyValueSpecification","valueRequired":true,"valueName":"search_term_string"}}],"inLanguage":"es"},{"@type":"Organization","@id":"https:\/\/www.eldiario.net\/portal\/#organization","name":"El Diario - Decano de la prensa nacional","url":"https:\/\/www.eldiario.net\/portal\/","logo":{"@type":"ImageObject","inLanguage":"es","@id":"https:\/\/www.eldiario.net\/portal\/#\/schema\/logo\/image\/","url":"https:\/\/www.eldiario.net\/portal\/wp-content\/uploads\/2023\/07\/logo_ED.jpg","contentUrl":"https:\/\/www.eldiario.net\/portal\/wp-content\/uploads\/2023\/07\/logo_ED.jpg","width":272,"height":52,"caption":"El Diario - Decano de la prensa nacional"},"image":{"@id":"https:\/\/www.eldiario.net\/portal\/#\/schema\/logo\/image\/"},"sameAs":["https:\/\/www.facebook.com\/eldiario.bolivia\/","https:\/\/x.com\/eldiario_net"]},{"@type":"Person","@id":"https:\/\/www.eldiario.net\/portal\/#\/schema\/person\/2c57cf2b7a7ae032e449e4c9b1019eac","name":"Jeanette","image":{"@type":"ImageObject","inLanguage":"es","@id":"https:\/\/secure.gravatar.com\/avatar\/3ea2118a5f7dad2b7138b1187a6b7ee55f160b9968b66013c3a3ef39dd7e5798?s=96&d=mm&r=g","url":"https:\/\/secure.gravatar.com\/avatar\/3ea2118a5f7dad2b7138b1187a6b7ee55f160b9968b66013c3a3ef39dd7e5798?s=96&d=mm&r=g","contentUrl":"https:\/\/secure.gravatar.com\/avatar\/3ea2118a5f7dad2b7138b1187a6b7ee55f160b9968b66013c3a3ef39dd7e5798?s=96&d=mm&r=g","caption":"Jeanette"},"sameAs":["https:\/\/www.eldiario.net\/portal"],"url":"https:\/\/www.eldiario.net\/portal\/author\/jeanette\/"}]}},"_links":{"self":[{"href":"https:\/\/www.eldiario.net\/portal\/wp-json\/wp\/v2\/posts\/170685","targetHints":{"allow":["GET"]}}],"collection":[{"href":"https:\/\/www.eldiario.net\/portal\/wp-json\/wp\/v2\/posts"}],"about":[{"href":"https:\/\/www.eldiario.net\/portal\/wp-json\/wp\/v2\/types\/post"}],"author":[{"embeddable":true,"href":"https:\/\/www.eldiario.net\/portal\/wp-json\/wp\/v2\/users\/1"}],"replies":[{"embeddable":true,"href":"https:\/\/www.eldiario.net\/portal\/wp-json\/wp\/v2\/comments?post=170685"}],"version-history":[{"count":0,"href":"https:\/\/www.eldiario.net\/portal\/wp-json\/wp\/v2\/posts\/170685\/revisions"}],"wp:featuredmedia":[{"embeddable":true,"href":"https:\/\/www.eldiario.net\/portal\/wp-json\/wp\/v2\/media\/170686"}],"wp:attachment":[{"href":"https:\/\/www.eldiario.net\/portal\/wp-json\/wp\/v2\/media?parent=170685"}],"wp:term":[{"taxonomy":"category","embeddable":true,"href":"https:\/\/www.eldiario.net\/portal\/wp-json\/wp\/v2\/categories?post=170685"},{"taxonomy":"post_tag","embeddable":true,"href":"https:\/\/www.eldiario.net\/portal\/wp-json\/wp\/v2\/tags?post=170685"}],"curies":[{"name":"wp","href":"https:\/\/api.w.org\/{rel}","templated":true}]}}