{"id":170682,"date":"2023-08-13T00:09:58","date_gmt":"2023-08-13T04:09:58","guid":{"rendered":"https:\/\/www.eldiario.net\/portal\/?p=170682"},"modified":"2023-08-13T00:09:58","modified_gmt":"2023-08-13T04:09:58","slug":"la-historia-de-dracula-mar-de-sangre","status":"publish","type":"post","link":"https:\/\/www.eldiario.net\/portal\/2023\/08\/13\/la-historia-de-dracula-mar-de-sangre\/","title":{"rendered":"La historia de Dr\u00e1cula: Mar de Sangre"},"content":{"rendered":"<p>El cl\u00e1sico de la literatura Dr\u00e1cula, de Bram Stoker, ha cautivado a las audiencias tanto en las p\u00e1ginas como en la pantalla por m\u00e1s de un siglo. Publicada en 1897, la novela no est\u00e1 estructurada en forma de narraci\u00f3n tradicional, sino que se cuenta como una leyenda de no ficci\u00f3n a trav\u00e9s de fragmentos de diarios personales, artefactos, bit\u00e1coras y efem\u00e9rides hist\u00f3ricas: es un retrato de un depredador visto a trav\u00e9s de un espejo roto. Los fragmentos de ese espejo han permitido a los cineastas interpretar a Dr\u00e1cula en una mir\u00edada de formas a lo largo de la historia: como seductor, narcisista, bello, bestia, espectro, amante, acosador o asesino en serie. Pero escondido bajo todas esas capas de interpretaci\u00f3n, todas esas d\u00e9cadas de adaptaci\u00f3n, se encuentra el coraz\u00f3n incalculablemente oscuro del monstruo m\u00e1s famoso y escalofriante de Hollywood y la historia del origen de c\u00f3mo lleg\u00f3 a Inglaterra para aterrorizar a un nuevo mundo. Esa es la historia de Dr\u00e1cula: Mar de Sangre.<br \/>\n\tEl Dem\u00e9ter, un buque de ominosa fama, se embarc\u00f3 en su angustioso viaje final hace m\u00e1s de 125 a\u00f1os. En la hist\u00f3rica novela de vampiros de Stoker, el monstruoso arist\u00f3crata conde Dr\u00e1cula viaja desde su hogar en Europa oriental situado en los C\u00e1rpatos hasta la Inglaterra victoriana. En su hogar ancestral de Transilvania, Dr\u00e1cula se ha visto atrapado por su propia leyenda. Los aldeanos le temen y se niegan a acercarse a su castillo. Est\u00e1 aislado, solo, y por eso ha empleado a un ingl\u00e9s llamado Jonathan Harker para que le consiga una propiedad en Londres. \u201cAnhelo recorrer las abarrotadas calles de su poderoso Londres\u201d, le dice Dr\u00e1cula a Harker. \u201cEstar en el medio de la vor\u00e1gine de la humanidad, compartir su vida, sus cambios, su muerte y todo aquello que la convierte en la ciudad que es\u201d.<br \/>\n\tImpulsado por una insaciable sed de sangre, Dr\u00e1cula estar\u00e1 protegido para no ser descubierto por el anonimato que le ofrece Londres, donde desatar\u00e1 una oleada de carnicer\u00eda y terror a su llegada. Pero primero tendr\u00e1 que llegar hasta all\u00ed. Para restaurar sus poderes durante el d\u00eda, Dr\u00e1cula debe dormir en el suelo maldito en el que fue enterrado. Entonces, se mete en una caja de la tierra oscura, escondida entre docenas de otras, y hace que carguen su cuerpo a bordo de un barco que no levanta sospechas: El Dem\u00e9ter.<br \/>\n\tEn el cautivador relato de Stoker, el \u00faltimo viaje del Dem\u00e9ter se relata en el s\u00e9ptimo cap\u00edtulo, que est\u00e1 escrito como un extracto del peri\u00f3dico The Dailygraph del 8 de agosto de 1897. El art\u00edculo describe una gran y repentina tormenta que azot\u00f3 el puerto de la ciudad costera de Whitby, arrastrando consigo los restos de una goleta abandonada, con un hombre muerto atado a su tim\u00f3n.<br \/>\nLa escalofriante descripci\u00f3n del art\u00edculo dice as\u00ed: \u201cNo fue de extra\u00f1ar que los guardacostas se sorprendieran, o incluso se asombraran, ya que no es frecuente ver un espect\u00e1culo semejante. El hombre estaba simplemente sujeto por las manos, atadas una sobre otra, a una barra del tim\u00f3n. Entre la mano interior y la madera hab\u00eda un crucifijo, las cuentas de las que se sujetaba estaban alrededor de ambas mu\u00f1ecas y del tim\u00f3n, y todo ello estaba sujeto por las cuerdas. El pobre hombre pudo haber estado sentado en alg\u00fan momento, pero el aleteo y el zarandeo de las velas hab\u00edan atravesado la rueda del tim\u00f3n, de modo que las cuerdas con las que estaba atado le hab\u00edan cortado la carne hasta el hueso&#8230; En su bolsillo hab\u00eda una botella, cuidadosamente tapada con un corcho, vac\u00eda salvo por un peque\u00f1o rollo de papel, que result\u00f3 ser el ap\u00e9ndice del cuaderno de la bit\u00e1cora\u201d.<br \/>\n\tEn una serie de im\u00e1genes, la bit\u00e1cora relata el per\u00edodo de casi un mes que va del 6 de julio al 4 de agosto durante el cual se desarrollan extra\u00f1os acontecimientos a bordo del buque. Tras recibir un cargamento que inclu\u00eda cajas de tierra, la ansiedad de la tripulaci\u00f3n aumenta, lo que provoca peleas y la inquietante desaparici\u00f3n de un miembro de la tripulaci\u00f3n, seguido de otros. El entorno no hace m\u00e1s que enrarecerse cuando el Dem\u00e9ter se encamina involuntariamente hacia su perdici\u00f3n. Sin que los hombres lo sepan, la verdadera naturaleza de la amenaza mortal acecha a bordo en un pasajero secreto que, sin saberlo, transportan a Inglaterra.<br \/>\n\tSi bien la novela de Stoker ha sido adaptada en innumerables ocasiones al cine, la televisi\u00f3n y el teatro \u2014tal vez la m\u00e1s famosa sea la pel\u00edcula de Universal de 1931 protagonizada por Tod Browning y Bela Lugosi\u2014 las experiencias de la tripulaci\u00f3n a bordo del Dem\u00e9ter nunca hab\u00edan sido representadas en la pantalla. Para los productores Bradley J. Fischer, Mike Medavoy y Arnold W. Messer, esto presentaba una oportunidad de oro para explorar la m\u00e1xima historia del vampiro a trav\u00e9s de un nuevo y excitante enfoque. \u201cNo me he involucrado mucho en  pel\u00edculas de horror, y aunque Dr\u00e1cula: Mar de Sangre entra en este g\u00e9nero, la veo como algo m\u00e1s que eso\u201d, dice Medavoy.<br \/>\n\tPero llevar el proyecto a la pantalla result\u00f3 tan desafiante como navegar una goleta de tres m\u00e1stiles en aguas agitadas. El proceso de desarrollo dur\u00f3 casi dos d\u00e9cadas, en las que varios directores se comprometieron a dirigirlo y finalmente abandonaron el proyecto. \u201cEstuvimos muy cerca muchas, muchas veces\u201d, dice Fischer. \u201cLos cineastas siempre se han sentido atra\u00eddos por este tipo de material. Hay algo en el misterio del cuaderno de la bit\u00e1cora del capit\u00e1n y en lo que realmente ocurri\u00f3 en este barco maldito mientras cruzaba el mar, que despierta la imaginaci\u00f3n\u201d.<br \/>\n\tEntre esos cineastas se encuentra el ganador del \u00d3scar\u00ae Guillermo del Toro, este visionario escritor, director y productor cuya pasi\u00f3n desenfrenada por el g\u00e9nero ha infundido cada una de las obras de su extensa filmograf\u00eda. Cuando los conflictos de agenda no permitieron que del Toro estuviera disponible, \u00e9l sugiri\u00f3 a los productores que consideraran a Andr\u00e9 \u00d8vredal en su lugar. El escritor y director noruego ya hab\u00eda sido elogiado por su exitosa pel\u00edcula de 2010 Trollhunter, un falso documental sobre un grupo de estudiantes que investigan los ataques de los osos y descubren que algo mucho m\u00e1s siniestro se est\u00e1 gestando en la naturaleza escandinava. Fischer y \u00d8vredal ya estaban trabajando juntos en otra pel\u00edcula que se vino abajo durante el Covid, lo que allan\u00f3 el camino para Dr\u00e1cula: Mar de Sangre.<\/p>\n","protected":false},"excerpt":{"rendered":"<p>El cl\u00e1sico de la literatura Dr\u00e1cula, de Bram Stoker, ha cautivado a las audiencias tanto en las p\u00e1ginas como en la pantalla por m\u00e1s de un siglo. Publicada en 1897, la novela no est\u00e1 estructurada en forma de narraci\u00f3n tradicional, sino que se cuenta como una leyenda de no ficci\u00f3n a trav\u00e9s de fragmentos de [&hellip;]<\/p>\n","protected":false},"author":1,"featured_media":170683,"comment_status":"closed","ping_status":"open","sticky":false,"template":"","format":"standard","meta":{"_acf_changed":false,"footnotes":""},"categories":[45],"tags":[],"class_list":["post-170682","post","type-post","status-publish","format-standard","has-post-thumbnail","category-cine-mundo"],"acf":{"antetitulo":""},"yoast_head":"<!-- This site is optimized with the Yoast SEO plugin v28.4 - https:\/\/yoast.com\/product\/yoast-seo-wordpress\/ -->\n<title>La historia de Dr\u00e1cula: Mar de Sangre - El Diario - Bolivia<\/title>\n<meta name=\"robots\" content=\"index, follow, max-snippet:-1, max-image-preview:large, max-video-preview:-1\" \/>\n<link rel=\"canonical\" href=\"https:\/\/www.eldiario.net\/portal\/2023\/08\/13\/la-historia-de-dracula-mar-de-sangre\/\" \/>\n<meta property=\"og:locale\" content=\"es_ES\" \/>\n<meta property=\"og:type\" content=\"article\" \/>\n<meta property=\"og:title\" content=\"La historia de Dr\u00e1cula: Mar de Sangre - El Diario - Bolivia\" \/>\n<meta property=\"og:description\" content=\"El cl\u00e1sico de la literatura Dr\u00e1cula, de Bram Stoker, ha cautivado a las audiencias tanto en las p\u00e1ginas como en la pantalla por m\u00e1s de un siglo. Publicada en 1897, la novela no est\u00e1 estructurada en forma de narraci\u00f3n tradicional, sino que se cuenta como una leyenda de no ficci\u00f3n a trav\u00e9s de fragmentos de [&hellip;]\" \/>\n<meta property=\"og:url\" content=\"https:\/\/www.eldiario.net\/portal\/2023\/08\/13\/la-historia-de-dracula-mar-de-sangre\/\" \/>\n<meta property=\"og:site_name\" content=\"El Diario - Bolivia\" \/>\n<meta property=\"article:publisher\" content=\"https:\/\/www.facebook.com\/eldiario.bolivia\/\" \/>\n<meta property=\"article:published_time\" content=\"2023-08-13T04:09:58+00:00\" \/>\n<meta property=\"og:image\" content=\"https:\/\/www.eldiario.net\/portal\/wp-content\/uploads\/2023\/08\/La-historia-de-Dracula-Mar-de-Sangre.jpg\" \/>\n\t<meta property=\"og:image:width\" content=\"1920\" \/>\n\t<meta property=\"og:image:height\" content=\"1791\" \/>\n\t<meta property=\"og:image:type\" content=\"image\/jpeg\" \/>\n<meta name=\"author\" content=\"Jeanette\" \/>\n<meta name=\"twitter:card\" content=\"summary_large_image\" \/>\n<meta name=\"twitter:creator\" content=\"@eldiario_net\" \/>\n<meta name=\"twitter:site\" content=\"@eldiario_net\" \/>\n<meta name=\"twitter:label1\" content=\"Escrito por\" \/>\n\t<meta name=\"twitter:data1\" content=\"Jeanette\" \/>\n<script type=\"application\/ld+json\" class=\"yoast-schema-graph\">{\"@context\":\"https:\\\/\\\/schema.org\",\"@graph\":[{\"@type\":\"Article\",\"@id\":\"https:\\\/\\\/www.eldiario.net\\\/portal\\\/2023\\\/08\\\/13\\\/la-historia-de-dracula-mar-de-sangre\\\/#article\",\"isPartOf\":{\"@id\":\"https:\\\/\\\/www.eldiario.net\\\/portal\\\/2023\\\/08\\\/13\\\/la-historia-de-dracula-mar-de-sangre\\\/\"},\"author\":{\"name\":\"Jeanette\",\"@id\":\"https:\\\/\\\/www.eldiario.net\\\/portal\\\/#\\\/schema\\\/person\\\/2c57cf2b7a7ae032e449e4c9b1019eac\"},\"headline\":\"La historia de Dr\u00e1cula: Mar de Sangre\",\"datePublished\":\"2023-08-13T04:09:58+00:00\",\"mainEntityOfPage\":{\"@id\":\"https:\\\/\\\/www.eldiario.net\\\/portal\\\/2023\\\/08\\\/13\\\/la-historia-de-dracula-mar-de-sangre\\\/\"},\"wordCount\":1153,\"publisher\":{\"@id\":\"https:\\\/\\\/www.eldiario.net\\\/portal\\\/#organization\"},\"image\":{\"@id\":\"https:\\\/\\\/www.eldiario.net\\\/portal\\\/2023\\\/08\\\/13\\\/la-historia-de-dracula-mar-de-sangre\\\/#primaryimage\"},\"thumbnailUrl\":\"https:\\\/\\\/www.eldiario.net\\\/portal\\\/wp-content\\\/uploads\\\/2023\\\/08\\\/La-historia-de-Dracula-Mar-de-Sangre.jpg\",\"articleSection\":[\"Cine Mundo\"],\"inLanguage\":\"es\"},{\"@type\":\"WebPage\",\"@id\":\"https:\\\/\\\/www.eldiario.net\\\/portal\\\/2023\\\/08\\\/13\\\/la-historia-de-dracula-mar-de-sangre\\\/\",\"url\":\"https:\\\/\\\/www.eldiario.net\\\/portal\\\/2023\\\/08\\\/13\\\/la-historia-de-dracula-mar-de-sangre\\\/\",\"name\":\"La historia de Dr\u00e1cula: Mar de Sangre - El Diario - Bolivia\",\"isPartOf\":{\"@id\":\"https:\\\/\\\/www.eldiario.net\\\/portal\\\/#website\"},\"primaryImageOfPage\":{\"@id\":\"https:\\\/\\\/www.eldiario.net\\\/portal\\\/2023\\\/08\\\/13\\\/la-historia-de-dracula-mar-de-sangre\\\/#primaryimage\"},\"image\":{\"@id\":\"https:\\\/\\\/www.eldiario.net\\\/portal\\\/2023\\\/08\\\/13\\\/la-historia-de-dracula-mar-de-sangre\\\/#primaryimage\"},\"thumbnailUrl\":\"https:\\\/\\\/www.eldiario.net\\\/portal\\\/wp-content\\\/uploads\\\/2023\\\/08\\\/La-historia-de-Dracula-Mar-de-Sangre.jpg\",\"datePublished\":\"2023-08-13T04:09:58+00:00\",\"breadcrumb\":{\"@id\":\"https:\\\/\\\/www.eldiario.net\\\/portal\\\/2023\\\/08\\\/13\\\/la-historia-de-dracula-mar-de-sangre\\\/#breadcrumb\"},\"inLanguage\":\"es\",\"potentialAction\":[{\"@type\":\"ReadAction\",\"target\":[\"https:\\\/\\\/www.eldiario.net\\\/portal\\\/2023\\\/08\\\/13\\\/la-historia-de-dracula-mar-de-sangre\\\/\"]}]},{\"@type\":\"ImageObject\",\"inLanguage\":\"es\",\"@id\":\"https:\\\/\\\/www.eldiario.net\\\/portal\\\/2023\\\/08\\\/13\\\/la-historia-de-dracula-mar-de-sangre\\\/#primaryimage\",\"url\":\"https:\\\/\\\/www.eldiario.net\\\/portal\\\/wp-content\\\/uploads\\\/2023\\\/08\\\/La-historia-de-Dracula-Mar-de-Sangre.jpg\",\"contentUrl\":\"https:\\\/\\\/www.eldiario.net\\\/portal\\\/wp-content\\\/uploads\\\/2023\\\/08\\\/La-historia-de-Dracula-Mar-de-Sangre.jpg\",\"width\":1920,\"height\":1791},{\"@type\":\"BreadcrumbList\",\"@id\":\"https:\\\/\\\/www.eldiario.net\\\/portal\\\/2023\\\/08\\\/13\\\/la-historia-de-dracula-mar-de-sangre\\\/#breadcrumb\",\"itemListElement\":[{\"@type\":\"ListItem\",\"position\":1,\"name\":\"Portada\",\"item\":\"https:\\\/\\\/www.eldiario.net\\\/portal\\\/\"},{\"@type\":\"ListItem\",\"position\":2,\"name\":\"La historia de Dr\u00e1cula: Mar de Sangre\"}]},{\"@type\":\"WebSite\",\"@id\":\"https:\\\/\\\/www.eldiario.net\\\/portal\\\/#website\",\"url\":\"https:\\\/\\\/www.eldiario.net\\\/portal\\\/\",\"name\":\"El Diario - Decano de la prensa nacional\",\"description\":\"El Diario - Decano de la prensa nacional\",\"publisher\":{\"@id\":\"https:\\\/\\\/www.eldiario.net\\\/portal\\\/#organization\"},\"potentialAction\":[{\"@type\":\"SearchAction\",\"target\":{\"@type\":\"EntryPoint\",\"urlTemplate\":\"https:\\\/\\\/www.eldiario.net\\\/portal\\\/?s={search_term_string}\"},\"query-input\":{\"@type\":\"PropertyValueSpecification\",\"valueRequired\":true,\"valueName\":\"search_term_string\"}}],\"inLanguage\":\"es\"},{\"@type\":\"Organization\",\"@id\":\"https:\\\/\\\/www.eldiario.net\\\/portal\\\/#organization\",\"name\":\"El Diario - Decano de la prensa nacional\",\"url\":\"https:\\\/\\\/www.eldiario.net\\\/portal\\\/\",\"logo\":{\"@type\":\"ImageObject\",\"inLanguage\":\"es\",\"@id\":\"https:\\\/\\\/www.eldiario.net\\\/portal\\\/#\\\/schema\\\/logo\\\/image\\\/\",\"url\":\"https:\\\/\\\/www.eldiario.net\\\/portal\\\/wp-content\\\/uploads\\\/2023\\\/07\\\/logo_ED.jpg\",\"contentUrl\":\"https:\\\/\\\/www.eldiario.net\\\/portal\\\/wp-content\\\/uploads\\\/2023\\\/07\\\/logo_ED.jpg\",\"width\":272,\"height\":52,\"caption\":\"El Diario - Decano de la prensa nacional\"},\"image\":{\"@id\":\"https:\\\/\\\/www.eldiario.net\\\/portal\\\/#\\\/schema\\\/logo\\\/image\\\/\"},\"sameAs\":[\"https:\\\/\\\/www.facebook.com\\\/eldiario.bolivia\\\/\",\"https:\\\/\\\/x.com\\\/eldiario_net\"]},{\"@type\":\"Person\",\"@id\":\"https:\\\/\\\/www.eldiario.net\\\/portal\\\/#\\\/schema\\\/person\\\/2c57cf2b7a7ae032e449e4c9b1019eac\",\"name\":\"Jeanette\",\"image\":{\"@type\":\"ImageObject\",\"inLanguage\":\"es\",\"@id\":\"https:\\\/\\\/secure.gravatar.com\\\/avatar\\\/3ea2118a5f7dad2b7138b1187a6b7ee55f160b9968b66013c3a3ef39dd7e5798?s=96&d=mm&r=g\",\"url\":\"https:\\\/\\\/secure.gravatar.com\\\/avatar\\\/3ea2118a5f7dad2b7138b1187a6b7ee55f160b9968b66013c3a3ef39dd7e5798?s=96&d=mm&r=g\",\"contentUrl\":\"https:\\\/\\\/secure.gravatar.com\\\/avatar\\\/3ea2118a5f7dad2b7138b1187a6b7ee55f160b9968b66013c3a3ef39dd7e5798?s=96&d=mm&r=g\",\"caption\":\"Jeanette\"},\"sameAs\":[\"https:\\\/\\\/www.eldiario.net\\\/portal\"],\"url\":\"https:\\\/\\\/www.eldiario.net\\\/portal\\\/author\\\/jeanette\\\/\"}]}<\/script>\n<!-- \/ Yoast SEO plugin. -->","yoast_head_json":{"title":"La historia de Dr\u00e1cula: Mar de Sangre - El Diario - Bolivia","robots":{"index":"index","follow":"follow","max-snippet":"max-snippet:-1","max-image-preview":"max-image-preview:large","max-video-preview":"max-video-preview:-1"},"canonical":"https:\/\/www.eldiario.net\/portal\/2023\/08\/13\/la-historia-de-dracula-mar-de-sangre\/","og_locale":"es_ES","og_type":"article","og_title":"La historia de Dr\u00e1cula: Mar de Sangre - El Diario - Bolivia","og_description":"El cl\u00e1sico de la literatura Dr\u00e1cula, de Bram Stoker, ha cautivado a las audiencias tanto en las p\u00e1ginas como en la pantalla por m\u00e1s de un siglo. Publicada en 1897, la novela no est\u00e1 estructurada en forma de narraci\u00f3n tradicional, sino que se cuenta como una leyenda de no ficci\u00f3n a trav\u00e9s de fragmentos de [&hellip;]","og_url":"https:\/\/www.eldiario.net\/portal\/2023\/08\/13\/la-historia-de-dracula-mar-de-sangre\/","og_site_name":"El Diario - Bolivia","article_publisher":"https:\/\/www.facebook.com\/eldiario.bolivia\/","article_published_time":"2023-08-13T04:09:58+00:00","og_image":[{"width":1920,"height":1791,"url":"https:\/\/www.eldiario.net\/portal\/wp-content\/uploads\/2023\/08\/La-historia-de-Dracula-Mar-de-Sangre.jpg","type":"image\/jpeg"}],"author":"Jeanette","twitter_card":"summary_large_image","twitter_creator":"@eldiario_net","twitter_site":"@eldiario_net","twitter_misc":{"Escrito por":"Jeanette"},"schema":{"@context":"https:\/\/schema.org","@graph":[{"@type":"Article","@id":"https:\/\/www.eldiario.net\/portal\/2023\/08\/13\/la-historia-de-dracula-mar-de-sangre\/#article","isPartOf":{"@id":"https:\/\/www.eldiario.net\/portal\/2023\/08\/13\/la-historia-de-dracula-mar-de-sangre\/"},"author":{"name":"Jeanette","@id":"https:\/\/www.eldiario.net\/portal\/#\/schema\/person\/2c57cf2b7a7ae032e449e4c9b1019eac"},"headline":"La historia de Dr\u00e1cula: Mar de Sangre","datePublished":"2023-08-13T04:09:58+00:00","mainEntityOfPage":{"@id":"https:\/\/www.eldiario.net\/portal\/2023\/08\/13\/la-historia-de-dracula-mar-de-sangre\/"},"wordCount":1153,"publisher":{"@id":"https:\/\/www.eldiario.net\/portal\/#organization"},"image":{"@id":"https:\/\/www.eldiario.net\/portal\/2023\/08\/13\/la-historia-de-dracula-mar-de-sangre\/#primaryimage"},"thumbnailUrl":"https:\/\/www.eldiario.net\/portal\/wp-content\/uploads\/2023\/08\/La-historia-de-Dracula-Mar-de-Sangre.jpg","articleSection":["Cine Mundo"],"inLanguage":"es"},{"@type":"WebPage","@id":"https:\/\/www.eldiario.net\/portal\/2023\/08\/13\/la-historia-de-dracula-mar-de-sangre\/","url":"https:\/\/www.eldiario.net\/portal\/2023\/08\/13\/la-historia-de-dracula-mar-de-sangre\/","name":"La historia de Dr\u00e1cula: Mar de Sangre - El Diario - Bolivia","isPartOf":{"@id":"https:\/\/www.eldiario.net\/portal\/#website"},"primaryImageOfPage":{"@id":"https:\/\/www.eldiario.net\/portal\/2023\/08\/13\/la-historia-de-dracula-mar-de-sangre\/#primaryimage"},"image":{"@id":"https:\/\/www.eldiario.net\/portal\/2023\/08\/13\/la-historia-de-dracula-mar-de-sangre\/#primaryimage"},"thumbnailUrl":"https:\/\/www.eldiario.net\/portal\/wp-content\/uploads\/2023\/08\/La-historia-de-Dracula-Mar-de-Sangre.jpg","datePublished":"2023-08-13T04:09:58+00:00","breadcrumb":{"@id":"https:\/\/www.eldiario.net\/portal\/2023\/08\/13\/la-historia-de-dracula-mar-de-sangre\/#breadcrumb"},"inLanguage":"es","potentialAction":[{"@type":"ReadAction","target":["https:\/\/www.eldiario.net\/portal\/2023\/08\/13\/la-historia-de-dracula-mar-de-sangre\/"]}]},{"@type":"ImageObject","inLanguage":"es","@id":"https:\/\/www.eldiario.net\/portal\/2023\/08\/13\/la-historia-de-dracula-mar-de-sangre\/#primaryimage","url":"https:\/\/www.eldiario.net\/portal\/wp-content\/uploads\/2023\/08\/La-historia-de-Dracula-Mar-de-Sangre.jpg","contentUrl":"https:\/\/www.eldiario.net\/portal\/wp-content\/uploads\/2023\/08\/La-historia-de-Dracula-Mar-de-Sangre.jpg","width":1920,"height":1791},{"@type":"BreadcrumbList","@id":"https:\/\/www.eldiario.net\/portal\/2023\/08\/13\/la-historia-de-dracula-mar-de-sangre\/#breadcrumb","itemListElement":[{"@type":"ListItem","position":1,"name":"Portada","item":"https:\/\/www.eldiario.net\/portal\/"},{"@type":"ListItem","position":2,"name":"La historia de Dr\u00e1cula: Mar de Sangre"}]},{"@type":"WebSite","@id":"https:\/\/www.eldiario.net\/portal\/#website","url":"https:\/\/www.eldiario.net\/portal\/","name":"El Diario - Decano de la prensa nacional","description":"El Diario - Decano de la prensa nacional","publisher":{"@id":"https:\/\/www.eldiario.net\/portal\/#organization"},"potentialAction":[{"@type":"SearchAction","target":{"@type":"EntryPoint","urlTemplate":"https:\/\/www.eldiario.net\/portal\/?s={search_term_string}"},"query-input":{"@type":"PropertyValueSpecification","valueRequired":true,"valueName":"search_term_string"}}],"inLanguage":"es"},{"@type":"Organization","@id":"https:\/\/www.eldiario.net\/portal\/#organization","name":"El Diario - Decano de la prensa nacional","url":"https:\/\/www.eldiario.net\/portal\/","logo":{"@type":"ImageObject","inLanguage":"es","@id":"https:\/\/www.eldiario.net\/portal\/#\/schema\/logo\/image\/","url":"https:\/\/www.eldiario.net\/portal\/wp-content\/uploads\/2023\/07\/logo_ED.jpg","contentUrl":"https:\/\/www.eldiario.net\/portal\/wp-content\/uploads\/2023\/07\/logo_ED.jpg","width":272,"height":52,"caption":"El Diario - Decano de la prensa nacional"},"image":{"@id":"https:\/\/www.eldiario.net\/portal\/#\/schema\/logo\/image\/"},"sameAs":["https:\/\/www.facebook.com\/eldiario.bolivia\/","https:\/\/x.com\/eldiario_net"]},{"@type":"Person","@id":"https:\/\/www.eldiario.net\/portal\/#\/schema\/person\/2c57cf2b7a7ae032e449e4c9b1019eac","name":"Jeanette","image":{"@type":"ImageObject","inLanguage":"es","@id":"https:\/\/secure.gravatar.com\/avatar\/3ea2118a5f7dad2b7138b1187a6b7ee55f160b9968b66013c3a3ef39dd7e5798?s=96&d=mm&r=g","url":"https:\/\/secure.gravatar.com\/avatar\/3ea2118a5f7dad2b7138b1187a6b7ee55f160b9968b66013c3a3ef39dd7e5798?s=96&d=mm&r=g","contentUrl":"https:\/\/secure.gravatar.com\/avatar\/3ea2118a5f7dad2b7138b1187a6b7ee55f160b9968b66013c3a3ef39dd7e5798?s=96&d=mm&r=g","caption":"Jeanette"},"sameAs":["https:\/\/www.eldiario.net\/portal"],"url":"https:\/\/www.eldiario.net\/portal\/author\/jeanette\/"}]}},"_links":{"self":[{"href":"https:\/\/www.eldiario.net\/portal\/wp-json\/wp\/v2\/posts\/170682","targetHints":{"allow":["GET"]}}],"collection":[{"href":"https:\/\/www.eldiario.net\/portal\/wp-json\/wp\/v2\/posts"}],"about":[{"href":"https:\/\/www.eldiario.net\/portal\/wp-json\/wp\/v2\/types\/post"}],"author":[{"embeddable":true,"href":"https:\/\/www.eldiario.net\/portal\/wp-json\/wp\/v2\/users\/1"}],"replies":[{"embeddable":true,"href":"https:\/\/www.eldiario.net\/portal\/wp-json\/wp\/v2\/comments?post=170682"}],"version-history":[{"count":0,"href":"https:\/\/www.eldiario.net\/portal\/wp-json\/wp\/v2\/posts\/170682\/revisions"}],"wp:featuredmedia":[{"embeddable":true,"href":"https:\/\/www.eldiario.net\/portal\/wp-json\/wp\/v2\/media\/170683"}],"wp:attachment":[{"href":"https:\/\/www.eldiario.net\/portal\/wp-json\/wp\/v2\/media?parent=170682"}],"wp:term":[{"taxonomy":"category","embeddable":true,"href":"https:\/\/www.eldiario.net\/portal\/wp-json\/wp\/v2\/categories?post=170682"},{"taxonomy":"post_tag","embeddable":true,"href":"https:\/\/www.eldiario.net\/portal\/wp-json\/wp\/v2\/tags?post=170682"}],"curies":[{"name":"wp","href":"https:\/\/api.w.org\/{rel}","templated":true}]}}