{"id":170662,"date":"2023-08-12T07:29:45","date_gmt":"2023-08-12T11:29:45","guid":{"rendered":"https:\/\/www.eldiario.net\/portal\/?p=170662"},"modified":"2023-08-12T07:29:45","modified_gmt":"2023-08-12T11:29:45","slug":"fundacion-bmsc-fundacion-sos-mano-bolivia-y-hospital-arco-iris-se-unen-por-los-ninos","status":"publish","type":"post","link":"https:\/\/www.eldiario.net\/portal\/2023\/08\/12\/fundacion-bmsc-fundacion-sos-mano-bolivia-y-hospital-arco-iris-se-unen-por-los-ninos\/","title":{"rendered":"Fundaci\u00f3n BMSC, Fundaci\u00f3n SOS Mano Bolivia  y Hospital Arco Iris se unen por los ni\u00f1os"},"content":{"rendered":"<p>La Fundaci\u00f3n del Banco Mercantil Santa Cruz (BMSC)\u2013 Puedes Creer en alianza con la Fundaci\u00f3n SOS Mano Bolivia y el Hospital Arco Iris se unen en una nueva campa\u00f1a gratuita de cirug\u00edas de mano en nuestra ciudad.<br \/>\nSe trata del \u201cPrograma Manitos\u201d, para realizar cirug\u00edas gratuitas a personas de escasos recursos que tienen lesiones nerviosas agudas y cr\u00f3nicas a nivel de mano y miembro superior.<br \/>\nLa idea es devolverles la oportunidad de utilizar sus manos y lograr darse a s\u00ed mismos y a sus familias un mejor futuro y una mejor calidad de vida.<br \/>\nLa firma de la alianza, se realiz\u00f3 en el hotel Ritz, donde se dio a conocer que durante la campa\u00f1a se realizar\u00e1n procedimientos quir\u00fargicos complejos de transferencias nerviosas y\/o injertos nerviosos en pacientes que sufrieron una lesi\u00f3n traum\u00e1tica de nervios perif\u00e9ricos aguda o cr\u00f3nica (no excedido los 12 meses de ocurrida la lesi\u00f3n), con p\u00e9rdida parcial o total de funci\u00f3n de un segmento de la extremidad superior (hombro, brazo, codo, mano).<br \/>\nLas personas con este tipo de condici\u00f3n que deseen beneficiarse con la campa\u00f1a, deben aproximarse al servicio de Traumatolog\u00eda del Hospital Arco Iris durante el mes de agosto para una pre consulta.<br \/>\nLas cirug\u00edas se efectuar\u00e1n de forma conjunta con el personal m\u00e9dico de la Fundaci\u00f3n SOS Mano Bolivia, especialistas de ReSurge International, entre ellos: cirujanos, anestesi\u00f3logos, fisioterapeutas y enfermeras; asimismo, se tendr\u00e1 el apoyo del personal m\u00e9dico del Hospital Arco Iris.<br \/>\nTodos los pacientes, recibir\u00e1n adicionalmente a las intervenciones quir\u00fargicas, control m\u00e9dico, curaciones y rehabilitaci\u00f3n por medio de fisioterapia.<br \/>\nLos pacientes que se beneficien con las cirug\u00edas, ser\u00e1n seleccionados de acuerdo con la gravedad de la lesi\u00f3n y condici\u00f3n socio-econ\u00f3mica.<br \/>\nLa Fundaci\u00f3n Mercantil Santa Cruz \u2013 Puedes Creer, logr\u00f3 recaudar fondos necesarios, gracias a la donaci\u00f3n del Banco Mercantil Santa Cruz y al aporte solidario de los Centavoluntarios, los cuales ser\u00e1n invertidos en insumos y medicamentos necesarios para la atenci\u00f3n de todos los pacientes.<\/p>\n<div id='gallery-1' class='gallery galleryid-170662 gallery-columns-3 gallery-size-medium'><figure class='gallery-item'>\n\t\t\t<div class='gallery-icon landscape'>\n\t\t\t\t<a href='https:\/\/www.eldiario.net\/portal\/2023\/08\/12\/fundacion-bmsc-fundacion-sos-mano-bolivia-y-hospital-arco-iris-se-unen-por-los-ninos\/dsc_3722-2\/'><img loading=\"lazy\" decoding=\"async\" width=\"300\" height=\"200\" src=\"https:\/\/www.eldiario.net\/portal\/wp-content\/uploads\/2023\/08\/DSC_3722-300x200.jpg\" class=\"attachment-medium size-medium\" alt=\"\" aria-describedby=\"gallery-1-170663\" srcset=\"https:\/\/www.eldiario.net\/portal\/wp-content\/uploads\/2023\/08\/DSC_3722-300x200.jpg 300w, https:\/\/www.eldiario.net\/portal\/wp-content\/uploads\/2023\/08\/DSC_3722-768x512.jpg 768w, https:\/\/www.eldiario.net\/portal\/wp-content\/uploads\/2023\/08\/DSC_3722-696x464.jpg 696w, https:\/\/www.eldiario.net\/portal\/wp-content\/uploads\/2023\/08\/DSC_3722.jpg 1000w\" sizes=\"auto, (max-width: 300px) 100vw, 300px\" \/><\/a>\n\t\t\t<\/div>\n\t\t\t\t<figcaption class='wp-caption-text gallery-caption' id='gallery-1-170663'>\n\t\t\t\tPERCY C\u00d3RDOVA, DANITZA LE\u00d3N Y EDSON GONZALES.\n\t\t\t\t<\/figcaption><\/figure><figure class='gallery-item'>\n\t\t\t<div class='gallery-icon landscape'>\n\t\t\t\t<a href='https:\/\/www.eldiario.net\/portal\/2023\/08\/12\/fundacion-bmsc-fundacion-sos-mano-bolivia-y-hospital-arco-iris-se-unen-por-los-ninos\/dsc_3725\/'><img loading=\"lazy\" decoding=\"async\" width=\"300\" height=\"200\" src=\"https:\/\/www.eldiario.net\/portal\/wp-content\/uploads\/2023\/08\/DSC_3725-300x200.jpg\" class=\"attachment-medium size-medium\" alt=\"\" aria-describedby=\"gallery-1-170664\" srcset=\"https:\/\/www.eldiario.net\/portal\/wp-content\/uploads\/2023\/08\/DSC_3725-300x200.jpg 300w, https:\/\/www.eldiario.net\/portal\/wp-content\/uploads\/2023\/08\/DSC_3725-768x512.jpg 768w, https:\/\/www.eldiario.net\/portal\/wp-content\/uploads\/2023\/08\/DSC_3725-696x464.jpg 696w, https:\/\/www.eldiario.net\/portal\/wp-content\/uploads\/2023\/08\/DSC_3725.jpg 1000w\" sizes=\"auto, (max-width: 300px) 100vw, 300px\" \/><\/a>\n\t\t\t<\/div>\n\t\t\t\t<figcaption class='wp-caption-text gallery-caption' id='gallery-1-170664'>\n\t\t\t\t  YAEL CAZ\u00d3N Y RUDY BETANCOURT.\n\t\t\t\t<\/figcaption><\/figure><figure class='gallery-item'>\n\t\t\t<div class='gallery-icon landscape'>\n\t\t\t\t<a href='https:\/\/www.eldiario.net\/portal\/2023\/08\/12\/fundacion-bmsc-fundacion-sos-mano-bolivia-y-hospital-arco-iris-se-unen-por-los-ninos\/dsc_3683-2\/'><img loading=\"lazy\" decoding=\"async\" width=\"300\" height=\"200\" src=\"https:\/\/www.eldiario.net\/portal\/wp-content\/uploads\/2023\/08\/DSC_3683-300x200.jpg\" class=\"attachment-medium size-medium\" alt=\"\" aria-describedby=\"gallery-1-170665\" srcset=\"https:\/\/www.eldiario.net\/portal\/wp-content\/uploads\/2023\/08\/DSC_3683-300x200.jpg 300w, https:\/\/www.eldiario.net\/portal\/wp-content\/uploads\/2023\/08\/DSC_3683-768x512.jpg 768w, https:\/\/www.eldiario.net\/portal\/wp-content\/uploads\/2023\/08\/DSC_3683-696x464.jpg 696w, https:\/\/www.eldiario.net\/portal\/wp-content\/uploads\/2023\/08\/DSC_3683.jpg 1000w\" sizes=\"auto, (max-width: 300px) 100vw, 300px\" \/><\/a>\n\t\t\t<\/div>\n\t\t\t\t<figcaption class='wp-caption-text gallery-caption' id='gallery-1-170665'>\n\t\t\t\t HERN\u00c1N GONZALES EXPLICA DETALLES SOBRE LA CAMPA\u00d1A GRATUITA DE CIRUG\u00cdA DE MANO.\n\t\t\t\t<\/figcaption><\/figure><figure class='gallery-item'>\n\t\t\t<div class='gallery-icon landscape'>\n\t\t\t\t<a href='https:\/\/www.eldiario.net\/portal\/2023\/08\/12\/fundacion-bmsc-fundacion-sos-mano-bolivia-y-hospital-arco-iris-se-unen-por-los-ninos\/dsc_3709\/'><img loading=\"lazy\" decoding=\"async\" width=\"300\" height=\"200\" src=\"https:\/\/www.eldiario.net\/portal\/wp-content\/uploads\/2023\/08\/DSC_3709-300x200.jpg\" class=\"attachment-medium size-medium\" alt=\"\" aria-describedby=\"gallery-1-170666\" srcset=\"https:\/\/www.eldiario.net\/portal\/wp-content\/uploads\/2023\/08\/DSC_3709-300x200.jpg 300w, https:\/\/www.eldiario.net\/portal\/wp-content\/uploads\/2023\/08\/DSC_3709-768x512.jpg 768w, https:\/\/www.eldiario.net\/portal\/wp-content\/uploads\/2023\/08\/DSC_3709-696x464.jpg 696w, https:\/\/www.eldiario.net\/portal\/wp-content\/uploads\/2023\/08\/DSC_3709.jpg 1000w\" sizes=\"auto, (max-width: 300px) 100vw, 300px\" \/><\/a>\n\t\t\t<\/div>\n\t\t\t\t<figcaption class='wp-caption-text gallery-caption' id='gallery-1-170666'>\n\t\t\t\t JORGE TERRAZAS, FUNDACI\u00d3N SOS MANO BOLIVIA; HERN\u00c1N GONZALES, GERENTE DE LA FUNDACI\u00d3N BMSC, Y JAEL CAZ\u00d3N, DIRECTORA DEL HOSPITAL ARCO IRIS, DURANTE LA FIRMA DEL ACUERDO.\n\t\t\t\t<\/figcaption><\/figure><figure class='gallery-item'>\n\t\t\t<div class='gallery-icon landscape'>\n\t\t\t\t<a href='https:\/\/www.eldiario.net\/portal\/2023\/08\/12\/fundacion-bmsc-fundacion-sos-mano-bolivia-y-hospital-arco-iris-se-unen-por-los-ninos\/dsc_3714-2\/'><img loading=\"lazy\" decoding=\"async\" width=\"300\" height=\"200\" src=\"https:\/\/www.eldiario.net\/portal\/wp-content\/uploads\/2023\/08\/DSC_3714-300x200.jpg\" class=\"attachment-medium size-medium\" alt=\"\" aria-describedby=\"gallery-1-170667\" srcset=\"https:\/\/www.eldiario.net\/portal\/wp-content\/uploads\/2023\/08\/DSC_3714-300x200.jpg 300w, https:\/\/www.eldiario.net\/portal\/wp-content\/uploads\/2023\/08\/DSC_3714-768x512.jpg 768w, https:\/\/www.eldiario.net\/portal\/wp-content\/uploads\/2023\/08\/DSC_3714-696x464.jpg 696w, https:\/\/www.eldiario.net\/portal\/wp-content\/uploads\/2023\/08\/DSC_3714.jpg 1000w\" sizes=\"auto, (max-width: 300px) 100vw, 300px\" \/><\/a>\n\t\t\t<\/div>\n\t\t\t\t<figcaption class='wp-caption-text gallery-caption' id='gallery-1-170667'>\n\t\t\t\tLUIS VILLAG\u00d3MEZ Y VALERIA VALDIS. \n\t\t\t\t<\/figcaption><\/figure><figure class='gallery-item'>\n\t\t\t<div class='gallery-icon landscape'>\n\t\t\t\t<a href='https:\/\/www.eldiario.net\/portal\/2023\/08\/12\/fundacion-bmsc-fundacion-sos-mano-bolivia-y-hospital-arco-iris-se-unen-por-los-ninos\/dsc_3718\/'><img loading=\"lazy\" decoding=\"async\" width=\"300\" height=\"200\" src=\"https:\/\/www.eldiario.net\/portal\/wp-content\/uploads\/2023\/08\/DSC_3718-300x200.jpg\" class=\"attachment-medium size-medium\" alt=\"\" aria-describedby=\"gallery-1-170668\" srcset=\"https:\/\/www.eldiario.net\/portal\/wp-content\/uploads\/2023\/08\/DSC_3718-300x200.jpg 300w, https:\/\/www.eldiario.net\/portal\/wp-content\/uploads\/2023\/08\/DSC_3718-768x512.jpg 768w, https:\/\/www.eldiario.net\/portal\/wp-content\/uploads\/2023\/08\/DSC_3718-696x464.jpg 696w, https:\/\/www.eldiario.net\/portal\/wp-content\/uploads\/2023\/08\/DSC_3718.jpg 1000w\" sizes=\"auto, (max-width: 300px) 100vw, 300px\" \/><\/a>\n\t\t\t<\/div>\n\t\t\t\t<figcaption class='wp-caption-text gallery-caption' id='gallery-1-170668'>\n\t\t\t\tEVELYN MELGAR, PRISCILA QUIROGA, CARMEN MELGAR, DANNY CRUZ Y PATRICIA MELGAR.\n\t\t\t\t<\/figcaption><\/figure>\n\t\t<\/div>\n\n","protected":false},"excerpt":{"rendered":"<p>La Fundaci\u00f3n del Banco Mercantil Santa Cruz (BMSC)\u2013 Puedes Creer en alianza con la Fundaci\u00f3n SOS Mano Bolivia y el Hospital Arco Iris se unen en una nueva campa\u00f1a gratuita de cirug\u00edas de mano en nuestra ciudad. Se trata del \u201cPrograma Manitos\u201d, para realizar cirug\u00edas gratuitas a personas de escasos recursos que tienen lesiones nerviosas [&hellip;]<\/p>\n","protected":false},"author":1,"featured_media":170666,"comment_status":"closed","ping_status":"open","sticky":false,"template":"","format":"standard","meta":{"_acf_changed":false,"footnotes":""},"categories":[40],"tags":[],"class_list":["post-170662","post","type-post","status-publish","format-standard","has-post-thumbnail","category-sociales"],"acf":{"antetitulo":""},"yoast_head":"<!-- This site is optimized with the Yoast SEO plugin v28.4 - https:\/\/yoast.com\/product\/yoast-seo-wordpress\/ -->\n<title>Fundaci\u00f3n BMSC, Fundaci\u00f3n SOS Mano Bolivia y Hospital Arco Iris se unen por los ni\u00f1os - El Diario - Bolivia<\/title>\n<meta name=\"robots\" content=\"index, follow, max-snippet:-1, max-image-preview:large, max-video-preview:-1\" \/>\n<link rel=\"canonical\" href=\"https:\/\/www.eldiario.net\/portal\/2023\/08\/12\/fundacion-bmsc-fundacion-sos-mano-bolivia-y-hospital-arco-iris-se-unen-por-los-ninos\/\" \/>\n<meta property=\"og:locale\" content=\"es_ES\" \/>\n<meta property=\"og:type\" content=\"article\" \/>\n<meta property=\"og:title\" content=\"Fundaci\u00f3n BMSC, Fundaci\u00f3n SOS Mano Bolivia y Hospital Arco Iris se unen por los ni\u00f1os - El Diario - Bolivia\" \/>\n<meta property=\"og:description\" content=\"La Fundaci\u00f3n del Banco Mercantil Santa Cruz (BMSC)\u2013 Puedes Creer en alianza con la Fundaci\u00f3n SOS Mano Bolivia y el Hospital Arco Iris se unen en una nueva campa\u00f1a gratuita de cirug\u00edas de mano en nuestra ciudad. Se trata del \u201cPrograma Manitos\u201d, para realizar cirug\u00edas gratuitas a personas de escasos recursos que tienen lesiones nerviosas [&hellip;]\" \/>\n<meta property=\"og:url\" content=\"https:\/\/www.eldiario.net\/portal\/2023\/08\/12\/fundacion-bmsc-fundacion-sos-mano-bolivia-y-hospital-arco-iris-se-unen-por-los-ninos\/\" \/>\n<meta property=\"og:site_name\" content=\"El Diario - Bolivia\" \/>\n<meta property=\"article:publisher\" content=\"https:\/\/www.facebook.com\/eldiario.bolivia\/\" \/>\n<meta property=\"article:published_time\" content=\"2023-08-12T11:29:45+00:00\" \/>\n<meta property=\"og:image\" content=\"https:\/\/www.eldiario.net\/portal\/wp-content\/uploads\/2023\/08\/DSC_3709.jpg\" \/>\n\t<meta property=\"og:image:width\" content=\"1000\" \/>\n\t<meta property=\"og:image:height\" content=\"667\" \/>\n\t<meta property=\"og:image:type\" content=\"image\/jpeg\" \/>\n<meta name=\"author\" content=\"Jeanette\" \/>\n<meta name=\"twitter:card\" content=\"summary_large_image\" \/>\n<meta name=\"twitter:creator\" content=\"@eldiario_net\" \/>\n<meta name=\"twitter:site\" content=\"@eldiario_net\" \/>\n<meta name=\"twitter:label1\" content=\"Escrito por\" \/>\n\t<meta name=\"twitter:data1\" content=\"Jeanette\" \/>\n\t<meta name=\"twitter:label2\" content=\"Tiempo de lectura\" \/>\n\t<meta name=\"twitter:data2\" content=\"2 minutos\" \/>\n<script type=\"application\/ld+json\" class=\"yoast-schema-graph\">{\"@context\":\"https:\\\/\\\/schema.org\",\"@graph\":[{\"@type\":\"Article\",\"@id\":\"https:\\\/\\\/www.eldiario.net\\\/portal\\\/2023\\\/08\\\/12\\\/fundacion-bmsc-fundacion-sos-mano-bolivia-y-hospital-arco-iris-se-unen-por-los-ninos\\\/#article\",\"isPartOf\":{\"@id\":\"https:\\\/\\\/www.eldiario.net\\\/portal\\\/2023\\\/08\\\/12\\\/fundacion-bmsc-fundacion-sos-mano-bolivia-y-hospital-arco-iris-se-unen-por-los-ninos\\\/\"},\"author\":{\"name\":\"Jeanette\",\"@id\":\"https:\\\/\\\/www.eldiario.net\\\/portal\\\/#\\\/schema\\\/person\\\/2c57cf2b7a7ae032e449e4c9b1019eac\"},\"headline\":\"Fundaci\u00f3n BMSC, Fundaci\u00f3n SOS Mano Bolivia y Hospital Arco Iris se unen por los ni\u00f1os\",\"datePublished\":\"2023-08-12T11:29:45+00:00\",\"mainEntityOfPage\":{\"@id\":\"https:\\\/\\\/www.eldiario.net\\\/portal\\\/2023\\\/08\\\/12\\\/fundacion-bmsc-fundacion-sos-mano-bolivia-y-hospital-arco-iris-se-unen-por-los-ninos\\\/\"},\"wordCount\":379,\"publisher\":{\"@id\":\"https:\\\/\\\/www.eldiario.net\\\/portal\\\/#organization\"},\"image\":{\"@id\":\"https:\\\/\\\/www.eldiario.net\\\/portal\\\/2023\\\/08\\\/12\\\/fundacion-bmsc-fundacion-sos-mano-bolivia-y-hospital-arco-iris-se-unen-por-los-ninos\\\/#primaryimage\"},\"thumbnailUrl\":\"https:\\\/\\\/www.eldiario.net\\\/portal\\\/wp-content\\\/uploads\\\/2023\\\/08\\\/DSC_3709.jpg\",\"articleSection\":[\"Sociales\"],\"inLanguage\":\"es\"},{\"@type\":\"WebPage\",\"@id\":\"https:\\\/\\\/www.eldiario.net\\\/portal\\\/2023\\\/08\\\/12\\\/fundacion-bmsc-fundacion-sos-mano-bolivia-y-hospital-arco-iris-se-unen-por-los-ninos\\\/\",\"url\":\"https:\\\/\\\/www.eldiario.net\\\/portal\\\/2023\\\/08\\\/12\\\/fundacion-bmsc-fundacion-sos-mano-bolivia-y-hospital-arco-iris-se-unen-por-los-ninos\\\/\",\"name\":\"Fundaci\u00f3n BMSC, Fundaci\u00f3n SOS Mano Bolivia y Hospital Arco Iris se unen por los ni\u00f1os - El Diario - Bolivia\",\"isPartOf\":{\"@id\":\"https:\\\/\\\/www.eldiario.net\\\/portal\\\/#website\"},\"primaryImageOfPage\":{\"@id\":\"https:\\\/\\\/www.eldiario.net\\\/portal\\\/2023\\\/08\\\/12\\\/fundacion-bmsc-fundacion-sos-mano-bolivia-y-hospital-arco-iris-se-unen-por-los-ninos\\\/#primaryimage\"},\"image\":{\"@id\":\"https:\\\/\\\/www.eldiario.net\\\/portal\\\/2023\\\/08\\\/12\\\/fundacion-bmsc-fundacion-sos-mano-bolivia-y-hospital-arco-iris-se-unen-por-los-ninos\\\/#primaryimage\"},\"thumbnailUrl\":\"https:\\\/\\\/www.eldiario.net\\\/portal\\\/wp-content\\\/uploads\\\/2023\\\/08\\\/DSC_3709.jpg\",\"datePublished\":\"2023-08-12T11:29:45+00:00\",\"breadcrumb\":{\"@id\":\"https:\\\/\\\/www.eldiario.net\\\/portal\\\/2023\\\/08\\\/12\\\/fundacion-bmsc-fundacion-sos-mano-bolivia-y-hospital-arco-iris-se-unen-por-los-ninos\\\/#breadcrumb\"},\"inLanguage\":\"es\",\"potentialAction\":[{\"@type\":\"ReadAction\",\"target\":[\"https:\\\/\\\/www.eldiario.net\\\/portal\\\/2023\\\/08\\\/12\\\/fundacion-bmsc-fundacion-sos-mano-bolivia-y-hospital-arco-iris-se-unen-por-los-ninos\\\/\"]}]},{\"@type\":\"ImageObject\",\"inLanguage\":\"es\",\"@id\":\"https:\\\/\\\/www.eldiario.net\\\/portal\\\/2023\\\/08\\\/12\\\/fundacion-bmsc-fundacion-sos-mano-bolivia-y-hospital-arco-iris-se-unen-por-los-ninos\\\/#primaryimage\",\"url\":\"https:\\\/\\\/www.eldiario.net\\\/portal\\\/wp-content\\\/uploads\\\/2023\\\/08\\\/DSC_3709.jpg\",\"contentUrl\":\"https:\\\/\\\/www.eldiario.net\\\/portal\\\/wp-content\\\/uploads\\\/2023\\\/08\\\/DSC_3709.jpg\",\"width\":1000,\"height\":667,\"caption\":\"JORGE TERRAZAS, FUNDACI\u00d3N SOS MANO BOLIVIA; HERN\u00c1N GONZALES, GERENTE DE LA FUNDACI\u00d3N BMSC, Y JAEL CAZ\u00d3N, DIRECTORA DEL HOSPITAL ARCO IRIS, DURANTE LA FIRMA DEL ACUERDO.\"},{\"@type\":\"BreadcrumbList\",\"@id\":\"https:\\\/\\\/www.eldiario.net\\\/portal\\\/2023\\\/08\\\/12\\\/fundacion-bmsc-fundacion-sos-mano-bolivia-y-hospital-arco-iris-se-unen-por-los-ninos\\\/#breadcrumb\",\"itemListElement\":[{\"@type\":\"ListItem\",\"position\":1,\"name\":\"Portada\",\"item\":\"https:\\\/\\\/www.eldiario.net\\\/portal\\\/\"},{\"@type\":\"ListItem\",\"position\":2,\"name\":\"Fundaci\u00f3n BMSC, Fundaci\u00f3n SOS Mano Bolivia y Hospital Arco Iris se unen por los ni\u00f1os\"}]},{\"@type\":\"WebSite\",\"@id\":\"https:\\\/\\\/www.eldiario.net\\\/portal\\\/#website\",\"url\":\"https:\\\/\\\/www.eldiario.net\\\/portal\\\/\",\"name\":\"El Diario - Decano de la prensa nacional\",\"description\":\"El Diario - Decano de la prensa nacional\",\"publisher\":{\"@id\":\"https:\\\/\\\/www.eldiario.net\\\/portal\\\/#organization\"},\"potentialAction\":[{\"@type\":\"SearchAction\",\"target\":{\"@type\":\"EntryPoint\",\"urlTemplate\":\"https:\\\/\\\/www.eldiario.net\\\/portal\\\/?s={search_term_string}\"},\"query-input\":{\"@type\":\"PropertyValueSpecification\",\"valueRequired\":true,\"valueName\":\"search_term_string\"}}],\"inLanguage\":\"es\"},{\"@type\":\"Organization\",\"@id\":\"https:\\\/\\\/www.eldiario.net\\\/portal\\\/#organization\",\"name\":\"El Diario - Decano de la prensa nacional\",\"url\":\"https:\\\/\\\/www.eldiario.net\\\/portal\\\/\",\"logo\":{\"@type\":\"ImageObject\",\"inLanguage\":\"es\",\"@id\":\"https:\\\/\\\/www.eldiario.net\\\/portal\\\/#\\\/schema\\\/logo\\\/image\\\/\",\"url\":\"https:\\\/\\\/www.eldiario.net\\\/portal\\\/wp-content\\\/uploads\\\/2023\\\/07\\\/logo_ED.jpg\",\"contentUrl\":\"https:\\\/\\\/www.eldiario.net\\\/portal\\\/wp-content\\\/uploads\\\/2023\\\/07\\\/logo_ED.jpg\",\"width\":272,\"height\":52,\"caption\":\"El Diario - Decano de la prensa nacional\"},\"image\":{\"@id\":\"https:\\\/\\\/www.eldiario.net\\\/portal\\\/#\\\/schema\\\/logo\\\/image\\\/\"},\"sameAs\":[\"https:\\\/\\\/www.facebook.com\\\/eldiario.bolivia\\\/\",\"https:\\\/\\\/x.com\\\/eldiario_net\"]},{\"@type\":\"Person\",\"@id\":\"https:\\\/\\\/www.eldiario.net\\\/portal\\\/#\\\/schema\\\/person\\\/2c57cf2b7a7ae032e449e4c9b1019eac\",\"name\":\"Jeanette\",\"image\":{\"@type\":\"ImageObject\",\"inLanguage\":\"es\",\"@id\":\"https:\\\/\\\/secure.gravatar.com\\\/avatar\\\/3ea2118a5f7dad2b7138b1187a6b7ee55f160b9968b66013c3a3ef39dd7e5798?s=96&d=mm&r=g\",\"url\":\"https:\\\/\\\/secure.gravatar.com\\\/avatar\\\/3ea2118a5f7dad2b7138b1187a6b7ee55f160b9968b66013c3a3ef39dd7e5798?s=96&d=mm&r=g\",\"contentUrl\":\"https:\\\/\\\/secure.gravatar.com\\\/avatar\\\/3ea2118a5f7dad2b7138b1187a6b7ee55f160b9968b66013c3a3ef39dd7e5798?s=96&d=mm&r=g\",\"caption\":\"Jeanette\"},\"sameAs\":[\"https:\\\/\\\/www.eldiario.net\\\/portal\"],\"url\":\"https:\\\/\\\/www.eldiario.net\\\/portal\\\/author\\\/jeanette\\\/\"}]}<\/script>\n<!-- \/ Yoast SEO plugin. -->","yoast_head_json":{"title":"Fundaci\u00f3n BMSC, Fundaci\u00f3n SOS Mano Bolivia y Hospital Arco Iris se unen por los ni\u00f1os - El Diario - Bolivia","robots":{"index":"index","follow":"follow","max-snippet":"max-snippet:-1","max-image-preview":"max-image-preview:large","max-video-preview":"max-video-preview:-1"},"canonical":"https:\/\/www.eldiario.net\/portal\/2023\/08\/12\/fundacion-bmsc-fundacion-sos-mano-bolivia-y-hospital-arco-iris-se-unen-por-los-ninos\/","og_locale":"es_ES","og_type":"article","og_title":"Fundaci\u00f3n BMSC, Fundaci\u00f3n SOS Mano Bolivia y Hospital Arco Iris se unen por los ni\u00f1os - El Diario - Bolivia","og_description":"La Fundaci\u00f3n del Banco Mercantil Santa Cruz (BMSC)\u2013 Puedes Creer en alianza con la Fundaci\u00f3n SOS Mano Bolivia y el Hospital Arco Iris se unen en una nueva campa\u00f1a gratuita de cirug\u00edas de mano en nuestra ciudad. Se trata del \u201cPrograma Manitos\u201d, para realizar cirug\u00edas gratuitas a personas de escasos recursos que tienen lesiones nerviosas [&hellip;]","og_url":"https:\/\/www.eldiario.net\/portal\/2023\/08\/12\/fundacion-bmsc-fundacion-sos-mano-bolivia-y-hospital-arco-iris-se-unen-por-los-ninos\/","og_site_name":"El Diario - Bolivia","article_publisher":"https:\/\/www.facebook.com\/eldiario.bolivia\/","article_published_time":"2023-08-12T11:29:45+00:00","og_image":[{"width":1000,"height":667,"url":"https:\/\/www.eldiario.net\/portal\/wp-content\/uploads\/2023\/08\/DSC_3709.jpg","type":"image\/jpeg"}],"author":"Jeanette","twitter_card":"summary_large_image","twitter_creator":"@eldiario_net","twitter_site":"@eldiario_net","twitter_misc":{"Escrito por":"Jeanette","Tiempo de lectura":"2 minutos"},"schema":{"@context":"https:\/\/schema.org","@graph":[{"@type":"Article","@id":"https:\/\/www.eldiario.net\/portal\/2023\/08\/12\/fundacion-bmsc-fundacion-sos-mano-bolivia-y-hospital-arco-iris-se-unen-por-los-ninos\/#article","isPartOf":{"@id":"https:\/\/www.eldiario.net\/portal\/2023\/08\/12\/fundacion-bmsc-fundacion-sos-mano-bolivia-y-hospital-arco-iris-se-unen-por-los-ninos\/"},"author":{"name":"Jeanette","@id":"https:\/\/www.eldiario.net\/portal\/#\/schema\/person\/2c57cf2b7a7ae032e449e4c9b1019eac"},"headline":"Fundaci\u00f3n BMSC, Fundaci\u00f3n SOS Mano Bolivia y Hospital Arco Iris se unen por los ni\u00f1os","datePublished":"2023-08-12T11:29:45+00:00","mainEntityOfPage":{"@id":"https:\/\/www.eldiario.net\/portal\/2023\/08\/12\/fundacion-bmsc-fundacion-sos-mano-bolivia-y-hospital-arco-iris-se-unen-por-los-ninos\/"},"wordCount":379,"publisher":{"@id":"https:\/\/www.eldiario.net\/portal\/#organization"},"image":{"@id":"https:\/\/www.eldiario.net\/portal\/2023\/08\/12\/fundacion-bmsc-fundacion-sos-mano-bolivia-y-hospital-arco-iris-se-unen-por-los-ninos\/#primaryimage"},"thumbnailUrl":"https:\/\/www.eldiario.net\/portal\/wp-content\/uploads\/2023\/08\/DSC_3709.jpg","articleSection":["Sociales"],"inLanguage":"es"},{"@type":"WebPage","@id":"https:\/\/www.eldiario.net\/portal\/2023\/08\/12\/fundacion-bmsc-fundacion-sos-mano-bolivia-y-hospital-arco-iris-se-unen-por-los-ninos\/","url":"https:\/\/www.eldiario.net\/portal\/2023\/08\/12\/fundacion-bmsc-fundacion-sos-mano-bolivia-y-hospital-arco-iris-se-unen-por-los-ninos\/","name":"Fundaci\u00f3n BMSC, Fundaci\u00f3n SOS Mano Bolivia y Hospital Arco Iris se unen por los ni\u00f1os - El Diario - Bolivia","isPartOf":{"@id":"https:\/\/www.eldiario.net\/portal\/#website"},"primaryImageOfPage":{"@id":"https:\/\/www.eldiario.net\/portal\/2023\/08\/12\/fundacion-bmsc-fundacion-sos-mano-bolivia-y-hospital-arco-iris-se-unen-por-los-ninos\/#primaryimage"},"image":{"@id":"https:\/\/www.eldiario.net\/portal\/2023\/08\/12\/fundacion-bmsc-fundacion-sos-mano-bolivia-y-hospital-arco-iris-se-unen-por-los-ninos\/#primaryimage"},"thumbnailUrl":"https:\/\/www.eldiario.net\/portal\/wp-content\/uploads\/2023\/08\/DSC_3709.jpg","datePublished":"2023-08-12T11:29:45+00:00","breadcrumb":{"@id":"https:\/\/www.eldiario.net\/portal\/2023\/08\/12\/fundacion-bmsc-fundacion-sos-mano-bolivia-y-hospital-arco-iris-se-unen-por-los-ninos\/#breadcrumb"},"inLanguage":"es","potentialAction":[{"@type":"ReadAction","target":["https:\/\/www.eldiario.net\/portal\/2023\/08\/12\/fundacion-bmsc-fundacion-sos-mano-bolivia-y-hospital-arco-iris-se-unen-por-los-ninos\/"]}]},{"@type":"ImageObject","inLanguage":"es","@id":"https:\/\/www.eldiario.net\/portal\/2023\/08\/12\/fundacion-bmsc-fundacion-sos-mano-bolivia-y-hospital-arco-iris-se-unen-por-los-ninos\/#primaryimage","url":"https:\/\/www.eldiario.net\/portal\/wp-content\/uploads\/2023\/08\/DSC_3709.jpg","contentUrl":"https:\/\/www.eldiario.net\/portal\/wp-content\/uploads\/2023\/08\/DSC_3709.jpg","width":1000,"height":667,"caption":"JORGE TERRAZAS, FUNDACI\u00d3N SOS MANO BOLIVIA; HERN\u00c1N GONZALES, GERENTE DE LA FUNDACI\u00d3N BMSC, Y JAEL CAZ\u00d3N, DIRECTORA DEL HOSPITAL ARCO IRIS, DURANTE LA FIRMA DEL ACUERDO."},{"@type":"BreadcrumbList","@id":"https:\/\/www.eldiario.net\/portal\/2023\/08\/12\/fundacion-bmsc-fundacion-sos-mano-bolivia-y-hospital-arco-iris-se-unen-por-los-ninos\/#breadcrumb","itemListElement":[{"@type":"ListItem","position":1,"name":"Portada","item":"https:\/\/www.eldiario.net\/portal\/"},{"@type":"ListItem","position":2,"name":"Fundaci\u00f3n BMSC, Fundaci\u00f3n SOS Mano Bolivia y Hospital Arco Iris se unen por los ni\u00f1os"}]},{"@type":"WebSite","@id":"https:\/\/www.eldiario.net\/portal\/#website","url":"https:\/\/www.eldiario.net\/portal\/","name":"El Diario - Decano de la prensa nacional","description":"El Diario - Decano de la prensa nacional","publisher":{"@id":"https:\/\/www.eldiario.net\/portal\/#organization"},"potentialAction":[{"@type":"SearchAction","target":{"@type":"EntryPoint","urlTemplate":"https:\/\/www.eldiario.net\/portal\/?s={search_term_string}"},"query-input":{"@type":"PropertyValueSpecification","valueRequired":true,"valueName":"search_term_string"}}],"inLanguage":"es"},{"@type":"Organization","@id":"https:\/\/www.eldiario.net\/portal\/#organization","name":"El Diario - Decano de la prensa nacional","url":"https:\/\/www.eldiario.net\/portal\/","logo":{"@type":"ImageObject","inLanguage":"es","@id":"https:\/\/www.eldiario.net\/portal\/#\/schema\/logo\/image\/","url":"https:\/\/www.eldiario.net\/portal\/wp-content\/uploads\/2023\/07\/logo_ED.jpg","contentUrl":"https:\/\/www.eldiario.net\/portal\/wp-content\/uploads\/2023\/07\/logo_ED.jpg","width":272,"height":52,"caption":"El Diario - Decano de la prensa nacional"},"image":{"@id":"https:\/\/www.eldiario.net\/portal\/#\/schema\/logo\/image\/"},"sameAs":["https:\/\/www.facebook.com\/eldiario.bolivia\/","https:\/\/x.com\/eldiario_net"]},{"@type":"Person","@id":"https:\/\/www.eldiario.net\/portal\/#\/schema\/person\/2c57cf2b7a7ae032e449e4c9b1019eac","name":"Jeanette","image":{"@type":"ImageObject","inLanguage":"es","@id":"https:\/\/secure.gravatar.com\/avatar\/3ea2118a5f7dad2b7138b1187a6b7ee55f160b9968b66013c3a3ef39dd7e5798?s=96&d=mm&r=g","url":"https:\/\/secure.gravatar.com\/avatar\/3ea2118a5f7dad2b7138b1187a6b7ee55f160b9968b66013c3a3ef39dd7e5798?s=96&d=mm&r=g","contentUrl":"https:\/\/secure.gravatar.com\/avatar\/3ea2118a5f7dad2b7138b1187a6b7ee55f160b9968b66013c3a3ef39dd7e5798?s=96&d=mm&r=g","caption":"Jeanette"},"sameAs":["https:\/\/www.eldiario.net\/portal"],"url":"https:\/\/www.eldiario.net\/portal\/author\/jeanette\/"}]}},"_links":{"self":[{"href":"https:\/\/www.eldiario.net\/portal\/wp-json\/wp\/v2\/posts\/170662","targetHints":{"allow":["GET"]}}],"collection":[{"href":"https:\/\/www.eldiario.net\/portal\/wp-json\/wp\/v2\/posts"}],"about":[{"href":"https:\/\/www.eldiario.net\/portal\/wp-json\/wp\/v2\/types\/post"}],"author":[{"embeddable":true,"href":"https:\/\/www.eldiario.net\/portal\/wp-json\/wp\/v2\/users\/1"}],"replies":[{"embeddable":true,"href":"https:\/\/www.eldiario.net\/portal\/wp-json\/wp\/v2\/comments?post=170662"}],"version-history":[{"count":0,"href":"https:\/\/www.eldiario.net\/portal\/wp-json\/wp\/v2\/posts\/170662\/revisions"}],"wp:featuredmedia":[{"embeddable":true,"href":"https:\/\/www.eldiario.net\/portal\/wp-json\/wp\/v2\/media\/170666"}],"wp:attachment":[{"href":"https:\/\/www.eldiario.net\/portal\/wp-json\/wp\/v2\/media?parent=170662"}],"wp:term":[{"taxonomy":"category","embeddable":true,"href":"https:\/\/www.eldiario.net\/portal\/wp-json\/wp\/v2\/categories?post=170662"},{"taxonomy":"post_tag","embeddable":true,"href":"https:\/\/www.eldiario.net\/portal\/wp-json\/wp\/v2\/tags?post=170662"}],"curies":[{"name":"wp","href":"https:\/\/api.w.org\/{rel}","templated":true}]}}