{"id":170651,"date":"2023-08-12T07:22:31","date_gmt":"2023-08-12T11:22:31","guid":{"rendered":"https:\/\/www.eldiario.net\/portal\/?p=170651"},"modified":"2023-08-12T07:22:31","modified_gmt":"2023-08-12T11:22:31","slug":"las-criadas-llegan-de-paris-a-la-paz","status":"publish","type":"post","link":"https:\/\/www.eldiario.net\/portal\/2023\/08\/12\/las-criadas-llegan-de-paris-a-la-paz\/","title":{"rendered":"\u201cLas Criadas\u201d llegan  de Par\u00eds a La Paz"},"content":{"rendered":"<p>Mona Lisa &amp; Pasa &#8211; Prod llega de Par\u00eds a La Paz para presentar \u201cLas Criadas\u201d de Jean Genet, bajo la direcci\u00f3n de Marcos Malavia.<\/p>\n<p>La obra ser\u00e1 llevada a escena el martes 15 de agosto, a horas 20:00, en el Teatro Municipal \u201cAlberto Saavedra P\u00e9rez\u201d, luego de recibir elogiosos comentarios del p\u00fablico y la cr\u00edtica especializada desde su estreno en Francia en el a\u00f1o 2021.<\/p>\n<p>\u201cLas Criadas\u201d es una comedia tr\u00e1gica que habla del giro imposible del equilibrio de poder entre dominante y dominado. Cuenta la historia de dos criadas, una patrona y una amante. Denuncia a la sociedad burguesa y el juego de poder.<\/p>\n<p>Durante la primera edici\u00f3n, Jean Genet hab\u00eda titulado la obra \u00abLa tragedia de los confidentes\u00bb, convirtiendo as\u00ed a las dos protagonistas dom\u00e9sticas en personajes ilustres que luchan contra sus conflictos internos y un destino excepcional y desafortunado. Como toda tragedia, extrae su fuerza de los arquetipos que construyen las relaciones humanas, en este caso, la de dos mundos que conviven bajo el mismo techo y que, inevitablemente, tienen que confrontarse.<\/p>\n<p>\u201cQueremos ofrecer una mirada que explore la b\u00fasqueda teatral de Jean Genet; una escritura que busca interpelarnos sobre los antagonismos que retratan nuestra sociedad: El juego de poder, servidumbre, dominaci\u00f3n, cuestionar el comportamiento moral y existencial\u201d, coment\u00f3 Marcos Malavia.<\/p>\n<p>En una de las notas del autor dirigidas a un director teatral, Jean Genet indicaba:<\/p>\n<p>\u201cEs posible que la obra parezca reducida a un esqueleto de obra. De hecho, todo es dicho demasiado r\u00e1pidamente y demasiado expl\u00edcito. Por lo tanto, sugiero que los futuros directores reemplacen las expresiones demasiado precisas, aquellas que hacen que la situaci\u00f3n sea demasiado expl\u00edcita por otras m\u00e1s ambiguas\u201d.<\/p>\n<p>\u201cEsto es lo que queremos mostrar en nuestra propuesta, al elegir el uso de la m\u00e1scara de clown para los personajes, quienes evolucionan en un escenario que sugiere m\u00e1s un mausoleo que un dormitorio burgu\u00e9s\u201d, afirm\u00f3 Marcos a La Gu\u00eda.<\/p>\n<p><strong>LG: \u00bfPor qu\u00e9 decidieron llevar a escena Las Criadas?<\/strong><\/p>\n<p>M: Porque es una obra casi cl\u00e1sica del repertorio del teatro contempor\u00e1neo franc\u00e9s y me interesaba poder realizar una propuesta esc\u00e9nica que para mi gusto pod\u00eda corresponder tambi\u00e9n m\u00e1s a lo que Jean Genet ped\u00eda de su obra, porque adem\u00e1s la obra nos fascina, nos gust\u00f3 mucho.<\/p>\n<p><strong>LG: \u00bfQu\u00e9 es lo que m\u00e1s destacan de la obra?<\/strong><\/p>\n<p>M: Lo m\u00e1s destacable de la obra es justamente esta arquitectura de palabras y de sentimientos que propone Jean Genet, con una situaci\u00f3n bien concreta y simple, pero que tambi\u00e9n muestra la complejidad de las relaciones humanas en nuestra sociedad. Jefes y sirvientes siempre han existido y confrontar a los dos, en esta idea de eliminar, uno que quiere mirar al otro, (hace que) se encuentren tambi\u00e9n muchas claves, de lo que son las relaciones en la sociedad.<\/p>\n<p><strong>LG: \u00bfQu\u00e9 fue lo m\u00e1s dif\u00edcil para hacer el montaje de la obra?<\/strong><\/p>\n<p>M: Lo m\u00e1s complicado fue encontrar la lectura primera de Jean, porque tuvo una primera versi\u00f3n, que es la menos conocida, que llevaba como t\u00edtulo \u201cLa tragedia de las confidencias\u201d. Hizo la otra versi\u00f3n que se llama \u201cLas criadas\u201d y a m\u00ed me parec\u00eda que en su primera versi\u00f3n era mucho m\u00e1s directo y m\u00e1s conciso. Entonces el trabajo m\u00e1s dif\u00edcil para m\u00ed fue ese. En cuanto a la interpretaci\u00f3n, tambi\u00e9n ha sido bastante complicado llegar a un punto de interpretaci\u00f3n que a la vez sea exuberante, pero tambi\u00e9n bastante justo y no vac\u00edo de esencia, de sentimiento.<\/p>\n<p><strong>LG: \u00bfCu\u00e1ntas presentaciones ya tuvo Las Criadas?<\/strong><\/p>\n<p>M: La obra fue presentada ya m\u00e1s de cincuenta veces en Francia, en el Festival de Avignon, en el teatro de Par\u00eds, en el teatro El Duende de IB. Y luego en una gira que se hizo por Mont Bonne en el sur y el norte de Francia.<\/p>\n<p><strong>LG: \u00bfPor qu\u00e9 el p\u00fablico de La Paz debe ver la obra? <\/strong><\/p>\n<p>M: Yo creo que lo m\u00e1s importante es saber que este montaje lo estamos trayendo como una manera tambi\u00e9n de mostrar un trabajo de la compa\u00f1\u00eda Mona Lisa Klaxon. Un trabajo que nos llev\u00f3 tres a\u00f1os afinarlo y concretizarlo.<\/p>\n<p><strong>FICHA T\u00c9CNICA<\/strong><\/p>\n<p>Puesta en escena: Marcos Malavia.<\/p>\n<p>Asistente de direcci\u00f3n: Maia Riviera.<\/p>\n<p>Act\u00faan: Am\u00e9lie Dumetz, V\u00edctor Quezada-P\u00e9rez y Marcos Malavia.<\/p>\n<p>Escenograf\u00eda e Iluminaci\u00f3n: Erick Priano.<\/p>\n<p>Vestuario: Kinga Kozakowska<\/p>\n<p>Producci\u00f3n: Mona Lisa Klaxon et Paso&amp;Prod.<\/p>\n<p>Producci\u00f3n en Bolivia: Escuela Nacional de Teatro, Sarah Faride.<\/p>\n<p>Duraci\u00f3n: Una hora y diez minutos.<\/p>\n<p>El espect\u00e1culo es apto para todo p\u00fablico a partir de los 12 a\u00f1os de edad y las entradas est\u00e1n disponibles en Superticket<\/p>\n<p>https:\/\/live.superticket.com.bo\/Las-Criadas-o-la-tragedia-de-los-secretos-La-Paz\/<\/p>\n<p>&#8211; POR WHATS APP<\/p>\n<p>Solo mensajes al +591 771 123 45 o haz click en este enlace: https:\/\/wa.link\/kea23f<\/p>\n<p>&#8211; SUPERTICKET DISCOLANDIA<\/p>\n<p>Av. 16 de Julio, El Prado.<\/p>\n<p>https:\/\/goo.gl\/maps\/GL8mtsfKKyPYhd5N9<\/p>\n<p>Lunes a viernes, de 11:00 18:00.<\/p>\n<p>&#8211; SUPERTICKET PIZZA RIO<\/p>\n<p>Av. Montenegro y Calle Claudio Aliaga.<\/p>\n<p>https:\/\/goo.gl\/maps\/kB7H3CS5rk647G949<\/p>\n<p>Lunes a domingo, de 16:00 a 22:00.<\/p>\n<p>&#8211; SUPERTICKET CITY ROLLS<\/p>\n<p>Av. Sim\u00f3n Bol\u00edvar, Miraflores<\/p>\n<p>https:\/\/goo.gl\/maps\/5eJThxE6cyxNWto59<\/p>\n<p>Martes a domingo, de 11:30 a 20:30.<\/p>\n<p>&#8211; SUPERTICKET CINEBOL<\/p>\n<div id='gallery-1' class='gallery galleryid-170651 gallery-columns-3 gallery-size-medium'><figure class='gallery-item'>\n\t\t\t<div class='gallery-icon landscape'>\n\t\t\t\t<a href='https:\/\/www.eldiario.net\/portal\/2023\/08\/12\/las-criadas-llegan-de-paris-a-la-paz\/las-criadas-1principal\/'><img loading=\"lazy\" decoding=\"async\" width=\"300\" height=\"150\" src=\"https:\/\/www.eldiario.net\/portal\/wp-content\/uploads\/2023\/08\/las-criadas-1PRINCIPAL-scaled-1-300x150.jpg\" class=\"attachment-medium size-medium\" alt=\"\" srcset=\"https:\/\/www.eldiario.net\/portal\/wp-content\/uploads\/2023\/08\/las-criadas-1PRINCIPAL-scaled-1-300x150.jpg 300w, https:\/\/www.eldiario.net\/portal\/wp-content\/uploads\/2023\/08\/las-criadas-1PRINCIPAL-scaled-1-1024x512.jpg 1024w, https:\/\/www.eldiario.net\/portal\/wp-content\/uploads\/2023\/08\/las-criadas-1PRINCIPAL-scaled-1-768x384.jpg 768w, https:\/\/www.eldiario.net\/portal\/wp-content\/uploads\/2023\/08\/las-criadas-1PRINCIPAL-scaled-1-1536x768.jpg 1536w, https:\/\/www.eldiario.net\/portal\/wp-content\/uploads\/2023\/08\/las-criadas-1PRINCIPAL-scaled-1-2048x1024.jpg 2048w, https:\/\/www.eldiario.net\/portal\/wp-content\/uploads\/2023\/08\/las-criadas-1PRINCIPAL-scaled-1-696x348.jpg 696w, https:\/\/www.eldiario.net\/portal\/wp-content\/uploads\/2023\/08\/las-criadas-1PRINCIPAL-scaled-1-1068x534.jpg 1068w, https:\/\/www.eldiario.net\/portal\/wp-content\/uploads\/2023\/08\/las-criadas-1PRINCIPAL-scaled-1-1920x960.jpg 1920w\" sizes=\"auto, (max-width: 300px) 100vw, 300px\" \/><\/a>\n\t\t\t<\/div><\/figure><figure class='gallery-item'>\n\t\t\t<div class='gallery-icon landscape'>\n\t\t\t\t<a href='https:\/\/www.eldiario.net\/portal\/2023\/08\/12\/las-criadas-llegan-de-paris-a-la-paz\/las-criadas-2\/'><img loading=\"lazy\" decoding=\"async\" width=\"300\" height=\"150\" src=\"https:\/\/www.eldiario.net\/portal\/wp-content\/uploads\/2023\/08\/las-criadas-2-scaled-1-300x150.jpg\" class=\"attachment-medium size-medium\" alt=\"\" srcset=\"https:\/\/www.eldiario.net\/portal\/wp-content\/uploads\/2023\/08\/las-criadas-2-scaled-1-300x150.jpg 300w, https:\/\/www.eldiario.net\/portal\/wp-content\/uploads\/2023\/08\/las-criadas-2-scaled-1-1024x512.jpg 1024w, https:\/\/www.eldiario.net\/portal\/wp-content\/uploads\/2023\/08\/las-criadas-2-scaled-1-768x384.jpg 768w, https:\/\/www.eldiario.net\/portal\/wp-content\/uploads\/2023\/08\/las-criadas-2-scaled-1-1536x768.jpg 1536w, https:\/\/www.eldiario.net\/portal\/wp-content\/uploads\/2023\/08\/las-criadas-2-scaled-1-2048x1024.jpg 2048w, https:\/\/www.eldiario.net\/portal\/wp-content\/uploads\/2023\/08\/las-criadas-2-scaled-1-696x348.jpg 696w, https:\/\/www.eldiario.net\/portal\/wp-content\/uploads\/2023\/08\/las-criadas-2-scaled-1-1068x534.jpg 1068w, https:\/\/www.eldiario.net\/portal\/wp-content\/uploads\/2023\/08\/las-criadas-2-scaled-1-1920x960.jpg 1920w\" sizes=\"auto, (max-width: 300px) 100vw, 300px\" \/><\/a>\n\t\t\t<\/div><\/figure><figure class='gallery-item'>\n\t\t\t<div class='gallery-icon landscape'>\n\t\t\t\t<a href='https:\/\/www.eldiario.net\/portal\/2023\/08\/12\/las-criadas-llegan-de-paris-a-la-paz\/las-criadas-3\/'><img loading=\"lazy\" decoding=\"async\" width=\"300\" height=\"150\" src=\"https:\/\/www.eldiario.net\/portal\/wp-content\/uploads\/2023\/08\/las-criadas-3-scaled-1-300x150.jpg\" class=\"attachment-medium size-medium\" alt=\"\" srcset=\"https:\/\/www.eldiario.net\/portal\/wp-content\/uploads\/2023\/08\/las-criadas-3-scaled-1-300x150.jpg 300w, https:\/\/www.eldiario.net\/portal\/wp-content\/uploads\/2023\/08\/las-criadas-3-scaled-1-1024x512.jpg 1024w, https:\/\/www.eldiario.net\/portal\/wp-content\/uploads\/2023\/08\/las-criadas-3-scaled-1-768x384.jpg 768w, https:\/\/www.eldiario.net\/portal\/wp-content\/uploads\/2023\/08\/las-criadas-3-scaled-1-1536x768.jpg 1536w, https:\/\/www.eldiario.net\/portal\/wp-content\/uploads\/2023\/08\/las-criadas-3-scaled-1-2048x1024.jpg 2048w, https:\/\/www.eldiario.net\/portal\/wp-content\/uploads\/2023\/08\/las-criadas-3-scaled-1-696x348.jpg 696w, https:\/\/www.eldiario.net\/portal\/wp-content\/uploads\/2023\/08\/las-criadas-3-scaled-1-1068x534.jpg 1068w, https:\/\/www.eldiario.net\/portal\/wp-content\/uploads\/2023\/08\/las-criadas-3-scaled-1-1920x960.jpg 1920w\" sizes=\"auto, (max-width: 300px) 100vw, 300px\" \/><\/a>\n\t\t\t<\/div><\/figure><figure class='gallery-item'>\n\t\t\t<div class='gallery-icon landscape'>\n\t\t\t\t<a href='https:\/\/www.eldiario.net\/portal\/2023\/08\/12\/las-criadas-llegan-de-paris-a-la-paz\/las-criadas-4\/'><img loading=\"lazy\" decoding=\"async\" width=\"300\" height=\"150\" src=\"https:\/\/www.eldiario.net\/portal\/wp-content\/uploads\/2023\/08\/las-criadas-4-scaled-1-300x150.jpg\" class=\"attachment-medium size-medium\" alt=\"\" srcset=\"https:\/\/www.eldiario.net\/portal\/wp-content\/uploads\/2023\/08\/las-criadas-4-scaled-1-300x150.jpg 300w, https:\/\/www.eldiario.net\/portal\/wp-content\/uploads\/2023\/08\/las-criadas-4-scaled-1-1024x512.jpg 1024w, https:\/\/www.eldiario.net\/portal\/wp-content\/uploads\/2023\/08\/las-criadas-4-scaled-1-768x384.jpg 768w, https:\/\/www.eldiario.net\/portal\/wp-content\/uploads\/2023\/08\/las-criadas-4-scaled-1-1536x768.jpg 1536w, https:\/\/www.eldiario.net\/portal\/wp-content\/uploads\/2023\/08\/las-criadas-4-scaled-1-2048x1024.jpg 2048w, https:\/\/www.eldiario.net\/portal\/wp-content\/uploads\/2023\/08\/las-criadas-4-scaled-1-696x348.jpg 696w, https:\/\/www.eldiario.net\/portal\/wp-content\/uploads\/2023\/08\/las-criadas-4-scaled-1-1068x534.jpg 1068w, https:\/\/www.eldiario.net\/portal\/wp-content\/uploads\/2023\/08\/las-criadas-4-scaled-1-1920x960.jpg 1920w\" sizes=\"auto, (max-width: 300px) 100vw, 300px\" \/><\/a>\n\t\t\t<\/div><\/figure><figure class='gallery-item'>\n\t\t\t<div class='gallery-icon landscape'>\n\t\t\t\t<a href='https:\/\/www.eldiario.net\/portal\/2023\/08\/12\/las-criadas-llegan-de-paris-a-la-paz\/las-criadas-5\/'><img loading=\"lazy\" decoding=\"async\" width=\"300\" height=\"150\" src=\"https:\/\/www.eldiario.net\/portal\/wp-content\/uploads\/2023\/08\/las-criadas-5-scaled-1-300x150.jpg\" class=\"attachment-medium size-medium\" alt=\"\" srcset=\"https:\/\/www.eldiario.net\/portal\/wp-content\/uploads\/2023\/08\/las-criadas-5-scaled-1-300x150.jpg 300w, https:\/\/www.eldiario.net\/portal\/wp-content\/uploads\/2023\/08\/las-criadas-5-scaled-1-1024x512.jpg 1024w, https:\/\/www.eldiario.net\/portal\/wp-content\/uploads\/2023\/08\/las-criadas-5-scaled-1-768x384.jpg 768w, https:\/\/www.eldiario.net\/portal\/wp-content\/uploads\/2023\/08\/las-criadas-5-scaled-1-1536x768.jpg 1536w, https:\/\/www.eldiario.net\/portal\/wp-content\/uploads\/2023\/08\/las-criadas-5-scaled-1-2048x1024.jpg 2048w, https:\/\/www.eldiario.net\/portal\/wp-content\/uploads\/2023\/08\/las-criadas-5-scaled-1-696x348.jpg 696w, https:\/\/www.eldiario.net\/portal\/wp-content\/uploads\/2023\/08\/las-criadas-5-scaled-1-1068x534.jpg 1068w, https:\/\/www.eldiario.net\/portal\/wp-content\/uploads\/2023\/08\/las-criadas-5-scaled-1-1920x960.jpg 1920w\" sizes=\"auto, (max-width: 300px) 100vw, 300px\" \/><\/a>\n\t\t\t<\/div><\/figure><figure class='gallery-item'>\n\t\t\t<div class='gallery-icon landscape'>\n\t\t\t\t<a href='https:\/\/www.eldiario.net\/portal\/2023\/08\/12\/las-criadas-llegan-de-paris-a-la-paz\/las-criadas-6\/'><img loading=\"lazy\" decoding=\"async\" width=\"300\" height=\"150\" src=\"https:\/\/www.eldiario.net\/portal\/wp-content\/uploads\/2023\/08\/las-criadas-6-scaled-1-300x150.jpg\" class=\"attachment-medium size-medium\" alt=\"\" srcset=\"https:\/\/www.eldiario.net\/portal\/wp-content\/uploads\/2023\/08\/las-criadas-6-scaled-1-300x150.jpg 300w, https:\/\/www.eldiario.net\/portal\/wp-content\/uploads\/2023\/08\/las-criadas-6-scaled-1-1024x512.jpg 1024w, https:\/\/www.eldiario.net\/portal\/wp-content\/uploads\/2023\/08\/las-criadas-6-scaled-1-768x384.jpg 768w, https:\/\/www.eldiario.net\/portal\/wp-content\/uploads\/2023\/08\/las-criadas-6-scaled-1-1536x768.jpg 1536w, https:\/\/www.eldiario.net\/portal\/wp-content\/uploads\/2023\/08\/las-criadas-6-scaled-1-2048x1024.jpg 2048w, https:\/\/www.eldiario.net\/portal\/wp-content\/uploads\/2023\/08\/las-criadas-6-scaled-1-696x348.jpg 696w, https:\/\/www.eldiario.net\/portal\/wp-content\/uploads\/2023\/08\/las-criadas-6-scaled-1-1068x534.jpg 1068w, https:\/\/www.eldiario.net\/portal\/wp-content\/uploads\/2023\/08\/las-criadas-6-scaled-1-1920x960.jpg 1920w\" sizes=\"auto, (max-width: 300px) 100vw, 300px\" \/><\/a>\n\t\t\t<\/div><\/figure><figure class='gallery-item'>\n\t\t\t<div class='gallery-icon landscape'>\n\t\t\t\t<a href='https:\/\/www.eldiario.net\/portal\/2023\/08\/12\/las-criadas-llegan-de-paris-a-la-paz\/las-criadas-7\/'><img loading=\"lazy\" decoding=\"async\" width=\"300\" height=\"150\" src=\"https:\/\/www.eldiario.net\/portal\/wp-content\/uploads\/2023\/08\/las-criadas-7-scaled-1-300x150.jpg\" class=\"attachment-medium size-medium\" alt=\"\" srcset=\"https:\/\/www.eldiario.net\/portal\/wp-content\/uploads\/2023\/08\/las-criadas-7-scaled-1-300x150.jpg 300w, https:\/\/www.eldiario.net\/portal\/wp-content\/uploads\/2023\/08\/las-criadas-7-scaled-1-1024x512.jpg 1024w, https:\/\/www.eldiario.net\/portal\/wp-content\/uploads\/2023\/08\/las-criadas-7-scaled-1-768x384.jpg 768w, https:\/\/www.eldiario.net\/portal\/wp-content\/uploads\/2023\/08\/las-criadas-7-scaled-1-1536x768.jpg 1536w, https:\/\/www.eldiario.net\/portal\/wp-content\/uploads\/2023\/08\/las-criadas-7-scaled-1-2048x1024.jpg 2048w, https:\/\/www.eldiario.net\/portal\/wp-content\/uploads\/2023\/08\/las-criadas-7-scaled-1-696x348.jpg 696w, https:\/\/www.eldiario.net\/portal\/wp-content\/uploads\/2023\/08\/las-criadas-7-scaled-1-1068x534.jpg 1068w, https:\/\/www.eldiario.net\/portal\/wp-content\/uploads\/2023\/08\/las-criadas-7-scaled-1-1920x960.jpg 1920w\" sizes=\"auto, (max-width: 300px) 100vw, 300px\" \/><\/a>\n\t\t\t<\/div><\/figure>\n\t\t<\/div>\n\n","protected":false},"excerpt":{"rendered":"<p>Mona Lisa &amp; Pasa &#8211; Prod llega de Par\u00eds a La Paz para presentar \u201cLas Criadas\u201d de Jean Genet, bajo la direcci\u00f3n de Marcos Malavia. La obra ser\u00e1 llevada a escena el martes 15 de agosto, a horas 20:00, en el Teatro Municipal \u201cAlberto Saavedra P\u00e9rez\u201d, luego de recibir elogiosos comentarios del p\u00fablico y la [&hellip;]<\/p>\n","protected":false},"author":1,"featured_media":170652,"comment_status":"closed","ping_status":"open","sticky":false,"template":"","format":"standard","meta":{"_acf_changed":false,"footnotes":""},"categories":[41],"tags":[],"class_list":["post-170651","post","type-post","status-publish","format-standard","has-post-thumbnail","category-la-guia"],"acf":{"antetitulo":""},"yoast_head":"<!-- This site is optimized with the Yoast SEO plugin v28.4 - https:\/\/yoast.com\/product\/yoast-seo-wordpress\/ -->\n<title>\u201cLas Criadas\u201d llegan de Par\u00eds a La Paz - El Diario - Bolivia<\/title>\n<meta name=\"robots\" content=\"index, follow, max-snippet:-1, max-image-preview:large, max-video-preview:-1\" \/>\n<link rel=\"canonical\" href=\"https:\/\/www.eldiario.net\/portal\/2023\/08\/12\/las-criadas-llegan-de-paris-a-la-paz\/\" \/>\n<meta property=\"og:locale\" content=\"es_ES\" \/>\n<meta property=\"og:type\" content=\"article\" \/>\n<meta property=\"og:title\" content=\"\u201cLas Criadas\u201d llegan de Par\u00eds a La Paz - El Diario - Bolivia\" \/>\n<meta property=\"og:description\" content=\"Mona Lisa &amp; Pasa &#8211; Prod llega de Par\u00eds a La Paz para presentar \u201cLas Criadas\u201d de Jean Genet, bajo la direcci\u00f3n de Marcos Malavia. La obra ser\u00e1 llevada a escena el martes 15 de agosto, a horas 20:00, en el Teatro Municipal \u201cAlberto Saavedra P\u00e9rez\u201d, luego de recibir elogiosos comentarios del p\u00fablico y la [&hellip;]\" \/>\n<meta property=\"og:url\" content=\"https:\/\/www.eldiario.net\/portal\/2023\/08\/12\/las-criadas-llegan-de-paris-a-la-paz\/\" \/>\n<meta property=\"og:site_name\" content=\"El Diario - Bolivia\" \/>\n<meta property=\"article:publisher\" content=\"https:\/\/www.facebook.com\/eldiario.bolivia\/\" \/>\n<meta property=\"article:published_time\" content=\"2023-08-12T11:22:31+00:00\" \/>\n<meta property=\"og:image\" content=\"https:\/\/www.eldiario.net\/portal\/wp-content\/uploads\/2023\/08\/las-criadas-1PRINCIPAL-scaled-1.jpg\" \/>\n\t<meta property=\"og:image:width\" content=\"2560\" \/>\n\t<meta property=\"og:image:height\" content=\"1280\" \/>\n\t<meta property=\"og:image:type\" content=\"image\/jpeg\" \/>\n<meta name=\"author\" content=\"Jeanette\" \/>\n<meta name=\"twitter:card\" content=\"summary_large_image\" \/>\n<meta name=\"twitter:creator\" content=\"@eldiario_net\" \/>\n<meta name=\"twitter:site\" content=\"@eldiario_net\" \/>\n<meta name=\"twitter:label1\" content=\"Escrito por\" \/>\n\t<meta name=\"twitter:data1\" content=\"Jeanette\" \/>\n\t<meta name=\"twitter:label2\" content=\"Tiempo de lectura\" \/>\n\t<meta name=\"twitter:data2\" content=\"4 minutos\" \/>\n<script type=\"application\/ld+json\" class=\"yoast-schema-graph\">{\"@context\":\"https:\\\/\\\/schema.org\",\"@graph\":[{\"@type\":\"Article\",\"@id\":\"https:\\\/\\\/www.eldiario.net\\\/portal\\\/2023\\\/08\\\/12\\\/las-criadas-llegan-de-paris-a-la-paz\\\/#article\",\"isPartOf\":{\"@id\":\"https:\\\/\\\/www.eldiario.net\\\/portal\\\/2023\\\/08\\\/12\\\/las-criadas-llegan-de-paris-a-la-paz\\\/\"},\"author\":{\"name\":\"Jeanette\",\"@id\":\"https:\\\/\\\/www.eldiario.net\\\/portal\\\/#\\\/schema\\\/person\\\/2c57cf2b7a7ae032e449e4c9b1019eac\"},\"headline\":\"\u201cLas Criadas\u201d llegan de Par\u00eds a La Paz\",\"datePublished\":\"2023-08-12T11:22:31+00:00\",\"mainEntityOfPage\":{\"@id\":\"https:\\\/\\\/www.eldiario.net\\\/portal\\\/2023\\\/08\\\/12\\\/las-criadas-llegan-de-paris-a-la-paz\\\/\"},\"wordCount\":927,\"publisher\":{\"@id\":\"https:\\\/\\\/www.eldiario.net\\\/portal\\\/#organization\"},\"image\":{\"@id\":\"https:\\\/\\\/www.eldiario.net\\\/portal\\\/2023\\\/08\\\/12\\\/las-criadas-llegan-de-paris-a-la-paz\\\/#primaryimage\"},\"thumbnailUrl\":\"https:\\\/\\\/www.eldiario.net\\\/portal\\\/wp-content\\\/uploads\\\/2023\\\/08\\\/las-criadas-1PRINCIPAL-scaled-1.jpg\",\"articleSection\":[\"La Gu\u00eda\"],\"inLanguage\":\"es\"},{\"@type\":\"WebPage\",\"@id\":\"https:\\\/\\\/www.eldiario.net\\\/portal\\\/2023\\\/08\\\/12\\\/las-criadas-llegan-de-paris-a-la-paz\\\/\",\"url\":\"https:\\\/\\\/www.eldiario.net\\\/portal\\\/2023\\\/08\\\/12\\\/las-criadas-llegan-de-paris-a-la-paz\\\/\",\"name\":\"\u201cLas Criadas\u201d llegan de Par\u00eds a La Paz - El Diario - Bolivia\",\"isPartOf\":{\"@id\":\"https:\\\/\\\/www.eldiario.net\\\/portal\\\/#website\"},\"primaryImageOfPage\":{\"@id\":\"https:\\\/\\\/www.eldiario.net\\\/portal\\\/2023\\\/08\\\/12\\\/las-criadas-llegan-de-paris-a-la-paz\\\/#primaryimage\"},\"image\":{\"@id\":\"https:\\\/\\\/www.eldiario.net\\\/portal\\\/2023\\\/08\\\/12\\\/las-criadas-llegan-de-paris-a-la-paz\\\/#primaryimage\"},\"thumbnailUrl\":\"https:\\\/\\\/www.eldiario.net\\\/portal\\\/wp-content\\\/uploads\\\/2023\\\/08\\\/las-criadas-1PRINCIPAL-scaled-1.jpg\",\"datePublished\":\"2023-08-12T11:22:31+00:00\",\"breadcrumb\":{\"@id\":\"https:\\\/\\\/www.eldiario.net\\\/portal\\\/2023\\\/08\\\/12\\\/las-criadas-llegan-de-paris-a-la-paz\\\/#breadcrumb\"},\"inLanguage\":\"es\",\"potentialAction\":[{\"@type\":\"ReadAction\",\"target\":[\"https:\\\/\\\/www.eldiario.net\\\/portal\\\/2023\\\/08\\\/12\\\/las-criadas-llegan-de-paris-a-la-paz\\\/\"]}]},{\"@type\":\"ImageObject\",\"inLanguage\":\"es\",\"@id\":\"https:\\\/\\\/www.eldiario.net\\\/portal\\\/2023\\\/08\\\/12\\\/las-criadas-llegan-de-paris-a-la-paz\\\/#primaryimage\",\"url\":\"https:\\\/\\\/www.eldiario.net\\\/portal\\\/wp-content\\\/uploads\\\/2023\\\/08\\\/las-criadas-1PRINCIPAL-scaled-1.jpg\",\"contentUrl\":\"https:\\\/\\\/www.eldiario.net\\\/portal\\\/wp-content\\\/uploads\\\/2023\\\/08\\\/las-criadas-1PRINCIPAL-scaled-1.jpg\",\"width\":2560,\"height\":1280},{\"@type\":\"BreadcrumbList\",\"@id\":\"https:\\\/\\\/www.eldiario.net\\\/portal\\\/2023\\\/08\\\/12\\\/las-criadas-llegan-de-paris-a-la-paz\\\/#breadcrumb\",\"itemListElement\":[{\"@type\":\"ListItem\",\"position\":1,\"name\":\"Portada\",\"item\":\"https:\\\/\\\/www.eldiario.net\\\/portal\\\/\"},{\"@type\":\"ListItem\",\"position\":2,\"name\":\"\u201cLas Criadas\u201d llegan de Par\u00eds a La Paz\"}]},{\"@type\":\"WebSite\",\"@id\":\"https:\\\/\\\/www.eldiario.net\\\/portal\\\/#website\",\"url\":\"https:\\\/\\\/www.eldiario.net\\\/portal\\\/\",\"name\":\"El Diario - Decano de la prensa nacional\",\"description\":\"El Diario - Decano de la prensa nacional\",\"publisher\":{\"@id\":\"https:\\\/\\\/www.eldiario.net\\\/portal\\\/#organization\"},\"potentialAction\":[{\"@type\":\"SearchAction\",\"target\":{\"@type\":\"EntryPoint\",\"urlTemplate\":\"https:\\\/\\\/www.eldiario.net\\\/portal\\\/?s={search_term_string}\"},\"query-input\":{\"@type\":\"PropertyValueSpecification\",\"valueRequired\":true,\"valueName\":\"search_term_string\"}}],\"inLanguage\":\"es\"},{\"@type\":\"Organization\",\"@id\":\"https:\\\/\\\/www.eldiario.net\\\/portal\\\/#organization\",\"name\":\"El Diario - Decano de la prensa nacional\",\"url\":\"https:\\\/\\\/www.eldiario.net\\\/portal\\\/\",\"logo\":{\"@type\":\"ImageObject\",\"inLanguage\":\"es\",\"@id\":\"https:\\\/\\\/www.eldiario.net\\\/portal\\\/#\\\/schema\\\/logo\\\/image\\\/\",\"url\":\"https:\\\/\\\/www.eldiario.net\\\/portal\\\/wp-content\\\/uploads\\\/2023\\\/07\\\/logo_ED.jpg\",\"contentUrl\":\"https:\\\/\\\/www.eldiario.net\\\/portal\\\/wp-content\\\/uploads\\\/2023\\\/07\\\/logo_ED.jpg\",\"width\":272,\"height\":52,\"caption\":\"El Diario - Decano de la prensa nacional\"},\"image\":{\"@id\":\"https:\\\/\\\/www.eldiario.net\\\/portal\\\/#\\\/schema\\\/logo\\\/image\\\/\"},\"sameAs\":[\"https:\\\/\\\/www.facebook.com\\\/eldiario.bolivia\\\/\",\"https:\\\/\\\/x.com\\\/eldiario_net\"]},{\"@type\":\"Person\",\"@id\":\"https:\\\/\\\/www.eldiario.net\\\/portal\\\/#\\\/schema\\\/person\\\/2c57cf2b7a7ae032e449e4c9b1019eac\",\"name\":\"Jeanette\",\"image\":{\"@type\":\"ImageObject\",\"inLanguage\":\"es\",\"@id\":\"https:\\\/\\\/secure.gravatar.com\\\/avatar\\\/3ea2118a5f7dad2b7138b1187a6b7ee55f160b9968b66013c3a3ef39dd7e5798?s=96&d=mm&r=g\",\"url\":\"https:\\\/\\\/secure.gravatar.com\\\/avatar\\\/3ea2118a5f7dad2b7138b1187a6b7ee55f160b9968b66013c3a3ef39dd7e5798?s=96&d=mm&r=g\",\"contentUrl\":\"https:\\\/\\\/secure.gravatar.com\\\/avatar\\\/3ea2118a5f7dad2b7138b1187a6b7ee55f160b9968b66013c3a3ef39dd7e5798?s=96&d=mm&r=g\",\"caption\":\"Jeanette\"},\"sameAs\":[\"https:\\\/\\\/www.eldiario.net\\\/portal\"],\"url\":\"https:\\\/\\\/www.eldiario.net\\\/portal\\\/author\\\/jeanette\\\/\"}]}<\/script>\n<!-- \/ Yoast SEO plugin. -->","yoast_head_json":{"title":"\u201cLas Criadas\u201d llegan de Par\u00eds a La Paz - El Diario - Bolivia","robots":{"index":"index","follow":"follow","max-snippet":"max-snippet:-1","max-image-preview":"max-image-preview:large","max-video-preview":"max-video-preview:-1"},"canonical":"https:\/\/www.eldiario.net\/portal\/2023\/08\/12\/las-criadas-llegan-de-paris-a-la-paz\/","og_locale":"es_ES","og_type":"article","og_title":"\u201cLas Criadas\u201d llegan de Par\u00eds a La Paz - El Diario - Bolivia","og_description":"Mona Lisa &amp; Pasa &#8211; Prod llega de Par\u00eds a La Paz para presentar \u201cLas Criadas\u201d de Jean Genet, bajo la direcci\u00f3n de Marcos Malavia. La obra ser\u00e1 llevada a escena el martes 15 de agosto, a horas 20:00, en el Teatro Municipal \u201cAlberto Saavedra P\u00e9rez\u201d, luego de recibir elogiosos comentarios del p\u00fablico y la [&hellip;]","og_url":"https:\/\/www.eldiario.net\/portal\/2023\/08\/12\/las-criadas-llegan-de-paris-a-la-paz\/","og_site_name":"El Diario - Bolivia","article_publisher":"https:\/\/www.facebook.com\/eldiario.bolivia\/","article_published_time":"2023-08-12T11:22:31+00:00","og_image":[{"width":2560,"height":1280,"url":"https:\/\/www.eldiario.net\/portal\/wp-content\/uploads\/2023\/08\/las-criadas-1PRINCIPAL-scaled-1.jpg","type":"image\/jpeg"}],"author":"Jeanette","twitter_card":"summary_large_image","twitter_creator":"@eldiario_net","twitter_site":"@eldiario_net","twitter_misc":{"Escrito por":"Jeanette","Tiempo de lectura":"4 minutos"},"schema":{"@context":"https:\/\/schema.org","@graph":[{"@type":"Article","@id":"https:\/\/www.eldiario.net\/portal\/2023\/08\/12\/las-criadas-llegan-de-paris-a-la-paz\/#article","isPartOf":{"@id":"https:\/\/www.eldiario.net\/portal\/2023\/08\/12\/las-criadas-llegan-de-paris-a-la-paz\/"},"author":{"name":"Jeanette","@id":"https:\/\/www.eldiario.net\/portal\/#\/schema\/person\/2c57cf2b7a7ae032e449e4c9b1019eac"},"headline":"\u201cLas Criadas\u201d llegan de Par\u00eds a La Paz","datePublished":"2023-08-12T11:22:31+00:00","mainEntityOfPage":{"@id":"https:\/\/www.eldiario.net\/portal\/2023\/08\/12\/las-criadas-llegan-de-paris-a-la-paz\/"},"wordCount":927,"publisher":{"@id":"https:\/\/www.eldiario.net\/portal\/#organization"},"image":{"@id":"https:\/\/www.eldiario.net\/portal\/2023\/08\/12\/las-criadas-llegan-de-paris-a-la-paz\/#primaryimage"},"thumbnailUrl":"https:\/\/www.eldiario.net\/portal\/wp-content\/uploads\/2023\/08\/las-criadas-1PRINCIPAL-scaled-1.jpg","articleSection":["La Gu\u00eda"],"inLanguage":"es"},{"@type":"WebPage","@id":"https:\/\/www.eldiario.net\/portal\/2023\/08\/12\/las-criadas-llegan-de-paris-a-la-paz\/","url":"https:\/\/www.eldiario.net\/portal\/2023\/08\/12\/las-criadas-llegan-de-paris-a-la-paz\/","name":"\u201cLas Criadas\u201d llegan de Par\u00eds a La Paz - El Diario - Bolivia","isPartOf":{"@id":"https:\/\/www.eldiario.net\/portal\/#website"},"primaryImageOfPage":{"@id":"https:\/\/www.eldiario.net\/portal\/2023\/08\/12\/las-criadas-llegan-de-paris-a-la-paz\/#primaryimage"},"image":{"@id":"https:\/\/www.eldiario.net\/portal\/2023\/08\/12\/las-criadas-llegan-de-paris-a-la-paz\/#primaryimage"},"thumbnailUrl":"https:\/\/www.eldiario.net\/portal\/wp-content\/uploads\/2023\/08\/las-criadas-1PRINCIPAL-scaled-1.jpg","datePublished":"2023-08-12T11:22:31+00:00","breadcrumb":{"@id":"https:\/\/www.eldiario.net\/portal\/2023\/08\/12\/las-criadas-llegan-de-paris-a-la-paz\/#breadcrumb"},"inLanguage":"es","potentialAction":[{"@type":"ReadAction","target":["https:\/\/www.eldiario.net\/portal\/2023\/08\/12\/las-criadas-llegan-de-paris-a-la-paz\/"]}]},{"@type":"ImageObject","inLanguage":"es","@id":"https:\/\/www.eldiario.net\/portal\/2023\/08\/12\/las-criadas-llegan-de-paris-a-la-paz\/#primaryimage","url":"https:\/\/www.eldiario.net\/portal\/wp-content\/uploads\/2023\/08\/las-criadas-1PRINCIPAL-scaled-1.jpg","contentUrl":"https:\/\/www.eldiario.net\/portal\/wp-content\/uploads\/2023\/08\/las-criadas-1PRINCIPAL-scaled-1.jpg","width":2560,"height":1280},{"@type":"BreadcrumbList","@id":"https:\/\/www.eldiario.net\/portal\/2023\/08\/12\/las-criadas-llegan-de-paris-a-la-paz\/#breadcrumb","itemListElement":[{"@type":"ListItem","position":1,"name":"Portada","item":"https:\/\/www.eldiario.net\/portal\/"},{"@type":"ListItem","position":2,"name":"\u201cLas Criadas\u201d llegan de Par\u00eds a La Paz"}]},{"@type":"WebSite","@id":"https:\/\/www.eldiario.net\/portal\/#website","url":"https:\/\/www.eldiario.net\/portal\/","name":"El Diario - Decano de la prensa nacional","description":"El Diario - Decano de la prensa nacional","publisher":{"@id":"https:\/\/www.eldiario.net\/portal\/#organization"},"potentialAction":[{"@type":"SearchAction","target":{"@type":"EntryPoint","urlTemplate":"https:\/\/www.eldiario.net\/portal\/?s={search_term_string}"},"query-input":{"@type":"PropertyValueSpecification","valueRequired":true,"valueName":"search_term_string"}}],"inLanguage":"es"},{"@type":"Organization","@id":"https:\/\/www.eldiario.net\/portal\/#organization","name":"El Diario - Decano de la prensa nacional","url":"https:\/\/www.eldiario.net\/portal\/","logo":{"@type":"ImageObject","inLanguage":"es","@id":"https:\/\/www.eldiario.net\/portal\/#\/schema\/logo\/image\/","url":"https:\/\/www.eldiario.net\/portal\/wp-content\/uploads\/2023\/07\/logo_ED.jpg","contentUrl":"https:\/\/www.eldiario.net\/portal\/wp-content\/uploads\/2023\/07\/logo_ED.jpg","width":272,"height":52,"caption":"El Diario - Decano de la prensa nacional"},"image":{"@id":"https:\/\/www.eldiario.net\/portal\/#\/schema\/logo\/image\/"},"sameAs":["https:\/\/www.facebook.com\/eldiario.bolivia\/","https:\/\/x.com\/eldiario_net"]},{"@type":"Person","@id":"https:\/\/www.eldiario.net\/portal\/#\/schema\/person\/2c57cf2b7a7ae032e449e4c9b1019eac","name":"Jeanette","image":{"@type":"ImageObject","inLanguage":"es","@id":"https:\/\/secure.gravatar.com\/avatar\/3ea2118a5f7dad2b7138b1187a6b7ee55f160b9968b66013c3a3ef39dd7e5798?s=96&d=mm&r=g","url":"https:\/\/secure.gravatar.com\/avatar\/3ea2118a5f7dad2b7138b1187a6b7ee55f160b9968b66013c3a3ef39dd7e5798?s=96&d=mm&r=g","contentUrl":"https:\/\/secure.gravatar.com\/avatar\/3ea2118a5f7dad2b7138b1187a6b7ee55f160b9968b66013c3a3ef39dd7e5798?s=96&d=mm&r=g","caption":"Jeanette"},"sameAs":["https:\/\/www.eldiario.net\/portal"],"url":"https:\/\/www.eldiario.net\/portal\/author\/jeanette\/"}]}},"_links":{"self":[{"href":"https:\/\/www.eldiario.net\/portal\/wp-json\/wp\/v2\/posts\/170651","targetHints":{"allow":["GET"]}}],"collection":[{"href":"https:\/\/www.eldiario.net\/portal\/wp-json\/wp\/v2\/posts"}],"about":[{"href":"https:\/\/www.eldiario.net\/portal\/wp-json\/wp\/v2\/types\/post"}],"author":[{"embeddable":true,"href":"https:\/\/www.eldiario.net\/portal\/wp-json\/wp\/v2\/users\/1"}],"replies":[{"embeddable":true,"href":"https:\/\/www.eldiario.net\/portal\/wp-json\/wp\/v2\/comments?post=170651"}],"version-history":[{"count":0,"href":"https:\/\/www.eldiario.net\/portal\/wp-json\/wp\/v2\/posts\/170651\/revisions"}],"wp:featuredmedia":[{"embeddable":true,"href":"https:\/\/www.eldiario.net\/portal\/wp-json\/wp\/v2\/media\/170652"}],"wp:attachment":[{"href":"https:\/\/www.eldiario.net\/portal\/wp-json\/wp\/v2\/media?parent=170651"}],"wp:term":[{"taxonomy":"category","embeddable":true,"href":"https:\/\/www.eldiario.net\/portal\/wp-json\/wp\/v2\/categories?post=170651"},{"taxonomy":"post_tag","embeddable":true,"href":"https:\/\/www.eldiario.net\/portal\/wp-json\/wp\/v2\/tags?post=170651"}],"curies":[{"name":"wp","href":"https:\/\/api.w.org\/{rel}","templated":true}]}}