{"id":170645,"date":"2023-08-12T07:17:11","date_gmt":"2023-08-12T11:17:11","guid":{"rendered":"https:\/\/www.eldiario.net\/portal\/?p=170645"},"modified":"2023-08-12T07:17:11","modified_gmt":"2023-08-12T11:17:11","slug":"tovar-y-peredo-piden-apoyo-para-ir-al-sudamericano","status":"publish","type":"post","link":"https:\/\/www.eldiario.net\/portal\/2023\/08\/12\/tovar-y-peredo-piden-apoyo-para-ir-al-sudamericano\/","title":{"rendered":"Tovar y Peredo piden apoyo para ir al Sudamericano"},"content":{"rendered":"<p>Las jugadoras bolivianas Mar\u00eda Belen Peredo y Nicole Tovar se encuentran en campa\u00f1a para recaudar fondos en vista a representar al pa\u00eds en el Sudamericano de Beach Voley (voleibol de playa) que se efectuar\u00e1 en Lima, Per\u00fa, del 1 al 3 de septiembre.<br \/>\nLa dupla Peredo &#8211; Tovar dio mucho de qu\u00e9 hablar en esta disciplina en a\u00f1os anteriores. Ambas son jugadoras de amplia trayectoria en el voleibol de piso, donde tambi\u00e9n consiguieron destacarse a nivel nacional. Dentro del beach v\u00f3ley lograron obtener puestos importantes a tal grado de representar al pa\u00eds.<br \/>\nEste a\u00f1o, ambas buscaron ocupar los puestos disponibles para representar al pa\u00eds en el evento sudamericano. Lo consiguieron con una buena campa\u00f1a en el certamen que se celebr\u00f3 en Cochabamba, logrando as\u00ed su inscripci\u00f3n al certamen en Lima.<br \/>\nEmpero, varios gastos son la preocupaci\u00f3n para las atletas, quienes se pusieron manos a la obra para recaudar fondos.<br \/>\n\u201cTodo el tema de los pasajes los cubren las jugadoras. Ahora estamos correteando para que nos apoyen sponsors, el Viceministerio de Deportes y empresas privadas. No solamente en pasajes, sino en uniformes y otros gastos\u201d, explic\u00f3 Tovar a FEM de Deportes El Diario.<br \/>\nLa organizaci\u00f3n dotar\u00e1 de uniformes de competencia, pero no as\u00ed de los buzos y ropa de presentaci\u00f3n, los cuales deber\u00e1n estar a cargo de las mismas jugadoras.<br \/>\n\u201cHay un enfoque distinto. Debemos cubrir una cancha de 8 por 8 siendo dos personas. Es necesario la preparaci\u00f3n. Hay varios factores importantes para que podamos desempe\u00f1arnos mejor en la competencia\u201d, a\u00f1adi\u00f3 Tovar.<br \/>\nEn redes sociales, Tovar y Peredo pidieron apoyo a la gente y a las autoridades nacionales, quienes hasta ahora no dan respuesta.<br \/>\nPara Tovar ser\u00e1 la tercera participaci\u00f3n en un Sudamericano. Antes lo hizo junto a Peredo en Brasil y el pasado a\u00f1o jug\u00f3 en Cochabamba con Isabel Chac\u00f3n. Para sumar la magnitud de este certamen, el evento clasificar\u00e1 a las mejores duplas con el pase a los Juegos Ol\u00edmpicos de Brasil 2024. Bolivia, de no participar, perder\u00eda la chance de sumar m\u00e1s atletas en la cita m\u00e1s importante de los deportes en el mundo.<br \/>\n\u00abSabemos que el apoyo es dif\u00edcil. Invitamos a la gente para que nos puedan apoyar. Ser\u00eda muy lindo clasificar y poner a Bolivia en alto\u00bb, cerr\u00f3. Para comunicarse con ellas, el n\u00famero disponible es 65337001 (Jenny Mayorga) y 72031396 (Nicole Tovar).<\/p>\n<p><em><strong>ERWIN QUISPE PERCA<\/strong><\/em><\/p>\n<div id='gallery-1' class='gallery galleryid-170645 gallery-columns-3 gallery-size-medium'><figure class='gallery-item'>\n\t\t\t<div class='gallery-icon landscape'>\n\t\t\t\t<a href='https:\/\/www.eldiario.net\/portal\/2023\/08\/12\/tovar-y-peredo-piden-apoyo-para-ir-al-sudamericano\/principal-2-3\/'><img loading=\"lazy\" decoding=\"async\" width=\"300\" height=\"199\" src=\"https:\/\/www.eldiario.net\/portal\/wp-content\/uploads\/2023\/08\/PRINCIPAL-2-300x199.jpg\" class=\"attachment-medium size-medium\" alt=\"\" srcset=\"https:\/\/www.eldiario.net\/portal\/wp-content\/uploads\/2023\/08\/PRINCIPAL-2-300x199.jpg 300w, https:\/\/www.eldiario.net\/portal\/wp-content\/uploads\/2023\/08\/PRINCIPAL-2-768x509.jpg 768w, https:\/\/www.eldiario.net\/portal\/wp-content\/uploads\/2023\/08\/PRINCIPAL-2-696x461.jpg 696w, https:\/\/www.eldiario.net\/portal\/wp-content\/uploads\/2023\/08\/PRINCIPAL-2.jpg 1000w\" sizes=\"auto, (max-width: 300px) 100vw, 300px\" \/><\/a>\n\t\t\t<\/div><\/figure><figure class='gallery-item'>\n\t\t\t<div class='gallery-icon landscape'>\n\t\t\t\t<a href='https:\/\/www.eldiario.net\/portal\/2023\/08\/12\/tovar-y-peredo-piden-apoyo-para-ir-al-sudamericano\/principal-3-2\/'><img loading=\"lazy\" decoding=\"async\" width=\"300\" height=\"199\" src=\"https:\/\/www.eldiario.net\/portal\/wp-content\/uploads\/2023\/08\/PRINCIPAL-3-300x199.jpg\" class=\"attachment-medium size-medium\" alt=\"\" srcset=\"https:\/\/www.eldiario.net\/portal\/wp-content\/uploads\/2023\/08\/PRINCIPAL-3-300x199.jpg 300w, https:\/\/www.eldiario.net\/portal\/wp-content\/uploads\/2023\/08\/PRINCIPAL-3-768x508.jpg 768w, https:\/\/www.eldiario.net\/portal\/wp-content\/uploads\/2023\/08\/PRINCIPAL-3-696x461.jpg 696w, https:\/\/www.eldiario.net\/portal\/wp-content\/uploads\/2023\/08\/PRINCIPAL-3.jpg 1000w\" sizes=\"auto, (max-width: 300px) 100vw, 300px\" \/><\/a>\n\t\t\t<\/div><\/figure><figure class='gallery-item'>\n\t\t\t<div class='gallery-icon landscape'>\n\t\t\t\t<a href='https:\/\/www.eldiario.net\/portal\/2023\/08\/12\/tovar-y-peredo-piden-apoyo-para-ir-al-sudamericano\/principal-1-4\/'><img loading=\"lazy\" decoding=\"async\" width=\"300\" height=\"284\" src=\"https:\/\/www.eldiario.net\/portal\/wp-content\/uploads\/2023\/08\/PRINCIPAL-1-1-300x284.jpg\" class=\"attachment-medium size-medium\" alt=\"\" srcset=\"https:\/\/www.eldiario.net\/portal\/wp-content\/uploads\/2023\/08\/PRINCIPAL-1-1-300x284.jpg 300w, https:\/\/www.eldiario.net\/portal\/wp-content\/uploads\/2023\/08\/PRINCIPAL-1-1-768x726.jpg 768w, https:\/\/www.eldiario.net\/portal\/wp-content\/uploads\/2023\/08\/PRINCIPAL-1-1-696x658.jpg 696w, https:\/\/www.eldiario.net\/portal\/wp-content\/uploads\/2023\/08\/PRINCIPAL-1-1.jpg 1000w\" sizes=\"auto, (max-width: 300px) 100vw, 300px\" \/><\/a>\n\t\t\t<\/div><\/figure>\n\t\t<\/div>\n\n","protected":false},"excerpt":{"rendered":"<p>Las jugadoras bolivianas Mar\u00eda Belen Peredo y Nicole Tovar se encuentran en campa\u00f1a para recaudar fondos en vista a representar al pa\u00eds en el Sudamericano de Beach Voley (voleibol de playa) que se efectuar\u00e1 en Lima, Per\u00fa, del 1 al 3 de septiembre. La dupla Peredo &#8211; Tovar dio mucho de qu\u00e9 hablar en esta [&hellip;]<\/p>\n","protected":false},"author":1,"featured_media":170648,"comment_status":"closed","ping_status":"open","sticky":false,"template":"","format":"standard","meta":{"_acf_changed":false,"footnotes":""},"categories":[6],"tags":[],"class_list":["post-170645","post","type-post","status-publish","format-standard","has-post-thumbnail","category-deportes"],"acf":{"antetitulo":""},"yoast_head":"<!-- This site is optimized with the Yoast SEO plugin v28.4 - https:\/\/yoast.com\/product\/yoast-seo-wordpress\/ -->\n<title>Tovar y Peredo piden apoyo para ir al Sudamericano - El Diario - Bolivia<\/title>\n<meta name=\"robots\" content=\"index, follow, max-snippet:-1, max-image-preview:large, max-video-preview:-1\" \/>\n<link rel=\"canonical\" href=\"https:\/\/www.eldiario.net\/portal\/2023\/08\/12\/tovar-y-peredo-piden-apoyo-para-ir-al-sudamericano\/\" \/>\n<meta property=\"og:locale\" content=\"es_ES\" \/>\n<meta property=\"og:type\" content=\"article\" \/>\n<meta property=\"og:title\" content=\"Tovar y Peredo piden apoyo para ir al Sudamericano - El Diario - Bolivia\" \/>\n<meta property=\"og:description\" content=\"Las jugadoras bolivianas Mar\u00eda Belen Peredo y Nicole Tovar se encuentran en campa\u00f1a para recaudar fondos en vista a representar al pa\u00eds en el Sudamericano de Beach Voley (voleibol de playa) que se efectuar\u00e1 en Lima, Per\u00fa, del 1 al 3 de septiembre. La dupla Peredo &#8211; Tovar dio mucho de qu\u00e9 hablar en esta [&hellip;]\" \/>\n<meta property=\"og:url\" content=\"https:\/\/www.eldiario.net\/portal\/2023\/08\/12\/tovar-y-peredo-piden-apoyo-para-ir-al-sudamericano\/\" \/>\n<meta property=\"og:site_name\" content=\"El Diario - Bolivia\" \/>\n<meta property=\"article:publisher\" content=\"https:\/\/www.facebook.com\/eldiario.bolivia\/\" \/>\n<meta property=\"article:published_time\" content=\"2023-08-12T11:17:11+00:00\" \/>\n<meta property=\"og:image\" content=\"https:\/\/www.eldiario.net\/portal\/wp-content\/uploads\/2023\/08\/PRINCIPAL-1-1.jpg\" \/>\n\t<meta property=\"og:image:width\" content=\"1000\" \/>\n\t<meta property=\"og:image:height\" content=\"945\" \/>\n\t<meta property=\"og:image:type\" content=\"image\/jpeg\" \/>\n<meta name=\"author\" content=\"Jeanette\" \/>\n<meta name=\"twitter:card\" content=\"summary_large_image\" \/>\n<meta name=\"twitter:creator\" content=\"@eldiario_net\" \/>\n<meta name=\"twitter:site\" content=\"@eldiario_net\" \/>\n<meta name=\"twitter:label1\" content=\"Escrito por\" \/>\n\t<meta name=\"twitter:data1\" content=\"Jeanette\" \/>\n\t<meta name=\"twitter:label2\" content=\"Tiempo de lectura\" \/>\n\t<meta name=\"twitter:data2\" content=\"2 minutos\" \/>\n<script type=\"application\/ld+json\" class=\"yoast-schema-graph\">{\"@context\":\"https:\\\/\\\/schema.org\",\"@graph\":[{\"@type\":\"Article\",\"@id\":\"https:\\\/\\\/www.eldiario.net\\\/portal\\\/2023\\\/08\\\/12\\\/tovar-y-peredo-piden-apoyo-para-ir-al-sudamericano\\\/#article\",\"isPartOf\":{\"@id\":\"https:\\\/\\\/www.eldiario.net\\\/portal\\\/2023\\\/08\\\/12\\\/tovar-y-peredo-piden-apoyo-para-ir-al-sudamericano\\\/\"},\"author\":{\"name\":\"Jeanette\",\"@id\":\"https:\\\/\\\/www.eldiario.net\\\/portal\\\/#\\\/schema\\\/person\\\/2c57cf2b7a7ae032e449e4c9b1019eac\"},\"headline\":\"Tovar y Peredo piden apoyo para ir al Sudamericano\",\"datePublished\":\"2023-08-12T11:17:11+00:00\",\"mainEntityOfPage\":{\"@id\":\"https:\\\/\\\/www.eldiario.net\\\/portal\\\/2023\\\/08\\\/12\\\/tovar-y-peredo-piden-apoyo-para-ir-al-sudamericano\\\/\"},\"wordCount\":425,\"publisher\":{\"@id\":\"https:\\\/\\\/www.eldiario.net\\\/portal\\\/#organization\"},\"image\":{\"@id\":\"https:\\\/\\\/www.eldiario.net\\\/portal\\\/2023\\\/08\\\/12\\\/tovar-y-peredo-piden-apoyo-para-ir-al-sudamericano\\\/#primaryimage\"},\"thumbnailUrl\":\"https:\\\/\\\/www.eldiario.net\\\/portal\\\/wp-content\\\/uploads\\\/2023\\\/08\\\/PRINCIPAL-1-1.jpg\",\"articleSection\":[\"Deportes\"],\"inLanguage\":\"es\"},{\"@type\":\"WebPage\",\"@id\":\"https:\\\/\\\/www.eldiario.net\\\/portal\\\/2023\\\/08\\\/12\\\/tovar-y-peredo-piden-apoyo-para-ir-al-sudamericano\\\/\",\"url\":\"https:\\\/\\\/www.eldiario.net\\\/portal\\\/2023\\\/08\\\/12\\\/tovar-y-peredo-piden-apoyo-para-ir-al-sudamericano\\\/\",\"name\":\"Tovar y Peredo piden apoyo para ir al Sudamericano - El Diario - Bolivia\",\"isPartOf\":{\"@id\":\"https:\\\/\\\/www.eldiario.net\\\/portal\\\/#website\"},\"primaryImageOfPage\":{\"@id\":\"https:\\\/\\\/www.eldiario.net\\\/portal\\\/2023\\\/08\\\/12\\\/tovar-y-peredo-piden-apoyo-para-ir-al-sudamericano\\\/#primaryimage\"},\"image\":{\"@id\":\"https:\\\/\\\/www.eldiario.net\\\/portal\\\/2023\\\/08\\\/12\\\/tovar-y-peredo-piden-apoyo-para-ir-al-sudamericano\\\/#primaryimage\"},\"thumbnailUrl\":\"https:\\\/\\\/www.eldiario.net\\\/portal\\\/wp-content\\\/uploads\\\/2023\\\/08\\\/PRINCIPAL-1-1.jpg\",\"datePublished\":\"2023-08-12T11:17:11+00:00\",\"breadcrumb\":{\"@id\":\"https:\\\/\\\/www.eldiario.net\\\/portal\\\/2023\\\/08\\\/12\\\/tovar-y-peredo-piden-apoyo-para-ir-al-sudamericano\\\/#breadcrumb\"},\"inLanguage\":\"es\",\"potentialAction\":[{\"@type\":\"ReadAction\",\"target\":[\"https:\\\/\\\/www.eldiario.net\\\/portal\\\/2023\\\/08\\\/12\\\/tovar-y-peredo-piden-apoyo-para-ir-al-sudamericano\\\/\"]}]},{\"@type\":\"ImageObject\",\"inLanguage\":\"es\",\"@id\":\"https:\\\/\\\/www.eldiario.net\\\/portal\\\/2023\\\/08\\\/12\\\/tovar-y-peredo-piden-apoyo-para-ir-al-sudamericano\\\/#primaryimage\",\"url\":\"https:\\\/\\\/www.eldiario.net\\\/portal\\\/wp-content\\\/uploads\\\/2023\\\/08\\\/PRINCIPAL-1-1.jpg\",\"contentUrl\":\"https:\\\/\\\/www.eldiario.net\\\/portal\\\/wp-content\\\/uploads\\\/2023\\\/08\\\/PRINCIPAL-1-1.jpg\",\"width\":1000,\"height\":945},{\"@type\":\"BreadcrumbList\",\"@id\":\"https:\\\/\\\/www.eldiario.net\\\/portal\\\/2023\\\/08\\\/12\\\/tovar-y-peredo-piden-apoyo-para-ir-al-sudamericano\\\/#breadcrumb\",\"itemListElement\":[{\"@type\":\"ListItem\",\"position\":1,\"name\":\"Portada\",\"item\":\"https:\\\/\\\/www.eldiario.net\\\/portal\\\/\"},{\"@type\":\"ListItem\",\"position\":2,\"name\":\"Tovar y Peredo piden apoyo para ir al Sudamericano\"}]},{\"@type\":\"WebSite\",\"@id\":\"https:\\\/\\\/www.eldiario.net\\\/portal\\\/#website\",\"url\":\"https:\\\/\\\/www.eldiario.net\\\/portal\\\/\",\"name\":\"El Diario - Decano de la prensa nacional\",\"description\":\"El Diario - Decano de la prensa nacional\",\"publisher\":{\"@id\":\"https:\\\/\\\/www.eldiario.net\\\/portal\\\/#organization\"},\"potentialAction\":[{\"@type\":\"SearchAction\",\"target\":{\"@type\":\"EntryPoint\",\"urlTemplate\":\"https:\\\/\\\/www.eldiario.net\\\/portal\\\/?s={search_term_string}\"},\"query-input\":{\"@type\":\"PropertyValueSpecification\",\"valueRequired\":true,\"valueName\":\"search_term_string\"}}],\"inLanguage\":\"es\"},{\"@type\":\"Organization\",\"@id\":\"https:\\\/\\\/www.eldiario.net\\\/portal\\\/#organization\",\"name\":\"El Diario - Decano de la prensa nacional\",\"url\":\"https:\\\/\\\/www.eldiario.net\\\/portal\\\/\",\"logo\":{\"@type\":\"ImageObject\",\"inLanguage\":\"es\",\"@id\":\"https:\\\/\\\/www.eldiario.net\\\/portal\\\/#\\\/schema\\\/logo\\\/image\\\/\",\"url\":\"https:\\\/\\\/www.eldiario.net\\\/portal\\\/wp-content\\\/uploads\\\/2023\\\/07\\\/logo_ED.jpg\",\"contentUrl\":\"https:\\\/\\\/www.eldiario.net\\\/portal\\\/wp-content\\\/uploads\\\/2023\\\/07\\\/logo_ED.jpg\",\"width\":272,\"height\":52,\"caption\":\"El Diario - Decano de la prensa nacional\"},\"image\":{\"@id\":\"https:\\\/\\\/www.eldiario.net\\\/portal\\\/#\\\/schema\\\/logo\\\/image\\\/\"},\"sameAs\":[\"https:\\\/\\\/www.facebook.com\\\/eldiario.bolivia\\\/\",\"https:\\\/\\\/x.com\\\/eldiario_net\"]},{\"@type\":\"Person\",\"@id\":\"https:\\\/\\\/www.eldiario.net\\\/portal\\\/#\\\/schema\\\/person\\\/2c57cf2b7a7ae032e449e4c9b1019eac\",\"name\":\"Jeanette\",\"image\":{\"@type\":\"ImageObject\",\"inLanguage\":\"es\",\"@id\":\"https:\\\/\\\/secure.gravatar.com\\\/avatar\\\/3ea2118a5f7dad2b7138b1187a6b7ee55f160b9968b66013c3a3ef39dd7e5798?s=96&d=mm&r=g\",\"url\":\"https:\\\/\\\/secure.gravatar.com\\\/avatar\\\/3ea2118a5f7dad2b7138b1187a6b7ee55f160b9968b66013c3a3ef39dd7e5798?s=96&d=mm&r=g\",\"contentUrl\":\"https:\\\/\\\/secure.gravatar.com\\\/avatar\\\/3ea2118a5f7dad2b7138b1187a6b7ee55f160b9968b66013c3a3ef39dd7e5798?s=96&d=mm&r=g\",\"caption\":\"Jeanette\"},\"sameAs\":[\"https:\\\/\\\/www.eldiario.net\\\/portal\"],\"url\":\"https:\\\/\\\/www.eldiario.net\\\/portal\\\/author\\\/jeanette\\\/\"}]}<\/script>\n<!-- \/ Yoast SEO plugin. -->","yoast_head_json":{"title":"Tovar y Peredo piden apoyo para ir al Sudamericano - El Diario - Bolivia","robots":{"index":"index","follow":"follow","max-snippet":"max-snippet:-1","max-image-preview":"max-image-preview:large","max-video-preview":"max-video-preview:-1"},"canonical":"https:\/\/www.eldiario.net\/portal\/2023\/08\/12\/tovar-y-peredo-piden-apoyo-para-ir-al-sudamericano\/","og_locale":"es_ES","og_type":"article","og_title":"Tovar y Peredo piden apoyo para ir al Sudamericano - El Diario - Bolivia","og_description":"Las jugadoras bolivianas Mar\u00eda Belen Peredo y Nicole Tovar se encuentran en campa\u00f1a para recaudar fondos en vista a representar al pa\u00eds en el Sudamericano de Beach Voley (voleibol de playa) que se efectuar\u00e1 en Lima, Per\u00fa, del 1 al 3 de septiembre. La dupla Peredo &#8211; Tovar dio mucho de qu\u00e9 hablar en esta [&hellip;]","og_url":"https:\/\/www.eldiario.net\/portal\/2023\/08\/12\/tovar-y-peredo-piden-apoyo-para-ir-al-sudamericano\/","og_site_name":"El Diario - Bolivia","article_publisher":"https:\/\/www.facebook.com\/eldiario.bolivia\/","article_published_time":"2023-08-12T11:17:11+00:00","og_image":[{"width":1000,"height":945,"url":"https:\/\/www.eldiario.net\/portal\/wp-content\/uploads\/2023\/08\/PRINCIPAL-1-1.jpg","type":"image\/jpeg"}],"author":"Jeanette","twitter_card":"summary_large_image","twitter_creator":"@eldiario_net","twitter_site":"@eldiario_net","twitter_misc":{"Escrito por":"Jeanette","Tiempo de lectura":"2 minutos"},"schema":{"@context":"https:\/\/schema.org","@graph":[{"@type":"Article","@id":"https:\/\/www.eldiario.net\/portal\/2023\/08\/12\/tovar-y-peredo-piden-apoyo-para-ir-al-sudamericano\/#article","isPartOf":{"@id":"https:\/\/www.eldiario.net\/portal\/2023\/08\/12\/tovar-y-peredo-piden-apoyo-para-ir-al-sudamericano\/"},"author":{"name":"Jeanette","@id":"https:\/\/www.eldiario.net\/portal\/#\/schema\/person\/2c57cf2b7a7ae032e449e4c9b1019eac"},"headline":"Tovar y Peredo piden apoyo para ir al Sudamericano","datePublished":"2023-08-12T11:17:11+00:00","mainEntityOfPage":{"@id":"https:\/\/www.eldiario.net\/portal\/2023\/08\/12\/tovar-y-peredo-piden-apoyo-para-ir-al-sudamericano\/"},"wordCount":425,"publisher":{"@id":"https:\/\/www.eldiario.net\/portal\/#organization"},"image":{"@id":"https:\/\/www.eldiario.net\/portal\/2023\/08\/12\/tovar-y-peredo-piden-apoyo-para-ir-al-sudamericano\/#primaryimage"},"thumbnailUrl":"https:\/\/www.eldiario.net\/portal\/wp-content\/uploads\/2023\/08\/PRINCIPAL-1-1.jpg","articleSection":["Deportes"],"inLanguage":"es"},{"@type":"WebPage","@id":"https:\/\/www.eldiario.net\/portal\/2023\/08\/12\/tovar-y-peredo-piden-apoyo-para-ir-al-sudamericano\/","url":"https:\/\/www.eldiario.net\/portal\/2023\/08\/12\/tovar-y-peredo-piden-apoyo-para-ir-al-sudamericano\/","name":"Tovar y Peredo piden apoyo para ir al Sudamericano - El Diario - Bolivia","isPartOf":{"@id":"https:\/\/www.eldiario.net\/portal\/#website"},"primaryImageOfPage":{"@id":"https:\/\/www.eldiario.net\/portal\/2023\/08\/12\/tovar-y-peredo-piden-apoyo-para-ir-al-sudamericano\/#primaryimage"},"image":{"@id":"https:\/\/www.eldiario.net\/portal\/2023\/08\/12\/tovar-y-peredo-piden-apoyo-para-ir-al-sudamericano\/#primaryimage"},"thumbnailUrl":"https:\/\/www.eldiario.net\/portal\/wp-content\/uploads\/2023\/08\/PRINCIPAL-1-1.jpg","datePublished":"2023-08-12T11:17:11+00:00","breadcrumb":{"@id":"https:\/\/www.eldiario.net\/portal\/2023\/08\/12\/tovar-y-peredo-piden-apoyo-para-ir-al-sudamericano\/#breadcrumb"},"inLanguage":"es","potentialAction":[{"@type":"ReadAction","target":["https:\/\/www.eldiario.net\/portal\/2023\/08\/12\/tovar-y-peredo-piden-apoyo-para-ir-al-sudamericano\/"]}]},{"@type":"ImageObject","inLanguage":"es","@id":"https:\/\/www.eldiario.net\/portal\/2023\/08\/12\/tovar-y-peredo-piden-apoyo-para-ir-al-sudamericano\/#primaryimage","url":"https:\/\/www.eldiario.net\/portal\/wp-content\/uploads\/2023\/08\/PRINCIPAL-1-1.jpg","contentUrl":"https:\/\/www.eldiario.net\/portal\/wp-content\/uploads\/2023\/08\/PRINCIPAL-1-1.jpg","width":1000,"height":945},{"@type":"BreadcrumbList","@id":"https:\/\/www.eldiario.net\/portal\/2023\/08\/12\/tovar-y-peredo-piden-apoyo-para-ir-al-sudamericano\/#breadcrumb","itemListElement":[{"@type":"ListItem","position":1,"name":"Portada","item":"https:\/\/www.eldiario.net\/portal\/"},{"@type":"ListItem","position":2,"name":"Tovar y Peredo piden apoyo para ir al Sudamericano"}]},{"@type":"WebSite","@id":"https:\/\/www.eldiario.net\/portal\/#website","url":"https:\/\/www.eldiario.net\/portal\/","name":"El Diario - Decano de la prensa nacional","description":"El Diario - Decano de la prensa nacional","publisher":{"@id":"https:\/\/www.eldiario.net\/portal\/#organization"},"potentialAction":[{"@type":"SearchAction","target":{"@type":"EntryPoint","urlTemplate":"https:\/\/www.eldiario.net\/portal\/?s={search_term_string}"},"query-input":{"@type":"PropertyValueSpecification","valueRequired":true,"valueName":"search_term_string"}}],"inLanguage":"es"},{"@type":"Organization","@id":"https:\/\/www.eldiario.net\/portal\/#organization","name":"El Diario - Decano de la prensa nacional","url":"https:\/\/www.eldiario.net\/portal\/","logo":{"@type":"ImageObject","inLanguage":"es","@id":"https:\/\/www.eldiario.net\/portal\/#\/schema\/logo\/image\/","url":"https:\/\/www.eldiario.net\/portal\/wp-content\/uploads\/2023\/07\/logo_ED.jpg","contentUrl":"https:\/\/www.eldiario.net\/portal\/wp-content\/uploads\/2023\/07\/logo_ED.jpg","width":272,"height":52,"caption":"El Diario - Decano de la prensa nacional"},"image":{"@id":"https:\/\/www.eldiario.net\/portal\/#\/schema\/logo\/image\/"},"sameAs":["https:\/\/www.facebook.com\/eldiario.bolivia\/","https:\/\/x.com\/eldiario_net"]},{"@type":"Person","@id":"https:\/\/www.eldiario.net\/portal\/#\/schema\/person\/2c57cf2b7a7ae032e449e4c9b1019eac","name":"Jeanette","image":{"@type":"ImageObject","inLanguage":"es","@id":"https:\/\/secure.gravatar.com\/avatar\/3ea2118a5f7dad2b7138b1187a6b7ee55f160b9968b66013c3a3ef39dd7e5798?s=96&d=mm&r=g","url":"https:\/\/secure.gravatar.com\/avatar\/3ea2118a5f7dad2b7138b1187a6b7ee55f160b9968b66013c3a3ef39dd7e5798?s=96&d=mm&r=g","contentUrl":"https:\/\/secure.gravatar.com\/avatar\/3ea2118a5f7dad2b7138b1187a6b7ee55f160b9968b66013c3a3ef39dd7e5798?s=96&d=mm&r=g","caption":"Jeanette"},"sameAs":["https:\/\/www.eldiario.net\/portal"],"url":"https:\/\/www.eldiario.net\/portal\/author\/jeanette\/"}]}},"_links":{"self":[{"href":"https:\/\/www.eldiario.net\/portal\/wp-json\/wp\/v2\/posts\/170645","targetHints":{"allow":["GET"]}}],"collection":[{"href":"https:\/\/www.eldiario.net\/portal\/wp-json\/wp\/v2\/posts"}],"about":[{"href":"https:\/\/www.eldiario.net\/portal\/wp-json\/wp\/v2\/types\/post"}],"author":[{"embeddable":true,"href":"https:\/\/www.eldiario.net\/portal\/wp-json\/wp\/v2\/users\/1"}],"replies":[{"embeddable":true,"href":"https:\/\/www.eldiario.net\/portal\/wp-json\/wp\/v2\/comments?post=170645"}],"version-history":[{"count":0,"href":"https:\/\/www.eldiario.net\/portal\/wp-json\/wp\/v2\/posts\/170645\/revisions"}],"wp:featuredmedia":[{"embeddable":true,"href":"https:\/\/www.eldiario.net\/portal\/wp-json\/wp\/v2\/media\/170648"}],"wp:attachment":[{"href":"https:\/\/www.eldiario.net\/portal\/wp-json\/wp\/v2\/media?parent=170645"}],"wp:term":[{"taxonomy":"category","embeddable":true,"href":"https:\/\/www.eldiario.net\/portal\/wp-json\/wp\/v2\/categories?post=170645"},{"taxonomy":"post_tag","embeddable":true,"href":"https:\/\/www.eldiario.net\/portal\/wp-json\/wp\/v2\/tags?post=170645"}],"curies":[{"name":"wp","href":"https:\/\/api.w.org\/{rel}","templated":true}]}}