{"id":170501,"date":"2023-08-11T07:24:22","date_gmt":"2023-08-11T11:24:22","guid":{"rendered":"https:\/\/www.eldiario.net\/portal\/?p=170501"},"modified":"2023-08-11T07:24:22","modified_gmt":"2023-08-11T11:24:22","slug":"sandra-alcazar-puedo-equivocarme-y-pararme-con-mas-fuerza","status":"publish","type":"post","link":"https:\/\/www.eldiario.net\/portal\/2023\/08\/11\/sandra-alcazar-puedo-equivocarme-y-pararme-con-mas-fuerza\/","title":{"rendered":"SANDRA ALC\u00c1ZAR \u201cPuedo equivocarme y  pararme con m\u00e1s fuerza\u201d"},"content":{"rendered":"<p><strong>Nombre:<\/strong> Sandra Faisalette Alc\u00e1zar \u00c1lvarez.<\/p>\n<p><strong>Lugar y fecha de nacimiento:<\/strong> La Paz, 24 de junio de 1987.<\/p>\n<p><strong>Estudios:<\/strong> Administraci\u00f3n de empresas, asesora de modas.<\/p>\n<p><strong>Estado civil:<\/strong> Comprometida.<\/p>\n<p><strong>\u00bfA qu\u00e9 te dedicas hoy?:<\/strong> Ahora estoy enfocada en la llegada de Mar\u00eda Valentina, pero tambi\u00e9n tengo contratos que cumplir en redes sociales, as\u00ed que trato de hacer contenido desde casa, pero todo de manera muy relajada.<\/p>\n<p>&nbsp;<\/p>\n<p>&nbsp;<\/p>\n<p><strong>LG: \u00bfQu\u00e9 es lo que el p\u00fablico no sabe de ti?<\/strong><\/p>\n<p>S: Siempre trat\u00e9 de ser transparente con mi p\u00fablico y mostrarme tal como soy, pero eso me trajo cosas buenas y malas. Recibo mucho cari\u00f1o de las personas, pero muchas veces las personas quisieron tomar decisiones por m\u00ed y me di cuenta que tal vez deb\u00ed mantener en privado algunas cosas. Es inevitable, pero creo que hay que hacerlo para no lastimar a terceras personas.<\/p>\n<p><strong>LG: \u00bfCu\u00e1l es tu mayor virtud?<\/strong><\/p>\n<p>S: El no tener miedo a tomar decisiones.<\/p>\n<p><strong>LG: Y \u00bftu peor defecto?<\/strong><\/p>\n<p>S: Soy demasiado exigente conmigo misma y no est\u00e1 bien.<\/p>\n<p><strong>LG: Si volvieras a nacer, \u00bfqu\u00e9 cambiar\u00edas de tu vida?<\/strong><\/p>\n<p>S: Creo que nada, de todo lo bueno y m\u00e1s de lo malo que pas\u00e9 en mi vida pude aprender much\u00edsimo y creo que todo lo volver\u00eda a pasar, porque es lo que me hizo fuerte, decidida y valiente.<\/p>\n<p><strong>LG: \u00bfQu\u00e9 es lo mejor que han dicho de Sandra Alc\u00e1zar?<\/strong><\/p>\n<p>S: Dicen muchas cosas de m\u00ed, buenas, malas, feas, bonitas, da\u00f1inas, hirientes, pero en toda mi carrera aprend\u00ed que tienes que saber quedarte con lo bueno, pero tambi\u00e9n tienes que aceptar lo malo. Decid\u00ed estar expuesta a eso y tengo que saber lidiar con lo que digan de m\u00ed y sobrellevarlo.<\/p>\n<p><strong>LG: \u00bfY qu\u00e9 lo peor?<\/strong><\/p>\n<p>S: Se dice todo, pero lo malo trato de tomarlo como de quien viene.<\/p>\n<p><strong>LG: \u00bfQu\u00e9 haces en tu tiempo libre?<\/strong><\/p>\n<p>S: Es la primera vez que con mi baja m\u00e9dica tengo tiempo libre y ahora lo ocupo para hacer contenido y a preparar la llegada de la beb\u00e9.<\/p>\n<p><strong>LG: \u00bfCon qu\u00e9 animal te identificas?<\/strong><\/p>\n<p>S: Me identifico con la mariquita roja, por eso siempre la ven en mis redes sociales porque se dice que es mensajera de buenas noticias, \u00e9xitos y transformaciones y transmite mucha energ\u00eda positiva y eso es lo que yo siempre busco.<\/p>\n<p><strong>LG: \u00bfDe qu\u00e9 debilidades podr\u00edan re\u00edrse de ti?<\/strong><\/p>\n<p>S: Yo siempre busqu\u00e9 que las personas r\u00edan conmigo mediante el entretenimiento, que es parte de mi trabajo. No busco que se r\u00edan de m\u00ed por una debilidad, me gusta sacar sonrisas mediante mi trabajo que se ve en televisi\u00f3n y en redes sociales. El recibir un mensaje que me dicen: gracias a tu video se me pas\u00f3 el mal d\u00eda\u2026 lo agradezco y s\u00e9 que algo bueno estoy haciendo.<\/p>\n<p><strong>LG: \u00bfCu\u00e1l fue la etapa m\u00e1s dif\u00edcil de tu vida?<\/strong><\/p>\n<p>S: El saber que perd\u00ed la esperanza de un momento que so\u00f1aba con todo mi ser.<\/p>\n<p><strong>LG: Y \u00bfcu\u00e1l el mejor momento?<\/strong><\/p>\n<p>S: Cuando me enter\u00e9 que ser\u00eda mam\u00e1 y recib\u00ed el positivo.<\/p>\n<p><strong>LG: \u00bfUna frustraci\u00f3n?<\/strong><\/p>\n<p>S: Me frustra saber qu\u00e9 hay personas que no pueden tomar la decisi\u00f3n de ser felices.<\/p>\n<p><strong>LG: \u00bfUn sue\u00f1o realizado?<\/strong><\/p>\n<p>S: El ser mam\u00e1.<\/p>\n<p><strong>LG: \u00bfQu\u00e9 haces cuando reniegas?<\/strong><\/p>\n<p>S: Trato de alejarme, respirar y muchas veces se me salen las l\u00e1grimas de rabia.<\/p>\n<p><strong>LG: \u00bfC\u00f3mo te gustar\u00eda que te recuerden?<\/strong><\/p>\n<p>S: Siempre me dicen \u00a1ay Sandrita! \u00a1Sandra siendo Sandra! Y as\u00ed quiero que me recuerden, como la Sandra que se anima a todo sin miedo al qu\u00e9 dir\u00e1n, total para ser feliz y hacer felices a los de su entorno.<\/p>\n<p><strong>LG: Si alguien no te cae, \u00bfse lo dices de frente?<\/strong><\/p>\n<p>S: Si tengo la oportunidad se lo digo o hago que lo sepa para mantener la distancia. Prefiero ir de frente, odio la hipocres\u00eda.<\/p>\n<p><strong>LG: Si tuvieras una varita m\u00e1gica, \u00bfqu\u00e9 har\u00edas en este momento?<\/strong><\/p>\n<p>S: Que no exista maldad en la mentalidad de las personas.<\/p>\n<p><strong>LG: \u00bfUna pesadilla?<\/strong><\/p>\n<p>S: El perder a un ser querido.<\/p>\n<p><strong>LG: \u00bfUna fantas\u00eda?<\/strong><\/p>\n<p>S: Muchas veces sue\u00f1o que soy duende y voy por el mundo haciendo de todo y cumpliendo deseos de la gente con la que me encuentro (sonr\u00ede).<\/p>\n<p><strong>LG: \u00bfQui\u00e9n es hoy Sandra Alc\u00e1zar?<\/strong><\/p>\n<p>S: Hoy Sandra Alc\u00e1zar se convirti\u00f3 en una mujer que puede sacar fuerzas de donde sea para defender a los suyos. Siento que Dios me hizo pasar por diferentes momentos para hacerme una guerrera y lo soy, ya no siento m\u00e1s miedo a estar sola porque cumplir\u00e9 mi mayor sue\u00f1o de ser mam\u00e1 y no tengo miedo a expresar lo que siento porque soy un ser humano como cualquiera y puedo equivocarme y pararme con m\u00e1s fuerza. Entend\u00ed que todo lo qu\u00e9 pasa en la vida es por algo. Solo hay que saber identificar el porqu\u00e9 y para qu\u00e9.<\/p>\n<p><strong>LG: \u00bfC\u00f3mo cambi\u00f3 tu vida con el embarazo?<\/strong><\/p>\n<p>S: Cambi\u00f3 por completo mi vida, mis decisiones, absolutamente todo gira en torno a mi hermosa. Ahora tengo un motivo por dem\u00e1s importante para seguir trabajando y mostrarle a mi peque\u00f1a que, aunque las cosas se pongan dif\u00edciles, vamos a lograrlo, que tal vez no sea la mejor mam\u00e1, pero har\u00e9 todo para serlo. Mi objetivo principal ahora es mi beb\u00e9.<\/p>\n<p><strong>LG: \u00bfQu\u00e9 significa hoy en tu vida la llegada de tu beb\u00e9?<\/strong><\/p>\n<p>S: Significa saber que tengo m\u00e1s responsabilidades y qu\u00e9 hay muchas cosas que van a cambiar, pero es parte de la vida. No soy ni la primera ni la \u00faltima en ser mam\u00e1 y lo voy a lograr.<\/p>\n<p><strong>LG: \u00bfQu\u00e9 te dio tu trabajo en la televisi\u00f3n?<\/strong><\/p>\n<p>S: La televisi\u00f3n es mi vida. El tener ese contacto con la gente y que disfruten de mis locuras es algo que se los agradezco. Me han dado muchas satisfacciones y siempre lo dije: El mejor sueldo es el cari\u00f1o de la gente que me sigue y me quiere y est\u00e1 conmigo en las buenas y en las malas.<\/p>\n<p><strong>LG: \u00bfQu\u00e9 destacas de Unitel?<\/strong><\/p>\n<p>S: Mi casa televisiva es una red donde aprendes mucho. Es una escuela muy importante para todos los que vivimos de esto. Personalmente me han ayudado much\u00edsimo tanto en mi vida profesional como personal y siempre estar\u00e9 agradecida con ellos.<\/p>\n<p><strong>LG: De no estar en las pantallas, \u00bfa qu\u00e9 te dedicar\u00edas?<\/strong><\/p>\n<p>S: Hoy las redes sociales se convirtieron en una herramienta muy importante, y que si te dedicas a eso puede irte muy bien, as\u00ed que tambi\u00e9n es parte de mi vida el hacer contenido.<\/p>\n<p><strong>LG: \u00bfQu\u00e9 representa para ti tu familia?<\/strong><\/p>\n<p>S: Mi familia es lo m\u00e1s importante en mi vida, es mi pilar y doy todo por ellos.<\/p>\n<p><strong>LG: \u00bfA qui\u00e9nes desear\u00edas abrazar en este momento?<\/strong><\/p>\n<p>S: Tengo dos personas que me cuidan desde el cielo y que s\u00e9 que est\u00e1n conmigo siempre: mi abuelita Carmen y mi t\u00edo Jhonny. Quisiera abrazarlos por un ratito, pero aunque no los vea, s\u00e9 que est\u00e1n conmigo.<\/p>\n<div id='gallery-1' class='gallery galleryid-170501 gallery-columns-3 gallery-size-medium'><figure class='gallery-item'>\n\t\t\t<div class='gallery-icon landscape'>\n\t\t\t\t<a href='https:\/\/www.eldiario.net\/portal\/2023\/08\/11\/sandra-alcazar-puedo-equivocarme-y-pararme-con-mas-fuerza\/sandra-1principal\/'><img loading=\"lazy\" decoding=\"async\" width=\"300\" height=\"261\" src=\"https:\/\/www.eldiario.net\/portal\/wp-content\/uploads\/2023\/08\/sandra-1PRINCIPAL-300x261.jpeg\" class=\"attachment-medium size-medium\" alt=\"\" srcset=\"https:\/\/www.eldiario.net\/portal\/wp-content\/uploads\/2023\/08\/sandra-1PRINCIPAL-300x261.jpeg 300w, https:\/\/www.eldiario.net\/portal\/wp-content\/uploads\/2023\/08\/sandra-1PRINCIPAL-1024x889.jpeg 1024w, https:\/\/www.eldiario.net\/portal\/wp-content\/uploads\/2023\/08\/sandra-1PRINCIPAL-768x667.jpeg 768w, https:\/\/www.eldiario.net\/portal\/wp-content\/uploads\/2023\/08\/sandra-1PRINCIPAL-696x604.jpeg 696w, https:\/\/www.eldiario.net\/portal\/wp-content\/uploads\/2023\/08\/sandra-1PRINCIPAL-1068x927.jpeg 1068w, https:\/\/www.eldiario.net\/portal\/wp-content\/uploads\/2023\/08\/sandra-1PRINCIPAL.jpeg 1200w\" sizes=\"auto, (max-width: 300px) 100vw, 300px\" \/><\/a>\n\t\t\t<\/div><\/figure><figure class='gallery-item'>\n\t\t\t<div class='gallery-icon landscape'>\n\t\t\t\t<a href='https:\/\/www.eldiario.net\/portal\/2023\/08\/11\/sandra-alcazar-puedo-equivocarme-y-pararme-con-mas-fuerza\/sandra-2\/'><img loading=\"lazy\" decoding=\"async\" width=\"300\" height=\"232\" src=\"https:\/\/www.eldiario.net\/portal\/wp-content\/uploads\/2023\/08\/sandra-2-300x232.jpeg\" class=\"attachment-medium size-medium\" alt=\"\" srcset=\"https:\/\/www.eldiario.net\/portal\/wp-content\/uploads\/2023\/08\/sandra-2-300x232.jpeg 300w, https:\/\/www.eldiario.net\/portal\/wp-content\/uploads\/2023\/08\/sandra-2-1024x793.jpeg 1024w, https:\/\/www.eldiario.net\/portal\/wp-content\/uploads\/2023\/08\/sandra-2-768x595.jpeg 768w, https:\/\/www.eldiario.net\/portal\/wp-content\/uploads\/2023\/08\/sandra-2-696x539.jpeg 696w, https:\/\/www.eldiario.net\/portal\/wp-content\/uploads\/2023\/08\/sandra-2.jpeg 1036w\" sizes=\"auto, (max-width: 300px) 100vw, 300px\" \/><\/a>\n\t\t\t<\/div><\/figure><figure class='gallery-item'>\n\t\t\t<div class='gallery-icon landscape'>\n\t\t\t\t<a href='https:\/\/www.eldiario.net\/portal\/2023\/08\/11\/sandra-alcazar-puedo-equivocarme-y-pararme-con-mas-fuerza\/sandra-3\/'><img loading=\"lazy\" decoding=\"async\" width=\"300\" height=\"246\" src=\"https:\/\/www.eldiario.net\/portal\/wp-content\/uploads\/2023\/08\/sandra-3-300x246.jpeg\" class=\"attachment-medium size-medium\" alt=\"\" srcset=\"https:\/\/www.eldiario.net\/portal\/wp-content\/uploads\/2023\/08\/sandra-3-300x246.jpeg 300w, https:\/\/www.eldiario.net\/portal\/wp-content\/uploads\/2023\/08\/sandra-3-768x630.jpeg 768w, https:\/\/www.eldiario.net\/portal\/wp-content\/uploads\/2023\/08\/sandra-3-696x571.jpeg 696w, https:\/\/www.eldiario.net\/portal\/wp-content\/uploads\/2023\/08\/sandra-3.jpeg 914w\" sizes=\"auto, (max-width: 300px) 100vw, 300px\" \/><\/a>\n\t\t\t<\/div><\/figure><figure class='gallery-item'>\n\t\t\t<div class='gallery-icon portrait'>\n\t\t\t\t<a href='https:\/\/www.eldiario.net\/portal\/2023\/08\/11\/sandra-alcazar-puedo-equivocarme-y-pararme-con-mas-fuerza\/sandra-4\/'><img loading=\"lazy\" decoding=\"async\" width=\"282\" height=\"300\" src=\"https:\/\/www.eldiario.net\/portal\/wp-content\/uploads\/2023\/08\/sandra-4-282x300.jpeg\" class=\"attachment-medium size-medium\" alt=\"\" srcset=\"https:\/\/www.eldiario.net\/portal\/wp-content\/uploads\/2023\/08\/sandra-4-282x300.jpeg 282w, https:\/\/www.eldiario.net\/portal\/wp-content\/uploads\/2023\/08\/sandra-4-963x1024.jpeg 963w, https:\/\/www.eldiario.net\/portal\/wp-content\/uploads\/2023\/08\/sandra-4-768x817.jpeg 768w, https:\/\/www.eldiario.net\/portal\/wp-content\/uploads\/2023\/08\/sandra-4-696x740.jpeg 696w, https:\/\/www.eldiario.net\/portal\/wp-content\/uploads\/2023\/08\/sandra-4-1068x1136.jpeg 1068w, https:\/\/www.eldiario.net\/portal\/wp-content\/uploads\/2023\/08\/sandra-4.jpeg 1200w\" sizes=\"auto, (max-width: 282px) 100vw, 282px\" \/><\/a>\n\t\t\t<\/div><\/figure><figure class='gallery-item'>\n\t\t\t<div class='gallery-icon landscape'>\n\t\t\t\t<a href='https:\/\/www.eldiario.net\/portal\/2023\/08\/11\/sandra-alcazar-puedo-equivocarme-y-pararme-con-mas-fuerza\/sandra-5\/'><img loading=\"lazy\" decoding=\"async\" width=\"300\" height=\"270\" src=\"https:\/\/www.eldiario.net\/portal\/wp-content\/uploads\/2023\/08\/sandra-5-300x270.jpeg\" class=\"attachment-medium size-medium\" alt=\"\" srcset=\"https:\/\/www.eldiario.net\/portal\/wp-content\/uploads\/2023\/08\/sandra-5-300x270.jpeg 300w, https:\/\/www.eldiario.net\/portal\/wp-content\/uploads\/2023\/08\/sandra-5-1024x920.jpeg 1024w, https:\/\/www.eldiario.net\/portal\/wp-content\/uploads\/2023\/08\/sandra-5-768x690.jpeg 768w, https:\/\/www.eldiario.net\/portal\/wp-content\/uploads\/2023\/08\/sandra-5-696x625.jpeg 696w, https:\/\/www.eldiario.net\/portal\/wp-content\/uploads\/2023\/08\/sandra-5-1068x960.jpeg 1068w, https:\/\/www.eldiario.net\/portal\/wp-content\/uploads\/2023\/08\/sandra-5.jpeg 1280w\" sizes=\"auto, (max-width: 300px) 100vw, 300px\" \/><\/a>\n\t\t\t<\/div><\/figure>\n\t\t<\/div>\n\n","protected":false},"excerpt":{"rendered":"<p>Nombre: Sandra Faisalette Alc\u00e1zar \u00c1lvarez. Lugar y fecha de nacimiento: La Paz, 24 de junio de 1987. Estudios: Administraci\u00f3n de empresas, asesora de modas. Estado civil: Comprometida. \u00bfA qu\u00e9 te dedicas hoy?: Ahora estoy enfocada en la llegada de Mar\u00eda Valentina, pero tambi\u00e9n tengo contratos que cumplir en redes sociales, as\u00ed que trato de hacer [&hellip;]<\/p>\n","protected":false},"author":1,"featured_media":170502,"comment_status":"closed","ping_status":"open","sticky":false,"template":"","format":"standard","meta":{"_acf_changed":false,"footnotes":""},"categories":[41],"tags":[],"class_list":["post-170501","post","type-post","status-publish","format-standard","has-post-thumbnail","category-la-guia"],"acf":{"antetitulo":""},"yoast_head":"<!-- This site is optimized with the Yoast SEO plugin v28.4 - https:\/\/yoast.com\/product\/yoast-seo-wordpress\/ -->\n<title>SANDRA ALC\u00c1ZAR \u201cPuedo equivocarme y pararme con m\u00e1s fuerza\u201d - El Diario - Bolivia<\/title>\n<meta name=\"robots\" content=\"index, follow, max-snippet:-1, max-image-preview:large, max-video-preview:-1\" \/>\n<link rel=\"canonical\" href=\"https:\/\/www.eldiario.net\/portal\/2023\/08\/11\/sandra-alcazar-puedo-equivocarme-y-pararme-con-mas-fuerza\/\" \/>\n<meta property=\"og:locale\" content=\"es_ES\" \/>\n<meta property=\"og:type\" content=\"article\" \/>\n<meta property=\"og:title\" content=\"SANDRA ALC\u00c1ZAR \u201cPuedo equivocarme y pararme con m\u00e1s fuerza\u201d - El Diario - Bolivia\" \/>\n<meta property=\"og:description\" content=\"Nombre: Sandra Faisalette Alc\u00e1zar \u00c1lvarez. Lugar y fecha de nacimiento: La Paz, 24 de junio de 1987. Estudios: Administraci\u00f3n de empresas, asesora de modas. Estado civil: Comprometida. \u00bfA qu\u00e9 te dedicas hoy?: Ahora estoy enfocada en la llegada de Mar\u00eda Valentina, pero tambi\u00e9n tengo contratos que cumplir en redes sociales, as\u00ed que trato de hacer [&hellip;]\" \/>\n<meta property=\"og:url\" content=\"https:\/\/www.eldiario.net\/portal\/2023\/08\/11\/sandra-alcazar-puedo-equivocarme-y-pararme-con-mas-fuerza\/\" \/>\n<meta property=\"og:site_name\" content=\"El Diario - Bolivia\" \/>\n<meta property=\"article:publisher\" content=\"https:\/\/www.facebook.com\/eldiario.bolivia\/\" \/>\n<meta property=\"article:published_time\" content=\"2023-08-11T11:24:22+00:00\" \/>\n<meta property=\"og:image\" content=\"https:\/\/www.eldiario.net\/portal\/wp-content\/uploads\/2023\/08\/sandra-1PRINCIPAL.jpeg\" \/>\n\t<meta property=\"og:image:width\" content=\"1200\" \/>\n\t<meta property=\"og:image:height\" content=\"1042\" \/>\n\t<meta property=\"og:image:type\" content=\"image\/jpeg\" \/>\n<meta name=\"author\" content=\"Jeanette\" \/>\n<meta name=\"twitter:card\" content=\"summary_large_image\" \/>\n<meta name=\"twitter:creator\" content=\"@eldiario_net\" \/>\n<meta name=\"twitter:site\" content=\"@eldiario_net\" \/>\n<meta name=\"twitter:label1\" content=\"Escrito por\" \/>\n\t<meta name=\"twitter:data1\" content=\"Jeanette\" \/>\n\t<meta name=\"twitter:label2\" content=\"Tiempo de lectura\" \/>\n\t<meta name=\"twitter:data2\" content=\"6 minutos\" \/>\n<script type=\"application\/ld+json\" class=\"yoast-schema-graph\">{\"@context\":\"https:\\\/\\\/schema.org\",\"@graph\":[{\"@type\":\"Article\",\"@id\":\"https:\\\/\\\/www.eldiario.net\\\/portal\\\/2023\\\/08\\\/11\\\/sandra-alcazar-puedo-equivocarme-y-pararme-con-mas-fuerza\\\/#article\",\"isPartOf\":{\"@id\":\"https:\\\/\\\/www.eldiario.net\\\/portal\\\/2023\\\/08\\\/11\\\/sandra-alcazar-puedo-equivocarme-y-pararme-con-mas-fuerza\\\/\"},\"author\":{\"name\":\"Jeanette\",\"@id\":\"https:\\\/\\\/www.eldiario.net\\\/portal\\\/#\\\/schema\\\/person\\\/2c57cf2b7a7ae032e449e4c9b1019eac\"},\"headline\":\"SANDRA ALC\u00c1ZAR \u201cPuedo equivocarme y pararme con m\u00e1s fuerza\u201d\",\"datePublished\":\"2023-08-11T11:24:22+00:00\",\"mainEntityOfPage\":{\"@id\":\"https:\\\/\\\/www.eldiario.net\\\/portal\\\/2023\\\/08\\\/11\\\/sandra-alcazar-puedo-equivocarme-y-pararme-con-mas-fuerza\\\/\"},\"wordCount\":1226,\"publisher\":{\"@id\":\"https:\\\/\\\/www.eldiario.net\\\/portal\\\/#organization\"},\"image\":{\"@id\":\"https:\\\/\\\/www.eldiario.net\\\/portal\\\/2023\\\/08\\\/11\\\/sandra-alcazar-puedo-equivocarme-y-pararme-con-mas-fuerza\\\/#primaryimage\"},\"thumbnailUrl\":\"https:\\\/\\\/www.eldiario.net\\\/portal\\\/wp-content\\\/uploads\\\/2023\\\/08\\\/sandra-1PRINCIPAL.jpeg\",\"articleSection\":[\"La Gu\u00eda\"],\"inLanguage\":\"es\"},{\"@type\":\"WebPage\",\"@id\":\"https:\\\/\\\/www.eldiario.net\\\/portal\\\/2023\\\/08\\\/11\\\/sandra-alcazar-puedo-equivocarme-y-pararme-con-mas-fuerza\\\/\",\"url\":\"https:\\\/\\\/www.eldiario.net\\\/portal\\\/2023\\\/08\\\/11\\\/sandra-alcazar-puedo-equivocarme-y-pararme-con-mas-fuerza\\\/\",\"name\":\"SANDRA ALC\u00c1ZAR \u201cPuedo equivocarme y pararme con m\u00e1s fuerza\u201d - El Diario - Bolivia\",\"isPartOf\":{\"@id\":\"https:\\\/\\\/www.eldiario.net\\\/portal\\\/#website\"},\"primaryImageOfPage\":{\"@id\":\"https:\\\/\\\/www.eldiario.net\\\/portal\\\/2023\\\/08\\\/11\\\/sandra-alcazar-puedo-equivocarme-y-pararme-con-mas-fuerza\\\/#primaryimage\"},\"image\":{\"@id\":\"https:\\\/\\\/www.eldiario.net\\\/portal\\\/2023\\\/08\\\/11\\\/sandra-alcazar-puedo-equivocarme-y-pararme-con-mas-fuerza\\\/#primaryimage\"},\"thumbnailUrl\":\"https:\\\/\\\/www.eldiario.net\\\/portal\\\/wp-content\\\/uploads\\\/2023\\\/08\\\/sandra-1PRINCIPAL.jpeg\",\"datePublished\":\"2023-08-11T11:24:22+00:00\",\"breadcrumb\":{\"@id\":\"https:\\\/\\\/www.eldiario.net\\\/portal\\\/2023\\\/08\\\/11\\\/sandra-alcazar-puedo-equivocarme-y-pararme-con-mas-fuerza\\\/#breadcrumb\"},\"inLanguage\":\"es\",\"potentialAction\":[{\"@type\":\"ReadAction\",\"target\":[\"https:\\\/\\\/www.eldiario.net\\\/portal\\\/2023\\\/08\\\/11\\\/sandra-alcazar-puedo-equivocarme-y-pararme-con-mas-fuerza\\\/\"]}]},{\"@type\":\"ImageObject\",\"inLanguage\":\"es\",\"@id\":\"https:\\\/\\\/www.eldiario.net\\\/portal\\\/2023\\\/08\\\/11\\\/sandra-alcazar-puedo-equivocarme-y-pararme-con-mas-fuerza\\\/#primaryimage\",\"url\":\"https:\\\/\\\/www.eldiario.net\\\/portal\\\/wp-content\\\/uploads\\\/2023\\\/08\\\/sandra-1PRINCIPAL.jpeg\",\"contentUrl\":\"https:\\\/\\\/www.eldiario.net\\\/portal\\\/wp-content\\\/uploads\\\/2023\\\/08\\\/sandra-1PRINCIPAL.jpeg\",\"width\":1200,\"height\":1042},{\"@type\":\"BreadcrumbList\",\"@id\":\"https:\\\/\\\/www.eldiario.net\\\/portal\\\/2023\\\/08\\\/11\\\/sandra-alcazar-puedo-equivocarme-y-pararme-con-mas-fuerza\\\/#breadcrumb\",\"itemListElement\":[{\"@type\":\"ListItem\",\"position\":1,\"name\":\"Portada\",\"item\":\"https:\\\/\\\/www.eldiario.net\\\/portal\\\/\"},{\"@type\":\"ListItem\",\"position\":2,\"name\":\"SANDRA ALC\u00c1ZAR \u201cPuedo equivocarme y pararme con m\u00e1s fuerza\u201d\"}]},{\"@type\":\"WebSite\",\"@id\":\"https:\\\/\\\/www.eldiario.net\\\/portal\\\/#website\",\"url\":\"https:\\\/\\\/www.eldiario.net\\\/portal\\\/\",\"name\":\"El Diario - Decano de la prensa nacional\",\"description\":\"El Diario - Decano de la prensa nacional\",\"publisher\":{\"@id\":\"https:\\\/\\\/www.eldiario.net\\\/portal\\\/#organization\"},\"potentialAction\":[{\"@type\":\"SearchAction\",\"target\":{\"@type\":\"EntryPoint\",\"urlTemplate\":\"https:\\\/\\\/www.eldiario.net\\\/portal\\\/?s={search_term_string}\"},\"query-input\":{\"@type\":\"PropertyValueSpecification\",\"valueRequired\":true,\"valueName\":\"search_term_string\"}}],\"inLanguage\":\"es\"},{\"@type\":\"Organization\",\"@id\":\"https:\\\/\\\/www.eldiario.net\\\/portal\\\/#organization\",\"name\":\"El Diario - Decano de la prensa nacional\",\"url\":\"https:\\\/\\\/www.eldiario.net\\\/portal\\\/\",\"logo\":{\"@type\":\"ImageObject\",\"inLanguage\":\"es\",\"@id\":\"https:\\\/\\\/www.eldiario.net\\\/portal\\\/#\\\/schema\\\/logo\\\/image\\\/\",\"url\":\"https:\\\/\\\/www.eldiario.net\\\/portal\\\/wp-content\\\/uploads\\\/2023\\\/07\\\/logo_ED.jpg\",\"contentUrl\":\"https:\\\/\\\/www.eldiario.net\\\/portal\\\/wp-content\\\/uploads\\\/2023\\\/07\\\/logo_ED.jpg\",\"width\":272,\"height\":52,\"caption\":\"El Diario - Decano de la prensa nacional\"},\"image\":{\"@id\":\"https:\\\/\\\/www.eldiario.net\\\/portal\\\/#\\\/schema\\\/logo\\\/image\\\/\"},\"sameAs\":[\"https:\\\/\\\/www.facebook.com\\\/eldiario.bolivia\\\/\",\"https:\\\/\\\/x.com\\\/eldiario_net\"]},{\"@type\":\"Person\",\"@id\":\"https:\\\/\\\/www.eldiario.net\\\/portal\\\/#\\\/schema\\\/person\\\/2c57cf2b7a7ae032e449e4c9b1019eac\",\"name\":\"Jeanette\",\"image\":{\"@type\":\"ImageObject\",\"inLanguage\":\"es\",\"@id\":\"https:\\\/\\\/secure.gravatar.com\\\/avatar\\\/3ea2118a5f7dad2b7138b1187a6b7ee55f160b9968b66013c3a3ef39dd7e5798?s=96&d=mm&r=g\",\"url\":\"https:\\\/\\\/secure.gravatar.com\\\/avatar\\\/3ea2118a5f7dad2b7138b1187a6b7ee55f160b9968b66013c3a3ef39dd7e5798?s=96&d=mm&r=g\",\"contentUrl\":\"https:\\\/\\\/secure.gravatar.com\\\/avatar\\\/3ea2118a5f7dad2b7138b1187a6b7ee55f160b9968b66013c3a3ef39dd7e5798?s=96&d=mm&r=g\",\"caption\":\"Jeanette\"},\"sameAs\":[\"https:\\\/\\\/www.eldiario.net\\\/portal\"],\"url\":\"https:\\\/\\\/www.eldiario.net\\\/portal\\\/author\\\/jeanette\\\/\"}]}<\/script>\n<!-- \/ Yoast SEO plugin. -->","yoast_head_json":{"title":"SANDRA ALC\u00c1ZAR \u201cPuedo equivocarme y pararme con m\u00e1s fuerza\u201d - El Diario - Bolivia","robots":{"index":"index","follow":"follow","max-snippet":"max-snippet:-1","max-image-preview":"max-image-preview:large","max-video-preview":"max-video-preview:-1"},"canonical":"https:\/\/www.eldiario.net\/portal\/2023\/08\/11\/sandra-alcazar-puedo-equivocarme-y-pararme-con-mas-fuerza\/","og_locale":"es_ES","og_type":"article","og_title":"SANDRA ALC\u00c1ZAR \u201cPuedo equivocarme y pararme con m\u00e1s fuerza\u201d - El Diario - Bolivia","og_description":"Nombre: Sandra Faisalette Alc\u00e1zar \u00c1lvarez. Lugar y fecha de nacimiento: La Paz, 24 de junio de 1987. Estudios: Administraci\u00f3n de empresas, asesora de modas. Estado civil: Comprometida. \u00bfA qu\u00e9 te dedicas hoy?: Ahora estoy enfocada en la llegada de Mar\u00eda Valentina, pero tambi\u00e9n tengo contratos que cumplir en redes sociales, as\u00ed que trato de hacer [&hellip;]","og_url":"https:\/\/www.eldiario.net\/portal\/2023\/08\/11\/sandra-alcazar-puedo-equivocarme-y-pararme-con-mas-fuerza\/","og_site_name":"El Diario - Bolivia","article_publisher":"https:\/\/www.facebook.com\/eldiario.bolivia\/","article_published_time":"2023-08-11T11:24:22+00:00","og_image":[{"width":1200,"height":1042,"url":"https:\/\/www.eldiario.net\/portal\/wp-content\/uploads\/2023\/08\/sandra-1PRINCIPAL.jpeg","type":"image\/jpeg"}],"author":"Jeanette","twitter_card":"summary_large_image","twitter_creator":"@eldiario_net","twitter_site":"@eldiario_net","twitter_misc":{"Escrito por":"Jeanette","Tiempo de lectura":"6 minutos"},"schema":{"@context":"https:\/\/schema.org","@graph":[{"@type":"Article","@id":"https:\/\/www.eldiario.net\/portal\/2023\/08\/11\/sandra-alcazar-puedo-equivocarme-y-pararme-con-mas-fuerza\/#article","isPartOf":{"@id":"https:\/\/www.eldiario.net\/portal\/2023\/08\/11\/sandra-alcazar-puedo-equivocarme-y-pararme-con-mas-fuerza\/"},"author":{"name":"Jeanette","@id":"https:\/\/www.eldiario.net\/portal\/#\/schema\/person\/2c57cf2b7a7ae032e449e4c9b1019eac"},"headline":"SANDRA ALC\u00c1ZAR \u201cPuedo equivocarme y pararme con m\u00e1s fuerza\u201d","datePublished":"2023-08-11T11:24:22+00:00","mainEntityOfPage":{"@id":"https:\/\/www.eldiario.net\/portal\/2023\/08\/11\/sandra-alcazar-puedo-equivocarme-y-pararme-con-mas-fuerza\/"},"wordCount":1226,"publisher":{"@id":"https:\/\/www.eldiario.net\/portal\/#organization"},"image":{"@id":"https:\/\/www.eldiario.net\/portal\/2023\/08\/11\/sandra-alcazar-puedo-equivocarme-y-pararme-con-mas-fuerza\/#primaryimage"},"thumbnailUrl":"https:\/\/www.eldiario.net\/portal\/wp-content\/uploads\/2023\/08\/sandra-1PRINCIPAL.jpeg","articleSection":["La Gu\u00eda"],"inLanguage":"es"},{"@type":"WebPage","@id":"https:\/\/www.eldiario.net\/portal\/2023\/08\/11\/sandra-alcazar-puedo-equivocarme-y-pararme-con-mas-fuerza\/","url":"https:\/\/www.eldiario.net\/portal\/2023\/08\/11\/sandra-alcazar-puedo-equivocarme-y-pararme-con-mas-fuerza\/","name":"SANDRA ALC\u00c1ZAR \u201cPuedo equivocarme y pararme con m\u00e1s fuerza\u201d - El Diario - Bolivia","isPartOf":{"@id":"https:\/\/www.eldiario.net\/portal\/#website"},"primaryImageOfPage":{"@id":"https:\/\/www.eldiario.net\/portal\/2023\/08\/11\/sandra-alcazar-puedo-equivocarme-y-pararme-con-mas-fuerza\/#primaryimage"},"image":{"@id":"https:\/\/www.eldiario.net\/portal\/2023\/08\/11\/sandra-alcazar-puedo-equivocarme-y-pararme-con-mas-fuerza\/#primaryimage"},"thumbnailUrl":"https:\/\/www.eldiario.net\/portal\/wp-content\/uploads\/2023\/08\/sandra-1PRINCIPAL.jpeg","datePublished":"2023-08-11T11:24:22+00:00","breadcrumb":{"@id":"https:\/\/www.eldiario.net\/portal\/2023\/08\/11\/sandra-alcazar-puedo-equivocarme-y-pararme-con-mas-fuerza\/#breadcrumb"},"inLanguage":"es","potentialAction":[{"@type":"ReadAction","target":["https:\/\/www.eldiario.net\/portal\/2023\/08\/11\/sandra-alcazar-puedo-equivocarme-y-pararme-con-mas-fuerza\/"]}]},{"@type":"ImageObject","inLanguage":"es","@id":"https:\/\/www.eldiario.net\/portal\/2023\/08\/11\/sandra-alcazar-puedo-equivocarme-y-pararme-con-mas-fuerza\/#primaryimage","url":"https:\/\/www.eldiario.net\/portal\/wp-content\/uploads\/2023\/08\/sandra-1PRINCIPAL.jpeg","contentUrl":"https:\/\/www.eldiario.net\/portal\/wp-content\/uploads\/2023\/08\/sandra-1PRINCIPAL.jpeg","width":1200,"height":1042},{"@type":"BreadcrumbList","@id":"https:\/\/www.eldiario.net\/portal\/2023\/08\/11\/sandra-alcazar-puedo-equivocarme-y-pararme-con-mas-fuerza\/#breadcrumb","itemListElement":[{"@type":"ListItem","position":1,"name":"Portada","item":"https:\/\/www.eldiario.net\/portal\/"},{"@type":"ListItem","position":2,"name":"SANDRA ALC\u00c1ZAR \u201cPuedo equivocarme y pararme con m\u00e1s fuerza\u201d"}]},{"@type":"WebSite","@id":"https:\/\/www.eldiario.net\/portal\/#website","url":"https:\/\/www.eldiario.net\/portal\/","name":"El Diario - Decano de la prensa nacional","description":"El Diario - Decano de la prensa nacional","publisher":{"@id":"https:\/\/www.eldiario.net\/portal\/#organization"},"potentialAction":[{"@type":"SearchAction","target":{"@type":"EntryPoint","urlTemplate":"https:\/\/www.eldiario.net\/portal\/?s={search_term_string}"},"query-input":{"@type":"PropertyValueSpecification","valueRequired":true,"valueName":"search_term_string"}}],"inLanguage":"es"},{"@type":"Organization","@id":"https:\/\/www.eldiario.net\/portal\/#organization","name":"El Diario - Decano de la prensa nacional","url":"https:\/\/www.eldiario.net\/portal\/","logo":{"@type":"ImageObject","inLanguage":"es","@id":"https:\/\/www.eldiario.net\/portal\/#\/schema\/logo\/image\/","url":"https:\/\/www.eldiario.net\/portal\/wp-content\/uploads\/2023\/07\/logo_ED.jpg","contentUrl":"https:\/\/www.eldiario.net\/portal\/wp-content\/uploads\/2023\/07\/logo_ED.jpg","width":272,"height":52,"caption":"El Diario - Decano de la prensa nacional"},"image":{"@id":"https:\/\/www.eldiario.net\/portal\/#\/schema\/logo\/image\/"},"sameAs":["https:\/\/www.facebook.com\/eldiario.bolivia\/","https:\/\/x.com\/eldiario_net"]},{"@type":"Person","@id":"https:\/\/www.eldiario.net\/portal\/#\/schema\/person\/2c57cf2b7a7ae032e449e4c9b1019eac","name":"Jeanette","image":{"@type":"ImageObject","inLanguage":"es","@id":"https:\/\/secure.gravatar.com\/avatar\/3ea2118a5f7dad2b7138b1187a6b7ee55f160b9968b66013c3a3ef39dd7e5798?s=96&d=mm&r=g","url":"https:\/\/secure.gravatar.com\/avatar\/3ea2118a5f7dad2b7138b1187a6b7ee55f160b9968b66013c3a3ef39dd7e5798?s=96&d=mm&r=g","contentUrl":"https:\/\/secure.gravatar.com\/avatar\/3ea2118a5f7dad2b7138b1187a6b7ee55f160b9968b66013c3a3ef39dd7e5798?s=96&d=mm&r=g","caption":"Jeanette"},"sameAs":["https:\/\/www.eldiario.net\/portal"],"url":"https:\/\/www.eldiario.net\/portal\/author\/jeanette\/"}]}},"_links":{"self":[{"href":"https:\/\/www.eldiario.net\/portal\/wp-json\/wp\/v2\/posts\/170501","targetHints":{"allow":["GET"]}}],"collection":[{"href":"https:\/\/www.eldiario.net\/portal\/wp-json\/wp\/v2\/posts"}],"about":[{"href":"https:\/\/www.eldiario.net\/portal\/wp-json\/wp\/v2\/types\/post"}],"author":[{"embeddable":true,"href":"https:\/\/www.eldiario.net\/portal\/wp-json\/wp\/v2\/users\/1"}],"replies":[{"embeddable":true,"href":"https:\/\/www.eldiario.net\/portal\/wp-json\/wp\/v2\/comments?post=170501"}],"version-history":[{"count":0,"href":"https:\/\/www.eldiario.net\/portal\/wp-json\/wp\/v2\/posts\/170501\/revisions"}],"wp:featuredmedia":[{"embeddable":true,"href":"https:\/\/www.eldiario.net\/portal\/wp-json\/wp\/v2\/media\/170502"}],"wp:attachment":[{"href":"https:\/\/www.eldiario.net\/portal\/wp-json\/wp\/v2\/media?parent=170501"}],"wp:term":[{"taxonomy":"category","embeddable":true,"href":"https:\/\/www.eldiario.net\/portal\/wp-json\/wp\/v2\/categories?post=170501"},{"taxonomy":"post_tag","embeddable":true,"href":"https:\/\/www.eldiario.net\/portal\/wp-json\/wp\/v2\/tags?post=170501"}],"curies":[{"name":"wp","href":"https:\/\/api.w.org\/{rel}","templated":true}]}}