{"id":170390,"date":"2023-08-11T06:32:09","date_gmt":"2023-08-11T10:32:09","guid":{"rendered":"https:\/\/www.eldiario.net\/portal\/?p=170390"},"modified":"2023-08-11T06:32:09","modified_gmt":"2023-08-11T10:32:09","slug":"legisladores-dudan-de-efectiva-proteccion-a-quien-revele-datos-del-paradero-de-marset","status":"publish","type":"post","link":"https:\/\/www.eldiario.net\/portal\/2023\/08\/11\/legisladores-dudan-de-efectiva-proteccion-a-quien-revele-datos-del-paradero-de-marset\/","title":{"rendered":"Legisladores dudan de efectiva protecci\u00f3n a quien revele datos del paradero de Marset"},"content":{"rendered":"<p>El diputado de Comunidad Ciudadana (CC) Marcelo Pedrazas y el legislador del Movimiento al Socialismo (MAS) Daniel Rojas pusieron en duda que el Ministerio P\u00fablico pueda ofrecer garant\u00edas a quienes brinden informaci\u00f3n que ayude a dar con el narcotraficante Sebasti\u00e1n Marset; ambos indicaron que esa instituci\u00f3n del Estado no goza de confianza y que estar\u00eda penetrada por el crimen organizado.<br \/>\nLa jornada pasada, el fiscal departamental de Santa Cruz, Roger Mariaca, ofreci\u00f3 protecci\u00f3n y garant\u00edas, incluso aplicar la figura de testigo protegido, para las personas que ofrezcan informaci\u00f3n que ayude a dar con el paradero del narcotraficante que se encuentra pr\u00f3fugo desde el 29 de julio.<br \/>\nRojas record\u00f3 que la Fiscal\u00eda fall\u00f3 al momento de ofrecer garant\u00edas al \u201ctestigo protegido\u201d del caso coimas en la Administradora Boliviana de Carreteras porque este apareci\u00f3 muerto en Estados Unidos. Adem\u00e1s, sostuvo que muchas instituciones del Estado est\u00e1n penetradas por el narcotr\u00e1fico.<br \/>\n\u201cHay penetraci\u00f3n de los clanes del narcotr\u00e1fico dentro de las esferas del \u00d3rgano Ejecutivo. Creo que ya no genera confianza las diferentes instituciones llamadas para hacer justicia, menos el Ministerio P\u00fablico, mucho menos el Ministerio de Justicia. Lo que van a hacer (es preguntar) si alguien tiene informaci\u00f3n sobre Marset, va aparecer un ciudadano (y) va a ser ejecutado m\u00e1s adelante, ha sucedido con el testigo protegido que se fue a Estado Unidos y misteriosamente muri\u00f3\u201d, argument\u00f3 el diputado del MAS. (ANF).<\/p>\n","protected":false},"excerpt":{"rendered":"<p>El diputado de Comunidad Ciudadana (CC) Marcelo Pedrazas y el legislador del Movimiento al Socialismo (MAS) Daniel Rojas pusieron en duda que el Ministerio P\u00fablico pueda ofrecer garant\u00edas a quienes brinden informaci\u00f3n que ayude a dar con el narcotraficante Sebasti\u00e1n Marset; ambos indicaron que esa instituci\u00f3n del Estado no goza de confianza y que estar\u00eda [&hellip;]<\/p>\n","protected":false},"author":1,"featured_media":0,"comment_status":"closed","ping_status":"open","sticky":false,"template":"","format":"standard","meta":{"_acf_changed":false,"footnotes":""},"categories":[14],"tags":[],"class_list":["post-170390","post","type-post","status-publish","format-standard","category-politica"],"acf":{"antetitulo":""},"yoast_head":"<!-- This site is optimized with the Yoast SEO plugin v28.3 - https:\/\/yoast.com\/product\/yoast-seo-wordpress\/ -->\n<title>Legisladores dudan de efectiva protecci\u00f3n a quien revele datos del paradero de Marset - El Diario - Bolivia<\/title>\n<meta name=\"robots\" content=\"index, follow, max-snippet:-1, max-image-preview:large, max-video-preview:-1\" \/>\n<link rel=\"canonical\" href=\"https:\/\/www.eldiario.net\/portal\/2023\/08\/11\/legisladores-dudan-de-efectiva-proteccion-a-quien-revele-datos-del-paradero-de-marset\/\" \/>\n<meta property=\"og:locale\" content=\"es_ES\" \/>\n<meta property=\"og:type\" content=\"article\" \/>\n<meta property=\"og:title\" content=\"Legisladores dudan de efectiva protecci\u00f3n a quien revele datos del paradero de Marset - El Diario - Bolivia\" \/>\n<meta property=\"og:description\" content=\"El diputado de Comunidad Ciudadana (CC) Marcelo Pedrazas y el legislador del Movimiento al Socialismo (MAS) Daniel Rojas pusieron en duda que el Ministerio P\u00fablico pueda ofrecer garant\u00edas a quienes brinden informaci\u00f3n que ayude a dar con el narcotraficante Sebasti\u00e1n Marset; ambos indicaron que esa instituci\u00f3n del Estado no goza de confianza y que estar\u00eda [&hellip;]\" \/>\n<meta property=\"og:url\" content=\"https:\/\/www.eldiario.net\/portal\/2023\/08\/11\/legisladores-dudan-de-efectiva-proteccion-a-quien-revele-datos-del-paradero-de-marset\/\" \/>\n<meta property=\"og:site_name\" content=\"El Diario - Bolivia\" \/>\n<meta property=\"article:publisher\" content=\"https:\/\/www.facebook.com\/eldiario.bolivia\/\" \/>\n<meta property=\"article:published_time\" content=\"2023-08-11T10:32:09+00:00\" \/>\n<meta name=\"author\" content=\"Jeanette\" \/>\n<meta name=\"twitter:card\" content=\"summary_large_image\" \/>\n<meta name=\"twitter:creator\" content=\"@eldiario_net\" \/>\n<meta name=\"twitter:site\" content=\"@eldiario_net\" \/>\n<meta name=\"twitter:label1\" content=\"Escrito por\" \/>\n\t<meta name=\"twitter:data1\" content=\"Jeanette\" \/>\n\t<meta name=\"twitter:label2\" content=\"Tiempo de lectura\" \/>\n\t<meta name=\"twitter:data2\" content=\"2 minutos\" \/>\n<script type=\"application\/ld+json\" class=\"yoast-schema-graph\">{\"@context\":\"https:\\\/\\\/schema.org\",\"@graph\":[{\"@type\":\"Article\",\"@id\":\"https:\\\/\\\/www.eldiario.net\\\/portal\\\/2023\\\/08\\\/11\\\/legisladores-dudan-de-efectiva-proteccion-a-quien-revele-datos-del-paradero-de-marset\\\/#article\",\"isPartOf\":{\"@id\":\"https:\\\/\\\/www.eldiario.net\\\/portal\\\/2023\\\/08\\\/11\\\/legisladores-dudan-de-efectiva-proteccion-a-quien-revele-datos-del-paradero-de-marset\\\/\"},\"author\":{\"name\":\"Jeanette\",\"@id\":\"https:\\\/\\\/www.eldiario.net\\\/portal\\\/#\\\/schema\\\/person\\\/f46445640444750d7d753ccd04ae01b7\"},\"headline\":\"Legisladores dudan de efectiva protecci\u00f3n a quien revele datos del paradero de Marset\",\"datePublished\":\"2023-08-11T10:32:09+00:00\",\"mainEntityOfPage\":{\"@id\":\"https:\\\/\\\/www.eldiario.net\\\/portal\\\/2023\\\/08\\\/11\\\/legisladores-dudan-de-efectiva-proteccion-a-quien-revele-datos-del-paradero-de-marset\\\/\"},\"wordCount\":263,\"publisher\":{\"@id\":\"https:\\\/\\\/www.eldiario.net\\\/portal\\\/#organization\"},\"articleSection\":[\"Pol\u00edtica\"],\"inLanguage\":\"es\"},{\"@type\":\"WebPage\",\"@id\":\"https:\\\/\\\/www.eldiario.net\\\/portal\\\/2023\\\/08\\\/11\\\/legisladores-dudan-de-efectiva-proteccion-a-quien-revele-datos-del-paradero-de-marset\\\/\",\"url\":\"https:\\\/\\\/www.eldiario.net\\\/portal\\\/2023\\\/08\\\/11\\\/legisladores-dudan-de-efectiva-proteccion-a-quien-revele-datos-del-paradero-de-marset\\\/\",\"name\":\"Legisladores dudan de efectiva protecci\u00f3n a quien revele datos del paradero de Marset - El Diario - Bolivia\",\"isPartOf\":{\"@id\":\"https:\\\/\\\/www.eldiario.net\\\/portal\\\/#website\"},\"datePublished\":\"2023-08-11T10:32:09+00:00\",\"breadcrumb\":{\"@id\":\"https:\\\/\\\/www.eldiario.net\\\/portal\\\/2023\\\/08\\\/11\\\/legisladores-dudan-de-efectiva-proteccion-a-quien-revele-datos-del-paradero-de-marset\\\/#breadcrumb\"},\"inLanguage\":\"es\",\"potentialAction\":[{\"@type\":\"ReadAction\",\"target\":[\"https:\\\/\\\/www.eldiario.net\\\/portal\\\/2023\\\/08\\\/11\\\/legisladores-dudan-de-efectiva-proteccion-a-quien-revele-datos-del-paradero-de-marset\\\/\"]}]},{\"@type\":\"BreadcrumbList\",\"@id\":\"https:\\\/\\\/www.eldiario.net\\\/portal\\\/2023\\\/08\\\/11\\\/legisladores-dudan-de-efectiva-proteccion-a-quien-revele-datos-del-paradero-de-marset\\\/#breadcrumb\",\"itemListElement\":[{\"@type\":\"ListItem\",\"position\":1,\"name\":\"Portada\",\"item\":\"https:\\\/\\\/www.eldiario.net\\\/portal\\\/\"},{\"@type\":\"ListItem\",\"position\":2,\"name\":\"Legisladores dudan de efectiva protecci\u00f3n a quien revele datos del paradero de Marset\"}]},{\"@type\":\"WebSite\",\"@id\":\"https:\\\/\\\/www.eldiario.net\\\/portal\\\/#website\",\"url\":\"https:\\\/\\\/www.eldiario.net\\\/portal\\\/\",\"name\":\"El Diario - Decano de la prensa nacional\",\"description\":\"El Diario - Decano de la prensa nacional\",\"publisher\":{\"@id\":\"https:\\\/\\\/www.eldiario.net\\\/portal\\\/#organization\"},\"potentialAction\":[{\"@type\":\"SearchAction\",\"target\":{\"@type\":\"EntryPoint\",\"urlTemplate\":\"https:\\\/\\\/www.eldiario.net\\\/portal\\\/?s={search_term_string}\"},\"query-input\":{\"@type\":\"PropertyValueSpecification\",\"valueRequired\":true,\"valueName\":\"search_term_string\"}}],\"inLanguage\":\"es\"},{\"@type\":\"Organization\",\"@id\":\"https:\\\/\\\/www.eldiario.net\\\/portal\\\/#organization\",\"name\":\"El Diario - Decano de la prensa nacional\",\"url\":\"https:\\\/\\\/www.eldiario.net\\\/portal\\\/\",\"logo\":{\"@type\":\"ImageObject\",\"inLanguage\":\"es\",\"@id\":\"https:\\\/\\\/www.eldiario.net\\\/portal\\\/#\\\/schema\\\/logo\\\/image\\\/\",\"url\":\"https:\\\/\\\/www.eldiario.net\\\/portal\\\/wp-content\\\/uploads\\\/2023\\\/07\\\/logo_ED.jpg\",\"contentUrl\":\"https:\\\/\\\/www.eldiario.net\\\/portal\\\/wp-content\\\/uploads\\\/2023\\\/07\\\/logo_ED.jpg\",\"width\":272,\"height\":52,\"caption\":\"El Diario - Decano de la prensa nacional\"},\"image\":{\"@id\":\"https:\\\/\\\/www.eldiario.net\\\/portal\\\/#\\\/schema\\\/logo\\\/image\\\/\"},\"sameAs\":[\"https:\\\/\\\/www.facebook.com\\\/eldiario.bolivia\\\/\",\"https:\\\/\\\/x.com\\\/eldiario_net\"]},{\"@type\":\"Person\",\"@id\":\"https:\\\/\\\/www.eldiario.net\\\/portal\\\/#\\\/schema\\\/person\\\/f46445640444750d7d753ccd04ae01b7\",\"name\":\"Jeanette\",\"image\":{\"@type\":\"ImageObject\",\"inLanguage\":\"es\",\"@id\":\"https:\\\/\\\/secure.gravatar.com\\\/avatar\\\/3ea2118a5f7dad2b7138b1187a6b7ee55f160b9968b66013c3a3ef39dd7e5798?s=96&d=mm&r=g\",\"url\":\"https:\\\/\\\/secure.gravatar.com\\\/avatar\\\/3ea2118a5f7dad2b7138b1187a6b7ee55f160b9968b66013c3a3ef39dd7e5798?s=96&d=mm&r=g\",\"contentUrl\":\"https:\\\/\\\/secure.gravatar.com\\\/avatar\\\/3ea2118a5f7dad2b7138b1187a6b7ee55f160b9968b66013c3a3ef39dd7e5798?s=96&d=mm&r=g\",\"caption\":\"Jeanette\"},\"sameAs\":[\"https:\\\/\\\/www.eldiario.net\\\/portal\"],\"url\":\"https:\\\/\\\/www.eldiario.net\\\/portal\\\/author\\\/jeanette\\\/\"}]}<\/script>\n<!-- \/ Yoast SEO plugin. -->","yoast_head_json":{"title":"Legisladores dudan de efectiva protecci\u00f3n a quien revele datos del paradero de Marset - El Diario - Bolivia","robots":{"index":"index","follow":"follow","max-snippet":"max-snippet:-1","max-image-preview":"max-image-preview:large","max-video-preview":"max-video-preview:-1"},"canonical":"https:\/\/www.eldiario.net\/portal\/2023\/08\/11\/legisladores-dudan-de-efectiva-proteccion-a-quien-revele-datos-del-paradero-de-marset\/","og_locale":"es_ES","og_type":"article","og_title":"Legisladores dudan de efectiva protecci\u00f3n a quien revele datos del paradero de Marset - El Diario - Bolivia","og_description":"El diputado de Comunidad Ciudadana (CC) Marcelo Pedrazas y el legislador del Movimiento al Socialismo (MAS) Daniel Rojas pusieron en duda que el Ministerio P\u00fablico pueda ofrecer garant\u00edas a quienes brinden informaci\u00f3n que ayude a dar con el narcotraficante Sebasti\u00e1n Marset; ambos indicaron que esa instituci\u00f3n del Estado no goza de confianza y que estar\u00eda [&hellip;]","og_url":"https:\/\/www.eldiario.net\/portal\/2023\/08\/11\/legisladores-dudan-de-efectiva-proteccion-a-quien-revele-datos-del-paradero-de-marset\/","og_site_name":"El Diario - Bolivia","article_publisher":"https:\/\/www.facebook.com\/eldiario.bolivia\/","article_published_time":"2023-08-11T10:32:09+00:00","author":"Jeanette","twitter_card":"summary_large_image","twitter_creator":"@eldiario_net","twitter_site":"@eldiario_net","twitter_misc":{"Escrito por":"Jeanette","Tiempo de lectura":"2 minutos"},"schema":{"@context":"https:\/\/schema.org","@graph":[{"@type":"Article","@id":"https:\/\/www.eldiario.net\/portal\/2023\/08\/11\/legisladores-dudan-de-efectiva-proteccion-a-quien-revele-datos-del-paradero-de-marset\/#article","isPartOf":{"@id":"https:\/\/www.eldiario.net\/portal\/2023\/08\/11\/legisladores-dudan-de-efectiva-proteccion-a-quien-revele-datos-del-paradero-de-marset\/"},"author":{"name":"Jeanette","@id":"https:\/\/www.eldiario.net\/portal\/#\/schema\/person\/f46445640444750d7d753ccd04ae01b7"},"headline":"Legisladores dudan de efectiva protecci\u00f3n a quien revele datos del paradero de Marset","datePublished":"2023-08-11T10:32:09+00:00","mainEntityOfPage":{"@id":"https:\/\/www.eldiario.net\/portal\/2023\/08\/11\/legisladores-dudan-de-efectiva-proteccion-a-quien-revele-datos-del-paradero-de-marset\/"},"wordCount":263,"publisher":{"@id":"https:\/\/www.eldiario.net\/portal\/#organization"},"articleSection":["Pol\u00edtica"],"inLanguage":"es"},{"@type":"WebPage","@id":"https:\/\/www.eldiario.net\/portal\/2023\/08\/11\/legisladores-dudan-de-efectiva-proteccion-a-quien-revele-datos-del-paradero-de-marset\/","url":"https:\/\/www.eldiario.net\/portal\/2023\/08\/11\/legisladores-dudan-de-efectiva-proteccion-a-quien-revele-datos-del-paradero-de-marset\/","name":"Legisladores dudan de efectiva protecci\u00f3n a quien revele datos del paradero de Marset - El Diario - Bolivia","isPartOf":{"@id":"https:\/\/www.eldiario.net\/portal\/#website"},"datePublished":"2023-08-11T10:32:09+00:00","breadcrumb":{"@id":"https:\/\/www.eldiario.net\/portal\/2023\/08\/11\/legisladores-dudan-de-efectiva-proteccion-a-quien-revele-datos-del-paradero-de-marset\/#breadcrumb"},"inLanguage":"es","potentialAction":[{"@type":"ReadAction","target":["https:\/\/www.eldiario.net\/portal\/2023\/08\/11\/legisladores-dudan-de-efectiva-proteccion-a-quien-revele-datos-del-paradero-de-marset\/"]}]},{"@type":"BreadcrumbList","@id":"https:\/\/www.eldiario.net\/portal\/2023\/08\/11\/legisladores-dudan-de-efectiva-proteccion-a-quien-revele-datos-del-paradero-de-marset\/#breadcrumb","itemListElement":[{"@type":"ListItem","position":1,"name":"Portada","item":"https:\/\/www.eldiario.net\/portal\/"},{"@type":"ListItem","position":2,"name":"Legisladores dudan de efectiva protecci\u00f3n a quien revele datos del paradero de Marset"}]},{"@type":"WebSite","@id":"https:\/\/www.eldiario.net\/portal\/#website","url":"https:\/\/www.eldiario.net\/portal\/","name":"El Diario - Decano de la prensa nacional","description":"El Diario - Decano de la prensa nacional","publisher":{"@id":"https:\/\/www.eldiario.net\/portal\/#organization"},"potentialAction":[{"@type":"SearchAction","target":{"@type":"EntryPoint","urlTemplate":"https:\/\/www.eldiario.net\/portal\/?s={search_term_string}"},"query-input":{"@type":"PropertyValueSpecification","valueRequired":true,"valueName":"search_term_string"}}],"inLanguage":"es"},{"@type":"Organization","@id":"https:\/\/www.eldiario.net\/portal\/#organization","name":"El Diario - Decano de la prensa nacional","url":"https:\/\/www.eldiario.net\/portal\/","logo":{"@type":"ImageObject","inLanguage":"es","@id":"https:\/\/www.eldiario.net\/portal\/#\/schema\/logo\/image\/","url":"https:\/\/www.eldiario.net\/portal\/wp-content\/uploads\/2023\/07\/logo_ED.jpg","contentUrl":"https:\/\/www.eldiario.net\/portal\/wp-content\/uploads\/2023\/07\/logo_ED.jpg","width":272,"height":52,"caption":"El Diario - Decano de la prensa nacional"},"image":{"@id":"https:\/\/www.eldiario.net\/portal\/#\/schema\/logo\/image\/"},"sameAs":["https:\/\/www.facebook.com\/eldiario.bolivia\/","https:\/\/x.com\/eldiario_net"]},{"@type":"Person","@id":"https:\/\/www.eldiario.net\/portal\/#\/schema\/person\/f46445640444750d7d753ccd04ae01b7","name":"Jeanette","image":{"@type":"ImageObject","inLanguage":"es","@id":"https:\/\/secure.gravatar.com\/avatar\/3ea2118a5f7dad2b7138b1187a6b7ee55f160b9968b66013c3a3ef39dd7e5798?s=96&d=mm&r=g","url":"https:\/\/secure.gravatar.com\/avatar\/3ea2118a5f7dad2b7138b1187a6b7ee55f160b9968b66013c3a3ef39dd7e5798?s=96&d=mm&r=g","contentUrl":"https:\/\/secure.gravatar.com\/avatar\/3ea2118a5f7dad2b7138b1187a6b7ee55f160b9968b66013c3a3ef39dd7e5798?s=96&d=mm&r=g","caption":"Jeanette"},"sameAs":["https:\/\/www.eldiario.net\/portal"],"url":"https:\/\/www.eldiario.net\/portal\/author\/jeanette\/"}]}},"_links":{"self":[{"href":"https:\/\/www.eldiario.net\/portal\/wp-json\/wp\/v2\/posts\/170390","targetHints":{"allow":["GET"]}}],"collection":[{"href":"https:\/\/www.eldiario.net\/portal\/wp-json\/wp\/v2\/posts"}],"about":[{"href":"https:\/\/www.eldiario.net\/portal\/wp-json\/wp\/v2\/types\/post"}],"author":[{"embeddable":true,"href":"https:\/\/www.eldiario.net\/portal\/wp-json\/wp\/v2\/users\/1"}],"replies":[{"embeddable":true,"href":"https:\/\/www.eldiario.net\/portal\/wp-json\/wp\/v2\/comments?post=170390"}],"version-history":[{"count":0,"href":"https:\/\/www.eldiario.net\/portal\/wp-json\/wp\/v2\/posts\/170390\/revisions"}],"wp:attachment":[{"href":"https:\/\/www.eldiario.net\/portal\/wp-json\/wp\/v2\/media?parent=170390"}],"wp:term":[{"taxonomy":"category","embeddable":true,"href":"https:\/\/www.eldiario.net\/portal\/wp-json\/wp\/v2\/categories?post=170390"},{"taxonomy":"post_tag","embeddable":true,"href":"https:\/\/www.eldiario.net\/portal\/wp-json\/wp\/v2\/tags?post=170390"}],"curies":[{"name":"wp","href":"https:\/\/api.w.org\/{rel}","templated":true}]}}