{"id":170153,"date":"2023-08-09T06:50:26","date_gmt":"2023-08-09T10:50:26","guid":{"rendered":"https:\/\/www.eldiario.net\/portal\/?p=170153"},"modified":"2023-08-09T06:50:26","modified_gmt":"2023-08-09T10:50:26","slug":"alaxpacha-festeja-30-anos-de-canto-con-amor","status":"publish","type":"post","link":"https:\/\/www.eldiario.net\/portal\/2023\/08\/09\/alaxpacha-festeja-30-anos-de-canto-con-amor\/","title":{"rendered":"Alaxpacha festeja 30  a\u00f1os de canto con amor"},"content":{"rendered":"<p>Alaxpacha celebrar\u00e1 30 a\u00f1os de canto con amor en los conciertos que brindar\u00e1 el s\u00e1bado 12 y domingo 13 de agosto, a horas 19:00, en el Teatro Municipal \u201cAlberto Saavedra P\u00e9rez\u201d.<\/p>\n<p>\u201cHaremos un resumen de lo mejor de nuestros discos grabados hasta ahora. Tendremos invitados de lujo, como Roc\u00edo del Carmen Moreira, Manuel Monroy Chazarreta (El Papirri) y Wilson Molina. Aunque es dif\u00edcil elegir el repertorio adecuado, estamos preparando lo mejor con canciones cl\u00e1sicas del grupo como <em>3 rosas<\/em>, las morenadas <em>Lejos de ti<\/em>, <em>Mujercitas,<\/em> <em>Castillito de arena<\/em> y otros ritmos que de a poco se est\u00e1n perdiendo, como callawaya y pujllay, entre otros\u201d, anunci\u00f3 Ramiro Aguirre, vocalista de la agrupaci\u00f3n, denominada tambi\u00e9n como \u201cLa Fuerza Tel\u00farica de Los Andes\u201d.<\/p>\n<p>\u201cEl grupo llega a estos conciertos fortalecido por el cari\u00f1o de nuestro p\u00fablico y m\u00e1s a\u00fan unidos como familia, con ganas todav\u00eda de seguir aportando a nuestra cultura musical de Bolivia\u201d, resalt\u00f3 el m\u00fasico.<\/p>\n<p>Alaxpacha naci\u00f3 a la vida art\u00edstica el 21 de junio de 1993 en la ciudad de La Paz y su primera presentaci\u00f3n fue el 15 de julio de ese a\u00f1o, en v\u00edsperas de la fiesta de la Virgen del Carmen en la localidad de Charazani, provincia Bautista Saavedra del departamento de La Paz.<\/p>\n<p>Seg\u00fan Aguirre, en estas tres d\u00e9cadas de trayectoria art\u00edstica, los mayores logros de la agrupaci\u00f3n fueron la obtenci\u00f3n de dos Premios Maya en el a\u00f1o 2004, el Disco de Oro otorgado por la empresa D\u00edscolandia en el a\u00f1o 2003, La P\u00e1gina Dorada del matutino EL DIARIO en los a\u00f1os 2005 y 2006 y el Illimani de Oro del Rotary Club a\u00f1o 2004, adem\u00e1s de otros reconocimientos que Alaxpacha recibi\u00f3 de gobiernos y concejos municipales, brigadas parlamentarias, asamblea legislativa y congresos de medicina natural.<\/p>\n<p>\u00bfQu\u00e9 qued\u00f3 como asignatura pendiente? \u201cCreo que obtener alg\u00fan otro disco, esta vez de platino y otro, aunque la pirater\u00eda lo impide de cierta manera, porque ahora la gente en vez de comprar discos prefiere bajar m\u00fasica de las plataformas digitales\u201d, lament\u00f3 el cantante.<\/p>\n<p>Para Aguirre, los mejores momentos del grupo fueron los viajes a Estados Unidos, ser reconocidos por las autoridades de gobierno y que el p\u00fablico core\u00e9 las canciones de Alaxpacha.<\/p>\n<p>\u201cY lo m\u00e1s triste fue haber perdido a hermanos ligados al grupo por la pandemia, entre ellos los ex integrantes Jaime y \u00d3scar Corihuanca, adem\u00e1s de Alex Blanco, nuestro sonidista\u201d, cont\u00f3 con tristeza.<\/p>\n<p>Ramiro confes\u00f3 que no tienen el registro de las presentaciones que Alaxpacha hizo en estos 30 a\u00f1os, porqu\u00e9 son innumerables, pero que s\u00ed llevan la cuenta de los 15 discos que la agrupaci\u00f3n grab\u00f3 en la empresa Discolandia.<\/p>\n<p>\u201cLas canciones que m\u00e1s cari\u00f1o las tenemos son <em>3 rosas<\/em>, <em>Castillito de arena<\/em>, <em>Mujercitas<\/em> y <em>Wiskisito, por f<\/em>avor\u201d, coment\u00f3.<\/p>\n<p>Cuando le preguntamos c\u00f3mo sintetizar\u00eda las tres d\u00e9cadas de Alaxpacha, la primera voz de la agrupaci\u00f3n dijo \u201ccon m\u00e1s satisfacciones que tristezas y lo m\u00e1s importante, que son 30 a\u00f1os de labor contin\u00faa e identidad propia\u201d.<\/p>\n<p>Despu\u00e9s de la celebraci\u00f3n en el principal escenario municipal de La Paz, el s\u00e1bado 12 y domingo 13 de agosto, Alaxpacha se trasladar\u00e1 a Cochabamba para continuar el festejo de su aniversario el 5 de septiembre en el Mes\u00f3n del Cantor. Y de manera paralela, tambi\u00e9n intensificar\u00e1 la edici\u00f3n y producci\u00f3n de sus videos.<\/p>\n<p>\u201cA nuestro p\u00fablico de La Paz le prometemos dos grandes espect\u00e1culos con buena m\u00fasica y danza y de obsequio el disco de recuerdo \u00abEspecial 30 a\u00f1os de canto con amor\u00bb, concluy\u00f3.<\/p>\n<p>Alaxpacha est\u00e1 conformada por Willy Blanco, Javier Aguirre, Boris Burgoa, Pedro Quispe, Roberto Cuiza, David Blanco y Ramiro Aguirre.<\/p>\n<div id='gallery-1' class='gallery galleryid-170153 gallery-columns-3 gallery-size-medium'><figure class='gallery-item'>\n\t\t\t<div class='gallery-icon landscape'>\n\t\t\t\t<a href='https:\/\/www.eldiario.net\/portal\/2023\/08\/09\/alaxpacha-festeja-30-anos-de-canto-con-amor\/alaxpacha-1principal\/'><img loading=\"lazy\" decoding=\"async\" width=\"300\" height=\"170\" src=\"https:\/\/www.eldiario.net\/portal\/wp-content\/uploads\/2023\/08\/alaxpacha-1PRINCIPAL-scaled-1-300x170.jpg\" class=\"attachment-medium size-medium\" alt=\"\" srcset=\"https:\/\/www.eldiario.net\/portal\/wp-content\/uploads\/2023\/08\/alaxpacha-1PRINCIPAL-scaled-1-300x170.jpg 300w, https:\/\/www.eldiario.net\/portal\/wp-content\/uploads\/2023\/08\/alaxpacha-1PRINCIPAL-scaled-1-1024x581.jpg 1024w, https:\/\/www.eldiario.net\/portal\/wp-content\/uploads\/2023\/08\/alaxpacha-1PRINCIPAL-scaled-1-768x436.jpg 768w, https:\/\/www.eldiario.net\/portal\/wp-content\/uploads\/2023\/08\/alaxpacha-1PRINCIPAL-scaled-1-1536x871.jpg 1536w, https:\/\/www.eldiario.net\/portal\/wp-content\/uploads\/2023\/08\/alaxpacha-1PRINCIPAL-scaled-1-2048x1162.jpg 2048w, https:\/\/www.eldiario.net\/portal\/wp-content\/uploads\/2023\/08\/alaxpacha-1PRINCIPAL-scaled-1-696x395.jpg 696w, https:\/\/www.eldiario.net\/portal\/wp-content\/uploads\/2023\/08\/alaxpacha-1PRINCIPAL-scaled-1-1068x606.jpg 1068w, https:\/\/www.eldiario.net\/portal\/wp-content\/uploads\/2023\/08\/alaxpacha-1PRINCIPAL-scaled-1-1920x1089.jpg 1920w\" sizes=\"auto, (max-width: 300px) 100vw, 300px\" \/><\/a>\n\t\t\t<\/div><\/figure><figure class='gallery-item'>\n\t\t\t<div class='gallery-icon landscape'>\n\t\t\t\t<a href='https:\/\/www.eldiario.net\/portal\/2023\/08\/09\/alaxpacha-festeja-30-anos-de-canto-con-amor\/alaxpacha-2\/'><img loading=\"lazy\" decoding=\"async\" width=\"300\" height=\"201\" src=\"https:\/\/www.eldiario.net\/portal\/wp-content\/uploads\/2023\/08\/alaxpacha-2-scaled-1-300x201.jpg\" class=\"attachment-medium size-medium\" alt=\"\" srcset=\"https:\/\/www.eldiario.net\/portal\/wp-content\/uploads\/2023\/08\/alaxpacha-2-scaled-1-300x201.jpg 300w, https:\/\/www.eldiario.net\/portal\/wp-content\/uploads\/2023\/08\/alaxpacha-2-scaled-1-1024x688.jpg 1024w, https:\/\/www.eldiario.net\/portal\/wp-content\/uploads\/2023\/08\/alaxpacha-2-scaled-1-768x516.jpg 768w, https:\/\/www.eldiario.net\/portal\/wp-content\/uploads\/2023\/08\/alaxpacha-2-scaled-1-1536x1031.jpg 1536w, https:\/\/www.eldiario.net\/portal\/wp-content\/uploads\/2023\/08\/alaxpacha-2-scaled-1-2048x1375.jpg 2048w, https:\/\/www.eldiario.net\/portal\/wp-content\/uploads\/2023\/08\/alaxpacha-2-scaled-1-696x467.jpg 696w, https:\/\/www.eldiario.net\/portal\/wp-content\/uploads\/2023\/08\/alaxpacha-2-scaled-1-1068x717.jpg 1068w, https:\/\/www.eldiario.net\/portal\/wp-content\/uploads\/2023\/08\/alaxpacha-2-scaled-1-1920x1289.jpg 1920w\" sizes=\"auto, (max-width: 300px) 100vw, 300px\" \/><\/a>\n\t\t\t<\/div><\/figure>\n\t\t<\/div>\n\n","protected":false},"excerpt":{"rendered":"<p>Alaxpacha celebrar\u00e1 30 a\u00f1os de canto con amor en los conciertos que brindar\u00e1 el s\u00e1bado 12 y domingo 13 de agosto, a horas 19:00, en el Teatro Municipal \u201cAlberto Saavedra P\u00e9rez\u201d. \u201cHaremos un resumen de lo mejor de nuestros discos grabados hasta ahora. Tendremos invitados de lujo, como Roc\u00edo del Carmen Moreira, Manuel Monroy Chazarreta [&hellip;]<\/p>\n","protected":false},"author":1,"featured_media":170154,"comment_status":"closed","ping_status":"open","sticky":false,"template":"","format":"standard","meta":{"_acf_changed":false,"footnotes":""},"categories":[41],"tags":[],"class_list":["post-170153","post","type-post","status-publish","format-standard","has-post-thumbnail","category-la-guia"],"acf":{"antetitulo":""},"yoast_head":"<!-- This site is optimized with the Yoast SEO plugin v28.4 - https:\/\/yoast.com\/product\/yoast-seo-wordpress\/ -->\n<title>Alaxpacha festeja 30 a\u00f1os de canto con amor - El Diario - Bolivia<\/title>\n<meta name=\"robots\" content=\"index, follow, max-snippet:-1, max-image-preview:large, max-video-preview:-1\" \/>\n<link rel=\"canonical\" href=\"https:\/\/www.eldiario.net\/portal\/2023\/08\/09\/alaxpacha-festeja-30-anos-de-canto-con-amor\/\" \/>\n<meta property=\"og:locale\" content=\"es_ES\" \/>\n<meta property=\"og:type\" content=\"article\" \/>\n<meta property=\"og:title\" content=\"Alaxpacha festeja 30 a\u00f1os de canto con amor - El Diario - Bolivia\" \/>\n<meta property=\"og:description\" content=\"Alaxpacha celebrar\u00e1 30 a\u00f1os de canto con amor en los conciertos que brindar\u00e1 el s\u00e1bado 12 y domingo 13 de agosto, a horas 19:00, en el Teatro Municipal \u201cAlberto Saavedra P\u00e9rez\u201d. \u201cHaremos un resumen de lo mejor de nuestros discos grabados hasta ahora. Tendremos invitados de lujo, como Roc\u00edo del Carmen Moreira, Manuel Monroy Chazarreta [&hellip;]\" \/>\n<meta property=\"og:url\" content=\"https:\/\/www.eldiario.net\/portal\/2023\/08\/09\/alaxpacha-festeja-30-anos-de-canto-con-amor\/\" \/>\n<meta property=\"og:site_name\" content=\"El Diario - Bolivia\" \/>\n<meta property=\"article:publisher\" content=\"https:\/\/www.facebook.com\/eldiario.bolivia\/\" \/>\n<meta property=\"article:published_time\" content=\"2023-08-09T10:50:26+00:00\" \/>\n<meta property=\"og:image\" content=\"https:\/\/www.eldiario.net\/portal\/wp-content\/uploads\/2023\/08\/alaxpacha-1PRINCIPAL-scaled-1.jpg\" \/>\n\t<meta property=\"og:image:width\" content=\"2560\" \/>\n\t<meta property=\"og:image:height\" content=\"1452\" \/>\n\t<meta property=\"og:image:type\" content=\"image\/jpeg\" \/>\n<meta name=\"author\" content=\"Jeanette\" \/>\n<meta name=\"twitter:card\" content=\"summary_large_image\" \/>\n<meta name=\"twitter:creator\" content=\"@eldiario_net\" \/>\n<meta name=\"twitter:site\" content=\"@eldiario_net\" \/>\n<meta name=\"twitter:label1\" content=\"Escrito por\" \/>\n\t<meta name=\"twitter:data1\" content=\"Jeanette\" \/>\n\t<meta name=\"twitter:label2\" content=\"Tiempo de lectura\" \/>\n\t<meta name=\"twitter:data2\" content=\"3 minutos\" \/>\n<script type=\"application\/ld+json\" class=\"yoast-schema-graph\">{\"@context\":\"https:\\\/\\\/schema.org\",\"@graph\":[{\"@type\":\"Article\",\"@id\":\"https:\\\/\\\/www.eldiario.net\\\/portal\\\/2023\\\/08\\\/09\\\/alaxpacha-festeja-30-anos-de-canto-con-amor\\\/#article\",\"isPartOf\":{\"@id\":\"https:\\\/\\\/www.eldiario.net\\\/portal\\\/2023\\\/08\\\/09\\\/alaxpacha-festeja-30-anos-de-canto-con-amor\\\/\"},\"author\":{\"name\":\"Jeanette\",\"@id\":\"https:\\\/\\\/www.eldiario.net\\\/portal\\\/#\\\/schema\\\/person\\\/2c57cf2b7a7ae032e449e4c9b1019eac\"},\"headline\":\"Alaxpacha festeja 30 a\u00f1os de canto con amor\",\"datePublished\":\"2023-08-09T10:50:26+00:00\",\"mainEntityOfPage\":{\"@id\":\"https:\\\/\\\/www.eldiario.net\\\/portal\\\/2023\\\/08\\\/09\\\/alaxpacha-festeja-30-anos-de-canto-con-amor\\\/\"},\"wordCount\":645,\"publisher\":{\"@id\":\"https:\\\/\\\/www.eldiario.net\\\/portal\\\/#organization\"},\"image\":{\"@id\":\"https:\\\/\\\/www.eldiario.net\\\/portal\\\/2023\\\/08\\\/09\\\/alaxpacha-festeja-30-anos-de-canto-con-amor\\\/#primaryimage\"},\"thumbnailUrl\":\"https:\\\/\\\/www.eldiario.net\\\/portal\\\/wp-content\\\/uploads\\\/2023\\\/08\\\/alaxpacha-1PRINCIPAL-scaled-1.jpg\",\"articleSection\":[\"La Gu\u00eda\"],\"inLanguage\":\"es\"},{\"@type\":\"WebPage\",\"@id\":\"https:\\\/\\\/www.eldiario.net\\\/portal\\\/2023\\\/08\\\/09\\\/alaxpacha-festeja-30-anos-de-canto-con-amor\\\/\",\"url\":\"https:\\\/\\\/www.eldiario.net\\\/portal\\\/2023\\\/08\\\/09\\\/alaxpacha-festeja-30-anos-de-canto-con-amor\\\/\",\"name\":\"Alaxpacha festeja 30 a\u00f1os de canto con amor - El Diario - Bolivia\",\"isPartOf\":{\"@id\":\"https:\\\/\\\/www.eldiario.net\\\/portal\\\/#website\"},\"primaryImageOfPage\":{\"@id\":\"https:\\\/\\\/www.eldiario.net\\\/portal\\\/2023\\\/08\\\/09\\\/alaxpacha-festeja-30-anos-de-canto-con-amor\\\/#primaryimage\"},\"image\":{\"@id\":\"https:\\\/\\\/www.eldiario.net\\\/portal\\\/2023\\\/08\\\/09\\\/alaxpacha-festeja-30-anos-de-canto-con-amor\\\/#primaryimage\"},\"thumbnailUrl\":\"https:\\\/\\\/www.eldiario.net\\\/portal\\\/wp-content\\\/uploads\\\/2023\\\/08\\\/alaxpacha-1PRINCIPAL-scaled-1.jpg\",\"datePublished\":\"2023-08-09T10:50:26+00:00\",\"breadcrumb\":{\"@id\":\"https:\\\/\\\/www.eldiario.net\\\/portal\\\/2023\\\/08\\\/09\\\/alaxpacha-festeja-30-anos-de-canto-con-amor\\\/#breadcrumb\"},\"inLanguage\":\"es\",\"potentialAction\":[{\"@type\":\"ReadAction\",\"target\":[\"https:\\\/\\\/www.eldiario.net\\\/portal\\\/2023\\\/08\\\/09\\\/alaxpacha-festeja-30-anos-de-canto-con-amor\\\/\"]}]},{\"@type\":\"ImageObject\",\"inLanguage\":\"es\",\"@id\":\"https:\\\/\\\/www.eldiario.net\\\/portal\\\/2023\\\/08\\\/09\\\/alaxpacha-festeja-30-anos-de-canto-con-amor\\\/#primaryimage\",\"url\":\"https:\\\/\\\/www.eldiario.net\\\/portal\\\/wp-content\\\/uploads\\\/2023\\\/08\\\/alaxpacha-1PRINCIPAL-scaled-1.jpg\",\"contentUrl\":\"https:\\\/\\\/www.eldiario.net\\\/portal\\\/wp-content\\\/uploads\\\/2023\\\/08\\\/alaxpacha-1PRINCIPAL-scaled-1.jpg\",\"width\":2560,\"height\":1452},{\"@type\":\"BreadcrumbList\",\"@id\":\"https:\\\/\\\/www.eldiario.net\\\/portal\\\/2023\\\/08\\\/09\\\/alaxpacha-festeja-30-anos-de-canto-con-amor\\\/#breadcrumb\",\"itemListElement\":[{\"@type\":\"ListItem\",\"position\":1,\"name\":\"Portada\",\"item\":\"https:\\\/\\\/www.eldiario.net\\\/portal\\\/\"},{\"@type\":\"ListItem\",\"position\":2,\"name\":\"Alaxpacha festeja 30 a\u00f1os de canto con amor\"}]},{\"@type\":\"WebSite\",\"@id\":\"https:\\\/\\\/www.eldiario.net\\\/portal\\\/#website\",\"url\":\"https:\\\/\\\/www.eldiario.net\\\/portal\\\/\",\"name\":\"El Diario - Decano de la prensa nacional\",\"description\":\"El Diario - Decano de la prensa nacional\",\"publisher\":{\"@id\":\"https:\\\/\\\/www.eldiario.net\\\/portal\\\/#organization\"},\"potentialAction\":[{\"@type\":\"SearchAction\",\"target\":{\"@type\":\"EntryPoint\",\"urlTemplate\":\"https:\\\/\\\/www.eldiario.net\\\/portal\\\/?s={search_term_string}\"},\"query-input\":{\"@type\":\"PropertyValueSpecification\",\"valueRequired\":true,\"valueName\":\"search_term_string\"}}],\"inLanguage\":\"es\"},{\"@type\":\"Organization\",\"@id\":\"https:\\\/\\\/www.eldiario.net\\\/portal\\\/#organization\",\"name\":\"El Diario - Decano de la prensa nacional\",\"url\":\"https:\\\/\\\/www.eldiario.net\\\/portal\\\/\",\"logo\":{\"@type\":\"ImageObject\",\"inLanguage\":\"es\",\"@id\":\"https:\\\/\\\/www.eldiario.net\\\/portal\\\/#\\\/schema\\\/logo\\\/image\\\/\",\"url\":\"https:\\\/\\\/www.eldiario.net\\\/portal\\\/wp-content\\\/uploads\\\/2023\\\/07\\\/logo_ED.jpg\",\"contentUrl\":\"https:\\\/\\\/www.eldiario.net\\\/portal\\\/wp-content\\\/uploads\\\/2023\\\/07\\\/logo_ED.jpg\",\"width\":272,\"height\":52,\"caption\":\"El Diario - Decano de la prensa nacional\"},\"image\":{\"@id\":\"https:\\\/\\\/www.eldiario.net\\\/portal\\\/#\\\/schema\\\/logo\\\/image\\\/\"},\"sameAs\":[\"https:\\\/\\\/www.facebook.com\\\/eldiario.bolivia\\\/\",\"https:\\\/\\\/x.com\\\/eldiario_net\"]},{\"@type\":\"Person\",\"@id\":\"https:\\\/\\\/www.eldiario.net\\\/portal\\\/#\\\/schema\\\/person\\\/2c57cf2b7a7ae032e449e4c9b1019eac\",\"name\":\"Jeanette\",\"image\":{\"@type\":\"ImageObject\",\"inLanguage\":\"es\",\"@id\":\"https:\\\/\\\/secure.gravatar.com\\\/avatar\\\/3ea2118a5f7dad2b7138b1187a6b7ee55f160b9968b66013c3a3ef39dd7e5798?s=96&d=mm&r=g\",\"url\":\"https:\\\/\\\/secure.gravatar.com\\\/avatar\\\/3ea2118a5f7dad2b7138b1187a6b7ee55f160b9968b66013c3a3ef39dd7e5798?s=96&d=mm&r=g\",\"contentUrl\":\"https:\\\/\\\/secure.gravatar.com\\\/avatar\\\/3ea2118a5f7dad2b7138b1187a6b7ee55f160b9968b66013c3a3ef39dd7e5798?s=96&d=mm&r=g\",\"caption\":\"Jeanette\"},\"sameAs\":[\"https:\\\/\\\/www.eldiario.net\\\/portal\"],\"url\":\"https:\\\/\\\/www.eldiario.net\\\/portal\\\/author\\\/jeanette\\\/\"}]}<\/script>\n<!-- \/ Yoast SEO plugin. -->","yoast_head_json":{"title":"Alaxpacha festeja 30 a\u00f1os de canto con amor - El Diario - Bolivia","robots":{"index":"index","follow":"follow","max-snippet":"max-snippet:-1","max-image-preview":"max-image-preview:large","max-video-preview":"max-video-preview:-1"},"canonical":"https:\/\/www.eldiario.net\/portal\/2023\/08\/09\/alaxpacha-festeja-30-anos-de-canto-con-amor\/","og_locale":"es_ES","og_type":"article","og_title":"Alaxpacha festeja 30 a\u00f1os de canto con amor - El Diario - Bolivia","og_description":"Alaxpacha celebrar\u00e1 30 a\u00f1os de canto con amor en los conciertos que brindar\u00e1 el s\u00e1bado 12 y domingo 13 de agosto, a horas 19:00, en el Teatro Municipal \u201cAlberto Saavedra P\u00e9rez\u201d. \u201cHaremos un resumen de lo mejor de nuestros discos grabados hasta ahora. Tendremos invitados de lujo, como Roc\u00edo del Carmen Moreira, Manuel Monroy Chazarreta [&hellip;]","og_url":"https:\/\/www.eldiario.net\/portal\/2023\/08\/09\/alaxpacha-festeja-30-anos-de-canto-con-amor\/","og_site_name":"El Diario - Bolivia","article_publisher":"https:\/\/www.facebook.com\/eldiario.bolivia\/","article_published_time":"2023-08-09T10:50:26+00:00","og_image":[{"width":2560,"height":1452,"url":"https:\/\/www.eldiario.net\/portal\/wp-content\/uploads\/2023\/08\/alaxpacha-1PRINCIPAL-scaled-1.jpg","type":"image\/jpeg"}],"author":"Jeanette","twitter_card":"summary_large_image","twitter_creator":"@eldiario_net","twitter_site":"@eldiario_net","twitter_misc":{"Escrito por":"Jeanette","Tiempo de lectura":"3 minutos"},"schema":{"@context":"https:\/\/schema.org","@graph":[{"@type":"Article","@id":"https:\/\/www.eldiario.net\/portal\/2023\/08\/09\/alaxpacha-festeja-30-anos-de-canto-con-amor\/#article","isPartOf":{"@id":"https:\/\/www.eldiario.net\/portal\/2023\/08\/09\/alaxpacha-festeja-30-anos-de-canto-con-amor\/"},"author":{"name":"Jeanette","@id":"https:\/\/www.eldiario.net\/portal\/#\/schema\/person\/2c57cf2b7a7ae032e449e4c9b1019eac"},"headline":"Alaxpacha festeja 30 a\u00f1os de canto con amor","datePublished":"2023-08-09T10:50:26+00:00","mainEntityOfPage":{"@id":"https:\/\/www.eldiario.net\/portal\/2023\/08\/09\/alaxpacha-festeja-30-anos-de-canto-con-amor\/"},"wordCount":645,"publisher":{"@id":"https:\/\/www.eldiario.net\/portal\/#organization"},"image":{"@id":"https:\/\/www.eldiario.net\/portal\/2023\/08\/09\/alaxpacha-festeja-30-anos-de-canto-con-amor\/#primaryimage"},"thumbnailUrl":"https:\/\/www.eldiario.net\/portal\/wp-content\/uploads\/2023\/08\/alaxpacha-1PRINCIPAL-scaled-1.jpg","articleSection":["La Gu\u00eda"],"inLanguage":"es"},{"@type":"WebPage","@id":"https:\/\/www.eldiario.net\/portal\/2023\/08\/09\/alaxpacha-festeja-30-anos-de-canto-con-amor\/","url":"https:\/\/www.eldiario.net\/portal\/2023\/08\/09\/alaxpacha-festeja-30-anos-de-canto-con-amor\/","name":"Alaxpacha festeja 30 a\u00f1os de canto con amor - El Diario - Bolivia","isPartOf":{"@id":"https:\/\/www.eldiario.net\/portal\/#website"},"primaryImageOfPage":{"@id":"https:\/\/www.eldiario.net\/portal\/2023\/08\/09\/alaxpacha-festeja-30-anos-de-canto-con-amor\/#primaryimage"},"image":{"@id":"https:\/\/www.eldiario.net\/portal\/2023\/08\/09\/alaxpacha-festeja-30-anos-de-canto-con-amor\/#primaryimage"},"thumbnailUrl":"https:\/\/www.eldiario.net\/portal\/wp-content\/uploads\/2023\/08\/alaxpacha-1PRINCIPAL-scaled-1.jpg","datePublished":"2023-08-09T10:50:26+00:00","breadcrumb":{"@id":"https:\/\/www.eldiario.net\/portal\/2023\/08\/09\/alaxpacha-festeja-30-anos-de-canto-con-amor\/#breadcrumb"},"inLanguage":"es","potentialAction":[{"@type":"ReadAction","target":["https:\/\/www.eldiario.net\/portal\/2023\/08\/09\/alaxpacha-festeja-30-anos-de-canto-con-amor\/"]}]},{"@type":"ImageObject","inLanguage":"es","@id":"https:\/\/www.eldiario.net\/portal\/2023\/08\/09\/alaxpacha-festeja-30-anos-de-canto-con-amor\/#primaryimage","url":"https:\/\/www.eldiario.net\/portal\/wp-content\/uploads\/2023\/08\/alaxpacha-1PRINCIPAL-scaled-1.jpg","contentUrl":"https:\/\/www.eldiario.net\/portal\/wp-content\/uploads\/2023\/08\/alaxpacha-1PRINCIPAL-scaled-1.jpg","width":2560,"height":1452},{"@type":"BreadcrumbList","@id":"https:\/\/www.eldiario.net\/portal\/2023\/08\/09\/alaxpacha-festeja-30-anos-de-canto-con-amor\/#breadcrumb","itemListElement":[{"@type":"ListItem","position":1,"name":"Portada","item":"https:\/\/www.eldiario.net\/portal\/"},{"@type":"ListItem","position":2,"name":"Alaxpacha festeja 30 a\u00f1os de canto con amor"}]},{"@type":"WebSite","@id":"https:\/\/www.eldiario.net\/portal\/#website","url":"https:\/\/www.eldiario.net\/portal\/","name":"El Diario - Decano de la prensa nacional","description":"El Diario - Decano de la prensa nacional","publisher":{"@id":"https:\/\/www.eldiario.net\/portal\/#organization"},"potentialAction":[{"@type":"SearchAction","target":{"@type":"EntryPoint","urlTemplate":"https:\/\/www.eldiario.net\/portal\/?s={search_term_string}"},"query-input":{"@type":"PropertyValueSpecification","valueRequired":true,"valueName":"search_term_string"}}],"inLanguage":"es"},{"@type":"Organization","@id":"https:\/\/www.eldiario.net\/portal\/#organization","name":"El Diario - Decano de la prensa nacional","url":"https:\/\/www.eldiario.net\/portal\/","logo":{"@type":"ImageObject","inLanguage":"es","@id":"https:\/\/www.eldiario.net\/portal\/#\/schema\/logo\/image\/","url":"https:\/\/www.eldiario.net\/portal\/wp-content\/uploads\/2023\/07\/logo_ED.jpg","contentUrl":"https:\/\/www.eldiario.net\/portal\/wp-content\/uploads\/2023\/07\/logo_ED.jpg","width":272,"height":52,"caption":"El Diario - Decano de la prensa nacional"},"image":{"@id":"https:\/\/www.eldiario.net\/portal\/#\/schema\/logo\/image\/"},"sameAs":["https:\/\/www.facebook.com\/eldiario.bolivia\/","https:\/\/x.com\/eldiario_net"]},{"@type":"Person","@id":"https:\/\/www.eldiario.net\/portal\/#\/schema\/person\/2c57cf2b7a7ae032e449e4c9b1019eac","name":"Jeanette","image":{"@type":"ImageObject","inLanguage":"es","@id":"https:\/\/secure.gravatar.com\/avatar\/3ea2118a5f7dad2b7138b1187a6b7ee55f160b9968b66013c3a3ef39dd7e5798?s=96&d=mm&r=g","url":"https:\/\/secure.gravatar.com\/avatar\/3ea2118a5f7dad2b7138b1187a6b7ee55f160b9968b66013c3a3ef39dd7e5798?s=96&d=mm&r=g","contentUrl":"https:\/\/secure.gravatar.com\/avatar\/3ea2118a5f7dad2b7138b1187a6b7ee55f160b9968b66013c3a3ef39dd7e5798?s=96&d=mm&r=g","caption":"Jeanette"},"sameAs":["https:\/\/www.eldiario.net\/portal"],"url":"https:\/\/www.eldiario.net\/portal\/author\/jeanette\/"}]}},"_links":{"self":[{"href":"https:\/\/www.eldiario.net\/portal\/wp-json\/wp\/v2\/posts\/170153","targetHints":{"allow":["GET"]}}],"collection":[{"href":"https:\/\/www.eldiario.net\/portal\/wp-json\/wp\/v2\/posts"}],"about":[{"href":"https:\/\/www.eldiario.net\/portal\/wp-json\/wp\/v2\/types\/post"}],"author":[{"embeddable":true,"href":"https:\/\/www.eldiario.net\/portal\/wp-json\/wp\/v2\/users\/1"}],"replies":[{"embeddable":true,"href":"https:\/\/www.eldiario.net\/portal\/wp-json\/wp\/v2\/comments?post=170153"}],"version-history":[{"count":0,"href":"https:\/\/www.eldiario.net\/portal\/wp-json\/wp\/v2\/posts\/170153\/revisions"}],"wp:featuredmedia":[{"embeddable":true,"href":"https:\/\/www.eldiario.net\/portal\/wp-json\/wp\/v2\/media\/170154"}],"wp:attachment":[{"href":"https:\/\/www.eldiario.net\/portal\/wp-json\/wp\/v2\/media?parent=170153"}],"wp:term":[{"taxonomy":"category","embeddable":true,"href":"https:\/\/www.eldiario.net\/portal\/wp-json\/wp\/v2\/categories?post=170153"},{"taxonomy":"post_tag","embeddable":true,"href":"https:\/\/www.eldiario.net\/portal\/wp-json\/wp\/v2\/tags?post=170153"}],"curies":[{"name":"wp","href":"https:\/\/api.w.org\/{rel}","templated":true}]}}