{"id":170147,"date":"2023-08-09T06:48:03","date_gmt":"2023-08-09T10:48:03","guid":{"rendered":"https:\/\/www.eldiario.net\/portal\/?p=170147"},"modified":"2023-08-09T06:48:03","modified_gmt":"2023-08-09T10:48:03","slug":"carmen-vuelve-a-escena-en-una-version-bailada","status":"publish","type":"post","link":"https:\/\/www.eldiario.net\/portal\/2023\/08\/09\/carmen-vuelve-a-escena-en-una-version-bailada\/","title":{"rendered":"Carmen vuelve a escena  en una versi\u00f3n bailada"},"content":{"rendered":"<p>La compa\u00f1\u00eda de danza cl\u00e1sica-contempor\u00e1nea Milan Ballet presentar\u00e1 la obra cl\u00e1sica <em>Carmen<\/em>, inspirada en la novela de Prosper M\u00e9rim\u00e9e, el s\u00e1bado 12 de agosto en el teatro Do\u00f1a Albina, del Espacio Cultural Sim\u00f3n I. Pati\u00f1o, de la ciudad de La Paz. Se tendr\u00e1n dos funciones: matin\u00e9e, a las 16:00, y tanda, a las 19:00 horas.<\/p>\n<p>La obra cuenta la historia de una hermosa gitana, caracterizada por su libertad y esp\u00edritu indomable, quien conquista el amor de don Jos\u00e9. Para la obra de danza, se hizo una adaptaci\u00f3n propia basada en la novela de Prosper M\u00e9rim\u00e9e y la profunda m\u00fasica de Georges Bizet.<\/p>\n<p>Desde su estreno, Carmen ha sido presentada en el teatro Modesta Sanjin\u00e9s de La Paz, en el teatro Gran Mariscal de Sucre y en el teatro Ach\u00e1 de Cochabamba.<\/p>\n<p>\u201cPara sacar el car\u00e1cter de una obra de tanto peso, como es <em>Carmen<\/em>, los bailarines tuvieron que tomar talleres de flamenco y actuaci\u00f3n para interpretar correctamente sus personajes y ser fidedignos con la historia\u201d, manifest\u00f3 Mil\u00e1n Aguirre, director de la compa\u00f1\u00eda.<\/p>\n<p>El espect\u00e1culo contar\u00e1 con m\u00e1s de 30 bailarines en escena y estar\u00e1 dividido en dos partes. En la primera se presentar\u00e1n los elencos de niveles superiores de la compa\u00f1\u00eda con fragmentos de obras como <em>Carmina Burana<\/em>, <em>Mi playa<\/em> y <em>Oh mi yo<\/em>, entre otras. En la segunda parte, el elenco estable presentar\u00e1 <em>Carmen<\/em>.<\/p>\n<p>Las entradas tendr\u00e1n un costo de 50 Bs y estar\u00e1n a la venta, de martes a viernes, en Thelonious Music Hall, ubicado al frente de la Plaza Abaroa, sobre la 20 de octubre, de 16:00 a 20:00 horas. Tambi\u00e9n se las podr\u00e1n adquirir en el mismo teatro, antes de las funciones. Asimismo, se habilitar\u00e1 la venta de entradas online y para ello pueden comunicarse con TICKETSLINE mediante el n\u00famero 68090491.<\/p>\n<p><strong>LA COMPA\u00d1\u00cdA<\/strong><\/p>\n<p>Milan Ballet comenz\u00f3 su trabajo como un taller de danza cl\u00e1sica &#8211; contempor\u00e1nea en la ciudad de La Paz, en 2016, bajo la direcci\u00f3n de Mil\u00e1n Aguirre. A partir de 2019, se establece como una escuela independiente, con la misi\u00f3n de potenciar y dotar de una ense\u00f1anza acad\u00e9mica acorde a la realidad del ballet cl\u00e1sico y contempor\u00e1neo en Bolivia.<\/p>\n<p>\u201cEs una instituci\u00f3n art\u00edstica reconocida por la calidad en su ense\u00f1anza y por el alto nivel en la producci\u00f3n de espect\u00e1culos de danza, de obras tanto de repertorio universal, como de creaci\u00f3n propia, que han sido merecedoras de premios a nivel municipal y nacional dentro de nuestro pa\u00eds, como <em>Juana Azurduy<\/em>, <em>Pueblos en Dictadura<\/em>, <em>Serenata para E<\/em>lla, <em>Oh mi Yo<\/em> de Walt Whitman, <em>Madre<\/em>,<em> Resiliencia<\/em>, el <em>Bolero de Ravel<\/em>, <em>Carmina Burana<\/em> y <em>Carmen<\/em>, entre otras\u201d, menciona la nota de prensa de la compa\u00f1\u00eda.<\/p>\n<p>En los a\u00f1os de existencia de la Escuela, la Direcci\u00f3n General junto a su cuerpo estable han presentado obras de gran envergadura en los escenarios m\u00e1s representativos del pa\u00eds, como el Teatro Municipal de La Paz, Teatro Ach\u00e1 de Cochabamba y Teatro Gran Mariscal de Sucre.<\/p>\n<div id='gallery-1' class='gallery galleryid-170147 gallery-columns-3 gallery-size-medium'><figure class='gallery-item'>\n\t\t\t<div class='gallery-icon landscape'>\n\t\t\t\t<a href='https:\/\/www.eldiario.net\/portal\/2023\/08\/09\/carmen-vuelve-a-escena-en-una-version-bailada\/carmen-1\/'><img loading=\"lazy\" decoding=\"async\" width=\"300\" height=\"246\" src=\"https:\/\/www.eldiario.net\/portal\/wp-content\/uploads\/2023\/08\/carmen-1-scaled-1-300x246.jpg\" class=\"attachment-medium size-medium\" alt=\"\" srcset=\"https:\/\/www.eldiario.net\/portal\/wp-content\/uploads\/2023\/08\/carmen-1-scaled-1-300x246.jpg 300w, https:\/\/www.eldiario.net\/portal\/wp-content\/uploads\/2023\/08\/carmen-1-scaled-1-1024x838.jpg 1024w, https:\/\/www.eldiario.net\/portal\/wp-content\/uploads\/2023\/08\/carmen-1-scaled-1-768x629.jpg 768w, https:\/\/www.eldiario.net\/portal\/wp-content\/uploads\/2023\/08\/carmen-1-scaled-1-1536x1257.jpg 1536w, https:\/\/www.eldiario.net\/portal\/wp-content\/uploads\/2023\/08\/carmen-1-scaled-1-2048x1676.jpg 2048w, https:\/\/www.eldiario.net\/portal\/wp-content\/uploads\/2023\/08\/carmen-1-scaled-1-696x570.jpg 696w, https:\/\/www.eldiario.net\/portal\/wp-content\/uploads\/2023\/08\/carmen-1-scaled-1-1068x874.jpg 1068w, https:\/\/www.eldiario.net\/portal\/wp-content\/uploads\/2023\/08\/carmen-1-scaled-1-1920x1571.jpg 1920w\" sizes=\"auto, (max-width: 300px) 100vw, 300px\" \/><\/a>\n\t\t\t<\/div><\/figure><figure class='gallery-item'>\n\t\t\t<div class='gallery-icon landscape'>\n\t\t\t\t<a href='https:\/\/www.eldiario.net\/portal\/2023\/08\/09\/carmen-vuelve-a-escena-en-una-version-bailada\/carmen-2\/'><img loading=\"lazy\" decoding=\"async\" width=\"300\" height=\"230\" src=\"https:\/\/www.eldiario.net\/portal\/wp-content\/uploads\/2023\/08\/carmen-2-300x230.jpg\" class=\"attachment-medium size-medium\" alt=\"\" srcset=\"https:\/\/www.eldiario.net\/portal\/wp-content\/uploads\/2023\/08\/carmen-2-300x230.jpg 300w, https:\/\/www.eldiario.net\/portal\/wp-content\/uploads\/2023\/08\/carmen-2-1024x786.jpg 1024w, https:\/\/www.eldiario.net\/portal\/wp-content\/uploads\/2023\/08\/carmen-2-768x590.jpg 768w, https:\/\/www.eldiario.net\/portal\/wp-content\/uploads\/2023\/08\/carmen-2-1536x1179.jpg 1536w, https:\/\/www.eldiario.net\/portal\/wp-content\/uploads\/2023\/08\/carmen-2-2048x1572.jpg 2048w, https:\/\/www.eldiario.net\/portal\/wp-content\/uploads\/2023\/08\/carmen-2-696x534.jpg 696w, https:\/\/www.eldiario.net\/portal\/wp-content\/uploads\/2023\/08\/carmen-2-1068x820.jpg 1068w, https:\/\/www.eldiario.net\/portal\/wp-content\/uploads\/2023\/08\/carmen-2-1920x1474.jpg 1920w\" sizes=\"auto, (max-width: 300px) 100vw, 300px\" \/><\/a>\n\t\t\t<\/div><\/figure><figure class='gallery-item'>\n\t\t\t<div class='gallery-icon landscape'>\n\t\t\t\t<a href='https:\/\/www.eldiario.net\/portal\/2023\/08\/09\/carmen-vuelve-a-escena-en-una-version-bailada\/carmen-3\/'><img loading=\"lazy\" decoding=\"async\" width=\"300\" height=\"232\" src=\"https:\/\/www.eldiario.net\/portal\/wp-content\/uploads\/2023\/08\/carmen-3-scaled-1-300x232.jpg\" class=\"attachment-medium size-medium\" alt=\"\" srcset=\"https:\/\/www.eldiario.net\/portal\/wp-content\/uploads\/2023\/08\/carmen-3-scaled-1-300x232.jpg 300w, https:\/\/www.eldiario.net\/portal\/wp-content\/uploads\/2023\/08\/carmen-3-scaled-1-1024x790.jpg 1024w, https:\/\/www.eldiario.net\/portal\/wp-content\/uploads\/2023\/08\/carmen-3-scaled-1-768x593.jpg 768w, https:\/\/www.eldiario.net\/portal\/wp-content\/uploads\/2023\/08\/carmen-3-scaled-1-1536x1186.jpg 1536w, https:\/\/www.eldiario.net\/portal\/wp-content\/uploads\/2023\/08\/carmen-3-scaled-1-2048x1581.jpg 2048w, https:\/\/www.eldiario.net\/portal\/wp-content\/uploads\/2023\/08\/carmen-3-scaled-1-696x537.jpg 696w, https:\/\/www.eldiario.net\/portal\/wp-content\/uploads\/2023\/08\/carmen-3-scaled-1-1068x824.jpg 1068w, https:\/\/www.eldiario.net\/portal\/wp-content\/uploads\/2023\/08\/carmen-3-scaled-1-1920x1482.jpg 1920w\" sizes=\"auto, (max-width: 300px) 100vw, 300px\" \/><\/a>\n\t\t\t<\/div><\/figure><figure class='gallery-item'>\n\t\t\t<div class='gallery-icon landscape'>\n\t\t\t\t<a href='https:\/\/www.eldiario.net\/portal\/2023\/08\/09\/carmen-vuelve-a-escena-en-una-version-bailada\/carmen-4\/'><img loading=\"lazy\" decoding=\"async\" width=\"300\" height=\"197\" src=\"https:\/\/www.eldiario.net\/portal\/wp-content\/uploads\/2023\/08\/carmen-4-300x197.jpg\" class=\"attachment-medium size-medium\" alt=\"\" srcset=\"https:\/\/www.eldiario.net\/portal\/wp-content\/uploads\/2023\/08\/carmen-4-300x197.jpg 300w, https:\/\/www.eldiario.net\/portal\/wp-content\/uploads\/2023\/08\/carmen-4-1024x674.jpg 1024w, https:\/\/www.eldiario.net\/portal\/wp-content\/uploads\/2023\/08\/carmen-4-768x505.jpg 768w, https:\/\/www.eldiario.net\/portal\/wp-content\/uploads\/2023\/08\/carmen-4-1536x1010.jpg 1536w, https:\/\/www.eldiario.net\/portal\/wp-content\/uploads\/2023\/08\/carmen-4-696x458.jpg 696w, https:\/\/www.eldiario.net\/portal\/wp-content\/uploads\/2023\/08\/carmen-4-1068x703.jpg 1068w, https:\/\/www.eldiario.net\/portal\/wp-content\/uploads\/2023\/08\/carmen-4.jpg 1917w\" sizes=\"auto, (max-width: 300px) 100vw, 300px\" \/><\/a>\n\t\t\t<\/div><\/figure>\n\t\t<\/div>\n\n","protected":false},"excerpt":{"rendered":"<p>La compa\u00f1\u00eda de danza cl\u00e1sica-contempor\u00e1nea Milan Ballet presentar\u00e1 la obra cl\u00e1sica Carmen, inspirada en la novela de Prosper M\u00e9rim\u00e9e, el s\u00e1bado 12 de agosto en el teatro Do\u00f1a Albina, del Espacio Cultural Sim\u00f3n I. Pati\u00f1o, de la ciudad de La Paz. Se tendr\u00e1n dos funciones: matin\u00e9e, a las 16:00, y tanda, a las 19:00 horas. [&hellip;]<\/p>\n","protected":false},"author":1,"featured_media":170148,"comment_status":"closed","ping_status":"open","sticky":false,"template":"","format":"standard","meta":{"_acf_changed":false,"footnotes":""},"categories":[41],"tags":[],"class_list":["post-170147","post","type-post","status-publish","format-standard","has-post-thumbnail","category-la-guia"],"acf":{"antetitulo":""},"yoast_head":"<!-- This site is optimized with the Yoast SEO plugin v28.4 - https:\/\/yoast.com\/product\/yoast-seo-wordpress\/ -->\n<title>Carmen vuelve a escena en una versi\u00f3n bailada - El Diario - Bolivia<\/title>\n<meta name=\"robots\" content=\"index, follow, max-snippet:-1, max-image-preview:large, max-video-preview:-1\" \/>\n<link rel=\"canonical\" href=\"https:\/\/www.eldiario.net\/portal\/2023\/08\/09\/carmen-vuelve-a-escena-en-una-version-bailada\/\" \/>\n<meta property=\"og:locale\" content=\"es_ES\" \/>\n<meta property=\"og:type\" content=\"article\" \/>\n<meta property=\"og:title\" content=\"Carmen vuelve a escena en una versi\u00f3n bailada - El Diario - Bolivia\" \/>\n<meta property=\"og:description\" content=\"La compa\u00f1\u00eda de danza cl\u00e1sica-contempor\u00e1nea Milan Ballet presentar\u00e1 la obra cl\u00e1sica Carmen, inspirada en la novela de Prosper M\u00e9rim\u00e9e, el s\u00e1bado 12 de agosto en el teatro Do\u00f1a Albina, del Espacio Cultural Sim\u00f3n I. Pati\u00f1o, de la ciudad de La Paz. Se tendr\u00e1n dos funciones: matin\u00e9e, a las 16:00, y tanda, a las 19:00 horas. [&hellip;]\" \/>\n<meta property=\"og:url\" content=\"https:\/\/www.eldiario.net\/portal\/2023\/08\/09\/carmen-vuelve-a-escena-en-una-version-bailada\/\" \/>\n<meta property=\"og:site_name\" content=\"El Diario - Bolivia\" \/>\n<meta property=\"article:publisher\" content=\"https:\/\/www.facebook.com\/eldiario.bolivia\/\" \/>\n<meta property=\"article:published_time\" content=\"2023-08-09T10:48:03+00:00\" \/>\n<meta property=\"og:image\" content=\"https:\/\/www.eldiario.net\/portal\/wp-content\/uploads\/2023\/08\/carmen-1-scaled-1.jpg\" \/>\n\t<meta property=\"og:image:width\" content=\"2560\" \/>\n\t<meta property=\"og:image:height\" content=\"2095\" \/>\n\t<meta property=\"og:image:type\" content=\"image\/jpeg\" \/>\n<meta name=\"author\" content=\"Jeanette\" \/>\n<meta name=\"twitter:card\" content=\"summary_large_image\" \/>\n<meta name=\"twitter:creator\" content=\"@eldiario_net\" \/>\n<meta name=\"twitter:site\" content=\"@eldiario_net\" \/>\n<meta name=\"twitter:label1\" content=\"Escrito por\" \/>\n\t<meta name=\"twitter:data1\" content=\"Jeanette\" \/>\n\t<meta name=\"twitter:label2\" content=\"Tiempo de lectura\" \/>\n\t<meta name=\"twitter:data2\" content=\"3 minutos\" \/>\n<script type=\"application\/ld+json\" class=\"yoast-schema-graph\">{\"@context\":\"https:\\\/\\\/schema.org\",\"@graph\":[{\"@type\":\"Article\",\"@id\":\"https:\\\/\\\/www.eldiario.net\\\/portal\\\/2023\\\/08\\\/09\\\/carmen-vuelve-a-escena-en-una-version-bailada\\\/#article\",\"isPartOf\":{\"@id\":\"https:\\\/\\\/www.eldiario.net\\\/portal\\\/2023\\\/08\\\/09\\\/carmen-vuelve-a-escena-en-una-version-bailada\\\/\"},\"author\":{\"name\":\"Jeanette\",\"@id\":\"https:\\\/\\\/www.eldiario.net\\\/portal\\\/#\\\/schema\\\/person\\\/2c57cf2b7a7ae032e449e4c9b1019eac\"},\"headline\":\"Carmen vuelve a escena en una versi\u00f3n bailada\",\"datePublished\":\"2023-08-09T10:48:03+00:00\",\"mainEntityOfPage\":{\"@id\":\"https:\\\/\\\/www.eldiario.net\\\/portal\\\/2023\\\/08\\\/09\\\/carmen-vuelve-a-escena-en-una-version-bailada\\\/\"},\"wordCount\":540,\"publisher\":{\"@id\":\"https:\\\/\\\/www.eldiario.net\\\/portal\\\/#organization\"},\"image\":{\"@id\":\"https:\\\/\\\/www.eldiario.net\\\/portal\\\/2023\\\/08\\\/09\\\/carmen-vuelve-a-escena-en-una-version-bailada\\\/#primaryimage\"},\"thumbnailUrl\":\"https:\\\/\\\/www.eldiario.net\\\/portal\\\/wp-content\\\/uploads\\\/2023\\\/08\\\/carmen-1-scaled-1.jpg\",\"articleSection\":[\"La Gu\u00eda\"],\"inLanguage\":\"es\"},{\"@type\":\"WebPage\",\"@id\":\"https:\\\/\\\/www.eldiario.net\\\/portal\\\/2023\\\/08\\\/09\\\/carmen-vuelve-a-escena-en-una-version-bailada\\\/\",\"url\":\"https:\\\/\\\/www.eldiario.net\\\/portal\\\/2023\\\/08\\\/09\\\/carmen-vuelve-a-escena-en-una-version-bailada\\\/\",\"name\":\"Carmen vuelve a escena en una versi\u00f3n bailada - El Diario - Bolivia\",\"isPartOf\":{\"@id\":\"https:\\\/\\\/www.eldiario.net\\\/portal\\\/#website\"},\"primaryImageOfPage\":{\"@id\":\"https:\\\/\\\/www.eldiario.net\\\/portal\\\/2023\\\/08\\\/09\\\/carmen-vuelve-a-escena-en-una-version-bailada\\\/#primaryimage\"},\"image\":{\"@id\":\"https:\\\/\\\/www.eldiario.net\\\/portal\\\/2023\\\/08\\\/09\\\/carmen-vuelve-a-escena-en-una-version-bailada\\\/#primaryimage\"},\"thumbnailUrl\":\"https:\\\/\\\/www.eldiario.net\\\/portal\\\/wp-content\\\/uploads\\\/2023\\\/08\\\/carmen-1-scaled-1.jpg\",\"datePublished\":\"2023-08-09T10:48:03+00:00\",\"breadcrumb\":{\"@id\":\"https:\\\/\\\/www.eldiario.net\\\/portal\\\/2023\\\/08\\\/09\\\/carmen-vuelve-a-escena-en-una-version-bailada\\\/#breadcrumb\"},\"inLanguage\":\"es\",\"potentialAction\":[{\"@type\":\"ReadAction\",\"target\":[\"https:\\\/\\\/www.eldiario.net\\\/portal\\\/2023\\\/08\\\/09\\\/carmen-vuelve-a-escena-en-una-version-bailada\\\/\"]}]},{\"@type\":\"ImageObject\",\"inLanguage\":\"es\",\"@id\":\"https:\\\/\\\/www.eldiario.net\\\/portal\\\/2023\\\/08\\\/09\\\/carmen-vuelve-a-escena-en-una-version-bailada\\\/#primaryimage\",\"url\":\"https:\\\/\\\/www.eldiario.net\\\/portal\\\/wp-content\\\/uploads\\\/2023\\\/08\\\/carmen-1-scaled-1.jpg\",\"contentUrl\":\"https:\\\/\\\/www.eldiario.net\\\/portal\\\/wp-content\\\/uploads\\\/2023\\\/08\\\/carmen-1-scaled-1.jpg\",\"width\":2560,\"height\":2095},{\"@type\":\"BreadcrumbList\",\"@id\":\"https:\\\/\\\/www.eldiario.net\\\/portal\\\/2023\\\/08\\\/09\\\/carmen-vuelve-a-escena-en-una-version-bailada\\\/#breadcrumb\",\"itemListElement\":[{\"@type\":\"ListItem\",\"position\":1,\"name\":\"Portada\",\"item\":\"https:\\\/\\\/www.eldiario.net\\\/portal\\\/\"},{\"@type\":\"ListItem\",\"position\":2,\"name\":\"Carmen vuelve a escena en una versi\u00f3n bailada\"}]},{\"@type\":\"WebSite\",\"@id\":\"https:\\\/\\\/www.eldiario.net\\\/portal\\\/#website\",\"url\":\"https:\\\/\\\/www.eldiario.net\\\/portal\\\/\",\"name\":\"El Diario - Decano de la prensa nacional\",\"description\":\"El Diario - Decano de la prensa nacional\",\"publisher\":{\"@id\":\"https:\\\/\\\/www.eldiario.net\\\/portal\\\/#organization\"},\"potentialAction\":[{\"@type\":\"SearchAction\",\"target\":{\"@type\":\"EntryPoint\",\"urlTemplate\":\"https:\\\/\\\/www.eldiario.net\\\/portal\\\/?s={search_term_string}\"},\"query-input\":{\"@type\":\"PropertyValueSpecification\",\"valueRequired\":true,\"valueName\":\"search_term_string\"}}],\"inLanguage\":\"es\"},{\"@type\":\"Organization\",\"@id\":\"https:\\\/\\\/www.eldiario.net\\\/portal\\\/#organization\",\"name\":\"El Diario - Decano de la prensa nacional\",\"url\":\"https:\\\/\\\/www.eldiario.net\\\/portal\\\/\",\"logo\":{\"@type\":\"ImageObject\",\"inLanguage\":\"es\",\"@id\":\"https:\\\/\\\/www.eldiario.net\\\/portal\\\/#\\\/schema\\\/logo\\\/image\\\/\",\"url\":\"https:\\\/\\\/www.eldiario.net\\\/portal\\\/wp-content\\\/uploads\\\/2023\\\/07\\\/logo_ED.jpg\",\"contentUrl\":\"https:\\\/\\\/www.eldiario.net\\\/portal\\\/wp-content\\\/uploads\\\/2023\\\/07\\\/logo_ED.jpg\",\"width\":272,\"height\":52,\"caption\":\"El Diario - Decano de la prensa nacional\"},\"image\":{\"@id\":\"https:\\\/\\\/www.eldiario.net\\\/portal\\\/#\\\/schema\\\/logo\\\/image\\\/\"},\"sameAs\":[\"https:\\\/\\\/www.facebook.com\\\/eldiario.bolivia\\\/\",\"https:\\\/\\\/x.com\\\/eldiario_net\"]},{\"@type\":\"Person\",\"@id\":\"https:\\\/\\\/www.eldiario.net\\\/portal\\\/#\\\/schema\\\/person\\\/2c57cf2b7a7ae032e449e4c9b1019eac\",\"name\":\"Jeanette\",\"image\":{\"@type\":\"ImageObject\",\"inLanguage\":\"es\",\"@id\":\"https:\\\/\\\/secure.gravatar.com\\\/avatar\\\/3ea2118a5f7dad2b7138b1187a6b7ee55f160b9968b66013c3a3ef39dd7e5798?s=96&d=mm&r=g\",\"url\":\"https:\\\/\\\/secure.gravatar.com\\\/avatar\\\/3ea2118a5f7dad2b7138b1187a6b7ee55f160b9968b66013c3a3ef39dd7e5798?s=96&d=mm&r=g\",\"contentUrl\":\"https:\\\/\\\/secure.gravatar.com\\\/avatar\\\/3ea2118a5f7dad2b7138b1187a6b7ee55f160b9968b66013c3a3ef39dd7e5798?s=96&d=mm&r=g\",\"caption\":\"Jeanette\"},\"sameAs\":[\"https:\\\/\\\/www.eldiario.net\\\/portal\"],\"url\":\"https:\\\/\\\/www.eldiario.net\\\/portal\\\/author\\\/jeanette\\\/\"}]}<\/script>\n<!-- \/ Yoast SEO plugin. -->","yoast_head_json":{"title":"Carmen vuelve a escena en una versi\u00f3n bailada - El Diario - Bolivia","robots":{"index":"index","follow":"follow","max-snippet":"max-snippet:-1","max-image-preview":"max-image-preview:large","max-video-preview":"max-video-preview:-1"},"canonical":"https:\/\/www.eldiario.net\/portal\/2023\/08\/09\/carmen-vuelve-a-escena-en-una-version-bailada\/","og_locale":"es_ES","og_type":"article","og_title":"Carmen vuelve a escena en una versi\u00f3n bailada - El Diario - Bolivia","og_description":"La compa\u00f1\u00eda de danza cl\u00e1sica-contempor\u00e1nea Milan Ballet presentar\u00e1 la obra cl\u00e1sica Carmen, inspirada en la novela de Prosper M\u00e9rim\u00e9e, el s\u00e1bado 12 de agosto en el teatro Do\u00f1a Albina, del Espacio Cultural Sim\u00f3n I. Pati\u00f1o, de la ciudad de La Paz. Se tendr\u00e1n dos funciones: matin\u00e9e, a las 16:00, y tanda, a las 19:00 horas. [&hellip;]","og_url":"https:\/\/www.eldiario.net\/portal\/2023\/08\/09\/carmen-vuelve-a-escena-en-una-version-bailada\/","og_site_name":"El Diario - Bolivia","article_publisher":"https:\/\/www.facebook.com\/eldiario.bolivia\/","article_published_time":"2023-08-09T10:48:03+00:00","og_image":[{"width":2560,"height":2095,"url":"https:\/\/www.eldiario.net\/portal\/wp-content\/uploads\/2023\/08\/carmen-1-scaled-1.jpg","type":"image\/jpeg"}],"author":"Jeanette","twitter_card":"summary_large_image","twitter_creator":"@eldiario_net","twitter_site":"@eldiario_net","twitter_misc":{"Escrito por":"Jeanette","Tiempo de lectura":"3 minutos"},"schema":{"@context":"https:\/\/schema.org","@graph":[{"@type":"Article","@id":"https:\/\/www.eldiario.net\/portal\/2023\/08\/09\/carmen-vuelve-a-escena-en-una-version-bailada\/#article","isPartOf":{"@id":"https:\/\/www.eldiario.net\/portal\/2023\/08\/09\/carmen-vuelve-a-escena-en-una-version-bailada\/"},"author":{"name":"Jeanette","@id":"https:\/\/www.eldiario.net\/portal\/#\/schema\/person\/2c57cf2b7a7ae032e449e4c9b1019eac"},"headline":"Carmen vuelve a escena en una versi\u00f3n bailada","datePublished":"2023-08-09T10:48:03+00:00","mainEntityOfPage":{"@id":"https:\/\/www.eldiario.net\/portal\/2023\/08\/09\/carmen-vuelve-a-escena-en-una-version-bailada\/"},"wordCount":540,"publisher":{"@id":"https:\/\/www.eldiario.net\/portal\/#organization"},"image":{"@id":"https:\/\/www.eldiario.net\/portal\/2023\/08\/09\/carmen-vuelve-a-escena-en-una-version-bailada\/#primaryimage"},"thumbnailUrl":"https:\/\/www.eldiario.net\/portal\/wp-content\/uploads\/2023\/08\/carmen-1-scaled-1.jpg","articleSection":["La Gu\u00eda"],"inLanguage":"es"},{"@type":"WebPage","@id":"https:\/\/www.eldiario.net\/portal\/2023\/08\/09\/carmen-vuelve-a-escena-en-una-version-bailada\/","url":"https:\/\/www.eldiario.net\/portal\/2023\/08\/09\/carmen-vuelve-a-escena-en-una-version-bailada\/","name":"Carmen vuelve a escena en una versi\u00f3n bailada - El Diario - Bolivia","isPartOf":{"@id":"https:\/\/www.eldiario.net\/portal\/#website"},"primaryImageOfPage":{"@id":"https:\/\/www.eldiario.net\/portal\/2023\/08\/09\/carmen-vuelve-a-escena-en-una-version-bailada\/#primaryimage"},"image":{"@id":"https:\/\/www.eldiario.net\/portal\/2023\/08\/09\/carmen-vuelve-a-escena-en-una-version-bailada\/#primaryimage"},"thumbnailUrl":"https:\/\/www.eldiario.net\/portal\/wp-content\/uploads\/2023\/08\/carmen-1-scaled-1.jpg","datePublished":"2023-08-09T10:48:03+00:00","breadcrumb":{"@id":"https:\/\/www.eldiario.net\/portal\/2023\/08\/09\/carmen-vuelve-a-escena-en-una-version-bailada\/#breadcrumb"},"inLanguage":"es","potentialAction":[{"@type":"ReadAction","target":["https:\/\/www.eldiario.net\/portal\/2023\/08\/09\/carmen-vuelve-a-escena-en-una-version-bailada\/"]}]},{"@type":"ImageObject","inLanguage":"es","@id":"https:\/\/www.eldiario.net\/portal\/2023\/08\/09\/carmen-vuelve-a-escena-en-una-version-bailada\/#primaryimage","url":"https:\/\/www.eldiario.net\/portal\/wp-content\/uploads\/2023\/08\/carmen-1-scaled-1.jpg","contentUrl":"https:\/\/www.eldiario.net\/portal\/wp-content\/uploads\/2023\/08\/carmen-1-scaled-1.jpg","width":2560,"height":2095},{"@type":"BreadcrumbList","@id":"https:\/\/www.eldiario.net\/portal\/2023\/08\/09\/carmen-vuelve-a-escena-en-una-version-bailada\/#breadcrumb","itemListElement":[{"@type":"ListItem","position":1,"name":"Portada","item":"https:\/\/www.eldiario.net\/portal\/"},{"@type":"ListItem","position":2,"name":"Carmen vuelve a escena en una versi\u00f3n bailada"}]},{"@type":"WebSite","@id":"https:\/\/www.eldiario.net\/portal\/#website","url":"https:\/\/www.eldiario.net\/portal\/","name":"El Diario - Decano de la prensa nacional","description":"El Diario - Decano de la prensa nacional","publisher":{"@id":"https:\/\/www.eldiario.net\/portal\/#organization"},"potentialAction":[{"@type":"SearchAction","target":{"@type":"EntryPoint","urlTemplate":"https:\/\/www.eldiario.net\/portal\/?s={search_term_string}"},"query-input":{"@type":"PropertyValueSpecification","valueRequired":true,"valueName":"search_term_string"}}],"inLanguage":"es"},{"@type":"Organization","@id":"https:\/\/www.eldiario.net\/portal\/#organization","name":"El Diario - Decano de la prensa nacional","url":"https:\/\/www.eldiario.net\/portal\/","logo":{"@type":"ImageObject","inLanguage":"es","@id":"https:\/\/www.eldiario.net\/portal\/#\/schema\/logo\/image\/","url":"https:\/\/www.eldiario.net\/portal\/wp-content\/uploads\/2023\/07\/logo_ED.jpg","contentUrl":"https:\/\/www.eldiario.net\/portal\/wp-content\/uploads\/2023\/07\/logo_ED.jpg","width":272,"height":52,"caption":"El Diario - Decano de la prensa nacional"},"image":{"@id":"https:\/\/www.eldiario.net\/portal\/#\/schema\/logo\/image\/"},"sameAs":["https:\/\/www.facebook.com\/eldiario.bolivia\/","https:\/\/x.com\/eldiario_net"]},{"@type":"Person","@id":"https:\/\/www.eldiario.net\/portal\/#\/schema\/person\/2c57cf2b7a7ae032e449e4c9b1019eac","name":"Jeanette","image":{"@type":"ImageObject","inLanguage":"es","@id":"https:\/\/secure.gravatar.com\/avatar\/3ea2118a5f7dad2b7138b1187a6b7ee55f160b9968b66013c3a3ef39dd7e5798?s=96&d=mm&r=g","url":"https:\/\/secure.gravatar.com\/avatar\/3ea2118a5f7dad2b7138b1187a6b7ee55f160b9968b66013c3a3ef39dd7e5798?s=96&d=mm&r=g","contentUrl":"https:\/\/secure.gravatar.com\/avatar\/3ea2118a5f7dad2b7138b1187a6b7ee55f160b9968b66013c3a3ef39dd7e5798?s=96&d=mm&r=g","caption":"Jeanette"},"sameAs":["https:\/\/www.eldiario.net\/portal"],"url":"https:\/\/www.eldiario.net\/portal\/author\/jeanette\/"}]}},"_links":{"self":[{"href":"https:\/\/www.eldiario.net\/portal\/wp-json\/wp\/v2\/posts\/170147","targetHints":{"allow":["GET"]}}],"collection":[{"href":"https:\/\/www.eldiario.net\/portal\/wp-json\/wp\/v2\/posts"}],"about":[{"href":"https:\/\/www.eldiario.net\/portal\/wp-json\/wp\/v2\/types\/post"}],"author":[{"embeddable":true,"href":"https:\/\/www.eldiario.net\/portal\/wp-json\/wp\/v2\/users\/1"}],"replies":[{"embeddable":true,"href":"https:\/\/www.eldiario.net\/portal\/wp-json\/wp\/v2\/comments?post=170147"}],"version-history":[{"count":0,"href":"https:\/\/www.eldiario.net\/portal\/wp-json\/wp\/v2\/posts\/170147\/revisions"}],"wp:featuredmedia":[{"embeddable":true,"href":"https:\/\/www.eldiario.net\/portal\/wp-json\/wp\/v2\/media\/170148"}],"wp:attachment":[{"href":"https:\/\/www.eldiario.net\/portal\/wp-json\/wp\/v2\/media?parent=170147"}],"wp:term":[{"taxonomy":"category","embeddable":true,"href":"https:\/\/www.eldiario.net\/portal\/wp-json\/wp\/v2\/categories?post=170147"},{"taxonomy":"post_tag","embeddable":true,"href":"https:\/\/www.eldiario.net\/portal\/wp-json\/wp\/v2\/tags?post=170147"}],"curies":[{"name":"wp","href":"https:\/\/api.w.org\/{rel}","templated":true}]}}