{"id":169839,"date":"2023-08-07T06:22:24","date_gmt":"2023-08-07T10:22:24","guid":{"rendered":"https:\/\/www.eldiario.net\/portal\/?p=169839"},"modified":"2023-08-07T06:22:24","modified_gmt":"2023-08-07T10:22:24","slug":"roger-montecinos-inicia-campana-cultural-contra-tiktok","status":"publish","type":"post","link":"https:\/\/www.eldiario.net\/portal\/2023\/08\/07\/roger-montecinos-inicia-campana-cultural-contra-tiktok\/","title":{"rendered":"Roger Montecinos inicia  campa\u00f1a cultural contra TikTok"},"content":{"rendered":"<p>\u2018\u2018Si seguimos as\u00ed, la comunicaci\u00f3n interpersonal desaparecer\u00e1\u2019\u2019, es la preocupante conclusi\u00f3n a la que llega Roger Montecinos para arremeter contra la aplicaci\u00f3n TikTok y el comienzo del desastre cultural de esta sociedad.<\/p>\n<p>Roger Montecinos P\u00e9rez, el recordado periodista del programa de televisi\u00f3n <em>7 Pecados<\/em>, responde sobre su controversial campa\u00f1a para eliminar TikTok y alertar sobre las consecuencias del uso desmedido de las redes sociales por parte de los ni\u00f1os. La comunicaci\u00f3n y las relaciones sociales en las familias y la sociedad est\u00e1n siendo destruidas, sostiene.<\/p>\n<p>\u2018\u2018El d\u00e9bil tambi\u00e9n puede vencer al poderoso, como lo hizo David contra Goliat\u2019\u2019, apunta Montecinos a La Gu\u00eda de El Diario, al iniciar las respuestas para justificar su \u2018\u2018batalla\u2019\u2019 en contra del poder que \u00e9l dice existe detr\u00e1s de la aplicaci\u00f3n TikTok. Esta campa\u00f1a denominada \u2018\u2018Chau Tik Tok\u2019\u2019 inicia desde la p\u00e1gina 100% Bolivian.<\/p>\n<p>\u2018\u2018100% Bolivian es una p\u00e1gina dedicada a la cultura de nuestro pa\u00eds y hacer campa\u00f1as de impacto. Este campo invisible llamado cultura est\u00e1 constantemente en lucha y debemos defenderlo. Mostraremos danzas, comidas, turismo, pero tambi\u00e9n defenderemos lo que creemos es correcto. Tambi\u00e9n haremos entrevistas a personajes de nuestro pa\u00eds\u2019\u2019, afirma el periodista.<\/p>\n<p>TikTok, creada por la empresa china ByteDance, tiene 1.500 millones de usuarios en todo el mundo. Esta aplicaci\u00f3n permite a los usuarios compartir y ver videos cortos en sus tel\u00e9fonos inteligentes. Roger Montecinos menciona un estudio de la International Journal of Environmental Research and Public Health, donde encontraron que los adolescentes que usaban y mostraban tendencias adictivas presentaron una capacidad de memoria de trabajo reducida que, en parte, se deb\u00eda al aumento de la depresi\u00f3n y la ansiedad.<\/p>\n<p>Montecinos propone conocer la historia de la comunicaci\u00f3n y entender la importancia de la misma. \u2018\u2018Los primeros habitantes humanos de la tierra empezaron a utilizar el lenguaje para transmitir mensajes. Ese proceso, hoy llamado comunicaci\u00f3n, era una forma de interactuar. Ah\u00ed empieza el cultivo de ideas, formas del lenguaje y din\u00e1micas pol\u00edticas por el dominio y el poder, siempre en funci\u00f3n de la supervivencia o perpetuidad de una especie, en este caso el ser humano\u2019\u2019, rememora.<\/p>\n<p>\u2018\u2018Existen art\u00edculos que vinculan a TikTok a las muertes de al menos 15 ni\u00f1os de 12 a\u00f1os o menores en los \u00faltimos 18 meses por el \u2018\u2018juego de asfixia\u2019\u2019, menciona Montecinos.<\/p>\n<p>El tambi\u00e9n docente universitario cuenta que existe un estudio del Washington Post donde se dice que los j\u00f3venes tocan su tel\u00e9fono, como promedio, un mill\u00f3n de veces al a\u00f1o, suficiente para que todos esos deslizamientos y movimientos se sientan tanto programados como totalmente naturales y todo lo que ven y escuchan se convierte en comportamiento en su diario vivir.<\/p>\n<p>Montecinos, hoy profesor en los Estados Unidos, plantea ser radical y alejar en su totalidad las pantallas de los ni\u00f1os y volver a la cultura del libro. \u2018\u2018No podemos tolerar que el 48% de los bolivianos no ley\u00f3 ni un solo libro en un a\u00f1o, seg\u00fan una encuesta de Ipsos. \u00a1Esto deber\u00eda ser un esc\u00e1ndalo!\u2019\u2019.<\/p>\n<p>En cuanto a la privacidad de la aplicaci\u00f3n, dice Montecinos que existen denuncias a la empresa china ByteDance, creadora de TikTok, por violar leyes sobre la protecci\u00f3n de privacidad en menores. Una de ellas acusa de enviar datos de sus usuarios, sin consentimiento, al pa\u00eds de Xi Jinping, presidente de la Rep\u00fablica Popular China. Las leyes del Gobierno chino obligan a sus empresas a colaborar con labores de inteligencia.<\/p>\n<p>Montecinos divide su discurso en tres dimensiones:<\/p>\n<p>Comunicaci\u00f3n\/Pol\u00edtica: La comunicaci\u00f3n es el proceso de intercambio de informaci\u00f3n entre un emisor y receptor mediante un canal por donde intervienen variables como el lenguaje, c\u00f3digos, ruido y la retroalimentaci\u00f3n, sin olvidar la codificaci\u00f3n y la decodificaci\u00f3n.<\/p>\n<p>Las aplicaciones de mensajes instant\u00e1neos generan barreras cognitivas y de comunicaci\u00f3n muy serias en sus usuarios. La consecuencia directa ser\u00e1 que la comunicaci\u00f3n interpersonal desaparecer\u00e1 pronto, como consecuencia del uso excesivo de las aplicaciones de mensajes instant\u00e1neos.<\/p>\n<p>La familia: El entretenimiento inmediato, r\u00e1pido y eficaz que propone TikTok genera separaci\u00f3n progresiva y lenta entre padres e hijos, amigos y amigas, incluso con la naturaleza. Las vidas de nuestros hijos est\u00e1n enterradas profundamente en pantallas, alimentando la desidia. Millones de mensajes construyen al instante una realidad distinta, quitando identidad y deconstruyendo su cultura y la familia. Seg\u00fan el profesor, magister boliviano en psicolog\u00eda, Marcelo Pacheco, existen hoy modas peligrosas impulsadas por el TikTok, donde los j\u00f3venes e incluso adultos utilizan la autoidentificaci\u00f3n de problemas psicopatol\u00f3gicos sin previo diagn\u00f3stico m\u00e9dico, o tambi\u00e9n se ve que exponen sin pruebas ni fundamentos cient\u00edficos estatus de v\u00edctimas de una sociedad, recurriendo a lo ideol\u00f3gico, m\u00e1s que a lo cient\u00edfico, alimentando a la postmodernidad, o sea medias verdades que se convierten en verdad.<\/p>\n<p>La educativa: Los problemas educativos en nuestros ni\u00f1os e incluso en personas adultas son evidentes, porque el uso desmedido activa circuitos de recompensa inmediata en el cerebro. Imaginen el da\u00f1o. Por culpa del uso desmedido de las aplicaciones y redes sociales, se ha detectado una disminuci\u00f3n del tiempo m\u00ednimo de atenci\u00f3n requerido para la atenci\u00f3n cronol\u00f3gica, que se denomina spam atencional. Esto es una tragedia porque limita las capacidades de supervivencia de nuestra especie. En poco tiempo veremos a personas caminar sin prop\u00f3sitos en la vida, muertos en vida.<\/p>\n<p>\u201cLa aplicaci\u00f3n TikTok y otras generan comportamientos de desidia, irritabilidad, aislamiento, ansiedad, des\u00f3rdenes alimenticios, ira, destrucci\u00f3n de la capacidad de comunicar con su entorno, sea este familiar, de amistades, la propia naturaleza e incluso el valor de las cosas. Los riesgos son muchos, incluso llegan a la muerte por copiar retos virales, todo esto desde la aceptaci\u00f3n de lo absurdo\u201d, lamenta el periodista.<\/p>\n<p>Para terminar, Montecinos hace una reflexi\u00f3n: \u2018\u2018Yo decid\u00ed luchar contra este mal y lo seguir\u00e9. Si usted es adulto haga lo que quiera, tiene libertad individual, pero tenga la seguridad que nuestros ni\u00f1os est\u00e1n perdiendo miles de horas de su vida y viviendo en una mentira constante, donde solo importa la materia y no as\u00ed el esp\u00edritu. Considero que ellos merecen vivir lejos de las pantallas y m\u00e1s cerca de la verdad y la familia\u2019\u2019.<\/p>\n<div id='gallery-1' class='gallery galleryid-169839 gallery-columns-3 gallery-size-medium'><figure class='gallery-item'>\n\t\t\t<div class='gallery-icon landscape'>\n\t\t\t\t<a href='https:\/\/www.eldiario.net\/portal\/2023\/08\/07\/roger-montecinos-inicia-campana-cultural-contra-tiktok\/roger-1-principal\/'><img loading=\"lazy\" decoding=\"async\" width=\"300\" height=\"221\" src=\"https:\/\/www.eldiario.net\/portal\/wp-content\/uploads\/2023\/08\/roger-1-PRINCIPAL-300x221.jpeg\" class=\"attachment-medium size-medium\" alt=\"\" srcset=\"https:\/\/www.eldiario.net\/portal\/wp-content\/uploads\/2023\/08\/roger-1-PRINCIPAL-300x221.jpeg 300w, https:\/\/www.eldiario.net\/portal\/wp-content\/uploads\/2023\/08\/roger-1-PRINCIPAL.jpeg 676w\" sizes=\"auto, (max-width: 300px) 100vw, 300px\" \/><\/a>\n\t\t\t<\/div><\/figure><figure class='gallery-item'>\n\t\t\t<div class='gallery-icon landscape'>\n\t\t\t\t<a href='https:\/\/www.eldiario.net\/portal\/2023\/08\/07\/roger-montecinos-inicia-campana-cultural-contra-tiktok\/roger-2-2\/'><img loading=\"lazy\" decoding=\"async\" width=\"300\" height=\"222\" src=\"https:\/\/www.eldiario.net\/portal\/wp-content\/uploads\/2023\/08\/roger-2-300x222.jpeg\" class=\"attachment-medium size-medium\" alt=\"\" srcset=\"https:\/\/www.eldiario.net\/portal\/wp-content\/uploads\/2023\/08\/roger-2-300x222.jpeg 300w, https:\/\/www.eldiario.net\/portal\/wp-content\/uploads\/2023\/08\/roger-2-768x568.jpeg 768w, https:\/\/www.eldiario.net\/portal\/wp-content\/uploads\/2023\/08\/roger-2-485x360.jpeg 485w, https:\/\/www.eldiario.net\/portal\/wp-content\/uploads\/2023\/08\/roger-2-696x514.jpeg 696w, https:\/\/www.eldiario.net\/portal\/wp-content\/uploads\/2023\/08\/roger-2.jpeg 904w\" sizes=\"auto, (max-width: 300px) 100vw, 300px\" \/><\/a>\n\t\t\t<\/div><\/figure><figure class='gallery-item'>\n\t\t\t<div class='gallery-icon landscape'>\n\t\t\t\t<a href='https:\/\/www.eldiario.net\/portal\/2023\/08\/07\/roger-montecinos-inicia-campana-cultural-contra-tiktok\/roger-3\/'><img loading=\"lazy\" decoding=\"async\" width=\"300\" height=\"204\" src=\"https:\/\/www.eldiario.net\/portal\/wp-content\/uploads\/2023\/08\/roger-3-300x204.jpeg\" class=\"attachment-medium size-medium\" alt=\"\" srcset=\"https:\/\/www.eldiario.net\/portal\/wp-content\/uploads\/2023\/08\/roger-3-300x204.jpeg 300w, https:\/\/www.eldiario.net\/portal\/wp-content\/uploads\/2023\/08\/roger-3-1024x697.jpeg 1024w, https:\/\/www.eldiario.net\/portal\/wp-content\/uploads\/2023\/08\/roger-3-768x523.jpeg 768w, https:\/\/www.eldiario.net\/portal\/wp-content\/uploads\/2023\/08\/roger-3-696x474.jpeg 696w, https:\/\/www.eldiario.net\/portal\/wp-content\/uploads\/2023\/08\/roger-3-1068x727.jpeg 1068w, https:\/\/www.eldiario.net\/portal\/wp-content\/uploads\/2023\/08\/roger-3.jpeg 1233w\" sizes=\"auto, (max-width: 300px) 100vw, 300px\" \/><\/a>\n\t\t\t<\/div><\/figure>\n\t\t<\/div>\n\n","protected":false},"excerpt":{"rendered":"<p>\u2018\u2018Si seguimos as\u00ed, la comunicaci\u00f3n interpersonal desaparecer\u00e1\u2019\u2019, es la preocupante conclusi\u00f3n a la que llega Roger Montecinos para arremeter contra la aplicaci\u00f3n TikTok y el comienzo del desastre cultural de esta sociedad. Roger Montecinos P\u00e9rez, el recordado periodista del programa de televisi\u00f3n 7 Pecados, responde sobre su controversial campa\u00f1a para eliminar TikTok y alertar sobre [&hellip;]<\/p>\n","protected":false},"author":1,"featured_media":169840,"comment_status":"closed","ping_status":"open","sticky":false,"template":"","format":"standard","meta":{"_acf_changed":false,"footnotes":""},"categories":[41],"tags":[],"class_list":["post-169839","post","type-post","status-publish","format-standard","has-post-thumbnail","category-la-guia"],"acf":{"antetitulo":""},"yoast_head":"<!-- This site is optimized with the Yoast SEO plugin v28.4 - https:\/\/yoast.com\/product\/yoast-seo-wordpress\/ -->\n<title>Roger Montecinos inicia campa\u00f1a cultural contra TikTok - El Diario - Bolivia<\/title>\n<meta name=\"robots\" content=\"index, follow, max-snippet:-1, max-image-preview:large, max-video-preview:-1\" \/>\n<link rel=\"canonical\" href=\"https:\/\/www.eldiario.net\/portal\/2023\/08\/07\/roger-montecinos-inicia-campana-cultural-contra-tiktok\/\" \/>\n<meta property=\"og:locale\" content=\"es_ES\" \/>\n<meta property=\"og:type\" content=\"article\" \/>\n<meta property=\"og:title\" content=\"Roger Montecinos inicia campa\u00f1a cultural contra TikTok - El Diario - Bolivia\" \/>\n<meta property=\"og:description\" content=\"\u2018\u2018Si seguimos as\u00ed, la comunicaci\u00f3n interpersonal desaparecer\u00e1\u2019\u2019, es la preocupante conclusi\u00f3n a la que llega Roger Montecinos para arremeter contra la aplicaci\u00f3n TikTok y el comienzo del desastre cultural de esta sociedad. Roger Montecinos P\u00e9rez, el recordado periodista del programa de televisi\u00f3n 7 Pecados, responde sobre su controversial campa\u00f1a para eliminar TikTok y alertar sobre [&hellip;]\" \/>\n<meta property=\"og:url\" content=\"https:\/\/www.eldiario.net\/portal\/2023\/08\/07\/roger-montecinos-inicia-campana-cultural-contra-tiktok\/\" \/>\n<meta property=\"og:site_name\" content=\"El Diario - Bolivia\" \/>\n<meta property=\"article:publisher\" content=\"https:\/\/www.facebook.com\/eldiario.bolivia\/\" \/>\n<meta property=\"article:published_time\" content=\"2023-08-07T10:22:24+00:00\" \/>\n<meta property=\"og:image\" content=\"https:\/\/www.eldiario.net\/portal\/wp-content\/uploads\/2023\/08\/roger-1-PRINCIPAL.jpeg\" \/>\n\t<meta property=\"og:image:width\" content=\"676\" \/>\n\t<meta property=\"og:image:height\" content=\"497\" \/>\n\t<meta property=\"og:image:type\" content=\"image\/jpeg\" \/>\n<meta name=\"author\" content=\"Jeanette\" \/>\n<meta name=\"twitter:card\" content=\"summary_large_image\" \/>\n<meta name=\"twitter:creator\" content=\"@eldiario_net\" \/>\n<meta name=\"twitter:site\" content=\"@eldiario_net\" \/>\n<meta name=\"twitter:label1\" content=\"Escrito por\" \/>\n\t<meta name=\"twitter:data1\" content=\"Jeanette\" \/>\n\t<meta name=\"twitter:label2\" content=\"Tiempo de lectura\" \/>\n\t<meta name=\"twitter:data2\" content=\"5 minutos\" \/>\n<script type=\"application\/ld+json\" class=\"yoast-schema-graph\">{\"@context\":\"https:\\\/\\\/schema.org\",\"@graph\":[{\"@type\":\"Article\",\"@id\":\"https:\\\/\\\/www.eldiario.net\\\/portal\\\/2023\\\/08\\\/07\\\/roger-montecinos-inicia-campana-cultural-contra-tiktok\\\/#article\",\"isPartOf\":{\"@id\":\"https:\\\/\\\/www.eldiario.net\\\/portal\\\/2023\\\/08\\\/07\\\/roger-montecinos-inicia-campana-cultural-contra-tiktok\\\/\"},\"author\":{\"name\":\"Jeanette\",\"@id\":\"https:\\\/\\\/www.eldiario.net\\\/portal\\\/#\\\/schema\\\/person\\\/2c57cf2b7a7ae032e449e4c9b1019eac\"},\"headline\":\"Roger Montecinos inicia campa\u00f1a cultural contra TikTok\",\"datePublished\":\"2023-08-07T10:22:24+00:00\",\"mainEntityOfPage\":{\"@id\":\"https:\\\/\\\/www.eldiario.net\\\/portal\\\/2023\\\/08\\\/07\\\/roger-montecinos-inicia-campana-cultural-contra-tiktok\\\/\"},\"wordCount\":1095,\"publisher\":{\"@id\":\"https:\\\/\\\/www.eldiario.net\\\/portal\\\/#organization\"},\"image\":{\"@id\":\"https:\\\/\\\/www.eldiario.net\\\/portal\\\/2023\\\/08\\\/07\\\/roger-montecinos-inicia-campana-cultural-contra-tiktok\\\/#primaryimage\"},\"thumbnailUrl\":\"https:\\\/\\\/www.eldiario.net\\\/portal\\\/wp-content\\\/uploads\\\/2023\\\/08\\\/roger-1-PRINCIPAL.jpeg\",\"articleSection\":[\"La Gu\u00eda\"],\"inLanguage\":\"es\"},{\"@type\":\"WebPage\",\"@id\":\"https:\\\/\\\/www.eldiario.net\\\/portal\\\/2023\\\/08\\\/07\\\/roger-montecinos-inicia-campana-cultural-contra-tiktok\\\/\",\"url\":\"https:\\\/\\\/www.eldiario.net\\\/portal\\\/2023\\\/08\\\/07\\\/roger-montecinos-inicia-campana-cultural-contra-tiktok\\\/\",\"name\":\"Roger Montecinos inicia campa\u00f1a cultural contra TikTok - El Diario - Bolivia\",\"isPartOf\":{\"@id\":\"https:\\\/\\\/www.eldiario.net\\\/portal\\\/#website\"},\"primaryImageOfPage\":{\"@id\":\"https:\\\/\\\/www.eldiario.net\\\/portal\\\/2023\\\/08\\\/07\\\/roger-montecinos-inicia-campana-cultural-contra-tiktok\\\/#primaryimage\"},\"image\":{\"@id\":\"https:\\\/\\\/www.eldiario.net\\\/portal\\\/2023\\\/08\\\/07\\\/roger-montecinos-inicia-campana-cultural-contra-tiktok\\\/#primaryimage\"},\"thumbnailUrl\":\"https:\\\/\\\/www.eldiario.net\\\/portal\\\/wp-content\\\/uploads\\\/2023\\\/08\\\/roger-1-PRINCIPAL.jpeg\",\"datePublished\":\"2023-08-07T10:22:24+00:00\",\"breadcrumb\":{\"@id\":\"https:\\\/\\\/www.eldiario.net\\\/portal\\\/2023\\\/08\\\/07\\\/roger-montecinos-inicia-campana-cultural-contra-tiktok\\\/#breadcrumb\"},\"inLanguage\":\"es\",\"potentialAction\":[{\"@type\":\"ReadAction\",\"target\":[\"https:\\\/\\\/www.eldiario.net\\\/portal\\\/2023\\\/08\\\/07\\\/roger-montecinos-inicia-campana-cultural-contra-tiktok\\\/\"]}]},{\"@type\":\"ImageObject\",\"inLanguage\":\"es\",\"@id\":\"https:\\\/\\\/www.eldiario.net\\\/portal\\\/2023\\\/08\\\/07\\\/roger-montecinos-inicia-campana-cultural-contra-tiktok\\\/#primaryimage\",\"url\":\"https:\\\/\\\/www.eldiario.net\\\/portal\\\/wp-content\\\/uploads\\\/2023\\\/08\\\/roger-1-PRINCIPAL.jpeg\",\"contentUrl\":\"https:\\\/\\\/www.eldiario.net\\\/portal\\\/wp-content\\\/uploads\\\/2023\\\/08\\\/roger-1-PRINCIPAL.jpeg\",\"width\":676,\"height\":497},{\"@type\":\"BreadcrumbList\",\"@id\":\"https:\\\/\\\/www.eldiario.net\\\/portal\\\/2023\\\/08\\\/07\\\/roger-montecinos-inicia-campana-cultural-contra-tiktok\\\/#breadcrumb\",\"itemListElement\":[{\"@type\":\"ListItem\",\"position\":1,\"name\":\"Portada\",\"item\":\"https:\\\/\\\/www.eldiario.net\\\/portal\\\/\"},{\"@type\":\"ListItem\",\"position\":2,\"name\":\"Roger Montecinos inicia campa\u00f1a cultural contra TikTok\"}]},{\"@type\":\"WebSite\",\"@id\":\"https:\\\/\\\/www.eldiario.net\\\/portal\\\/#website\",\"url\":\"https:\\\/\\\/www.eldiario.net\\\/portal\\\/\",\"name\":\"El Diario - Decano de la prensa nacional\",\"description\":\"El Diario - Decano de la prensa nacional\",\"publisher\":{\"@id\":\"https:\\\/\\\/www.eldiario.net\\\/portal\\\/#organization\"},\"potentialAction\":[{\"@type\":\"SearchAction\",\"target\":{\"@type\":\"EntryPoint\",\"urlTemplate\":\"https:\\\/\\\/www.eldiario.net\\\/portal\\\/?s={search_term_string}\"},\"query-input\":{\"@type\":\"PropertyValueSpecification\",\"valueRequired\":true,\"valueName\":\"search_term_string\"}}],\"inLanguage\":\"es\"},{\"@type\":\"Organization\",\"@id\":\"https:\\\/\\\/www.eldiario.net\\\/portal\\\/#organization\",\"name\":\"El Diario - Decano de la prensa nacional\",\"url\":\"https:\\\/\\\/www.eldiario.net\\\/portal\\\/\",\"logo\":{\"@type\":\"ImageObject\",\"inLanguage\":\"es\",\"@id\":\"https:\\\/\\\/www.eldiario.net\\\/portal\\\/#\\\/schema\\\/logo\\\/image\\\/\",\"url\":\"https:\\\/\\\/www.eldiario.net\\\/portal\\\/wp-content\\\/uploads\\\/2023\\\/07\\\/logo_ED.jpg\",\"contentUrl\":\"https:\\\/\\\/www.eldiario.net\\\/portal\\\/wp-content\\\/uploads\\\/2023\\\/07\\\/logo_ED.jpg\",\"width\":272,\"height\":52,\"caption\":\"El Diario - Decano de la prensa nacional\"},\"image\":{\"@id\":\"https:\\\/\\\/www.eldiario.net\\\/portal\\\/#\\\/schema\\\/logo\\\/image\\\/\"},\"sameAs\":[\"https:\\\/\\\/www.facebook.com\\\/eldiario.bolivia\\\/\",\"https:\\\/\\\/x.com\\\/eldiario_net\"]},{\"@type\":\"Person\",\"@id\":\"https:\\\/\\\/www.eldiario.net\\\/portal\\\/#\\\/schema\\\/person\\\/2c57cf2b7a7ae032e449e4c9b1019eac\",\"name\":\"Jeanette\",\"image\":{\"@type\":\"ImageObject\",\"inLanguage\":\"es\",\"@id\":\"https:\\\/\\\/secure.gravatar.com\\\/avatar\\\/3ea2118a5f7dad2b7138b1187a6b7ee55f160b9968b66013c3a3ef39dd7e5798?s=96&d=mm&r=g\",\"url\":\"https:\\\/\\\/secure.gravatar.com\\\/avatar\\\/3ea2118a5f7dad2b7138b1187a6b7ee55f160b9968b66013c3a3ef39dd7e5798?s=96&d=mm&r=g\",\"contentUrl\":\"https:\\\/\\\/secure.gravatar.com\\\/avatar\\\/3ea2118a5f7dad2b7138b1187a6b7ee55f160b9968b66013c3a3ef39dd7e5798?s=96&d=mm&r=g\",\"caption\":\"Jeanette\"},\"sameAs\":[\"https:\\\/\\\/www.eldiario.net\\\/portal\"],\"url\":\"https:\\\/\\\/www.eldiario.net\\\/portal\\\/author\\\/jeanette\\\/\"}]}<\/script>\n<!-- \/ Yoast SEO plugin. -->","yoast_head_json":{"title":"Roger Montecinos inicia campa\u00f1a cultural contra TikTok - El Diario - Bolivia","robots":{"index":"index","follow":"follow","max-snippet":"max-snippet:-1","max-image-preview":"max-image-preview:large","max-video-preview":"max-video-preview:-1"},"canonical":"https:\/\/www.eldiario.net\/portal\/2023\/08\/07\/roger-montecinos-inicia-campana-cultural-contra-tiktok\/","og_locale":"es_ES","og_type":"article","og_title":"Roger Montecinos inicia campa\u00f1a cultural contra TikTok - El Diario - Bolivia","og_description":"\u2018\u2018Si seguimos as\u00ed, la comunicaci\u00f3n interpersonal desaparecer\u00e1\u2019\u2019, es la preocupante conclusi\u00f3n a la que llega Roger Montecinos para arremeter contra la aplicaci\u00f3n TikTok y el comienzo del desastre cultural de esta sociedad. Roger Montecinos P\u00e9rez, el recordado periodista del programa de televisi\u00f3n 7 Pecados, responde sobre su controversial campa\u00f1a para eliminar TikTok y alertar sobre [&hellip;]","og_url":"https:\/\/www.eldiario.net\/portal\/2023\/08\/07\/roger-montecinos-inicia-campana-cultural-contra-tiktok\/","og_site_name":"El Diario - Bolivia","article_publisher":"https:\/\/www.facebook.com\/eldiario.bolivia\/","article_published_time":"2023-08-07T10:22:24+00:00","og_image":[{"width":676,"height":497,"url":"https:\/\/www.eldiario.net\/portal\/wp-content\/uploads\/2023\/08\/roger-1-PRINCIPAL.jpeg","type":"image\/jpeg"}],"author":"Jeanette","twitter_card":"summary_large_image","twitter_creator":"@eldiario_net","twitter_site":"@eldiario_net","twitter_misc":{"Escrito por":"Jeanette","Tiempo de lectura":"5 minutos"},"schema":{"@context":"https:\/\/schema.org","@graph":[{"@type":"Article","@id":"https:\/\/www.eldiario.net\/portal\/2023\/08\/07\/roger-montecinos-inicia-campana-cultural-contra-tiktok\/#article","isPartOf":{"@id":"https:\/\/www.eldiario.net\/portal\/2023\/08\/07\/roger-montecinos-inicia-campana-cultural-contra-tiktok\/"},"author":{"name":"Jeanette","@id":"https:\/\/www.eldiario.net\/portal\/#\/schema\/person\/2c57cf2b7a7ae032e449e4c9b1019eac"},"headline":"Roger Montecinos inicia campa\u00f1a cultural contra TikTok","datePublished":"2023-08-07T10:22:24+00:00","mainEntityOfPage":{"@id":"https:\/\/www.eldiario.net\/portal\/2023\/08\/07\/roger-montecinos-inicia-campana-cultural-contra-tiktok\/"},"wordCount":1095,"publisher":{"@id":"https:\/\/www.eldiario.net\/portal\/#organization"},"image":{"@id":"https:\/\/www.eldiario.net\/portal\/2023\/08\/07\/roger-montecinos-inicia-campana-cultural-contra-tiktok\/#primaryimage"},"thumbnailUrl":"https:\/\/www.eldiario.net\/portal\/wp-content\/uploads\/2023\/08\/roger-1-PRINCIPAL.jpeg","articleSection":["La Gu\u00eda"],"inLanguage":"es"},{"@type":"WebPage","@id":"https:\/\/www.eldiario.net\/portal\/2023\/08\/07\/roger-montecinos-inicia-campana-cultural-contra-tiktok\/","url":"https:\/\/www.eldiario.net\/portal\/2023\/08\/07\/roger-montecinos-inicia-campana-cultural-contra-tiktok\/","name":"Roger Montecinos inicia campa\u00f1a cultural contra TikTok - El Diario - Bolivia","isPartOf":{"@id":"https:\/\/www.eldiario.net\/portal\/#website"},"primaryImageOfPage":{"@id":"https:\/\/www.eldiario.net\/portal\/2023\/08\/07\/roger-montecinos-inicia-campana-cultural-contra-tiktok\/#primaryimage"},"image":{"@id":"https:\/\/www.eldiario.net\/portal\/2023\/08\/07\/roger-montecinos-inicia-campana-cultural-contra-tiktok\/#primaryimage"},"thumbnailUrl":"https:\/\/www.eldiario.net\/portal\/wp-content\/uploads\/2023\/08\/roger-1-PRINCIPAL.jpeg","datePublished":"2023-08-07T10:22:24+00:00","breadcrumb":{"@id":"https:\/\/www.eldiario.net\/portal\/2023\/08\/07\/roger-montecinos-inicia-campana-cultural-contra-tiktok\/#breadcrumb"},"inLanguage":"es","potentialAction":[{"@type":"ReadAction","target":["https:\/\/www.eldiario.net\/portal\/2023\/08\/07\/roger-montecinos-inicia-campana-cultural-contra-tiktok\/"]}]},{"@type":"ImageObject","inLanguage":"es","@id":"https:\/\/www.eldiario.net\/portal\/2023\/08\/07\/roger-montecinos-inicia-campana-cultural-contra-tiktok\/#primaryimage","url":"https:\/\/www.eldiario.net\/portal\/wp-content\/uploads\/2023\/08\/roger-1-PRINCIPAL.jpeg","contentUrl":"https:\/\/www.eldiario.net\/portal\/wp-content\/uploads\/2023\/08\/roger-1-PRINCIPAL.jpeg","width":676,"height":497},{"@type":"BreadcrumbList","@id":"https:\/\/www.eldiario.net\/portal\/2023\/08\/07\/roger-montecinos-inicia-campana-cultural-contra-tiktok\/#breadcrumb","itemListElement":[{"@type":"ListItem","position":1,"name":"Portada","item":"https:\/\/www.eldiario.net\/portal\/"},{"@type":"ListItem","position":2,"name":"Roger Montecinos inicia campa\u00f1a cultural contra TikTok"}]},{"@type":"WebSite","@id":"https:\/\/www.eldiario.net\/portal\/#website","url":"https:\/\/www.eldiario.net\/portal\/","name":"El Diario - Decano de la prensa nacional","description":"El Diario - Decano de la prensa nacional","publisher":{"@id":"https:\/\/www.eldiario.net\/portal\/#organization"},"potentialAction":[{"@type":"SearchAction","target":{"@type":"EntryPoint","urlTemplate":"https:\/\/www.eldiario.net\/portal\/?s={search_term_string}"},"query-input":{"@type":"PropertyValueSpecification","valueRequired":true,"valueName":"search_term_string"}}],"inLanguage":"es"},{"@type":"Organization","@id":"https:\/\/www.eldiario.net\/portal\/#organization","name":"El Diario - Decano de la prensa nacional","url":"https:\/\/www.eldiario.net\/portal\/","logo":{"@type":"ImageObject","inLanguage":"es","@id":"https:\/\/www.eldiario.net\/portal\/#\/schema\/logo\/image\/","url":"https:\/\/www.eldiario.net\/portal\/wp-content\/uploads\/2023\/07\/logo_ED.jpg","contentUrl":"https:\/\/www.eldiario.net\/portal\/wp-content\/uploads\/2023\/07\/logo_ED.jpg","width":272,"height":52,"caption":"El Diario - Decano de la prensa nacional"},"image":{"@id":"https:\/\/www.eldiario.net\/portal\/#\/schema\/logo\/image\/"},"sameAs":["https:\/\/www.facebook.com\/eldiario.bolivia\/","https:\/\/x.com\/eldiario_net"]},{"@type":"Person","@id":"https:\/\/www.eldiario.net\/portal\/#\/schema\/person\/2c57cf2b7a7ae032e449e4c9b1019eac","name":"Jeanette","image":{"@type":"ImageObject","inLanguage":"es","@id":"https:\/\/secure.gravatar.com\/avatar\/3ea2118a5f7dad2b7138b1187a6b7ee55f160b9968b66013c3a3ef39dd7e5798?s=96&d=mm&r=g","url":"https:\/\/secure.gravatar.com\/avatar\/3ea2118a5f7dad2b7138b1187a6b7ee55f160b9968b66013c3a3ef39dd7e5798?s=96&d=mm&r=g","contentUrl":"https:\/\/secure.gravatar.com\/avatar\/3ea2118a5f7dad2b7138b1187a6b7ee55f160b9968b66013c3a3ef39dd7e5798?s=96&d=mm&r=g","caption":"Jeanette"},"sameAs":["https:\/\/www.eldiario.net\/portal"],"url":"https:\/\/www.eldiario.net\/portal\/author\/jeanette\/"}]}},"_links":{"self":[{"href":"https:\/\/www.eldiario.net\/portal\/wp-json\/wp\/v2\/posts\/169839","targetHints":{"allow":["GET"]}}],"collection":[{"href":"https:\/\/www.eldiario.net\/portal\/wp-json\/wp\/v2\/posts"}],"about":[{"href":"https:\/\/www.eldiario.net\/portal\/wp-json\/wp\/v2\/types\/post"}],"author":[{"embeddable":true,"href":"https:\/\/www.eldiario.net\/portal\/wp-json\/wp\/v2\/users\/1"}],"replies":[{"embeddable":true,"href":"https:\/\/www.eldiario.net\/portal\/wp-json\/wp\/v2\/comments?post=169839"}],"version-history":[{"count":0,"href":"https:\/\/www.eldiario.net\/portal\/wp-json\/wp\/v2\/posts\/169839\/revisions"}],"wp:featuredmedia":[{"embeddable":true,"href":"https:\/\/www.eldiario.net\/portal\/wp-json\/wp\/v2\/media\/169840"}],"wp:attachment":[{"href":"https:\/\/www.eldiario.net\/portal\/wp-json\/wp\/v2\/media?parent=169839"}],"wp:term":[{"taxonomy":"category","embeddable":true,"href":"https:\/\/www.eldiario.net\/portal\/wp-json\/wp\/v2\/categories?post=169839"},{"taxonomy":"post_tag","embeddable":true,"href":"https:\/\/www.eldiario.net\/portal\/wp-json\/wp\/v2\/tags?post=169839"}],"curies":[{"name":"wp","href":"https:\/\/api.w.org\/{rel}","templated":true}]}}