{"id":169478,"date":"2023-08-05T06:22:47","date_gmt":"2023-08-05T10:22:47","guid":{"rendered":"https:\/\/www.eldiario.net\/portal\/?p=169478"},"modified":"2023-08-05T06:22:47","modified_gmt":"2023-08-05T10:22:47","slug":"alfombra-roja-vip-presenta-historias-de-exito-e-inspiradoras","status":"publish","type":"post","link":"https:\/\/www.eldiario.net\/portal\/2023\/08\/05\/alfombra-roja-vip-presenta-historias-de-exito-e-inspiradoras\/","title":{"rendered":"Alfombra Roja Vip presenta  historias de \u00e9xito e inspiradoras"},"content":{"rendered":"<p>Alfombra Roja Vip promete presentar siempre historias de \u00e9xito, llenas de valor e inspiraci\u00f3n. El programa de emprendimientos se emite de lunes a viernes, de 11:00 a 12:00 horas, por las pantallas de TVU Canal 13 Televisi\u00f3n Universitaria.<\/p>\n<p>\u201cAlfombra Roja Vip nace el 10 de octubre de 2019 con la finalidad de dar cobertura a distintos emprendimientos, en una primera instancia preocupados por la econom\u00eda y, posteriormente, por la pandemia, ante la necesidad de dar cobertura a emprendimientos hechos en casa y, por ende, a todo lo hecho en Bolivia. Apoyamos desde restaurantes, tiendas online, delyveris, artesan\u00eda, boutiques, pollererias y toda la mano artesana. Adem\u00e1s de realizar la cobertura desde el negocio de la persona, para mostrar el lugar y todo lo que ellos no pueden llevar a la entrevista\u201d, cuenta Karla Vega, co-conductora de la propuesta televisiva.<\/p>\n<p><strong>LG: \u00bfPor qu\u00e9 el nombre del programa?<\/strong><\/p>\n<p>K: Bautizamos al programa con ese nombre porque queremos dar importancia y relevancia a todos nuestros invitados, d\u00e1ndoles acceso como invitados especiales y celebridades.<\/p>\n<p><strong>LG: \u00bfCu\u00e1l es el formato de Alfombra Roja Vip?<\/strong><\/p>\n<p>K: Es una revista empresarial, en la cual se da espacio a distintos emprendimientos, empresas de toda \u00edndole, con el fin de dar una excelente opci\u00f3n de consumo a nuestros televidentes y seguidores, promoviendo siempre la producci\u00f3n nacional y todo lo hecho en Bolivia.<\/p>\n<p><strong>LG: \u00bfQu\u00e9 sectores tiene el espacio televisivo?<\/strong><\/p>\n<p>K: Estamos enfocados con prioridad en las entrevistas empresariales, pero adem\u00e1s tenemos los sectores cultural y art\u00edstico, de cocina, m\u00fasica, legal, moda y belleza, educativo, entre otros.<\/p>\n<p><strong>LG: \u00bfQu\u00e9 evaluaci\u00f3n hacen de este tiempo en pantallas?<\/strong><\/p>\n<p>K: A dos meses de cumplir 4 a\u00f1os al aire, nos sentimos muy complacidos, fue muy dif\u00edcil el camino, pero logramos muchos objetivos, principalmente de crecimiento, expansi\u00f3n y estabilidad. Agradecemos a las casas televisivas que nos recibieron con mucho afecto y apoyaron este lindo proyecto, y a todas las personas que confiaron en nosotros.<\/p>\n<p><strong>LG: \u00bfCu\u00e1l es el \u201cfuerte\u201d del programa?<\/strong><\/p>\n<p>K: La mayor fortaleza del programa es la capacidad para brindar visibilidad y publicidad a emprendimientos, a peque\u00f1as y medianas empresas. Proporcionarles un espacio en el programa, es especialmente beneficioso para aquellos negocios que no tienen los recursos financieros para invertir en publicidad tradicional o que est\u00e1n comenzando y necesitan darse a conocer en el mercado.<\/p>\n<p>Tambi\u00e9n hacer sentir al invitado como si estuviera en casa, con mucha confianza. Hay personas que temen a las c\u00e1maras y nosotros les damos todo el cari\u00f1o y amabilidad que merecen.<\/p>\n<p>Otra fortaleza es que nosotros no dejamos de trabajar al terminar el programa, durante la tarde nos dirigimos a los negocios para realizar la nota y ellos puedan mostrar m\u00e1s variedad que tienen en la tienda o local. No tenemos l\u00edmites en visitar a los emprendedores; ya nos fuimos hasta<br \/>\nViacha, Coroico, Achocalla, Laja, Guaqui y muchos lugares m\u00e1s. Nuestra prioridad es visitar a nuestros emprendedores y conocer m\u00e1s en detalle su rubro.<\/p>\n<p><strong>LG: \u00bfQu\u00e9 le falta?<\/strong><\/p>\n<p>K: El principal problema es m\u00e1s de forma que de fondo, es decir, necesitamos ampliar el tiempo del programa. Se nos hace muy corta una hora ante la cantidad de invitados y empresas que quieren formar parte del mismo. Cada semana tenemos aproximadamente 30 invitados y esperamos muy pronto alargar el tiempo.<\/p>\n<p><strong>LG: \u00bfSaben c\u00f3mo est\u00e1 llegando el programa a los televidentes?, \u00bftienen alguna referencia?<\/strong><\/p>\n<p>K: Monitoreamos las redes sociales, como Facebook, Tik Tok, para ver la cantidad de seguidores, comentarios, compartidos y menciones relacionadas con el programa, como tambi\u00e9n hacemos una evaluaci\u00f3n de impacto con los emprendimientos y empresas presentados en el programa para conocer c\u00f3mo han sido afectados por su participaci\u00f3n en Alfombra Roja VIP. Evaluamos el alcance y la efectividad del programa en t\u00e9rminos de promoci\u00f3n y visibilidad para los negocios.<\/p>\n<p>Adem\u00e1s, que siempre nos llegan felicitaciones por WhatsApp, Inbox de Facebook y comentarios que nos hacen en la p\u00e1gina. Simplemente agradecemos a todas las personas que nos brindan ese afecto y apoyo que nos motiva a seguir adelante.<\/p>\n<p><strong>LG: \u00bfQu\u00e9 se ha propuesto Alfombra Roja VIP?, <\/strong><strong>\u00bfqu\u00e9 se viene ahora con el programa?<\/strong><\/p>\n<p>K: Como primicia, se vienen los <em>Galardones Alfombra Roja Vip<\/em>. Muchos invitados nunca tuvieron el reconocimiento a su esfuerzo, a su proyecto, a su empresa. Nos toca reconocerlos y darles el impulso para seguir adelante.<\/p>\n<p><strong>LG: \u00bfQu\u00e9 le prometen a la teleaudiencia?<\/strong><\/p>\n<p>K: A los televidentes de Alfombra Roja VIP les aseguramos que el programa les brindar\u00e1 valor, inspiraci\u00f3n al presentar historias de \u00e9xito, informaci\u00f3n valiosa y oportunidades para crecer en el mundo empresarial y mucho entretenimiento, pues nos esforzamos por ofrecer un programa entretenido y din\u00e1mico que mantenga el inter\u00e9s de nuestra audiencia. Prometemos presentar contenido interesante, entrevistas inspiradoras y segmentos divertidos que hagan que nuestra teleaudiencia disfrute de cada episodio.<\/p>\n<p><strong>LG: \u00bfQui\u00e9nes son parte del equipo que hace el programa?<\/strong><\/p>\n<p>K: Los conductores somos Karla Vega, Jhannet Maquera, Javier M\u00fbller, la jefa de piso Wendy Jessica y los coordinadores Jonathan Flores y G\u00e9nesis Tintaya.<\/p>\n<p>Cabe se\u00f1alar que todos, adem\u00e1s de haber estudiado la carrera de comunicaci\u00f3n, somos gente que ya trabaj\u00f3 en distintos medios, tanto radiales como televisivos.<\/p>\n<p><strong>LG: \u00bfDeseas agregar algo?<\/strong><\/p>\n<p>W: Agradecer a todos nuestros invitados, distintas empresas que visitan nuestro programa, a nuestros televidentes y seguidores por apoyarnos y darnos las fuerzas de seguir adelante. Muchos negocios comenzaron con tiendas online o delivery y a medida que pas\u00f3 el tiempo nos enorgullece saber que ya tienen un lugar f\u00edsico o algunos de ellos ya cuentan con varias sucursales. Es m\u00e1s, a los emprendimientos que a\u00fan no nos visitaron, las puertas est\u00e1n totalmente abiertas para que sean parte de esta linda familia.<\/p>\n<p>Invitamos a que nos sigan de lunes a viernes, de 11:00 a 12:00 del mediod\u00eda, por la se\u00f1al de TVU Canal 13 Televisi\u00f3n Universitaria.<\/p>\n<div id='gallery-1' class='gallery galleryid-169478 gallery-columns-3 gallery-size-medium'><figure class='gallery-item'>\n\t\t\t<div class='gallery-icon landscape'>\n\t\t\t\t<a href='https:\/\/www.eldiario.net\/portal\/2023\/08\/05\/alfombra-roja-vip-presenta-historias-de-exito-e-inspiradoras\/alfombra-1principal\/'><img loading=\"lazy\" decoding=\"async\" width=\"300\" height=\"186\" src=\"https:\/\/www.eldiario.net\/portal\/wp-content\/uploads\/2023\/08\/alfombra-1PRINCIPAL-300x186.jpeg\" class=\"attachment-medium size-medium\" alt=\"\" srcset=\"https:\/\/www.eldiario.net\/portal\/wp-content\/uploads\/2023\/08\/alfombra-1PRINCIPAL-300x186.jpeg 300w, https:\/\/www.eldiario.net\/portal\/wp-content\/uploads\/2023\/08\/alfombra-1PRINCIPAL-768x476.jpeg 768w, https:\/\/www.eldiario.net\/portal\/wp-content\/uploads\/2023\/08\/alfombra-1PRINCIPAL-696x431.jpeg 696w, https:\/\/www.eldiario.net\/portal\/wp-content\/uploads\/2023\/08\/alfombra-1PRINCIPAL.jpeg 960w\" sizes=\"auto, (max-width: 300px) 100vw, 300px\" \/><\/a>\n\t\t\t<\/div><\/figure><figure class='gallery-item'>\n\t\t\t<div class='gallery-icon landscape'>\n\t\t\t\t<a href='https:\/\/www.eldiario.net\/portal\/2023\/08\/05\/alfombra-roja-vip-presenta-historias-de-exito-e-inspiradoras\/alfombra-2\/'><img loading=\"lazy\" decoding=\"async\" width=\"300\" height=\"240\" src=\"https:\/\/www.eldiario.net\/portal\/wp-content\/uploads\/2023\/08\/alfombra-2-300x240.jpeg\" class=\"attachment-medium size-medium\" alt=\"\" srcset=\"https:\/\/www.eldiario.net\/portal\/wp-content\/uploads\/2023\/08\/alfombra-2-300x240.jpeg 300w, https:\/\/www.eldiario.net\/portal\/wp-content\/uploads\/2023\/08\/alfombra-2.jpeg 666w\" sizes=\"auto, (max-width: 300px) 100vw, 300px\" \/><\/a>\n\t\t\t<\/div><\/figure><figure class='gallery-item'>\n\t\t\t<div class='gallery-icon landscape'>\n\t\t\t\t<a href='https:\/\/www.eldiario.net\/portal\/2023\/08\/05\/alfombra-roja-vip-presenta-historias-de-exito-e-inspiradoras\/alfombra-3\/'><img loading=\"lazy\" decoding=\"async\" width=\"300\" height=\"255\" src=\"https:\/\/www.eldiario.net\/portal\/wp-content\/uploads\/2023\/08\/alfombra-3-300x255.jpeg\" class=\"attachment-medium size-medium\" alt=\"\" srcset=\"https:\/\/www.eldiario.net\/portal\/wp-content\/uploads\/2023\/08\/alfombra-3-300x255.jpeg 300w, https:\/\/www.eldiario.net\/portal\/wp-content\/uploads\/2023\/08\/alfombra-3.jpeg 436w\" sizes=\"auto, (max-width: 300px) 100vw, 300px\" \/><\/a>\n\t\t\t<\/div><\/figure><figure class='gallery-item'>\n\t\t\t<div class='gallery-icon landscape'>\n\t\t\t\t<a href='https:\/\/www.eldiario.net\/portal\/2023\/08\/05\/alfombra-roja-vip-presenta-historias-de-exito-e-inspiradoras\/alfombra-4\/'><img loading=\"lazy\" decoding=\"async\" width=\"300\" height=\"240\" src=\"https:\/\/www.eldiario.net\/portal\/wp-content\/uploads\/2023\/08\/alfombra-4-300x240.jpeg\" class=\"attachment-medium size-medium\" alt=\"\" srcset=\"https:\/\/www.eldiario.net\/portal\/wp-content\/uploads\/2023\/08\/alfombra-4-300x240.jpeg 300w, https:\/\/www.eldiario.net\/portal\/wp-content\/uploads\/2023\/08\/alfombra-4.jpeg 483w\" sizes=\"auto, (max-width: 300px) 100vw, 300px\" \/><\/a>\n\t\t\t<\/div><\/figure><figure class='gallery-item'>\n\t\t\t<div class='gallery-icon landscape'>\n\t\t\t\t<a href='https:\/\/www.eldiario.net\/portal\/2023\/08\/05\/alfombra-roja-vip-presenta-historias-de-exito-e-inspiradoras\/alfombra-5\/'><img loading=\"lazy\" decoding=\"async\" width=\"300\" height=\"277\" src=\"https:\/\/www.eldiario.net\/portal\/wp-content\/uploads\/2023\/08\/alfombra-5-300x277.jpeg\" class=\"attachment-medium size-medium\" alt=\"\" srcset=\"https:\/\/www.eldiario.net\/portal\/wp-content\/uploads\/2023\/08\/alfombra-5-300x277.jpeg 300w, https:\/\/www.eldiario.net\/portal\/wp-content\/uploads\/2023\/08\/alfombra-5.jpeg 533w\" sizes=\"auto, (max-width: 300px) 100vw, 300px\" \/><\/a>\n\t\t\t<\/div><\/figure>\n\t\t<\/div>\n\n","protected":false},"excerpt":{"rendered":"<p>Alfombra Roja Vip promete presentar siempre historias de \u00e9xito, llenas de valor e inspiraci\u00f3n. El programa de emprendimientos se emite de lunes a viernes, de 11:00 a 12:00 horas, por las pantallas de TVU Canal 13 Televisi\u00f3n Universitaria. \u201cAlfombra Roja Vip nace el 10 de octubre de 2019 con la finalidad de dar cobertura a [&hellip;]<\/p>\n","protected":false},"author":1,"featured_media":169479,"comment_status":"closed","ping_status":"open","sticky":false,"template":"","format":"standard","meta":{"_acf_changed":false,"footnotes":""},"categories":[41],"tags":[],"class_list":["post-169478","post","type-post","status-publish","format-standard","has-post-thumbnail","category-la-guia"],"acf":{"antetitulo":""},"yoast_head":"<!-- This site is optimized with the Yoast SEO plugin v28.4 - https:\/\/yoast.com\/product\/yoast-seo-wordpress\/ -->\n<title>Alfombra Roja Vip presenta historias de \u00e9xito e inspiradoras - El Diario - Bolivia<\/title>\n<meta name=\"robots\" content=\"index, follow, max-snippet:-1, max-image-preview:large, max-video-preview:-1\" \/>\n<link rel=\"canonical\" href=\"https:\/\/www.eldiario.net\/portal\/2023\/08\/05\/alfombra-roja-vip-presenta-historias-de-exito-e-inspiradoras\/\" \/>\n<meta property=\"og:locale\" content=\"es_ES\" \/>\n<meta property=\"og:type\" content=\"article\" \/>\n<meta property=\"og:title\" content=\"Alfombra Roja Vip presenta historias de \u00e9xito e inspiradoras - El Diario - Bolivia\" \/>\n<meta property=\"og:description\" content=\"Alfombra Roja Vip promete presentar siempre historias de \u00e9xito, llenas de valor e inspiraci\u00f3n. El programa de emprendimientos se emite de lunes a viernes, de 11:00 a 12:00 horas, por las pantallas de TVU Canal 13 Televisi\u00f3n Universitaria. \u201cAlfombra Roja Vip nace el 10 de octubre de 2019 con la finalidad de dar cobertura a [&hellip;]\" \/>\n<meta property=\"og:url\" content=\"https:\/\/www.eldiario.net\/portal\/2023\/08\/05\/alfombra-roja-vip-presenta-historias-de-exito-e-inspiradoras\/\" \/>\n<meta property=\"og:site_name\" content=\"El Diario - Bolivia\" \/>\n<meta property=\"article:publisher\" content=\"https:\/\/www.facebook.com\/eldiario.bolivia\/\" \/>\n<meta property=\"article:published_time\" content=\"2023-08-05T10:22:47+00:00\" \/>\n<meta property=\"og:image\" content=\"https:\/\/www.eldiario.net\/portal\/wp-content\/uploads\/2023\/08\/alfombra-1PRINCIPAL.jpeg\" \/>\n\t<meta property=\"og:image:width\" content=\"960\" \/>\n\t<meta property=\"og:image:height\" content=\"595\" \/>\n\t<meta property=\"og:image:type\" content=\"image\/jpeg\" \/>\n<meta name=\"author\" content=\"Jeanette\" \/>\n<meta name=\"twitter:card\" content=\"summary_large_image\" \/>\n<meta name=\"twitter:creator\" content=\"@eldiario_net\" \/>\n<meta name=\"twitter:site\" content=\"@eldiario_net\" \/>\n<meta name=\"twitter:label1\" content=\"Escrito por\" \/>\n\t<meta name=\"twitter:data1\" content=\"Jeanette\" \/>\n\t<meta name=\"twitter:label2\" content=\"Tiempo de lectura\" \/>\n\t<meta name=\"twitter:data2\" content=\"5 minutos\" \/>\n<script type=\"application\/ld+json\" class=\"yoast-schema-graph\">{\"@context\":\"https:\\\/\\\/schema.org\",\"@graph\":[{\"@type\":\"Article\",\"@id\":\"https:\\\/\\\/www.eldiario.net\\\/portal\\\/2023\\\/08\\\/05\\\/alfombra-roja-vip-presenta-historias-de-exito-e-inspiradoras\\\/#article\",\"isPartOf\":{\"@id\":\"https:\\\/\\\/www.eldiario.net\\\/portal\\\/2023\\\/08\\\/05\\\/alfombra-roja-vip-presenta-historias-de-exito-e-inspiradoras\\\/\"},\"author\":{\"name\":\"Jeanette\",\"@id\":\"https:\\\/\\\/www.eldiario.net\\\/portal\\\/#\\\/schema\\\/person\\\/2c57cf2b7a7ae032e449e4c9b1019eac\"},\"headline\":\"Alfombra Roja Vip presenta historias de \u00e9xito e inspiradoras\",\"datePublished\":\"2023-08-05T10:22:47+00:00\",\"mainEntityOfPage\":{\"@id\":\"https:\\\/\\\/www.eldiario.net\\\/portal\\\/2023\\\/08\\\/05\\\/alfombra-roja-vip-presenta-historias-de-exito-e-inspiradoras\\\/\"},\"wordCount\":1013,\"publisher\":{\"@id\":\"https:\\\/\\\/www.eldiario.net\\\/portal\\\/#organization\"},\"image\":{\"@id\":\"https:\\\/\\\/www.eldiario.net\\\/portal\\\/2023\\\/08\\\/05\\\/alfombra-roja-vip-presenta-historias-de-exito-e-inspiradoras\\\/#primaryimage\"},\"thumbnailUrl\":\"https:\\\/\\\/www.eldiario.net\\\/portal\\\/wp-content\\\/uploads\\\/2023\\\/08\\\/alfombra-1PRINCIPAL.jpeg\",\"articleSection\":[\"La Gu\u00eda\"],\"inLanguage\":\"es\"},{\"@type\":\"WebPage\",\"@id\":\"https:\\\/\\\/www.eldiario.net\\\/portal\\\/2023\\\/08\\\/05\\\/alfombra-roja-vip-presenta-historias-de-exito-e-inspiradoras\\\/\",\"url\":\"https:\\\/\\\/www.eldiario.net\\\/portal\\\/2023\\\/08\\\/05\\\/alfombra-roja-vip-presenta-historias-de-exito-e-inspiradoras\\\/\",\"name\":\"Alfombra Roja Vip presenta historias de \u00e9xito e inspiradoras - El Diario - Bolivia\",\"isPartOf\":{\"@id\":\"https:\\\/\\\/www.eldiario.net\\\/portal\\\/#website\"},\"primaryImageOfPage\":{\"@id\":\"https:\\\/\\\/www.eldiario.net\\\/portal\\\/2023\\\/08\\\/05\\\/alfombra-roja-vip-presenta-historias-de-exito-e-inspiradoras\\\/#primaryimage\"},\"image\":{\"@id\":\"https:\\\/\\\/www.eldiario.net\\\/portal\\\/2023\\\/08\\\/05\\\/alfombra-roja-vip-presenta-historias-de-exito-e-inspiradoras\\\/#primaryimage\"},\"thumbnailUrl\":\"https:\\\/\\\/www.eldiario.net\\\/portal\\\/wp-content\\\/uploads\\\/2023\\\/08\\\/alfombra-1PRINCIPAL.jpeg\",\"datePublished\":\"2023-08-05T10:22:47+00:00\",\"breadcrumb\":{\"@id\":\"https:\\\/\\\/www.eldiario.net\\\/portal\\\/2023\\\/08\\\/05\\\/alfombra-roja-vip-presenta-historias-de-exito-e-inspiradoras\\\/#breadcrumb\"},\"inLanguage\":\"es\",\"potentialAction\":[{\"@type\":\"ReadAction\",\"target\":[\"https:\\\/\\\/www.eldiario.net\\\/portal\\\/2023\\\/08\\\/05\\\/alfombra-roja-vip-presenta-historias-de-exito-e-inspiradoras\\\/\"]}]},{\"@type\":\"ImageObject\",\"inLanguage\":\"es\",\"@id\":\"https:\\\/\\\/www.eldiario.net\\\/portal\\\/2023\\\/08\\\/05\\\/alfombra-roja-vip-presenta-historias-de-exito-e-inspiradoras\\\/#primaryimage\",\"url\":\"https:\\\/\\\/www.eldiario.net\\\/portal\\\/wp-content\\\/uploads\\\/2023\\\/08\\\/alfombra-1PRINCIPAL.jpeg\",\"contentUrl\":\"https:\\\/\\\/www.eldiario.net\\\/portal\\\/wp-content\\\/uploads\\\/2023\\\/08\\\/alfombra-1PRINCIPAL.jpeg\",\"width\":960,\"height\":595},{\"@type\":\"BreadcrumbList\",\"@id\":\"https:\\\/\\\/www.eldiario.net\\\/portal\\\/2023\\\/08\\\/05\\\/alfombra-roja-vip-presenta-historias-de-exito-e-inspiradoras\\\/#breadcrumb\",\"itemListElement\":[{\"@type\":\"ListItem\",\"position\":1,\"name\":\"Portada\",\"item\":\"https:\\\/\\\/www.eldiario.net\\\/portal\\\/\"},{\"@type\":\"ListItem\",\"position\":2,\"name\":\"Alfombra Roja Vip presenta historias de \u00e9xito e inspiradoras\"}]},{\"@type\":\"WebSite\",\"@id\":\"https:\\\/\\\/www.eldiario.net\\\/portal\\\/#website\",\"url\":\"https:\\\/\\\/www.eldiario.net\\\/portal\\\/\",\"name\":\"El Diario - Decano de la prensa nacional\",\"description\":\"El Diario - Decano de la prensa nacional\",\"publisher\":{\"@id\":\"https:\\\/\\\/www.eldiario.net\\\/portal\\\/#organization\"},\"potentialAction\":[{\"@type\":\"SearchAction\",\"target\":{\"@type\":\"EntryPoint\",\"urlTemplate\":\"https:\\\/\\\/www.eldiario.net\\\/portal\\\/?s={search_term_string}\"},\"query-input\":{\"@type\":\"PropertyValueSpecification\",\"valueRequired\":true,\"valueName\":\"search_term_string\"}}],\"inLanguage\":\"es\"},{\"@type\":\"Organization\",\"@id\":\"https:\\\/\\\/www.eldiario.net\\\/portal\\\/#organization\",\"name\":\"El Diario - Decano de la prensa nacional\",\"url\":\"https:\\\/\\\/www.eldiario.net\\\/portal\\\/\",\"logo\":{\"@type\":\"ImageObject\",\"inLanguage\":\"es\",\"@id\":\"https:\\\/\\\/www.eldiario.net\\\/portal\\\/#\\\/schema\\\/logo\\\/image\\\/\",\"url\":\"https:\\\/\\\/www.eldiario.net\\\/portal\\\/wp-content\\\/uploads\\\/2023\\\/07\\\/logo_ED.jpg\",\"contentUrl\":\"https:\\\/\\\/www.eldiario.net\\\/portal\\\/wp-content\\\/uploads\\\/2023\\\/07\\\/logo_ED.jpg\",\"width\":272,\"height\":52,\"caption\":\"El Diario - Decano de la prensa nacional\"},\"image\":{\"@id\":\"https:\\\/\\\/www.eldiario.net\\\/portal\\\/#\\\/schema\\\/logo\\\/image\\\/\"},\"sameAs\":[\"https:\\\/\\\/www.facebook.com\\\/eldiario.bolivia\\\/\",\"https:\\\/\\\/x.com\\\/eldiario_net\"]},{\"@type\":\"Person\",\"@id\":\"https:\\\/\\\/www.eldiario.net\\\/portal\\\/#\\\/schema\\\/person\\\/2c57cf2b7a7ae032e449e4c9b1019eac\",\"name\":\"Jeanette\",\"image\":{\"@type\":\"ImageObject\",\"inLanguage\":\"es\",\"@id\":\"https:\\\/\\\/secure.gravatar.com\\\/avatar\\\/3ea2118a5f7dad2b7138b1187a6b7ee55f160b9968b66013c3a3ef39dd7e5798?s=96&d=mm&r=g\",\"url\":\"https:\\\/\\\/secure.gravatar.com\\\/avatar\\\/3ea2118a5f7dad2b7138b1187a6b7ee55f160b9968b66013c3a3ef39dd7e5798?s=96&d=mm&r=g\",\"contentUrl\":\"https:\\\/\\\/secure.gravatar.com\\\/avatar\\\/3ea2118a5f7dad2b7138b1187a6b7ee55f160b9968b66013c3a3ef39dd7e5798?s=96&d=mm&r=g\",\"caption\":\"Jeanette\"},\"sameAs\":[\"https:\\\/\\\/www.eldiario.net\\\/portal\"],\"url\":\"https:\\\/\\\/www.eldiario.net\\\/portal\\\/author\\\/jeanette\\\/\"}]}<\/script>\n<!-- \/ Yoast SEO plugin. -->","yoast_head_json":{"title":"Alfombra Roja Vip presenta historias de \u00e9xito e inspiradoras - El Diario - Bolivia","robots":{"index":"index","follow":"follow","max-snippet":"max-snippet:-1","max-image-preview":"max-image-preview:large","max-video-preview":"max-video-preview:-1"},"canonical":"https:\/\/www.eldiario.net\/portal\/2023\/08\/05\/alfombra-roja-vip-presenta-historias-de-exito-e-inspiradoras\/","og_locale":"es_ES","og_type":"article","og_title":"Alfombra Roja Vip presenta historias de \u00e9xito e inspiradoras - El Diario - Bolivia","og_description":"Alfombra Roja Vip promete presentar siempre historias de \u00e9xito, llenas de valor e inspiraci\u00f3n. El programa de emprendimientos se emite de lunes a viernes, de 11:00 a 12:00 horas, por las pantallas de TVU Canal 13 Televisi\u00f3n Universitaria. \u201cAlfombra Roja Vip nace el 10 de octubre de 2019 con la finalidad de dar cobertura a [&hellip;]","og_url":"https:\/\/www.eldiario.net\/portal\/2023\/08\/05\/alfombra-roja-vip-presenta-historias-de-exito-e-inspiradoras\/","og_site_name":"El Diario - Bolivia","article_publisher":"https:\/\/www.facebook.com\/eldiario.bolivia\/","article_published_time":"2023-08-05T10:22:47+00:00","og_image":[{"width":960,"height":595,"url":"https:\/\/www.eldiario.net\/portal\/wp-content\/uploads\/2023\/08\/alfombra-1PRINCIPAL.jpeg","type":"image\/jpeg"}],"author":"Jeanette","twitter_card":"summary_large_image","twitter_creator":"@eldiario_net","twitter_site":"@eldiario_net","twitter_misc":{"Escrito por":"Jeanette","Tiempo de lectura":"5 minutos"},"schema":{"@context":"https:\/\/schema.org","@graph":[{"@type":"Article","@id":"https:\/\/www.eldiario.net\/portal\/2023\/08\/05\/alfombra-roja-vip-presenta-historias-de-exito-e-inspiradoras\/#article","isPartOf":{"@id":"https:\/\/www.eldiario.net\/portal\/2023\/08\/05\/alfombra-roja-vip-presenta-historias-de-exito-e-inspiradoras\/"},"author":{"name":"Jeanette","@id":"https:\/\/www.eldiario.net\/portal\/#\/schema\/person\/2c57cf2b7a7ae032e449e4c9b1019eac"},"headline":"Alfombra Roja Vip presenta historias de \u00e9xito e inspiradoras","datePublished":"2023-08-05T10:22:47+00:00","mainEntityOfPage":{"@id":"https:\/\/www.eldiario.net\/portal\/2023\/08\/05\/alfombra-roja-vip-presenta-historias-de-exito-e-inspiradoras\/"},"wordCount":1013,"publisher":{"@id":"https:\/\/www.eldiario.net\/portal\/#organization"},"image":{"@id":"https:\/\/www.eldiario.net\/portal\/2023\/08\/05\/alfombra-roja-vip-presenta-historias-de-exito-e-inspiradoras\/#primaryimage"},"thumbnailUrl":"https:\/\/www.eldiario.net\/portal\/wp-content\/uploads\/2023\/08\/alfombra-1PRINCIPAL.jpeg","articleSection":["La Gu\u00eda"],"inLanguage":"es"},{"@type":"WebPage","@id":"https:\/\/www.eldiario.net\/portal\/2023\/08\/05\/alfombra-roja-vip-presenta-historias-de-exito-e-inspiradoras\/","url":"https:\/\/www.eldiario.net\/portal\/2023\/08\/05\/alfombra-roja-vip-presenta-historias-de-exito-e-inspiradoras\/","name":"Alfombra Roja Vip presenta historias de \u00e9xito e inspiradoras - El Diario - Bolivia","isPartOf":{"@id":"https:\/\/www.eldiario.net\/portal\/#website"},"primaryImageOfPage":{"@id":"https:\/\/www.eldiario.net\/portal\/2023\/08\/05\/alfombra-roja-vip-presenta-historias-de-exito-e-inspiradoras\/#primaryimage"},"image":{"@id":"https:\/\/www.eldiario.net\/portal\/2023\/08\/05\/alfombra-roja-vip-presenta-historias-de-exito-e-inspiradoras\/#primaryimage"},"thumbnailUrl":"https:\/\/www.eldiario.net\/portal\/wp-content\/uploads\/2023\/08\/alfombra-1PRINCIPAL.jpeg","datePublished":"2023-08-05T10:22:47+00:00","breadcrumb":{"@id":"https:\/\/www.eldiario.net\/portal\/2023\/08\/05\/alfombra-roja-vip-presenta-historias-de-exito-e-inspiradoras\/#breadcrumb"},"inLanguage":"es","potentialAction":[{"@type":"ReadAction","target":["https:\/\/www.eldiario.net\/portal\/2023\/08\/05\/alfombra-roja-vip-presenta-historias-de-exito-e-inspiradoras\/"]}]},{"@type":"ImageObject","inLanguage":"es","@id":"https:\/\/www.eldiario.net\/portal\/2023\/08\/05\/alfombra-roja-vip-presenta-historias-de-exito-e-inspiradoras\/#primaryimage","url":"https:\/\/www.eldiario.net\/portal\/wp-content\/uploads\/2023\/08\/alfombra-1PRINCIPAL.jpeg","contentUrl":"https:\/\/www.eldiario.net\/portal\/wp-content\/uploads\/2023\/08\/alfombra-1PRINCIPAL.jpeg","width":960,"height":595},{"@type":"BreadcrumbList","@id":"https:\/\/www.eldiario.net\/portal\/2023\/08\/05\/alfombra-roja-vip-presenta-historias-de-exito-e-inspiradoras\/#breadcrumb","itemListElement":[{"@type":"ListItem","position":1,"name":"Portada","item":"https:\/\/www.eldiario.net\/portal\/"},{"@type":"ListItem","position":2,"name":"Alfombra Roja Vip presenta historias de \u00e9xito e inspiradoras"}]},{"@type":"WebSite","@id":"https:\/\/www.eldiario.net\/portal\/#website","url":"https:\/\/www.eldiario.net\/portal\/","name":"El Diario - Decano de la prensa nacional","description":"El Diario - Decano de la prensa nacional","publisher":{"@id":"https:\/\/www.eldiario.net\/portal\/#organization"},"potentialAction":[{"@type":"SearchAction","target":{"@type":"EntryPoint","urlTemplate":"https:\/\/www.eldiario.net\/portal\/?s={search_term_string}"},"query-input":{"@type":"PropertyValueSpecification","valueRequired":true,"valueName":"search_term_string"}}],"inLanguage":"es"},{"@type":"Organization","@id":"https:\/\/www.eldiario.net\/portal\/#organization","name":"El Diario - Decano de la prensa nacional","url":"https:\/\/www.eldiario.net\/portal\/","logo":{"@type":"ImageObject","inLanguage":"es","@id":"https:\/\/www.eldiario.net\/portal\/#\/schema\/logo\/image\/","url":"https:\/\/www.eldiario.net\/portal\/wp-content\/uploads\/2023\/07\/logo_ED.jpg","contentUrl":"https:\/\/www.eldiario.net\/portal\/wp-content\/uploads\/2023\/07\/logo_ED.jpg","width":272,"height":52,"caption":"El Diario - Decano de la prensa nacional"},"image":{"@id":"https:\/\/www.eldiario.net\/portal\/#\/schema\/logo\/image\/"},"sameAs":["https:\/\/www.facebook.com\/eldiario.bolivia\/","https:\/\/x.com\/eldiario_net"]},{"@type":"Person","@id":"https:\/\/www.eldiario.net\/portal\/#\/schema\/person\/2c57cf2b7a7ae032e449e4c9b1019eac","name":"Jeanette","image":{"@type":"ImageObject","inLanguage":"es","@id":"https:\/\/secure.gravatar.com\/avatar\/3ea2118a5f7dad2b7138b1187a6b7ee55f160b9968b66013c3a3ef39dd7e5798?s=96&d=mm&r=g","url":"https:\/\/secure.gravatar.com\/avatar\/3ea2118a5f7dad2b7138b1187a6b7ee55f160b9968b66013c3a3ef39dd7e5798?s=96&d=mm&r=g","contentUrl":"https:\/\/secure.gravatar.com\/avatar\/3ea2118a5f7dad2b7138b1187a6b7ee55f160b9968b66013c3a3ef39dd7e5798?s=96&d=mm&r=g","caption":"Jeanette"},"sameAs":["https:\/\/www.eldiario.net\/portal"],"url":"https:\/\/www.eldiario.net\/portal\/author\/jeanette\/"}]}},"_links":{"self":[{"href":"https:\/\/www.eldiario.net\/portal\/wp-json\/wp\/v2\/posts\/169478","targetHints":{"allow":["GET"]}}],"collection":[{"href":"https:\/\/www.eldiario.net\/portal\/wp-json\/wp\/v2\/posts"}],"about":[{"href":"https:\/\/www.eldiario.net\/portal\/wp-json\/wp\/v2\/types\/post"}],"author":[{"embeddable":true,"href":"https:\/\/www.eldiario.net\/portal\/wp-json\/wp\/v2\/users\/1"}],"replies":[{"embeddable":true,"href":"https:\/\/www.eldiario.net\/portal\/wp-json\/wp\/v2\/comments?post=169478"}],"version-history":[{"count":0,"href":"https:\/\/www.eldiario.net\/portal\/wp-json\/wp\/v2\/posts\/169478\/revisions"}],"wp:featuredmedia":[{"embeddable":true,"href":"https:\/\/www.eldiario.net\/portal\/wp-json\/wp\/v2\/media\/169479"}],"wp:attachment":[{"href":"https:\/\/www.eldiario.net\/portal\/wp-json\/wp\/v2\/media?parent=169478"}],"wp:term":[{"taxonomy":"category","embeddable":true,"href":"https:\/\/www.eldiario.net\/portal\/wp-json\/wp\/v2\/categories?post=169478"},{"taxonomy":"post_tag","embeddable":true,"href":"https:\/\/www.eldiario.net\/portal\/wp-json\/wp\/v2\/tags?post=169478"}],"curies":[{"name":"wp","href":"https:\/\/api.w.org\/{rel}","templated":true}]}}