{"id":169473,"date":"2023-08-05T06:20:35","date_gmt":"2023-08-05T10:20:35","guid":{"rendered":"https:\/\/www.eldiario.net\/portal\/?p=169473"},"modified":"2023-08-05T06:20:35","modified_gmt":"2023-08-05T10:20:35","slug":"caf-promueve-gira-por-espana-de-la-orquesta-de-cuerdas-de-santa-ana-de-velasco","status":"publish","type":"post","link":"https:\/\/www.eldiario.net\/portal\/2023\/08\/05\/caf-promueve-gira-por-espana-de-la-orquesta-de-cuerdas-de-santa-ana-de-velasco\/","title":{"rendered":"CAF promueve gira por Espa\u00f1a de la Orquesta  de cuerdas de Santa Ana de Velasco"},"content":{"rendered":"<p>Con el prop\u00f3sito de promover el desarrollo sostenible y la integraci\u00f3n regional, a trav\u00e9s de la cultura y el arte, CAF -banco de desarrollo de Am\u00e9rica Latina y el Caribe- brinda su apoyo para la realizaci\u00f3n de la gira por Espa\u00f1a que ofrecer\u00e1 la Orquesta de cuerdas de la Escuela de M\u00fasica de Santa Ana de Velasco. El proyecto fue desarrollado en colaboraci\u00f3n con la Fundaci\u00f3n Flades y la Canciller\u00eda de Bolivia.<br \/>\nLa gira de conciertos por Espa\u00f1a se realizar\u00e1 entre el 7 y 23 de septiembre, con un encuentro especial organizado por la CAF el d\u00eda 13 de septiembre en el Museo Nacional del Prado en Espa\u00f1a, seguido de una segunda fecha el 14 de septiembre en La Casa de Am\u00e9rica y El Escorial, convocado por la Embajada de Bolivia en Espa\u00f1a.<br \/>\n\u201cLa gira en Espa\u00f1a representa una oportunidad \u00fanica para la Orquesta de cuerdas de Santa Ana de Velasco, que busca abrir nuevas puertas para la cultura boliviana y establecer alianzas internacionales. Estos prodigiosos ni\u00f1os y j\u00f3venes podr\u00e1n expandir sus horizontes y enriquecer su desarrollo art\u00edstico gracias a esta gran experiencia\u201d, coment\u00f3 Florentino Fern\u00e1ndez, representante pa\u00eds de CAF en Bolivia.<br \/>\nPor otra parte, durante el viaje se filmar\u00e1 una pel\u00edcula documental para retratar la vida de los ni\u00f1os m\u00fasicos chiquitanos y sus familias, su cultura y sus vivencias en el pueblo de Santa Ana de Velasco, poniendo en evidencia los contrastes con los que se encontrar\u00e1n en el tour. Este registro est\u00e1 destinado para difundirse en plataformas de streaming.<br \/>\n\u201cEn nuestro camino para hacer realidad este emocionante viaje, nos hemos enfrentado a varios desaf\u00edos. Uno de ellos ha sido la dificultad de obtener las c\u00e9dulas de identidad necesarias para todos j\u00f3venes, quienes forman parte de la orquesta. Se ha trabajado arduamente para superar estas y otras barreras para lograr este objetivo tan anhelado\u201d, apunt\u00f3 Mario Rivera, Director Ejecutivo de Flades.<br \/>\nPor su parte, Alejandra Claros, secretaria General del ente multilateral, anunci\u00f3 tambi\u00e9n que el cuarto trimestre del a\u00f1o se firmar\u00e1 el Memor\u00e1ndum de Entendimiento y la visita para el retorno de la orquesta a Santa Ana de Velasco.<\/p>\n<div id='gallery-1' class='gallery galleryid-169473 gallery-columns-3 gallery-size-medium'><figure class='gallery-item'>\n\t\t\t<div class='gallery-icon landscape'>\n\t\t\t\t<a href='https:\/\/www.eldiario.net\/portal\/2023\/08\/05\/caf-promueve-gira-por-espana-de-la-orquesta-de-cuerdas-de-santa-ana-de-velasco\/dsc_0540\/'><img loading=\"lazy\" decoding=\"async\" width=\"300\" height=\"200\" src=\"https:\/\/www.eldiario.net\/portal\/wp-content\/uploads\/2023\/08\/DSC_0540-300x200.jpg\" class=\"attachment-medium size-medium\" alt=\"\" aria-describedby=\"gallery-1-169474\" srcset=\"https:\/\/www.eldiario.net\/portal\/wp-content\/uploads\/2023\/08\/DSC_0540-300x200.jpg 300w, https:\/\/www.eldiario.net\/portal\/wp-content\/uploads\/2023\/08\/DSC_0540-768x512.jpg 768w, https:\/\/www.eldiario.net\/portal\/wp-content\/uploads\/2023\/08\/DSC_0540-696x464.jpg 696w, https:\/\/www.eldiario.net\/portal\/wp-content\/uploads\/2023\/08\/DSC_0540.jpg 1000w\" sizes=\"auto, (max-width: 300px) 100vw, 300px\" \/><\/a>\n\t\t\t<\/div>\n\t\t\t\t<figcaption class='wp-caption-text gallery-caption' id='gallery-1-169474'>\n\t\t\t\tMARIO RIVERA, DIRECTOR EJECUTIVO DE FLADES; ALEJANDRA CLAROS, SECRETARIA GENERAL DE CAF, Y FLORENTINO FERN\u00c1NDEZ, REPRESENTANTE PA\u00cdS DE CAF EN BOLIVIA.\n\t\t\t\t<\/figcaption><\/figure><figure class='gallery-item'>\n\t\t\t<div class='gallery-icon landscape'>\n\t\t\t\t<a href='https:\/\/www.eldiario.net\/portal\/2023\/08\/05\/caf-promueve-gira-por-espana-de-la-orquesta-de-cuerdas-de-santa-ana-de-velasco\/dsc_0541\/'><img loading=\"lazy\" decoding=\"async\" width=\"300\" height=\"200\" src=\"https:\/\/www.eldiario.net\/portal\/wp-content\/uploads\/2023\/08\/DSC_0541-300x200.jpg\" class=\"attachment-medium size-medium\" alt=\"\" aria-describedby=\"gallery-1-169475\" srcset=\"https:\/\/www.eldiario.net\/portal\/wp-content\/uploads\/2023\/08\/DSC_0541-300x200.jpg 300w, https:\/\/www.eldiario.net\/portal\/wp-content\/uploads\/2023\/08\/DSC_0541-768x512.jpg 768w, https:\/\/www.eldiario.net\/portal\/wp-content\/uploads\/2023\/08\/DSC_0541-696x464.jpg 696w, https:\/\/www.eldiario.net\/portal\/wp-content\/uploads\/2023\/08\/DSC_0541.jpg 1000w\" sizes=\"auto, (max-width: 300px) 100vw, 300px\" \/><\/a>\n\t\t\t<\/div>\n\t\t\t\t<figcaption class='wp-caption-text gallery-caption' id='gallery-1-169475'>\n\t\t\t\t MOIS\u00c9S RIVERA, VICEPRESIDENTE DE FLADES, Y ALOHA PINTO, COORDINADORA DE CULTURA Y DEPORTE DE CAF.\n\t\t\t\t<\/figcaption><\/figure><figure class='gallery-item'>\n\t\t\t<div class='gallery-icon landscape'>\n\t\t\t\t<a href='https:\/\/www.eldiario.net\/portal\/2023\/08\/05\/caf-promueve-gira-por-espana-de-la-orquesta-de-cuerdas-de-santa-ana-de-velasco\/dsc_0545\/'><img loading=\"lazy\" decoding=\"async\" width=\"300\" height=\"200\" src=\"https:\/\/www.eldiario.net\/portal\/wp-content\/uploads\/2023\/08\/DSC_0545-300x200.jpg\" class=\"attachment-medium size-medium\" alt=\"\" aria-describedby=\"gallery-1-169476\" srcset=\"https:\/\/www.eldiario.net\/portal\/wp-content\/uploads\/2023\/08\/DSC_0545-300x200.jpg 300w, https:\/\/www.eldiario.net\/portal\/wp-content\/uploads\/2023\/08\/DSC_0545-768x512.jpg 768w, https:\/\/www.eldiario.net\/portal\/wp-content\/uploads\/2023\/08\/DSC_0545-696x464.jpg 696w, https:\/\/www.eldiario.net\/portal\/wp-content\/uploads\/2023\/08\/DSC_0545.jpg 1000w\" sizes=\"auto, (max-width: 300px) 100vw, 300px\" \/><\/a>\n\t\t\t<\/div>\n\t\t\t\t<figcaption class='wp-caption-text gallery-caption' id='gallery-1-169476'>\n\t\t\t\t  OTRA INSTANCIA DE LA CONFEREN- CIA DE PRENSA REALIZADA EN INSTA- LACIONES DE  LA CAF.\n\t\t\t\t<\/figcaption><\/figure>\n\t\t<\/div>\n\n","protected":false},"excerpt":{"rendered":"<p>Con el prop\u00f3sito de promover el desarrollo sostenible y la integraci\u00f3n regional, a trav\u00e9s de la cultura y el arte, CAF -banco de desarrollo de Am\u00e9rica Latina y el Caribe- brinda su apoyo para la realizaci\u00f3n de la gira por Espa\u00f1a que ofrecer\u00e1 la Orquesta de cuerdas de la Escuela de M\u00fasica de Santa Ana [&hellip;]<\/p>\n","protected":false},"author":1,"featured_media":169476,"comment_status":"closed","ping_status":"open","sticky":false,"template":"","format":"standard","meta":{"_acf_changed":false,"footnotes":""},"categories":[40],"tags":[],"class_list":["post-169473","post","type-post","status-publish","format-standard","has-post-thumbnail","category-sociales"],"acf":{"antetitulo":""},"yoast_head":"<!-- This site is optimized with the Yoast SEO plugin v28.4 - https:\/\/yoast.com\/product\/yoast-seo-wordpress\/ -->\n<title>CAF promueve gira por Espa\u00f1a de la Orquesta de cuerdas de Santa Ana de Velasco - El Diario - Bolivia<\/title>\n<meta name=\"robots\" content=\"index, follow, max-snippet:-1, max-image-preview:large, max-video-preview:-1\" \/>\n<link rel=\"canonical\" href=\"https:\/\/www.eldiario.net\/portal\/2023\/08\/05\/caf-promueve-gira-por-espana-de-la-orquesta-de-cuerdas-de-santa-ana-de-velasco\/\" \/>\n<meta property=\"og:locale\" content=\"es_ES\" \/>\n<meta property=\"og:type\" content=\"article\" \/>\n<meta property=\"og:title\" content=\"CAF promueve gira por Espa\u00f1a de la Orquesta de cuerdas de Santa Ana de Velasco - El Diario - Bolivia\" \/>\n<meta property=\"og:description\" content=\"Con el prop\u00f3sito de promover el desarrollo sostenible y la integraci\u00f3n regional, a trav\u00e9s de la cultura y el arte, CAF -banco de desarrollo de Am\u00e9rica Latina y el Caribe- brinda su apoyo para la realizaci\u00f3n de la gira por Espa\u00f1a que ofrecer\u00e1 la Orquesta de cuerdas de la Escuela de M\u00fasica de Santa Ana [&hellip;]\" \/>\n<meta property=\"og:url\" content=\"https:\/\/www.eldiario.net\/portal\/2023\/08\/05\/caf-promueve-gira-por-espana-de-la-orquesta-de-cuerdas-de-santa-ana-de-velasco\/\" \/>\n<meta property=\"og:site_name\" content=\"El Diario - Bolivia\" \/>\n<meta property=\"article:publisher\" content=\"https:\/\/www.facebook.com\/eldiario.bolivia\/\" \/>\n<meta property=\"article:published_time\" content=\"2023-08-05T10:20:35+00:00\" \/>\n<meta property=\"og:image\" content=\"https:\/\/www.eldiario.net\/portal\/wp-content\/uploads\/2023\/08\/DSC_0545.jpg\" \/>\n\t<meta property=\"og:image:width\" content=\"1000\" \/>\n\t<meta property=\"og:image:height\" content=\"667\" \/>\n\t<meta property=\"og:image:type\" content=\"image\/jpeg\" \/>\n<meta name=\"author\" content=\"Jeanette\" \/>\n<meta name=\"twitter:card\" content=\"summary_large_image\" \/>\n<meta name=\"twitter:creator\" content=\"@eldiario_net\" \/>\n<meta name=\"twitter:site\" content=\"@eldiario_net\" \/>\n<meta name=\"twitter:label1\" content=\"Escrito por\" \/>\n\t<meta name=\"twitter:data1\" content=\"Jeanette\" \/>\n\t<meta name=\"twitter:label2\" content=\"Tiempo de lectura\" \/>\n\t<meta name=\"twitter:data2\" content=\"2 minutos\" \/>\n<script type=\"application\/ld+json\" class=\"yoast-schema-graph\">{\"@context\":\"https:\\\/\\\/schema.org\",\"@graph\":[{\"@type\":\"Article\",\"@id\":\"https:\\\/\\\/www.eldiario.net\\\/portal\\\/2023\\\/08\\\/05\\\/caf-promueve-gira-por-espana-de-la-orquesta-de-cuerdas-de-santa-ana-de-velasco\\\/#article\",\"isPartOf\":{\"@id\":\"https:\\\/\\\/www.eldiario.net\\\/portal\\\/2023\\\/08\\\/05\\\/caf-promueve-gira-por-espana-de-la-orquesta-de-cuerdas-de-santa-ana-de-velasco\\\/\"},\"author\":{\"name\":\"Jeanette\",\"@id\":\"https:\\\/\\\/www.eldiario.net\\\/portal\\\/#\\\/schema\\\/person\\\/2c57cf2b7a7ae032e449e4c9b1019eac\"},\"headline\":\"CAF promueve gira por Espa\u00f1a de la Orquesta de cuerdas de Santa Ana de Velasco\",\"datePublished\":\"2023-08-05T10:20:35+00:00\",\"mainEntityOfPage\":{\"@id\":\"https:\\\/\\\/www.eldiario.net\\\/portal\\\/2023\\\/08\\\/05\\\/caf-promueve-gira-por-espana-de-la-orquesta-de-cuerdas-de-santa-ana-de-velasco\\\/\"},\"wordCount\":398,\"publisher\":{\"@id\":\"https:\\\/\\\/www.eldiario.net\\\/portal\\\/#organization\"},\"image\":{\"@id\":\"https:\\\/\\\/www.eldiario.net\\\/portal\\\/2023\\\/08\\\/05\\\/caf-promueve-gira-por-espana-de-la-orquesta-de-cuerdas-de-santa-ana-de-velasco\\\/#primaryimage\"},\"thumbnailUrl\":\"https:\\\/\\\/www.eldiario.net\\\/portal\\\/wp-content\\\/uploads\\\/2023\\\/08\\\/DSC_0545.jpg\",\"articleSection\":[\"Sociales\"],\"inLanguage\":\"es\"},{\"@type\":\"WebPage\",\"@id\":\"https:\\\/\\\/www.eldiario.net\\\/portal\\\/2023\\\/08\\\/05\\\/caf-promueve-gira-por-espana-de-la-orquesta-de-cuerdas-de-santa-ana-de-velasco\\\/\",\"url\":\"https:\\\/\\\/www.eldiario.net\\\/portal\\\/2023\\\/08\\\/05\\\/caf-promueve-gira-por-espana-de-la-orquesta-de-cuerdas-de-santa-ana-de-velasco\\\/\",\"name\":\"CAF promueve gira por Espa\u00f1a de la Orquesta de cuerdas de Santa Ana de Velasco - El Diario - Bolivia\",\"isPartOf\":{\"@id\":\"https:\\\/\\\/www.eldiario.net\\\/portal\\\/#website\"},\"primaryImageOfPage\":{\"@id\":\"https:\\\/\\\/www.eldiario.net\\\/portal\\\/2023\\\/08\\\/05\\\/caf-promueve-gira-por-espana-de-la-orquesta-de-cuerdas-de-santa-ana-de-velasco\\\/#primaryimage\"},\"image\":{\"@id\":\"https:\\\/\\\/www.eldiario.net\\\/portal\\\/2023\\\/08\\\/05\\\/caf-promueve-gira-por-espana-de-la-orquesta-de-cuerdas-de-santa-ana-de-velasco\\\/#primaryimage\"},\"thumbnailUrl\":\"https:\\\/\\\/www.eldiario.net\\\/portal\\\/wp-content\\\/uploads\\\/2023\\\/08\\\/DSC_0545.jpg\",\"datePublished\":\"2023-08-05T10:20:35+00:00\",\"breadcrumb\":{\"@id\":\"https:\\\/\\\/www.eldiario.net\\\/portal\\\/2023\\\/08\\\/05\\\/caf-promueve-gira-por-espana-de-la-orquesta-de-cuerdas-de-santa-ana-de-velasco\\\/#breadcrumb\"},\"inLanguage\":\"es\",\"potentialAction\":[{\"@type\":\"ReadAction\",\"target\":[\"https:\\\/\\\/www.eldiario.net\\\/portal\\\/2023\\\/08\\\/05\\\/caf-promueve-gira-por-espana-de-la-orquesta-de-cuerdas-de-santa-ana-de-velasco\\\/\"]}]},{\"@type\":\"ImageObject\",\"inLanguage\":\"es\",\"@id\":\"https:\\\/\\\/www.eldiario.net\\\/portal\\\/2023\\\/08\\\/05\\\/caf-promueve-gira-por-espana-de-la-orquesta-de-cuerdas-de-santa-ana-de-velasco\\\/#primaryimage\",\"url\":\"https:\\\/\\\/www.eldiario.net\\\/portal\\\/wp-content\\\/uploads\\\/2023\\\/08\\\/DSC_0545.jpg\",\"contentUrl\":\"https:\\\/\\\/www.eldiario.net\\\/portal\\\/wp-content\\\/uploads\\\/2023\\\/08\\\/DSC_0545.jpg\",\"width\":1000,\"height\":667,\"caption\":\"OTRA INSTANCIA DE LA CONFEREN- CIA DE PRENSA REALIZADA EN INSTA- LACIONES DE LA CAF.\"},{\"@type\":\"BreadcrumbList\",\"@id\":\"https:\\\/\\\/www.eldiario.net\\\/portal\\\/2023\\\/08\\\/05\\\/caf-promueve-gira-por-espana-de-la-orquesta-de-cuerdas-de-santa-ana-de-velasco\\\/#breadcrumb\",\"itemListElement\":[{\"@type\":\"ListItem\",\"position\":1,\"name\":\"Portada\",\"item\":\"https:\\\/\\\/www.eldiario.net\\\/portal\\\/\"},{\"@type\":\"ListItem\",\"position\":2,\"name\":\"CAF promueve gira por Espa\u00f1a de la Orquesta de cuerdas de Santa Ana de Velasco\"}]},{\"@type\":\"WebSite\",\"@id\":\"https:\\\/\\\/www.eldiario.net\\\/portal\\\/#website\",\"url\":\"https:\\\/\\\/www.eldiario.net\\\/portal\\\/\",\"name\":\"El Diario - Decano de la prensa nacional\",\"description\":\"El Diario - Decano de la prensa nacional\",\"publisher\":{\"@id\":\"https:\\\/\\\/www.eldiario.net\\\/portal\\\/#organization\"},\"potentialAction\":[{\"@type\":\"SearchAction\",\"target\":{\"@type\":\"EntryPoint\",\"urlTemplate\":\"https:\\\/\\\/www.eldiario.net\\\/portal\\\/?s={search_term_string}\"},\"query-input\":{\"@type\":\"PropertyValueSpecification\",\"valueRequired\":true,\"valueName\":\"search_term_string\"}}],\"inLanguage\":\"es\"},{\"@type\":\"Organization\",\"@id\":\"https:\\\/\\\/www.eldiario.net\\\/portal\\\/#organization\",\"name\":\"El Diario - Decano de la prensa nacional\",\"url\":\"https:\\\/\\\/www.eldiario.net\\\/portal\\\/\",\"logo\":{\"@type\":\"ImageObject\",\"inLanguage\":\"es\",\"@id\":\"https:\\\/\\\/www.eldiario.net\\\/portal\\\/#\\\/schema\\\/logo\\\/image\\\/\",\"url\":\"https:\\\/\\\/www.eldiario.net\\\/portal\\\/wp-content\\\/uploads\\\/2023\\\/07\\\/logo_ED.jpg\",\"contentUrl\":\"https:\\\/\\\/www.eldiario.net\\\/portal\\\/wp-content\\\/uploads\\\/2023\\\/07\\\/logo_ED.jpg\",\"width\":272,\"height\":52,\"caption\":\"El Diario - Decano de la prensa nacional\"},\"image\":{\"@id\":\"https:\\\/\\\/www.eldiario.net\\\/portal\\\/#\\\/schema\\\/logo\\\/image\\\/\"},\"sameAs\":[\"https:\\\/\\\/www.facebook.com\\\/eldiario.bolivia\\\/\",\"https:\\\/\\\/x.com\\\/eldiario_net\"]},{\"@type\":\"Person\",\"@id\":\"https:\\\/\\\/www.eldiario.net\\\/portal\\\/#\\\/schema\\\/person\\\/2c57cf2b7a7ae032e449e4c9b1019eac\",\"name\":\"Jeanette\",\"image\":{\"@type\":\"ImageObject\",\"inLanguage\":\"es\",\"@id\":\"https:\\\/\\\/secure.gravatar.com\\\/avatar\\\/3ea2118a5f7dad2b7138b1187a6b7ee55f160b9968b66013c3a3ef39dd7e5798?s=96&d=mm&r=g\",\"url\":\"https:\\\/\\\/secure.gravatar.com\\\/avatar\\\/3ea2118a5f7dad2b7138b1187a6b7ee55f160b9968b66013c3a3ef39dd7e5798?s=96&d=mm&r=g\",\"contentUrl\":\"https:\\\/\\\/secure.gravatar.com\\\/avatar\\\/3ea2118a5f7dad2b7138b1187a6b7ee55f160b9968b66013c3a3ef39dd7e5798?s=96&d=mm&r=g\",\"caption\":\"Jeanette\"},\"sameAs\":[\"https:\\\/\\\/www.eldiario.net\\\/portal\"],\"url\":\"https:\\\/\\\/www.eldiario.net\\\/portal\\\/author\\\/jeanette\\\/\"}]}<\/script>\n<!-- \/ Yoast SEO plugin. -->","yoast_head_json":{"title":"CAF promueve gira por Espa\u00f1a de la Orquesta de cuerdas de Santa Ana de Velasco - El Diario - Bolivia","robots":{"index":"index","follow":"follow","max-snippet":"max-snippet:-1","max-image-preview":"max-image-preview:large","max-video-preview":"max-video-preview:-1"},"canonical":"https:\/\/www.eldiario.net\/portal\/2023\/08\/05\/caf-promueve-gira-por-espana-de-la-orquesta-de-cuerdas-de-santa-ana-de-velasco\/","og_locale":"es_ES","og_type":"article","og_title":"CAF promueve gira por Espa\u00f1a de la Orquesta de cuerdas de Santa Ana de Velasco - El Diario - Bolivia","og_description":"Con el prop\u00f3sito de promover el desarrollo sostenible y la integraci\u00f3n regional, a trav\u00e9s de la cultura y el arte, CAF -banco de desarrollo de Am\u00e9rica Latina y el Caribe- brinda su apoyo para la realizaci\u00f3n de la gira por Espa\u00f1a que ofrecer\u00e1 la Orquesta de cuerdas de la Escuela de M\u00fasica de Santa Ana [&hellip;]","og_url":"https:\/\/www.eldiario.net\/portal\/2023\/08\/05\/caf-promueve-gira-por-espana-de-la-orquesta-de-cuerdas-de-santa-ana-de-velasco\/","og_site_name":"El Diario - Bolivia","article_publisher":"https:\/\/www.facebook.com\/eldiario.bolivia\/","article_published_time":"2023-08-05T10:20:35+00:00","og_image":[{"width":1000,"height":667,"url":"https:\/\/www.eldiario.net\/portal\/wp-content\/uploads\/2023\/08\/DSC_0545.jpg","type":"image\/jpeg"}],"author":"Jeanette","twitter_card":"summary_large_image","twitter_creator":"@eldiario_net","twitter_site":"@eldiario_net","twitter_misc":{"Escrito por":"Jeanette","Tiempo de lectura":"2 minutos"},"schema":{"@context":"https:\/\/schema.org","@graph":[{"@type":"Article","@id":"https:\/\/www.eldiario.net\/portal\/2023\/08\/05\/caf-promueve-gira-por-espana-de-la-orquesta-de-cuerdas-de-santa-ana-de-velasco\/#article","isPartOf":{"@id":"https:\/\/www.eldiario.net\/portal\/2023\/08\/05\/caf-promueve-gira-por-espana-de-la-orquesta-de-cuerdas-de-santa-ana-de-velasco\/"},"author":{"name":"Jeanette","@id":"https:\/\/www.eldiario.net\/portal\/#\/schema\/person\/2c57cf2b7a7ae032e449e4c9b1019eac"},"headline":"CAF promueve gira por Espa\u00f1a de la Orquesta de cuerdas de Santa Ana de Velasco","datePublished":"2023-08-05T10:20:35+00:00","mainEntityOfPage":{"@id":"https:\/\/www.eldiario.net\/portal\/2023\/08\/05\/caf-promueve-gira-por-espana-de-la-orquesta-de-cuerdas-de-santa-ana-de-velasco\/"},"wordCount":398,"publisher":{"@id":"https:\/\/www.eldiario.net\/portal\/#organization"},"image":{"@id":"https:\/\/www.eldiario.net\/portal\/2023\/08\/05\/caf-promueve-gira-por-espana-de-la-orquesta-de-cuerdas-de-santa-ana-de-velasco\/#primaryimage"},"thumbnailUrl":"https:\/\/www.eldiario.net\/portal\/wp-content\/uploads\/2023\/08\/DSC_0545.jpg","articleSection":["Sociales"],"inLanguage":"es"},{"@type":"WebPage","@id":"https:\/\/www.eldiario.net\/portal\/2023\/08\/05\/caf-promueve-gira-por-espana-de-la-orquesta-de-cuerdas-de-santa-ana-de-velasco\/","url":"https:\/\/www.eldiario.net\/portal\/2023\/08\/05\/caf-promueve-gira-por-espana-de-la-orquesta-de-cuerdas-de-santa-ana-de-velasco\/","name":"CAF promueve gira por Espa\u00f1a de la Orquesta de cuerdas de Santa Ana de Velasco - El Diario - Bolivia","isPartOf":{"@id":"https:\/\/www.eldiario.net\/portal\/#website"},"primaryImageOfPage":{"@id":"https:\/\/www.eldiario.net\/portal\/2023\/08\/05\/caf-promueve-gira-por-espana-de-la-orquesta-de-cuerdas-de-santa-ana-de-velasco\/#primaryimage"},"image":{"@id":"https:\/\/www.eldiario.net\/portal\/2023\/08\/05\/caf-promueve-gira-por-espana-de-la-orquesta-de-cuerdas-de-santa-ana-de-velasco\/#primaryimage"},"thumbnailUrl":"https:\/\/www.eldiario.net\/portal\/wp-content\/uploads\/2023\/08\/DSC_0545.jpg","datePublished":"2023-08-05T10:20:35+00:00","breadcrumb":{"@id":"https:\/\/www.eldiario.net\/portal\/2023\/08\/05\/caf-promueve-gira-por-espana-de-la-orquesta-de-cuerdas-de-santa-ana-de-velasco\/#breadcrumb"},"inLanguage":"es","potentialAction":[{"@type":"ReadAction","target":["https:\/\/www.eldiario.net\/portal\/2023\/08\/05\/caf-promueve-gira-por-espana-de-la-orquesta-de-cuerdas-de-santa-ana-de-velasco\/"]}]},{"@type":"ImageObject","inLanguage":"es","@id":"https:\/\/www.eldiario.net\/portal\/2023\/08\/05\/caf-promueve-gira-por-espana-de-la-orquesta-de-cuerdas-de-santa-ana-de-velasco\/#primaryimage","url":"https:\/\/www.eldiario.net\/portal\/wp-content\/uploads\/2023\/08\/DSC_0545.jpg","contentUrl":"https:\/\/www.eldiario.net\/portal\/wp-content\/uploads\/2023\/08\/DSC_0545.jpg","width":1000,"height":667,"caption":"OTRA INSTANCIA DE LA CONFEREN- CIA DE PRENSA REALIZADA EN INSTA- LACIONES DE LA CAF."},{"@type":"BreadcrumbList","@id":"https:\/\/www.eldiario.net\/portal\/2023\/08\/05\/caf-promueve-gira-por-espana-de-la-orquesta-de-cuerdas-de-santa-ana-de-velasco\/#breadcrumb","itemListElement":[{"@type":"ListItem","position":1,"name":"Portada","item":"https:\/\/www.eldiario.net\/portal\/"},{"@type":"ListItem","position":2,"name":"CAF promueve gira por Espa\u00f1a de la Orquesta de cuerdas de Santa Ana de Velasco"}]},{"@type":"WebSite","@id":"https:\/\/www.eldiario.net\/portal\/#website","url":"https:\/\/www.eldiario.net\/portal\/","name":"El Diario - Decano de la prensa nacional","description":"El Diario - Decano de la prensa nacional","publisher":{"@id":"https:\/\/www.eldiario.net\/portal\/#organization"},"potentialAction":[{"@type":"SearchAction","target":{"@type":"EntryPoint","urlTemplate":"https:\/\/www.eldiario.net\/portal\/?s={search_term_string}"},"query-input":{"@type":"PropertyValueSpecification","valueRequired":true,"valueName":"search_term_string"}}],"inLanguage":"es"},{"@type":"Organization","@id":"https:\/\/www.eldiario.net\/portal\/#organization","name":"El Diario - Decano de la prensa nacional","url":"https:\/\/www.eldiario.net\/portal\/","logo":{"@type":"ImageObject","inLanguage":"es","@id":"https:\/\/www.eldiario.net\/portal\/#\/schema\/logo\/image\/","url":"https:\/\/www.eldiario.net\/portal\/wp-content\/uploads\/2023\/07\/logo_ED.jpg","contentUrl":"https:\/\/www.eldiario.net\/portal\/wp-content\/uploads\/2023\/07\/logo_ED.jpg","width":272,"height":52,"caption":"El Diario - Decano de la prensa nacional"},"image":{"@id":"https:\/\/www.eldiario.net\/portal\/#\/schema\/logo\/image\/"},"sameAs":["https:\/\/www.facebook.com\/eldiario.bolivia\/","https:\/\/x.com\/eldiario_net"]},{"@type":"Person","@id":"https:\/\/www.eldiario.net\/portal\/#\/schema\/person\/2c57cf2b7a7ae032e449e4c9b1019eac","name":"Jeanette","image":{"@type":"ImageObject","inLanguage":"es","@id":"https:\/\/secure.gravatar.com\/avatar\/3ea2118a5f7dad2b7138b1187a6b7ee55f160b9968b66013c3a3ef39dd7e5798?s=96&d=mm&r=g","url":"https:\/\/secure.gravatar.com\/avatar\/3ea2118a5f7dad2b7138b1187a6b7ee55f160b9968b66013c3a3ef39dd7e5798?s=96&d=mm&r=g","contentUrl":"https:\/\/secure.gravatar.com\/avatar\/3ea2118a5f7dad2b7138b1187a6b7ee55f160b9968b66013c3a3ef39dd7e5798?s=96&d=mm&r=g","caption":"Jeanette"},"sameAs":["https:\/\/www.eldiario.net\/portal"],"url":"https:\/\/www.eldiario.net\/portal\/author\/jeanette\/"}]}},"_links":{"self":[{"href":"https:\/\/www.eldiario.net\/portal\/wp-json\/wp\/v2\/posts\/169473","targetHints":{"allow":["GET"]}}],"collection":[{"href":"https:\/\/www.eldiario.net\/portal\/wp-json\/wp\/v2\/posts"}],"about":[{"href":"https:\/\/www.eldiario.net\/portal\/wp-json\/wp\/v2\/types\/post"}],"author":[{"embeddable":true,"href":"https:\/\/www.eldiario.net\/portal\/wp-json\/wp\/v2\/users\/1"}],"replies":[{"embeddable":true,"href":"https:\/\/www.eldiario.net\/portal\/wp-json\/wp\/v2\/comments?post=169473"}],"version-history":[{"count":0,"href":"https:\/\/www.eldiario.net\/portal\/wp-json\/wp\/v2\/posts\/169473\/revisions"}],"wp:featuredmedia":[{"embeddable":true,"href":"https:\/\/www.eldiario.net\/portal\/wp-json\/wp\/v2\/media\/169476"}],"wp:attachment":[{"href":"https:\/\/www.eldiario.net\/portal\/wp-json\/wp\/v2\/media?parent=169473"}],"wp:term":[{"taxonomy":"category","embeddable":true,"href":"https:\/\/www.eldiario.net\/portal\/wp-json\/wp\/v2\/categories?post=169473"},{"taxonomy":"post_tag","embeddable":true,"href":"https:\/\/www.eldiario.net\/portal\/wp-json\/wp\/v2\/tags?post=169473"}],"curies":[{"name":"wp","href":"https:\/\/api.w.org\/{rel}","templated":true}]}}