{"id":169321,"date":"2023-08-04T07:36:56","date_gmt":"2023-08-04T11:36:56","guid":{"rendered":"https:\/\/www.eldiario.net\/portal\/?p=169321"},"modified":"2023-08-04T07:36:56","modified_gmt":"2023-08-04T11:36:56","slug":"semillas-para-el-futuro-tendra-70-postulantes-nacionales","status":"publish","type":"post","link":"https:\/\/www.eldiario.net\/portal\/2023\/08\/04\/semillas-para-el-futuro-tendra-70-postulantes-nacionales\/","title":{"rendered":"Semillas para el Futuro tendr\u00e1  70 postulantes nacionales"},"content":{"rendered":"<p class=\"v1MsoNormal\">Dos meses despu\u00e9s del lanzamiento de la convocatoria para la s\u00e9ptima versi\u00f3n del programa Semillas para el Futuro, que impulsa la empresa Huawei Technologies para ayudar en la formaci\u00f3n tecnol\u00f3gica de estudiantes bolivianos destacados, se han recibido 70 postulaciones de 19 universidades de todo el pa\u00eds, inform\u00f3 el subgerente de Relaciones P\u00fablicas de la compa\u00f1\u00eda, Cristian Land\u00edvar.<\/p>\n<p class=\"v1MsoNormal\">\u00abEs muy importante el n\u00famero de postulaciones recibidas hasta el momento porque demuestra que el programa que impulsamos tiene acogida a nivel nacional, pero sobre todo que los j\u00f3venes bolivianos tienen inter\u00e9s en complementar su formaci\u00f3n en el \u00e1rea tecnol\u00f3gica, para beneficio de Bolivia\u00bb, afirm\u00f3.<\/p>\n<p class=\"v1MsoNormal\">Por otra parte, manifest\u00f3 que en la primera fase se seleccionar\u00e1 a los 70 postulantes, donde se evaluar\u00e1n los promedios acad\u00e9micos, nivel de ingl\u00e9s, edad y cumplimiento de todos los requisitos establecidos en el programa, y\u00a0 quedar\u00e1n 40. Luego se ingresar\u00e1 en fase final donde se escoger\u00e1 a los 15 beneficiarios.<\/p>\n<p class=\"v1MsoNormal\">Semillas para el Futuro es un programa de capacitaci\u00f3n destinado a fortalecer conocimientos y experiencias de los mejores estudiantes de las universidades del pa\u00eds en el \u00e1rea de tecnolog\u00eda de \u00faltima generaci\u00f3n y digitalizaci\u00f3n. En esta oportunidad -que es la s\u00e9ptima desde 2017\u2013 los estudiantes seleccionados recibir\u00e1n capacitaci\u00f3n en temas espec\u00edficos, como tecnolog\u00eda 5G, Inteligencia Artificial (IA), Digital Power, Cloud, Cyberseguridad, adem\u00e1s de otras 40 tem\u00e1ticas del rubro.<\/p>\n<p class=\"v1MsoNormal\">Land\u00edvar explic\u00f3 que los estudiantes seleccionados en esta oportunidad, adem\u00e1s de recibir los conocimientos de una serie de expertos de varias partes del mundo, conformar\u00e1n grupos de estudio para el desarrollo de proyectos tecnol\u00f3gicos con impacto social positivo para su entorno, los mismos que, despu\u00e9s de ser evaluados, ser\u00e1n presentados al Banco de Desarrollo Productivo para su posible financiamiento.<\/p>\n<p class=\"v1MsoNormal\">Asimismo, el ejecutivo de Huawei Technologies resalt\u00f3 que, de los 70 postulantes, la mayor\u00eda son j\u00f3venes entre 20 y 25 a\u00f1os, lo cual confirma \u2013sostuvo\u2013\u00a0 que la juventud tiene un especial inter\u00e9s en formarse en el \u00e1rea tecnol\u00f3gica a nivel mundial. De los cuales 30 son mujeres y agradeci\u00f3 el compromiso de las 19 universidades bolivianas que enviaron las postulaciones de sus alumnos.<\/p>\n<p class=\"v1MsoNormal\">\u00abLos estudiantes que se han postulado tienen un excelente nivel acad\u00e9mico. Est\u00e1n en los \u00faltimos dos semestres o egresados en las carreras de Ingenier\u00eda Electr\u00f3nica, Ingenier\u00eda de Sistemas, Ingenier\u00eda de Telecomunicaciones, Ingenier\u00eda de Redes e Ingenier\u00eda Mecatr\u00f3nica, y han registrado un promedio mayor a 70\/100 en sus estudios, lo cual habla de su excelencia\u00bb, destac\u00f3.<\/p>\n<p class=\"v1MsoNormal\">Concluy\u00f3 se\u00f1alando que en esta nueva versi\u00f3n del programa Semillas para el Futuro ser\u00e1 todo un \u00e9xito, como lo fueron las seis anteriores. El prop\u00f3sito es colaborar a los estudiantes bolivianos a alcanzar los m\u00e1s altos niveles del desarrollo del talento en el \u00e1rea de la tecnolog\u00eda para beneficio de su entorno y del pa\u00eds en su conjunto.<\/p>\n<div id='gallery-1' class='gallery galleryid-169321 gallery-columns-3 gallery-size-medium'><figure class='gallery-item'>\n\t\t\t<div class='gallery-icon landscape'>\n\t\t\t\t<a href='https:\/\/www.eldiario.net\/portal\/2023\/08\/04\/semillas-para-el-futuro-tendra-70-postulantes-nacionales\/3-semilla\/'><img loading=\"lazy\" decoding=\"async\" width=\"300\" height=\"168\" src=\"https:\/\/www.eldiario.net\/portal\/wp-content\/uploads\/2023\/08\/3-SEMILLA-300x168.jpeg\" class=\"attachment-medium size-medium\" alt=\"\" aria-describedby=\"gallery-1-169322\" srcset=\"https:\/\/www.eldiario.net\/portal\/wp-content\/uploads\/2023\/08\/3-SEMILLA-300x168.jpeg 300w, https:\/\/www.eldiario.net\/portal\/wp-content\/uploads\/2023\/08\/3-SEMILLA-1024x575.jpeg 1024w, https:\/\/www.eldiario.net\/portal\/wp-content\/uploads\/2023\/08\/3-SEMILLA-768x431.jpeg 768w, https:\/\/www.eldiario.net\/portal\/wp-content\/uploads\/2023\/08\/3-SEMILLA-1536x862.jpeg 1536w, https:\/\/www.eldiario.net\/portal\/wp-content\/uploads\/2023\/08\/3-SEMILLA-696x391.jpeg 696w, https:\/\/www.eldiario.net\/portal\/wp-content\/uploads\/2023\/08\/3-SEMILLA-1068x599.jpeg 1068w, https:\/\/www.eldiario.net\/portal\/wp-content\/uploads\/2023\/08\/3-SEMILLA.jpeg 1600w\" sizes=\"auto, (max-width: 300px) 100vw, 300px\" \/><\/a>\n\t\t\t<\/div>\n\t\t\t\t<figcaption class='wp-caption-text gallery-caption' id='gallery-1-169322'>\n\t\t\t\tFotos: HuaweiFotos: Huawei\n\t\t\t\t<\/figcaption><\/figure><figure class='gallery-item'>\n\t\t\t<div class='gallery-icon landscape'>\n\t\t\t\t<a href='https:\/\/www.eldiario.net\/portal\/2023\/08\/04\/semillas-para-el-futuro-tendra-70-postulantes-nacionales\/1-semilla\/'><img loading=\"lazy\" decoding=\"async\" width=\"300\" height=\"225\" src=\"https:\/\/www.eldiario.net\/portal\/wp-content\/uploads\/2023\/08\/1-SEMILLA-scaled-1-300x225.jpg\" class=\"attachment-medium size-medium\" alt=\"\" aria-describedby=\"gallery-1-169323\" srcset=\"https:\/\/www.eldiario.net\/portal\/wp-content\/uploads\/2023\/08\/1-SEMILLA-scaled-1-300x225.jpg 300w, https:\/\/www.eldiario.net\/portal\/wp-content\/uploads\/2023\/08\/1-SEMILLA-scaled-1-1024x768.jpg 1024w, https:\/\/www.eldiario.net\/portal\/wp-content\/uploads\/2023\/08\/1-SEMILLA-scaled-1-768x576.jpg 768w, https:\/\/www.eldiario.net\/portal\/wp-content\/uploads\/2023\/08\/1-SEMILLA-scaled-1-1536x1152.jpg 1536w, https:\/\/www.eldiario.net\/portal\/wp-content\/uploads\/2023\/08\/1-SEMILLA-scaled-1-2048x1536.jpg 2048w, https:\/\/www.eldiario.net\/portal\/wp-content\/uploads\/2023\/08\/1-SEMILLA-scaled-1-696x522.jpg 696w, https:\/\/www.eldiario.net\/portal\/wp-content\/uploads\/2023\/08\/1-SEMILLA-scaled-1-1068x801.jpg 1068w, https:\/\/www.eldiario.net\/portal\/wp-content\/uploads\/2023\/08\/1-SEMILLA-scaled-1-1920x1440.jpg 1920w\" sizes=\"auto, (max-width: 300px) 100vw, 300px\" \/><\/a>\n\t\t\t<\/div>\n\t\t\t\t<figcaption class='wp-caption-text gallery-caption' id='gallery-1-169323'>\n\t\t\t\tFotos: Huawei\n\t\t\t\t<\/figcaption><\/figure><figure class='gallery-item'>\n\t\t\t<div class='gallery-icon landscape'>\n\t\t\t\t<a href='https:\/\/www.eldiario.net\/portal\/2023\/08\/04\/semillas-para-el-futuro-tendra-70-postulantes-nacionales\/2-semilla\/'><img loading=\"lazy\" decoding=\"async\" width=\"300\" height=\"168\" src=\"https:\/\/www.eldiario.net\/portal\/wp-content\/uploads\/2023\/08\/2-SEMILLA-300x168.jpeg\" class=\"attachment-medium size-medium\" alt=\"\" aria-describedby=\"gallery-1-169324\" srcset=\"https:\/\/www.eldiario.net\/portal\/wp-content\/uploads\/2023\/08\/2-SEMILLA-300x168.jpeg 300w, https:\/\/www.eldiario.net\/portal\/wp-content\/uploads\/2023\/08\/2-SEMILLA-1024x575.jpeg 1024w, https:\/\/www.eldiario.net\/portal\/wp-content\/uploads\/2023\/08\/2-SEMILLA-768x431.jpeg 768w, https:\/\/www.eldiario.net\/portal\/wp-content\/uploads\/2023\/08\/2-SEMILLA-1536x862.jpeg 1536w, https:\/\/www.eldiario.net\/portal\/wp-content\/uploads\/2023\/08\/2-SEMILLA-696x391.jpeg 696w, https:\/\/www.eldiario.net\/portal\/wp-content\/uploads\/2023\/08\/2-SEMILLA-1068x599.jpeg 1068w, https:\/\/www.eldiario.net\/portal\/wp-content\/uploads\/2023\/08\/2-SEMILLA.jpeg 1600w\" sizes=\"auto, (max-width: 300px) 100vw, 300px\" \/><\/a>\n\t\t\t<\/div>\n\t\t\t\t<figcaption class='wp-caption-text gallery-caption' id='gallery-1-169324'>\n\t\t\t\tFotos: Huawei\n\t\t\t\t<\/figcaption><\/figure>\n\t\t<\/div>\n\n","protected":false},"excerpt":{"rendered":"<p>Dos meses despu\u00e9s del lanzamiento de la convocatoria para la s\u00e9ptima versi\u00f3n del programa Semillas para el Futuro, que impulsa la empresa Huawei Technologies para ayudar en la formaci\u00f3n tecnol\u00f3gica de estudiantes bolivianos destacados, se han recibido 70 postulaciones de 19 universidades de todo el pa\u00eds, inform\u00f3 el subgerente de Relaciones P\u00fablicas de la compa\u00f1\u00eda, [&hellip;]<\/p>\n","protected":false},"author":1,"featured_media":169323,"comment_status":"closed","ping_status":"open","sticky":false,"template":"","format":"standard","meta":{"_acf_changed":false,"footnotes":""},"categories":[12],"tags":[],"class_list":["post-169321","post","type-post","status-publish","format-standard","has-post-thumbnail","category-nacional"],"acf":{"antetitulo":""},"yoast_head":"<!-- This site is optimized with the Yoast SEO plugin v28.4 - https:\/\/yoast.com\/product\/yoast-seo-wordpress\/ -->\n<title>Semillas para el Futuro tendr\u00e1 70 postulantes nacionales - El Diario - Bolivia<\/title>\n<meta name=\"robots\" content=\"index, follow, max-snippet:-1, max-image-preview:large, max-video-preview:-1\" \/>\n<link rel=\"canonical\" href=\"https:\/\/www.eldiario.net\/portal\/2023\/08\/04\/semillas-para-el-futuro-tendra-70-postulantes-nacionales\/\" \/>\n<meta property=\"og:locale\" content=\"es_ES\" \/>\n<meta property=\"og:type\" content=\"article\" \/>\n<meta property=\"og:title\" content=\"Semillas para el Futuro tendr\u00e1 70 postulantes nacionales - El Diario - Bolivia\" \/>\n<meta property=\"og:description\" content=\"Dos meses despu\u00e9s del lanzamiento de la convocatoria para la s\u00e9ptima versi\u00f3n del programa Semillas para el Futuro, que impulsa la empresa Huawei Technologies para ayudar en la formaci\u00f3n tecnol\u00f3gica de estudiantes bolivianos destacados, se han recibido 70 postulaciones de 19 universidades de todo el pa\u00eds, inform\u00f3 el subgerente de Relaciones P\u00fablicas de la compa\u00f1\u00eda, [&hellip;]\" \/>\n<meta property=\"og:url\" content=\"https:\/\/www.eldiario.net\/portal\/2023\/08\/04\/semillas-para-el-futuro-tendra-70-postulantes-nacionales\/\" \/>\n<meta property=\"og:site_name\" content=\"El Diario - Bolivia\" \/>\n<meta property=\"article:publisher\" content=\"https:\/\/www.facebook.com\/eldiario.bolivia\/\" \/>\n<meta property=\"article:published_time\" content=\"2023-08-04T11:36:56+00:00\" \/>\n<meta property=\"og:image\" content=\"https:\/\/www.eldiario.net\/portal\/wp-content\/uploads\/2023\/08\/1-SEMILLA-scaled-1.jpg\" \/>\n\t<meta property=\"og:image:width\" content=\"2560\" \/>\n\t<meta property=\"og:image:height\" content=\"1920\" \/>\n\t<meta property=\"og:image:type\" content=\"image\/jpeg\" \/>\n<meta name=\"author\" content=\"Jeanette\" \/>\n<meta name=\"twitter:card\" content=\"summary_large_image\" \/>\n<meta name=\"twitter:creator\" content=\"@eldiario_net\" \/>\n<meta name=\"twitter:site\" content=\"@eldiario_net\" \/>\n<meta name=\"twitter:label1\" content=\"Escrito por\" \/>\n\t<meta name=\"twitter:data1\" content=\"Jeanette\" \/>\n\t<meta name=\"twitter:label2\" content=\"Tiempo de lectura\" \/>\n\t<meta name=\"twitter:data2\" content=\"3 minutos\" \/>\n<script type=\"application\/ld+json\" class=\"yoast-schema-graph\">{\"@context\":\"https:\\\/\\\/schema.org\",\"@graph\":[{\"@type\":\"Article\",\"@id\":\"https:\\\/\\\/www.eldiario.net\\\/portal\\\/2023\\\/08\\\/04\\\/semillas-para-el-futuro-tendra-70-postulantes-nacionales\\\/#article\",\"isPartOf\":{\"@id\":\"https:\\\/\\\/www.eldiario.net\\\/portal\\\/2023\\\/08\\\/04\\\/semillas-para-el-futuro-tendra-70-postulantes-nacionales\\\/\"},\"author\":{\"name\":\"Jeanette\",\"@id\":\"https:\\\/\\\/www.eldiario.net\\\/portal\\\/#\\\/schema\\\/person\\\/2c57cf2b7a7ae032e449e4c9b1019eac\"},\"headline\":\"Semillas para el Futuro tendr\u00e1 70 postulantes nacionales\",\"datePublished\":\"2023-08-04T11:36:56+00:00\",\"mainEntityOfPage\":{\"@id\":\"https:\\\/\\\/www.eldiario.net\\\/portal\\\/2023\\\/08\\\/04\\\/semillas-para-el-futuro-tendra-70-postulantes-nacionales\\\/\"},\"wordCount\":510,\"publisher\":{\"@id\":\"https:\\\/\\\/www.eldiario.net\\\/portal\\\/#organization\"},\"image\":{\"@id\":\"https:\\\/\\\/www.eldiario.net\\\/portal\\\/2023\\\/08\\\/04\\\/semillas-para-el-futuro-tendra-70-postulantes-nacionales\\\/#primaryimage\"},\"thumbnailUrl\":\"https:\\\/\\\/www.eldiario.net\\\/portal\\\/wp-content\\\/uploads\\\/2023\\\/08\\\/1-SEMILLA-scaled-1.jpg\",\"articleSection\":[\"Nacional\"],\"inLanguage\":\"es\"},{\"@type\":\"WebPage\",\"@id\":\"https:\\\/\\\/www.eldiario.net\\\/portal\\\/2023\\\/08\\\/04\\\/semillas-para-el-futuro-tendra-70-postulantes-nacionales\\\/\",\"url\":\"https:\\\/\\\/www.eldiario.net\\\/portal\\\/2023\\\/08\\\/04\\\/semillas-para-el-futuro-tendra-70-postulantes-nacionales\\\/\",\"name\":\"Semillas para el Futuro tendr\u00e1 70 postulantes nacionales - El Diario - Bolivia\",\"isPartOf\":{\"@id\":\"https:\\\/\\\/www.eldiario.net\\\/portal\\\/#website\"},\"primaryImageOfPage\":{\"@id\":\"https:\\\/\\\/www.eldiario.net\\\/portal\\\/2023\\\/08\\\/04\\\/semillas-para-el-futuro-tendra-70-postulantes-nacionales\\\/#primaryimage\"},\"image\":{\"@id\":\"https:\\\/\\\/www.eldiario.net\\\/portal\\\/2023\\\/08\\\/04\\\/semillas-para-el-futuro-tendra-70-postulantes-nacionales\\\/#primaryimage\"},\"thumbnailUrl\":\"https:\\\/\\\/www.eldiario.net\\\/portal\\\/wp-content\\\/uploads\\\/2023\\\/08\\\/1-SEMILLA-scaled-1.jpg\",\"datePublished\":\"2023-08-04T11:36:56+00:00\",\"breadcrumb\":{\"@id\":\"https:\\\/\\\/www.eldiario.net\\\/portal\\\/2023\\\/08\\\/04\\\/semillas-para-el-futuro-tendra-70-postulantes-nacionales\\\/#breadcrumb\"},\"inLanguage\":\"es\",\"potentialAction\":[{\"@type\":\"ReadAction\",\"target\":[\"https:\\\/\\\/www.eldiario.net\\\/portal\\\/2023\\\/08\\\/04\\\/semillas-para-el-futuro-tendra-70-postulantes-nacionales\\\/\"]}]},{\"@type\":\"ImageObject\",\"inLanguage\":\"es\",\"@id\":\"https:\\\/\\\/www.eldiario.net\\\/portal\\\/2023\\\/08\\\/04\\\/semillas-para-el-futuro-tendra-70-postulantes-nacionales\\\/#primaryimage\",\"url\":\"https:\\\/\\\/www.eldiario.net\\\/portal\\\/wp-content\\\/uploads\\\/2023\\\/08\\\/1-SEMILLA-scaled-1.jpg\",\"contentUrl\":\"https:\\\/\\\/www.eldiario.net\\\/portal\\\/wp-content\\\/uploads\\\/2023\\\/08\\\/1-SEMILLA-scaled-1.jpg\",\"width\":2560,\"height\":1920,\"caption\":\"Fotos: Huawei\"},{\"@type\":\"BreadcrumbList\",\"@id\":\"https:\\\/\\\/www.eldiario.net\\\/portal\\\/2023\\\/08\\\/04\\\/semillas-para-el-futuro-tendra-70-postulantes-nacionales\\\/#breadcrumb\",\"itemListElement\":[{\"@type\":\"ListItem\",\"position\":1,\"name\":\"Portada\",\"item\":\"https:\\\/\\\/www.eldiario.net\\\/portal\\\/\"},{\"@type\":\"ListItem\",\"position\":2,\"name\":\"Semillas para el Futuro tendr\u00e1 70 postulantes nacionales\"}]},{\"@type\":\"WebSite\",\"@id\":\"https:\\\/\\\/www.eldiario.net\\\/portal\\\/#website\",\"url\":\"https:\\\/\\\/www.eldiario.net\\\/portal\\\/\",\"name\":\"El Diario - Decano de la prensa nacional\",\"description\":\"El Diario - Decano de la prensa nacional\",\"publisher\":{\"@id\":\"https:\\\/\\\/www.eldiario.net\\\/portal\\\/#organization\"},\"potentialAction\":[{\"@type\":\"SearchAction\",\"target\":{\"@type\":\"EntryPoint\",\"urlTemplate\":\"https:\\\/\\\/www.eldiario.net\\\/portal\\\/?s={search_term_string}\"},\"query-input\":{\"@type\":\"PropertyValueSpecification\",\"valueRequired\":true,\"valueName\":\"search_term_string\"}}],\"inLanguage\":\"es\"},{\"@type\":\"Organization\",\"@id\":\"https:\\\/\\\/www.eldiario.net\\\/portal\\\/#organization\",\"name\":\"El Diario - Decano de la prensa nacional\",\"url\":\"https:\\\/\\\/www.eldiario.net\\\/portal\\\/\",\"logo\":{\"@type\":\"ImageObject\",\"inLanguage\":\"es\",\"@id\":\"https:\\\/\\\/www.eldiario.net\\\/portal\\\/#\\\/schema\\\/logo\\\/image\\\/\",\"url\":\"https:\\\/\\\/www.eldiario.net\\\/portal\\\/wp-content\\\/uploads\\\/2023\\\/07\\\/logo_ED.jpg\",\"contentUrl\":\"https:\\\/\\\/www.eldiario.net\\\/portal\\\/wp-content\\\/uploads\\\/2023\\\/07\\\/logo_ED.jpg\",\"width\":272,\"height\":52,\"caption\":\"El Diario - Decano de la prensa nacional\"},\"image\":{\"@id\":\"https:\\\/\\\/www.eldiario.net\\\/portal\\\/#\\\/schema\\\/logo\\\/image\\\/\"},\"sameAs\":[\"https:\\\/\\\/www.facebook.com\\\/eldiario.bolivia\\\/\",\"https:\\\/\\\/x.com\\\/eldiario_net\"]},{\"@type\":\"Person\",\"@id\":\"https:\\\/\\\/www.eldiario.net\\\/portal\\\/#\\\/schema\\\/person\\\/2c57cf2b7a7ae032e449e4c9b1019eac\",\"name\":\"Jeanette\",\"image\":{\"@type\":\"ImageObject\",\"inLanguage\":\"es\",\"@id\":\"https:\\\/\\\/secure.gravatar.com\\\/avatar\\\/3ea2118a5f7dad2b7138b1187a6b7ee55f160b9968b66013c3a3ef39dd7e5798?s=96&d=mm&r=g\",\"url\":\"https:\\\/\\\/secure.gravatar.com\\\/avatar\\\/3ea2118a5f7dad2b7138b1187a6b7ee55f160b9968b66013c3a3ef39dd7e5798?s=96&d=mm&r=g\",\"contentUrl\":\"https:\\\/\\\/secure.gravatar.com\\\/avatar\\\/3ea2118a5f7dad2b7138b1187a6b7ee55f160b9968b66013c3a3ef39dd7e5798?s=96&d=mm&r=g\",\"caption\":\"Jeanette\"},\"sameAs\":[\"https:\\\/\\\/www.eldiario.net\\\/portal\"],\"url\":\"https:\\\/\\\/www.eldiario.net\\\/portal\\\/author\\\/jeanette\\\/\"}]}<\/script>\n<!-- \/ Yoast SEO plugin. -->","yoast_head_json":{"title":"Semillas para el Futuro tendr\u00e1 70 postulantes nacionales - El Diario - Bolivia","robots":{"index":"index","follow":"follow","max-snippet":"max-snippet:-1","max-image-preview":"max-image-preview:large","max-video-preview":"max-video-preview:-1"},"canonical":"https:\/\/www.eldiario.net\/portal\/2023\/08\/04\/semillas-para-el-futuro-tendra-70-postulantes-nacionales\/","og_locale":"es_ES","og_type":"article","og_title":"Semillas para el Futuro tendr\u00e1 70 postulantes nacionales - El Diario - Bolivia","og_description":"Dos meses despu\u00e9s del lanzamiento de la convocatoria para la s\u00e9ptima versi\u00f3n del programa Semillas para el Futuro, que impulsa la empresa Huawei Technologies para ayudar en la formaci\u00f3n tecnol\u00f3gica de estudiantes bolivianos destacados, se han recibido 70 postulaciones de 19 universidades de todo el pa\u00eds, inform\u00f3 el subgerente de Relaciones P\u00fablicas de la compa\u00f1\u00eda, [&hellip;]","og_url":"https:\/\/www.eldiario.net\/portal\/2023\/08\/04\/semillas-para-el-futuro-tendra-70-postulantes-nacionales\/","og_site_name":"El Diario - Bolivia","article_publisher":"https:\/\/www.facebook.com\/eldiario.bolivia\/","article_published_time":"2023-08-04T11:36:56+00:00","og_image":[{"width":2560,"height":1920,"url":"https:\/\/www.eldiario.net\/portal\/wp-content\/uploads\/2023\/08\/1-SEMILLA-scaled-1.jpg","type":"image\/jpeg"}],"author":"Jeanette","twitter_card":"summary_large_image","twitter_creator":"@eldiario_net","twitter_site":"@eldiario_net","twitter_misc":{"Escrito por":"Jeanette","Tiempo de lectura":"3 minutos"},"schema":{"@context":"https:\/\/schema.org","@graph":[{"@type":"Article","@id":"https:\/\/www.eldiario.net\/portal\/2023\/08\/04\/semillas-para-el-futuro-tendra-70-postulantes-nacionales\/#article","isPartOf":{"@id":"https:\/\/www.eldiario.net\/portal\/2023\/08\/04\/semillas-para-el-futuro-tendra-70-postulantes-nacionales\/"},"author":{"name":"Jeanette","@id":"https:\/\/www.eldiario.net\/portal\/#\/schema\/person\/2c57cf2b7a7ae032e449e4c9b1019eac"},"headline":"Semillas para el Futuro tendr\u00e1 70 postulantes nacionales","datePublished":"2023-08-04T11:36:56+00:00","mainEntityOfPage":{"@id":"https:\/\/www.eldiario.net\/portal\/2023\/08\/04\/semillas-para-el-futuro-tendra-70-postulantes-nacionales\/"},"wordCount":510,"publisher":{"@id":"https:\/\/www.eldiario.net\/portal\/#organization"},"image":{"@id":"https:\/\/www.eldiario.net\/portal\/2023\/08\/04\/semillas-para-el-futuro-tendra-70-postulantes-nacionales\/#primaryimage"},"thumbnailUrl":"https:\/\/www.eldiario.net\/portal\/wp-content\/uploads\/2023\/08\/1-SEMILLA-scaled-1.jpg","articleSection":["Nacional"],"inLanguage":"es"},{"@type":"WebPage","@id":"https:\/\/www.eldiario.net\/portal\/2023\/08\/04\/semillas-para-el-futuro-tendra-70-postulantes-nacionales\/","url":"https:\/\/www.eldiario.net\/portal\/2023\/08\/04\/semillas-para-el-futuro-tendra-70-postulantes-nacionales\/","name":"Semillas para el Futuro tendr\u00e1 70 postulantes nacionales - El Diario - Bolivia","isPartOf":{"@id":"https:\/\/www.eldiario.net\/portal\/#website"},"primaryImageOfPage":{"@id":"https:\/\/www.eldiario.net\/portal\/2023\/08\/04\/semillas-para-el-futuro-tendra-70-postulantes-nacionales\/#primaryimage"},"image":{"@id":"https:\/\/www.eldiario.net\/portal\/2023\/08\/04\/semillas-para-el-futuro-tendra-70-postulantes-nacionales\/#primaryimage"},"thumbnailUrl":"https:\/\/www.eldiario.net\/portal\/wp-content\/uploads\/2023\/08\/1-SEMILLA-scaled-1.jpg","datePublished":"2023-08-04T11:36:56+00:00","breadcrumb":{"@id":"https:\/\/www.eldiario.net\/portal\/2023\/08\/04\/semillas-para-el-futuro-tendra-70-postulantes-nacionales\/#breadcrumb"},"inLanguage":"es","potentialAction":[{"@type":"ReadAction","target":["https:\/\/www.eldiario.net\/portal\/2023\/08\/04\/semillas-para-el-futuro-tendra-70-postulantes-nacionales\/"]}]},{"@type":"ImageObject","inLanguage":"es","@id":"https:\/\/www.eldiario.net\/portal\/2023\/08\/04\/semillas-para-el-futuro-tendra-70-postulantes-nacionales\/#primaryimage","url":"https:\/\/www.eldiario.net\/portal\/wp-content\/uploads\/2023\/08\/1-SEMILLA-scaled-1.jpg","contentUrl":"https:\/\/www.eldiario.net\/portal\/wp-content\/uploads\/2023\/08\/1-SEMILLA-scaled-1.jpg","width":2560,"height":1920,"caption":"Fotos: Huawei"},{"@type":"BreadcrumbList","@id":"https:\/\/www.eldiario.net\/portal\/2023\/08\/04\/semillas-para-el-futuro-tendra-70-postulantes-nacionales\/#breadcrumb","itemListElement":[{"@type":"ListItem","position":1,"name":"Portada","item":"https:\/\/www.eldiario.net\/portal\/"},{"@type":"ListItem","position":2,"name":"Semillas para el Futuro tendr\u00e1 70 postulantes nacionales"}]},{"@type":"WebSite","@id":"https:\/\/www.eldiario.net\/portal\/#website","url":"https:\/\/www.eldiario.net\/portal\/","name":"El Diario - Decano de la prensa nacional","description":"El Diario - Decano de la prensa nacional","publisher":{"@id":"https:\/\/www.eldiario.net\/portal\/#organization"},"potentialAction":[{"@type":"SearchAction","target":{"@type":"EntryPoint","urlTemplate":"https:\/\/www.eldiario.net\/portal\/?s={search_term_string}"},"query-input":{"@type":"PropertyValueSpecification","valueRequired":true,"valueName":"search_term_string"}}],"inLanguage":"es"},{"@type":"Organization","@id":"https:\/\/www.eldiario.net\/portal\/#organization","name":"El Diario - Decano de la prensa nacional","url":"https:\/\/www.eldiario.net\/portal\/","logo":{"@type":"ImageObject","inLanguage":"es","@id":"https:\/\/www.eldiario.net\/portal\/#\/schema\/logo\/image\/","url":"https:\/\/www.eldiario.net\/portal\/wp-content\/uploads\/2023\/07\/logo_ED.jpg","contentUrl":"https:\/\/www.eldiario.net\/portal\/wp-content\/uploads\/2023\/07\/logo_ED.jpg","width":272,"height":52,"caption":"El Diario - Decano de la prensa nacional"},"image":{"@id":"https:\/\/www.eldiario.net\/portal\/#\/schema\/logo\/image\/"},"sameAs":["https:\/\/www.facebook.com\/eldiario.bolivia\/","https:\/\/x.com\/eldiario_net"]},{"@type":"Person","@id":"https:\/\/www.eldiario.net\/portal\/#\/schema\/person\/2c57cf2b7a7ae032e449e4c9b1019eac","name":"Jeanette","image":{"@type":"ImageObject","inLanguage":"es","@id":"https:\/\/secure.gravatar.com\/avatar\/3ea2118a5f7dad2b7138b1187a6b7ee55f160b9968b66013c3a3ef39dd7e5798?s=96&d=mm&r=g","url":"https:\/\/secure.gravatar.com\/avatar\/3ea2118a5f7dad2b7138b1187a6b7ee55f160b9968b66013c3a3ef39dd7e5798?s=96&d=mm&r=g","contentUrl":"https:\/\/secure.gravatar.com\/avatar\/3ea2118a5f7dad2b7138b1187a6b7ee55f160b9968b66013c3a3ef39dd7e5798?s=96&d=mm&r=g","caption":"Jeanette"},"sameAs":["https:\/\/www.eldiario.net\/portal"],"url":"https:\/\/www.eldiario.net\/portal\/author\/jeanette\/"}]}},"_links":{"self":[{"href":"https:\/\/www.eldiario.net\/portal\/wp-json\/wp\/v2\/posts\/169321","targetHints":{"allow":["GET"]}}],"collection":[{"href":"https:\/\/www.eldiario.net\/portal\/wp-json\/wp\/v2\/posts"}],"about":[{"href":"https:\/\/www.eldiario.net\/portal\/wp-json\/wp\/v2\/types\/post"}],"author":[{"embeddable":true,"href":"https:\/\/www.eldiario.net\/portal\/wp-json\/wp\/v2\/users\/1"}],"replies":[{"embeddable":true,"href":"https:\/\/www.eldiario.net\/portal\/wp-json\/wp\/v2\/comments?post=169321"}],"version-history":[{"count":0,"href":"https:\/\/www.eldiario.net\/portal\/wp-json\/wp\/v2\/posts\/169321\/revisions"}],"wp:featuredmedia":[{"embeddable":true,"href":"https:\/\/www.eldiario.net\/portal\/wp-json\/wp\/v2\/media\/169323"}],"wp:attachment":[{"href":"https:\/\/www.eldiario.net\/portal\/wp-json\/wp\/v2\/media?parent=169321"}],"wp:term":[{"taxonomy":"category","embeddable":true,"href":"https:\/\/www.eldiario.net\/portal\/wp-json\/wp\/v2\/categories?post=169321"},{"taxonomy":"post_tag","embeddable":true,"href":"https:\/\/www.eldiario.net\/portal\/wp-json\/wp\/v2\/tags?post=169321"}],"curies":[{"name":"wp","href":"https:\/\/api.w.org\/{rel}","templated":true}]}}