{"id":169313,"date":"2023-08-04T07:26:47","date_gmt":"2023-08-04T11:26:47","guid":{"rendered":"https:\/\/www.eldiario.net\/portal\/?p=169313"},"modified":"2023-08-04T07:26:47","modified_gmt":"2023-08-04T11:26:47","slug":"alejandro-pinedo-vivir-esforzandome-cada-dia-es-lo-mas-extremo-que-podria-hacer-por-las-personas-que-amo","status":"publish","type":"post","link":"https:\/\/www.eldiario.net\/portal\/2023\/08\/04\/alejandro-pinedo-vivir-esforzandome-cada-dia-es-lo-mas-extremo-que-podria-hacer-por-las-personas-que-amo\/","title":{"rendered":"ALEJANDRO PINEDO \u201cVivir esforz\u00e1ndome cada d\u00eda es lo m\u00e1s extremo que podr\u00eda hacer por las personas que amo\u201d"},"content":{"rendered":"<p><strong>Nombre:<\/strong> Alejandro Fabio Pinedo Terrazas.<\/p>\n<p><strong>Fecha de nacimiento:<\/strong> 3 de diciembre de 1986.<\/p>\n<p><strong>Estado civil:<\/strong> Solter\u00edsimo.<\/p>\n<p><strong>\u00bfA qu\u00e9 te dedicas hoy?:<\/strong> A crear contenido.<\/p>\n<p>&nbsp;<\/p>\n<p>&nbsp;<\/p>\n<p>&nbsp;<\/p>\n<p><strong>LG: \u00bfQu\u00e9 es lo que el p\u00fablico no sabe de ti?<\/strong><\/p>\n<p>A: Mi vida personal entera (sonr\u00ede), no comparto detalles de eso, prefiero mantenerlo para m\u00ed mismo.<\/p>\n<p><strong>LG: \u00bfCu\u00e1l es tu mayor tesoro?<\/strong><\/p>\n<p>A: Mi fe en Dios.<\/p>\n<p><strong>LG: Si volvieras a nacer, \u00bfqu\u00e9 cambiar\u00edas de tu vida?<\/strong><\/p>\n<p>A: Nada cambiar\u00eda\u2026 creo que la vida es un proceso de equivocarse y de ah\u00ed se aprende, \u00bfno?, entonces ni siquiera puedo imaginar c\u00f3mo ser\u00eda mi vida sin las partes malas o buenas que me han pasado. No quisiera, la verdad, llegar a ning\u00fan otro lugar que no sea donde estoy ahorita.<\/p>\n<p><strong>LG: \u00bfCu\u00e1l es tu mayor fortaleza?<\/strong><\/p>\n<p>A: Tambi\u00e9n mi fe en Dios, tal vez la \u00fanica.<\/p>\n<p><strong>LG: \u00bfCu\u00e1l es tu mayor debilidad?<\/strong><\/p>\n<p>A: Tal vez algunas creencias limitantes que tengo. Sinceramente siento que podr\u00eda hacer m\u00e1s de lo que estoy haciendo y creo que es algo subconsciente\u2026 Hay diferentes creencias que est\u00e1n dentro de la mayor\u00eda de los humanos, como el s\u00edndrome del impostor\u2026 creencias negativas acerca de cosas que realmente no son ciertas, como, por ejemplo, que tal vez dices: \u201cNo estoy avanzando muy r\u00e1pido\u201d dentro de ti mismo y te limitas. Yo, por ejemplo, la \u00faltima vez que fui a Per\u00fa y vi los estudios de Am\u00e9rica como que liber\u00e9 mi mente, pero debe haber varias cosas que ni me doy cuenta que me est\u00e1n limitando.<\/p>\n<p><strong>LG: \u00bfQu\u00e9 es lo mejor que han opinado de ti?<\/strong><\/p>\n<p>A: Uy, los comentarios de los videos me dicen eres un crack, eres un genio, me haces re\u00edr, esa clase de cosas realmente me alientan much\u00edsimo.<\/p>\n<p><strong>LG: Y \u00bflo peor?<\/strong><\/p>\n<p>A: Lo mismo que los haters, eres sonso, burro (sonr\u00ede), tienes malos chistes, esas cosas, \u00bfno? tambi\u00e9n hay de todo.<\/p>\n<p><strong>LG: Cuando te miras en el espejo, \u00bfqu\u00e9 ves?<\/strong><\/p>\n<p>A: Soy muy orgulloso de m\u00ed cuando me veo, por haber dejado atr\u00e1s muchas cosas que me agarraban\u2026 Me siento muy orgulloso todos los d\u00edas cada vez que me veo y digo: Ah\u00ed est\u00e1 un chico que va a intentar dar el mejor hit de su vida (sonr\u00ede).<\/p>\n<p><strong>LG: \u00bfEres un esclavo del espejo?<\/strong><\/p>\n<p>A: No, para nada, al contrario, me tienen que obligar un poquito a verme, a veces ni me veo, no tengo mucho cuidado, la verdad, con la apariencia, creo que no es algo que importe mucho, tampoco considero que es algo que ha aportado a lograr lo que tengo, sino es m\u00e1s que nada un proceso intelectual, por eso m\u00e1s bien no me veo tanto.<\/p>\n<p><strong>LG: \u00bfQu\u00e9 haces en tu tiempo libre?<\/strong><\/p>\n<p>A: Leo mucho acerca de guionizaci\u00f3n, a pesar de que igual lo hago en el tiempo que tengo digamos destinado para trabajar. Cuando es mi tiempo libre prefiero explorar otra clase de aspectos que tal vez van m\u00e1s all\u00e1 de solamente los autores de novelas literarias.<\/p>\n<p><strong>LG: \u00bfQu\u00e9 ser\u00eda lo \u00faltimo que har\u00edas por amor?<\/strong><\/p>\n<p>A: El sacrificio m\u00e1s grande que existe es mejorar todos los d\u00edas y amarse uno mismo para proteger a los que est\u00e1n cerca de ti. Te podr\u00eda decir morir\u00eda, pero me parece f\u00e1cil morir por alguien, porque es un ratito, \u00bfno?, mientras que vivir esforz\u00e1ndome todos los d\u00edas creo que es lo m\u00e1s extremo que podr\u00eda hacer por todas las personas que amo y lo hago todos los d\u00edas.<\/p>\n<p><strong>LG: \u00bfQu\u00e9 cosa nunca perdonar\u00edas?<\/strong><\/p>\n<p>A: Perdonar\u00eda todo, creo en la filosof\u00eda del perd\u00f3n.<\/p>\n<p><strong>LG: \u00bfUna frustraci\u00f3n?<\/strong><\/p>\n<p>A: Quisiera crecer m\u00e1s r\u00e1pido, pero sinceramente considero que estoy bien encaminado. Hace unos a\u00f1os he decidido seguir el camino de no lo que tengo que hacer sino de lo que me encanta. \u00bfAhorita frustrado? no estoy en ning\u00fan sentido, creo que estoy en el lugar correcto, en el tiempo correcto.<\/p>\n<p><strong>LG: \u00bfUn sue\u00f1o realizado?<\/strong><\/p>\n<p>A: Un sue\u00f1o realizado es llegar a tantas personas a trav\u00e9s de las historias que hago y que se hayan re\u00eddo, que hayan alivianado un poquito su d\u00eda.<\/p>\n<p><strong>LG: \u00bfQu\u00e9 haces cuando reniegas?<\/strong><\/p>\n<p>A: Prefiero reflexionar. La experiencia me ha ense\u00f1ado que la reacci\u00f3n inmediata siempre es mala, entonces prefiero callarme e irme y nada decir\u2026 aunque a veces s\u00ed tal vez me puede salir alguna cosa, como a todos los humanos.<\/p>\n<p><strong>LG: \u00bfC\u00f3mo te gustar\u00eda que te recuerden?<\/strong><\/p>\n<p>A: Como una persona que ha aportado al contenido boliviano y que ha logrado que \u00e9ste sea conocido en otros pa\u00edses y que ha iniciado un camino para que los dem\u00e1s creadores de contenido puedan seguirlo.<\/p>\n<p><strong>LG: Si alguien no te cae, \u00bfse lo dices de frente?<\/strong><\/p>\n<p>A: No, no, creo que est\u00e1 mal lastimar a las personas. E igual s\u00e9 que todo es relativo, si no me cae hoy, me puede caer ma\u00f1ana, entonces prefiero esperar con paciencia.<\/p>\n<p><strong>LG: Si tuvieras una varita m\u00e1gica, \u00bfqu\u00e9 har\u00edas?<\/strong><\/p>\n<p>A: Har\u00eda estudios en Santa Cruz y El Alto para hacer telenovelas y comenzar a producir, producir\u00eda un mont\u00f3n de recursos, pero simplemente para remunerar a todas las personas que est\u00e1n trabajando conmigo, que de alguna manera merecen much\u00edsimo m\u00e1s.<\/p>\n<p><strong>LG: Si tendr\u00edas que ser otro creador de contenidos o un comunicador, \u00bfqui\u00e9n ser\u00edas?<\/strong><\/p>\n<p>A: Fernando Gait\u00e1n, el escritor de Betty la fea, por la capacidad que tuvo para escribir esa obra maestra, la telenovela que ha roto todos los R\u00e9cords Guinnes\u2026 Quisiera ser \u00e9l para entender muchos principios literarios y muchas de las cosas que \u00e9l ha dicho acerca de hacer historias, de c\u00f3mo las personas piensan que es porque pueden ver una historia o pueden hacerla, que es como he empezado yo, pero que es una cosa much\u00edsimo m\u00e1s compleja, comparable tal vez como cuando escuches una sinfon\u00eda y crees que la puedes recrear, pero necesitas, pues, estudiar m\u00fasica.<\/p>\n<p><strong>LG: De no crear contenidos, \u00bfa qu\u00e9 te dedicar\u00edas?<\/strong><\/p>\n<p>A: Definitivamente a emprender diferentes cosas. Una de las cosas que amo es emprender, me encanta que nada haya y crear, tal vez por eso me gusta tambi\u00e9n crear contenidos. Si no pudiera crear contenidos, crear\u00eda algo, alguna empresa tal vez.<\/p>\n<p><strong>LG: \u00bfQu\u00e9 destacas de APTV?<\/strong><\/p>\n<p>A: APTV es la consolidaci\u00f3n de algo que ha empezado como un juego, como divertirse, como tal vez con un af\u00e1n de llegar a las personas, pero que poco a poco se consolida en algo m\u00e1s corporativo, que entiende que no se trata solamente de brillar uno, sino de inspirar a otras personas que trabajan contigo para brillar, para que juntos podamos alcanzar algo m\u00e1s grande.<\/p>\n<p><strong>LG: \u00bfQu\u00e9 representa para ti la creaci\u00f3n de contenidos?<\/strong><\/p>\n<p>A: Contar historias emocionantes para inspirar decisiones positivas.<\/p>\n<p><strong>LG: \u00bfY la actuaci\u00f3n?<\/strong><\/p>\n<p>A: La herramienta para poder contar historias.<\/p>\n<p><strong>LG: \u00bfQu\u00e9 significa para ti tu familia?<\/strong><\/p>\n<p>A: Lo m\u00e1s importante de mi vida, mi mam\u00e1 y mi hermano son realmente lo que m\u00e1s amo y lo m\u00e1s sagrado, tal vez por los que realmente existo, por lo que vale la pena seguir adelante.<\/p>\n<p><strong>LG: \u00bfA qui\u00e9n desear\u00edas abrazar en este momento?<\/strong><\/p>\n<p>A: Que ya no est\u00e1\u2026 a mi pap\u00e1, porque a mi mam\u00e1 la puedo abrazar\u2026 pero s\u00ed me gustar\u00eda abrazar a mi pap\u00e1, much\u00edsimo, mi pap\u00e1 falleci\u00f3 el a\u00f1o 2009.<\/p>\n<div id='gallery-1' class='gallery galleryid-169313 gallery-columns-3 gallery-size-medium'><figure class='gallery-item'>\n\t\t\t<div class='gallery-icon landscape'>\n\t\t\t\t<a href='https:\/\/www.eldiario.net\/portal\/2023\/08\/04\/alejandro-pinedo-vivir-esforzandome-cada-dia-es-lo-mas-extremo-que-podria-hacer-por-las-personas-que-amo\/ale-1principal\/'><img loading=\"lazy\" decoding=\"async\" width=\"300\" height=\"256\" src=\"https:\/\/www.eldiario.net\/portal\/wp-content\/uploads\/2023\/08\/ale-1PRINCIPAL-scaled-1-300x256.jpg\" class=\"attachment-medium size-medium\" alt=\"\" srcset=\"https:\/\/www.eldiario.net\/portal\/wp-content\/uploads\/2023\/08\/ale-1PRINCIPAL-scaled-1-300x256.jpg 300w, https:\/\/www.eldiario.net\/portal\/wp-content\/uploads\/2023\/08\/ale-1PRINCIPAL-scaled-1-1024x874.jpg 1024w, https:\/\/www.eldiario.net\/portal\/wp-content\/uploads\/2023\/08\/ale-1PRINCIPAL-scaled-1-768x656.jpg 768w, https:\/\/www.eldiario.net\/portal\/wp-content\/uploads\/2023\/08\/ale-1PRINCIPAL-scaled-1-1536x1311.jpg 1536w, https:\/\/www.eldiario.net\/portal\/wp-content\/uploads\/2023\/08\/ale-1PRINCIPAL-scaled-1-2048x1748.jpg 2048w, https:\/\/www.eldiario.net\/portal\/wp-content\/uploads\/2023\/08\/ale-1PRINCIPAL-scaled-1-696x594.jpg 696w, https:\/\/www.eldiario.net\/portal\/wp-content\/uploads\/2023\/08\/ale-1PRINCIPAL-scaled-1-1068x912.jpg 1068w, https:\/\/www.eldiario.net\/portal\/wp-content\/uploads\/2023\/08\/ale-1PRINCIPAL-scaled-1-1920x1639.jpg 1920w\" sizes=\"auto, (max-width: 300px) 100vw, 300px\" \/><\/a>\n\t\t\t<\/div><\/figure><figure class='gallery-item'>\n\t\t\t<div class='gallery-icon landscape'>\n\t\t\t\t<a href='https:\/\/www.eldiario.net\/portal\/2023\/08\/04\/alejandro-pinedo-vivir-esforzandome-cada-dia-es-lo-mas-extremo-que-podria-hacer-por-las-personas-que-amo\/ale-2\/'><img loading=\"lazy\" decoding=\"async\" width=\"300\" height=\"291\" src=\"https:\/\/www.eldiario.net\/portal\/wp-content\/uploads\/2023\/08\/ale-2-300x291.jpeg\" class=\"attachment-medium size-medium\" alt=\"\" srcset=\"https:\/\/www.eldiario.net\/portal\/wp-content\/uploads\/2023\/08\/ale-2-300x291.jpeg 300w, https:\/\/www.eldiario.net\/portal\/wp-content\/uploads\/2023\/08\/ale-2-696x675.jpeg 696w, https:\/\/www.eldiario.net\/portal\/wp-content\/uploads\/2023\/08\/ale-2.jpeg 768w\" sizes=\"auto, (max-width: 300px) 100vw, 300px\" \/><\/a>\n\t\t\t<\/div><\/figure><figure class='gallery-item'>\n\t\t\t<div class='gallery-icon landscape'>\n\t\t\t\t<a href='https:\/\/www.eldiario.net\/portal\/2023\/08\/04\/alejandro-pinedo-vivir-esforzandome-cada-dia-es-lo-mas-extremo-que-podria-hacer-por-las-personas-que-amo\/ale-3\/'><img loading=\"lazy\" decoding=\"async\" width=\"300\" height=\"244\" src=\"https:\/\/www.eldiario.net\/portal\/wp-content\/uploads\/2023\/08\/ale-3-scaled-1-300x244.jpg\" class=\"attachment-medium size-medium\" alt=\"\" srcset=\"https:\/\/www.eldiario.net\/portal\/wp-content\/uploads\/2023\/08\/ale-3-scaled-1-300x244.jpg 300w, https:\/\/www.eldiario.net\/portal\/wp-content\/uploads\/2023\/08\/ale-3-scaled-1-1024x832.jpg 1024w, https:\/\/www.eldiario.net\/portal\/wp-content\/uploads\/2023\/08\/ale-3-scaled-1-768x624.jpg 768w, https:\/\/www.eldiario.net\/portal\/wp-content\/uploads\/2023\/08\/ale-3-scaled-1-1536x1247.jpg 1536w, https:\/\/www.eldiario.net\/portal\/wp-content\/uploads\/2023\/08\/ale-3-scaled-1-2048x1663.jpg 2048w, https:\/\/www.eldiario.net\/portal\/wp-content\/uploads\/2023\/08\/ale-3-scaled-1-696x565.jpg 696w, https:\/\/www.eldiario.net\/portal\/wp-content\/uploads\/2023\/08\/ale-3-scaled-1-1068x867.jpg 1068w, https:\/\/www.eldiario.net\/portal\/wp-content\/uploads\/2023\/08\/ale-3-scaled-1-1920x1559.jpg 1920w\" sizes=\"auto, (max-width: 300px) 100vw, 300px\" \/><\/a>\n\t\t\t<\/div><\/figure><figure class='gallery-item'>\n\t\t\t<div class='gallery-icon landscape'>\n\t\t\t\t<a href='https:\/\/www.eldiario.net\/portal\/2023\/08\/04\/alejandro-pinedo-vivir-esforzandome-cada-dia-es-lo-mas-extremo-que-podria-hacer-por-las-personas-que-amo\/ale-4\/'><img loading=\"lazy\" decoding=\"async\" width=\"300\" height=\"231\" src=\"https:\/\/www.eldiario.net\/portal\/wp-content\/uploads\/2023\/08\/ale-4-300x231.jpeg\" class=\"attachment-medium size-medium\" alt=\"\" srcset=\"https:\/\/www.eldiario.net\/portal\/wp-content\/uploads\/2023\/08\/ale-4-300x231.jpeg 300w, https:\/\/www.eldiario.net\/portal\/wp-content\/uploads\/2023\/08\/ale-4.jpeg 601w\" sizes=\"auto, (max-width: 300px) 100vw, 300px\" \/><\/a>\n\t\t\t<\/div><\/figure><figure class='gallery-item'>\n\t\t\t<div class='gallery-icon landscape'>\n\t\t\t\t<a href='https:\/\/www.eldiario.net\/portal\/2023\/08\/04\/alejandro-pinedo-vivir-esforzandome-cada-dia-es-lo-mas-extremo-que-podria-hacer-por-las-personas-que-amo\/ale-5\/'><img loading=\"lazy\" decoding=\"async\" width=\"300\" height=\"223\" src=\"https:\/\/www.eldiario.net\/portal\/wp-content\/uploads\/2023\/08\/ale-5-300x223.jpeg\" class=\"attachment-medium size-medium\" alt=\"\" srcset=\"https:\/\/www.eldiario.net\/portal\/wp-content\/uploads\/2023\/08\/ale-5-300x223.jpeg 300w, https:\/\/www.eldiario.net\/portal\/wp-content\/uploads\/2023\/08\/ale-5-485x360.jpeg 485w, https:\/\/www.eldiario.net\/portal\/wp-content\/uploads\/2023\/08\/ale-5-696x518.jpeg 696w, https:\/\/www.eldiario.net\/portal\/wp-content\/uploads\/2023\/08\/ale-5.jpeg 768w\" sizes=\"auto, (max-width: 300px) 100vw, 300px\" \/><\/a>\n\t\t\t<\/div><\/figure><figure class='gallery-item'>\n\t\t\t<div class='gallery-icon portrait'>\n\t\t\t\t<a href='https:\/\/www.eldiario.net\/portal\/2023\/08\/04\/alejandro-pinedo-vivir-esforzandome-cada-dia-es-lo-mas-extremo-que-podria-hacer-por-las-personas-que-amo\/ale-6\/'><img loading=\"lazy\" decoding=\"async\" width=\"250\" height=\"300\" src=\"https:\/\/www.eldiario.net\/portal\/wp-content\/uploads\/2023\/08\/ale-6-250x300.jpeg\" class=\"attachment-medium size-medium\" alt=\"\" srcset=\"https:\/\/www.eldiario.net\/portal\/wp-content\/uploads\/2023\/08\/ale-6-250x300.jpeg 250w, https:\/\/www.eldiario.net\/portal\/wp-content\/uploads\/2023\/08\/ale-6.jpeg 683w\" sizes=\"auto, (max-width: 250px) 100vw, 250px\" \/><\/a>\n\t\t\t<\/div><\/figure>\n\t\t<\/div>\n\n","protected":false},"excerpt":{"rendered":"<p>Nombre: Alejandro Fabio Pinedo Terrazas. Fecha de nacimiento: 3 de diciembre de 1986. Estado civil: Solter\u00edsimo. \u00bfA qu\u00e9 te dedicas hoy?: A crear contenido. &nbsp; &nbsp; &nbsp; LG: \u00bfQu\u00e9 es lo que el p\u00fablico no sabe de ti? A: Mi vida personal entera (sonr\u00ede), no comparto detalles de eso, prefiero mantenerlo para m\u00ed mismo. LG: [&hellip;]<\/p>\n","protected":false},"author":1,"featured_media":169314,"comment_status":"closed","ping_status":"open","sticky":false,"template":"","format":"standard","meta":{"_acf_changed":false,"footnotes":""},"categories":[41],"tags":[],"class_list":["post-169313","post","type-post","status-publish","format-standard","has-post-thumbnail","category-la-guia"],"acf":{"antetitulo":""},"yoast_head":"<!-- This site is optimized with the Yoast SEO plugin v28.4 - https:\/\/yoast.com\/product\/yoast-seo-wordpress\/ -->\n<title>ALEJANDRO PINEDO \u201cVivir esforz\u00e1ndome cada d\u00eda es lo m\u00e1s extremo que podr\u00eda hacer por las personas que amo\u201d - El Diario - Bolivia<\/title>\n<meta name=\"robots\" content=\"index, follow, max-snippet:-1, max-image-preview:large, max-video-preview:-1\" \/>\n<link rel=\"canonical\" href=\"https:\/\/www.eldiario.net\/portal\/2023\/08\/04\/alejandro-pinedo-vivir-esforzandome-cada-dia-es-lo-mas-extremo-que-podria-hacer-por-las-personas-que-amo\/\" \/>\n<meta property=\"og:locale\" content=\"es_ES\" \/>\n<meta property=\"og:type\" content=\"article\" \/>\n<meta property=\"og:title\" content=\"ALEJANDRO PINEDO \u201cVivir esforz\u00e1ndome cada d\u00eda es lo m\u00e1s extremo que podr\u00eda hacer por las personas que amo\u201d - El Diario - Bolivia\" \/>\n<meta property=\"og:description\" content=\"Nombre: Alejandro Fabio Pinedo Terrazas. Fecha de nacimiento: 3 de diciembre de 1986. Estado civil: Solter\u00edsimo. \u00bfA qu\u00e9 te dedicas hoy?: A crear contenido. &nbsp; &nbsp; &nbsp; LG: \u00bfQu\u00e9 es lo que el p\u00fablico no sabe de ti? A: Mi vida personal entera (sonr\u00ede), no comparto detalles de eso, prefiero mantenerlo para m\u00ed mismo. LG: [&hellip;]\" \/>\n<meta property=\"og:url\" content=\"https:\/\/www.eldiario.net\/portal\/2023\/08\/04\/alejandro-pinedo-vivir-esforzandome-cada-dia-es-lo-mas-extremo-que-podria-hacer-por-las-personas-que-amo\/\" \/>\n<meta property=\"og:site_name\" content=\"El Diario - Bolivia\" \/>\n<meta property=\"article:publisher\" content=\"https:\/\/www.facebook.com\/eldiario.bolivia\/\" \/>\n<meta property=\"article:published_time\" content=\"2023-08-04T11:26:47+00:00\" \/>\n<meta property=\"og:image\" content=\"https:\/\/www.eldiario.net\/portal\/wp-content\/uploads\/2023\/08\/ale-1PRINCIPAL-scaled-1.jpg\" \/>\n\t<meta property=\"og:image:width\" content=\"2560\" \/>\n\t<meta property=\"og:image:height\" content=\"2185\" \/>\n\t<meta property=\"og:image:type\" content=\"image\/jpeg\" \/>\n<meta name=\"author\" content=\"Jeanette\" \/>\n<meta name=\"twitter:card\" content=\"summary_large_image\" \/>\n<meta name=\"twitter:creator\" content=\"@eldiario_net\" \/>\n<meta name=\"twitter:site\" content=\"@eldiario_net\" \/>\n<meta name=\"twitter:label1\" content=\"Escrito por\" \/>\n\t<meta name=\"twitter:data1\" content=\"Jeanette\" \/>\n\t<meta name=\"twitter:label2\" content=\"Tiempo de lectura\" \/>\n\t<meta name=\"twitter:data2\" content=\"6 minutos\" \/>\n<script type=\"application\/ld+json\" class=\"yoast-schema-graph\">{\"@context\":\"https:\\\/\\\/schema.org\",\"@graph\":[{\"@type\":\"Article\",\"@id\":\"https:\\\/\\\/www.eldiario.net\\\/portal\\\/2023\\\/08\\\/04\\\/alejandro-pinedo-vivir-esforzandome-cada-dia-es-lo-mas-extremo-que-podria-hacer-por-las-personas-que-amo\\\/#article\",\"isPartOf\":{\"@id\":\"https:\\\/\\\/www.eldiario.net\\\/portal\\\/2023\\\/08\\\/04\\\/alejandro-pinedo-vivir-esforzandome-cada-dia-es-lo-mas-extremo-que-podria-hacer-por-las-personas-que-amo\\\/\"},\"author\":{\"name\":\"Jeanette\",\"@id\":\"https:\\\/\\\/www.eldiario.net\\\/portal\\\/#\\\/schema\\\/person\\\/2c57cf2b7a7ae032e449e4c9b1019eac\"},\"headline\":\"ALEJANDRO PINEDO \u201cVivir esforz\u00e1ndome cada d\u00eda es lo m\u00e1s extremo que podr\u00eda hacer por las personas que amo\u201d\",\"datePublished\":\"2023-08-04T11:26:47+00:00\",\"mainEntityOfPage\":{\"@id\":\"https:\\\/\\\/www.eldiario.net\\\/portal\\\/2023\\\/08\\\/04\\\/alejandro-pinedo-vivir-esforzandome-cada-dia-es-lo-mas-extremo-que-podria-hacer-por-las-personas-que-amo\\\/\"},\"wordCount\":1317,\"publisher\":{\"@id\":\"https:\\\/\\\/www.eldiario.net\\\/portal\\\/#organization\"},\"image\":{\"@id\":\"https:\\\/\\\/www.eldiario.net\\\/portal\\\/2023\\\/08\\\/04\\\/alejandro-pinedo-vivir-esforzandome-cada-dia-es-lo-mas-extremo-que-podria-hacer-por-las-personas-que-amo\\\/#primaryimage\"},\"thumbnailUrl\":\"https:\\\/\\\/www.eldiario.net\\\/portal\\\/wp-content\\\/uploads\\\/2023\\\/08\\\/ale-1PRINCIPAL-scaled-1.jpg\",\"articleSection\":[\"La Gu\u00eda\"],\"inLanguage\":\"es\"},{\"@type\":\"WebPage\",\"@id\":\"https:\\\/\\\/www.eldiario.net\\\/portal\\\/2023\\\/08\\\/04\\\/alejandro-pinedo-vivir-esforzandome-cada-dia-es-lo-mas-extremo-que-podria-hacer-por-las-personas-que-amo\\\/\",\"url\":\"https:\\\/\\\/www.eldiario.net\\\/portal\\\/2023\\\/08\\\/04\\\/alejandro-pinedo-vivir-esforzandome-cada-dia-es-lo-mas-extremo-que-podria-hacer-por-las-personas-que-amo\\\/\",\"name\":\"ALEJANDRO PINEDO \u201cVivir esforz\u00e1ndome cada d\u00eda es lo m\u00e1s extremo que podr\u00eda hacer por las personas que amo\u201d - El Diario - Bolivia\",\"isPartOf\":{\"@id\":\"https:\\\/\\\/www.eldiario.net\\\/portal\\\/#website\"},\"primaryImageOfPage\":{\"@id\":\"https:\\\/\\\/www.eldiario.net\\\/portal\\\/2023\\\/08\\\/04\\\/alejandro-pinedo-vivir-esforzandome-cada-dia-es-lo-mas-extremo-que-podria-hacer-por-las-personas-que-amo\\\/#primaryimage\"},\"image\":{\"@id\":\"https:\\\/\\\/www.eldiario.net\\\/portal\\\/2023\\\/08\\\/04\\\/alejandro-pinedo-vivir-esforzandome-cada-dia-es-lo-mas-extremo-que-podria-hacer-por-las-personas-que-amo\\\/#primaryimage\"},\"thumbnailUrl\":\"https:\\\/\\\/www.eldiario.net\\\/portal\\\/wp-content\\\/uploads\\\/2023\\\/08\\\/ale-1PRINCIPAL-scaled-1.jpg\",\"datePublished\":\"2023-08-04T11:26:47+00:00\",\"breadcrumb\":{\"@id\":\"https:\\\/\\\/www.eldiario.net\\\/portal\\\/2023\\\/08\\\/04\\\/alejandro-pinedo-vivir-esforzandome-cada-dia-es-lo-mas-extremo-que-podria-hacer-por-las-personas-que-amo\\\/#breadcrumb\"},\"inLanguage\":\"es\",\"potentialAction\":[{\"@type\":\"ReadAction\",\"target\":[\"https:\\\/\\\/www.eldiario.net\\\/portal\\\/2023\\\/08\\\/04\\\/alejandro-pinedo-vivir-esforzandome-cada-dia-es-lo-mas-extremo-que-podria-hacer-por-las-personas-que-amo\\\/\"]}]},{\"@type\":\"ImageObject\",\"inLanguage\":\"es\",\"@id\":\"https:\\\/\\\/www.eldiario.net\\\/portal\\\/2023\\\/08\\\/04\\\/alejandro-pinedo-vivir-esforzandome-cada-dia-es-lo-mas-extremo-que-podria-hacer-por-las-personas-que-amo\\\/#primaryimage\",\"url\":\"https:\\\/\\\/www.eldiario.net\\\/portal\\\/wp-content\\\/uploads\\\/2023\\\/08\\\/ale-1PRINCIPAL-scaled-1.jpg\",\"contentUrl\":\"https:\\\/\\\/www.eldiario.net\\\/portal\\\/wp-content\\\/uploads\\\/2023\\\/08\\\/ale-1PRINCIPAL-scaled-1.jpg\",\"width\":2560,\"height\":2185},{\"@type\":\"BreadcrumbList\",\"@id\":\"https:\\\/\\\/www.eldiario.net\\\/portal\\\/2023\\\/08\\\/04\\\/alejandro-pinedo-vivir-esforzandome-cada-dia-es-lo-mas-extremo-que-podria-hacer-por-las-personas-que-amo\\\/#breadcrumb\",\"itemListElement\":[{\"@type\":\"ListItem\",\"position\":1,\"name\":\"Portada\",\"item\":\"https:\\\/\\\/www.eldiario.net\\\/portal\\\/\"},{\"@type\":\"ListItem\",\"position\":2,\"name\":\"ALEJANDRO PINEDO \u201cVivir esforz\u00e1ndome cada d\u00eda es lo m\u00e1s extremo que podr\u00eda hacer por las personas que amo\u201d\"}]},{\"@type\":\"WebSite\",\"@id\":\"https:\\\/\\\/www.eldiario.net\\\/portal\\\/#website\",\"url\":\"https:\\\/\\\/www.eldiario.net\\\/portal\\\/\",\"name\":\"El Diario - Decano de la prensa nacional\",\"description\":\"El Diario - Decano de la prensa nacional\",\"publisher\":{\"@id\":\"https:\\\/\\\/www.eldiario.net\\\/portal\\\/#organization\"},\"potentialAction\":[{\"@type\":\"SearchAction\",\"target\":{\"@type\":\"EntryPoint\",\"urlTemplate\":\"https:\\\/\\\/www.eldiario.net\\\/portal\\\/?s={search_term_string}\"},\"query-input\":{\"@type\":\"PropertyValueSpecification\",\"valueRequired\":true,\"valueName\":\"search_term_string\"}}],\"inLanguage\":\"es\"},{\"@type\":\"Organization\",\"@id\":\"https:\\\/\\\/www.eldiario.net\\\/portal\\\/#organization\",\"name\":\"El Diario - Decano de la prensa nacional\",\"url\":\"https:\\\/\\\/www.eldiario.net\\\/portal\\\/\",\"logo\":{\"@type\":\"ImageObject\",\"inLanguage\":\"es\",\"@id\":\"https:\\\/\\\/www.eldiario.net\\\/portal\\\/#\\\/schema\\\/logo\\\/image\\\/\",\"url\":\"https:\\\/\\\/www.eldiario.net\\\/portal\\\/wp-content\\\/uploads\\\/2023\\\/07\\\/logo_ED.jpg\",\"contentUrl\":\"https:\\\/\\\/www.eldiario.net\\\/portal\\\/wp-content\\\/uploads\\\/2023\\\/07\\\/logo_ED.jpg\",\"width\":272,\"height\":52,\"caption\":\"El Diario - Decano de la prensa nacional\"},\"image\":{\"@id\":\"https:\\\/\\\/www.eldiario.net\\\/portal\\\/#\\\/schema\\\/logo\\\/image\\\/\"},\"sameAs\":[\"https:\\\/\\\/www.facebook.com\\\/eldiario.bolivia\\\/\",\"https:\\\/\\\/x.com\\\/eldiario_net\"]},{\"@type\":\"Person\",\"@id\":\"https:\\\/\\\/www.eldiario.net\\\/portal\\\/#\\\/schema\\\/person\\\/2c57cf2b7a7ae032e449e4c9b1019eac\",\"name\":\"Jeanette\",\"image\":{\"@type\":\"ImageObject\",\"inLanguage\":\"es\",\"@id\":\"https:\\\/\\\/secure.gravatar.com\\\/avatar\\\/3ea2118a5f7dad2b7138b1187a6b7ee55f160b9968b66013c3a3ef39dd7e5798?s=96&d=mm&r=g\",\"url\":\"https:\\\/\\\/secure.gravatar.com\\\/avatar\\\/3ea2118a5f7dad2b7138b1187a6b7ee55f160b9968b66013c3a3ef39dd7e5798?s=96&d=mm&r=g\",\"contentUrl\":\"https:\\\/\\\/secure.gravatar.com\\\/avatar\\\/3ea2118a5f7dad2b7138b1187a6b7ee55f160b9968b66013c3a3ef39dd7e5798?s=96&d=mm&r=g\",\"caption\":\"Jeanette\"},\"sameAs\":[\"https:\\\/\\\/www.eldiario.net\\\/portal\"],\"url\":\"https:\\\/\\\/www.eldiario.net\\\/portal\\\/author\\\/jeanette\\\/\"}]}<\/script>\n<!-- \/ Yoast SEO plugin. -->","yoast_head_json":{"title":"ALEJANDRO PINEDO \u201cVivir esforz\u00e1ndome cada d\u00eda es lo m\u00e1s extremo que podr\u00eda hacer por las personas que amo\u201d - El Diario - Bolivia","robots":{"index":"index","follow":"follow","max-snippet":"max-snippet:-1","max-image-preview":"max-image-preview:large","max-video-preview":"max-video-preview:-1"},"canonical":"https:\/\/www.eldiario.net\/portal\/2023\/08\/04\/alejandro-pinedo-vivir-esforzandome-cada-dia-es-lo-mas-extremo-que-podria-hacer-por-las-personas-que-amo\/","og_locale":"es_ES","og_type":"article","og_title":"ALEJANDRO PINEDO \u201cVivir esforz\u00e1ndome cada d\u00eda es lo m\u00e1s extremo que podr\u00eda hacer por las personas que amo\u201d - El Diario - Bolivia","og_description":"Nombre: Alejandro Fabio Pinedo Terrazas. Fecha de nacimiento: 3 de diciembre de 1986. Estado civil: Solter\u00edsimo. \u00bfA qu\u00e9 te dedicas hoy?: A crear contenido. &nbsp; &nbsp; &nbsp; LG: \u00bfQu\u00e9 es lo que el p\u00fablico no sabe de ti? A: Mi vida personal entera (sonr\u00ede), no comparto detalles de eso, prefiero mantenerlo para m\u00ed mismo. LG: [&hellip;]","og_url":"https:\/\/www.eldiario.net\/portal\/2023\/08\/04\/alejandro-pinedo-vivir-esforzandome-cada-dia-es-lo-mas-extremo-que-podria-hacer-por-las-personas-que-amo\/","og_site_name":"El Diario - Bolivia","article_publisher":"https:\/\/www.facebook.com\/eldiario.bolivia\/","article_published_time":"2023-08-04T11:26:47+00:00","og_image":[{"width":2560,"height":2185,"url":"https:\/\/www.eldiario.net\/portal\/wp-content\/uploads\/2023\/08\/ale-1PRINCIPAL-scaled-1.jpg","type":"image\/jpeg"}],"author":"Jeanette","twitter_card":"summary_large_image","twitter_creator":"@eldiario_net","twitter_site":"@eldiario_net","twitter_misc":{"Escrito por":"Jeanette","Tiempo de lectura":"6 minutos"},"schema":{"@context":"https:\/\/schema.org","@graph":[{"@type":"Article","@id":"https:\/\/www.eldiario.net\/portal\/2023\/08\/04\/alejandro-pinedo-vivir-esforzandome-cada-dia-es-lo-mas-extremo-que-podria-hacer-por-las-personas-que-amo\/#article","isPartOf":{"@id":"https:\/\/www.eldiario.net\/portal\/2023\/08\/04\/alejandro-pinedo-vivir-esforzandome-cada-dia-es-lo-mas-extremo-que-podria-hacer-por-las-personas-que-amo\/"},"author":{"name":"Jeanette","@id":"https:\/\/www.eldiario.net\/portal\/#\/schema\/person\/2c57cf2b7a7ae032e449e4c9b1019eac"},"headline":"ALEJANDRO PINEDO \u201cVivir esforz\u00e1ndome cada d\u00eda es lo m\u00e1s extremo que podr\u00eda hacer por las personas que amo\u201d","datePublished":"2023-08-04T11:26:47+00:00","mainEntityOfPage":{"@id":"https:\/\/www.eldiario.net\/portal\/2023\/08\/04\/alejandro-pinedo-vivir-esforzandome-cada-dia-es-lo-mas-extremo-que-podria-hacer-por-las-personas-que-amo\/"},"wordCount":1317,"publisher":{"@id":"https:\/\/www.eldiario.net\/portal\/#organization"},"image":{"@id":"https:\/\/www.eldiario.net\/portal\/2023\/08\/04\/alejandro-pinedo-vivir-esforzandome-cada-dia-es-lo-mas-extremo-que-podria-hacer-por-las-personas-que-amo\/#primaryimage"},"thumbnailUrl":"https:\/\/www.eldiario.net\/portal\/wp-content\/uploads\/2023\/08\/ale-1PRINCIPAL-scaled-1.jpg","articleSection":["La Gu\u00eda"],"inLanguage":"es"},{"@type":"WebPage","@id":"https:\/\/www.eldiario.net\/portal\/2023\/08\/04\/alejandro-pinedo-vivir-esforzandome-cada-dia-es-lo-mas-extremo-que-podria-hacer-por-las-personas-que-amo\/","url":"https:\/\/www.eldiario.net\/portal\/2023\/08\/04\/alejandro-pinedo-vivir-esforzandome-cada-dia-es-lo-mas-extremo-que-podria-hacer-por-las-personas-que-amo\/","name":"ALEJANDRO PINEDO \u201cVivir esforz\u00e1ndome cada d\u00eda es lo m\u00e1s extremo que podr\u00eda hacer por las personas que amo\u201d - El Diario - Bolivia","isPartOf":{"@id":"https:\/\/www.eldiario.net\/portal\/#website"},"primaryImageOfPage":{"@id":"https:\/\/www.eldiario.net\/portal\/2023\/08\/04\/alejandro-pinedo-vivir-esforzandome-cada-dia-es-lo-mas-extremo-que-podria-hacer-por-las-personas-que-amo\/#primaryimage"},"image":{"@id":"https:\/\/www.eldiario.net\/portal\/2023\/08\/04\/alejandro-pinedo-vivir-esforzandome-cada-dia-es-lo-mas-extremo-que-podria-hacer-por-las-personas-que-amo\/#primaryimage"},"thumbnailUrl":"https:\/\/www.eldiario.net\/portal\/wp-content\/uploads\/2023\/08\/ale-1PRINCIPAL-scaled-1.jpg","datePublished":"2023-08-04T11:26:47+00:00","breadcrumb":{"@id":"https:\/\/www.eldiario.net\/portal\/2023\/08\/04\/alejandro-pinedo-vivir-esforzandome-cada-dia-es-lo-mas-extremo-que-podria-hacer-por-las-personas-que-amo\/#breadcrumb"},"inLanguage":"es","potentialAction":[{"@type":"ReadAction","target":["https:\/\/www.eldiario.net\/portal\/2023\/08\/04\/alejandro-pinedo-vivir-esforzandome-cada-dia-es-lo-mas-extremo-que-podria-hacer-por-las-personas-que-amo\/"]}]},{"@type":"ImageObject","inLanguage":"es","@id":"https:\/\/www.eldiario.net\/portal\/2023\/08\/04\/alejandro-pinedo-vivir-esforzandome-cada-dia-es-lo-mas-extremo-que-podria-hacer-por-las-personas-que-amo\/#primaryimage","url":"https:\/\/www.eldiario.net\/portal\/wp-content\/uploads\/2023\/08\/ale-1PRINCIPAL-scaled-1.jpg","contentUrl":"https:\/\/www.eldiario.net\/portal\/wp-content\/uploads\/2023\/08\/ale-1PRINCIPAL-scaled-1.jpg","width":2560,"height":2185},{"@type":"BreadcrumbList","@id":"https:\/\/www.eldiario.net\/portal\/2023\/08\/04\/alejandro-pinedo-vivir-esforzandome-cada-dia-es-lo-mas-extremo-que-podria-hacer-por-las-personas-que-amo\/#breadcrumb","itemListElement":[{"@type":"ListItem","position":1,"name":"Portada","item":"https:\/\/www.eldiario.net\/portal\/"},{"@type":"ListItem","position":2,"name":"ALEJANDRO PINEDO \u201cVivir esforz\u00e1ndome cada d\u00eda es lo m\u00e1s extremo que podr\u00eda hacer por las personas que amo\u201d"}]},{"@type":"WebSite","@id":"https:\/\/www.eldiario.net\/portal\/#website","url":"https:\/\/www.eldiario.net\/portal\/","name":"El Diario - Decano de la prensa nacional","description":"El Diario - Decano de la prensa nacional","publisher":{"@id":"https:\/\/www.eldiario.net\/portal\/#organization"},"potentialAction":[{"@type":"SearchAction","target":{"@type":"EntryPoint","urlTemplate":"https:\/\/www.eldiario.net\/portal\/?s={search_term_string}"},"query-input":{"@type":"PropertyValueSpecification","valueRequired":true,"valueName":"search_term_string"}}],"inLanguage":"es"},{"@type":"Organization","@id":"https:\/\/www.eldiario.net\/portal\/#organization","name":"El Diario - Decano de la prensa nacional","url":"https:\/\/www.eldiario.net\/portal\/","logo":{"@type":"ImageObject","inLanguage":"es","@id":"https:\/\/www.eldiario.net\/portal\/#\/schema\/logo\/image\/","url":"https:\/\/www.eldiario.net\/portal\/wp-content\/uploads\/2023\/07\/logo_ED.jpg","contentUrl":"https:\/\/www.eldiario.net\/portal\/wp-content\/uploads\/2023\/07\/logo_ED.jpg","width":272,"height":52,"caption":"El Diario - Decano de la prensa nacional"},"image":{"@id":"https:\/\/www.eldiario.net\/portal\/#\/schema\/logo\/image\/"},"sameAs":["https:\/\/www.facebook.com\/eldiario.bolivia\/","https:\/\/x.com\/eldiario_net"]},{"@type":"Person","@id":"https:\/\/www.eldiario.net\/portal\/#\/schema\/person\/2c57cf2b7a7ae032e449e4c9b1019eac","name":"Jeanette","image":{"@type":"ImageObject","inLanguage":"es","@id":"https:\/\/secure.gravatar.com\/avatar\/3ea2118a5f7dad2b7138b1187a6b7ee55f160b9968b66013c3a3ef39dd7e5798?s=96&d=mm&r=g","url":"https:\/\/secure.gravatar.com\/avatar\/3ea2118a5f7dad2b7138b1187a6b7ee55f160b9968b66013c3a3ef39dd7e5798?s=96&d=mm&r=g","contentUrl":"https:\/\/secure.gravatar.com\/avatar\/3ea2118a5f7dad2b7138b1187a6b7ee55f160b9968b66013c3a3ef39dd7e5798?s=96&d=mm&r=g","caption":"Jeanette"},"sameAs":["https:\/\/www.eldiario.net\/portal"],"url":"https:\/\/www.eldiario.net\/portal\/author\/jeanette\/"}]}},"_links":{"self":[{"href":"https:\/\/www.eldiario.net\/portal\/wp-json\/wp\/v2\/posts\/169313","targetHints":{"allow":["GET"]}}],"collection":[{"href":"https:\/\/www.eldiario.net\/portal\/wp-json\/wp\/v2\/posts"}],"about":[{"href":"https:\/\/www.eldiario.net\/portal\/wp-json\/wp\/v2\/types\/post"}],"author":[{"embeddable":true,"href":"https:\/\/www.eldiario.net\/portal\/wp-json\/wp\/v2\/users\/1"}],"replies":[{"embeddable":true,"href":"https:\/\/www.eldiario.net\/portal\/wp-json\/wp\/v2\/comments?post=169313"}],"version-history":[{"count":0,"href":"https:\/\/www.eldiario.net\/portal\/wp-json\/wp\/v2\/posts\/169313\/revisions"}],"wp:featuredmedia":[{"embeddable":true,"href":"https:\/\/www.eldiario.net\/portal\/wp-json\/wp\/v2\/media\/169314"}],"wp:attachment":[{"href":"https:\/\/www.eldiario.net\/portal\/wp-json\/wp\/v2\/media?parent=169313"}],"wp:term":[{"taxonomy":"category","embeddable":true,"href":"https:\/\/www.eldiario.net\/portal\/wp-json\/wp\/v2\/categories?post=169313"},{"taxonomy":"post_tag","embeddable":true,"href":"https:\/\/www.eldiario.net\/portal\/wp-json\/wp\/v2\/tags?post=169313"}],"curies":[{"name":"wp","href":"https:\/\/api.w.org\/{rel}","templated":true}]}}