{"id":168586,"date":"2023-07-31T06:44:38","date_gmt":"2023-07-31T10:44:38","guid":{"rendered":"https:\/\/www.eldiario.net\/portal\/?p=168586"},"modified":"2023-07-31T06:44:38","modified_gmt":"2023-07-31T10:44:38","slug":"la-orquesta-loka-passion-es-diferente-por-su-humildad-y-talento","status":"publish","type":"post","link":"https:\/\/www.eldiario.net\/portal\/2023\/07\/31\/la-orquesta-loka-passion-es-diferente-por-su-humildad-y-talento\/","title":{"rendered":"La orquesta Loka Passi\u00f3n es diferente por su humildad y talento"},"content":{"rendered":"<p>Loka Passi\u00f3n quiere ser una orquesta conocida y exitosa. Y con apenas un a\u00f1o de presencia en la movida tropical pace\u00f1a, no est\u00e1 lejos de lograrlo porque, seg\u00fan el comentario de la gente, suena muy bien \u201cen vivo\u201d, tiene una excelente calidad interpretativa, buen repertorio, talentosos m\u00fasicos y mucha energ\u00eda.<\/p>\n<p>La historia de la agrupaci\u00f3n pace\u00f1a comenz\u00f3 a ser escrita el 4 de junio del a\u00f1o 2022, cuando Fernando Morales, Erick Alc\u00f3n, Grover L\u00f3pez y Vladymir Rom\u00e1n deciden fundar Loka Passi\u00f3n con el objetivo de trabajar con mucha entrega y profesionalismo.<\/p>\n<p>\u201c(Le pusimos ese nombre a la orquesta) porque la pasi\u00f3n por la m\u00fasica es inevitable. Y pues tenemos una loka passi\u00f3n musical\u201d, cont\u00f3 Fernando Morales Figueredo, vocalista y director de la joven agrupaci\u00f3n orquestal, quien empez\u00f3 a cantar en el ambiente tropical el a\u00f1o 2014.<\/p>\n<p>\u201cEstuve en varios grupos, pero como bajista. Estuve en <em>Los Felinos, La Nueva Rumba, Consagraci\u00f3n, Los Clones, La Arrolladora, Frecuencia<\/em>\u201d, rememor\u00f3 el cantante, quien, antes de dar vida a Loka Passi\u00f3n, cre\u00f3 y fue parte importante de la orquesta <em>Eminencia<\/em>.<\/p>\n<p>(El nombre) lo perd\u00ed por confiado, ya que el registro ten\u00eda que realizarlo el a\u00f1o 2013 en el Servicio Nacional de Propiedad Intelectual (SENAPI). Nos pidieron un par de papeles para que seamos como empresa, por decir una sociedad an\u00f3nima, y as\u00ed lo podr\u00edamos registrar. Y ah\u00ed lo dej\u00e9, lastimosamente. La otra persona realiz\u00f3 el registro en mi espalda. Creo que esper\u00f3 que yo trabaje por el nombre, hasta que decidi\u00f3 separarse de la orquesta, le acept\u00e9 y yo sin saber fui al SENAPI, donde, gracias a unos conocidos que tengo, verificaron que (la orquesta <em>Eminencia<\/em>) se registr\u00f3 a otro nombre el a\u00f1o 2015. De esa manera ya nada pude hacer\u201d, record\u00f3.<\/p>\n<p>Pero como dice el refr\u00e1n \u201cNo hay mal que por bien no venga\u201d, Fernando dio vida a Loka Passi\u00f3n y el balance es, de lejos, sumamente positivo.<\/p>\n<p>\u201cGracias a Dios nos conoce bastante gente y desde el primer momento tuvimos una gran aceptaci\u00f3n de parte del p\u00fablico\u201d, resalt\u00f3 el director y vocalista, quien confes\u00f3 que el \u201ccanto es un campo bastante amplio\u201d, por lo que piensa que le \u201cfalta abarcar m\u00e1s t\u00e9cnicas de canto\u201d.<\/p>\n<p>Respecto al estilo de Loka Passi\u00f3n, el m\u00fasico dijo: \u201cQueremos m\u00e1s o menos tener el estilo del Grupo 5\u201d, en cuanto a la calidad instrumental y vocal que posee la consagrada orquesta peruana.<\/p>\n<p>Hasta el momento, la agrupaci\u00f3n ya sac\u00f3 siete producciones, pr\u00e1cticamente un disco.<\/p>\n<p>La canci\u00f3n que los hizo conocer titula \u201cDime por qu\u00e9\u201d, una reedici\u00f3n del Grupo Zabach en la composici\u00f3n de Fernando Ramos y \u201cla hicimos en un feat con la gran cantante Akaena Rivero\u201d, manifest\u00f3.<\/p>\n<p>Y \u00bfc\u00f3mo ha marcado la diferencia hasta el momento Loka Passi\u00f3n frente a la competencia? \u201cCreo que nuestra humildad nos hace diferentes. Y el repertorio bastante amplio que tenemos\u201d, expres\u00f3 el m\u00fasico, al contar que la orquesta acaba de sacar una nueva canci\u00f3n, que titula \u201cSi t\u00fa no est\u00e1s\u201d, de la cual realizar\u00e1n pr\u00f3ximamente el correspondiente video.<\/p>\n<p>\u00bfC\u00f3mo quisieras ver de aqu\u00ed a un tiempo a Loka Passi\u00f3n?, le preguntamos a Fernando, a lo que respondi\u00f3: \u201cDios mediante (como) una orquesta conocida y de \u00e9xito.<\/p>\n<p>Los integrantes de la orquesta son Erick Alc\u00f3n, Marcelo Chambi. Alex Quispe, David Carbajal, Cristian, Grover L\u00f3pez, Vladymir Rom\u00e1n, Diego Daly, Fernando Camacho, Derek Medrano, Cristian Aruquipa, Gabriel Luna, Milton Murillo, Ren\u00e9 Chambi y Fernando Morales.<\/p>\n<p>El n\u00famero de contacto con Loka Passi\u00f3n es el 79620195.<\/p>\n<div id='gallery-1' class='gallery galleryid-168586 gallery-columns-3 gallery-size-medium'><figure class='gallery-item'>\n\t\t\t<div class='gallery-icon landscape'>\n\t\t\t\t<a href='https:\/\/www.eldiario.net\/portal\/2023\/07\/31\/la-orquesta-loka-passion-es-diferente-por-su-humildad-y-talento\/loka-passion-1principal\/'><img loading=\"lazy\" decoding=\"async\" width=\"300\" height=\"177\" src=\"https:\/\/www.eldiario.net\/portal\/wp-content\/uploads\/2023\/07\/loka-passion-1PRINCIPAL-300x177.jpg\" class=\"attachment-medium size-medium\" alt=\"\" srcset=\"https:\/\/www.eldiario.net\/portal\/wp-content\/uploads\/2023\/07\/loka-passion-1PRINCIPAL-300x177.jpg 300w, https:\/\/www.eldiario.net\/portal\/wp-content\/uploads\/2023\/07\/loka-passion-1PRINCIPAL-768x453.jpg 768w, https:\/\/www.eldiario.net\/portal\/wp-content\/uploads\/2023\/07\/loka-passion-1PRINCIPAL-696x411.jpg 696w, https:\/\/www.eldiario.net\/portal\/wp-content\/uploads\/2023\/07\/loka-passion-1PRINCIPAL.jpg 1000w\" sizes=\"auto, (max-width: 300px) 100vw, 300px\" \/><\/a>\n\t\t\t<\/div><\/figure><figure class='gallery-item'>\n\t\t\t<div class='gallery-icon landscape'>\n\t\t\t\t<a href='https:\/\/www.eldiario.net\/portal\/2023\/07\/31\/la-orquesta-loka-passion-es-diferente-por-su-humildad-y-talento\/loka-passion-2\/'><img loading=\"lazy\" decoding=\"async\" width=\"300\" height=\"269\" src=\"https:\/\/www.eldiario.net\/portal\/wp-content\/uploads\/2023\/07\/loka-passion-2-300x269.jpg\" class=\"attachment-medium size-medium\" alt=\"\" srcset=\"https:\/\/www.eldiario.net\/portal\/wp-content\/uploads\/2023\/07\/loka-passion-2-300x269.jpg 300w, https:\/\/www.eldiario.net\/portal\/wp-content\/uploads\/2023\/07\/loka-passion-2-768x689.jpg 768w, https:\/\/www.eldiario.net\/portal\/wp-content\/uploads\/2023\/07\/loka-passion-2-696x624.jpg 696w, https:\/\/www.eldiario.net\/portal\/wp-content\/uploads\/2023\/07\/loka-passion-2.jpg 1000w\" sizes=\"auto, (max-width: 300px) 100vw, 300px\" \/><\/a>\n\t\t\t<\/div><\/figure><figure class='gallery-item'>\n\t\t\t<div class='gallery-icon landscape'>\n\t\t\t\t<a href='https:\/\/www.eldiario.net\/portal\/2023\/07\/31\/la-orquesta-loka-passion-es-diferente-por-su-humildad-y-talento\/loka-passion-3\/'><img loading=\"lazy\" decoding=\"async\" width=\"300\" height=\"300\" src=\"https:\/\/www.eldiario.net\/portal\/wp-content\/uploads\/2023\/07\/loka-passion-3-300x300.jpg\" class=\"attachment-medium size-medium\" alt=\"\" srcset=\"https:\/\/www.eldiario.net\/portal\/wp-content\/uploads\/2023\/07\/loka-passion-3-300x300.jpg 300w, https:\/\/www.eldiario.net\/portal\/wp-content\/uploads\/2023\/07\/loka-passion-3-150x150.jpg 150w, https:\/\/www.eldiario.net\/portal\/wp-content\/uploads\/2023\/07\/loka-passion-3-768x768.jpg 768w, https:\/\/www.eldiario.net\/portal\/wp-content\/uploads\/2023\/07\/loka-passion-3-696x696.jpg 696w, https:\/\/www.eldiario.net\/portal\/wp-content\/uploads\/2023\/07\/loka-passion-3.jpg 1000w\" sizes=\"auto, (max-width: 300px) 100vw, 300px\" \/><\/a>\n\t\t\t<\/div><\/figure>\n\t\t<\/div>\n\n","protected":false},"excerpt":{"rendered":"<p>Loka Passi\u00f3n quiere ser una orquesta conocida y exitosa. Y con apenas un a\u00f1o de presencia en la movida tropical pace\u00f1a, no est\u00e1 lejos de lograrlo porque, seg\u00fan el comentario de la gente, suena muy bien \u201cen vivo\u201d, tiene una excelente calidad interpretativa, buen repertorio, talentosos m\u00fasicos y mucha energ\u00eda. La historia de la agrupaci\u00f3n [&hellip;]<\/p>\n","protected":false},"author":1,"featured_media":168587,"comment_status":"closed","ping_status":"open","sticky":false,"template":"","format":"standard","meta":{"_acf_changed":false,"footnotes":""},"categories":[41],"tags":[],"class_list":["post-168586","post","type-post","status-publish","format-standard","has-post-thumbnail","category-la-guia"],"acf":{"antetitulo":""},"yoast_head":"<!-- This site is optimized with the Yoast SEO plugin v28.4 - https:\/\/yoast.com\/product\/yoast-seo-wordpress\/ -->\n<title>La orquesta Loka Passi\u00f3n es diferente por su humildad y talento - El Diario - Bolivia<\/title>\n<meta name=\"robots\" content=\"index, follow, max-snippet:-1, max-image-preview:large, max-video-preview:-1\" \/>\n<link rel=\"canonical\" href=\"https:\/\/www.eldiario.net\/portal\/2023\/07\/31\/la-orquesta-loka-passion-es-diferente-por-su-humildad-y-talento\/\" \/>\n<meta property=\"og:locale\" content=\"es_ES\" \/>\n<meta property=\"og:type\" content=\"article\" \/>\n<meta property=\"og:title\" content=\"La orquesta Loka Passi\u00f3n es diferente por su humildad y talento - El Diario - Bolivia\" \/>\n<meta property=\"og:description\" content=\"Loka Passi\u00f3n quiere ser una orquesta conocida y exitosa. Y con apenas un a\u00f1o de presencia en la movida tropical pace\u00f1a, no est\u00e1 lejos de lograrlo porque, seg\u00fan el comentario de la gente, suena muy bien \u201cen vivo\u201d, tiene una excelente calidad interpretativa, buen repertorio, talentosos m\u00fasicos y mucha energ\u00eda. La historia de la agrupaci\u00f3n [&hellip;]\" \/>\n<meta property=\"og:url\" content=\"https:\/\/www.eldiario.net\/portal\/2023\/07\/31\/la-orquesta-loka-passion-es-diferente-por-su-humildad-y-talento\/\" \/>\n<meta property=\"og:site_name\" content=\"El Diario - Bolivia\" \/>\n<meta property=\"article:publisher\" content=\"https:\/\/www.facebook.com\/eldiario.bolivia\/\" \/>\n<meta property=\"article:published_time\" content=\"2023-07-31T10:44:38+00:00\" \/>\n<meta property=\"og:image\" content=\"https:\/\/www.eldiario.net\/portal\/wp-content\/uploads\/2023\/07\/loka-passion-1PRINCIPAL.jpg\" \/>\n\t<meta property=\"og:image:width\" content=\"1000\" \/>\n\t<meta property=\"og:image:height\" content=\"590\" \/>\n\t<meta property=\"og:image:type\" content=\"image\/jpeg\" \/>\n<meta name=\"author\" content=\"Jeanette\" \/>\n<meta name=\"twitter:card\" content=\"summary_large_image\" \/>\n<meta name=\"twitter:creator\" content=\"@eldiario_net\" \/>\n<meta name=\"twitter:site\" content=\"@eldiario_net\" \/>\n<meta name=\"twitter:label1\" content=\"Escrito por\" \/>\n\t<meta name=\"twitter:data1\" content=\"Jeanette\" \/>\n\t<meta name=\"twitter:label2\" content=\"Tiempo de lectura\" \/>\n\t<meta name=\"twitter:data2\" content=\"3 minutos\" \/>\n<script type=\"application\/ld+json\" class=\"yoast-schema-graph\">{\"@context\":\"https:\\\/\\\/schema.org\",\"@graph\":[{\"@type\":\"Article\",\"@id\":\"https:\\\/\\\/www.eldiario.net\\\/portal\\\/2023\\\/07\\\/31\\\/la-orquesta-loka-passion-es-diferente-por-su-humildad-y-talento\\\/#article\",\"isPartOf\":{\"@id\":\"https:\\\/\\\/www.eldiario.net\\\/portal\\\/2023\\\/07\\\/31\\\/la-orquesta-loka-passion-es-diferente-por-su-humildad-y-talento\\\/\"},\"author\":{\"name\":\"Jeanette\",\"@id\":\"https:\\\/\\\/www.eldiario.net\\\/portal\\\/#\\\/schema\\\/person\\\/2c57cf2b7a7ae032e449e4c9b1019eac\"},\"headline\":\"La orquesta Loka Passi\u00f3n es diferente por su humildad y talento\",\"datePublished\":\"2023-07-31T10:44:38+00:00\",\"mainEntityOfPage\":{\"@id\":\"https:\\\/\\\/www.eldiario.net\\\/portal\\\/2023\\\/07\\\/31\\\/la-orquesta-loka-passion-es-diferente-por-su-humildad-y-talento\\\/\"},\"wordCount\":634,\"publisher\":{\"@id\":\"https:\\\/\\\/www.eldiario.net\\\/portal\\\/#organization\"},\"image\":{\"@id\":\"https:\\\/\\\/www.eldiario.net\\\/portal\\\/2023\\\/07\\\/31\\\/la-orquesta-loka-passion-es-diferente-por-su-humildad-y-talento\\\/#primaryimage\"},\"thumbnailUrl\":\"https:\\\/\\\/www.eldiario.net\\\/portal\\\/wp-content\\\/uploads\\\/2023\\\/07\\\/loka-passion-1PRINCIPAL.jpg\",\"articleSection\":[\"La Gu\u00eda\"],\"inLanguage\":\"es\"},{\"@type\":\"WebPage\",\"@id\":\"https:\\\/\\\/www.eldiario.net\\\/portal\\\/2023\\\/07\\\/31\\\/la-orquesta-loka-passion-es-diferente-por-su-humildad-y-talento\\\/\",\"url\":\"https:\\\/\\\/www.eldiario.net\\\/portal\\\/2023\\\/07\\\/31\\\/la-orquesta-loka-passion-es-diferente-por-su-humildad-y-talento\\\/\",\"name\":\"La orquesta Loka Passi\u00f3n es diferente por su humildad y talento - El Diario - Bolivia\",\"isPartOf\":{\"@id\":\"https:\\\/\\\/www.eldiario.net\\\/portal\\\/#website\"},\"primaryImageOfPage\":{\"@id\":\"https:\\\/\\\/www.eldiario.net\\\/portal\\\/2023\\\/07\\\/31\\\/la-orquesta-loka-passion-es-diferente-por-su-humildad-y-talento\\\/#primaryimage\"},\"image\":{\"@id\":\"https:\\\/\\\/www.eldiario.net\\\/portal\\\/2023\\\/07\\\/31\\\/la-orquesta-loka-passion-es-diferente-por-su-humildad-y-talento\\\/#primaryimage\"},\"thumbnailUrl\":\"https:\\\/\\\/www.eldiario.net\\\/portal\\\/wp-content\\\/uploads\\\/2023\\\/07\\\/loka-passion-1PRINCIPAL.jpg\",\"datePublished\":\"2023-07-31T10:44:38+00:00\",\"breadcrumb\":{\"@id\":\"https:\\\/\\\/www.eldiario.net\\\/portal\\\/2023\\\/07\\\/31\\\/la-orquesta-loka-passion-es-diferente-por-su-humildad-y-talento\\\/#breadcrumb\"},\"inLanguage\":\"es\",\"potentialAction\":[{\"@type\":\"ReadAction\",\"target\":[\"https:\\\/\\\/www.eldiario.net\\\/portal\\\/2023\\\/07\\\/31\\\/la-orquesta-loka-passion-es-diferente-por-su-humildad-y-talento\\\/\"]}]},{\"@type\":\"ImageObject\",\"inLanguage\":\"es\",\"@id\":\"https:\\\/\\\/www.eldiario.net\\\/portal\\\/2023\\\/07\\\/31\\\/la-orquesta-loka-passion-es-diferente-por-su-humildad-y-talento\\\/#primaryimage\",\"url\":\"https:\\\/\\\/www.eldiario.net\\\/portal\\\/wp-content\\\/uploads\\\/2023\\\/07\\\/loka-passion-1PRINCIPAL.jpg\",\"contentUrl\":\"https:\\\/\\\/www.eldiario.net\\\/portal\\\/wp-content\\\/uploads\\\/2023\\\/07\\\/loka-passion-1PRINCIPAL.jpg\",\"width\":1000,\"height\":590},{\"@type\":\"BreadcrumbList\",\"@id\":\"https:\\\/\\\/www.eldiario.net\\\/portal\\\/2023\\\/07\\\/31\\\/la-orquesta-loka-passion-es-diferente-por-su-humildad-y-talento\\\/#breadcrumb\",\"itemListElement\":[{\"@type\":\"ListItem\",\"position\":1,\"name\":\"Portada\",\"item\":\"https:\\\/\\\/www.eldiario.net\\\/portal\\\/\"},{\"@type\":\"ListItem\",\"position\":2,\"name\":\"La orquesta Loka Passi\u00f3n es diferente por su humildad y talento\"}]},{\"@type\":\"WebSite\",\"@id\":\"https:\\\/\\\/www.eldiario.net\\\/portal\\\/#website\",\"url\":\"https:\\\/\\\/www.eldiario.net\\\/portal\\\/\",\"name\":\"El Diario - Decano de la prensa nacional\",\"description\":\"El Diario - Decano de la prensa nacional\",\"publisher\":{\"@id\":\"https:\\\/\\\/www.eldiario.net\\\/portal\\\/#organization\"},\"potentialAction\":[{\"@type\":\"SearchAction\",\"target\":{\"@type\":\"EntryPoint\",\"urlTemplate\":\"https:\\\/\\\/www.eldiario.net\\\/portal\\\/?s={search_term_string}\"},\"query-input\":{\"@type\":\"PropertyValueSpecification\",\"valueRequired\":true,\"valueName\":\"search_term_string\"}}],\"inLanguage\":\"es\"},{\"@type\":\"Organization\",\"@id\":\"https:\\\/\\\/www.eldiario.net\\\/portal\\\/#organization\",\"name\":\"El Diario - Decano de la prensa nacional\",\"url\":\"https:\\\/\\\/www.eldiario.net\\\/portal\\\/\",\"logo\":{\"@type\":\"ImageObject\",\"inLanguage\":\"es\",\"@id\":\"https:\\\/\\\/www.eldiario.net\\\/portal\\\/#\\\/schema\\\/logo\\\/image\\\/\",\"url\":\"https:\\\/\\\/www.eldiario.net\\\/portal\\\/wp-content\\\/uploads\\\/2023\\\/07\\\/logo_ED.jpg\",\"contentUrl\":\"https:\\\/\\\/www.eldiario.net\\\/portal\\\/wp-content\\\/uploads\\\/2023\\\/07\\\/logo_ED.jpg\",\"width\":272,\"height\":52,\"caption\":\"El Diario - Decano de la prensa nacional\"},\"image\":{\"@id\":\"https:\\\/\\\/www.eldiario.net\\\/portal\\\/#\\\/schema\\\/logo\\\/image\\\/\"},\"sameAs\":[\"https:\\\/\\\/www.facebook.com\\\/eldiario.bolivia\\\/\",\"https:\\\/\\\/x.com\\\/eldiario_net\"]},{\"@type\":\"Person\",\"@id\":\"https:\\\/\\\/www.eldiario.net\\\/portal\\\/#\\\/schema\\\/person\\\/2c57cf2b7a7ae032e449e4c9b1019eac\",\"name\":\"Jeanette\",\"image\":{\"@type\":\"ImageObject\",\"inLanguage\":\"es\",\"@id\":\"https:\\\/\\\/secure.gravatar.com\\\/avatar\\\/3ea2118a5f7dad2b7138b1187a6b7ee55f160b9968b66013c3a3ef39dd7e5798?s=96&d=mm&r=g\",\"url\":\"https:\\\/\\\/secure.gravatar.com\\\/avatar\\\/3ea2118a5f7dad2b7138b1187a6b7ee55f160b9968b66013c3a3ef39dd7e5798?s=96&d=mm&r=g\",\"contentUrl\":\"https:\\\/\\\/secure.gravatar.com\\\/avatar\\\/3ea2118a5f7dad2b7138b1187a6b7ee55f160b9968b66013c3a3ef39dd7e5798?s=96&d=mm&r=g\",\"caption\":\"Jeanette\"},\"sameAs\":[\"https:\\\/\\\/www.eldiario.net\\\/portal\"],\"url\":\"https:\\\/\\\/www.eldiario.net\\\/portal\\\/author\\\/jeanette\\\/\"}]}<\/script>\n<!-- \/ Yoast SEO plugin. -->","yoast_head_json":{"title":"La orquesta Loka Passi\u00f3n es diferente por su humildad y talento - El Diario - Bolivia","robots":{"index":"index","follow":"follow","max-snippet":"max-snippet:-1","max-image-preview":"max-image-preview:large","max-video-preview":"max-video-preview:-1"},"canonical":"https:\/\/www.eldiario.net\/portal\/2023\/07\/31\/la-orquesta-loka-passion-es-diferente-por-su-humildad-y-talento\/","og_locale":"es_ES","og_type":"article","og_title":"La orquesta Loka Passi\u00f3n es diferente por su humildad y talento - El Diario - Bolivia","og_description":"Loka Passi\u00f3n quiere ser una orquesta conocida y exitosa. Y con apenas un a\u00f1o de presencia en la movida tropical pace\u00f1a, no est\u00e1 lejos de lograrlo porque, seg\u00fan el comentario de la gente, suena muy bien \u201cen vivo\u201d, tiene una excelente calidad interpretativa, buen repertorio, talentosos m\u00fasicos y mucha energ\u00eda. La historia de la agrupaci\u00f3n [&hellip;]","og_url":"https:\/\/www.eldiario.net\/portal\/2023\/07\/31\/la-orquesta-loka-passion-es-diferente-por-su-humildad-y-talento\/","og_site_name":"El Diario - Bolivia","article_publisher":"https:\/\/www.facebook.com\/eldiario.bolivia\/","article_published_time":"2023-07-31T10:44:38+00:00","og_image":[{"width":1000,"height":590,"url":"https:\/\/www.eldiario.net\/portal\/wp-content\/uploads\/2023\/07\/loka-passion-1PRINCIPAL.jpg","type":"image\/jpeg"}],"author":"Jeanette","twitter_card":"summary_large_image","twitter_creator":"@eldiario_net","twitter_site":"@eldiario_net","twitter_misc":{"Escrito por":"Jeanette","Tiempo de lectura":"3 minutos"},"schema":{"@context":"https:\/\/schema.org","@graph":[{"@type":"Article","@id":"https:\/\/www.eldiario.net\/portal\/2023\/07\/31\/la-orquesta-loka-passion-es-diferente-por-su-humildad-y-talento\/#article","isPartOf":{"@id":"https:\/\/www.eldiario.net\/portal\/2023\/07\/31\/la-orquesta-loka-passion-es-diferente-por-su-humildad-y-talento\/"},"author":{"name":"Jeanette","@id":"https:\/\/www.eldiario.net\/portal\/#\/schema\/person\/2c57cf2b7a7ae032e449e4c9b1019eac"},"headline":"La orquesta Loka Passi\u00f3n es diferente por su humildad y talento","datePublished":"2023-07-31T10:44:38+00:00","mainEntityOfPage":{"@id":"https:\/\/www.eldiario.net\/portal\/2023\/07\/31\/la-orquesta-loka-passion-es-diferente-por-su-humildad-y-talento\/"},"wordCount":634,"publisher":{"@id":"https:\/\/www.eldiario.net\/portal\/#organization"},"image":{"@id":"https:\/\/www.eldiario.net\/portal\/2023\/07\/31\/la-orquesta-loka-passion-es-diferente-por-su-humildad-y-talento\/#primaryimage"},"thumbnailUrl":"https:\/\/www.eldiario.net\/portal\/wp-content\/uploads\/2023\/07\/loka-passion-1PRINCIPAL.jpg","articleSection":["La Gu\u00eda"],"inLanguage":"es"},{"@type":"WebPage","@id":"https:\/\/www.eldiario.net\/portal\/2023\/07\/31\/la-orquesta-loka-passion-es-diferente-por-su-humildad-y-talento\/","url":"https:\/\/www.eldiario.net\/portal\/2023\/07\/31\/la-orquesta-loka-passion-es-diferente-por-su-humildad-y-talento\/","name":"La orquesta Loka Passi\u00f3n es diferente por su humildad y talento - El Diario - Bolivia","isPartOf":{"@id":"https:\/\/www.eldiario.net\/portal\/#website"},"primaryImageOfPage":{"@id":"https:\/\/www.eldiario.net\/portal\/2023\/07\/31\/la-orquesta-loka-passion-es-diferente-por-su-humildad-y-talento\/#primaryimage"},"image":{"@id":"https:\/\/www.eldiario.net\/portal\/2023\/07\/31\/la-orquesta-loka-passion-es-diferente-por-su-humildad-y-talento\/#primaryimage"},"thumbnailUrl":"https:\/\/www.eldiario.net\/portal\/wp-content\/uploads\/2023\/07\/loka-passion-1PRINCIPAL.jpg","datePublished":"2023-07-31T10:44:38+00:00","breadcrumb":{"@id":"https:\/\/www.eldiario.net\/portal\/2023\/07\/31\/la-orquesta-loka-passion-es-diferente-por-su-humildad-y-talento\/#breadcrumb"},"inLanguage":"es","potentialAction":[{"@type":"ReadAction","target":["https:\/\/www.eldiario.net\/portal\/2023\/07\/31\/la-orquesta-loka-passion-es-diferente-por-su-humildad-y-talento\/"]}]},{"@type":"ImageObject","inLanguage":"es","@id":"https:\/\/www.eldiario.net\/portal\/2023\/07\/31\/la-orquesta-loka-passion-es-diferente-por-su-humildad-y-talento\/#primaryimage","url":"https:\/\/www.eldiario.net\/portal\/wp-content\/uploads\/2023\/07\/loka-passion-1PRINCIPAL.jpg","contentUrl":"https:\/\/www.eldiario.net\/portal\/wp-content\/uploads\/2023\/07\/loka-passion-1PRINCIPAL.jpg","width":1000,"height":590},{"@type":"BreadcrumbList","@id":"https:\/\/www.eldiario.net\/portal\/2023\/07\/31\/la-orquesta-loka-passion-es-diferente-por-su-humildad-y-talento\/#breadcrumb","itemListElement":[{"@type":"ListItem","position":1,"name":"Portada","item":"https:\/\/www.eldiario.net\/portal\/"},{"@type":"ListItem","position":2,"name":"La orquesta Loka Passi\u00f3n es diferente por su humildad y talento"}]},{"@type":"WebSite","@id":"https:\/\/www.eldiario.net\/portal\/#website","url":"https:\/\/www.eldiario.net\/portal\/","name":"El Diario - Decano de la prensa nacional","description":"El Diario - Decano de la prensa nacional","publisher":{"@id":"https:\/\/www.eldiario.net\/portal\/#organization"},"potentialAction":[{"@type":"SearchAction","target":{"@type":"EntryPoint","urlTemplate":"https:\/\/www.eldiario.net\/portal\/?s={search_term_string}"},"query-input":{"@type":"PropertyValueSpecification","valueRequired":true,"valueName":"search_term_string"}}],"inLanguage":"es"},{"@type":"Organization","@id":"https:\/\/www.eldiario.net\/portal\/#organization","name":"El Diario - Decano de la prensa nacional","url":"https:\/\/www.eldiario.net\/portal\/","logo":{"@type":"ImageObject","inLanguage":"es","@id":"https:\/\/www.eldiario.net\/portal\/#\/schema\/logo\/image\/","url":"https:\/\/www.eldiario.net\/portal\/wp-content\/uploads\/2023\/07\/logo_ED.jpg","contentUrl":"https:\/\/www.eldiario.net\/portal\/wp-content\/uploads\/2023\/07\/logo_ED.jpg","width":272,"height":52,"caption":"El Diario - Decano de la prensa nacional"},"image":{"@id":"https:\/\/www.eldiario.net\/portal\/#\/schema\/logo\/image\/"},"sameAs":["https:\/\/www.facebook.com\/eldiario.bolivia\/","https:\/\/x.com\/eldiario_net"]},{"@type":"Person","@id":"https:\/\/www.eldiario.net\/portal\/#\/schema\/person\/2c57cf2b7a7ae032e449e4c9b1019eac","name":"Jeanette","image":{"@type":"ImageObject","inLanguage":"es","@id":"https:\/\/secure.gravatar.com\/avatar\/3ea2118a5f7dad2b7138b1187a6b7ee55f160b9968b66013c3a3ef39dd7e5798?s=96&d=mm&r=g","url":"https:\/\/secure.gravatar.com\/avatar\/3ea2118a5f7dad2b7138b1187a6b7ee55f160b9968b66013c3a3ef39dd7e5798?s=96&d=mm&r=g","contentUrl":"https:\/\/secure.gravatar.com\/avatar\/3ea2118a5f7dad2b7138b1187a6b7ee55f160b9968b66013c3a3ef39dd7e5798?s=96&d=mm&r=g","caption":"Jeanette"},"sameAs":["https:\/\/www.eldiario.net\/portal"],"url":"https:\/\/www.eldiario.net\/portal\/author\/jeanette\/"}]}},"_links":{"self":[{"href":"https:\/\/www.eldiario.net\/portal\/wp-json\/wp\/v2\/posts\/168586","targetHints":{"allow":["GET"]}}],"collection":[{"href":"https:\/\/www.eldiario.net\/portal\/wp-json\/wp\/v2\/posts"}],"about":[{"href":"https:\/\/www.eldiario.net\/portal\/wp-json\/wp\/v2\/types\/post"}],"author":[{"embeddable":true,"href":"https:\/\/www.eldiario.net\/portal\/wp-json\/wp\/v2\/users\/1"}],"replies":[{"embeddable":true,"href":"https:\/\/www.eldiario.net\/portal\/wp-json\/wp\/v2\/comments?post=168586"}],"version-history":[{"count":0,"href":"https:\/\/www.eldiario.net\/portal\/wp-json\/wp\/v2\/posts\/168586\/revisions"}],"wp:featuredmedia":[{"embeddable":true,"href":"https:\/\/www.eldiario.net\/portal\/wp-json\/wp\/v2\/media\/168587"}],"wp:attachment":[{"href":"https:\/\/www.eldiario.net\/portal\/wp-json\/wp\/v2\/media?parent=168586"}],"wp:term":[{"taxonomy":"category","embeddable":true,"href":"https:\/\/www.eldiario.net\/portal\/wp-json\/wp\/v2\/categories?post=168586"},{"taxonomy":"post_tag","embeddable":true,"href":"https:\/\/www.eldiario.net\/portal\/wp-json\/wp\/v2\/tags?post=168586"}],"curies":[{"name":"wp","href":"https:\/\/api.w.org\/{rel}","templated":true}]}}