{"id":168352,"date":"2023-07-30T07:05:01","date_gmt":"2023-07-30T11:05:01","guid":{"rendered":"https:\/\/www.eldiario.net\/portal\/?p=168352"},"modified":"2023-07-30T07:05:01","modified_gmt":"2023-07-30T11:05:01","slug":"detencion-preventiva-por-6-meses-para-propietario-y-piloto-de-narcoavioneta","status":"publish","type":"post","link":"https:\/\/www.eldiario.net\/portal\/2023\/07\/30\/detencion-preventiva-por-6-meses-para-propietario-y-piloto-de-narcoavioneta\/","title":{"rendered":"Detenci\u00f3n preventiva por 6 meses para propietario y piloto de \u201cnarcoavioneta\u201d"},"content":{"rendered":"<p>La Justicia orden\u00f3 ayer la detenci\u00f3n preventiva, por el espacio de seis meses en el penal de Palmasola, para el due\u00f1o y el piloto de la aeronave con matr\u00edcula boliviana que se accident\u00f3 la semana pasada en territorio argentino con m\u00e1s de 300 kilos de coca\u00edna en su interior.<br \/>\nEn una audiencia cautelar, la jueza Estrella Monta\u00f1o orden\u00f3 la detenci\u00f3n preventiva de Nilo L. T., y de Enrique V. M., due\u00f1o y piloto, respectivamente, de la avioneta tipo Cessna 210 con matr\u00edcula CP-3123 que cay\u00f3 en territorio argentino.<br \/>\nAmbas personas fueron aprehendidas el mi\u00e9rcoles en el departamento de Santa Cruz, seg\u00fan informaci\u00f3n que fue difundida por el ministro de Gobierno, Eduardo Del Castillo.<br \/>\nLas investigaciones fueron abiertas no s\u00f3lo contra el due\u00f1o y el piloto de la aeronave, sino tambi\u00e9n en contra de un fiscal, a\u00fan no identificado, y personal del Instituto de Investigaciones Forenses (IDIF), quienes posibilitaron en junio la devoluci\u00f3n de la avioneta a su propietario, luego de que \u00e9sta fue decomisada en mayo, por un vuelo irregular a Paraguay. (Br\u00fajula Digital).<\/p>\n","protected":false},"excerpt":{"rendered":"<p>La Justicia orden\u00f3 ayer la detenci\u00f3n preventiva, por el espacio de seis meses en el penal de Palmasola, para el due\u00f1o y el piloto de la aeronave con matr\u00edcula boliviana que se accident\u00f3 la semana pasada en territorio argentino con m\u00e1s de 300 kilos de coca\u00edna en su interior. En una audiencia cautelar, la jueza [&hellip;]<\/p>\n","protected":false},"author":2,"featured_media":0,"comment_status":"closed","ping_status":"open","sticky":false,"template":"","format":"standard","meta":{"_acf_changed":false,"footnotes":""},"categories":[15],"tags":[],"class_list":["post-168352","post","type-post","status-publish","format-standard","category-portada"],"acf":{"antetitulo":""},"yoast_head":"<!-- This site is optimized with the Yoast SEO plugin v28.3 - https:\/\/yoast.com\/product\/yoast-seo-wordpress\/ -->\n<title>Detenci\u00f3n preventiva por 6 meses para propietario y piloto de \u201cnarcoavioneta\u201d - El Diario - Bolivia<\/title>\n<meta name=\"robots\" content=\"index, follow, max-snippet:-1, max-image-preview:large, max-video-preview:-1\" \/>\n<link rel=\"canonical\" href=\"https:\/\/www.eldiario.net\/portal\/2023\/07\/30\/detencion-preventiva-por-6-meses-para-propietario-y-piloto-de-narcoavioneta\/\" \/>\n<meta property=\"og:locale\" content=\"es_ES\" \/>\n<meta property=\"og:type\" content=\"article\" \/>\n<meta property=\"og:title\" content=\"Detenci\u00f3n preventiva por 6 meses para propietario y piloto de \u201cnarcoavioneta\u201d - El Diario - Bolivia\" \/>\n<meta property=\"og:description\" content=\"La Justicia orden\u00f3 ayer la detenci\u00f3n preventiva, por el espacio de seis meses en el penal de Palmasola, para el due\u00f1o y el piloto de la aeronave con matr\u00edcula boliviana que se accident\u00f3 la semana pasada en territorio argentino con m\u00e1s de 300 kilos de coca\u00edna en su interior. En una audiencia cautelar, la jueza [&hellip;]\" \/>\n<meta property=\"og:url\" content=\"https:\/\/www.eldiario.net\/portal\/2023\/07\/30\/detencion-preventiva-por-6-meses-para-propietario-y-piloto-de-narcoavioneta\/\" \/>\n<meta property=\"og:site_name\" content=\"El Diario - Bolivia\" \/>\n<meta property=\"article:publisher\" content=\"https:\/\/www.facebook.com\/eldiario.bolivia\/\" \/>\n<meta property=\"article:published_time\" content=\"2023-07-30T11:05:01+00:00\" \/>\n<meta name=\"author\" content=\"luis Camacho\" \/>\n<meta name=\"twitter:card\" content=\"summary_large_image\" \/>\n<meta name=\"twitter:creator\" content=\"@eldiario_net\" \/>\n<meta name=\"twitter:site\" content=\"@eldiario_net\" \/>\n<meta name=\"twitter:label1\" content=\"Escrito por\" \/>\n\t<meta name=\"twitter:data1\" content=\"luis Camacho\" \/>\n\t<meta name=\"twitter:label2\" content=\"Tiempo de lectura\" \/>\n\t<meta name=\"twitter:data2\" content=\"1 minuto\" \/>\n<script type=\"application\/ld+json\" class=\"yoast-schema-graph\">{\"@context\":\"https:\\\/\\\/schema.org\",\"@graph\":[{\"@type\":\"Article\",\"@id\":\"https:\\\/\\\/www.eldiario.net\\\/portal\\\/2023\\\/07\\\/30\\\/detencion-preventiva-por-6-meses-para-propietario-y-piloto-de-narcoavioneta\\\/#article\",\"isPartOf\":{\"@id\":\"https:\\\/\\\/www.eldiario.net\\\/portal\\\/2023\\\/07\\\/30\\\/detencion-preventiva-por-6-meses-para-propietario-y-piloto-de-narcoavioneta\\\/\"},\"author\":{\"name\":\"luis Camacho\",\"@id\":\"https:\\\/\\\/www.eldiario.net\\\/portal\\\/#\\\/schema\\\/person\\\/cab1ae4db27e5f008a62cbffb05fbfee\"},\"headline\":\"Detenci\u00f3n preventiva por 6 meses para propietario y piloto de \u201cnarcoavioneta\u201d\",\"datePublished\":\"2023-07-30T11:05:01+00:00\",\"mainEntityOfPage\":{\"@id\":\"https:\\\/\\\/www.eldiario.net\\\/portal\\\/2023\\\/07\\\/30\\\/detencion-preventiva-por-6-meses-para-propietario-y-piloto-de-narcoavioneta\\\/\"},\"wordCount\":201,\"publisher\":{\"@id\":\"https:\\\/\\\/www.eldiario.net\\\/portal\\\/#organization\"},\"articleSection\":[\"Portada\"],\"inLanguage\":\"es\"},{\"@type\":\"WebPage\",\"@id\":\"https:\\\/\\\/www.eldiario.net\\\/portal\\\/2023\\\/07\\\/30\\\/detencion-preventiva-por-6-meses-para-propietario-y-piloto-de-narcoavioneta\\\/\",\"url\":\"https:\\\/\\\/www.eldiario.net\\\/portal\\\/2023\\\/07\\\/30\\\/detencion-preventiva-por-6-meses-para-propietario-y-piloto-de-narcoavioneta\\\/\",\"name\":\"Detenci\u00f3n preventiva por 6 meses para propietario y piloto de \u201cnarcoavioneta\u201d - El Diario - Bolivia\",\"isPartOf\":{\"@id\":\"https:\\\/\\\/www.eldiario.net\\\/portal\\\/#website\"},\"datePublished\":\"2023-07-30T11:05:01+00:00\",\"breadcrumb\":{\"@id\":\"https:\\\/\\\/www.eldiario.net\\\/portal\\\/2023\\\/07\\\/30\\\/detencion-preventiva-por-6-meses-para-propietario-y-piloto-de-narcoavioneta\\\/#breadcrumb\"},\"inLanguage\":\"es\",\"potentialAction\":[{\"@type\":\"ReadAction\",\"target\":[\"https:\\\/\\\/www.eldiario.net\\\/portal\\\/2023\\\/07\\\/30\\\/detencion-preventiva-por-6-meses-para-propietario-y-piloto-de-narcoavioneta\\\/\"]}]},{\"@type\":\"BreadcrumbList\",\"@id\":\"https:\\\/\\\/www.eldiario.net\\\/portal\\\/2023\\\/07\\\/30\\\/detencion-preventiva-por-6-meses-para-propietario-y-piloto-de-narcoavioneta\\\/#breadcrumb\",\"itemListElement\":[{\"@type\":\"ListItem\",\"position\":1,\"name\":\"Portada\",\"item\":\"https:\\\/\\\/www.eldiario.net\\\/portal\\\/\"},{\"@type\":\"ListItem\",\"position\":2,\"name\":\"Detenci\u00f3n preventiva por 6 meses para propietario y piloto de \u201cnarcoavioneta\u201d\"}]},{\"@type\":\"WebSite\",\"@id\":\"https:\\\/\\\/www.eldiario.net\\\/portal\\\/#website\",\"url\":\"https:\\\/\\\/www.eldiario.net\\\/portal\\\/\",\"name\":\"El Diario - Decano de la prensa nacional\",\"description\":\"El Diario - Decano de la prensa nacional\",\"publisher\":{\"@id\":\"https:\\\/\\\/www.eldiario.net\\\/portal\\\/#organization\"},\"potentialAction\":[{\"@type\":\"SearchAction\",\"target\":{\"@type\":\"EntryPoint\",\"urlTemplate\":\"https:\\\/\\\/www.eldiario.net\\\/portal\\\/?s={search_term_string}\"},\"query-input\":{\"@type\":\"PropertyValueSpecification\",\"valueRequired\":true,\"valueName\":\"search_term_string\"}}],\"inLanguage\":\"es\"},{\"@type\":\"Organization\",\"@id\":\"https:\\\/\\\/www.eldiario.net\\\/portal\\\/#organization\",\"name\":\"El Diario - Decano de la prensa nacional\",\"url\":\"https:\\\/\\\/www.eldiario.net\\\/portal\\\/\",\"logo\":{\"@type\":\"ImageObject\",\"inLanguage\":\"es\",\"@id\":\"https:\\\/\\\/www.eldiario.net\\\/portal\\\/#\\\/schema\\\/logo\\\/image\\\/\",\"url\":\"https:\\\/\\\/www.eldiario.net\\\/portal\\\/wp-content\\\/uploads\\\/2023\\\/07\\\/logo_ED.jpg\",\"contentUrl\":\"https:\\\/\\\/www.eldiario.net\\\/portal\\\/wp-content\\\/uploads\\\/2023\\\/07\\\/logo_ED.jpg\",\"width\":272,\"height\":52,\"caption\":\"El Diario - Decano de la prensa nacional\"},\"image\":{\"@id\":\"https:\\\/\\\/www.eldiario.net\\\/portal\\\/#\\\/schema\\\/logo\\\/image\\\/\"},\"sameAs\":[\"https:\\\/\\\/www.facebook.com\\\/eldiario.bolivia\\\/\",\"https:\\\/\\\/x.com\\\/eldiario_net\"]},{\"@type\":\"Person\",\"@id\":\"https:\\\/\\\/www.eldiario.net\\\/portal\\\/#\\\/schema\\\/person\\\/cab1ae4db27e5f008a62cbffb05fbfee\",\"name\":\"luis Camacho\",\"image\":{\"@type\":\"ImageObject\",\"inLanguage\":\"es\",\"@id\":\"https:\\\/\\\/secure.gravatar.com\\\/avatar\\\/69ecb836b3826d5a2501bf06ab2a2f2c8ab211cc846758f395df21684cb38313?s=96&d=mm&r=g\",\"url\":\"https:\\\/\\\/secure.gravatar.com\\\/avatar\\\/69ecb836b3826d5a2501bf06ab2a2f2c8ab211cc846758f395df21684cb38313?s=96&d=mm&r=g\",\"contentUrl\":\"https:\\\/\\\/secure.gravatar.com\\\/avatar\\\/69ecb836b3826d5a2501bf06ab2a2f2c8ab211cc846758f395df21684cb38313?s=96&d=mm&r=g\",\"caption\":\"luis Camacho\"},\"url\":\"https:\\\/\\\/www.eldiario.net\\\/portal\\\/author\\\/luis\\\/\"}]}<\/script>\n<!-- \/ Yoast SEO plugin. -->","yoast_head_json":{"title":"Detenci\u00f3n preventiva por 6 meses para propietario y piloto de \u201cnarcoavioneta\u201d - El Diario - Bolivia","robots":{"index":"index","follow":"follow","max-snippet":"max-snippet:-1","max-image-preview":"max-image-preview:large","max-video-preview":"max-video-preview:-1"},"canonical":"https:\/\/www.eldiario.net\/portal\/2023\/07\/30\/detencion-preventiva-por-6-meses-para-propietario-y-piloto-de-narcoavioneta\/","og_locale":"es_ES","og_type":"article","og_title":"Detenci\u00f3n preventiva por 6 meses para propietario y piloto de \u201cnarcoavioneta\u201d - El Diario - Bolivia","og_description":"La Justicia orden\u00f3 ayer la detenci\u00f3n preventiva, por el espacio de seis meses en el penal de Palmasola, para el due\u00f1o y el piloto de la aeronave con matr\u00edcula boliviana que se accident\u00f3 la semana pasada en territorio argentino con m\u00e1s de 300 kilos de coca\u00edna en su interior. En una audiencia cautelar, la jueza [&hellip;]","og_url":"https:\/\/www.eldiario.net\/portal\/2023\/07\/30\/detencion-preventiva-por-6-meses-para-propietario-y-piloto-de-narcoavioneta\/","og_site_name":"El Diario - Bolivia","article_publisher":"https:\/\/www.facebook.com\/eldiario.bolivia\/","article_published_time":"2023-07-30T11:05:01+00:00","author":"luis Camacho","twitter_card":"summary_large_image","twitter_creator":"@eldiario_net","twitter_site":"@eldiario_net","twitter_misc":{"Escrito por":"luis Camacho","Tiempo de lectura":"1 minuto"},"schema":{"@context":"https:\/\/schema.org","@graph":[{"@type":"Article","@id":"https:\/\/www.eldiario.net\/portal\/2023\/07\/30\/detencion-preventiva-por-6-meses-para-propietario-y-piloto-de-narcoavioneta\/#article","isPartOf":{"@id":"https:\/\/www.eldiario.net\/portal\/2023\/07\/30\/detencion-preventiva-por-6-meses-para-propietario-y-piloto-de-narcoavioneta\/"},"author":{"name":"luis Camacho","@id":"https:\/\/www.eldiario.net\/portal\/#\/schema\/person\/cab1ae4db27e5f008a62cbffb05fbfee"},"headline":"Detenci\u00f3n preventiva por 6 meses para propietario y piloto de \u201cnarcoavioneta\u201d","datePublished":"2023-07-30T11:05:01+00:00","mainEntityOfPage":{"@id":"https:\/\/www.eldiario.net\/portal\/2023\/07\/30\/detencion-preventiva-por-6-meses-para-propietario-y-piloto-de-narcoavioneta\/"},"wordCount":201,"publisher":{"@id":"https:\/\/www.eldiario.net\/portal\/#organization"},"articleSection":["Portada"],"inLanguage":"es"},{"@type":"WebPage","@id":"https:\/\/www.eldiario.net\/portal\/2023\/07\/30\/detencion-preventiva-por-6-meses-para-propietario-y-piloto-de-narcoavioneta\/","url":"https:\/\/www.eldiario.net\/portal\/2023\/07\/30\/detencion-preventiva-por-6-meses-para-propietario-y-piloto-de-narcoavioneta\/","name":"Detenci\u00f3n preventiva por 6 meses para propietario y piloto de \u201cnarcoavioneta\u201d - El Diario - Bolivia","isPartOf":{"@id":"https:\/\/www.eldiario.net\/portal\/#website"},"datePublished":"2023-07-30T11:05:01+00:00","breadcrumb":{"@id":"https:\/\/www.eldiario.net\/portal\/2023\/07\/30\/detencion-preventiva-por-6-meses-para-propietario-y-piloto-de-narcoavioneta\/#breadcrumb"},"inLanguage":"es","potentialAction":[{"@type":"ReadAction","target":["https:\/\/www.eldiario.net\/portal\/2023\/07\/30\/detencion-preventiva-por-6-meses-para-propietario-y-piloto-de-narcoavioneta\/"]}]},{"@type":"BreadcrumbList","@id":"https:\/\/www.eldiario.net\/portal\/2023\/07\/30\/detencion-preventiva-por-6-meses-para-propietario-y-piloto-de-narcoavioneta\/#breadcrumb","itemListElement":[{"@type":"ListItem","position":1,"name":"Portada","item":"https:\/\/www.eldiario.net\/portal\/"},{"@type":"ListItem","position":2,"name":"Detenci\u00f3n preventiva por 6 meses para propietario y piloto de \u201cnarcoavioneta\u201d"}]},{"@type":"WebSite","@id":"https:\/\/www.eldiario.net\/portal\/#website","url":"https:\/\/www.eldiario.net\/portal\/","name":"El Diario - Decano de la prensa nacional","description":"El Diario - Decano de la prensa nacional","publisher":{"@id":"https:\/\/www.eldiario.net\/portal\/#organization"},"potentialAction":[{"@type":"SearchAction","target":{"@type":"EntryPoint","urlTemplate":"https:\/\/www.eldiario.net\/portal\/?s={search_term_string}"},"query-input":{"@type":"PropertyValueSpecification","valueRequired":true,"valueName":"search_term_string"}}],"inLanguage":"es"},{"@type":"Organization","@id":"https:\/\/www.eldiario.net\/portal\/#organization","name":"El Diario - Decano de la prensa nacional","url":"https:\/\/www.eldiario.net\/portal\/","logo":{"@type":"ImageObject","inLanguage":"es","@id":"https:\/\/www.eldiario.net\/portal\/#\/schema\/logo\/image\/","url":"https:\/\/www.eldiario.net\/portal\/wp-content\/uploads\/2023\/07\/logo_ED.jpg","contentUrl":"https:\/\/www.eldiario.net\/portal\/wp-content\/uploads\/2023\/07\/logo_ED.jpg","width":272,"height":52,"caption":"El Diario - Decano de la prensa nacional"},"image":{"@id":"https:\/\/www.eldiario.net\/portal\/#\/schema\/logo\/image\/"},"sameAs":["https:\/\/www.facebook.com\/eldiario.bolivia\/","https:\/\/x.com\/eldiario_net"]},{"@type":"Person","@id":"https:\/\/www.eldiario.net\/portal\/#\/schema\/person\/cab1ae4db27e5f008a62cbffb05fbfee","name":"luis Camacho","image":{"@type":"ImageObject","inLanguage":"es","@id":"https:\/\/secure.gravatar.com\/avatar\/69ecb836b3826d5a2501bf06ab2a2f2c8ab211cc846758f395df21684cb38313?s=96&d=mm&r=g","url":"https:\/\/secure.gravatar.com\/avatar\/69ecb836b3826d5a2501bf06ab2a2f2c8ab211cc846758f395df21684cb38313?s=96&d=mm&r=g","contentUrl":"https:\/\/secure.gravatar.com\/avatar\/69ecb836b3826d5a2501bf06ab2a2f2c8ab211cc846758f395df21684cb38313?s=96&d=mm&r=g","caption":"luis Camacho"},"url":"https:\/\/www.eldiario.net\/portal\/author\/luis\/"}]}},"_links":{"self":[{"href":"https:\/\/www.eldiario.net\/portal\/wp-json\/wp\/v2\/posts\/168352","targetHints":{"allow":["GET"]}}],"collection":[{"href":"https:\/\/www.eldiario.net\/portal\/wp-json\/wp\/v2\/posts"}],"about":[{"href":"https:\/\/www.eldiario.net\/portal\/wp-json\/wp\/v2\/types\/post"}],"author":[{"embeddable":true,"href":"https:\/\/www.eldiario.net\/portal\/wp-json\/wp\/v2\/users\/2"}],"replies":[{"embeddable":true,"href":"https:\/\/www.eldiario.net\/portal\/wp-json\/wp\/v2\/comments?post=168352"}],"version-history":[{"count":0,"href":"https:\/\/www.eldiario.net\/portal\/wp-json\/wp\/v2\/posts\/168352\/revisions"}],"wp:attachment":[{"href":"https:\/\/www.eldiario.net\/portal\/wp-json\/wp\/v2\/media?parent=168352"}],"wp:term":[{"taxonomy":"category","embeddable":true,"href":"https:\/\/www.eldiario.net\/portal\/wp-json\/wp\/v2\/categories?post=168352"},{"taxonomy":"post_tag","embeddable":true,"href":"https:\/\/www.eldiario.net\/portal\/wp-json\/wp\/v2\/tags?post=168352"}],"curies":[{"name":"wp","href":"https:\/\/api.w.org\/{rel}","templated":true}]}}