{"id":168313,"date":"2023-07-29T01:39:24","date_gmt":"2023-07-29T05:39:24","guid":{"rendered":"https:\/\/www.eldiario.net\/portal\/?p=168313"},"modified":"2023-07-29T01:39:24","modified_gmt":"2023-07-29T05:39:24","slug":"mas-de-5-000-muertos-y-50-millones-de-afectados-por-81-desastres-climaticos","status":"publish","type":"post","link":"https:\/\/www.eldiario.net\/portal\/2023\/07\/29\/mas-de-5-000-muertos-y-50-millones-de-afectados-por-81-desastres-climaticos\/","title":{"rendered":"M\u00e1s de 5.000 muertos y 50 millones de  afectados por 81 desastres clim\u00e1ticos"},"content":{"rendered":"<p class=\"v1MsoNormal\">Los impactos de los fen\u00f3menos meteorol\u00f3gicos extremos y del cambio clim\u00e1tico se han intensificado en Asia en 2022, donde se produjeron 81 desastres relacionados con el tiempo, el clima y el agua, de los cuales m\u00e1s del 83% fueron crecidas y tormentas, seg\u00fan se desprende de un nuevo informe de la Organizaci\u00f3n Meteorol\u00f3gica Mundial (OMM, por sus siglas en ingl\u00e9s).<\/p>\n<p class=\"v1MsoNormal\">El estudio constata que, debido a estos fen\u00f3menos meteorol\u00f3gicos extremos, m\u00e1s de 5.000 personas perdieron la vida, cerca de 50 millones de personas se vieron directamente perjudicadas y las p\u00e9rdidas econ\u00f3micas superaron los 36.000 millones de d\u00f3lares en el caso de Estados Unidos. Asimismo, en una gran parte de las zonas \u00e1ridas de Asia, se produjeron fuertes tormentas de polvo. En Asia Occidental, varias tormentas de polvo intensas afectaron la vida de los ciudadanos de la regi\u00f3n.<\/p>\n<p class=\"v1MsoNormal\">En el caso de Asia, las sequ\u00edas se alternaron con las crecidas en 2022, lo que supuso la ruina de la vida de las personas y la destrucci\u00f3n de los medios de subsistencia.<\/p>\n<p class=\"v1MsoNormal\">Por otro lado, el informe vaticina que la fusi\u00f3n de los hielos y los glaciares y el aumento del nivel del mar amenazan con provocar mayores perturbaciones socioecon\u00f3micas en el futuro.<\/p>\n<p class=\"v1MsoNormal\">Asimismo, muestra que Asia se est\u00e1 calentando m\u00e1s r\u00e1pidamente que la media mundial. En este sentido, la tendencia al calentamiento en Asia entre 1991 y 2022 pr\u00e1cticamente duplic\u00f3 la correspondiente al per\u00edodo comprendido entre 1961 y 1990, seg\u00fan el informe &#8216;Estado del clima en Asia 2022&#8217; de la OMM.<\/p>\n<p class=\"v1MsoNormal\">\u00abEn ese a\u00f1o, se observaron condiciones m\u00e1s secas de lo normal y sequ\u00edas en muchas zonas de Asia. En particular, China sufri\u00f3 condiciones prolongadas de sequ\u00eda, lo cual incidi\u00f3 en la disponibilidad de agua y el suministro de energ\u00eda. Se estima que las p\u00e9rdidas econ\u00f3micas causadas por las sequ\u00edas que afectaron a varias regiones de China fueron superiores a 7.600 millones de d\u00f3lares. En cambio, en Pakist\u00e1n, se produjeron inundaciones de consecuencias catastr\u00f3ficas\u00bb, explic\u00f3 el secretario general de la OMM, Petteri Taalas.<\/p>\n<p class=\"v1MsoNormal\">Asimismo, a\u00f1adi\u00f3 que la mayor\u00eda de los glaciares de la regi\u00f3n de alta monta\u00f1a de Asia \u00abexperimentaron una intensa p\u00e9rdida de masa como resultado de las condiciones excepcionalmente c\u00e1lidas y secas de 2022\u00bb. \u00abEsta situaci\u00f3n tendr\u00e1 importantes repercusiones para la seguridad alimentaria e h\u00eddrica y los ecosistemas en el futuro\u00bb, ha advertido Taalas.<\/p>\n<p class=\"v1MsoNormal\">\n<p class=\"v1MsoNormal\">LA TEMPERATURA MEDIA EN ASIA EN 2022<\/p>\n<p class=\"v1MsoNormal\">Seg\u00fan el informe, la temperatura media en Asia en 2022 fue la segunda o la tercera m\u00e1s c\u00e1lida de la que se tiene constancia y super\u00f3 en alrededor de 0,72\u00b0C la media del per\u00edodo 1991-2020. Esta media se situ\u00f3 en 1,68\u00b0C, aproximadamente, por encima del per\u00edodo de referencia 1961-1990 de la OMM para el cambio clim\u00e1tico.<\/p>\n<p class=\"v1MsoNormal\">Las sequ\u00edas afectaron a muchas partes de la regi\u00f3n, por lo que se redujo la disponibilidad de agua, mientras que, las graves inundaciones que asolaron a Pakist\u00e1n causaron numerosas muertes y cuantiosos da\u00f1os econ\u00f3micos.<\/p>\n<p class=\"v1MsoNormal\">Este pa\u00eds recibi\u00f3 el 60% de las lluvias monz\u00f3nicas totales normales en un plazo de solo tres semanas a partir del inicio de la estaci\u00f3n del monz\u00f3n en 2022. De acuerdo con la Autoridad Nacional de Gesti\u00f3n de Desastres, se vieron afectados m\u00e1s de 33 millones de personas, casi el 14% de la poblaci\u00f3n del Pakist\u00e1n en 2022.<\/p>\n<p class=\"v1MsoNormal\">Por su parte, los glaciares de la regi\u00f3n de alta monta\u00f1a de Asia han perdido una masa importante durante los \u00faltimos 40 a\u00f1os, y la p\u00e9rdida se est\u00e1 acelerando. En 2022, las condiciones excepcionalmente c\u00e1lidas y secas exacerbaron la p\u00e9rdida de masa de la mayor\u00eda de los glaciares.<\/p>\n<p class=\"v1MsoNormal\">En la misma l\u00ednea, en el glaciar &#8216;Urumqi n.o 1&#8217;, situado en la parte oriental de Tien Shan, se registr\u00f3 el segundo balance de masa negativo m\u00e1s alto, de -1,25 metros de equivalente en agua, desde el inicio de las mediciones en 1959.<\/p>\n<p class=\"v1MsoNormal\">Seg\u00fan la OMM, en la regi\u00f3n se ha observado una tendencia general al calentamiento de la superficie del oc\u00e9ano desde el inicio de las series temporales en 1982. En el noroeste del mar Ar\u00e1bigo, el mar de Filipinas y los mares situados al este del Jap\u00f3n, las tasas de calentamiento superan los 0,5\u00b0C por d\u00e9cada, lo cual es alrededor de tres veces m\u00e1s r\u00e1pido que la tasa media mundial de calentamiento de la superficie del oc\u00e9ano.<\/p>\n<p class=\"v1MsoNormal\">En septiembre, se registraron vientos y fuertes lluvias sin precedentes asociados al tif\u00f3n Nanmadol en varias estaciones del Jap\u00f3n. Este tif\u00f3n fue la causa de cinco muertes reportadas, afect\u00f3 a m\u00e1s de 1.300 personas y ocasion\u00f3 p\u00e9rdidas econ\u00f3micas que, seg\u00fan las estimaciones, superaron los 2.000 millones de d\u00f3lares.<\/p>\n<p class=\"v1MsoNormal\">Las p\u00e9rdidas econ\u00f3micas en 2022 debidas a desastres relacionados con crecidas se situaron por encima de la media del per\u00edodo 2002-2021. Las p\u00e9rdidas m\u00e1s importantes de este tipo se registraron en Pakist\u00e1n (m\u00e1s de 15.000 millones de d\u00f3lares), seguido de China (m\u00e1s de 5.000 millones de d\u00f3lares) y la India (m\u00e1s de 4.200 millones).<\/p>\n<p class=\"v1MsoNormal\">Adem\u00e1s, en 2022, las p\u00e9rdidas econ\u00f3micas derivadas de las sequ\u00edas constituyeron la siguiente categor\u00eda m\u00e1s importante, con da\u00f1os por valor de 7.600 millones de d\u00f3lares (principalmente en China), lo cual supera la media del per\u00edodo 2002-2021 (2.600 millones de d\u00f3lares) en casi un 200%.<\/p>\n<p class=\"v1MsoNormal\">Seg\u00fan la organizaci\u00f3n, la mejora de la resiliencia de los sistemas alimentarios tiene \u00abm\u00e1xima prioridad\u00bb en Asia, como se puso de relieve en las contribuciones determinadas a nivel nacional de la mayor\u00eda de las Partes en el Acuerdo de Par\u00eds de los Miembros de la OMM de la Asociaci\u00f3n Regional II.<\/p>\n<p class=\"v1MsoNormal\">De esta manera, el monitoreo del clima pasado y actual y el suministro de predicciones en escalas temporales meteorol\u00f3gicas y clim\u00e1ticas son herramientas \u00abfundamentales\u00bb que sustentan los servicios de alerta temprana eficaces para la agricultura y la seguridad alimentaria.<\/p>\n<p class=\"v1MsoNormal\">El informe, que forma parte de una serie de informes sobre el estado del clima a nivel regional de la OMM, se present\u00f3 durante una reuni\u00f3n del Comit\u00e9 de Reducci\u00f3n del Riesgo de Desastres de la Comisi\u00f3n Econ\u00f3mica y Social de las Naciones Unidas para Asia y el Pac\u00edfico (CESPAP). (Europa Press)<\/p>\n<p class=\"v1MsoNormal\">\n","protected":false},"excerpt":{"rendered":"<p>Los impactos de los fen\u00f3menos meteorol\u00f3gicos extremos y del cambio clim\u00e1tico se han intensificado en Asia en 2022, donde se produjeron 81 desastres relacionados con el tiempo, el clima y el agua, de los cuales m\u00e1s del 83% fueron crecidas y tormentas, seg\u00fan se desprende de un nuevo informe de la Organizaci\u00f3n Meteorol\u00f3gica Mundial (OMM, [&hellip;]<\/p>\n","protected":false},"author":1,"featured_media":168314,"comment_status":"closed","ping_status":"open","sticky":false,"template":"","format":"standard","meta":{"_acf_changed":false,"footnotes":""},"categories":[3],"tags":[],"class_list":["post-168313","post","type-post","status-publish","format-standard","has-post-thumbnail","category-internacional"],"acf":{"antetitulo":""},"yoast_head":"<!-- This site is optimized with the Yoast SEO plugin v28.4 - https:\/\/yoast.com\/product\/yoast-seo-wordpress\/ -->\n<title>M\u00e1s de 5.000 muertos y 50 millones de afectados por 81 desastres clim\u00e1ticos - El Diario - Bolivia<\/title>\n<meta name=\"robots\" content=\"index, follow, max-snippet:-1, max-image-preview:large, max-video-preview:-1\" \/>\n<link rel=\"canonical\" href=\"https:\/\/www.eldiario.net\/portal\/2023\/07\/29\/mas-de-5-000-muertos-y-50-millones-de-afectados-por-81-desastres-climaticos\/\" \/>\n<meta property=\"og:locale\" content=\"es_ES\" \/>\n<meta property=\"og:type\" content=\"article\" \/>\n<meta property=\"og:title\" content=\"M\u00e1s de 5.000 muertos y 50 millones de afectados por 81 desastres clim\u00e1ticos - El Diario - Bolivia\" \/>\n<meta property=\"og:description\" content=\"Los impactos de los fen\u00f3menos meteorol\u00f3gicos extremos y del cambio clim\u00e1tico se han intensificado en Asia en 2022, donde se produjeron 81 desastres relacionados con el tiempo, el clima y el agua, de los cuales m\u00e1s del 83% fueron crecidas y tormentas, seg\u00fan se desprende de un nuevo informe de la Organizaci\u00f3n Meteorol\u00f3gica Mundial (OMM, [&hellip;]\" \/>\n<meta property=\"og:url\" content=\"https:\/\/www.eldiario.net\/portal\/2023\/07\/29\/mas-de-5-000-muertos-y-50-millones-de-afectados-por-81-desastres-climaticos\/\" \/>\n<meta property=\"og:site_name\" content=\"El Diario - Bolivia\" \/>\n<meta property=\"article:publisher\" content=\"https:\/\/www.facebook.com\/eldiario.bolivia\/\" \/>\n<meta property=\"article:published_time\" content=\"2023-07-29T05:39:24+00:00\" \/>\n<meta property=\"og:image\" content=\"https:\/\/www.eldiario.net\/portal\/wp-content\/uploads\/2023\/07\/Clima-europa-press.webp\" \/>\n\t<meta property=\"og:image:width\" content=\"1000\" \/>\n\t<meta property=\"og:image:height\" content=\"667\" \/>\n\t<meta property=\"og:image:type\" content=\"image\/webp\" \/>\n<meta name=\"author\" content=\"Jeanette\" \/>\n<meta name=\"twitter:card\" content=\"summary_large_image\" \/>\n<meta name=\"twitter:creator\" content=\"@eldiario_net\" \/>\n<meta name=\"twitter:site\" content=\"@eldiario_net\" \/>\n<meta name=\"twitter:label1\" content=\"Escrito por\" \/>\n\t<meta name=\"twitter:data1\" content=\"Jeanette\" \/>\n\t<meta name=\"twitter:label2\" content=\"Tiempo de lectura\" \/>\n\t<meta name=\"twitter:data2\" content=\"5 minutos\" \/>\n<script type=\"application\/ld+json\" class=\"yoast-schema-graph\">{\"@context\":\"https:\\\/\\\/schema.org\",\"@graph\":[{\"@type\":\"Article\",\"@id\":\"https:\\\/\\\/www.eldiario.net\\\/portal\\\/2023\\\/07\\\/29\\\/mas-de-5-000-muertos-y-50-millones-de-afectados-por-81-desastres-climaticos\\\/#article\",\"isPartOf\":{\"@id\":\"https:\\\/\\\/www.eldiario.net\\\/portal\\\/2023\\\/07\\\/29\\\/mas-de-5-000-muertos-y-50-millones-de-afectados-por-81-desastres-climaticos\\\/\"},\"author\":{\"name\":\"Jeanette\",\"@id\":\"https:\\\/\\\/www.eldiario.net\\\/portal\\\/#\\\/schema\\\/person\\\/f46445640444750d7d753ccd04ae01b7\"},\"headline\":\"M\u00e1s de 5.000 muertos y 50 millones de afectados por 81 desastres clim\u00e1ticos\",\"datePublished\":\"2023-07-29T05:39:24+00:00\",\"mainEntityOfPage\":{\"@id\":\"https:\\\/\\\/www.eldiario.net\\\/portal\\\/2023\\\/07\\\/29\\\/mas-de-5-000-muertos-y-50-millones-de-afectados-por-81-desastres-climaticos\\\/\"},\"wordCount\":1094,\"publisher\":{\"@id\":\"https:\\\/\\\/www.eldiario.net\\\/portal\\\/#organization\"},\"image\":{\"@id\":\"https:\\\/\\\/www.eldiario.net\\\/portal\\\/2023\\\/07\\\/29\\\/mas-de-5-000-muertos-y-50-millones-de-afectados-por-81-desastres-climaticos\\\/#primaryimage\"},\"thumbnailUrl\":\"https:\\\/\\\/www.eldiario.net\\\/portal\\\/wp-content\\\/uploads\\\/2023\\\/07\\\/Clima-europa-press.webp\",\"articleSection\":[\"Internacional\"],\"inLanguage\":\"es\"},{\"@type\":\"WebPage\",\"@id\":\"https:\\\/\\\/www.eldiario.net\\\/portal\\\/2023\\\/07\\\/29\\\/mas-de-5-000-muertos-y-50-millones-de-afectados-por-81-desastres-climaticos\\\/\",\"url\":\"https:\\\/\\\/www.eldiario.net\\\/portal\\\/2023\\\/07\\\/29\\\/mas-de-5-000-muertos-y-50-millones-de-afectados-por-81-desastres-climaticos\\\/\",\"name\":\"M\u00e1s de 5.000 muertos y 50 millones de afectados por 81 desastres clim\u00e1ticos - El Diario - Bolivia\",\"isPartOf\":{\"@id\":\"https:\\\/\\\/www.eldiario.net\\\/portal\\\/#website\"},\"primaryImageOfPage\":{\"@id\":\"https:\\\/\\\/www.eldiario.net\\\/portal\\\/2023\\\/07\\\/29\\\/mas-de-5-000-muertos-y-50-millones-de-afectados-por-81-desastres-climaticos\\\/#primaryimage\"},\"image\":{\"@id\":\"https:\\\/\\\/www.eldiario.net\\\/portal\\\/2023\\\/07\\\/29\\\/mas-de-5-000-muertos-y-50-millones-de-afectados-por-81-desastres-climaticos\\\/#primaryimage\"},\"thumbnailUrl\":\"https:\\\/\\\/www.eldiario.net\\\/portal\\\/wp-content\\\/uploads\\\/2023\\\/07\\\/Clima-europa-press.webp\",\"datePublished\":\"2023-07-29T05:39:24+00:00\",\"breadcrumb\":{\"@id\":\"https:\\\/\\\/www.eldiario.net\\\/portal\\\/2023\\\/07\\\/29\\\/mas-de-5-000-muertos-y-50-millones-de-afectados-por-81-desastres-climaticos\\\/#breadcrumb\"},\"inLanguage\":\"es\",\"potentialAction\":[{\"@type\":\"ReadAction\",\"target\":[\"https:\\\/\\\/www.eldiario.net\\\/portal\\\/2023\\\/07\\\/29\\\/mas-de-5-000-muertos-y-50-millones-de-afectados-por-81-desastres-climaticos\\\/\"]}]},{\"@type\":\"ImageObject\",\"inLanguage\":\"es\",\"@id\":\"https:\\\/\\\/www.eldiario.net\\\/portal\\\/2023\\\/07\\\/29\\\/mas-de-5-000-muertos-y-50-millones-de-afectados-por-81-desastres-climaticos\\\/#primaryimage\",\"url\":\"https:\\\/\\\/www.eldiario.net\\\/portal\\\/wp-content\\\/uploads\\\/2023\\\/07\\\/Clima-europa-press.webp\",\"contentUrl\":\"https:\\\/\\\/www.eldiario.net\\\/portal\\\/wp-content\\\/uploads\\\/2023\\\/07\\\/Clima-europa-press.webp\",\"width\":1000,\"height\":667,\"caption\":\"Los impactos del cambio clim\u00e1tico fueron devastadores en Asia el a\u00f1o pasado, seg\u00fan la OMM. CREDITO: Europa Press\"},{\"@type\":\"BreadcrumbList\",\"@id\":\"https:\\\/\\\/www.eldiario.net\\\/portal\\\/2023\\\/07\\\/29\\\/mas-de-5-000-muertos-y-50-millones-de-afectados-por-81-desastres-climaticos\\\/#breadcrumb\",\"itemListElement\":[{\"@type\":\"ListItem\",\"position\":1,\"name\":\"Portada\",\"item\":\"https:\\\/\\\/www.eldiario.net\\\/portal\\\/\"},{\"@type\":\"ListItem\",\"position\":2,\"name\":\"M\u00e1s de 5.000 muertos y 50 millones de afectados por 81 desastres clim\u00e1ticos\"}]},{\"@type\":\"WebSite\",\"@id\":\"https:\\\/\\\/www.eldiario.net\\\/portal\\\/#website\",\"url\":\"https:\\\/\\\/www.eldiario.net\\\/portal\\\/\",\"name\":\"El Diario - Decano de la prensa nacional\",\"description\":\"El Diario - Decano de la prensa nacional\",\"publisher\":{\"@id\":\"https:\\\/\\\/www.eldiario.net\\\/portal\\\/#organization\"},\"potentialAction\":[{\"@type\":\"SearchAction\",\"target\":{\"@type\":\"EntryPoint\",\"urlTemplate\":\"https:\\\/\\\/www.eldiario.net\\\/portal\\\/?s={search_term_string}\"},\"query-input\":{\"@type\":\"PropertyValueSpecification\",\"valueRequired\":true,\"valueName\":\"search_term_string\"}}],\"inLanguage\":\"es\"},{\"@type\":\"Organization\",\"@id\":\"https:\\\/\\\/www.eldiario.net\\\/portal\\\/#organization\",\"name\":\"El Diario - Decano de la prensa nacional\",\"url\":\"https:\\\/\\\/www.eldiario.net\\\/portal\\\/\",\"logo\":{\"@type\":\"ImageObject\",\"inLanguage\":\"es\",\"@id\":\"https:\\\/\\\/www.eldiario.net\\\/portal\\\/#\\\/schema\\\/logo\\\/image\\\/\",\"url\":\"https:\\\/\\\/www.eldiario.net\\\/portal\\\/wp-content\\\/uploads\\\/2023\\\/07\\\/logo_ED.jpg\",\"contentUrl\":\"https:\\\/\\\/www.eldiario.net\\\/portal\\\/wp-content\\\/uploads\\\/2023\\\/07\\\/logo_ED.jpg\",\"width\":272,\"height\":52,\"caption\":\"El Diario - Decano de la prensa nacional\"},\"image\":{\"@id\":\"https:\\\/\\\/www.eldiario.net\\\/portal\\\/#\\\/schema\\\/logo\\\/image\\\/\"},\"sameAs\":[\"https:\\\/\\\/www.facebook.com\\\/eldiario.bolivia\\\/\",\"https:\\\/\\\/x.com\\\/eldiario_net\"]},{\"@type\":\"Person\",\"@id\":\"https:\\\/\\\/www.eldiario.net\\\/portal\\\/#\\\/schema\\\/person\\\/f46445640444750d7d753ccd04ae01b7\",\"name\":\"Jeanette\",\"image\":{\"@type\":\"ImageObject\",\"inLanguage\":\"es\",\"@id\":\"https:\\\/\\\/secure.gravatar.com\\\/avatar\\\/3ea2118a5f7dad2b7138b1187a6b7ee55f160b9968b66013c3a3ef39dd7e5798?s=96&d=mm&r=g\",\"url\":\"https:\\\/\\\/secure.gravatar.com\\\/avatar\\\/3ea2118a5f7dad2b7138b1187a6b7ee55f160b9968b66013c3a3ef39dd7e5798?s=96&d=mm&r=g\",\"contentUrl\":\"https:\\\/\\\/secure.gravatar.com\\\/avatar\\\/3ea2118a5f7dad2b7138b1187a6b7ee55f160b9968b66013c3a3ef39dd7e5798?s=96&d=mm&r=g\",\"caption\":\"Jeanette\"},\"sameAs\":[\"https:\\\/\\\/www.eldiario.net\\\/portal\"],\"url\":\"https:\\\/\\\/www.eldiario.net\\\/portal\\\/author\\\/jeanette\\\/\"}]}<\/script>\n<!-- \/ Yoast SEO plugin. -->","yoast_head_json":{"title":"M\u00e1s de 5.000 muertos y 50 millones de afectados por 81 desastres clim\u00e1ticos - El Diario - Bolivia","robots":{"index":"index","follow":"follow","max-snippet":"max-snippet:-1","max-image-preview":"max-image-preview:large","max-video-preview":"max-video-preview:-1"},"canonical":"https:\/\/www.eldiario.net\/portal\/2023\/07\/29\/mas-de-5-000-muertos-y-50-millones-de-afectados-por-81-desastres-climaticos\/","og_locale":"es_ES","og_type":"article","og_title":"M\u00e1s de 5.000 muertos y 50 millones de afectados por 81 desastres clim\u00e1ticos - El Diario - Bolivia","og_description":"Los impactos de los fen\u00f3menos meteorol\u00f3gicos extremos y del cambio clim\u00e1tico se han intensificado en Asia en 2022, donde se produjeron 81 desastres relacionados con el tiempo, el clima y el agua, de los cuales m\u00e1s del 83% fueron crecidas y tormentas, seg\u00fan se desprende de un nuevo informe de la Organizaci\u00f3n Meteorol\u00f3gica Mundial (OMM, [&hellip;]","og_url":"https:\/\/www.eldiario.net\/portal\/2023\/07\/29\/mas-de-5-000-muertos-y-50-millones-de-afectados-por-81-desastres-climaticos\/","og_site_name":"El Diario - Bolivia","article_publisher":"https:\/\/www.facebook.com\/eldiario.bolivia\/","article_published_time":"2023-07-29T05:39:24+00:00","og_image":[{"width":1000,"height":667,"url":"https:\/\/www.eldiario.net\/portal\/wp-content\/uploads\/2023\/07\/Clima-europa-press.webp","type":"image\/webp"}],"author":"Jeanette","twitter_card":"summary_large_image","twitter_creator":"@eldiario_net","twitter_site":"@eldiario_net","twitter_misc":{"Escrito por":"Jeanette","Tiempo de lectura":"5 minutos"},"schema":{"@context":"https:\/\/schema.org","@graph":[{"@type":"Article","@id":"https:\/\/www.eldiario.net\/portal\/2023\/07\/29\/mas-de-5-000-muertos-y-50-millones-de-afectados-por-81-desastres-climaticos\/#article","isPartOf":{"@id":"https:\/\/www.eldiario.net\/portal\/2023\/07\/29\/mas-de-5-000-muertos-y-50-millones-de-afectados-por-81-desastres-climaticos\/"},"author":{"name":"Jeanette","@id":"https:\/\/www.eldiario.net\/portal\/#\/schema\/person\/f46445640444750d7d753ccd04ae01b7"},"headline":"M\u00e1s de 5.000 muertos y 50 millones de afectados por 81 desastres clim\u00e1ticos","datePublished":"2023-07-29T05:39:24+00:00","mainEntityOfPage":{"@id":"https:\/\/www.eldiario.net\/portal\/2023\/07\/29\/mas-de-5-000-muertos-y-50-millones-de-afectados-por-81-desastres-climaticos\/"},"wordCount":1094,"publisher":{"@id":"https:\/\/www.eldiario.net\/portal\/#organization"},"image":{"@id":"https:\/\/www.eldiario.net\/portal\/2023\/07\/29\/mas-de-5-000-muertos-y-50-millones-de-afectados-por-81-desastres-climaticos\/#primaryimage"},"thumbnailUrl":"https:\/\/www.eldiario.net\/portal\/wp-content\/uploads\/2023\/07\/Clima-europa-press.webp","articleSection":["Internacional"],"inLanguage":"es"},{"@type":"WebPage","@id":"https:\/\/www.eldiario.net\/portal\/2023\/07\/29\/mas-de-5-000-muertos-y-50-millones-de-afectados-por-81-desastres-climaticos\/","url":"https:\/\/www.eldiario.net\/portal\/2023\/07\/29\/mas-de-5-000-muertos-y-50-millones-de-afectados-por-81-desastres-climaticos\/","name":"M\u00e1s de 5.000 muertos y 50 millones de afectados por 81 desastres clim\u00e1ticos - El Diario - Bolivia","isPartOf":{"@id":"https:\/\/www.eldiario.net\/portal\/#website"},"primaryImageOfPage":{"@id":"https:\/\/www.eldiario.net\/portal\/2023\/07\/29\/mas-de-5-000-muertos-y-50-millones-de-afectados-por-81-desastres-climaticos\/#primaryimage"},"image":{"@id":"https:\/\/www.eldiario.net\/portal\/2023\/07\/29\/mas-de-5-000-muertos-y-50-millones-de-afectados-por-81-desastres-climaticos\/#primaryimage"},"thumbnailUrl":"https:\/\/www.eldiario.net\/portal\/wp-content\/uploads\/2023\/07\/Clima-europa-press.webp","datePublished":"2023-07-29T05:39:24+00:00","breadcrumb":{"@id":"https:\/\/www.eldiario.net\/portal\/2023\/07\/29\/mas-de-5-000-muertos-y-50-millones-de-afectados-por-81-desastres-climaticos\/#breadcrumb"},"inLanguage":"es","potentialAction":[{"@type":"ReadAction","target":["https:\/\/www.eldiario.net\/portal\/2023\/07\/29\/mas-de-5-000-muertos-y-50-millones-de-afectados-por-81-desastres-climaticos\/"]}]},{"@type":"ImageObject","inLanguage":"es","@id":"https:\/\/www.eldiario.net\/portal\/2023\/07\/29\/mas-de-5-000-muertos-y-50-millones-de-afectados-por-81-desastres-climaticos\/#primaryimage","url":"https:\/\/www.eldiario.net\/portal\/wp-content\/uploads\/2023\/07\/Clima-europa-press.webp","contentUrl":"https:\/\/www.eldiario.net\/portal\/wp-content\/uploads\/2023\/07\/Clima-europa-press.webp","width":1000,"height":667,"caption":"Los impactos del cambio clim\u00e1tico fueron devastadores en Asia el a\u00f1o pasado, seg\u00fan la OMM. CREDITO: Europa Press"},{"@type":"BreadcrumbList","@id":"https:\/\/www.eldiario.net\/portal\/2023\/07\/29\/mas-de-5-000-muertos-y-50-millones-de-afectados-por-81-desastres-climaticos\/#breadcrumb","itemListElement":[{"@type":"ListItem","position":1,"name":"Portada","item":"https:\/\/www.eldiario.net\/portal\/"},{"@type":"ListItem","position":2,"name":"M\u00e1s de 5.000 muertos y 50 millones de afectados por 81 desastres clim\u00e1ticos"}]},{"@type":"WebSite","@id":"https:\/\/www.eldiario.net\/portal\/#website","url":"https:\/\/www.eldiario.net\/portal\/","name":"El Diario - Decano de la prensa nacional","description":"El Diario - Decano de la prensa nacional","publisher":{"@id":"https:\/\/www.eldiario.net\/portal\/#organization"},"potentialAction":[{"@type":"SearchAction","target":{"@type":"EntryPoint","urlTemplate":"https:\/\/www.eldiario.net\/portal\/?s={search_term_string}"},"query-input":{"@type":"PropertyValueSpecification","valueRequired":true,"valueName":"search_term_string"}}],"inLanguage":"es"},{"@type":"Organization","@id":"https:\/\/www.eldiario.net\/portal\/#organization","name":"El Diario - Decano de la prensa nacional","url":"https:\/\/www.eldiario.net\/portal\/","logo":{"@type":"ImageObject","inLanguage":"es","@id":"https:\/\/www.eldiario.net\/portal\/#\/schema\/logo\/image\/","url":"https:\/\/www.eldiario.net\/portal\/wp-content\/uploads\/2023\/07\/logo_ED.jpg","contentUrl":"https:\/\/www.eldiario.net\/portal\/wp-content\/uploads\/2023\/07\/logo_ED.jpg","width":272,"height":52,"caption":"El Diario - Decano de la prensa nacional"},"image":{"@id":"https:\/\/www.eldiario.net\/portal\/#\/schema\/logo\/image\/"},"sameAs":["https:\/\/www.facebook.com\/eldiario.bolivia\/","https:\/\/x.com\/eldiario_net"]},{"@type":"Person","@id":"https:\/\/www.eldiario.net\/portal\/#\/schema\/person\/f46445640444750d7d753ccd04ae01b7","name":"Jeanette","image":{"@type":"ImageObject","inLanguage":"es","@id":"https:\/\/secure.gravatar.com\/avatar\/3ea2118a5f7dad2b7138b1187a6b7ee55f160b9968b66013c3a3ef39dd7e5798?s=96&d=mm&r=g","url":"https:\/\/secure.gravatar.com\/avatar\/3ea2118a5f7dad2b7138b1187a6b7ee55f160b9968b66013c3a3ef39dd7e5798?s=96&d=mm&r=g","contentUrl":"https:\/\/secure.gravatar.com\/avatar\/3ea2118a5f7dad2b7138b1187a6b7ee55f160b9968b66013c3a3ef39dd7e5798?s=96&d=mm&r=g","caption":"Jeanette"},"sameAs":["https:\/\/www.eldiario.net\/portal"],"url":"https:\/\/www.eldiario.net\/portal\/author\/jeanette\/"}]}},"_links":{"self":[{"href":"https:\/\/www.eldiario.net\/portal\/wp-json\/wp\/v2\/posts\/168313","targetHints":{"allow":["GET"]}}],"collection":[{"href":"https:\/\/www.eldiario.net\/portal\/wp-json\/wp\/v2\/posts"}],"about":[{"href":"https:\/\/www.eldiario.net\/portal\/wp-json\/wp\/v2\/types\/post"}],"author":[{"embeddable":true,"href":"https:\/\/www.eldiario.net\/portal\/wp-json\/wp\/v2\/users\/1"}],"replies":[{"embeddable":true,"href":"https:\/\/www.eldiario.net\/portal\/wp-json\/wp\/v2\/comments?post=168313"}],"version-history":[{"count":0,"href":"https:\/\/www.eldiario.net\/portal\/wp-json\/wp\/v2\/posts\/168313\/revisions"}],"wp:featuredmedia":[{"embeddable":true,"href":"https:\/\/www.eldiario.net\/portal\/wp-json\/wp\/v2\/media\/168314"}],"wp:attachment":[{"href":"https:\/\/www.eldiario.net\/portal\/wp-json\/wp\/v2\/media?parent=168313"}],"wp:term":[{"taxonomy":"category","embeddable":true,"href":"https:\/\/www.eldiario.net\/portal\/wp-json\/wp\/v2\/categories?post=168313"},{"taxonomy":"post_tag","embeddable":true,"href":"https:\/\/www.eldiario.net\/portal\/wp-json\/wp\/v2\/tags?post=168313"}],"curies":[{"name":"wp","href":"https:\/\/api.w.org\/{rel}","templated":true}]}}