{"id":168301,"date":"2023-07-30T01:29:03","date_gmt":"2023-07-30T05:29:03","guid":{"rendered":"https:\/\/www.eldiario.net\/portal\/?p=168301"},"modified":"2023-07-30T01:29:03","modified_gmt":"2023-07-30T05:29:03","slug":"megalodon-2-el-gran-abismo-secuela-protagonizada-por-jason-statham","status":"publish","type":"post","link":"https:\/\/www.eldiario.net\/portal\/2023\/07\/30\/megalodon-2-el-gran-abismo-secuela-protagonizada-por-jason-statham\/","title":{"rendered":"\u201cMegalod\u00f3n 2: el gran abismo\u201d, secuela protagonizada por Jason Statham"},"content":{"rendered":"<p>Megalod\u00f3n 2: El gran abismo es una pel\u00edcula de ciencia ficci\u00f3n y acci\u00f3n, dirigida por Ben Wheatley con Dean Georgaris, Jon Hoeber y Erich Hoeber como guionistas. El largometraje est\u00e1 basado en \u201cThe Trench: Meg 2\u2033, novela de Steve Alten. Secuela de la pel\u00edcula Megalod\u00f3n de 2018, est\u00e1 protagonizada por Jason Statham, Sienna Guillory y Cliff Curtis.<br \/>\nLa historia<br \/>\nLa pel\u00edcula trata sobre un equipo de investigaci\u00f3n que se ha sumergido en el mar para explorar las profundidades. Esta aventura se vuelve un caos porque el grupo debe enfrentarse a dos Megalodones y tambi\u00e9n a saqueadores medioambientales.<br \/>\nLa producci\u00f3n<br \/>\nLa filmaci\u00f3n comenz\u00f3 seg\u00fan lo planeado a fines de enero de 2022 en Leavesden Studios, propiedad de Warner, en las afueras de Londres. La fotograf\u00eda principal comenz\u00f3 el 4 de febrero de 2022. Continu\u00f3 all\u00ed hasta mayo antes de cambiar a lugares al aire libre en Asia.<br \/>\nHarry Gregson-Williams compuso la secuela, luego de su notable trabajo en la primera pel\u00edcula. Si algo nos indica el tr\u00e1iler, es que tendremos muchas muertes divertidas y extremas.<br \/>\nEn abril de 2018, Jason Statham dijo que har\u00edan una secuela de Megalod\u00f3n si a la pel\u00edcula le fuera bien con el p\u00fablico, y dijo: \u00abCreo que es como cualquier cosa en esta \u00e9poca: si gana dinero, obviamente hay un apetito por ganar m\u00e1s dinero. Y si no funciona bien, pronto lo barrer\u00e1n debajo de la alfombra. Pero as\u00ed es como funciona Hollywood\u00bb. En agosto de 2018, Steve Alten dijo: \u00abSiempre he sentido que esta es una franquicia de mil millones de d\u00f3lares si se hace bien. Pero para hacerlo bien, ten\u00edas que tener bien al tibur\u00f3n, tener bien al elenco, tener bien el tono. Y Warner Bros. lo ha logrado por completo. Los productores lo han logrado\u00bb. En octubre de 2018, la productora ejecutiva Catherine Xujun Ying anunci\u00f3 que una secuela estaba en las primeras etapas de desarrollo.<br \/>\nWarner Bros. Pictures estrena la pel\u00edcula en cines de Bolivia el 3 de agosto de 2023. <\/p>\n","protected":false},"excerpt":{"rendered":"<p>Megalod\u00f3n 2: El gran abismo es una pel\u00edcula de ciencia ficci\u00f3n y acci\u00f3n, dirigida por Ben Wheatley con Dean Georgaris, Jon Hoeber y Erich Hoeber como guionistas. El largometraje est\u00e1 basado en \u201cThe Trench: Meg 2\u2033, novela de Steve Alten. Secuela de la pel\u00edcula Megalod\u00f3n de 2018, est\u00e1 protagonizada por Jason Statham, Sienna Guillory y [&hellip;]<\/p>\n","protected":false},"author":1,"featured_media":168302,"comment_status":"closed","ping_status":"open","sticky":false,"template":"","format":"standard","meta":{"_acf_changed":false,"footnotes":""},"categories":[45],"tags":[],"class_list":["post-168301","post","type-post","status-publish","format-standard","has-post-thumbnail","category-cine-mundo"],"acf":{"antetitulo":""},"yoast_head":"<!-- This site is optimized with the Yoast SEO plugin v28.3 - https:\/\/yoast.com\/product\/yoast-seo-wordpress\/ -->\n<title>\u201cMegalod\u00f3n 2: el gran abismo\u201d, secuela protagonizada por Jason Statham - El Diario - Bolivia<\/title>\n<meta name=\"robots\" content=\"index, follow, max-snippet:-1, max-image-preview:large, max-video-preview:-1\" \/>\n<link rel=\"canonical\" href=\"https:\/\/www.eldiario.net\/portal\/2023\/07\/30\/megalodon-2-el-gran-abismo-secuela-protagonizada-por-jason-statham\/\" \/>\n<meta property=\"og:locale\" content=\"es_ES\" \/>\n<meta property=\"og:type\" content=\"article\" \/>\n<meta property=\"og:title\" content=\"\u201cMegalod\u00f3n 2: el gran abismo\u201d, secuela protagonizada por Jason Statham - El Diario - Bolivia\" \/>\n<meta property=\"og:description\" content=\"Megalod\u00f3n 2: El gran abismo es una pel\u00edcula de ciencia ficci\u00f3n y acci\u00f3n, dirigida por Ben Wheatley con Dean Georgaris, Jon Hoeber y Erich Hoeber como guionistas. El largometraje est\u00e1 basado en \u201cThe Trench: Meg 2\u2033, novela de Steve Alten. Secuela de la pel\u00edcula Megalod\u00f3n de 2018, est\u00e1 protagonizada por Jason Statham, Sienna Guillory y [&hellip;]\" \/>\n<meta property=\"og:url\" content=\"https:\/\/www.eldiario.net\/portal\/2023\/07\/30\/megalodon-2-el-gran-abismo-secuela-protagonizada-por-jason-statham\/\" \/>\n<meta property=\"og:site_name\" content=\"El Diario - Bolivia\" \/>\n<meta property=\"article:publisher\" content=\"https:\/\/www.facebook.com\/eldiario.bolivia\/\" \/>\n<meta property=\"article:published_time\" content=\"2023-07-30T05:29:03+00:00\" \/>\n<meta property=\"og:image\" content=\"https:\/\/www.eldiario.net\/portal\/wp-content\/uploads\/2023\/07\/Megalodon-2-el-gran-abismo-secuela-protagonizada-por-Jason-Statham-scaled-1.jpeg\" \/>\n\t<meta property=\"og:image:width\" content=\"2560\" \/>\n\t<meta property=\"og:image:height\" content=\"1088\" \/>\n\t<meta property=\"og:image:type\" content=\"image\/jpeg\" \/>\n<meta name=\"author\" content=\"Jeanette\" \/>\n<meta name=\"twitter:card\" content=\"summary_large_image\" \/>\n<meta name=\"twitter:creator\" content=\"@eldiario_net\" \/>\n<meta name=\"twitter:site\" content=\"@eldiario_net\" \/>\n<meta name=\"twitter:label1\" content=\"Escrito por\" \/>\n\t<meta name=\"twitter:data1\" content=\"Jeanette\" \/>\n\t<meta name=\"twitter:label2\" content=\"Tiempo de lectura\" \/>\n\t<meta name=\"twitter:data2\" content=\"2 minutos\" \/>\n<script type=\"application\/ld+json\" class=\"yoast-schema-graph\">{\"@context\":\"https:\\\/\\\/schema.org\",\"@graph\":[{\"@type\":\"Article\",\"@id\":\"https:\\\/\\\/www.eldiario.net\\\/portal\\\/2023\\\/07\\\/30\\\/megalodon-2-el-gran-abismo-secuela-protagonizada-por-jason-statham\\\/#article\",\"isPartOf\":{\"@id\":\"https:\\\/\\\/www.eldiario.net\\\/portal\\\/2023\\\/07\\\/30\\\/megalodon-2-el-gran-abismo-secuela-protagonizada-por-jason-statham\\\/\"},\"author\":{\"name\":\"Jeanette\",\"@id\":\"https:\\\/\\\/www.eldiario.net\\\/portal\\\/#\\\/schema\\\/person\\\/f46445640444750d7d753ccd04ae01b7\"},\"headline\":\"\u201cMegalod\u00f3n 2: el gran abismo\u201d, secuela protagonizada por Jason Statham\",\"datePublished\":\"2023-07-30T05:29:03+00:00\",\"mainEntityOfPage\":{\"@id\":\"https:\\\/\\\/www.eldiario.net\\\/portal\\\/2023\\\/07\\\/30\\\/megalodon-2-el-gran-abismo-secuela-protagonizada-por-jason-statham\\\/\"},\"wordCount\":353,\"publisher\":{\"@id\":\"https:\\\/\\\/www.eldiario.net\\\/portal\\\/#organization\"},\"image\":{\"@id\":\"https:\\\/\\\/www.eldiario.net\\\/portal\\\/2023\\\/07\\\/30\\\/megalodon-2-el-gran-abismo-secuela-protagonizada-por-jason-statham\\\/#primaryimage\"},\"thumbnailUrl\":\"https:\\\/\\\/www.eldiario.net\\\/portal\\\/wp-content\\\/uploads\\\/2023\\\/07\\\/Megalodon-2-el-gran-abismo-secuela-protagonizada-por-Jason-Statham-scaled-1.jpeg\",\"articleSection\":[\"Cine Mundo\"],\"inLanguage\":\"es\"},{\"@type\":\"WebPage\",\"@id\":\"https:\\\/\\\/www.eldiario.net\\\/portal\\\/2023\\\/07\\\/30\\\/megalodon-2-el-gran-abismo-secuela-protagonizada-por-jason-statham\\\/\",\"url\":\"https:\\\/\\\/www.eldiario.net\\\/portal\\\/2023\\\/07\\\/30\\\/megalodon-2-el-gran-abismo-secuela-protagonizada-por-jason-statham\\\/\",\"name\":\"\u201cMegalod\u00f3n 2: el gran abismo\u201d, secuela protagonizada por Jason Statham - El Diario - Bolivia\",\"isPartOf\":{\"@id\":\"https:\\\/\\\/www.eldiario.net\\\/portal\\\/#website\"},\"primaryImageOfPage\":{\"@id\":\"https:\\\/\\\/www.eldiario.net\\\/portal\\\/2023\\\/07\\\/30\\\/megalodon-2-el-gran-abismo-secuela-protagonizada-por-jason-statham\\\/#primaryimage\"},\"image\":{\"@id\":\"https:\\\/\\\/www.eldiario.net\\\/portal\\\/2023\\\/07\\\/30\\\/megalodon-2-el-gran-abismo-secuela-protagonizada-por-jason-statham\\\/#primaryimage\"},\"thumbnailUrl\":\"https:\\\/\\\/www.eldiario.net\\\/portal\\\/wp-content\\\/uploads\\\/2023\\\/07\\\/Megalodon-2-el-gran-abismo-secuela-protagonizada-por-Jason-Statham-scaled-1.jpeg\",\"datePublished\":\"2023-07-30T05:29:03+00:00\",\"breadcrumb\":{\"@id\":\"https:\\\/\\\/www.eldiario.net\\\/portal\\\/2023\\\/07\\\/30\\\/megalodon-2-el-gran-abismo-secuela-protagonizada-por-jason-statham\\\/#breadcrumb\"},\"inLanguage\":\"es\",\"potentialAction\":[{\"@type\":\"ReadAction\",\"target\":[\"https:\\\/\\\/www.eldiario.net\\\/portal\\\/2023\\\/07\\\/30\\\/megalodon-2-el-gran-abismo-secuela-protagonizada-por-jason-statham\\\/\"]}]},{\"@type\":\"ImageObject\",\"inLanguage\":\"es\",\"@id\":\"https:\\\/\\\/www.eldiario.net\\\/portal\\\/2023\\\/07\\\/30\\\/megalodon-2-el-gran-abismo-secuela-protagonizada-por-jason-statham\\\/#primaryimage\",\"url\":\"https:\\\/\\\/www.eldiario.net\\\/portal\\\/wp-content\\\/uploads\\\/2023\\\/07\\\/Megalodon-2-el-gran-abismo-secuela-protagonizada-por-Jason-Statham-scaled-1.jpeg\",\"contentUrl\":\"https:\\\/\\\/www.eldiario.net\\\/portal\\\/wp-content\\\/uploads\\\/2023\\\/07\\\/Megalodon-2-el-gran-abismo-secuela-protagonizada-por-Jason-Statham-scaled-1.jpeg\",\"width\":2560,\"height\":1088},{\"@type\":\"BreadcrumbList\",\"@id\":\"https:\\\/\\\/www.eldiario.net\\\/portal\\\/2023\\\/07\\\/30\\\/megalodon-2-el-gran-abismo-secuela-protagonizada-por-jason-statham\\\/#breadcrumb\",\"itemListElement\":[{\"@type\":\"ListItem\",\"position\":1,\"name\":\"Portada\",\"item\":\"https:\\\/\\\/www.eldiario.net\\\/portal\\\/\"},{\"@type\":\"ListItem\",\"position\":2,\"name\":\"\u201cMegalod\u00f3n 2: el gran abismo\u201d, secuela protagonizada por Jason Statham\"}]},{\"@type\":\"WebSite\",\"@id\":\"https:\\\/\\\/www.eldiario.net\\\/portal\\\/#website\",\"url\":\"https:\\\/\\\/www.eldiario.net\\\/portal\\\/\",\"name\":\"El Diario - Decano de la prensa nacional\",\"description\":\"El Diario - Decano de la prensa nacional\",\"publisher\":{\"@id\":\"https:\\\/\\\/www.eldiario.net\\\/portal\\\/#organization\"},\"potentialAction\":[{\"@type\":\"SearchAction\",\"target\":{\"@type\":\"EntryPoint\",\"urlTemplate\":\"https:\\\/\\\/www.eldiario.net\\\/portal\\\/?s={search_term_string}\"},\"query-input\":{\"@type\":\"PropertyValueSpecification\",\"valueRequired\":true,\"valueName\":\"search_term_string\"}}],\"inLanguage\":\"es\"},{\"@type\":\"Organization\",\"@id\":\"https:\\\/\\\/www.eldiario.net\\\/portal\\\/#organization\",\"name\":\"El Diario - Decano de la prensa nacional\",\"url\":\"https:\\\/\\\/www.eldiario.net\\\/portal\\\/\",\"logo\":{\"@type\":\"ImageObject\",\"inLanguage\":\"es\",\"@id\":\"https:\\\/\\\/www.eldiario.net\\\/portal\\\/#\\\/schema\\\/logo\\\/image\\\/\",\"url\":\"https:\\\/\\\/www.eldiario.net\\\/portal\\\/wp-content\\\/uploads\\\/2023\\\/07\\\/logo_ED.jpg\",\"contentUrl\":\"https:\\\/\\\/www.eldiario.net\\\/portal\\\/wp-content\\\/uploads\\\/2023\\\/07\\\/logo_ED.jpg\",\"width\":272,\"height\":52,\"caption\":\"El Diario - Decano de la prensa nacional\"},\"image\":{\"@id\":\"https:\\\/\\\/www.eldiario.net\\\/portal\\\/#\\\/schema\\\/logo\\\/image\\\/\"},\"sameAs\":[\"https:\\\/\\\/www.facebook.com\\\/eldiario.bolivia\\\/\",\"https:\\\/\\\/x.com\\\/eldiario_net\"]},{\"@type\":\"Person\",\"@id\":\"https:\\\/\\\/www.eldiario.net\\\/portal\\\/#\\\/schema\\\/person\\\/f46445640444750d7d753ccd04ae01b7\",\"name\":\"Jeanette\",\"image\":{\"@type\":\"ImageObject\",\"inLanguage\":\"es\",\"@id\":\"https:\\\/\\\/secure.gravatar.com\\\/avatar\\\/3ea2118a5f7dad2b7138b1187a6b7ee55f160b9968b66013c3a3ef39dd7e5798?s=96&d=mm&r=g\",\"url\":\"https:\\\/\\\/secure.gravatar.com\\\/avatar\\\/3ea2118a5f7dad2b7138b1187a6b7ee55f160b9968b66013c3a3ef39dd7e5798?s=96&d=mm&r=g\",\"contentUrl\":\"https:\\\/\\\/secure.gravatar.com\\\/avatar\\\/3ea2118a5f7dad2b7138b1187a6b7ee55f160b9968b66013c3a3ef39dd7e5798?s=96&d=mm&r=g\",\"caption\":\"Jeanette\"},\"sameAs\":[\"https:\\\/\\\/www.eldiario.net\\\/portal\"],\"url\":\"https:\\\/\\\/www.eldiario.net\\\/portal\\\/author\\\/jeanette\\\/\"}]}<\/script>\n<!-- \/ Yoast SEO plugin. -->","yoast_head_json":{"title":"\u201cMegalod\u00f3n 2: el gran abismo\u201d, secuela protagonizada por Jason Statham - El Diario - Bolivia","robots":{"index":"index","follow":"follow","max-snippet":"max-snippet:-1","max-image-preview":"max-image-preview:large","max-video-preview":"max-video-preview:-1"},"canonical":"https:\/\/www.eldiario.net\/portal\/2023\/07\/30\/megalodon-2-el-gran-abismo-secuela-protagonizada-por-jason-statham\/","og_locale":"es_ES","og_type":"article","og_title":"\u201cMegalod\u00f3n 2: el gran abismo\u201d, secuela protagonizada por Jason Statham - El Diario - Bolivia","og_description":"Megalod\u00f3n 2: El gran abismo es una pel\u00edcula de ciencia ficci\u00f3n y acci\u00f3n, dirigida por Ben Wheatley con Dean Georgaris, Jon Hoeber y Erich Hoeber como guionistas. El largometraje est\u00e1 basado en \u201cThe Trench: Meg 2\u2033, novela de Steve Alten. Secuela de la pel\u00edcula Megalod\u00f3n de 2018, est\u00e1 protagonizada por Jason Statham, Sienna Guillory y [&hellip;]","og_url":"https:\/\/www.eldiario.net\/portal\/2023\/07\/30\/megalodon-2-el-gran-abismo-secuela-protagonizada-por-jason-statham\/","og_site_name":"El Diario - Bolivia","article_publisher":"https:\/\/www.facebook.com\/eldiario.bolivia\/","article_published_time":"2023-07-30T05:29:03+00:00","og_image":[{"width":2560,"height":1088,"url":"https:\/\/www.eldiario.net\/portal\/wp-content\/uploads\/2023\/07\/Megalodon-2-el-gran-abismo-secuela-protagonizada-por-Jason-Statham-scaled-1.jpeg","type":"image\/jpeg"}],"author":"Jeanette","twitter_card":"summary_large_image","twitter_creator":"@eldiario_net","twitter_site":"@eldiario_net","twitter_misc":{"Escrito por":"Jeanette","Tiempo de lectura":"2 minutos"},"schema":{"@context":"https:\/\/schema.org","@graph":[{"@type":"Article","@id":"https:\/\/www.eldiario.net\/portal\/2023\/07\/30\/megalodon-2-el-gran-abismo-secuela-protagonizada-por-jason-statham\/#article","isPartOf":{"@id":"https:\/\/www.eldiario.net\/portal\/2023\/07\/30\/megalodon-2-el-gran-abismo-secuela-protagonizada-por-jason-statham\/"},"author":{"name":"Jeanette","@id":"https:\/\/www.eldiario.net\/portal\/#\/schema\/person\/f46445640444750d7d753ccd04ae01b7"},"headline":"\u201cMegalod\u00f3n 2: el gran abismo\u201d, secuela protagonizada por Jason Statham","datePublished":"2023-07-30T05:29:03+00:00","mainEntityOfPage":{"@id":"https:\/\/www.eldiario.net\/portal\/2023\/07\/30\/megalodon-2-el-gran-abismo-secuela-protagonizada-por-jason-statham\/"},"wordCount":353,"publisher":{"@id":"https:\/\/www.eldiario.net\/portal\/#organization"},"image":{"@id":"https:\/\/www.eldiario.net\/portal\/2023\/07\/30\/megalodon-2-el-gran-abismo-secuela-protagonizada-por-jason-statham\/#primaryimage"},"thumbnailUrl":"https:\/\/www.eldiario.net\/portal\/wp-content\/uploads\/2023\/07\/Megalodon-2-el-gran-abismo-secuela-protagonizada-por-Jason-Statham-scaled-1.jpeg","articleSection":["Cine Mundo"],"inLanguage":"es"},{"@type":"WebPage","@id":"https:\/\/www.eldiario.net\/portal\/2023\/07\/30\/megalodon-2-el-gran-abismo-secuela-protagonizada-por-jason-statham\/","url":"https:\/\/www.eldiario.net\/portal\/2023\/07\/30\/megalodon-2-el-gran-abismo-secuela-protagonizada-por-jason-statham\/","name":"\u201cMegalod\u00f3n 2: el gran abismo\u201d, secuela protagonizada por Jason Statham - El Diario - Bolivia","isPartOf":{"@id":"https:\/\/www.eldiario.net\/portal\/#website"},"primaryImageOfPage":{"@id":"https:\/\/www.eldiario.net\/portal\/2023\/07\/30\/megalodon-2-el-gran-abismo-secuela-protagonizada-por-jason-statham\/#primaryimage"},"image":{"@id":"https:\/\/www.eldiario.net\/portal\/2023\/07\/30\/megalodon-2-el-gran-abismo-secuela-protagonizada-por-jason-statham\/#primaryimage"},"thumbnailUrl":"https:\/\/www.eldiario.net\/portal\/wp-content\/uploads\/2023\/07\/Megalodon-2-el-gran-abismo-secuela-protagonizada-por-Jason-Statham-scaled-1.jpeg","datePublished":"2023-07-30T05:29:03+00:00","breadcrumb":{"@id":"https:\/\/www.eldiario.net\/portal\/2023\/07\/30\/megalodon-2-el-gran-abismo-secuela-protagonizada-por-jason-statham\/#breadcrumb"},"inLanguage":"es","potentialAction":[{"@type":"ReadAction","target":["https:\/\/www.eldiario.net\/portal\/2023\/07\/30\/megalodon-2-el-gran-abismo-secuela-protagonizada-por-jason-statham\/"]}]},{"@type":"ImageObject","inLanguage":"es","@id":"https:\/\/www.eldiario.net\/portal\/2023\/07\/30\/megalodon-2-el-gran-abismo-secuela-protagonizada-por-jason-statham\/#primaryimage","url":"https:\/\/www.eldiario.net\/portal\/wp-content\/uploads\/2023\/07\/Megalodon-2-el-gran-abismo-secuela-protagonizada-por-Jason-Statham-scaled-1.jpeg","contentUrl":"https:\/\/www.eldiario.net\/portal\/wp-content\/uploads\/2023\/07\/Megalodon-2-el-gran-abismo-secuela-protagonizada-por-Jason-Statham-scaled-1.jpeg","width":2560,"height":1088},{"@type":"BreadcrumbList","@id":"https:\/\/www.eldiario.net\/portal\/2023\/07\/30\/megalodon-2-el-gran-abismo-secuela-protagonizada-por-jason-statham\/#breadcrumb","itemListElement":[{"@type":"ListItem","position":1,"name":"Portada","item":"https:\/\/www.eldiario.net\/portal\/"},{"@type":"ListItem","position":2,"name":"\u201cMegalod\u00f3n 2: el gran abismo\u201d, secuela protagonizada por Jason Statham"}]},{"@type":"WebSite","@id":"https:\/\/www.eldiario.net\/portal\/#website","url":"https:\/\/www.eldiario.net\/portal\/","name":"El Diario - Decano de la prensa nacional","description":"El Diario - Decano de la prensa nacional","publisher":{"@id":"https:\/\/www.eldiario.net\/portal\/#organization"},"potentialAction":[{"@type":"SearchAction","target":{"@type":"EntryPoint","urlTemplate":"https:\/\/www.eldiario.net\/portal\/?s={search_term_string}"},"query-input":{"@type":"PropertyValueSpecification","valueRequired":true,"valueName":"search_term_string"}}],"inLanguage":"es"},{"@type":"Organization","@id":"https:\/\/www.eldiario.net\/portal\/#organization","name":"El Diario - Decano de la prensa nacional","url":"https:\/\/www.eldiario.net\/portal\/","logo":{"@type":"ImageObject","inLanguage":"es","@id":"https:\/\/www.eldiario.net\/portal\/#\/schema\/logo\/image\/","url":"https:\/\/www.eldiario.net\/portal\/wp-content\/uploads\/2023\/07\/logo_ED.jpg","contentUrl":"https:\/\/www.eldiario.net\/portal\/wp-content\/uploads\/2023\/07\/logo_ED.jpg","width":272,"height":52,"caption":"El Diario - Decano de la prensa nacional"},"image":{"@id":"https:\/\/www.eldiario.net\/portal\/#\/schema\/logo\/image\/"},"sameAs":["https:\/\/www.facebook.com\/eldiario.bolivia\/","https:\/\/x.com\/eldiario_net"]},{"@type":"Person","@id":"https:\/\/www.eldiario.net\/portal\/#\/schema\/person\/f46445640444750d7d753ccd04ae01b7","name":"Jeanette","image":{"@type":"ImageObject","inLanguage":"es","@id":"https:\/\/secure.gravatar.com\/avatar\/3ea2118a5f7dad2b7138b1187a6b7ee55f160b9968b66013c3a3ef39dd7e5798?s=96&d=mm&r=g","url":"https:\/\/secure.gravatar.com\/avatar\/3ea2118a5f7dad2b7138b1187a6b7ee55f160b9968b66013c3a3ef39dd7e5798?s=96&d=mm&r=g","contentUrl":"https:\/\/secure.gravatar.com\/avatar\/3ea2118a5f7dad2b7138b1187a6b7ee55f160b9968b66013c3a3ef39dd7e5798?s=96&d=mm&r=g","caption":"Jeanette"},"sameAs":["https:\/\/www.eldiario.net\/portal"],"url":"https:\/\/www.eldiario.net\/portal\/author\/jeanette\/"}]}},"_links":{"self":[{"href":"https:\/\/www.eldiario.net\/portal\/wp-json\/wp\/v2\/posts\/168301","targetHints":{"allow":["GET"]}}],"collection":[{"href":"https:\/\/www.eldiario.net\/portal\/wp-json\/wp\/v2\/posts"}],"about":[{"href":"https:\/\/www.eldiario.net\/portal\/wp-json\/wp\/v2\/types\/post"}],"author":[{"embeddable":true,"href":"https:\/\/www.eldiario.net\/portal\/wp-json\/wp\/v2\/users\/1"}],"replies":[{"embeddable":true,"href":"https:\/\/www.eldiario.net\/portal\/wp-json\/wp\/v2\/comments?post=168301"}],"version-history":[{"count":0,"href":"https:\/\/www.eldiario.net\/portal\/wp-json\/wp\/v2\/posts\/168301\/revisions"}],"wp:featuredmedia":[{"embeddable":true,"href":"https:\/\/www.eldiario.net\/portal\/wp-json\/wp\/v2\/media\/168302"}],"wp:attachment":[{"href":"https:\/\/www.eldiario.net\/portal\/wp-json\/wp\/v2\/media?parent=168301"}],"wp:term":[{"taxonomy":"category","embeddable":true,"href":"https:\/\/www.eldiario.net\/portal\/wp-json\/wp\/v2\/categories?post=168301"},{"taxonomy":"post_tag","embeddable":true,"href":"https:\/\/www.eldiario.net\/portal\/wp-json\/wp\/v2\/tags?post=168301"}],"curies":[{"name":"wp","href":"https:\/\/api.w.org\/{rel}","templated":true}]}}