{"id":168298,"date":"2023-07-30T01:28:17","date_gmt":"2023-07-30T05:28:17","guid":{"rendered":"https:\/\/www.eldiario.net\/portal\/?p=168298"},"modified":"2023-07-30T01:28:17","modified_gmt":"2023-07-30T05:28:17","slug":"tortugas-ninja-caos-mutante-la-nueva-pelicula-de-seth-rogen","status":"publish","type":"post","link":"https:\/\/www.eldiario.net\/portal\/2023\/07\/30\/tortugas-ninja-caos-mutante-la-nueva-pelicula-de-seth-rogen\/","title":{"rendered":"\u201cTortugas Ninja: Caos Mutante\u201d, la nueva pel\u00edcula de Seth Rogen"},"content":{"rendered":"<p>Las <em>Tortugas Ninja Adolescentes Mutantes<\/em> causaron una profunda impresi\u00f3n en Seth Rogen desde que era muy peque\u00f1o<em>. <\/em>\u201cLa serie animada sali\u00f3 al aire en 1987, cuando ten\u00eda cinco a\u00f1os. La primera cinta se proyect\u00f3 en 1990 y ya era un ni\u00f1o de ocho a\u00f1os\u201d, a\u00f1ade. \u201cEstaba perfectamente dirigida hacia alguien de mi edad y <em>me enamor\u00e9<\/em>. Eran divertidos. Eran referenciales. Empec\u00e9 a tomar clases de karate quiz\u00e1 debido a las <em>Tortugas. <\/em>En cierto modo me obsesionaban\u201d.<\/p>\n<p>&nbsp;<\/p>\n<p>Rogen estaba muy lejos de ser el \u00fanico. Las <em>Tortugas Ninja Adolescentes Mutantes <\/em>emocionaron a generaciones de fans durante d\u00e9cadas. Las aventuras de los cuatro hermanos tortugas, Leonardo, Miguel \u00c1ngel, Rafael y Donatello, convertidos en unos humor\u00edsticos mutantes despu\u00e9s de tener contacto con un extra\u00f1o \u2018ooze\u2019 de ne\u00f3n, inspiraron una prolongada serie de historietas, exitosos programas de caricaturas, una grandiosa l\u00ednea de juguetes, m\u00faltiples videojuegos y seis estrenos cinematogr\u00e1ficos que colectivamente han recaudado m\u00e1s de $1,700 millones en las taquillas del mundo.<\/p>\n<p>&nbsp;<\/p>\n<p>Por supuesto, no todos los fans reciben una llamada para ofrecerles crear el siguiente cap\u00edtulo en la historia de sus personajes favoritos. Pero cuando Brian Robbins, Presidente y Director Ejecutivo de Paramount y Nickelodeon, llam\u00f3 a Rogen y le pregunt\u00f3 si le gustar\u00eda realizar una nueva pel\u00edcula de las <em>Tortugas<\/em>, Rogen sab\u00eda exactamente lo que deseaba hacer.<\/p>\n<p>&nbsp;<\/p>\n<p>\u201cSer\u00edan las <em>Tortugas Ninja<\/em> <strong>Adolescentes<\/strong> <em>Mutantes\u201d, afirma <\/em>Rogen. \u201cDe todas estas palabras, la porci\u00f3n <em>adolescente<\/em> ha sido la menos explorada y la que me parece m\u00e1s interesante\u201d. Y de esta forma comenz\u00f3 <em>Tortugas Ninja: Caos Mutante<\/em>. Rogen decidi\u00f3 que ser\u00eda una cinta de <em>Tortugas <\/em>con un genuino esp\u00edritu adolescente, romper\u00eda todas las reglas, descartar\u00eda el manual de t\u00e1cticas y har\u00eda todo bajo sus propios t\u00e9rminos. Una pel\u00edcula realizada con el mismo estilo an\u00e1rquico que deriv\u00f3 en su creaci\u00f3n hace 40 a\u00f1os.<\/p>\n","protected":false},"excerpt":{"rendered":"<p>Las Tortugas Ninja Adolescentes Mutantes causaron una profunda impresi\u00f3n en Seth Rogen desde que era muy peque\u00f1o. \u201cLa serie animada sali\u00f3 al aire en 1987, cuando ten\u00eda cinco a\u00f1os. La primera cinta se proyect\u00f3 en 1990 y ya era un ni\u00f1o de ocho a\u00f1os\u201d, a\u00f1ade. \u201cEstaba perfectamente dirigida hacia alguien de mi edad y me [&hellip;]<\/p>\n","protected":false},"author":1,"featured_media":168299,"comment_status":"closed","ping_status":"open","sticky":false,"template":"","format":"standard","meta":{"_acf_changed":false,"footnotes":""},"categories":[45],"tags":[],"class_list":["post-168298","post","type-post","status-publish","format-standard","has-post-thumbnail","category-cine-mundo"],"acf":{"antetitulo":""},"yoast_head":"<!-- This site is optimized with the Yoast SEO plugin v28.4 - https:\/\/yoast.com\/product\/yoast-seo-wordpress\/ -->\n<title>\u201cTortugas Ninja: Caos Mutante\u201d, la nueva pel\u00edcula de Seth Rogen - El Diario - Bolivia<\/title>\n<meta name=\"robots\" content=\"index, follow, max-snippet:-1, max-image-preview:large, max-video-preview:-1\" \/>\n<link rel=\"canonical\" href=\"https:\/\/www.eldiario.net\/portal\/2023\/07\/30\/tortugas-ninja-caos-mutante-la-nueva-pelicula-de-seth-rogen\/\" \/>\n<meta property=\"og:locale\" content=\"es_ES\" \/>\n<meta property=\"og:type\" content=\"article\" \/>\n<meta property=\"og:title\" content=\"\u201cTortugas Ninja: Caos Mutante\u201d, la nueva pel\u00edcula de Seth Rogen - El Diario - Bolivia\" \/>\n<meta property=\"og:description\" content=\"Las Tortugas Ninja Adolescentes Mutantes causaron una profunda impresi\u00f3n en Seth Rogen desde que era muy peque\u00f1o. \u201cLa serie animada sali\u00f3 al aire en 1987, cuando ten\u00eda cinco a\u00f1os. La primera cinta se proyect\u00f3 en 1990 y ya era un ni\u00f1o de ocho a\u00f1os\u201d, a\u00f1ade. \u201cEstaba perfectamente dirigida hacia alguien de mi edad y me [&hellip;]\" \/>\n<meta property=\"og:url\" content=\"https:\/\/www.eldiario.net\/portal\/2023\/07\/30\/tortugas-ninja-caos-mutante-la-nueva-pelicula-de-seth-rogen\/\" \/>\n<meta property=\"og:site_name\" content=\"El Diario - Bolivia\" \/>\n<meta property=\"article:publisher\" content=\"https:\/\/www.facebook.com\/eldiario.bolivia\/\" \/>\n<meta property=\"article:published_time\" content=\"2023-07-30T05:28:17+00:00\" \/>\n<meta property=\"og:image\" content=\"https:\/\/www.eldiario.net\/portal\/wp-content\/uploads\/2023\/07\/Tortugas-Ninja-Caos-Mutante-la-nueva-pelicula-de-Seth-Rogen.jpg\" \/>\n\t<meta property=\"og:image:width\" content=\"2214\" \/>\n\t<meta property=\"og:image:height\" content=\"922\" \/>\n\t<meta property=\"og:image:type\" content=\"image\/jpeg\" \/>\n<meta name=\"author\" content=\"Jeanette\" \/>\n<meta name=\"twitter:card\" content=\"summary_large_image\" \/>\n<meta name=\"twitter:creator\" content=\"@eldiario_net\" \/>\n<meta name=\"twitter:site\" content=\"@eldiario_net\" \/>\n<meta name=\"twitter:label1\" content=\"Escrito por\" \/>\n\t<meta name=\"twitter:data1\" content=\"Jeanette\" \/>\n\t<meta name=\"twitter:label2\" content=\"Tiempo de lectura\" \/>\n\t<meta name=\"twitter:data2\" content=\"2 minutos\" \/>\n<script type=\"application\/ld+json\" class=\"yoast-schema-graph\">{\"@context\":\"https:\\\/\\\/schema.org\",\"@graph\":[{\"@type\":\"Article\",\"@id\":\"https:\\\/\\\/www.eldiario.net\\\/portal\\\/2023\\\/07\\\/30\\\/tortugas-ninja-caos-mutante-la-nueva-pelicula-de-seth-rogen\\\/#article\",\"isPartOf\":{\"@id\":\"https:\\\/\\\/www.eldiario.net\\\/portal\\\/2023\\\/07\\\/30\\\/tortugas-ninja-caos-mutante-la-nueva-pelicula-de-seth-rogen\\\/\"},\"author\":{\"name\":\"Jeanette\",\"@id\":\"https:\\\/\\\/www.eldiario.net\\\/portal\\\/#\\\/schema\\\/person\\\/f46445640444750d7d753ccd04ae01b7\"},\"headline\":\"\u201cTortugas Ninja: Caos Mutante\u201d, la nueva pel\u00edcula de Seth Rogen\",\"datePublished\":\"2023-07-30T05:28:17+00:00\",\"mainEntityOfPage\":{\"@id\":\"https:\\\/\\\/www.eldiario.net\\\/portal\\\/2023\\\/07\\\/30\\\/tortugas-ninja-caos-mutante-la-nueva-pelicula-de-seth-rogen\\\/\"},\"wordCount\":340,\"publisher\":{\"@id\":\"https:\\\/\\\/www.eldiario.net\\\/portal\\\/#organization\"},\"image\":{\"@id\":\"https:\\\/\\\/www.eldiario.net\\\/portal\\\/2023\\\/07\\\/30\\\/tortugas-ninja-caos-mutante-la-nueva-pelicula-de-seth-rogen\\\/#primaryimage\"},\"thumbnailUrl\":\"https:\\\/\\\/www.eldiario.net\\\/portal\\\/wp-content\\\/uploads\\\/2023\\\/07\\\/Tortugas-Ninja-Caos-Mutante-la-nueva-pelicula-de-Seth-Rogen.jpg\",\"articleSection\":[\"Cine Mundo\"],\"inLanguage\":\"es\"},{\"@type\":\"WebPage\",\"@id\":\"https:\\\/\\\/www.eldiario.net\\\/portal\\\/2023\\\/07\\\/30\\\/tortugas-ninja-caos-mutante-la-nueva-pelicula-de-seth-rogen\\\/\",\"url\":\"https:\\\/\\\/www.eldiario.net\\\/portal\\\/2023\\\/07\\\/30\\\/tortugas-ninja-caos-mutante-la-nueva-pelicula-de-seth-rogen\\\/\",\"name\":\"\u201cTortugas Ninja: Caos Mutante\u201d, la nueva pel\u00edcula de Seth Rogen - El Diario - Bolivia\",\"isPartOf\":{\"@id\":\"https:\\\/\\\/www.eldiario.net\\\/portal\\\/#website\"},\"primaryImageOfPage\":{\"@id\":\"https:\\\/\\\/www.eldiario.net\\\/portal\\\/2023\\\/07\\\/30\\\/tortugas-ninja-caos-mutante-la-nueva-pelicula-de-seth-rogen\\\/#primaryimage\"},\"image\":{\"@id\":\"https:\\\/\\\/www.eldiario.net\\\/portal\\\/2023\\\/07\\\/30\\\/tortugas-ninja-caos-mutante-la-nueva-pelicula-de-seth-rogen\\\/#primaryimage\"},\"thumbnailUrl\":\"https:\\\/\\\/www.eldiario.net\\\/portal\\\/wp-content\\\/uploads\\\/2023\\\/07\\\/Tortugas-Ninja-Caos-Mutante-la-nueva-pelicula-de-Seth-Rogen.jpg\",\"datePublished\":\"2023-07-30T05:28:17+00:00\",\"breadcrumb\":{\"@id\":\"https:\\\/\\\/www.eldiario.net\\\/portal\\\/2023\\\/07\\\/30\\\/tortugas-ninja-caos-mutante-la-nueva-pelicula-de-seth-rogen\\\/#breadcrumb\"},\"inLanguage\":\"es\",\"potentialAction\":[{\"@type\":\"ReadAction\",\"target\":[\"https:\\\/\\\/www.eldiario.net\\\/portal\\\/2023\\\/07\\\/30\\\/tortugas-ninja-caos-mutante-la-nueva-pelicula-de-seth-rogen\\\/\"]}]},{\"@type\":\"ImageObject\",\"inLanguage\":\"es\",\"@id\":\"https:\\\/\\\/www.eldiario.net\\\/portal\\\/2023\\\/07\\\/30\\\/tortugas-ninja-caos-mutante-la-nueva-pelicula-de-seth-rogen\\\/#primaryimage\",\"url\":\"https:\\\/\\\/www.eldiario.net\\\/portal\\\/wp-content\\\/uploads\\\/2023\\\/07\\\/Tortugas-Ninja-Caos-Mutante-la-nueva-pelicula-de-Seth-Rogen.jpg\",\"contentUrl\":\"https:\\\/\\\/www.eldiario.net\\\/portal\\\/wp-content\\\/uploads\\\/2023\\\/07\\\/Tortugas-Ninja-Caos-Mutante-la-nueva-pelicula-de-Seth-Rogen.jpg\",\"width\":2214,\"height\":922},{\"@type\":\"BreadcrumbList\",\"@id\":\"https:\\\/\\\/www.eldiario.net\\\/portal\\\/2023\\\/07\\\/30\\\/tortugas-ninja-caos-mutante-la-nueva-pelicula-de-seth-rogen\\\/#breadcrumb\",\"itemListElement\":[{\"@type\":\"ListItem\",\"position\":1,\"name\":\"Portada\",\"item\":\"https:\\\/\\\/www.eldiario.net\\\/portal\\\/\"},{\"@type\":\"ListItem\",\"position\":2,\"name\":\"\u201cTortugas Ninja: Caos Mutante\u201d, la nueva pel\u00edcula de Seth Rogen\"}]},{\"@type\":\"WebSite\",\"@id\":\"https:\\\/\\\/www.eldiario.net\\\/portal\\\/#website\",\"url\":\"https:\\\/\\\/www.eldiario.net\\\/portal\\\/\",\"name\":\"El Diario - Decano de la prensa nacional\",\"description\":\"El Diario - Decano de la prensa nacional\",\"publisher\":{\"@id\":\"https:\\\/\\\/www.eldiario.net\\\/portal\\\/#organization\"},\"potentialAction\":[{\"@type\":\"SearchAction\",\"target\":{\"@type\":\"EntryPoint\",\"urlTemplate\":\"https:\\\/\\\/www.eldiario.net\\\/portal\\\/?s={search_term_string}\"},\"query-input\":{\"@type\":\"PropertyValueSpecification\",\"valueRequired\":true,\"valueName\":\"search_term_string\"}}],\"inLanguage\":\"es\"},{\"@type\":\"Organization\",\"@id\":\"https:\\\/\\\/www.eldiario.net\\\/portal\\\/#organization\",\"name\":\"El Diario - Decano de la prensa nacional\",\"url\":\"https:\\\/\\\/www.eldiario.net\\\/portal\\\/\",\"logo\":{\"@type\":\"ImageObject\",\"inLanguage\":\"es\",\"@id\":\"https:\\\/\\\/www.eldiario.net\\\/portal\\\/#\\\/schema\\\/logo\\\/image\\\/\",\"url\":\"https:\\\/\\\/www.eldiario.net\\\/portal\\\/wp-content\\\/uploads\\\/2023\\\/07\\\/logo_ED.jpg\",\"contentUrl\":\"https:\\\/\\\/www.eldiario.net\\\/portal\\\/wp-content\\\/uploads\\\/2023\\\/07\\\/logo_ED.jpg\",\"width\":272,\"height\":52,\"caption\":\"El Diario - Decano de la prensa nacional\"},\"image\":{\"@id\":\"https:\\\/\\\/www.eldiario.net\\\/portal\\\/#\\\/schema\\\/logo\\\/image\\\/\"},\"sameAs\":[\"https:\\\/\\\/www.facebook.com\\\/eldiario.bolivia\\\/\",\"https:\\\/\\\/x.com\\\/eldiario_net\"]},{\"@type\":\"Person\",\"@id\":\"https:\\\/\\\/www.eldiario.net\\\/portal\\\/#\\\/schema\\\/person\\\/f46445640444750d7d753ccd04ae01b7\",\"name\":\"Jeanette\",\"image\":{\"@type\":\"ImageObject\",\"inLanguage\":\"es\",\"@id\":\"https:\\\/\\\/secure.gravatar.com\\\/avatar\\\/3ea2118a5f7dad2b7138b1187a6b7ee55f160b9968b66013c3a3ef39dd7e5798?s=96&d=mm&r=g\",\"url\":\"https:\\\/\\\/secure.gravatar.com\\\/avatar\\\/3ea2118a5f7dad2b7138b1187a6b7ee55f160b9968b66013c3a3ef39dd7e5798?s=96&d=mm&r=g\",\"contentUrl\":\"https:\\\/\\\/secure.gravatar.com\\\/avatar\\\/3ea2118a5f7dad2b7138b1187a6b7ee55f160b9968b66013c3a3ef39dd7e5798?s=96&d=mm&r=g\",\"caption\":\"Jeanette\"},\"sameAs\":[\"https:\\\/\\\/www.eldiario.net\\\/portal\"],\"url\":\"https:\\\/\\\/www.eldiario.net\\\/portal\\\/author\\\/jeanette\\\/\"}]}<\/script>\n<!-- \/ Yoast SEO plugin. -->","yoast_head_json":{"title":"\u201cTortugas Ninja: Caos Mutante\u201d, la nueva pel\u00edcula de Seth Rogen - El Diario - Bolivia","robots":{"index":"index","follow":"follow","max-snippet":"max-snippet:-1","max-image-preview":"max-image-preview:large","max-video-preview":"max-video-preview:-1"},"canonical":"https:\/\/www.eldiario.net\/portal\/2023\/07\/30\/tortugas-ninja-caos-mutante-la-nueva-pelicula-de-seth-rogen\/","og_locale":"es_ES","og_type":"article","og_title":"\u201cTortugas Ninja: Caos Mutante\u201d, la nueva pel\u00edcula de Seth Rogen - El Diario - Bolivia","og_description":"Las Tortugas Ninja Adolescentes Mutantes causaron una profunda impresi\u00f3n en Seth Rogen desde que era muy peque\u00f1o. \u201cLa serie animada sali\u00f3 al aire en 1987, cuando ten\u00eda cinco a\u00f1os. La primera cinta se proyect\u00f3 en 1990 y ya era un ni\u00f1o de ocho a\u00f1os\u201d, a\u00f1ade. \u201cEstaba perfectamente dirigida hacia alguien de mi edad y me [&hellip;]","og_url":"https:\/\/www.eldiario.net\/portal\/2023\/07\/30\/tortugas-ninja-caos-mutante-la-nueva-pelicula-de-seth-rogen\/","og_site_name":"El Diario - Bolivia","article_publisher":"https:\/\/www.facebook.com\/eldiario.bolivia\/","article_published_time":"2023-07-30T05:28:17+00:00","og_image":[{"width":2214,"height":922,"url":"https:\/\/www.eldiario.net\/portal\/wp-content\/uploads\/2023\/07\/Tortugas-Ninja-Caos-Mutante-la-nueva-pelicula-de-Seth-Rogen.jpg","type":"image\/jpeg"}],"author":"Jeanette","twitter_card":"summary_large_image","twitter_creator":"@eldiario_net","twitter_site":"@eldiario_net","twitter_misc":{"Escrito por":"Jeanette","Tiempo de lectura":"2 minutos"},"schema":{"@context":"https:\/\/schema.org","@graph":[{"@type":"Article","@id":"https:\/\/www.eldiario.net\/portal\/2023\/07\/30\/tortugas-ninja-caos-mutante-la-nueva-pelicula-de-seth-rogen\/#article","isPartOf":{"@id":"https:\/\/www.eldiario.net\/portal\/2023\/07\/30\/tortugas-ninja-caos-mutante-la-nueva-pelicula-de-seth-rogen\/"},"author":{"name":"Jeanette","@id":"https:\/\/www.eldiario.net\/portal\/#\/schema\/person\/f46445640444750d7d753ccd04ae01b7"},"headline":"\u201cTortugas Ninja: Caos Mutante\u201d, la nueva pel\u00edcula de Seth Rogen","datePublished":"2023-07-30T05:28:17+00:00","mainEntityOfPage":{"@id":"https:\/\/www.eldiario.net\/portal\/2023\/07\/30\/tortugas-ninja-caos-mutante-la-nueva-pelicula-de-seth-rogen\/"},"wordCount":340,"publisher":{"@id":"https:\/\/www.eldiario.net\/portal\/#organization"},"image":{"@id":"https:\/\/www.eldiario.net\/portal\/2023\/07\/30\/tortugas-ninja-caos-mutante-la-nueva-pelicula-de-seth-rogen\/#primaryimage"},"thumbnailUrl":"https:\/\/www.eldiario.net\/portal\/wp-content\/uploads\/2023\/07\/Tortugas-Ninja-Caos-Mutante-la-nueva-pelicula-de-Seth-Rogen.jpg","articleSection":["Cine Mundo"],"inLanguage":"es"},{"@type":"WebPage","@id":"https:\/\/www.eldiario.net\/portal\/2023\/07\/30\/tortugas-ninja-caos-mutante-la-nueva-pelicula-de-seth-rogen\/","url":"https:\/\/www.eldiario.net\/portal\/2023\/07\/30\/tortugas-ninja-caos-mutante-la-nueva-pelicula-de-seth-rogen\/","name":"\u201cTortugas Ninja: Caos Mutante\u201d, la nueva pel\u00edcula de Seth Rogen - El Diario - Bolivia","isPartOf":{"@id":"https:\/\/www.eldiario.net\/portal\/#website"},"primaryImageOfPage":{"@id":"https:\/\/www.eldiario.net\/portal\/2023\/07\/30\/tortugas-ninja-caos-mutante-la-nueva-pelicula-de-seth-rogen\/#primaryimage"},"image":{"@id":"https:\/\/www.eldiario.net\/portal\/2023\/07\/30\/tortugas-ninja-caos-mutante-la-nueva-pelicula-de-seth-rogen\/#primaryimage"},"thumbnailUrl":"https:\/\/www.eldiario.net\/portal\/wp-content\/uploads\/2023\/07\/Tortugas-Ninja-Caos-Mutante-la-nueva-pelicula-de-Seth-Rogen.jpg","datePublished":"2023-07-30T05:28:17+00:00","breadcrumb":{"@id":"https:\/\/www.eldiario.net\/portal\/2023\/07\/30\/tortugas-ninja-caos-mutante-la-nueva-pelicula-de-seth-rogen\/#breadcrumb"},"inLanguage":"es","potentialAction":[{"@type":"ReadAction","target":["https:\/\/www.eldiario.net\/portal\/2023\/07\/30\/tortugas-ninja-caos-mutante-la-nueva-pelicula-de-seth-rogen\/"]}]},{"@type":"ImageObject","inLanguage":"es","@id":"https:\/\/www.eldiario.net\/portal\/2023\/07\/30\/tortugas-ninja-caos-mutante-la-nueva-pelicula-de-seth-rogen\/#primaryimage","url":"https:\/\/www.eldiario.net\/portal\/wp-content\/uploads\/2023\/07\/Tortugas-Ninja-Caos-Mutante-la-nueva-pelicula-de-Seth-Rogen.jpg","contentUrl":"https:\/\/www.eldiario.net\/portal\/wp-content\/uploads\/2023\/07\/Tortugas-Ninja-Caos-Mutante-la-nueva-pelicula-de-Seth-Rogen.jpg","width":2214,"height":922},{"@type":"BreadcrumbList","@id":"https:\/\/www.eldiario.net\/portal\/2023\/07\/30\/tortugas-ninja-caos-mutante-la-nueva-pelicula-de-seth-rogen\/#breadcrumb","itemListElement":[{"@type":"ListItem","position":1,"name":"Portada","item":"https:\/\/www.eldiario.net\/portal\/"},{"@type":"ListItem","position":2,"name":"\u201cTortugas Ninja: Caos Mutante\u201d, la nueva pel\u00edcula de Seth Rogen"}]},{"@type":"WebSite","@id":"https:\/\/www.eldiario.net\/portal\/#website","url":"https:\/\/www.eldiario.net\/portal\/","name":"El Diario - Decano de la prensa nacional","description":"El Diario - Decano de la prensa nacional","publisher":{"@id":"https:\/\/www.eldiario.net\/portal\/#organization"},"potentialAction":[{"@type":"SearchAction","target":{"@type":"EntryPoint","urlTemplate":"https:\/\/www.eldiario.net\/portal\/?s={search_term_string}"},"query-input":{"@type":"PropertyValueSpecification","valueRequired":true,"valueName":"search_term_string"}}],"inLanguage":"es"},{"@type":"Organization","@id":"https:\/\/www.eldiario.net\/portal\/#organization","name":"El Diario - Decano de la prensa nacional","url":"https:\/\/www.eldiario.net\/portal\/","logo":{"@type":"ImageObject","inLanguage":"es","@id":"https:\/\/www.eldiario.net\/portal\/#\/schema\/logo\/image\/","url":"https:\/\/www.eldiario.net\/portal\/wp-content\/uploads\/2023\/07\/logo_ED.jpg","contentUrl":"https:\/\/www.eldiario.net\/portal\/wp-content\/uploads\/2023\/07\/logo_ED.jpg","width":272,"height":52,"caption":"El Diario - Decano de la prensa nacional"},"image":{"@id":"https:\/\/www.eldiario.net\/portal\/#\/schema\/logo\/image\/"},"sameAs":["https:\/\/www.facebook.com\/eldiario.bolivia\/","https:\/\/x.com\/eldiario_net"]},{"@type":"Person","@id":"https:\/\/www.eldiario.net\/portal\/#\/schema\/person\/f46445640444750d7d753ccd04ae01b7","name":"Jeanette","image":{"@type":"ImageObject","inLanguage":"es","@id":"https:\/\/secure.gravatar.com\/avatar\/3ea2118a5f7dad2b7138b1187a6b7ee55f160b9968b66013c3a3ef39dd7e5798?s=96&d=mm&r=g","url":"https:\/\/secure.gravatar.com\/avatar\/3ea2118a5f7dad2b7138b1187a6b7ee55f160b9968b66013c3a3ef39dd7e5798?s=96&d=mm&r=g","contentUrl":"https:\/\/secure.gravatar.com\/avatar\/3ea2118a5f7dad2b7138b1187a6b7ee55f160b9968b66013c3a3ef39dd7e5798?s=96&d=mm&r=g","caption":"Jeanette"},"sameAs":["https:\/\/www.eldiario.net\/portal"],"url":"https:\/\/www.eldiario.net\/portal\/author\/jeanette\/"}]}},"_links":{"self":[{"href":"https:\/\/www.eldiario.net\/portal\/wp-json\/wp\/v2\/posts\/168298","targetHints":{"allow":["GET"]}}],"collection":[{"href":"https:\/\/www.eldiario.net\/portal\/wp-json\/wp\/v2\/posts"}],"about":[{"href":"https:\/\/www.eldiario.net\/portal\/wp-json\/wp\/v2\/types\/post"}],"author":[{"embeddable":true,"href":"https:\/\/www.eldiario.net\/portal\/wp-json\/wp\/v2\/users\/1"}],"replies":[{"embeddable":true,"href":"https:\/\/www.eldiario.net\/portal\/wp-json\/wp\/v2\/comments?post=168298"}],"version-history":[{"count":0,"href":"https:\/\/www.eldiario.net\/portal\/wp-json\/wp\/v2\/posts\/168298\/revisions"}],"wp:featuredmedia":[{"embeddable":true,"href":"https:\/\/www.eldiario.net\/portal\/wp-json\/wp\/v2\/media\/168299"}],"wp:attachment":[{"href":"https:\/\/www.eldiario.net\/portal\/wp-json\/wp\/v2\/media?parent=168298"}],"wp:term":[{"taxonomy":"category","embeddable":true,"href":"https:\/\/www.eldiario.net\/portal\/wp-json\/wp\/v2\/categories?post=168298"},{"taxonomy":"post_tag","embeddable":true,"href":"https:\/\/www.eldiario.net\/portal\/wp-json\/wp\/v2\/tags?post=168298"}],"curies":[{"name":"wp","href":"https:\/\/api.w.org\/{rel}","templated":true}]}}