{"id":168287,"date":"2023-07-30T01:23:09","date_gmt":"2023-07-30T05:23:09","guid":{"rendered":"https:\/\/www.eldiario.net\/portal\/?p=168287"},"modified":"2023-07-30T01:23:09","modified_gmt":"2023-07-30T05:23:09","slug":"el-nacimiento-de-las-tortugas-ninja","status":"publish","type":"post","link":"https:\/\/www.eldiario.net\/portal\/2023\/07\/30\/el-nacimiento-de-las-tortugas-ninja\/","title":{"rendered":"El nacimiento de las Tortugas Ninja"},"content":{"rendered":"<p>Las Tortugas Ninja Adolescentes Mutantes surgieron casi por accidente, en noviembre de 1983, cuando los amigos y autores de historietas Kevin Eastman y Peter Laird descansaban en su \u2018estudio\u2019 (tambi\u00e9n conocido como la sala del departamento que compart\u00edan). En ese momento, simplemente trataban de hacer re\u00edr uno al otro.<\/p>\n<p>\u201cLas Tortugas nacieron del amor, la pasi\u00f3n y un ataque nocturno de simpleza\u201d, explica Eastman. \u201cSoy gran fan de Bruce Lee. Pens\u00e9, \u2018Si Bruce fuera un animal, \u00bfcu\u00e1l ser\u00eda el m\u00e1s tonto que podr\u00eda encarnar?\u2019 As\u00ed que dibuj\u00e9 una tortuga erguida sobre sus patas traseras con una m\u00e1scara y chacos enrollados alrededor de sus brazos\u201d. Obtuvo la reacci\u00f3n deseada por parte de Laird, as\u00ed que el d\u00fao sigui\u00f3 con esta broma. \u201cHice un esbozo a l\u00e1piz de cuatro Tortugas, cada una con diferentes armas\u201d, contin\u00faa Eastman. \u201cPete las colore\u00f3 y a\u00f1adi\u00f3 \u2018Mutante Adolescente\u2019 al t\u00edtulo de \u2018Tortuga Ninja\u2019. Eso fue todo. \u00a1Quedamos fascinados con la idea!\u201d. El resto, como dicen, es historia.<\/p>\n<p>Ambos empezaron a dar cuerpo a la idea y asignaron a las Tortugas distintas personalidades, inspirados en sus amigos de la ni\u00f1ez. \u201cEvolucionaron al compararlas con compa\u00f1eros de nuestra escuela secundaria\u201d, dice Eastman. \u201cUno era el gracioso, siempre hac\u00eda bromas. Otro era m\u00e1s t\u00e9cnico, trataba de arreglar relojes y construir cosas. Uno era el l\u00edder autonombrado del grupo y, al final, hab\u00eda otro que siempre te respaldaba en una pelea. Me encant\u00f3 mezclar diversos rasgos. Ser\u00edan como hermanos, tendr\u00edan discusiones, superar\u00edan obst\u00e1culos\u201d. Y siempre se apoyar\u00edan.<\/p>\n<p>Despu\u00e9s de descartar varios conceptos para los nombres, Eastman, amante del arte, decidi\u00f3 acudir a los pintores renacentistas. Leonardo, Miguel \u00c1ngel y Rafael se acordaron f\u00e1cilmente, pero discrepaban sobre el cuarto. \u201cHubo un debate durante casi dos semanas sobre Donatello, debido a que me gustaba m\u00e1s el escultor llamado Bernini\u201d, afirma Eastman. \u201cDonatello casi se llamaba Bernini\u201d.<\/p>\n<p>Eastman y Laird creyeron que las Tortugas Ninja Adolescentes Mutantes ten\u00edan el potencial de convertirse en una historieta, pero pensaron que ser\u00eda solamente una. As\u00ed pues, en 1984 ellos financiaron la primera edici\u00f3n de las Tortugas Ninja Adolescentes Mutantes y no ten\u00edan en mente nada m\u00e1s que lo inmediato. <\/p>\n<p>\u201cCuando publicamos las Tortugas no importaba si se vend\u00eda una copia o cien, lo hab\u00edamos hecho, ten\u00edamos una historieta\u201d, recuerda Eastman acerca de su l\u00f3gica. \u201cY despu\u00e9s ocurri\u00f3 algo extra\u00f1o, la primera edici\u00f3n se agot\u00f3 y las personas deseaban otro episodio\u201d. <\/p>\n<p>Y se convirti\u00f3 en mucho m\u00e1s que una segunda edici\u00f3n. Las historietas resultaron un fabuloso \u00e9xito, a\u00fan se publican hoy en d\u00eda; adem\u00e1s, en 1987 se cre\u00f3 la serie animada y eso present\u00f3 a las Tortugas a una audiencia totalmente nueva. Aquella noche de bromas entre amigos se trasmut\u00f3 en un fen\u00f3meno cultural. <\/p>\n<p>Al crecer, algunos de aquellos fans se volvieron realizadores cinematogr\u00e1ficos y si le preguntan a cualquiera de ellos, sus ni\u00f1os internos no podr\u00edan creer que alg\u00fan d\u00eda filmar\u00edan su propia pel\u00edcula de las Tortugas. Una cinta que llevar\u00e1 a los personajes que tanto amaron a una dimensi\u00f3n nueva que va a evolucionar y a revolucionar una forma de arte gracias a su participaci\u00f3n.<\/p>\n","protected":false},"excerpt":{"rendered":"<p>Las Tortugas Ninja Adolescentes Mutantes surgieron casi por accidente, en noviembre de 1983, cuando los amigos y autores de historietas Kevin Eastman y Peter Laird descansaban en su \u2018estudio\u2019 (tambi\u00e9n conocido como la sala del departamento que compart\u00edan). En ese momento, simplemente trataban de hacer re\u00edr uno al otro. \u201cLas Tortugas nacieron del amor, la [&hellip;]<\/p>\n","protected":false},"author":1,"featured_media":168288,"comment_status":"closed","ping_status":"open","sticky":false,"template":"","format":"standard","meta":{"_acf_changed":false,"footnotes":""},"categories":[45],"tags":[],"class_list":["post-168287","post","type-post","status-publish","format-standard","has-post-thumbnail","category-cine-mundo"],"acf":{"antetitulo":""},"yoast_head":"<!-- This site is optimized with the Yoast SEO plugin v28.4 - https:\/\/yoast.com\/product\/yoast-seo-wordpress\/ -->\n<title>El nacimiento de las Tortugas Ninja - El Diario - Bolivia<\/title>\n<meta name=\"robots\" content=\"index, follow, max-snippet:-1, max-image-preview:large, max-video-preview:-1\" \/>\n<link rel=\"canonical\" href=\"https:\/\/www.eldiario.net\/portal\/2023\/07\/30\/el-nacimiento-de-las-tortugas-ninja\/\" \/>\n<meta property=\"og:locale\" content=\"es_ES\" \/>\n<meta property=\"og:type\" content=\"article\" \/>\n<meta property=\"og:title\" content=\"El nacimiento de las Tortugas Ninja - El Diario - Bolivia\" \/>\n<meta property=\"og:description\" content=\"Las Tortugas Ninja Adolescentes Mutantes surgieron casi por accidente, en noviembre de 1983, cuando los amigos y autores de historietas Kevin Eastman y Peter Laird descansaban en su \u2018estudio\u2019 (tambi\u00e9n conocido como la sala del departamento que compart\u00edan). En ese momento, simplemente trataban de hacer re\u00edr uno al otro. \u201cLas Tortugas nacieron del amor, la [&hellip;]\" \/>\n<meta property=\"og:url\" content=\"https:\/\/www.eldiario.net\/portal\/2023\/07\/30\/el-nacimiento-de-las-tortugas-ninja\/\" \/>\n<meta property=\"og:site_name\" content=\"El Diario - Bolivia\" \/>\n<meta property=\"article:publisher\" content=\"https:\/\/www.facebook.com\/eldiario.bolivia\/\" \/>\n<meta property=\"article:published_time\" content=\"2023-07-30T05:23:09+00:00\" \/>\n<meta property=\"og:image\" content=\"https:\/\/www.eldiario.net\/portal\/wp-content\/uploads\/2023\/07\/El-nacimiento-de-las-Tortugas-Ninja.jpg\" \/>\n\t<meta property=\"og:image:width\" content=\"1175\" \/>\n\t<meta property=\"og:image:height\" content=\"784\" \/>\n\t<meta property=\"og:image:type\" content=\"image\/jpeg\" \/>\n<meta name=\"author\" content=\"Jeanette\" \/>\n<meta name=\"twitter:card\" content=\"summary_large_image\" \/>\n<meta name=\"twitter:creator\" content=\"@eldiario_net\" \/>\n<meta name=\"twitter:site\" content=\"@eldiario_net\" \/>\n<meta name=\"twitter:label1\" content=\"Escrito por\" \/>\n\t<meta name=\"twitter:data1\" content=\"Jeanette\" \/>\n<script type=\"application\/ld+json\" class=\"yoast-schema-graph\">{\"@context\":\"https:\\\/\\\/schema.org\",\"@graph\":[{\"@type\":\"Article\",\"@id\":\"https:\\\/\\\/www.eldiario.net\\\/portal\\\/2023\\\/07\\\/30\\\/el-nacimiento-de-las-tortugas-ninja\\\/#article\",\"isPartOf\":{\"@id\":\"https:\\\/\\\/www.eldiario.net\\\/portal\\\/2023\\\/07\\\/30\\\/el-nacimiento-de-las-tortugas-ninja\\\/\"},\"author\":{\"name\":\"Jeanette\",\"@id\":\"https:\\\/\\\/www.eldiario.net\\\/portal\\\/#\\\/schema\\\/person\\\/f46445640444750d7d753ccd04ae01b7\"},\"headline\":\"El nacimiento de las Tortugas Ninja\",\"datePublished\":\"2023-07-30T05:23:09+00:00\",\"mainEntityOfPage\":{\"@id\":\"https:\\\/\\\/www.eldiario.net\\\/portal\\\/2023\\\/07\\\/30\\\/el-nacimiento-de-las-tortugas-ninja\\\/\"},\"wordCount\":570,\"publisher\":{\"@id\":\"https:\\\/\\\/www.eldiario.net\\\/portal\\\/#organization\"},\"image\":{\"@id\":\"https:\\\/\\\/www.eldiario.net\\\/portal\\\/2023\\\/07\\\/30\\\/el-nacimiento-de-las-tortugas-ninja\\\/#primaryimage\"},\"thumbnailUrl\":\"https:\\\/\\\/www.eldiario.net\\\/portal\\\/wp-content\\\/uploads\\\/2023\\\/07\\\/El-nacimiento-de-las-Tortugas-Ninja.jpg\",\"articleSection\":[\"Cine Mundo\"],\"inLanguage\":\"es\"},{\"@type\":\"WebPage\",\"@id\":\"https:\\\/\\\/www.eldiario.net\\\/portal\\\/2023\\\/07\\\/30\\\/el-nacimiento-de-las-tortugas-ninja\\\/\",\"url\":\"https:\\\/\\\/www.eldiario.net\\\/portal\\\/2023\\\/07\\\/30\\\/el-nacimiento-de-las-tortugas-ninja\\\/\",\"name\":\"El nacimiento de las Tortugas Ninja - El Diario - Bolivia\",\"isPartOf\":{\"@id\":\"https:\\\/\\\/www.eldiario.net\\\/portal\\\/#website\"},\"primaryImageOfPage\":{\"@id\":\"https:\\\/\\\/www.eldiario.net\\\/portal\\\/2023\\\/07\\\/30\\\/el-nacimiento-de-las-tortugas-ninja\\\/#primaryimage\"},\"image\":{\"@id\":\"https:\\\/\\\/www.eldiario.net\\\/portal\\\/2023\\\/07\\\/30\\\/el-nacimiento-de-las-tortugas-ninja\\\/#primaryimage\"},\"thumbnailUrl\":\"https:\\\/\\\/www.eldiario.net\\\/portal\\\/wp-content\\\/uploads\\\/2023\\\/07\\\/El-nacimiento-de-las-Tortugas-Ninja.jpg\",\"datePublished\":\"2023-07-30T05:23:09+00:00\",\"breadcrumb\":{\"@id\":\"https:\\\/\\\/www.eldiario.net\\\/portal\\\/2023\\\/07\\\/30\\\/el-nacimiento-de-las-tortugas-ninja\\\/#breadcrumb\"},\"inLanguage\":\"es\",\"potentialAction\":[{\"@type\":\"ReadAction\",\"target\":[\"https:\\\/\\\/www.eldiario.net\\\/portal\\\/2023\\\/07\\\/30\\\/el-nacimiento-de-las-tortugas-ninja\\\/\"]}]},{\"@type\":\"ImageObject\",\"inLanguage\":\"es\",\"@id\":\"https:\\\/\\\/www.eldiario.net\\\/portal\\\/2023\\\/07\\\/30\\\/el-nacimiento-de-las-tortugas-ninja\\\/#primaryimage\",\"url\":\"https:\\\/\\\/www.eldiario.net\\\/portal\\\/wp-content\\\/uploads\\\/2023\\\/07\\\/El-nacimiento-de-las-Tortugas-Ninja.jpg\",\"contentUrl\":\"https:\\\/\\\/www.eldiario.net\\\/portal\\\/wp-content\\\/uploads\\\/2023\\\/07\\\/El-nacimiento-de-las-Tortugas-Ninja.jpg\",\"width\":1175,\"height\":784},{\"@type\":\"BreadcrumbList\",\"@id\":\"https:\\\/\\\/www.eldiario.net\\\/portal\\\/2023\\\/07\\\/30\\\/el-nacimiento-de-las-tortugas-ninja\\\/#breadcrumb\",\"itemListElement\":[{\"@type\":\"ListItem\",\"position\":1,\"name\":\"Portada\",\"item\":\"https:\\\/\\\/www.eldiario.net\\\/portal\\\/\"},{\"@type\":\"ListItem\",\"position\":2,\"name\":\"El nacimiento de las Tortugas Ninja\"}]},{\"@type\":\"WebSite\",\"@id\":\"https:\\\/\\\/www.eldiario.net\\\/portal\\\/#website\",\"url\":\"https:\\\/\\\/www.eldiario.net\\\/portal\\\/\",\"name\":\"El Diario - Decano de la prensa nacional\",\"description\":\"El Diario - Decano de la prensa nacional\",\"publisher\":{\"@id\":\"https:\\\/\\\/www.eldiario.net\\\/portal\\\/#organization\"},\"potentialAction\":[{\"@type\":\"SearchAction\",\"target\":{\"@type\":\"EntryPoint\",\"urlTemplate\":\"https:\\\/\\\/www.eldiario.net\\\/portal\\\/?s={search_term_string}\"},\"query-input\":{\"@type\":\"PropertyValueSpecification\",\"valueRequired\":true,\"valueName\":\"search_term_string\"}}],\"inLanguage\":\"es\"},{\"@type\":\"Organization\",\"@id\":\"https:\\\/\\\/www.eldiario.net\\\/portal\\\/#organization\",\"name\":\"El Diario - Decano de la prensa nacional\",\"url\":\"https:\\\/\\\/www.eldiario.net\\\/portal\\\/\",\"logo\":{\"@type\":\"ImageObject\",\"inLanguage\":\"es\",\"@id\":\"https:\\\/\\\/www.eldiario.net\\\/portal\\\/#\\\/schema\\\/logo\\\/image\\\/\",\"url\":\"https:\\\/\\\/www.eldiario.net\\\/portal\\\/wp-content\\\/uploads\\\/2023\\\/07\\\/logo_ED.jpg\",\"contentUrl\":\"https:\\\/\\\/www.eldiario.net\\\/portal\\\/wp-content\\\/uploads\\\/2023\\\/07\\\/logo_ED.jpg\",\"width\":272,\"height\":52,\"caption\":\"El Diario - Decano de la prensa nacional\"},\"image\":{\"@id\":\"https:\\\/\\\/www.eldiario.net\\\/portal\\\/#\\\/schema\\\/logo\\\/image\\\/\"},\"sameAs\":[\"https:\\\/\\\/www.facebook.com\\\/eldiario.bolivia\\\/\",\"https:\\\/\\\/x.com\\\/eldiario_net\"]},{\"@type\":\"Person\",\"@id\":\"https:\\\/\\\/www.eldiario.net\\\/portal\\\/#\\\/schema\\\/person\\\/f46445640444750d7d753ccd04ae01b7\",\"name\":\"Jeanette\",\"image\":{\"@type\":\"ImageObject\",\"inLanguage\":\"es\",\"@id\":\"https:\\\/\\\/secure.gravatar.com\\\/avatar\\\/3ea2118a5f7dad2b7138b1187a6b7ee55f160b9968b66013c3a3ef39dd7e5798?s=96&d=mm&r=g\",\"url\":\"https:\\\/\\\/secure.gravatar.com\\\/avatar\\\/3ea2118a5f7dad2b7138b1187a6b7ee55f160b9968b66013c3a3ef39dd7e5798?s=96&d=mm&r=g\",\"contentUrl\":\"https:\\\/\\\/secure.gravatar.com\\\/avatar\\\/3ea2118a5f7dad2b7138b1187a6b7ee55f160b9968b66013c3a3ef39dd7e5798?s=96&d=mm&r=g\",\"caption\":\"Jeanette\"},\"sameAs\":[\"https:\\\/\\\/www.eldiario.net\\\/portal\"],\"url\":\"https:\\\/\\\/www.eldiario.net\\\/portal\\\/author\\\/jeanette\\\/\"}]}<\/script>\n<!-- \/ Yoast SEO plugin. -->","yoast_head_json":{"title":"El nacimiento de las Tortugas Ninja - El Diario - Bolivia","robots":{"index":"index","follow":"follow","max-snippet":"max-snippet:-1","max-image-preview":"max-image-preview:large","max-video-preview":"max-video-preview:-1"},"canonical":"https:\/\/www.eldiario.net\/portal\/2023\/07\/30\/el-nacimiento-de-las-tortugas-ninja\/","og_locale":"es_ES","og_type":"article","og_title":"El nacimiento de las Tortugas Ninja - El Diario - Bolivia","og_description":"Las Tortugas Ninja Adolescentes Mutantes surgieron casi por accidente, en noviembre de 1983, cuando los amigos y autores de historietas Kevin Eastman y Peter Laird descansaban en su \u2018estudio\u2019 (tambi\u00e9n conocido como la sala del departamento que compart\u00edan). En ese momento, simplemente trataban de hacer re\u00edr uno al otro. \u201cLas Tortugas nacieron del amor, la [&hellip;]","og_url":"https:\/\/www.eldiario.net\/portal\/2023\/07\/30\/el-nacimiento-de-las-tortugas-ninja\/","og_site_name":"El Diario - Bolivia","article_publisher":"https:\/\/www.facebook.com\/eldiario.bolivia\/","article_published_time":"2023-07-30T05:23:09+00:00","og_image":[{"width":1175,"height":784,"url":"https:\/\/www.eldiario.net\/portal\/wp-content\/uploads\/2023\/07\/El-nacimiento-de-las-Tortugas-Ninja.jpg","type":"image\/jpeg"}],"author":"Jeanette","twitter_card":"summary_large_image","twitter_creator":"@eldiario_net","twitter_site":"@eldiario_net","twitter_misc":{"Escrito por":"Jeanette"},"schema":{"@context":"https:\/\/schema.org","@graph":[{"@type":"Article","@id":"https:\/\/www.eldiario.net\/portal\/2023\/07\/30\/el-nacimiento-de-las-tortugas-ninja\/#article","isPartOf":{"@id":"https:\/\/www.eldiario.net\/portal\/2023\/07\/30\/el-nacimiento-de-las-tortugas-ninja\/"},"author":{"name":"Jeanette","@id":"https:\/\/www.eldiario.net\/portal\/#\/schema\/person\/f46445640444750d7d753ccd04ae01b7"},"headline":"El nacimiento de las Tortugas Ninja","datePublished":"2023-07-30T05:23:09+00:00","mainEntityOfPage":{"@id":"https:\/\/www.eldiario.net\/portal\/2023\/07\/30\/el-nacimiento-de-las-tortugas-ninja\/"},"wordCount":570,"publisher":{"@id":"https:\/\/www.eldiario.net\/portal\/#organization"},"image":{"@id":"https:\/\/www.eldiario.net\/portal\/2023\/07\/30\/el-nacimiento-de-las-tortugas-ninja\/#primaryimage"},"thumbnailUrl":"https:\/\/www.eldiario.net\/portal\/wp-content\/uploads\/2023\/07\/El-nacimiento-de-las-Tortugas-Ninja.jpg","articleSection":["Cine Mundo"],"inLanguage":"es"},{"@type":"WebPage","@id":"https:\/\/www.eldiario.net\/portal\/2023\/07\/30\/el-nacimiento-de-las-tortugas-ninja\/","url":"https:\/\/www.eldiario.net\/portal\/2023\/07\/30\/el-nacimiento-de-las-tortugas-ninja\/","name":"El nacimiento de las Tortugas Ninja - El Diario - Bolivia","isPartOf":{"@id":"https:\/\/www.eldiario.net\/portal\/#website"},"primaryImageOfPage":{"@id":"https:\/\/www.eldiario.net\/portal\/2023\/07\/30\/el-nacimiento-de-las-tortugas-ninja\/#primaryimage"},"image":{"@id":"https:\/\/www.eldiario.net\/portal\/2023\/07\/30\/el-nacimiento-de-las-tortugas-ninja\/#primaryimage"},"thumbnailUrl":"https:\/\/www.eldiario.net\/portal\/wp-content\/uploads\/2023\/07\/El-nacimiento-de-las-Tortugas-Ninja.jpg","datePublished":"2023-07-30T05:23:09+00:00","breadcrumb":{"@id":"https:\/\/www.eldiario.net\/portal\/2023\/07\/30\/el-nacimiento-de-las-tortugas-ninja\/#breadcrumb"},"inLanguage":"es","potentialAction":[{"@type":"ReadAction","target":["https:\/\/www.eldiario.net\/portal\/2023\/07\/30\/el-nacimiento-de-las-tortugas-ninja\/"]}]},{"@type":"ImageObject","inLanguage":"es","@id":"https:\/\/www.eldiario.net\/portal\/2023\/07\/30\/el-nacimiento-de-las-tortugas-ninja\/#primaryimage","url":"https:\/\/www.eldiario.net\/portal\/wp-content\/uploads\/2023\/07\/El-nacimiento-de-las-Tortugas-Ninja.jpg","contentUrl":"https:\/\/www.eldiario.net\/portal\/wp-content\/uploads\/2023\/07\/El-nacimiento-de-las-Tortugas-Ninja.jpg","width":1175,"height":784},{"@type":"BreadcrumbList","@id":"https:\/\/www.eldiario.net\/portal\/2023\/07\/30\/el-nacimiento-de-las-tortugas-ninja\/#breadcrumb","itemListElement":[{"@type":"ListItem","position":1,"name":"Portada","item":"https:\/\/www.eldiario.net\/portal\/"},{"@type":"ListItem","position":2,"name":"El nacimiento de las Tortugas Ninja"}]},{"@type":"WebSite","@id":"https:\/\/www.eldiario.net\/portal\/#website","url":"https:\/\/www.eldiario.net\/portal\/","name":"El Diario - Decano de la prensa nacional","description":"El Diario - Decano de la prensa nacional","publisher":{"@id":"https:\/\/www.eldiario.net\/portal\/#organization"},"potentialAction":[{"@type":"SearchAction","target":{"@type":"EntryPoint","urlTemplate":"https:\/\/www.eldiario.net\/portal\/?s={search_term_string}"},"query-input":{"@type":"PropertyValueSpecification","valueRequired":true,"valueName":"search_term_string"}}],"inLanguage":"es"},{"@type":"Organization","@id":"https:\/\/www.eldiario.net\/portal\/#organization","name":"El Diario - Decano de la prensa nacional","url":"https:\/\/www.eldiario.net\/portal\/","logo":{"@type":"ImageObject","inLanguage":"es","@id":"https:\/\/www.eldiario.net\/portal\/#\/schema\/logo\/image\/","url":"https:\/\/www.eldiario.net\/portal\/wp-content\/uploads\/2023\/07\/logo_ED.jpg","contentUrl":"https:\/\/www.eldiario.net\/portal\/wp-content\/uploads\/2023\/07\/logo_ED.jpg","width":272,"height":52,"caption":"El Diario - Decano de la prensa nacional"},"image":{"@id":"https:\/\/www.eldiario.net\/portal\/#\/schema\/logo\/image\/"},"sameAs":["https:\/\/www.facebook.com\/eldiario.bolivia\/","https:\/\/x.com\/eldiario_net"]},{"@type":"Person","@id":"https:\/\/www.eldiario.net\/portal\/#\/schema\/person\/f46445640444750d7d753ccd04ae01b7","name":"Jeanette","image":{"@type":"ImageObject","inLanguage":"es","@id":"https:\/\/secure.gravatar.com\/avatar\/3ea2118a5f7dad2b7138b1187a6b7ee55f160b9968b66013c3a3ef39dd7e5798?s=96&d=mm&r=g","url":"https:\/\/secure.gravatar.com\/avatar\/3ea2118a5f7dad2b7138b1187a6b7ee55f160b9968b66013c3a3ef39dd7e5798?s=96&d=mm&r=g","contentUrl":"https:\/\/secure.gravatar.com\/avatar\/3ea2118a5f7dad2b7138b1187a6b7ee55f160b9968b66013c3a3ef39dd7e5798?s=96&d=mm&r=g","caption":"Jeanette"},"sameAs":["https:\/\/www.eldiario.net\/portal"],"url":"https:\/\/www.eldiario.net\/portal\/author\/jeanette\/"}]}},"_links":{"self":[{"href":"https:\/\/www.eldiario.net\/portal\/wp-json\/wp\/v2\/posts\/168287","targetHints":{"allow":["GET"]}}],"collection":[{"href":"https:\/\/www.eldiario.net\/portal\/wp-json\/wp\/v2\/posts"}],"about":[{"href":"https:\/\/www.eldiario.net\/portal\/wp-json\/wp\/v2\/types\/post"}],"author":[{"embeddable":true,"href":"https:\/\/www.eldiario.net\/portal\/wp-json\/wp\/v2\/users\/1"}],"replies":[{"embeddable":true,"href":"https:\/\/www.eldiario.net\/portal\/wp-json\/wp\/v2\/comments?post=168287"}],"version-history":[{"count":0,"href":"https:\/\/www.eldiario.net\/portal\/wp-json\/wp\/v2\/posts\/168287\/revisions"}],"wp:featuredmedia":[{"embeddable":true,"href":"https:\/\/www.eldiario.net\/portal\/wp-json\/wp\/v2\/media\/168288"}],"wp:attachment":[{"href":"https:\/\/www.eldiario.net\/portal\/wp-json\/wp\/v2\/media?parent=168287"}],"wp:term":[{"taxonomy":"category","embeddable":true,"href":"https:\/\/www.eldiario.net\/portal\/wp-json\/wp\/v2\/categories?post=168287"},{"taxonomy":"post_tag","embeddable":true,"href":"https:\/\/www.eldiario.net\/portal\/wp-json\/wp\/v2\/tags?post=168287"}],"curies":[{"name":"wp","href":"https:\/\/api.w.org\/{rel}","templated":true}]}}