{"id":168270,"date":"2023-07-30T01:15:20","date_gmt":"2023-07-30T05:15:20","guid":{"rendered":"https:\/\/www.eldiario.net\/portal\/?p=168270"},"modified":"2023-07-30T01:15:20","modified_gmt":"2023-07-30T05:15:20","slug":"peliculas-de-terror-que-te-van-a-impedir-dormir-a-la-noche","status":"publish","type":"post","link":"https:\/\/www.eldiario.net\/portal\/2023\/07\/30\/peliculas-de-terror-que-te-van-a-impedir-dormir-a-la-noche\/","title":{"rendered":"Pel\u00edculas de terror que te van a impedir dormir a la noche"},"content":{"rendered":"<p>\u00bfEres esa persona que disfruta estar nervioso durante dos horas mirando una pel\u00edcula? \u00a1Esta nota es para ti! Si te encantan esas historias que te ponen los pelos de punta, hoy hacemos un repaso de las \u00faltimas cintas m\u00e1s terror\u00edficas de Diamond. Spoiler Alert: no vas a poder descansar durante la noche:<br \/>\nLa hu\u00e9rfana, el origen: la cinta cuenta la historia de Leena Klammer (Isabelle Fuhrman), quien orquesta un escape brillante de un manicomio Ruso y viaja a Estados Unidos. Al llegar, se adue\u00f1a de la identidad \u201cEsther\u201d, la hija desaparecida de una familia adinerada. Sin embargo, su nueva vida conlleva algo inesperado y se enfrentar\u00e1 con una madre interpretada por Julia Stiles, que har\u00e1 lo que sea necesario para proteger a su familia.<br \/>\nEl legado del diablo: Ellen, la matriarca de la familia Graham, muere, y la familia de su hija (Toni Collette) comienza a desentra\u00f1ar secretos cr\u00edpticos y cada vez m\u00e1s terror\u00edficos sobre su ascendencia. Cuanto m\u00e1s descubren, m\u00e1s intentan escapar del siniestro destino que parecen haber heredado.<br \/>\nNo descansar\u00e1s: la pel\u00edcula narra la historia de Julie Rivers (Melissa Barrera), quien est\u00e1 embarazada nuevamente y se muda a un nuevo hogar con su esposo mientras abrazan un nuevo comienzo. Al recibir la orden de reposo en cama obligatorio, Julie comienza a desmoronarse lentamente mientras sufre la monoton\u00eda y la ansiedad de sus nuevas limitaciones. Pronto, las aterradoras experiencias fantasmales en el hogar comienzan a acechar a Julie, despertando sus demonios pasados y haciendo que otros cuestionen su estabilidad mental. Atrapada y obligada a enfrentar su pasado y lo sobrenatural, Julie lucha para protegerse a s\u00ed misma y a su beb\u00e9 por nacer.<br \/>\n\u00a1Y eso no es todo! Pronto llegar\u00e1 a las salas de cine de Latinoam\u00e9rica una de las cintas m\u00e1s escalofriantes del a\u00f1o: H\u00e1blame. La pel\u00edcula sigue a un grupo de amigos que descubren c\u00f3mo invocar esp\u00edritus utilizando una mano embalsamada y se ven atrapados en este nuevo entretenimiento, hasta que uno de ellos va demasiado lejos y abre la puerta al mundo de los esp\u00edritus. (Diamond Films)<\/p>\n","protected":false},"excerpt":{"rendered":"<p>\u00bfEres esa persona que disfruta estar nervioso durante dos horas mirando una pel\u00edcula? \u00a1Esta nota es para ti! Si te encantan esas historias que te ponen los pelos de punta, hoy hacemos un repaso de las \u00faltimas cintas m\u00e1s terror\u00edficas de Diamond. Spoiler Alert: no vas a poder descansar durante la noche: La hu\u00e9rfana, el [&hellip;]<\/p>\n","protected":false},"author":1,"featured_media":168271,"comment_status":"closed","ping_status":"open","sticky":false,"template":"","format":"standard","meta":{"_acf_changed":false,"footnotes":""},"categories":[45],"tags":[],"class_list":["post-168270","post","type-post","status-publish","format-standard","has-post-thumbnail","category-cine-mundo"],"acf":{"antetitulo":""},"yoast_head":"<!-- This site is optimized with the Yoast SEO plugin v28.4 - https:\/\/yoast.com\/product\/yoast-seo-wordpress\/ -->\n<title>Pel\u00edculas de terror que te van a impedir dormir a la noche - El Diario - Bolivia<\/title>\n<meta name=\"robots\" content=\"index, follow, max-snippet:-1, max-image-preview:large, max-video-preview:-1\" \/>\n<link rel=\"canonical\" href=\"https:\/\/www.eldiario.net\/portal\/2023\/07\/30\/peliculas-de-terror-que-te-van-a-impedir-dormir-a-la-noche\/\" \/>\n<meta property=\"og:locale\" content=\"es_ES\" \/>\n<meta property=\"og:type\" content=\"article\" \/>\n<meta property=\"og:title\" content=\"Pel\u00edculas de terror que te van a impedir dormir a la noche - El Diario - Bolivia\" \/>\n<meta property=\"og:description\" content=\"\u00bfEres esa persona que disfruta estar nervioso durante dos horas mirando una pel\u00edcula? \u00a1Esta nota es para ti! Si te encantan esas historias que te ponen los pelos de punta, hoy hacemos un repaso de las \u00faltimas cintas m\u00e1s terror\u00edficas de Diamond. Spoiler Alert: no vas a poder descansar durante la noche: La hu\u00e9rfana, el [&hellip;]\" \/>\n<meta property=\"og:url\" content=\"https:\/\/www.eldiario.net\/portal\/2023\/07\/30\/peliculas-de-terror-que-te-van-a-impedir-dormir-a-la-noche\/\" \/>\n<meta property=\"og:site_name\" content=\"El Diario - Bolivia\" \/>\n<meta property=\"article:publisher\" content=\"https:\/\/www.facebook.com\/eldiario.bolivia\/\" \/>\n<meta property=\"article:published_time\" content=\"2023-07-30T05:15:20+00:00\" \/>\n<meta property=\"og:image\" content=\"https:\/\/www.eldiario.net\/portal\/wp-content\/uploads\/2023\/07\/Peliculas-de-terror-que-te-van-a-impedir-dormir-a-la-noche.jpg\" \/>\n\t<meta property=\"og:image:width\" content=\"1667\" \/>\n\t<meta property=\"og:image:height\" content=\"1250\" \/>\n\t<meta property=\"og:image:type\" content=\"image\/jpeg\" \/>\n<meta name=\"author\" content=\"Jeanette\" \/>\n<meta name=\"twitter:card\" content=\"summary_large_image\" \/>\n<meta name=\"twitter:creator\" content=\"@eldiario_net\" \/>\n<meta name=\"twitter:site\" content=\"@eldiario_net\" \/>\n<meta name=\"twitter:label1\" content=\"Escrito por\" \/>\n\t<meta name=\"twitter:data1\" content=\"Jeanette\" \/>\n<script type=\"application\/ld+json\" class=\"yoast-schema-graph\">{\"@context\":\"https:\\\/\\\/schema.org\",\"@graph\":[{\"@type\":\"Article\",\"@id\":\"https:\\\/\\\/www.eldiario.net\\\/portal\\\/2023\\\/07\\\/30\\\/peliculas-de-terror-que-te-van-a-impedir-dormir-a-la-noche\\\/#article\",\"isPartOf\":{\"@id\":\"https:\\\/\\\/www.eldiario.net\\\/portal\\\/2023\\\/07\\\/30\\\/peliculas-de-terror-que-te-van-a-impedir-dormir-a-la-noche\\\/\"},\"author\":{\"name\":\"Jeanette\",\"@id\":\"https:\\\/\\\/www.eldiario.net\\\/portal\\\/#\\\/schema\\\/person\\\/f46445640444750d7d753ccd04ae01b7\"},\"headline\":\"Pel\u00edculas de terror que te van a impedir dormir a la noche\",\"datePublished\":\"2023-07-30T05:15:20+00:00\",\"mainEntityOfPage\":{\"@id\":\"https:\\\/\\\/www.eldiario.net\\\/portal\\\/2023\\\/07\\\/30\\\/peliculas-de-terror-que-te-van-a-impedir-dormir-a-la-noche\\\/\"},\"wordCount\":376,\"publisher\":{\"@id\":\"https:\\\/\\\/www.eldiario.net\\\/portal\\\/#organization\"},\"image\":{\"@id\":\"https:\\\/\\\/www.eldiario.net\\\/portal\\\/2023\\\/07\\\/30\\\/peliculas-de-terror-que-te-van-a-impedir-dormir-a-la-noche\\\/#primaryimage\"},\"thumbnailUrl\":\"https:\\\/\\\/www.eldiario.net\\\/portal\\\/wp-content\\\/uploads\\\/2023\\\/07\\\/Peliculas-de-terror-que-te-van-a-impedir-dormir-a-la-noche.jpg\",\"articleSection\":[\"Cine Mundo\"],\"inLanguage\":\"es\"},{\"@type\":\"WebPage\",\"@id\":\"https:\\\/\\\/www.eldiario.net\\\/portal\\\/2023\\\/07\\\/30\\\/peliculas-de-terror-que-te-van-a-impedir-dormir-a-la-noche\\\/\",\"url\":\"https:\\\/\\\/www.eldiario.net\\\/portal\\\/2023\\\/07\\\/30\\\/peliculas-de-terror-que-te-van-a-impedir-dormir-a-la-noche\\\/\",\"name\":\"Pel\u00edculas de terror que te van a impedir dormir a la noche - El Diario - Bolivia\",\"isPartOf\":{\"@id\":\"https:\\\/\\\/www.eldiario.net\\\/portal\\\/#website\"},\"primaryImageOfPage\":{\"@id\":\"https:\\\/\\\/www.eldiario.net\\\/portal\\\/2023\\\/07\\\/30\\\/peliculas-de-terror-que-te-van-a-impedir-dormir-a-la-noche\\\/#primaryimage\"},\"image\":{\"@id\":\"https:\\\/\\\/www.eldiario.net\\\/portal\\\/2023\\\/07\\\/30\\\/peliculas-de-terror-que-te-van-a-impedir-dormir-a-la-noche\\\/#primaryimage\"},\"thumbnailUrl\":\"https:\\\/\\\/www.eldiario.net\\\/portal\\\/wp-content\\\/uploads\\\/2023\\\/07\\\/Peliculas-de-terror-que-te-van-a-impedir-dormir-a-la-noche.jpg\",\"datePublished\":\"2023-07-30T05:15:20+00:00\",\"breadcrumb\":{\"@id\":\"https:\\\/\\\/www.eldiario.net\\\/portal\\\/2023\\\/07\\\/30\\\/peliculas-de-terror-que-te-van-a-impedir-dormir-a-la-noche\\\/#breadcrumb\"},\"inLanguage\":\"es\",\"potentialAction\":[{\"@type\":\"ReadAction\",\"target\":[\"https:\\\/\\\/www.eldiario.net\\\/portal\\\/2023\\\/07\\\/30\\\/peliculas-de-terror-que-te-van-a-impedir-dormir-a-la-noche\\\/\"]}]},{\"@type\":\"ImageObject\",\"inLanguage\":\"es\",\"@id\":\"https:\\\/\\\/www.eldiario.net\\\/portal\\\/2023\\\/07\\\/30\\\/peliculas-de-terror-que-te-van-a-impedir-dormir-a-la-noche\\\/#primaryimage\",\"url\":\"https:\\\/\\\/www.eldiario.net\\\/portal\\\/wp-content\\\/uploads\\\/2023\\\/07\\\/Peliculas-de-terror-que-te-van-a-impedir-dormir-a-la-noche.jpg\",\"contentUrl\":\"https:\\\/\\\/www.eldiario.net\\\/portal\\\/wp-content\\\/uploads\\\/2023\\\/07\\\/Peliculas-de-terror-que-te-van-a-impedir-dormir-a-la-noche.jpg\",\"width\":1667,\"height\":1250},{\"@type\":\"BreadcrumbList\",\"@id\":\"https:\\\/\\\/www.eldiario.net\\\/portal\\\/2023\\\/07\\\/30\\\/peliculas-de-terror-que-te-van-a-impedir-dormir-a-la-noche\\\/#breadcrumb\",\"itemListElement\":[{\"@type\":\"ListItem\",\"position\":1,\"name\":\"Portada\",\"item\":\"https:\\\/\\\/www.eldiario.net\\\/portal\\\/\"},{\"@type\":\"ListItem\",\"position\":2,\"name\":\"Pel\u00edculas de terror que te van a impedir dormir a la noche\"}]},{\"@type\":\"WebSite\",\"@id\":\"https:\\\/\\\/www.eldiario.net\\\/portal\\\/#website\",\"url\":\"https:\\\/\\\/www.eldiario.net\\\/portal\\\/\",\"name\":\"El Diario - Decano de la prensa nacional\",\"description\":\"El Diario - Decano de la prensa nacional\",\"publisher\":{\"@id\":\"https:\\\/\\\/www.eldiario.net\\\/portal\\\/#organization\"},\"potentialAction\":[{\"@type\":\"SearchAction\",\"target\":{\"@type\":\"EntryPoint\",\"urlTemplate\":\"https:\\\/\\\/www.eldiario.net\\\/portal\\\/?s={search_term_string}\"},\"query-input\":{\"@type\":\"PropertyValueSpecification\",\"valueRequired\":true,\"valueName\":\"search_term_string\"}}],\"inLanguage\":\"es\"},{\"@type\":\"Organization\",\"@id\":\"https:\\\/\\\/www.eldiario.net\\\/portal\\\/#organization\",\"name\":\"El Diario - Decano de la prensa nacional\",\"url\":\"https:\\\/\\\/www.eldiario.net\\\/portal\\\/\",\"logo\":{\"@type\":\"ImageObject\",\"inLanguage\":\"es\",\"@id\":\"https:\\\/\\\/www.eldiario.net\\\/portal\\\/#\\\/schema\\\/logo\\\/image\\\/\",\"url\":\"https:\\\/\\\/www.eldiario.net\\\/portal\\\/wp-content\\\/uploads\\\/2023\\\/07\\\/logo_ED.jpg\",\"contentUrl\":\"https:\\\/\\\/www.eldiario.net\\\/portal\\\/wp-content\\\/uploads\\\/2023\\\/07\\\/logo_ED.jpg\",\"width\":272,\"height\":52,\"caption\":\"El Diario - Decano de la prensa nacional\"},\"image\":{\"@id\":\"https:\\\/\\\/www.eldiario.net\\\/portal\\\/#\\\/schema\\\/logo\\\/image\\\/\"},\"sameAs\":[\"https:\\\/\\\/www.facebook.com\\\/eldiario.bolivia\\\/\",\"https:\\\/\\\/x.com\\\/eldiario_net\"]},{\"@type\":\"Person\",\"@id\":\"https:\\\/\\\/www.eldiario.net\\\/portal\\\/#\\\/schema\\\/person\\\/f46445640444750d7d753ccd04ae01b7\",\"name\":\"Jeanette\",\"image\":{\"@type\":\"ImageObject\",\"inLanguage\":\"es\",\"@id\":\"https:\\\/\\\/secure.gravatar.com\\\/avatar\\\/3ea2118a5f7dad2b7138b1187a6b7ee55f160b9968b66013c3a3ef39dd7e5798?s=96&d=mm&r=g\",\"url\":\"https:\\\/\\\/secure.gravatar.com\\\/avatar\\\/3ea2118a5f7dad2b7138b1187a6b7ee55f160b9968b66013c3a3ef39dd7e5798?s=96&d=mm&r=g\",\"contentUrl\":\"https:\\\/\\\/secure.gravatar.com\\\/avatar\\\/3ea2118a5f7dad2b7138b1187a6b7ee55f160b9968b66013c3a3ef39dd7e5798?s=96&d=mm&r=g\",\"caption\":\"Jeanette\"},\"sameAs\":[\"https:\\\/\\\/www.eldiario.net\\\/portal\"],\"url\":\"https:\\\/\\\/www.eldiario.net\\\/portal\\\/author\\\/jeanette\\\/\"}]}<\/script>\n<!-- \/ Yoast SEO plugin. -->","yoast_head_json":{"title":"Pel\u00edculas de terror que te van a impedir dormir a la noche - El Diario - Bolivia","robots":{"index":"index","follow":"follow","max-snippet":"max-snippet:-1","max-image-preview":"max-image-preview:large","max-video-preview":"max-video-preview:-1"},"canonical":"https:\/\/www.eldiario.net\/portal\/2023\/07\/30\/peliculas-de-terror-que-te-van-a-impedir-dormir-a-la-noche\/","og_locale":"es_ES","og_type":"article","og_title":"Pel\u00edculas de terror que te van a impedir dormir a la noche - El Diario - Bolivia","og_description":"\u00bfEres esa persona que disfruta estar nervioso durante dos horas mirando una pel\u00edcula? \u00a1Esta nota es para ti! Si te encantan esas historias que te ponen los pelos de punta, hoy hacemos un repaso de las \u00faltimas cintas m\u00e1s terror\u00edficas de Diamond. Spoiler Alert: no vas a poder descansar durante la noche: La hu\u00e9rfana, el [&hellip;]","og_url":"https:\/\/www.eldiario.net\/portal\/2023\/07\/30\/peliculas-de-terror-que-te-van-a-impedir-dormir-a-la-noche\/","og_site_name":"El Diario - Bolivia","article_publisher":"https:\/\/www.facebook.com\/eldiario.bolivia\/","article_published_time":"2023-07-30T05:15:20+00:00","og_image":[{"width":1667,"height":1250,"url":"https:\/\/www.eldiario.net\/portal\/wp-content\/uploads\/2023\/07\/Peliculas-de-terror-que-te-van-a-impedir-dormir-a-la-noche.jpg","type":"image\/jpeg"}],"author":"Jeanette","twitter_card":"summary_large_image","twitter_creator":"@eldiario_net","twitter_site":"@eldiario_net","twitter_misc":{"Escrito por":"Jeanette"},"schema":{"@context":"https:\/\/schema.org","@graph":[{"@type":"Article","@id":"https:\/\/www.eldiario.net\/portal\/2023\/07\/30\/peliculas-de-terror-que-te-van-a-impedir-dormir-a-la-noche\/#article","isPartOf":{"@id":"https:\/\/www.eldiario.net\/portal\/2023\/07\/30\/peliculas-de-terror-que-te-van-a-impedir-dormir-a-la-noche\/"},"author":{"name":"Jeanette","@id":"https:\/\/www.eldiario.net\/portal\/#\/schema\/person\/f46445640444750d7d753ccd04ae01b7"},"headline":"Pel\u00edculas de terror que te van a impedir dormir a la noche","datePublished":"2023-07-30T05:15:20+00:00","mainEntityOfPage":{"@id":"https:\/\/www.eldiario.net\/portal\/2023\/07\/30\/peliculas-de-terror-que-te-van-a-impedir-dormir-a-la-noche\/"},"wordCount":376,"publisher":{"@id":"https:\/\/www.eldiario.net\/portal\/#organization"},"image":{"@id":"https:\/\/www.eldiario.net\/portal\/2023\/07\/30\/peliculas-de-terror-que-te-van-a-impedir-dormir-a-la-noche\/#primaryimage"},"thumbnailUrl":"https:\/\/www.eldiario.net\/portal\/wp-content\/uploads\/2023\/07\/Peliculas-de-terror-que-te-van-a-impedir-dormir-a-la-noche.jpg","articleSection":["Cine Mundo"],"inLanguage":"es"},{"@type":"WebPage","@id":"https:\/\/www.eldiario.net\/portal\/2023\/07\/30\/peliculas-de-terror-que-te-van-a-impedir-dormir-a-la-noche\/","url":"https:\/\/www.eldiario.net\/portal\/2023\/07\/30\/peliculas-de-terror-que-te-van-a-impedir-dormir-a-la-noche\/","name":"Pel\u00edculas de terror que te van a impedir dormir a la noche - El Diario - Bolivia","isPartOf":{"@id":"https:\/\/www.eldiario.net\/portal\/#website"},"primaryImageOfPage":{"@id":"https:\/\/www.eldiario.net\/portal\/2023\/07\/30\/peliculas-de-terror-que-te-van-a-impedir-dormir-a-la-noche\/#primaryimage"},"image":{"@id":"https:\/\/www.eldiario.net\/portal\/2023\/07\/30\/peliculas-de-terror-que-te-van-a-impedir-dormir-a-la-noche\/#primaryimage"},"thumbnailUrl":"https:\/\/www.eldiario.net\/portal\/wp-content\/uploads\/2023\/07\/Peliculas-de-terror-que-te-van-a-impedir-dormir-a-la-noche.jpg","datePublished":"2023-07-30T05:15:20+00:00","breadcrumb":{"@id":"https:\/\/www.eldiario.net\/portal\/2023\/07\/30\/peliculas-de-terror-que-te-van-a-impedir-dormir-a-la-noche\/#breadcrumb"},"inLanguage":"es","potentialAction":[{"@type":"ReadAction","target":["https:\/\/www.eldiario.net\/portal\/2023\/07\/30\/peliculas-de-terror-que-te-van-a-impedir-dormir-a-la-noche\/"]}]},{"@type":"ImageObject","inLanguage":"es","@id":"https:\/\/www.eldiario.net\/portal\/2023\/07\/30\/peliculas-de-terror-que-te-van-a-impedir-dormir-a-la-noche\/#primaryimage","url":"https:\/\/www.eldiario.net\/portal\/wp-content\/uploads\/2023\/07\/Peliculas-de-terror-que-te-van-a-impedir-dormir-a-la-noche.jpg","contentUrl":"https:\/\/www.eldiario.net\/portal\/wp-content\/uploads\/2023\/07\/Peliculas-de-terror-que-te-van-a-impedir-dormir-a-la-noche.jpg","width":1667,"height":1250},{"@type":"BreadcrumbList","@id":"https:\/\/www.eldiario.net\/portal\/2023\/07\/30\/peliculas-de-terror-que-te-van-a-impedir-dormir-a-la-noche\/#breadcrumb","itemListElement":[{"@type":"ListItem","position":1,"name":"Portada","item":"https:\/\/www.eldiario.net\/portal\/"},{"@type":"ListItem","position":2,"name":"Pel\u00edculas de terror que te van a impedir dormir a la noche"}]},{"@type":"WebSite","@id":"https:\/\/www.eldiario.net\/portal\/#website","url":"https:\/\/www.eldiario.net\/portal\/","name":"El Diario - Decano de la prensa nacional","description":"El Diario - Decano de la prensa nacional","publisher":{"@id":"https:\/\/www.eldiario.net\/portal\/#organization"},"potentialAction":[{"@type":"SearchAction","target":{"@type":"EntryPoint","urlTemplate":"https:\/\/www.eldiario.net\/portal\/?s={search_term_string}"},"query-input":{"@type":"PropertyValueSpecification","valueRequired":true,"valueName":"search_term_string"}}],"inLanguage":"es"},{"@type":"Organization","@id":"https:\/\/www.eldiario.net\/portal\/#organization","name":"El Diario - Decano de la prensa nacional","url":"https:\/\/www.eldiario.net\/portal\/","logo":{"@type":"ImageObject","inLanguage":"es","@id":"https:\/\/www.eldiario.net\/portal\/#\/schema\/logo\/image\/","url":"https:\/\/www.eldiario.net\/portal\/wp-content\/uploads\/2023\/07\/logo_ED.jpg","contentUrl":"https:\/\/www.eldiario.net\/portal\/wp-content\/uploads\/2023\/07\/logo_ED.jpg","width":272,"height":52,"caption":"El Diario - Decano de la prensa nacional"},"image":{"@id":"https:\/\/www.eldiario.net\/portal\/#\/schema\/logo\/image\/"},"sameAs":["https:\/\/www.facebook.com\/eldiario.bolivia\/","https:\/\/x.com\/eldiario_net"]},{"@type":"Person","@id":"https:\/\/www.eldiario.net\/portal\/#\/schema\/person\/f46445640444750d7d753ccd04ae01b7","name":"Jeanette","image":{"@type":"ImageObject","inLanguage":"es","@id":"https:\/\/secure.gravatar.com\/avatar\/3ea2118a5f7dad2b7138b1187a6b7ee55f160b9968b66013c3a3ef39dd7e5798?s=96&d=mm&r=g","url":"https:\/\/secure.gravatar.com\/avatar\/3ea2118a5f7dad2b7138b1187a6b7ee55f160b9968b66013c3a3ef39dd7e5798?s=96&d=mm&r=g","contentUrl":"https:\/\/secure.gravatar.com\/avatar\/3ea2118a5f7dad2b7138b1187a6b7ee55f160b9968b66013c3a3ef39dd7e5798?s=96&d=mm&r=g","caption":"Jeanette"},"sameAs":["https:\/\/www.eldiario.net\/portal"],"url":"https:\/\/www.eldiario.net\/portal\/author\/jeanette\/"}]}},"_links":{"self":[{"href":"https:\/\/www.eldiario.net\/portal\/wp-json\/wp\/v2\/posts\/168270","targetHints":{"allow":["GET"]}}],"collection":[{"href":"https:\/\/www.eldiario.net\/portal\/wp-json\/wp\/v2\/posts"}],"about":[{"href":"https:\/\/www.eldiario.net\/portal\/wp-json\/wp\/v2\/types\/post"}],"author":[{"embeddable":true,"href":"https:\/\/www.eldiario.net\/portal\/wp-json\/wp\/v2\/users\/1"}],"replies":[{"embeddable":true,"href":"https:\/\/www.eldiario.net\/portal\/wp-json\/wp\/v2\/comments?post=168270"}],"version-history":[{"count":0,"href":"https:\/\/www.eldiario.net\/portal\/wp-json\/wp\/v2\/posts\/168270\/revisions"}],"wp:featuredmedia":[{"embeddable":true,"href":"https:\/\/www.eldiario.net\/portal\/wp-json\/wp\/v2\/media\/168271"}],"wp:attachment":[{"href":"https:\/\/www.eldiario.net\/portal\/wp-json\/wp\/v2\/media?parent=168270"}],"wp:term":[{"taxonomy":"category","embeddable":true,"href":"https:\/\/www.eldiario.net\/portal\/wp-json\/wp\/v2\/categories?post=168270"},{"taxonomy":"post_tag","embeddable":true,"href":"https:\/\/www.eldiario.net\/portal\/wp-json\/wp\/v2\/tags?post=168270"}],"curies":[{"name":"wp","href":"https:\/\/api.w.org\/{rel}","templated":true}]}}