{"id":168262,"date":"2023-07-29T01:15:05","date_gmt":"2023-07-29T05:15:05","guid":{"rendered":"https:\/\/www.eldiario.net\/portal\/?p=168262"},"modified":"2023-07-29T01:15:05","modified_gmt":"2023-07-29T05:15:05","slug":"mas-de-350-actividades-en-la-feria-del-libro-de-la-paz","status":"publish","type":"post","link":"https:\/\/www.eldiario.net\/portal\/2023\/07\/29\/mas-de-350-actividades-en-la-feria-del-libro-de-la-paz\/","title":{"rendered":"M\u00e1s de 350 actividades en  la Feria del Libro de La Paz"},"content":{"rendered":"<p>La Feria Internacional del Libro de La Paz (FILLP) alista su vigesimos\u00e9ptima versi\u00f3n del 2 al 13 de agosto. El encuentro literario m\u00e1s importante del pa\u00eds tendr\u00e1 lugar en el Campo Ferial Chuquiago Marka (Bajo Seg\u00fcencoma) y este a\u00f1o contar\u00e1 con un programa cultural que incluye m\u00e1s de 350 actividades.<\/p>\n<p>A las 100 presentaciones de libros se sumar\u00e1n conversatorios, coloquios, charlas, talleres, conferencias, encuentros con autores, lecturas de poes\u00eda, encuentros de clubes de lectura, exposiciones fotogr\u00e1ficas, proyecci\u00f3n de cortometrajes, torneos de ajedrez y una interpretaci\u00f3n gastron\u00f3mica con libros bolivianos.<\/p>\n<p>Tambi\u00e9n ser\u00e1n parte del programa presentaciones art\u00edsticas de danza, performances, cosplay y conciertos; adem\u00e1s de actividades para ni\u00f1os, como teatro y cuentacuentos.<\/p>\n<p>Los expositores en la FILLP ser\u00e1n 130, junto a 42 autores independientes de La Paz, Oruro, Cochabamba, Santa Cruz y Tarija.<\/p>\n<p>Esta gesti\u00f3n tendr\u00e1 como pa\u00eds invitado a Reino Unido, mientras que la instituci\u00f3n invitada ser\u00e1 la Alianza Francesa.<\/p>\n<p>La FILLP contar\u00e1 con la presencia de 18 autores y personalidades del \u00e1mbito literario, art\u00edstico y cultural de Bolivia e internacionales. Adem\u00e1s, ser\u00e1 el escenario del Encuentro de Poes\u00eda Latinoamericana con la presencia de 29 participantes.<\/p>\n<p>La novela gr\u00e1fica (comic) tendr\u00e1 un lugar importante en la FILLP y permitir\u00e1 el encuentro de artistas bolivianos con ilustradores espa\u00f1oles, franceses y suizos, entre otros.<\/p>\n<p>Las salas de la FILLP llevar\u00e1n los nombres de cuatro figuras destacadas que fallecieron este a\u00f1o, y en cada una de \u00e9stas se realizar\u00e1n homenajes por su trabajo y aporte a la cultura, las artes y la literatura boliviana. Los espacios son: Xavier Alb\u00f3 (1934-2023), sacerdote jesuita, ling\u00fcista, investigador, fil\u00f3sofo, te\u00f3logo, ge\u00f3grafo y antrop\u00f3logo; Adolfo C\u00e1rdenas (1950-2023), escritor y dibujante, autor de la reconocida novela \u2018Perif\u00e9rica Blvd\u2019; \u00c1lvaro Urdininea \u201cUrtika\u201d (1978-2023), guionista y cocreador de una de las historietas m\u00e1s conocidas de La Paz: \u2018El Lustra\u2019; y Peter Lewy (1943-2023), librero, editor y gestor cultural que dedic\u00f3 su vida a la promoci\u00f3n del libro.<\/p>\n<p>La FILLP tendr\u00e1 cuatro ejes: (1) Magia y fantas\u00eda, que estar\u00e1 presente a trav\u00e9s de los invitados y los libros dedicados a la literatura fant\u00e1stica; (2) Ecolog\u00eda y medioambiente, por los cambios y afectaciones al libro y su futuro; (3) los 25 a\u00f1os de la Agencia ISBN Bolivia (que regenta la C\u00e1mara Departamental del Libro de La Paz); y los 10 a\u00f1os de la Ley del Libro y la Lectura &#8216;\u00d3scar Alfaro&#8217; (promulgada en abril de 2013).<\/p>\n<p>\u201cEl objetivo permanente es llegar a los ni\u00f1os y j\u00f3venes. Que se acerquen al libro, que lean m\u00e1s en cualquier formato, sea f\u00edsico o digital, pero que los ni\u00f1os y j\u00f3venes vean que el libro no es un mero objeto, es una fuente que te da informaci\u00f3n y una formaci\u00f3n como persona y como profesional. El libro es un objeto con un valor agregado muy importante, que es la cultura misma\u201d, resalt\u00f3 el presidente de la C\u00e1mara Departamental del Libro de La Paz, David P\u00e9rez (CDLLP), sobre el prop\u00f3sito de la FILLP.<\/p>\n<p>Al igual que las anteriores versiones, el precio de la entrada a la Fil se mantendr\u00e1 en Bs 15. Asimismo, los menores de 12 y mayores de 65 a\u00f1os podr\u00e1n ingresar libremente.<\/p>\n<p>Los horarios son: lunes de 10.00 a 22.00; martes a jueves, de 14.30 a 22.00; viernes y s\u00e1bado, de 10.00 a 23.00; y domingo, de 10.00 a 22.00.<\/p>\n<p>La CDLLP es una instituci\u00f3n sin fines de lucro, con 78 a\u00f1os de trayectoria, que agrupa a todas las personas naturales y jur\u00eddicas involucradas con la p\u00e1gina impresa (editoriales, librer\u00edas, distribuidores, iniciativas de venta de libros a plazos y algunas ONG).<\/p>\n<p>Promueve y protege la edici\u00f3n y comercializaci\u00f3n legal de libros, revistas y todo tipo de producci\u00f3n bibliogr\u00e1fica en el departamento de La Paz, independientemente de su soporte. Tambi\u00e9n defiende los intereses gremiales de las personas dedicada a esta actividad.<\/p>\n<p>Asimismo, la CDLLP es la instituci\u00f3n encargada de mantener actualizados los registros de ISBN, un c\u00f3digo internacional que recopila la informaci\u00f3n del libro publicado, una especie de carnet de identidad para nuestros libros.<\/p>\n<p>Como pol\u00edtica institucional, la CDLLP organiza cada a\u00f1o la Feria Internacional del Libro de La Paz, evento de gran relevancia en el quehacer cultural pace\u00f1o, y brinda apoyo a diferentes clubes de lectura, tanto en nuestra ciudad como en el resto de Bolivia.<\/p>\n<div id='gallery-1' class='gallery galleryid-168262 gallery-columns-3 gallery-size-medium'><figure class='gallery-item'>\n\t\t\t<div class='gallery-icon landscape'>\n\t\t\t\t<a href='https:\/\/www.eldiario.net\/portal\/2023\/07\/29\/mas-de-350-actividades-en-la-feria-del-libro-de-la-paz\/libro-1principal\/'><img loading=\"lazy\" decoding=\"async\" width=\"300\" height=\"169\" src=\"https:\/\/www.eldiario.net\/portal\/wp-content\/uploads\/2023\/07\/libro-1PRINCIPAL-300x169.jpeg\" class=\"attachment-medium size-medium\" alt=\"\" srcset=\"https:\/\/www.eldiario.net\/portal\/wp-content\/uploads\/2023\/07\/libro-1PRINCIPAL-300x169.jpeg 300w, https:\/\/www.eldiario.net\/portal\/wp-content\/uploads\/2023\/07\/libro-1PRINCIPAL-1024x576.jpeg 1024w, https:\/\/www.eldiario.net\/portal\/wp-content\/uploads\/2023\/07\/libro-1PRINCIPAL-768x432.jpeg 768w, https:\/\/www.eldiario.net\/portal\/wp-content\/uploads\/2023\/07\/libro-1PRINCIPAL-1536x864.jpeg 1536w, https:\/\/www.eldiario.net\/portal\/wp-content\/uploads\/2023\/07\/libro-1PRINCIPAL-696x391.jpeg 696w, https:\/\/www.eldiario.net\/portal\/wp-content\/uploads\/2023\/07\/libro-1PRINCIPAL-1068x600.jpeg 1068w, https:\/\/www.eldiario.net\/portal\/wp-content\/uploads\/2023\/07\/libro-1PRINCIPAL.jpeg 1599w\" sizes=\"auto, (max-width: 300px) 100vw, 300px\" \/><\/a>\n\t\t\t<\/div><\/figure><figure class='gallery-item'>\n\t\t\t<div class='gallery-icon landscape'>\n\t\t\t\t<a href='https:\/\/www.eldiario.net\/portal\/2023\/07\/29\/mas-de-350-actividades-en-la-feria-del-libro-de-la-paz\/libro-2-3\/'><img loading=\"lazy\" decoding=\"async\" width=\"300\" height=\"225\" src=\"https:\/\/www.eldiario.net\/portal\/wp-content\/uploads\/2023\/07\/libro-2-300x225.jpeg\" class=\"attachment-medium size-medium\" alt=\"\" srcset=\"https:\/\/www.eldiario.net\/portal\/wp-content\/uploads\/2023\/07\/libro-2-300x225.jpeg 300w, https:\/\/www.eldiario.net\/portal\/wp-content\/uploads\/2023\/07\/libro-2-1024x768.jpeg 1024w, https:\/\/www.eldiario.net\/portal\/wp-content\/uploads\/2023\/07\/libro-2-768x576.jpeg 768w, https:\/\/www.eldiario.net\/portal\/wp-content\/uploads\/2023\/07\/libro-2-1536x1152.jpeg 1536w, https:\/\/www.eldiario.net\/portal\/wp-content\/uploads\/2023\/07\/libro-2-696x522.jpeg 696w, https:\/\/www.eldiario.net\/portal\/wp-content\/uploads\/2023\/07\/libro-2-1068x801.jpeg 1068w, https:\/\/www.eldiario.net\/portal\/wp-content\/uploads\/2023\/07\/libro-2.jpeg 1600w\" sizes=\"auto, (max-width: 300px) 100vw, 300px\" \/><\/a>\n\t\t\t<\/div><\/figure><figure class='gallery-item'>\n\t\t\t<div class='gallery-icon landscape'>\n\t\t\t\t<a href='https:\/\/www.eldiario.net\/portal\/2023\/07\/29\/mas-de-350-actividades-en-la-feria-del-libro-de-la-paz\/libro-3-3\/'><img loading=\"lazy\" decoding=\"async\" width=\"300\" height=\"200\" src=\"https:\/\/www.eldiario.net\/portal\/wp-content\/uploads\/2023\/07\/libro-3-300x200.jpeg\" class=\"attachment-medium size-medium\" alt=\"\" srcset=\"https:\/\/www.eldiario.net\/portal\/wp-content\/uploads\/2023\/07\/libro-3-300x200.jpeg 300w, https:\/\/www.eldiario.net\/portal\/wp-content\/uploads\/2023\/07\/libro-3-1024x682.jpeg 1024w, https:\/\/www.eldiario.net\/portal\/wp-content\/uploads\/2023\/07\/libro-3-768x512.jpeg 768w, https:\/\/www.eldiario.net\/portal\/wp-content\/uploads\/2023\/07\/libro-3-1536x1023.jpeg 1536w, https:\/\/www.eldiario.net\/portal\/wp-content\/uploads\/2023\/07\/libro-3-696x464.jpeg 696w, https:\/\/www.eldiario.net\/portal\/wp-content\/uploads\/2023\/07\/libro-3-1068x712.jpeg 1068w, https:\/\/www.eldiario.net\/portal\/wp-content\/uploads\/2023\/07\/libro-3.jpeg 1600w\" sizes=\"auto, (max-width: 300px) 100vw, 300px\" \/><\/a>\n\t\t\t<\/div><\/figure><figure class='gallery-item'>\n\t\t\t<div class='gallery-icon portrait'>\n\t\t\t\t<a href='https:\/\/www.eldiario.net\/portal\/2023\/07\/29\/mas-de-350-actividades-en-la-feria-del-libro-de-la-paz\/libro-4-3\/'><img loading=\"lazy\" decoding=\"async\" width=\"240\" height=\"300\" src=\"https:\/\/www.eldiario.net\/portal\/wp-content\/uploads\/2023\/07\/libro-4-240x300.jpeg\" class=\"attachment-medium size-medium\" alt=\"\" srcset=\"https:\/\/www.eldiario.net\/portal\/wp-content\/uploads\/2023\/07\/libro-4-240x300.jpeg 240w, https:\/\/www.eldiario.net\/portal\/wp-content\/uploads\/2023\/07\/libro-4-819x1024.jpeg 819w, https:\/\/www.eldiario.net\/portal\/wp-content\/uploads\/2023\/07\/libro-4-768x960.jpeg 768w, https:\/\/www.eldiario.net\/portal\/wp-content\/uploads\/2023\/07\/libro-4-696x870.jpeg 696w, https:\/\/www.eldiario.net\/portal\/wp-content\/uploads\/2023\/07\/libro-4.jpeg 853w\" sizes=\"auto, (max-width: 240px) 100vw, 240px\" \/><\/a>\n\t\t\t<\/div><\/figure><figure class='gallery-item'>\n\t\t\t<div class='gallery-icon landscape'>\n\t\t\t\t<a href='https:\/\/www.eldiario.net\/portal\/2023\/07\/29\/mas-de-350-actividades-en-la-feria-del-libro-de-la-paz\/libro-5-3\/'><img loading=\"lazy\" decoding=\"async\" width=\"300\" height=\"225\" src=\"https:\/\/www.eldiario.net\/portal\/wp-content\/uploads\/2023\/07\/libro-5-300x225.jpeg\" class=\"attachment-medium size-medium\" alt=\"\" srcset=\"https:\/\/www.eldiario.net\/portal\/wp-content\/uploads\/2023\/07\/libro-5-300x225.jpeg 300w, https:\/\/www.eldiario.net\/portal\/wp-content\/uploads\/2023\/07\/libro-5-1024x768.jpeg 1024w, https:\/\/www.eldiario.net\/portal\/wp-content\/uploads\/2023\/07\/libro-5-768x576.jpeg 768w, https:\/\/www.eldiario.net\/portal\/wp-content\/uploads\/2023\/07\/libro-5-1536x1152.jpeg 1536w, https:\/\/www.eldiario.net\/portal\/wp-content\/uploads\/2023\/07\/libro-5-696x522.jpeg 696w, https:\/\/www.eldiario.net\/portal\/wp-content\/uploads\/2023\/07\/libro-5-1068x801.jpeg 1068w, https:\/\/www.eldiario.net\/portal\/wp-content\/uploads\/2023\/07\/libro-5.jpeg 1600w\" sizes=\"auto, (max-width: 300px) 100vw, 300px\" \/><\/a>\n\t\t\t<\/div><\/figure><figure class='gallery-item'>\n\t\t\t<div class='gallery-icon landscape'>\n\t\t\t\t<a href='https:\/\/www.eldiario.net\/portal\/2023\/07\/29\/mas-de-350-actividades-en-la-feria-del-libro-de-la-paz\/libro-6-2\/'><img loading=\"lazy\" decoding=\"async\" width=\"300\" height=\"200\" src=\"https:\/\/www.eldiario.net\/portal\/wp-content\/uploads\/2023\/07\/libro-6-300x200.jpeg\" class=\"attachment-medium size-medium\" alt=\"\" srcset=\"https:\/\/www.eldiario.net\/portal\/wp-content\/uploads\/2023\/07\/libro-6-300x200.jpeg 300w, https:\/\/www.eldiario.net\/portal\/wp-content\/uploads\/2023\/07\/libro-6-1024x682.jpeg 1024w, https:\/\/www.eldiario.net\/portal\/wp-content\/uploads\/2023\/07\/libro-6-768x512.jpeg 768w, https:\/\/www.eldiario.net\/portal\/wp-content\/uploads\/2023\/07\/libro-6-1536x1023.jpeg 1536w, https:\/\/www.eldiario.net\/portal\/wp-content\/uploads\/2023\/07\/libro-6-696x464.jpeg 696w, https:\/\/www.eldiario.net\/portal\/wp-content\/uploads\/2023\/07\/libro-6-1068x712.jpeg 1068w, https:\/\/www.eldiario.net\/portal\/wp-content\/uploads\/2023\/07\/libro-6.jpeg 1600w\" sizes=\"auto, (max-width: 300px) 100vw, 300px\" \/><\/a>\n\t\t\t<\/div><\/figure>\n\t\t<\/div>\n\n","protected":false},"excerpt":{"rendered":"<p>La Feria Internacional del Libro de La Paz (FILLP) alista su vigesimos\u00e9ptima versi\u00f3n del 2 al 13 de agosto. El encuentro literario m\u00e1s importante del pa\u00eds tendr\u00e1 lugar en el Campo Ferial Chuquiago Marka (Bajo Seg\u00fcencoma) y este a\u00f1o contar\u00e1 con un programa cultural que incluye m\u00e1s de 350 actividades. A las 100 presentaciones de [&hellip;]<\/p>\n","protected":false},"author":1,"featured_media":168263,"comment_status":"closed","ping_status":"open","sticky":false,"template":"","format":"standard","meta":{"_acf_changed":false,"footnotes":""},"categories":[41],"tags":[],"class_list":["post-168262","post","type-post","status-publish","format-standard","has-post-thumbnail","category-la-guia"],"acf":{"antetitulo":""},"yoast_head":"<!-- This site is optimized with the Yoast SEO plugin v28.4 - https:\/\/yoast.com\/product\/yoast-seo-wordpress\/ -->\n<title>M\u00e1s de 350 actividades en la Feria del Libro de La Paz - El Diario - Bolivia<\/title>\n<meta name=\"robots\" content=\"index, follow, max-snippet:-1, max-image-preview:large, max-video-preview:-1\" \/>\n<link rel=\"canonical\" href=\"https:\/\/www.eldiario.net\/portal\/2023\/07\/29\/mas-de-350-actividades-en-la-feria-del-libro-de-la-paz\/\" \/>\n<meta property=\"og:locale\" content=\"es_ES\" \/>\n<meta property=\"og:type\" content=\"article\" \/>\n<meta property=\"og:title\" content=\"M\u00e1s de 350 actividades en la Feria del Libro de La Paz - El Diario - Bolivia\" \/>\n<meta property=\"og:description\" content=\"La Feria Internacional del Libro de La Paz (FILLP) alista su vigesimos\u00e9ptima versi\u00f3n del 2 al 13 de agosto. El encuentro literario m\u00e1s importante del pa\u00eds tendr\u00e1 lugar en el Campo Ferial Chuquiago Marka (Bajo Seg\u00fcencoma) y este a\u00f1o contar\u00e1 con un programa cultural que incluye m\u00e1s de 350 actividades. A las 100 presentaciones de [&hellip;]\" \/>\n<meta property=\"og:url\" content=\"https:\/\/www.eldiario.net\/portal\/2023\/07\/29\/mas-de-350-actividades-en-la-feria-del-libro-de-la-paz\/\" \/>\n<meta property=\"og:site_name\" content=\"El Diario - Bolivia\" \/>\n<meta property=\"article:publisher\" content=\"https:\/\/www.facebook.com\/eldiario.bolivia\/\" \/>\n<meta property=\"article:published_time\" content=\"2023-07-29T05:15:05+00:00\" \/>\n<meta property=\"og:image\" content=\"https:\/\/www.eldiario.net\/portal\/wp-content\/uploads\/2023\/07\/libro-1PRINCIPAL.jpeg\" \/>\n\t<meta property=\"og:image:width\" content=\"1599\" \/>\n\t<meta property=\"og:image:height\" content=\"899\" \/>\n\t<meta property=\"og:image:type\" content=\"image\/jpeg\" \/>\n<meta name=\"author\" content=\"Jeanette\" \/>\n<meta name=\"twitter:card\" content=\"summary_large_image\" \/>\n<meta name=\"twitter:creator\" content=\"@eldiario_net\" \/>\n<meta name=\"twitter:site\" content=\"@eldiario_net\" \/>\n<meta name=\"twitter:label1\" content=\"Escrito por\" \/>\n\t<meta name=\"twitter:data1\" content=\"Jeanette\" \/>\n\t<meta name=\"twitter:label2\" content=\"Tiempo de lectura\" \/>\n\t<meta name=\"twitter:data2\" content=\"4 minutos\" \/>\n<script type=\"application\/ld+json\" class=\"yoast-schema-graph\">{\"@context\":\"https:\\\/\\\/schema.org\",\"@graph\":[{\"@type\":\"Article\",\"@id\":\"https:\\\/\\\/www.eldiario.net\\\/portal\\\/2023\\\/07\\\/29\\\/mas-de-350-actividades-en-la-feria-del-libro-de-la-paz\\\/#article\",\"isPartOf\":{\"@id\":\"https:\\\/\\\/www.eldiario.net\\\/portal\\\/2023\\\/07\\\/29\\\/mas-de-350-actividades-en-la-feria-del-libro-de-la-paz\\\/\"},\"author\":{\"name\":\"Jeanette\",\"@id\":\"https:\\\/\\\/www.eldiario.net\\\/portal\\\/#\\\/schema\\\/person\\\/f46445640444750d7d753ccd04ae01b7\"},\"headline\":\"M\u00e1s de 350 actividades en la Feria del Libro de La Paz\",\"datePublished\":\"2023-07-29T05:15:05+00:00\",\"mainEntityOfPage\":{\"@id\":\"https:\\\/\\\/www.eldiario.net\\\/portal\\\/2023\\\/07\\\/29\\\/mas-de-350-actividades-en-la-feria-del-libro-de-la-paz\\\/\"},\"wordCount\":767,\"publisher\":{\"@id\":\"https:\\\/\\\/www.eldiario.net\\\/portal\\\/#organization\"},\"image\":{\"@id\":\"https:\\\/\\\/www.eldiario.net\\\/portal\\\/2023\\\/07\\\/29\\\/mas-de-350-actividades-en-la-feria-del-libro-de-la-paz\\\/#primaryimage\"},\"thumbnailUrl\":\"https:\\\/\\\/www.eldiario.net\\\/portal\\\/wp-content\\\/uploads\\\/2023\\\/07\\\/libro-1PRINCIPAL.jpeg\",\"articleSection\":[\"La Gu\u00eda\"],\"inLanguage\":\"es\"},{\"@type\":\"WebPage\",\"@id\":\"https:\\\/\\\/www.eldiario.net\\\/portal\\\/2023\\\/07\\\/29\\\/mas-de-350-actividades-en-la-feria-del-libro-de-la-paz\\\/\",\"url\":\"https:\\\/\\\/www.eldiario.net\\\/portal\\\/2023\\\/07\\\/29\\\/mas-de-350-actividades-en-la-feria-del-libro-de-la-paz\\\/\",\"name\":\"M\u00e1s de 350 actividades en la Feria del Libro de La Paz - El Diario - Bolivia\",\"isPartOf\":{\"@id\":\"https:\\\/\\\/www.eldiario.net\\\/portal\\\/#website\"},\"primaryImageOfPage\":{\"@id\":\"https:\\\/\\\/www.eldiario.net\\\/portal\\\/2023\\\/07\\\/29\\\/mas-de-350-actividades-en-la-feria-del-libro-de-la-paz\\\/#primaryimage\"},\"image\":{\"@id\":\"https:\\\/\\\/www.eldiario.net\\\/portal\\\/2023\\\/07\\\/29\\\/mas-de-350-actividades-en-la-feria-del-libro-de-la-paz\\\/#primaryimage\"},\"thumbnailUrl\":\"https:\\\/\\\/www.eldiario.net\\\/portal\\\/wp-content\\\/uploads\\\/2023\\\/07\\\/libro-1PRINCIPAL.jpeg\",\"datePublished\":\"2023-07-29T05:15:05+00:00\",\"breadcrumb\":{\"@id\":\"https:\\\/\\\/www.eldiario.net\\\/portal\\\/2023\\\/07\\\/29\\\/mas-de-350-actividades-en-la-feria-del-libro-de-la-paz\\\/#breadcrumb\"},\"inLanguage\":\"es\",\"potentialAction\":[{\"@type\":\"ReadAction\",\"target\":[\"https:\\\/\\\/www.eldiario.net\\\/portal\\\/2023\\\/07\\\/29\\\/mas-de-350-actividades-en-la-feria-del-libro-de-la-paz\\\/\"]}]},{\"@type\":\"ImageObject\",\"inLanguage\":\"es\",\"@id\":\"https:\\\/\\\/www.eldiario.net\\\/portal\\\/2023\\\/07\\\/29\\\/mas-de-350-actividades-en-la-feria-del-libro-de-la-paz\\\/#primaryimage\",\"url\":\"https:\\\/\\\/www.eldiario.net\\\/portal\\\/wp-content\\\/uploads\\\/2023\\\/07\\\/libro-1PRINCIPAL.jpeg\",\"contentUrl\":\"https:\\\/\\\/www.eldiario.net\\\/portal\\\/wp-content\\\/uploads\\\/2023\\\/07\\\/libro-1PRINCIPAL.jpeg\",\"width\":1599,\"height\":899},{\"@type\":\"BreadcrumbList\",\"@id\":\"https:\\\/\\\/www.eldiario.net\\\/portal\\\/2023\\\/07\\\/29\\\/mas-de-350-actividades-en-la-feria-del-libro-de-la-paz\\\/#breadcrumb\",\"itemListElement\":[{\"@type\":\"ListItem\",\"position\":1,\"name\":\"Portada\",\"item\":\"https:\\\/\\\/www.eldiario.net\\\/portal\\\/\"},{\"@type\":\"ListItem\",\"position\":2,\"name\":\"M\u00e1s de 350 actividades en la Feria del Libro de La Paz\"}]},{\"@type\":\"WebSite\",\"@id\":\"https:\\\/\\\/www.eldiario.net\\\/portal\\\/#website\",\"url\":\"https:\\\/\\\/www.eldiario.net\\\/portal\\\/\",\"name\":\"El Diario - Decano de la prensa nacional\",\"description\":\"El Diario - Decano de la prensa nacional\",\"publisher\":{\"@id\":\"https:\\\/\\\/www.eldiario.net\\\/portal\\\/#organization\"},\"potentialAction\":[{\"@type\":\"SearchAction\",\"target\":{\"@type\":\"EntryPoint\",\"urlTemplate\":\"https:\\\/\\\/www.eldiario.net\\\/portal\\\/?s={search_term_string}\"},\"query-input\":{\"@type\":\"PropertyValueSpecification\",\"valueRequired\":true,\"valueName\":\"search_term_string\"}}],\"inLanguage\":\"es\"},{\"@type\":\"Organization\",\"@id\":\"https:\\\/\\\/www.eldiario.net\\\/portal\\\/#organization\",\"name\":\"El Diario - Decano de la prensa nacional\",\"url\":\"https:\\\/\\\/www.eldiario.net\\\/portal\\\/\",\"logo\":{\"@type\":\"ImageObject\",\"inLanguage\":\"es\",\"@id\":\"https:\\\/\\\/www.eldiario.net\\\/portal\\\/#\\\/schema\\\/logo\\\/image\\\/\",\"url\":\"https:\\\/\\\/www.eldiario.net\\\/portal\\\/wp-content\\\/uploads\\\/2023\\\/07\\\/logo_ED.jpg\",\"contentUrl\":\"https:\\\/\\\/www.eldiario.net\\\/portal\\\/wp-content\\\/uploads\\\/2023\\\/07\\\/logo_ED.jpg\",\"width\":272,\"height\":52,\"caption\":\"El Diario - Decano de la prensa nacional\"},\"image\":{\"@id\":\"https:\\\/\\\/www.eldiario.net\\\/portal\\\/#\\\/schema\\\/logo\\\/image\\\/\"},\"sameAs\":[\"https:\\\/\\\/www.facebook.com\\\/eldiario.bolivia\\\/\",\"https:\\\/\\\/x.com\\\/eldiario_net\"]},{\"@type\":\"Person\",\"@id\":\"https:\\\/\\\/www.eldiario.net\\\/portal\\\/#\\\/schema\\\/person\\\/f46445640444750d7d753ccd04ae01b7\",\"name\":\"Jeanette\",\"image\":{\"@type\":\"ImageObject\",\"inLanguage\":\"es\",\"@id\":\"https:\\\/\\\/secure.gravatar.com\\\/avatar\\\/3ea2118a5f7dad2b7138b1187a6b7ee55f160b9968b66013c3a3ef39dd7e5798?s=96&d=mm&r=g\",\"url\":\"https:\\\/\\\/secure.gravatar.com\\\/avatar\\\/3ea2118a5f7dad2b7138b1187a6b7ee55f160b9968b66013c3a3ef39dd7e5798?s=96&d=mm&r=g\",\"contentUrl\":\"https:\\\/\\\/secure.gravatar.com\\\/avatar\\\/3ea2118a5f7dad2b7138b1187a6b7ee55f160b9968b66013c3a3ef39dd7e5798?s=96&d=mm&r=g\",\"caption\":\"Jeanette\"},\"sameAs\":[\"https:\\\/\\\/www.eldiario.net\\\/portal\"],\"url\":\"https:\\\/\\\/www.eldiario.net\\\/portal\\\/author\\\/jeanette\\\/\"}]}<\/script>\n<!-- \/ Yoast SEO plugin. -->","yoast_head_json":{"title":"M\u00e1s de 350 actividades en la Feria del Libro de La Paz - El Diario - Bolivia","robots":{"index":"index","follow":"follow","max-snippet":"max-snippet:-1","max-image-preview":"max-image-preview:large","max-video-preview":"max-video-preview:-1"},"canonical":"https:\/\/www.eldiario.net\/portal\/2023\/07\/29\/mas-de-350-actividades-en-la-feria-del-libro-de-la-paz\/","og_locale":"es_ES","og_type":"article","og_title":"M\u00e1s de 350 actividades en la Feria del Libro de La Paz - El Diario - Bolivia","og_description":"La Feria Internacional del Libro de La Paz (FILLP) alista su vigesimos\u00e9ptima versi\u00f3n del 2 al 13 de agosto. El encuentro literario m\u00e1s importante del pa\u00eds tendr\u00e1 lugar en el Campo Ferial Chuquiago Marka (Bajo Seg\u00fcencoma) y este a\u00f1o contar\u00e1 con un programa cultural que incluye m\u00e1s de 350 actividades. A las 100 presentaciones de [&hellip;]","og_url":"https:\/\/www.eldiario.net\/portal\/2023\/07\/29\/mas-de-350-actividades-en-la-feria-del-libro-de-la-paz\/","og_site_name":"El Diario - Bolivia","article_publisher":"https:\/\/www.facebook.com\/eldiario.bolivia\/","article_published_time":"2023-07-29T05:15:05+00:00","og_image":[{"width":1599,"height":899,"url":"https:\/\/www.eldiario.net\/portal\/wp-content\/uploads\/2023\/07\/libro-1PRINCIPAL.jpeg","type":"image\/jpeg"}],"author":"Jeanette","twitter_card":"summary_large_image","twitter_creator":"@eldiario_net","twitter_site":"@eldiario_net","twitter_misc":{"Escrito por":"Jeanette","Tiempo de lectura":"4 minutos"},"schema":{"@context":"https:\/\/schema.org","@graph":[{"@type":"Article","@id":"https:\/\/www.eldiario.net\/portal\/2023\/07\/29\/mas-de-350-actividades-en-la-feria-del-libro-de-la-paz\/#article","isPartOf":{"@id":"https:\/\/www.eldiario.net\/portal\/2023\/07\/29\/mas-de-350-actividades-en-la-feria-del-libro-de-la-paz\/"},"author":{"name":"Jeanette","@id":"https:\/\/www.eldiario.net\/portal\/#\/schema\/person\/f46445640444750d7d753ccd04ae01b7"},"headline":"M\u00e1s de 350 actividades en la Feria del Libro de La Paz","datePublished":"2023-07-29T05:15:05+00:00","mainEntityOfPage":{"@id":"https:\/\/www.eldiario.net\/portal\/2023\/07\/29\/mas-de-350-actividades-en-la-feria-del-libro-de-la-paz\/"},"wordCount":767,"publisher":{"@id":"https:\/\/www.eldiario.net\/portal\/#organization"},"image":{"@id":"https:\/\/www.eldiario.net\/portal\/2023\/07\/29\/mas-de-350-actividades-en-la-feria-del-libro-de-la-paz\/#primaryimage"},"thumbnailUrl":"https:\/\/www.eldiario.net\/portal\/wp-content\/uploads\/2023\/07\/libro-1PRINCIPAL.jpeg","articleSection":["La Gu\u00eda"],"inLanguage":"es"},{"@type":"WebPage","@id":"https:\/\/www.eldiario.net\/portal\/2023\/07\/29\/mas-de-350-actividades-en-la-feria-del-libro-de-la-paz\/","url":"https:\/\/www.eldiario.net\/portal\/2023\/07\/29\/mas-de-350-actividades-en-la-feria-del-libro-de-la-paz\/","name":"M\u00e1s de 350 actividades en la Feria del Libro de La Paz - El Diario - Bolivia","isPartOf":{"@id":"https:\/\/www.eldiario.net\/portal\/#website"},"primaryImageOfPage":{"@id":"https:\/\/www.eldiario.net\/portal\/2023\/07\/29\/mas-de-350-actividades-en-la-feria-del-libro-de-la-paz\/#primaryimage"},"image":{"@id":"https:\/\/www.eldiario.net\/portal\/2023\/07\/29\/mas-de-350-actividades-en-la-feria-del-libro-de-la-paz\/#primaryimage"},"thumbnailUrl":"https:\/\/www.eldiario.net\/portal\/wp-content\/uploads\/2023\/07\/libro-1PRINCIPAL.jpeg","datePublished":"2023-07-29T05:15:05+00:00","breadcrumb":{"@id":"https:\/\/www.eldiario.net\/portal\/2023\/07\/29\/mas-de-350-actividades-en-la-feria-del-libro-de-la-paz\/#breadcrumb"},"inLanguage":"es","potentialAction":[{"@type":"ReadAction","target":["https:\/\/www.eldiario.net\/portal\/2023\/07\/29\/mas-de-350-actividades-en-la-feria-del-libro-de-la-paz\/"]}]},{"@type":"ImageObject","inLanguage":"es","@id":"https:\/\/www.eldiario.net\/portal\/2023\/07\/29\/mas-de-350-actividades-en-la-feria-del-libro-de-la-paz\/#primaryimage","url":"https:\/\/www.eldiario.net\/portal\/wp-content\/uploads\/2023\/07\/libro-1PRINCIPAL.jpeg","contentUrl":"https:\/\/www.eldiario.net\/portal\/wp-content\/uploads\/2023\/07\/libro-1PRINCIPAL.jpeg","width":1599,"height":899},{"@type":"BreadcrumbList","@id":"https:\/\/www.eldiario.net\/portal\/2023\/07\/29\/mas-de-350-actividades-en-la-feria-del-libro-de-la-paz\/#breadcrumb","itemListElement":[{"@type":"ListItem","position":1,"name":"Portada","item":"https:\/\/www.eldiario.net\/portal\/"},{"@type":"ListItem","position":2,"name":"M\u00e1s de 350 actividades en la Feria del Libro de La Paz"}]},{"@type":"WebSite","@id":"https:\/\/www.eldiario.net\/portal\/#website","url":"https:\/\/www.eldiario.net\/portal\/","name":"El Diario - Decano de la prensa nacional","description":"El Diario - Decano de la prensa nacional","publisher":{"@id":"https:\/\/www.eldiario.net\/portal\/#organization"},"potentialAction":[{"@type":"SearchAction","target":{"@type":"EntryPoint","urlTemplate":"https:\/\/www.eldiario.net\/portal\/?s={search_term_string}"},"query-input":{"@type":"PropertyValueSpecification","valueRequired":true,"valueName":"search_term_string"}}],"inLanguage":"es"},{"@type":"Organization","@id":"https:\/\/www.eldiario.net\/portal\/#organization","name":"El Diario - Decano de la prensa nacional","url":"https:\/\/www.eldiario.net\/portal\/","logo":{"@type":"ImageObject","inLanguage":"es","@id":"https:\/\/www.eldiario.net\/portal\/#\/schema\/logo\/image\/","url":"https:\/\/www.eldiario.net\/portal\/wp-content\/uploads\/2023\/07\/logo_ED.jpg","contentUrl":"https:\/\/www.eldiario.net\/portal\/wp-content\/uploads\/2023\/07\/logo_ED.jpg","width":272,"height":52,"caption":"El Diario - Decano de la prensa nacional"},"image":{"@id":"https:\/\/www.eldiario.net\/portal\/#\/schema\/logo\/image\/"},"sameAs":["https:\/\/www.facebook.com\/eldiario.bolivia\/","https:\/\/x.com\/eldiario_net"]},{"@type":"Person","@id":"https:\/\/www.eldiario.net\/portal\/#\/schema\/person\/f46445640444750d7d753ccd04ae01b7","name":"Jeanette","image":{"@type":"ImageObject","inLanguage":"es","@id":"https:\/\/secure.gravatar.com\/avatar\/3ea2118a5f7dad2b7138b1187a6b7ee55f160b9968b66013c3a3ef39dd7e5798?s=96&d=mm&r=g","url":"https:\/\/secure.gravatar.com\/avatar\/3ea2118a5f7dad2b7138b1187a6b7ee55f160b9968b66013c3a3ef39dd7e5798?s=96&d=mm&r=g","contentUrl":"https:\/\/secure.gravatar.com\/avatar\/3ea2118a5f7dad2b7138b1187a6b7ee55f160b9968b66013c3a3ef39dd7e5798?s=96&d=mm&r=g","caption":"Jeanette"},"sameAs":["https:\/\/www.eldiario.net\/portal"],"url":"https:\/\/www.eldiario.net\/portal\/author\/jeanette\/"}]}},"_links":{"self":[{"href":"https:\/\/www.eldiario.net\/portal\/wp-json\/wp\/v2\/posts\/168262","targetHints":{"allow":["GET"]}}],"collection":[{"href":"https:\/\/www.eldiario.net\/portal\/wp-json\/wp\/v2\/posts"}],"about":[{"href":"https:\/\/www.eldiario.net\/portal\/wp-json\/wp\/v2\/types\/post"}],"author":[{"embeddable":true,"href":"https:\/\/www.eldiario.net\/portal\/wp-json\/wp\/v2\/users\/1"}],"replies":[{"embeddable":true,"href":"https:\/\/www.eldiario.net\/portal\/wp-json\/wp\/v2\/comments?post=168262"}],"version-history":[{"count":0,"href":"https:\/\/www.eldiario.net\/portal\/wp-json\/wp\/v2\/posts\/168262\/revisions"}],"wp:featuredmedia":[{"embeddable":true,"href":"https:\/\/www.eldiario.net\/portal\/wp-json\/wp\/v2\/media\/168263"}],"wp:attachment":[{"href":"https:\/\/www.eldiario.net\/portal\/wp-json\/wp\/v2\/media?parent=168262"}],"wp:term":[{"taxonomy":"category","embeddable":true,"href":"https:\/\/www.eldiario.net\/portal\/wp-json\/wp\/v2\/categories?post=168262"},{"taxonomy":"post_tag","embeddable":true,"href":"https:\/\/www.eldiario.net\/portal\/wp-json\/wp\/v2\/tags?post=168262"}],"curies":[{"name":"wp","href":"https:\/\/api.w.org\/{rel}","templated":true}]}}