{"id":168246,"date":"2023-07-29T01:08:33","date_gmt":"2023-07-29T05:08:33","guid":{"rendered":"https:\/\/www.eldiario.net\/portal\/?p=168246"},"modified":"2023-07-29T01:08:33","modified_gmt":"2023-07-29T05:08:33","slug":"ramirez-goleador-y-analista","status":"publish","type":"post","link":"https:\/\/www.eldiario.net\/portal\/2023\/07\/29\/ramirez-goleador-y-analista\/","title":{"rendered":"RAM\u00cdREZ, GOLEADOR Y ANALISTA"},"content":{"rendered":"<p>Todos, alguna vez, hemos so\u00f1ado con vivir en un entorno ut\u00f3pico; alejado de adversidades, incomprensiones y hasta de desacuerdos pol\u00edticos y sociales; muchos tambi\u00e9n, hemos pensado que esa posibilidad surrealista y hasta quim\u00e9rica, puede ser posible y se encuentra en el campo de los deportes y espec\u00edficamente, el f\u00fatbol.<br \/>\nNuestro entrevistado de hoy, \u00d3scar Ram\u00edrez Amaral, que justamente en esta jornada completa sus 62 a\u00f1os, es un hombre que si bien no se escap\u00f3 a la realidad, busc\u00f3 habitar en el mundo del \u201cdeporte rey\u201d, transitar por \u00e9l y sumergirse dentro de todas las posibilidades para su desarrollo.<br \/>\n\u00d3scar, desde ni\u00f1o am\u00f3 el f\u00fatbol, lo jug\u00f3, lo ense\u00f1a y tambi\u00e9n lo analiza con precisi\u00f3n casi cient\u00edfica.<br \/>\n\u201cDe mi infancia, lo que m\u00e1s recuerdo es mis d\u00edas de colegio; mis vacaciones en el campo, montando a caballo, tomando leche reci\u00e9n orde\u00f1ada; pero sobre todo, los partidos de f\u00fatbol que se desarrollaban todas las noches en mi cuadra. Por cuestiones de acceso, no pasaban veh\u00edculos y mi calle (que era en la zona del Cementerio General), era nuestra cancha donde improvis\u00e1bamos porter\u00edas con ladrillos y hac\u00edamos equipos de tres versus tres al gol sale y el ganador segu\u00eda\u2026\u201d, recuerda y confiesa que \u201cse le pone la piel como de carne de gallina\u201d\u2026 \u201cel juego era interminable\u2026 \u00a1qu\u00e9 tiempos aquellos!\u201d, remarca.<br \/>\nDe sus inicios como jugador profesional asegura que \u201ctuvo su particularidad\u201d, \u201cun d\u00eda junto a dos amigos decidimos ir a probarnos a Real Santa Cruz pero en nuestro camino estaban las canchas donde entrenaban las menores de Oriente Petrolero y nos quedamos un momento a mirar\u2026 esa era la idea. Pero el profesor Vladimir Ch\u00e1vez nos invit\u00f3 a entrenar y ah\u00ed permanecimos por muchos a\u00f1os\u201d, rememora.<br \/>\nEn aquel entonces, Ram\u00edrez ten\u00eda 13 a\u00f1os, cuando comenz\u00f3 su camino desde las divisiones inferiores del club \u201cverdolaga\u201d y con esfuerzo, disciplina y entrenamiento, cuatro a\u00f1os despu\u00e9s, a sus 17; bajo la direcci\u00f3n t\u00e9cnica de \u201cPacho\u201d Flores, logr\u00f3 debutar en la primera divisi\u00f3n en agosto de 1979 en un partido contra Guabir\u00e1 cuyo resultado les favoreci\u00f3. (3-1).<br \/>\n\u201cSiempre jugu\u00e9 por bandas. Puntero derecho e izquierdo. Ten\u00eda facilidad para manejar ambos perfiles\u201d, se autodefine.<br \/>\nRam\u00edrez Amaral es una persona muy perfeccionista. Le gusta apuntar con exactitud sus opiniones. Cuando las luces del set y las c\u00e1maras de televisi\u00f3n lo tienen como objetivo y todo el pa\u00eds futbolero sigue las tertulias anal\u00edticas de la que es parte; \u00e9l denota tranquilidad, personalidad y mucho conocimiento acerca de lo que est\u00e1 hablando. Ese delantero de Oriente, hoy es uno de los analistas m\u00e1s confiables del f\u00fatbol boliviano.<br \/>\n\u201cTuve el privilegio de jugar durante ocho a\u00f1os, en Oriente Petrolero (1979-1987), en el a\u00f1o 1988 jugu\u00e9 en Always Ready de La Paz y del a\u00f1o 1989 a 1990 jugu\u00e9 en Real Santa Cruz\u201d, resume su trayectoria.<br \/>\nY quienes siguieron las escuadras de las cuales defendi\u00f3 sus colores, lo tienen en cuenta como un jugador serio, de cuyos pies sal\u00eda un f\u00fatbol alegre.<br \/>\n\u201cLos momentos que permanecen imborrables en mi memoria son los partidos contra Litoral y Bol\u00edvar que en La Paz jugu\u00e9 el a\u00f1o 1986. Parec\u00eda imposible hacerle 7 goles contra 0 a Litoral, y lo hicimos. Luego deb\u00edamos marcarle 4 a Bol\u00edvar para revertir un 3 a 0 que nos anotaron en La Paz y tambi\u00e9n lo logramos; \u00a1eso fue incre\u00edble!\u201d, resalta.<br \/>\nEn 1985 y 1987, \u00d3scar visti\u00f3 la casaca de la Selecci\u00f3n Boliviana de f\u00fatbol, junto a figuras como \u201cTucho\u201d Antelo, Fernando Salinas, \u201cChichi\u201d Romero, Eliseo Ayaviri, Roberto P\u00e9rez, entre otros. Consigui\u00f3 enumerar en su haber ocho partidos internacionales con la Selecci\u00f3n Boliviana y once con Oriente Petrolero.<br \/>\n\u201cEn el a\u00f1o 1990 sufro una lesi\u00f3n de rodilla y a pesar de todos los esfuerzos, no la pude superar, como consecuencia tuve que dejar de jugar a nivel profesional a los 29 a\u00f1os\u201d, relata. \u201cFue un golpe muy duro para m\u00ed, no estaba preparado\u2026\u201d, lamenta.<br \/>\nAl cerrarse esa etapa de su vida, \u00d3scar abri\u00f3 otras puertas gracias a su dedicaci\u00f3n y anhelo de superaci\u00f3n f\u00edsica e intelectual. Se capacit\u00f3 para ser entrenador de f\u00fatbol y lo logr\u00f3 con marcados lauros. Dirigi\u00f3 Destroyers y tambi\u00e9n fue docente en el Instituto T\u00e9cnico en Competencias Deportivas.<br \/>\nPosteriormente abrir\u00eda una nueva puerta, esta vez en el campo de la Comunicaci\u00f3n Social, como comentarista y analista deportivo en radios de Santa Cruz y tambi\u00e9n en un programa de masiva audiencia nocturna en el canal Tigo Sports.<br \/>\n\u201cEs la tarea que hoy cumplo en la radio y TV expresando mi opini\u00f3n sobre el f\u00fatbol y me gusta, lo disfruto; aunque a veces parezca lo contrario. El tema es que soy muy apasionado en los debates, pero siempre trato de estar lo m\u00e1s cercano a lo razonable\u201d, dice y no se equivoca.<br \/>\nAnaliza con exactitud quir\u00fargica los partidos y en cada aseveraci\u00f3n que realiza, se nota profesionalismo y conocimiento; estos aspectos generan mucha confianza a los televidentes que lo siguen cada noche en \u201cLaboratorio F\u00fatbol\u201d.<br \/>\nEl otrora goleador de Oriente, ahora es el que \u201cProfe. Ram\u00edrez\u201d para la afici\u00f3n\u2026 pero \u00bfqu\u00e9 le dej\u00f3 el f\u00fatbol?<br \/>\n\u201cCon el f\u00fatbol logre un techo, un transporte propio, la formaci\u00f3n de mis dos hijos: uno, Ingeniero en Redes y entrenador de f\u00fatbol y el otro Ingeniero en Sistemas. Y c\u00f3mo no mencionar momentos de much\u00edsimas alegr\u00edas y los grandes amigos que tengo la fortuna de conservar hasta ahora\u201d (suspira y reflexiona).<br \/>\nEl \u201cProfe\u201d, ahora es un feliz abuelo, ejemplo para sus hijos y un esposo muy cari\u00f1oso con la hermosa se\u00f1ora Mar\u00eda Andina, que es la compa\u00f1era de su vida y excelente esposa.<br \/>\nQuien confiesa que siempre est\u00e1 en la b\u00fasqueda de la superaci\u00f3n personal, se considera una persona muy exigente consigo mismo. \u201csiempre busco el crecimiento a trav\u00e9s de la educaci\u00f3n. Permanentemente me estoy trazando retos en lo humano y lo personal. Mi deseo es que me recuerden como un luchador que jam\u00e1s bajo los brazos. Las aparentes dificultades, las transform\u00e9 en oportunidades\u201d, asegura.<br \/>\n\u00d3scar Ram\u00edrez, el analista que seguimos con entusiasmo todos los aficionados al f\u00fatbol, forj\u00f3 un modelo de vida para todos los bolivianos.<br \/>\n\u201cUna reflexi\u00f3n para los j\u00f3venes de hoy: Que nunca dejen de creer en s\u00ed mismos. Que no se detengan ante las personas que no conf\u00edan en ellos porque el futuro siempre ser\u00e1 una consecuencia del presente y ese presente est\u00e1 en sus manos. Man\u00e9jenlo con inteligencia. Y mucho cuidado con hacer cosas que te averg\u00fcencen frente a un espejo porque a todos podemos enga\u00f1ar, menos a uno mismo\u201d, concluy\u00f3 la entrevista con RETRO F\u00daTBOL.<\/p>\n<blockquote><p>&#8216;Las aparentes dificultades, las transform\u00e9 en oportunidades&#8217;<\/p><\/blockquote>\n<p><strong>FICHA<\/strong><br \/>\nNombre: Oscar Ram\u00edrez Amaral.<br \/>\nLugar de nacimiento: San Mat\u00edas (prov. \u00c1ngel Sandoval) -Santa Cruz.<br \/>\nFecha de Nacimiento: 29 de julio de 1961.<br \/>\nLugar de radicatoria actual: Santa Cruz de la Sierra.<br \/>\nOcupaci\u00f3n actual: Entrenador de f\u00fatbol-comentarista y analista en Tigo Sport<br \/>\nFamilia: Mar\u00eda Andina A\u00f1ez (esposa), \u00d3scar Gabriel y Jos\u00e9 Rafael (hijos), Ana Paola Ruiz y Carla Viera (hijas pol\u00edticas), Gabriel, Natalia y Mariana (nietos).<\/p>\n<p><em><strong>GHILKA SANABRIA <\/strong><\/em><\/p>\n<div id='gallery-1' class='gallery galleryid-168246 gallery-columns-3 gallery-size-medium'><figure class='gallery-item'>\n\t\t\t<div class='gallery-icon landscape'>\n\t\t\t\t<a href='https:\/\/www.eldiario.net\/portal\/2023\/07\/29\/ramirez-goleador-y-analista\/foto-3-63\/'><img loading=\"lazy\" decoding=\"async\" width=\"300\" height=\"249\" src=\"https:\/\/www.eldiario.net\/portal\/wp-content\/uploads\/2023\/07\/FOTO-3-3-300x249.jpg\" class=\"attachment-medium size-medium\" alt=\"\" aria-describedby=\"gallery-1-168247\" srcset=\"https:\/\/www.eldiario.net\/portal\/wp-content\/uploads\/2023\/07\/FOTO-3-3-300x249.jpg 300w, https:\/\/www.eldiario.net\/portal\/wp-content\/uploads\/2023\/07\/FOTO-3-3-768x637.jpg 768w, https:\/\/www.eldiario.net\/portal\/wp-content\/uploads\/2023\/07\/FOTO-3-3-696x578.jpg 696w, https:\/\/www.eldiario.net\/portal\/wp-content\/uploads\/2023\/07\/FOTO-3-3.jpg 1000w\" sizes=\"auto, (max-width: 300px) 100vw, 300px\" \/><\/a>\n\t\t\t<\/div>\n\t\t\t\t<figcaption class='wp-caption-text gallery-caption' id='gallery-1-168247'>\n\t\t\t\t  Fue gran valor en Oriente Petrolero.\n\t\t\t\t<\/figcaption><\/figure><figure class='gallery-item'>\n\t\t\t<div class='gallery-icon landscape'>\n\t\t\t\t<a href='https:\/\/www.eldiario.net\/portal\/2023\/07\/29\/ramirez-goleador-y-analista\/foto-5-41\/'><img loading=\"lazy\" decoding=\"async\" width=\"300\" height=\"193\" src=\"https:\/\/www.eldiario.net\/portal\/wp-content\/uploads\/2023\/07\/FOTO-5-4-300x193.jpg\" class=\"attachment-medium size-medium\" alt=\"\" aria-describedby=\"gallery-1-168248\" srcset=\"https:\/\/www.eldiario.net\/portal\/wp-content\/uploads\/2023\/07\/FOTO-5-4-300x193.jpg 300w, https:\/\/www.eldiario.net\/portal\/wp-content\/uploads\/2023\/07\/FOTO-5-4-768x495.jpg 768w, https:\/\/www.eldiario.net\/portal\/wp-content\/uploads\/2023\/07\/FOTO-5-4-696x448.jpg 696w, https:\/\/www.eldiario.net\/portal\/wp-content\/uploads\/2023\/07\/FOTO-5-4.jpg 1000w\" sizes=\"auto, (max-width: 300px) 100vw, 300px\" \/><\/a>\n\t\t\t<\/div>\n\t\t\t\t<figcaption class='wp-caption-text gallery-caption' id='gallery-1-168248'>\n\t\t\t\t  Defendi\u00f3 los colores de Bolivia.\n\t\t\t\t<\/figcaption><\/figure><figure class='gallery-item'>\n\t\t\t<div class='gallery-icon landscape'>\n\t\t\t\t<a href='https:\/\/www.eldiario.net\/portal\/2023\/07\/29\/ramirez-goleador-y-analista\/foto-1-a-3\/'><img loading=\"lazy\" decoding=\"async\" width=\"300\" height=\"289\" src=\"https:\/\/www.eldiario.net\/portal\/wp-content\/uploads\/2023\/07\/FOTO-1-A-300x289.jpg\" class=\"attachment-medium size-medium\" alt=\"\" srcset=\"https:\/\/www.eldiario.net\/portal\/wp-content\/uploads\/2023\/07\/FOTO-1-A-300x289.jpg 300w, https:\/\/www.eldiario.net\/portal\/wp-content\/uploads\/2023\/07\/FOTO-1-A-768x740.jpg 768w, https:\/\/www.eldiario.net\/portal\/wp-content\/uploads\/2023\/07\/FOTO-1-A-696x670.jpg 696w, https:\/\/www.eldiario.net\/portal\/wp-content\/uploads\/2023\/07\/FOTO-1-A.jpg 1000w\" sizes=\"auto, (max-width: 300px) 100vw, 300px\" \/><\/a>\n\t\t\t<\/div><\/figure><figure class='gallery-item'>\n\t\t\t<div class='gallery-icon landscape'>\n\t\t\t\t<a href='https:\/\/www.eldiario.net\/portal\/2023\/07\/29\/ramirez-goleador-y-analista\/foto-1-b-2\/'><img loading=\"lazy\" decoding=\"async\" width=\"300\" height=\"208\" src=\"https:\/\/www.eldiario.net\/portal\/wp-content\/uploads\/2023\/07\/FOTO-1-B-300x208.jpg\" class=\"attachment-medium size-medium\" alt=\"\" aria-describedby=\"gallery-1-168250\" srcset=\"https:\/\/www.eldiario.net\/portal\/wp-content\/uploads\/2023\/07\/FOTO-1-B-300x208.jpg 300w, https:\/\/www.eldiario.net\/portal\/wp-content\/uploads\/2023\/07\/FOTO-1-B-768x532.jpg 768w, https:\/\/www.eldiario.net\/portal\/wp-content\/uploads\/2023\/07\/FOTO-1-B-218x150.jpg 218w, https:\/\/www.eldiario.net\/portal\/wp-content\/uploads\/2023\/07\/FOTO-1-B-696x482.jpg 696w, https:\/\/www.eldiario.net\/portal\/wp-content\/uploads\/2023\/07\/FOTO-1-B.jpg 1000w\" sizes=\"auto, (max-width: 300px) 100vw, 300px\" \/><\/a>\n\t\t\t<\/div>\n\t\t\t\t<figcaption class='wp-caption-text gallery-caption' id='gallery-1-168250'>\n\t\t\t\t Las dos facetas en  la vida de \u00d3scar Ram\u00edrez. \n\t\t\t\t<\/figcaption><\/figure><figure class='gallery-item'>\n\t\t\t<div class='gallery-icon landscape'>\n\t\t\t\t<a href='https:\/\/www.eldiario.net\/portal\/2023\/07\/29\/ramirez-goleador-y-analista\/foto-2-a-6\/'><img loading=\"lazy\" decoding=\"async\" width=\"300\" height=\"206\" src=\"https:\/\/www.eldiario.net\/portal\/wp-content\/uploads\/2023\/07\/FOTO-2-A-2-300x206.jpg\" class=\"attachment-medium size-medium\" alt=\"\" aria-describedby=\"gallery-1-168251\" srcset=\"https:\/\/www.eldiario.net\/portal\/wp-content\/uploads\/2023\/07\/FOTO-2-A-2-300x206.jpg 300w, https:\/\/www.eldiario.net\/portal\/wp-content\/uploads\/2023\/07\/FOTO-2-A-2-768x527.jpg 768w, https:\/\/www.eldiario.net\/portal\/wp-content\/uploads\/2023\/07\/FOTO-2-A-2-218x150.jpg 218w, https:\/\/www.eldiario.net\/portal\/wp-content\/uploads\/2023\/07\/FOTO-2-A-2-696x477.jpg 696w, https:\/\/www.eldiario.net\/portal\/wp-content\/uploads\/2023\/07\/FOTO-2-A-2.jpg 1000w\" sizes=\"auto, (max-width: 300px) 100vw, 300px\" \/><\/a>\n\t\t\t<\/div>\n\t\t\t\t<figcaption class='wp-caption-text gallery-caption' id='gallery-1-168251'>\n\t\t\t\t  Con su familia.\n\t\t\t\t<\/figcaption><\/figure><figure class='gallery-item'>\n\t\t\t<div class='gallery-icon landscape'>\n\t\t\t\t<a href='https:\/\/www.eldiario.net\/portal\/2023\/07\/29\/ramirez-goleador-y-analista\/foto-2-b-4\/'><img loading=\"lazy\" decoding=\"async\" width=\"300\" height=\"297\" src=\"https:\/\/www.eldiario.net\/portal\/wp-content\/uploads\/2023\/07\/FOTO-2-B-2-300x297.jpg\" class=\"attachment-medium size-medium\" alt=\"\" aria-describedby=\"gallery-1-168252\" srcset=\"https:\/\/www.eldiario.net\/portal\/wp-content\/uploads\/2023\/07\/FOTO-2-B-2-300x297.jpg 300w, https:\/\/www.eldiario.net\/portal\/wp-content\/uploads\/2023\/07\/FOTO-2-B-2-150x150.jpg 150w, https:\/\/www.eldiario.net\/portal\/wp-content\/uploads\/2023\/07\/FOTO-2-B-2-768x760.jpg 768w, https:\/\/www.eldiario.net\/portal\/wp-content\/uploads\/2023\/07\/FOTO-2-B-2-696x689.jpg 696w, https:\/\/www.eldiario.net\/portal\/wp-content\/uploads\/2023\/07\/FOTO-2-B-2.jpg 1000w\" sizes=\"auto, (max-width: 300px) 100vw, 300px\" \/><\/a>\n\t\t\t<\/div>\n\t\t\t\t<figcaption class='wp-caption-text gallery-caption' id='gallery-1-168252'>\n\t\t\t\t  Con el equipo de \u201cLaboratorio F\u00fatbol\u201d\n\t\t\t\t<\/figcaption><\/figure>\n\t\t<\/div>\n\n","protected":false},"excerpt":{"rendered":"<p>Todos, alguna vez, hemos so\u00f1ado con vivir en un entorno ut\u00f3pico; alejado de adversidades, incomprensiones y hasta de desacuerdos pol\u00edticos y sociales; muchos tambi\u00e9n, hemos pensado que esa posibilidad surrealista y hasta quim\u00e9rica, puede ser posible y se encuentra en el campo de los deportes y espec\u00edficamente, el f\u00fatbol. Nuestro entrevistado de hoy, \u00d3scar Ram\u00edrez [&hellip;]<\/p>\n","protected":false},"author":1,"featured_media":168249,"comment_status":"closed","ping_status":"open","sticky":false,"template":"","format":"standard","meta":{"_acf_changed":false,"footnotes":""},"categories":[6],"tags":[],"class_list":["post-168246","post","type-post","status-publish","format-standard","has-post-thumbnail","category-deportes"],"acf":{"antetitulo":""},"yoast_head":"<!-- This site is optimized with the Yoast SEO plugin v28.4 - https:\/\/yoast.com\/product\/yoast-seo-wordpress\/ -->\n<title>RAM\u00cdREZ, GOLEADOR Y ANALISTA - El Diario - Bolivia<\/title>\n<meta name=\"robots\" content=\"index, follow, max-snippet:-1, max-image-preview:large, max-video-preview:-1\" \/>\n<link rel=\"canonical\" href=\"https:\/\/www.eldiario.net\/portal\/2023\/07\/29\/ramirez-goleador-y-analista\/\" \/>\n<meta property=\"og:locale\" content=\"es_ES\" \/>\n<meta property=\"og:type\" content=\"article\" \/>\n<meta property=\"og:title\" content=\"RAM\u00cdREZ, GOLEADOR Y ANALISTA - El Diario - Bolivia\" \/>\n<meta property=\"og:description\" content=\"Todos, alguna vez, hemos so\u00f1ado con vivir en un entorno ut\u00f3pico; alejado de adversidades, incomprensiones y hasta de desacuerdos pol\u00edticos y sociales; muchos tambi\u00e9n, hemos pensado que esa posibilidad surrealista y hasta quim\u00e9rica, puede ser posible y se encuentra en el campo de los deportes y espec\u00edficamente, el f\u00fatbol. Nuestro entrevistado de hoy, \u00d3scar Ram\u00edrez [&hellip;]\" \/>\n<meta property=\"og:url\" content=\"https:\/\/www.eldiario.net\/portal\/2023\/07\/29\/ramirez-goleador-y-analista\/\" \/>\n<meta property=\"og:site_name\" content=\"El Diario - Bolivia\" \/>\n<meta property=\"article:publisher\" content=\"https:\/\/www.facebook.com\/eldiario.bolivia\/\" \/>\n<meta property=\"article:published_time\" content=\"2023-07-29T05:08:33+00:00\" \/>\n<meta property=\"og:image\" content=\"https:\/\/www.eldiario.net\/portal\/wp-content\/uploads\/2023\/07\/FOTO-1-A.jpg\" \/>\n\t<meta property=\"og:image:width\" content=\"1000\" \/>\n\t<meta property=\"og:image:height\" content=\"963\" \/>\n\t<meta property=\"og:image:type\" content=\"image\/jpeg\" \/>\n<meta name=\"author\" content=\"Jeanette\" \/>\n<meta name=\"twitter:card\" content=\"summary_large_image\" \/>\n<meta name=\"twitter:creator\" content=\"@eldiario_net\" \/>\n<meta name=\"twitter:site\" content=\"@eldiario_net\" \/>\n<meta name=\"twitter:label1\" content=\"Escrito por\" \/>\n\t<meta name=\"twitter:data1\" content=\"Jeanette\" \/>\n\t<meta name=\"twitter:label2\" content=\"Tiempo de lectura\" \/>\n\t<meta name=\"twitter:data2\" content=\"6 minutos\" \/>\n<script type=\"application\/ld+json\" class=\"yoast-schema-graph\">{\"@context\":\"https:\\\/\\\/schema.org\",\"@graph\":[{\"@type\":\"Article\",\"@id\":\"https:\\\/\\\/www.eldiario.net\\\/portal\\\/2023\\\/07\\\/29\\\/ramirez-goleador-y-analista\\\/#article\",\"isPartOf\":{\"@id\":\"https:\\\/\\\/www.eldiario.net\\\/portal\\\/2023\\\/07\\\/29\\\/ramirez-goleador-y-analista\\\/\"},\"author\":{\"name\":\"Jeanette\",\"@id\":\"https:\\\/\\\/www.eldiario.net\\\/portal\\\/#\\\/schema\\\/person\\\/f46445640444750d7d753ccd04ae01b7\"},\"headline\":\"RAM\u00cdREZ, GOLEADOR Y ANALISTA\",\"datePublished\":\"2023-07-29T05:08:33+00:00\",\"mainEntityOfPage\":{\"@id\":\"https:\\\/\\\/www.eldiario.net\\\/portal\\\/2023\\\/07\\\/29\\\/ramirez-goleador-y-analista\\\/\"},\"wordCount\":1256,\"publisher\":{\"@id\":\"https:\\\/\\\/www.eldiario.net\\\/portal\\\/#organization\"},\"image\":{\"@id\":\"https:\\\/\\\/www.eldiario.net\\\/portal\\\/2023\\\/07\\\/29\\\/ramirez-goleador-y-analista\\\/#primaryimage\"},\"thumbnailUrl\":\"https:\\\/\\\/www.eldiario.net\\\/portal\\\/wp-content\\\/uploads\\\/2023\\\/07\\\/FOTO-1-A.jpg\",\"articleSection\":[\"Deportes\"],\"inLanguage\":\"es\"},{\"@type\":\"WebPage\",\"@id\":\"https:\\\/\\\/www.eldiario.net\\\/portal\\\/2023\\\/07\\\/29\\\/ramirez-goleador-y-analista\\\/\",\"url\":\"https:\\\/\\\/www.eldiario.net\\\/portal\\\/2023\\\/07\\\/29\\\/ramirez-goleador-y-analista\\\/\",\"name\":\"RAM\u00cdREZ, GOLEADOR Y ANALISTA - El Diario - Bolivia\",\"isPartOf\":{\"@id\":\"https:\\\/\\\/www.eldiario.net\\\/portal\\\/#website\"},\"primaryImageOfPage\":{\"@id\":\"https:\\\/\\\/www.eldiario.net\\\/portal\\\/2023\\\/07\\\/29\\\/ramirez-goleador-y-analista\\\/#primaryimage\"},\"image\":{\"@id\":\"https:\\\/\\\/www.eldiario.net\\\/portal\\\/2023\\\/07\\\/29\\\/ramirez-goleador-y-analista\\\/#primaryimage\"},\"thumbnailUrl\":\"https:\\\/\\\/www.eldiario.net\\\/portal\\\/wp-content\\\/uploads\\\/2023\\\/07\\\/FOTO-1-A.jpg\",\"datePublished\":\"2023-07-29T05:08:33+00:00\",\"breadcrumb\":{\"@id\":\"https:\\\/\\\/www.eldiario.net\\\/portal\\\/2023\\\/07\\\/29\\\/ramirez-goleador-y-analista\\\/#breadcrumb\"},\"inLanguage\":\"es\",\"potentialAction\":[{\"@type\":\"ReadAction\",\"target\":[\"https:\\\/\\\/www.eldiario.net\\\/portal\\\/2023\\\/07\\\/29\\\/ramirez-goleador-y-analista\\\/\"]}]},{\"@type\":\"ImageObject\",\"inLanguage\":\"es\",\"@id\":\"https:\\\/\\\/www.eldiario.net\\\/portal\\\/2023\\\/07\\\/29\\\/ramirez-goleador-y-analista\\\/#primaryimage\",\"url\":\"https:\\\/\\\/www.eldiario.net\\\/portal\\\/wp-content\\\/uploads\\\/2023\\\/07\\\/FOTO-1-A.jpg\",\"contentUrl\":\"https:\\\/\\\/www.eldiario.net\\\/portal\\\/wp-content\\\/uploads\\\/2023\\\/07\\\/FOTO-1-A.jpg\",\"width\":1000,\"height\":963},{\"@type\":\"BreadcrumbList\",\"@id\":\"https:\\\/\\\/www.eldiario.net\\\/portal\\\/2023\\\/07\\\/29\\\/ramirez-goleador-y-analista\\\/#breadcrumb\",\"itemListElement\":[{\"@type\":\"ListItem\",\"position\":1,\"name\":\"Portada\",\"item\":\"https:\\\/\\\/www.eldiario.net\\\/portal\\\/\"},{\"@type\":\"ListItem\",\"position\":2,\"name\":\"RAM\u00cdREZ, GOLEADOR Y ANALISTA\"}]},{\"@type\":\"WebSite\",\"@id\":\"https:\\\/\\\/www.eldiario.net\\\/portal\\\/#website\",\"url\":\"https:\\\/\\\/www.eldiario.net\\\/portal\\\/\",\"name\":\"El Diario - Decano de la prensa nacional\",\"description\":\"El Diario - Decano de la prensa nacional\",\"publisher\":{\"@id\":\"https:\\\/\\\/www.eldiario.net\\\/portal\\\/#organization\"},\"potentialAction\":[{\"@type\":\"SearchAction\",\"target\":{\"@type\":\"EntryPoint\",\"urlTemplate\":\"https:\\\/\\\/www.eldiario.net\\\/portal\\\/?s={search_term_string}\"},\"query-input\":{\"@type\":\"PropertyValueSpecification\",\"valueRequired\":true,\"valueName\":\"search_term_string\"}}],\"inLanguage\":\"es\"},{\"@type\":\"Organization\",\"@id\":\"https:\\\/\\\/www.eldiario.net\\\/portal\\\/#organization\",\"name\":\"El Diario - Decano de la prensa nacional\",\"url\":\"https:\\\/\\\/www.eldiario.net\\\/portal\\\/\",\"logo\":{\"@type\":\"ImageObject\",\"inLanguage\":\"es\",\"@id\":\"https:\\\/\\\/www.eldiario.net\\\/portal\\\/#\\\/schema\\\/logo\\\/image\\\/\",\"url\":\"https:\\\/\\\/www.eldiario.net\\\/portal\\\/wp-content\\\/uploads\\\/2023\\\/07\\\/logo_ED.jpg\",\"contentUrl\":\"https:\\\/\\\/www.eldiario.net\\\/portal\\\/wp-content\\\/uploads\\\/2023\\\/07\\\/logo_ED.jpg\",\"width\":272,\"height\":52,\"caption\":\"El Diario - Decano de la prensa nacional\"},\"image\":{\"@id\":\"https:\\\/\\\/www.eldiario.net\\\/portal\\\/#\\\/schema\\\/logo\\\/image\\\/\"},\"sameAs\":[\"https:\\\/\\\/www.facebook.com\\\/eldiario.bolivia\\\/\",\"https:\\\/\\\/x.com\\\/eldiario_net\"]},{\"@type\":\"Person\",\"@id\":\"https:\\\/\\\/www.eldiario.net\\\/portal\\\/#\\\/schema\\\/person\\\/f46445640444750d7d753ccd04ae01b7\",\"name\":\"Jeanette\",\"image\":{\"@type\":\"ImageObject\",\"inLanguage\":\"es\",\"@id\":\"https:\\\/\\\/secure.gravatar.com\\\/avatar\\\/3ea2118a5f7dad2b7138b1187a6b7ee55f160b9968b66013c3a3ef39dd7e5798?s=96&d=mm&r=g\",\"url\":\"https:\\\/\\\/secure.gravatar.com\\\/avatar\\\/3ea2118a5f7dad2b7138b1187a6b7ee55f160b9968b66013c3a3ef39dd7e5798?s=96&d=mm&r=g\",\"contentUrl\":\"https:\\\/\\\/secure.gravatar.com\\\/avatar\\\/3ea2118a5f7dad2b7138b1187a6b7ee55f160b9968b66013c3a3ef39dd7e5798?s=96&d=mm&r=g\",\"caption\":\"Jeanette\"},\"sameAs\":[\"https:\\\/\\\/www.eldiario.net\\\/portal\"],\"url\":\"https:\\\/\\\/www.eldiario.net\\\/portal\\\/author\\\/jeanette\\\/\"}]}<\/script>\n<!-- \/ Yoast SEO plugin. -->","yoast_head_json":{"title":"RAM\u00cdREZ, GOLEADOR Y ANALISTA - El Diario - Bolivia","robots":{"index":"index","follow":"follow","max-snippet":"max-snippet:-1","max-image-preview":"max-image-preview:large","max-video-preview":"max-video-preview:-1"},"canonical":"https:\/\/www.eldiario.net\/portal\/2023\/07\/29\/ramirez-goleador-y-analista\/","og_locale":"es_ES","og_type":"article","og_title":"RAM\u00cdREZ, GOLEADOR Y ANALISTA - El Diario - Bolivia","og_description":"Todos, alguna vez, hemos so\u00f1ado con vivir en un entorno ut\u00f3pico; alejado de adversidades, incomprensiones y hasta de desacuerdos pol\u00edticos y sociales; muchos tambi\u00e9n, hemos pensado que esa posibilidad surrealista y hasta quim\u00e9rica, puede ser posible y se encuentra en el campo de los deportes y espec\u00edficamente, el f\u00fatbol. Nuestro entrevistado de hoy, \u00d3scar Ram\u00edrez [&hellip;]","og_url":"https:\/\/www.eldiario.net\/portal\/2023\/07\/29\/ramirez-goleador-y-analista\/","og_site_name":"El Diario - Bolivia","article_publisher":"https:\/\/www.facebook.com\/eldiario.bolivia\/","article_published_time":"2023-07-29T05:08:33+00:00","og_image":[{"width":1000,"height":963,"url":"https:\/\/www.eldiario.net\/portal\/wp-content\/uploads\/2023\/07\/FOTO-1-A.jpg","type":"image\/jpeg"}],"author":"Jeanette","twitter_card":"summary_large_image","twitter_creator":"@eldiario_net","twitter_site":"@eldiario_net","twitter_misc":{"Escrito por":"Jeanette","Tiempo de lectura":"6 minutos"},"schema":{"@context":"https:\/\/schema.org","@graph":[{"@type":"Article","@id":"https:\/\/www.eldiario.net\/portal\/2023\/07\/29\/ramirez-goleador-y-analista\/#article","isPartOf":{"@id":"https:\/\/www.eldiario.net\/portal\/2023\/07\/29\/ramirez-goleador-y-analista\/"},"author":{"name":"Jeanette","@id":"https:\/\/www.eldiario.net\/portal\/#\/schema\/person\/f46445640444750d7d753ccd04ae01b7"},"headline":"RAM\u00cdREZ, GOLEADOR Y ANALISTA","datePublished":"2023-07-29T05:08:33+00:00","mainEntityOfPage":{"@id":"https:\/\/www.eldiario.net\/portal\/2023\/07\/29\/ramirez-goleador-y-analista\/"},"wordCount":1256,"publisher":{"@id":"https:\/\/www.eldiario.net\/portal\/#organization"},"image":{"@id":"https:\/\/www.eldiario.net\/portal\/2023\/07\/29\/ramirez-goleador-y-analista\/#primaryimage"},"thumbnailUrl":"https:\/\/www.eldiario.net\/portal\/wp-content\/uploads\/2023\/07\/FOTO-1-A.jpg","articleSection":["Deportes"],"inLanguage":"es"},{"@type":"WebPage","@id":"https:\/\/www.eldiario.net\/portal\/2023\/07\/29\/ramirez-goleador-y-analista\/","url":"https:\/\/www.eldiario.net\/portal\/2023\/07\/29\/ramirez-goleador-y-analista\/","name":"RAM\u00cdREZ, GOLEADOR Y ANALISTA - El Diario - Bolivia","isPartOf":{"@id":"https:\/\/www.eldiario.net\/portal\/#website"},"primaryImageOfPage":{"@id":"https:\/\/www.eldiario.net\/portal\/2023\/07\/29\/ramirez-goleador-y-analista\/#primaryimage"},"image":{"@id":"https:\/\/www.eldiario.net\/portal\/2023\/07\/29\/ramirez-goleador-y-analista\/#primaryimage"},"thumbnailUrl":"https:\/\/www.eldiario.net\/portal\/wp-content\/uploads\/2023\/07\/FOTO-1-A.jpg","datePublished":"2023-07-29T05:08:33+00:00","breadcrumb":{"@id":"https:\/\/www.eldiario.net\/portal\/2023\/07\/29\/ramirez-goleador-y-analista\/#breadcrumb"},"inLanguage":"es","potentialAction":[{"@type":"ReadAction","target":["https:\/\/www.eldiario.net\/portal\/2023\/07\/29\/ramirez-goleador-y-analista\/"]}]},{"@type":"ImageObject","inLanguage":"es","@id":"https:\/\/www.eldiario.net\/portal\/2023\/07\/29\/ramirez-goleador-y-analista\/#primaryimage","url":"https:\/\/www.eldiario.net\/portal\/wp-content\/uploads\/2023\/07\/FOTO-1-A.jpg","contentUrl":"https:\/\/www.eldiario.net\/portal\/wp-content\/uploads\/2023\/07\/FOTO-1-A.jpg","width":1000,"height":963},{"@type":"BreadcrumbList","@id":"https:\/\/www.eldiario.net\/portal\/2023\/07\/29\/ramirez-goleador-y-analista\/#breadcrumb","itemListElement":[{"@type":"ListItem","position":1,"name":"Portada","item":"https:\/\/www.eldiario.net\/portal\/"},{"@type":"ListItem","position":2,"name":"RAM\u00cdREZ, GOLEADOR Y ANALISTA"}]},{"@type":"WebSite","@id":"https:\/\/www.eldiario.net\/portal\/#website","url":"https:\/\/www.eldiario.net\/portal\/","name":"El Diario - Decano de la prensa nacional","description":"El Diario - Decano de la prensa nacional","publisher":{"@id":"https:\/\/www.eldiario.net\/portal\/#organization"},"potentialAction":[{"@type":"SearchAction","target":{"@type":"EntryPoint","urlTemplate":"https:\/\/www.eldiario.net\/portal\/?s={search_term_string}"},"query-input":{"@type":"PropertyValueSpecification","valueRequired":true,"valueName":"search_term_string"}}],"inLanguage":"es"},{"@type":"Organization","@id":"https:\/\/www.eldiario.net\/portal\/#organization","name":"El Diario - Decano de la prensa nacional","url":"https:\/\/www.eldiario.net\/portal\/","logo":{"@type":"ImageObject","inLanguage":"es","@id":"https:\/\/www.eldiario.net\/portal\/#\/schema\/logo\/image\/","url":"https:\/\/www.eldiario.net\/portal\/wp-content\/uploads\/2023\/07\/logo_ED.jpg","contentUrl":"https:\/\/www.eldiario.net\/portal\/wp-content\/uploads\/2023\/07\/logo_ED.jpg","width":272,"height":52,"caption":"El Diario - Decano de la prensa nacional"},"image":{"@id":"https:\/\/www.eldiario.net\/portal\/#\/schema\/logo\/image\/"},"sameAs":["https:\/\/www.facebook.com\/eldiario.bolivia\/","https:\/\/x.com\/eldiario_net"]},{"@type":"Person","@id":"https:\/\/www.eldiario.net\/portal\/#\/schema\/person\/f46445640444750d7d753ccd04ae01b7","name":"Jeanette","image":{"@type":"ImageObject","inLanguage":"es","@id":"https:\/\/secure.gravatar.com\/avatar\/3ea2118a5f7dad2b7138b1187a6b7ee55f160b9968b66013c3a3ef39dd7e5798?s=96&d=mm&r=g","url":"https:\/\/secure.gravatar.com\/avatar\/3ea2118a5f7dad2b7138b1187a6b7ee55f160b9968b66013c3a3ef39dd7e5798?s=96&d=mm&r=g","contentUrl":"https:\/\/secure.gravatar.com\/avatar\/3ea2118a5f7dad2b7138b1187a6b7ee55f160b9968b66013c3a3ef39dd7e5798?s=96&d=mm&r=g","caption":"Jeanette"},"sameAs":["https:\/\/www.eldiario.net\/portal"],"url":"https:\/\/www.eldiario.net\/portal\/author\/jeanette\/"}]}},"_links":{"self":[{"href":"https:\/\/www.eldiario.net\/portal\/wp-json\/wp\/v2\/posts\/168246","targetHints":{"allow":["GET"]}}],"collection":[{"href":"https:\/\/www.eldiario.net\/portal\/wp-json\/wp\/v2\/posts"}],"about":[{"href":"https:\/\/www.eldiario.net\/portal\/wp-json\/wp\/v2\/types\/post"}],"author":[{"embeddable":true,"href":"https:\/\/www.eldiario.net\/portal\/wp-json\/wp\/v2\/users\/1"}],"replies":[{"embeddable":true,"href":"https:\/\/www.eldiario.net\/portal\/wp-json\/wp\/v2\/comments?post=168246"}],"version-history":[{"count":0,"href":"https:\/\/www.eldiario.net\/portal\/wp-json\/wp\/v2\/posts\/168246\/revisions"}],"wp:featuredmedia":[{"embeddable":true,"href":"https:\/\/www.eldiario.net\/portal\/wp-json\/wp\/v2\/media\/168249"}],"wp:attachment":[{"href":"https:\/\/www.eldiario.net\/portal\/wp-json\/wp\/v2\/media?parent=168246"}],"wp:term":[{"taxonomy":"category","embeddable":true,"href":"https:\/\/www.eldiario.net\/portal\/wp-json\/wp\/v2\/categories?post=168246"},{"taxonomy":"post_tag","embeddable":true,"href":"https:\/\/www.eldiario.net\/portal\/wp-json\/wp\/v2\/tags?post=168246"}],"curies":[{"name":"wp","href":"https:\/\/api.w.org\/{rel}","templated":true}]}}