{"id":168235,"date":"2023-07-29T01:03:05","date_gmt":"2023-07-29T05:03:05","guid":{"rendered":"https:\/\/www.eldiario.net\/portal\/?p=168235"},"modified":"2023-07-29T01:03:05","modified_gmt":"2023-07-29T05:03:05","slug":"bolivar-va-por-mas-oriente-espera","status":"publish","type":"post","link":"https:\/\/www.eldiario.net\/portal\/2023\/07\/29\/bolivar-va-por-mas-oriente-espera\/","title":{"rendered":"BOL\u00cdVAR VA POR M\u00c1S, ORIENTE ESPERA"},"content":{"rendered":"<p>Bol\u00edvar est\u00e1 envalentonado y pasa por un buen momento. Su pr\u00f3ximo desaf\u00edo debe cumplirlo esta noche cuando desde las 20:00 cuando visite en el estadio \u00abRam\u00f3n Aguilera Costas\u00bb a Oriente Petrolero de Santa Cruz por la fecha 21 del torneo \u00abTodos contra todos\u00bb.<br \/>\nLas estad\u00edsticas apuntan que ser\u00e1 el partido n\u00famero cien entre ambas escuadras; sin embargo, la coyuntura indica que en esta oportunidad, ambos elencos llegan con diferentes realidades.<br \/>\nMientras Bol\u00edvar est\u00e1 pugnando por lograr llegar al primer lugar; Oriente quiere escapar del fantasma del descenso.<br \/>\nLa delegaci\u00f3n bolivarista arrib\u00f3 la noche del viernes a la capital cruce\u00f1a con el \u00e1nimo muy alto, pero teniendo en conciencia que los encuentros contra los verdolagas son muy complicados, especialmente cuando son locales.<br \/>\nA decir del t\u00e9cnico Be\u00f1at San Jos\u00e9, \u00abser\u00e1 un cotejo muy intenso porque el rival tiene la necesidad de no perder m\u00e1s puntos, especialmente en su casa\u00bb.<br \/>\nPor su parte, Oriente Petrolero tiene el \u00e1nimo renovado y busca ganar un partido clave para salir de la zona del descenso.<br \/>\nBol\u00edvar tiene la presi\u00f3n del partido que disputar\u00e1 el pr\u00f3ximo martes, por Copa Libertadores- frente a Athl\u00e9tico Paranaense en La Paz y no se conoce cu\u00e1l ser\u00e1 la determinaci\u00f3n que tome el cuerpo t\u00e9cnico respecto a los titulares; incluso se habl\u00f3 de un plantel alterno que podr\u00eda asumir la responsabilidad de hoy frente a Oriente Petrolero.<br \/>\nActualmente, Bol\u00edvar tiene 19 partidos disputados y 34 puntos. Ocupa el cuarto lugar, despu\u00e9s de The Strongest, Nacional Potos\u00ed y Always Ready.<br \/>\nEn tanto, Oriente Petrolero est\u00e1 en el puesto 14, con 19 puntos, tambi\u00e9n en 19 fechas.<br \/>\nEl \u00e1rbitro del compromiso ser\u00e1 Ra\u00fal Orozco de Cochabamba, colaborado en las l\u00edneas por Wilson Arellano y Wilfredo C\u00e1ceres.<\/p>\n<p><em><strong>GHILKA SANABRIA<\/strong><\/em><\/p>\n<p><img loading=\"lazy\" decoding=\"async\" class=\"alignleft size-full wp-image-168238\" src=\"https:\/\/www.eldiario.net\/portal\/wp-content\/uploads\/2023\/07\/FOTO-20-A-1.jpg\" alt=\"\" width=\"1000\" height=\"703\" srcset=\"https:\/\/www.eldiario.net\/portal\/wp-content\/uploads\/2023\/07\/FOTO-20-A-1.jpg 1000w, https:\/\/www.eldiario.net\/portal\/wp-content\/uploads\/2023\/07\/FOTO-20-A-1-300x211.jpg 300w, https:\/\/www.eldiario.net\/portal\/wp-content\/uploads\/2023\/07\/FOTO-20-A-1-768x540.jpg 768w, https:\/\/www.eldiario.net\/portal\/wp-content\/uploads\/2023\/07\/FOTO-20-A-1-696x489.jpg 696w\" sizes=\"auto, (max-width: 1000px) 100vw, 1000px\" \/><\/p>\n","protected":false},"excerpt":{"rendered":"<p>Bol\u00edvar est\u00e1 envalentonado y pasa por un buen momento. Su pr\u00f3ximo desaf\u00edo debe cumplirlo esta noche cuando desde las 20:00 cuando visite en el estadio \u00abRam\u00f3n Aguilera Costas\u00bb a Oriente Petrolero de Santa Cruz por la fecha 21 del torneo \u00abTodos contra todos\u00bb. Las estad\u00edsticas apuntan que ser\u00e1 el partido n\u00famero cien entre ambas escuadras; [&hellip;]<\/p>\n","protected":false},"author":1,"featured_media":168236,"comment_status":"closed","ping_status":"open","sticky":false,"template":"","format":"standard","meta":{"_acf_changed":false,"footnotes":""},"categories":[6],"tags":[],"class_list":["post-168235","post","type-post","status-publish","format-standard","has-post-thumbnail","category-deportes"],"acf":{"antetitulo":""},"yoast_head":"<!-- This site is optimized with the Yoast SEO plugin v28.4 - https:\/\/yoast.com\/product\/yoast-seo-wordpress\/ -->\n<title>BOL\u00cdVAR VA POR M\u00c1S, ORIENTE ESPERA - El Diario - Bolivia<\/title>\n<meta name=\"robots\" content=\"index, follow, max-snippet:-1, max-image-preview:large, max-video-preview:-1\" \/>\n<link rel=\"canonical\" href=\"https:\/\/www.eldiario.net\/portal\/2023\/07\/29\/bolivar-va-por-mas-oriente-espera\/\" \/>\n<meta property=\"og:locale\" content=\"es_ES\" \/>\n<meta property=\"og:type\" content=\"article\" \/>\n<meta property=\"og:title\" content=\"BOL\u00cdVAR VA POR M\u00c1S, ORIENTE ESPERA - El Diario - Bolivia\" \/>\n<meta property=\"og:description\" content=\"Bol\u00edvar est\u00e1 envalentonado y pasa por un buen momento. Su pr\u00f3ximo desaf\u00edo debe cumplirlo esta noche cuando desde las 20:00 cuando visite en el estadio \u00abRam\u00f3n Aguilera Costas\u00bb a Oriente Petrolero de Santa Cruz por la fecha 21 del torneo \u00abTodos contra todos\u00bb. Las estad\u00edsticas apuntan que ser\u00e1 el partido n\u00famero cien entre ambas escuadras; [&hellip;]\" \/>\n<meta property=\"og:url\" content=\"https:\/\/www.eldiario.net\/portal\/2023\/07\/29\/bolivar-va-por-mas-oriente-espera\/\" \/>\n<meta property=\"og:site_name\" content=\"El Diario - Bolivia\" \/>\n<meta property=\"article:publisher\" content=\"https:\/\/www.facebook.com\/eldiario.bolivia\/\" \/>\n<meta property=\"article:published_time\" content=\"2023-07-29T05:03:05+00:00\" \/>\n<meta property=\"og:image\" content=\"https:\/\/www.eldiario.net\/portal\/wp-content\/uploads\/2023\/07\/FOTO-20-B.jpg\" \/>\n\t<meta property=\"og:image:width\" content=\"1000\" \/>\n\t<meta property=\"og:image:height\" content=\"863\" \/>\n\t<meta property=\"og:image:type\" content=\"image\/jpeg\" \/>\n<meta name=\"author\" content=\"Jeanette\" \/>\n<meta name=\"twitter:card\" content=\"summary_large_image\" \/>\n<meta name=\"twitter:creator\" content=\"@eldiario_net\" \/>\n<meta name=\"twitter:site\" content=\"@eldiario_net\" \/>\n<meta name=\"twitter:label1\" content=\"Escrito por\" \/>\n\t<meta name=\"twitter:data1\" content=\"Jeanette\" \/>\n\t<meta name=\"twitter:label2\" content=\"Tiempo de lectura\" \/>\n\t<meta name=\"twitter:data2\" content=\"2 minutos\" \/>\n<script type=\"application\/ld+json\" class=\"yoast-schema-graph\">{\"@context\":\"https:\\\/\\\/schema.org\",\"@graph\":[{\"@type\":\"Article\",\"@id\":\"https:\\\/\\\/www.eldiario.net\\\/portal\\\/2023\\\/07\\\/29\\\/bolivar-va-por-mas-oriente-espera\\\/#article\",\"isPartOf\":{\"@id\":\"https:\\\/\\\/www.eldiario.net\\\/portal\\\/2023\\\/07\\\/29\\\/bolivar-va-por-mas-oriente-espera\\\/\"},\"author\":{\"name\":\"Jeanette\",\"@id\":\"https:\\\/\\\/www.eldiario.net\\\/portal\\\/#\\\/schema\\\/person\\\/f46445640444750d7d753ccd04ae01b7\"},\"headline\":\"BOL\u00cdVAR VA POR M\u00c1S, ORIENTE ESPERA\",\"datePublished\":\"2023-07-29T05:03:05+00:00\",\"mainEntityOfPage\":{\"@id\":\"https:\\\/\\\/www.eldiario.net\\\/portal\\\/2023\\\/07\\\/29\\\/bolivar-va-por-mas-oriente-espera\\\/\"},\"wordCount\":312,\"publisher\":{\"@id\":\"https:\\\/\\\/www.eldiario.net\\\/portal\\\/#organization\"},\"image\":{\"@id\":\"https:\\\/\\\/www.eldiario.net\\\/portal\\\/2023\\\/07\\\/29\\\/bolivar-va-por-mas-oriente-espera\\\/#primaryimage\"},\"thumbnailUrl\":\"https:\\\/\\\/www.eldiario.net\\\/portal\\\/wp-content\\\/uploads\\\/2023\\\/07\\\/FOTO-20-B.jpg\",\"articleSection\":[\"Deportes\"],\"inLanguage\":\"es\"},{\"@type\":\"WebPage\",\"@id\":\"https:\\\/\\\/www.eldiario.net\\\/portal\\\/2023\\\/07\\\/29\\\/bolivar-va-por-mas-oriente-espera\\\/\",\"url\":\"https:\\\/\\\/www.eldiario.net\\\/portal\\\/2023\\\/07\\\/29\\\/bolivar-va-por-mas-oriente-espera\\\/\",\"name\":\"BOL\u00cdVAR VA POR M\u00c1S, ORIENTE ESPERA - El Diario - Bolivia\",\"isPartOf\":{\"@id\":\"https:\\\/\\\/www.eldiario.net\\\/portal\\\/#website\"},\"primaryImageOfPage\":{\"@id\":\"https:\\\/\\\/www.eldiario.net\\\/portal\\\/2023\\\/07\\\/29\\\/bolivar-va-por-mas-oriente-espera\\\/#primaryimage\"},\"image\":{\"@id\":\"https:\\\/\\\/www.eldiario.net\\\/portal\\\/2023\\\/07\\\/29\\\/bolivar-va-por-mas-oriente-espera\\\/#primaryimage\"},\"thumbnailUrl\":\"https:\\\/\\\/www.eldiario.net\\\/portal\\\/wp-content\\\/uploads\\\/2023\\\/07\\\/FOTO-20-B.jpg\",\"datePublished\":\"2023-07-29T05:03:05+00:00\",\"breadcrumb\":{\"@id\":\"https:\\\/\\\/www.eldiario.net\\\/portal\\\/2023\\\/07\\\/29\\\/bolivar-va-por-mas-oriente-espera\\\/#breadcrumb\"},\"inLanguage\":\"es\",\"potentialAction\":[{\"@type\":\"ReadAction\",\"target\":[\"https:\\\/\\\/www.eldiario.net\\\/portal\\\/2023\\\/07\\\/29\\\/bolivar-va-por-mas-oriente-espera\\\/\"]}]},{\"@type\":\"ImageObject\",\"inLanguage\":\"es\",\"@id\":\"https:\\\/\\\/www.eldiario.net\\\/portal\\\/2023\\\/07\\\/29\\\/bolivar-va-por-mas-oriente-espera\\\/#primaryimage\",\"url\":\"https:\\\/\\\/www.eldiario.net\\\/portal\\\/wp-content\\\/uploads\\\/2023\\\/07\\\/FOTO-20-B.jpg\",\"contentUrl\":\"https:\\\/\\\/www.eldiario.net\\\/portal\\\/wp-content\\\/uploads\\\/2023\\\/07\\\/FOTO-20-B.jpg\",\"width\":1000,\"height\":863},{\"@type\":\"BreadcrumbList\",\"@id\":\"https:\\\/\\\/www.eldiario.net\\\/portal\\\/2023\\\/07\\\/29\\\/bolivar-va-por-mas-oriente-espera\\\/#breadcrumb\",\"itemListElement\":[{\"@type\":\"ListItem\",\"position\":1,\"name\":\"Portada\",\"item\":\"https:\\\/\\\/www.eldiario.net\\\/portal\\\/\"},{\"@type\":\"ListItem\",\"position\":2,\"name\":\"BOL\u00cdVAR VA POR M\u00c1S, ORIENTE ESPERA\"}]},{\"@type\":\"WebSite\",\"@id\":\"https:\\\/\\\/www.eldiario.net\\\/portal\\\/#website\",\"url\":\"https:\\\/\\\/www.eldiario.net\\\/portal\\\/\",\"name\":\"El Diario - Decano de la prensa nacional\",\"description\":\"El Diario - Decano de la prensa nacional\",\"publisher\":{\"@id\":\"https:\\\/\\\/www.eldiario.net\\\/portal\\\/#organization\"},\"potentialAction\":[{\"@type\":\"SearchAction\",\"target\":{\"@type\":\"EntryPoint\",\"urlTemplate\":\"https:\\\/\\\/www.eldiario.net\\\/portal\\\/?s={search_term_string}\"},\"query-input\":{\"@type\":\"PropertyValueSpecification\",\"valueRequired\":true,\"valueName\":\"search_term_string\"}}],\"inLanguage\":\"es\"},{\"@type\":\"Organization\",\"@id\":\"https:\\\/\\\/www.eldiario.net\\\/portal\\\/#organization\",\"name\":\"El Diario - Decano de la prensa nacional\",\"url\":\"https:\\\/\\\/www.eldiario.net\\\/portal\\\/\",\"logo\":{\"@type\":\"ImageObject\",\"inLanguage\":\"es\",\"@id\":\"https:\\\/\\\/www.eldiario.net\\\/portal\\\/#\\\/schema\\\/logo\\\/image\\\/\",\"url\":\"https:\\\/\\\/www.eldiario.net\\\/portal\\\/wp-content\\\/uploads\\\/2023\\\/07\\\/logo_ED.jpg\",\"contentUrl\":\"https:\\\/\\\/www.eldiario.net\\\/portal\\\/wp-content\\\/uploads\\\/2023\\\/07\\\/logo_ED.jpg\",\"width\":272,\"height\":52,\"caption\":\"El Diario - Decano de la prensa nacional\"},\"image\":{\"@id\":\"https:\\\/\\\/www.eldiario.net\\\/portal\\\/#\\\/schema\\\/logo\\\/image\\\/\"},\"sameAs\":[\"https:\\\/\\\/www.facebook.com\\\/eldiario.bolivia\\\/\",\"https:\\\/\\\/x.com\\\/eldiario_net\"]},{\"@type\":\"Person\",\"@id\":\"https:\\\/\\\/www.eldiario.net\\\/portal\\\/#\\\/schema\\\/person\\\/f46445640444750d7d753ccd04ae01b7\",\"name\":\"Jeanette\",\"image\":{\"@type\":\"ImageObject\",\"inLanguage\":\"es\",\"@id\":\"https:\\\/\\\/secure.gravatar.com\\\/avatar\\\/3ea2118a5f7dad2b7138b1187a6b7ee55f160b9968b66013c3a3ef39dd7e5798?s=96&d=mm&r=g\",\"url\":\"https:\\\/\\\/secure.gravatar.com\\\/avatar\\\/3ea2118a5f7dad2b7138b1187a6b7ee55f160b9968b66013c3a3ef39dd7e5798?s=96&d=mm&r=g\",\"contentUrl\":\"https:\\\/\\\/secure.gravatar.com\\\/avatar\\\/3ea2118a5f7dad2b7138b1187a6b7ee55f160b9968b66013c3a3ef39dd7e5798?s=96&d=mm&r=g\",\"caption\":\"Jeanette\"},\"sameAs\":[\"https:\\\/\\\/www.eldiario.net\\\/portal\"],\"url\":\"https:\\\/\\\/www.eldiario.net\\\/portal\\\/author\\\/jeanette\\\/\"}]}<\/script>\n<!-- \/ Yoast SEO plugin. -->","yoast_head_json":{"title":"BOL\u00cdVAR VA POR M\u00c1S, ORIENTE ESPERA - El Diario - Bolivia","robots":{"index":"index","follow":"follow","max-snippet":"max-snippet:-1","max-image-preview":"max-image-preview:large","max-video-preview":"max-video-preview:-1"},"canonical":"https:\/\/www.eldiario.net\/portal\/2023\/07\/29\/bolivar-va-por-mas-oriente-espera\/","og_locale":"es_ES","og_type":"article","og_title":"BOL\u00cdVAR VA POR M\u00c1S, ORIENTE ESPERA - El Diario - Bolivia","og_description":"Bol\u00edvar est\u00e1 envalentonado y pasa por un buen momento. Su pr\u00f3ximo desaf\u00edo debe cumplirlo esta noche cuando desde las 20:00 cuando visite en el estadio \u00abRam\u00f3n Aguilera Costas\u00bb a Oriente Petrolero de Santa Cruz por la fecha 21 del torneo \u00abTodos contra todos\u00bb. Las estad\u00edsticas apuntan que ser\u00e1 el partido n\u00famero cien entre ambas escuadras; [&hellip;]","og_url":"https:\/\/www.eldiario.net\/portal\/2023\/07\/29\/bolivar-va-por-mas-oriente-espera\/","og_site_name":"El Diario - Bolivia","article_publisher":"https:\/\/www.facebook.com\/eldiario.bolivia\/","article_published_time":"2023-07-29T05:03:05+00:00","og_image":[{"width":1000,"height":863,"url":"https:\/\/www.eldiario.net\/portal\/wp-content\/uploads\/2023\/07\/FOTO-20-B.jpg","type":"image\/jpeg"}],"author":"Jeanette","twitter_card":"summary_large_image","twitter_creator":"@eldiario_net","twitter_site":"@eldiario_net","twitter_misc":{"Escrito por":"Jeanette","Tiempo de lectura":"2 minutos"},"schema":{"@context":"https:\/\/schema.org","@graph":[{"@type":"Article","@id":"https:\/\/www.eldiario.net\/portal\/2023\/07\/29\/bolivar-va-por-mas-oriente-espera\/#article","isPartOf":{"@id":"https:\/\/www.eldiario.net\/portal\/2023\/07\/29\/bolivar-va-por-mas-oriente-espera\/"},"author":{"name":"Jeanette","@id":"https:\/\/www.eldiario.net\/portal\/#\/schema\/person\/f46445640444750d7d753ccd04ae01b7"},"headline":"BOL\u00cdVAR VA POR M\u00c1S, ORIENTE ESPERA","datePublished":"2023-07-29T05:03:05+00:00","mainEntityOfPage":{"@id":"https:\/\/www.eldiario.net\/portal\/2023\/07\/29\/bolivar-va-por-mas-oriente-espera\/"},"wordCount":312,"publisher":{"@id":"https:\/\/www.eldiario.net\/portal\/#organization"},"image":{"@id":"https:\/\/www.eldiario.net\/portal\/2023\/07\/29\/bolivar-va-por-mas-oriente-espera\/#primaryimage"},"thumbnailUrl":"https:\/\/www.eldiario.net\/portal\/wp-content\/uploads\/2023\/07\/FOTO-20-B.jpg","articleSection":["Deportes"],"inLanguage":"es"},{"@type":"WebPage","@id":"https:\/\/www.eldiario.net\/portal\/2023\/07\/29\/bolivar-va-por-mas-oriente-espera\/","url":"https:\/\/www.eldiario.net\/portal\/2023\/07\/29\/bolivar-va-por-mas-oriente-espera\/","name":"BOL\u00cdVAR VA POR M\u00c1S, ORIENTE ESPERA - El Diario - Bolivia","isPartOf":{"@id":"https:\/\/www.eldiario.net\/portal\/#website"},"primaryImageOfPage":{"@id":"https:\/\/www.eldiario.net\/portal\/2023\/07\/29\/bolivar-va-por-mas-oriente-espera\/#primaryimage"},"image":{"@id":"https:\/\/www.eldiario.net\/portal\/2023\/07\/29\/bolivar-va-por-mas-oriente-espera\/#primaryimage"},"thumbnailUrl":"https:\/\/www.eldiario.net\/portal\/wp-content\/uploads\/2023\/07\/FOTO-20-B.jpg","datePublished":"2023-07-29T05:03:05+00:00","breadcrumb":{"@id":"https:\/\/www.eldiario.net\/portal\/2023\/07\/29\/bolivar-va-por-mas-oriente-espera\/#breadcrumb"},"inLanguage":"es","potentialAction":[{"@type":"ReadAction","target":["https:\/\/www.eldiario.net\/portal\/2023\/07\/29\/bolivar-va-por-mas-oriente-espera\/"]}]},{"@type":"ImageObject","inLanguage":"es","@id":"https:\/\/www.eldiario.net\/portal\/2023\/07\/29\/bolivar-va-por-mas-oriente-espera\/#primaryimage","url":"https:\/\/www.eldiario.net\/portal\/wp-content\/uploads\/2023\/07\/FOTO-20-B.jpg","contentUrl":"https:\/\/www.eldiario.net\/portal\/wp-content\/uploads\/2023\/07\/FOTO-20-B.jpg","width":1000,"height":863},{"@type":"BreadcrumbList","@id":"https:\/\/www.eldiario.net\/portal\/2023\/07\/29\/bolivar-va-por-mas-oriente-espera\/#breadcrumb","itemListElement":[{"@type":"ListItem","position":1,"name":"Portada","item":"https:\/\/www.eldiario.net\/portal\/"},{"@type":"ListItem","position":2,"name":"BOL\u00cdVAR VA POR M\u00c1S, ORIENTE ESPERA"}]},{"@type":"WebSite","@id":"https:\/\/www.eldiario.net\/portal\/#website","url":"https:\/\/www.eldiario.net\/portal\/","name":"El Diario - Decano de la prensa nacional","description":"El Diario - Decano de la prensa nacional","publisher":{"@id":"https:\/\/www.eldiario.net\/portal\/#organization"},"potentialAction":[{"@type":"SearchAction","target":{"@type":"EntryPoint","urlTemplate":"https:\/\/www.eldiario.net\/portal\/?s={search_term_string}"},"query-input":{"@type":"PropertyValueSpecification","valueRequired":true,"valueName":"search_term_string"}}],"inLanguage":"es"},{"@type":"Organization","@id":"https:\/\/www.eldiario.net\/portal\/#organization","name":"El Diario - Decano de la prensa nacional","url":"https:\/\/www.eldiario.net\/portal\/","logo":{"@type":"ImageObject","inLanguage":"es","@id":"https:\/\/www.eldiario.net\/portal\/#\/schema\/logo\/image\/","url":"https:\/\/www.eldiario.net\/portal\/wp-content\/uploads\/2023\/07\/logo_ED.jpg","contentUrl":"https:\/\/www.eldiario.net\/portal\/wp-content\/uploads\/2023\/07\/logo_ED.jpg","width":272,"height":52,"caption":"El Diario - Decano de la prensa nacional"},"image":{"@id":"https:\/\/www.eldiario.net\/portal\/#\/schema\/logo\/image\/"},"sameAs":["https:\/\/www.facebook.com\/eldiario.bolivia\/","https:\/\/x.com\/eldiario_net"]},{"@type":"Person","@id":"https:\/\/www.eldiario.net\/portal\/#\/schema\/person\/f46445640444750d7d753ccd04ae01b7","name":"Jeanette","image":{"@type":"ImageObject","inLanguage":"es","@id":"https:\/\/secure.gravatar.com\/avatar\/3ea2118a5f7dad2b7138b1187a6b7ee55f160b9968b66013c3a3ef39dd7e5798?s=96&d=mm&r=g","url":"https:\/\/secure.gravatar.com\/avatar\/3ea2118a5f7dad2b7138b1187a6b7ee55f160b9968b66013c3a3ef39dd7e5798?s=96&d=mm&r=g","contentUrl":"https:\/\/secure.gravatar.com\/avatar\/3ea2118a5f7dad2b7138b1187a6b7ee55f160b9968b66013c3a3ef39dd7e5798?s=96&d=mm&r=g","caption":"Jeanette"},"sameAs":["https:\/\/www.eldiario.net\/portal"],"url":"https:\/\/www.eldiario.net\/portal\/author\/jeanette\/"}]}},"_links":{"self":[{"href":"https:\/\/www.eldiario.net\/portal\/wp-json\/wp\/v2\/posts\/168235","targetHints":{"allow":["GET"]}}],"collection":[{"href":"https:\/\/www.eldiario.net\/portal\/wp-json\/wp\/v2\/posts"}],"about":[{"href":"https:\/\/www.eldiario.net\/portal\/wp-json\/wp\/v2\/types\/post"}],"author":[{"embeddable":true,"href":"https:\/\/www.eldiario.net\/portal\/wp-json\/wp\/v2\/users\/1"}],"replies":[{"embeddable":true,"href":"https:\/\/www.eldiario.net\/portal\/wp-json\/wp\/v2\/comments?post=168235"}],"version-history":[{"count":0,"href":"https:\/\/www.eldiario.net\/portal\/wp-json\/wp\/v2\/posts\/168235\/revisions"}],"wp:featuredmedia":[{"embeddable":true,"href":"https:\/\/www.eldiario.net\/portal\/wp-json\/wp\/v2\/media\/168236"}],"wp:attachment":[{"href":"https:\/\/www.eldiario.net\/portal\/wp-json\/wp\/v2\/media?parent=168235"}],"wp:term":[{"taxonomy":"category","embeddable":true,"href":"https:\/\/www.eldiario.net\/portal\/wp-json\/wp\/v2\/categories?post=168235"},{"taxonomy":"post_tag","embeddable":true,"href":"https:\/\/www.eldiario.net\/portal\/wp-json\/wp\/v2\/tags?post=168235"}],"curies":[{"name":"wp","href":"https:\/\/api.w.org\/{rel}","templated":true}]}}