{"id":168198,"date":"2023-07-29T00:47:27","date_gmt":"2023-07-29T04:47:27","guid":{"rendered":"https:\/\/www.eldiario.net\/portal\/?p=168198"},"modified":"2023-07-29T00:47:27","modified_gmt":"2023-07-29T04:47:27","slug":"dan-de-baja-definitiva-de-la-policia-a-javier-alberti","status":"publish","type":"post","link":"https:\/\/www.eldiario.net\/portal\/2023\/07\/29\/dan-de-baja-definitiva-de-la-policia-a-javier-alberti\/","title":{"rendered":"Dan de baja definitiva de la Polic\u00eda a Javier Alberti"},"content":{"rendered":"<p class=\"v1gmail-MsoNoSpacing\">El R\u00e9gimen Disciplinario de la Polic\u00eda ha dado de baja definitiva al capit\u00e1n Javier Alberti, quien cuenta con antecedentes de varios hechos delictivos desde hace al menos 14 a\u00f1os.<\/p>\n<p class=\"v1gmail-MsoNoSpacing\">La baja fue ratificada por el Tribunal Disciplinario Superior de la Polic\u00eda Boliviana, con lo cual Alberti ya no tiene m\u00e1s instancias internas para apelar dentro la instituci\u00f3n del orden.<\/p>\n<p class=\"v1gmail-MsoNoSpacing\">\u00abDe esta manera, vamos limpiando las fuerzas policiales de elementos da\u00f1inos para la instituci\u00f3n y el trabajo policial, no permitiremos que se empa\u00f1e el trabajo de casi 40 mil hombres y mujeres por algunos efectivos policiales que adecuan su conducta a tipos penales\u00bb, coment\u00f3 el ministro de Gobierno, Eduardo Del Castillo, mediante redes sociales.<\/p>\n<p class=\"v1gmail-MsoNoSpacing\">\n<p class=\"v1gmail-MsoNoSpacing\">ANTECEDENTES<\/p>\n<p class=\"v1gmail-MsoNoSpacing\">Seg\u00fan difundi\u00f3 el Ministerio de Gobierno, Alberti el a\u00f1o 2009 estuvo implicado en un caso de narcotr\u00e1fico de 59 kilos de coca\u00edna por lo que fue recluido en el penal de Palmasola.<\/p>\n<p class=\"v1gmail-MsoNoSpacing\">Otro caso conocido se dio en 2015 donde fue aprehendido por extorsi\u00f3n y privaci\u00f3n de libertad.<\/p>\n<p class=\"v1gmail-MsoNoSpacing\">En 2021 Alberti fue acusado de extorsionar a transportistas en la localidad de Challapata.<\/p>\n<p class=\"v1gmail-MsoNoSpacing\">En 2022, el capit\u00e1n fue involucrado en el tr\u00e1fico de autos robados en Chile, caso por el cual fue enviado a la c\u00e1rcel, aunque despu\u00e9s fue liberado.<\/p>\n<p class=\"v1gmail-MsoNoSpacing\">En marzo de este 2023, Alberti fue aprehendido luego de haber sido filmado junto a otro capit\u00e1n agrediendo a una persona en Santa Cruz. Entonces se lo acus\u00f3 de robo.\u00a0(Erbol)<\/p>\n<p class=\"v1gmail-MsoNoSpacing\">\n","protected":false},"excerpt":{"rendered":"<p>El R\u00e9gimen Disciplinario de la Polic\u00eda ha dado de baja definitiva al capit\u00e1n Javier Alberti, quien cuenta con antecedentes de varios hechos delictivos desde hace al menos 14 a\u00f1os. La baja fue ratificada por el Tribunal Disciplinario Superior de la Polic\u00eda Boliviana, con lo cual Alberti ya no tiene m\u00e1s instancias internas para apelar dentro [&hellip;]<\/p>\n","protected":false},"author":1,"featured_media":168199,"comment_status":"closed","ping_status":"open","sticky":false,"template":"","format":"standard","meta":{"_acf_changed":false,"footnotes":""},"categories":[15],"tags":[],"class_list":["post-168198","post","type-post","status-publish","format-standard","has-post-thumbnail","category-portada"],"acf":{"antetitulo":""},"yoast_head":"<!-- This site is optimized with the Yoast SEO plugin v28.4 - https:\/\/yoast.com\/product\/yoast-seo-wordpress\/ -->\n<title>Dan de baja definitiva de la Polic\u00eda a Javier Alberti - El Diario - Bolivia<\/title>\n<meta name=\"robots\" content=\"index, follow, max-snippet:-1, max-image-preview:large, max-video-preview:-1\" \/>\n<link rel=\"canonical\" href=\"https:\/\/www.eldiario.net\/portal\/2023\/07\/29\/dan-de-baja-definitiva-de-la-policia-a-javier-alberti\/\" \/>\n<meta property=\"og:locale\" content=\"es_ES\" \/>\n<meta property=\"og:type\" content=\"article\" \/>\n<meta property=\"og:title\" content=\"Dan de baja definitiva de la Polic\u00eda a Javier Alberti - El Diario - Bolivia\" \/>\n<meta property=\"og:description\" content=\"El R\u00e9gimen Disciplinario de la Polic\u00eda ha dado de baja definitiva al capit\u00e1n Javier Alberti, quien cuenta con antecedentes de varios hechos delictivos desde hace al menos 14 a\u00f1os. La baja fue ratificada por el Tribunal Disciplinario Superior de la Polic\u00eda Boliviana, con lo cual Alberti ya no tiene m\u00e1s instancias internas para apelar dentro [&hellip;]\" \/>\n<meta property=\"og:url\" content=\"https:\/\/www.eldiario.net\/portal\/2023\/07\/29\/dan-de-baja-definitiva-de-la-policia-a-javier-alberti\/\" \/>\n<meta property=\"og:site_name\" content=\"El Diario - Bolivia\" \/>\n<meta property=\"article:publisher\" content=\"https:\/\/www.facebook.com\/eldiario.bolivia\/\" \/>\n<meta property=\"article:published_time\" content=\"2023-07-29T04:47:27+00:00\" \/>\n<meta property=\"og:image\" content=\"https:\/\/www.eldiario.net\/portal\/wp-content\/uploads\/2023\/07\/alberti-Erbol.jpg\" \/>\n\t<meta property=\"og:image:width\" content=\"1325\" \/>\n\t<meta property=\"og:image:height\" content=\"813\" \/>\n\t<meta property=\"og:image:type\" content=\"image\/jpeg\" \/>\n<meta name=\"author\" content=\"Jeanette\" \/>\n<meta name=\"twitter:card\" content=\"summary_large_image\" \/>\n<meta name=\"twitter:creator\" content=\"@eldiario_net\" \/>\n<meta name=\"twitter:site\" content=\"@eldiario_net\" \/>\n<meta name=\"twitter:label1\" content=\"Escrito por\" \/>\n\t<meta name=\"twitter:data1\" content=\"Jeanette\" \/>\n\t<meta name=\"twitter:label2\" content=\"Tiempo de lectura\" \/>\n\t<meta name=\"twitter:data2\" content=\"2 minutos\" \/>\n<script type=\"application\/ld+json\" class=\"yoast-schema-graph\">{\"@context\":\"https:\\\/\\\/schema.org\",\"@graph\":[{\"@type\":\"Article\",\"@id\":\"https:\\\/\\\/www.eldiario.net\\\/portal\\\/2023\\\/07\\\/29\\\/dan-de-baja-definitiva-de-la-policia-a-javier-alberti\\\/#article\",\"isPartOf\":{\"@id\":\"https:\\\/\\\/www.eldiario.net\\\/portal\\\/2023\\\/07\\\/29\\\/dan-de-baja-definitiva-de-la-policia-a-javier-alberti\\\/\"},\"author\":{\"name\":\"Jeanette\",\"@id\":\"https:\\\/\\\/www.eldiario.net\\\/portal\\\/#\\\/schema\\\/person\\\/f46445640444750d7d753ccd04ae01b7\"},\"headline\":\"Dan de baja definitiva de la Polic\u00eda a Javier Alberti\",\"datePublished\":\"2023-07-29T04:47:27+00:00\",\"mainEntityOfPage\":{\"@id\":\"https:\\\/\\\/www.eldiario.net\\\/portal\\\/2023\\\/07\\\/29\\\/dan-de-baja-definitiva-de-la-policia-a-javier-alberti\\\/\"},\"wordCount\":258,\"publisher\":{\"@id\":\"https:\\\/\\\/www.eldiario.net\\\/portal\\\/#organization\"},\"image\":{\"@id\":\"https:\\\/\\\/www.eldiario.net\\\/portal\\\/2023\\\/07\\\/29\\\/dan-de-baja-definitiva-de-la-policia-a-javier-alberti\\\/#primaryimage\"},\"thumbnailUrl\":\"https:\\\/\\\/www.eldiario.net\\\/portal\\\/wp-content\\\/uploads\\\/2023\\\/07\\\/alberti-Erbol.jpg\",\"articleSection\":[\"Portada\"],\"inLanguage\":\"es\"},{\"@type\":\"WebPage\",\"@id\":\"https:\\\/\\\/www.eldiario.net\\\/portal\\\/2023\\\/07\\\/29\\\/dan-de-baja-definitiva-de-la-policia-a-javier-alberti\\\/\",\"url\":\"https:\\\/\\\/www.eldiario.net\\\/portal\\\/2023\\\/07\\\/29\\\/dan-de-baja-definitiva-de-la-policia-a-javier-alberti\\\/\",\"name\":\"Dan de baja definitiva de la Polic\u00eda a Javier Alberti - El Diario - Bolivia\",\"isPartOf\":{\"@id\":\"https:\\\/\\\/www.eldiario.net\\\/portal\\\/#website\"},\"primaryImageOfPage\":{\"@id\":\"https:\\\/\\\/www.eldiario.net\\\/portal\\\/2023\\\/07\\\/29\\\/dan-de-baja-definitiva-de-la-policia-a-javier-alberti\\\/#primaryimage\"},\"image\":{\"@id\":\"https:\\\/\\\/www.eldiario.net\\\/portal\\\/2023\\\/07\\\/29\\\/dan-de-baja-definitiva-de-la-policia-a-javier-alberti\\\/#primaryimage\"},\"thumbnailUrl\":\"https:\\\/\\\/www.eldiario.net\\\/portal\\\/wp-content\\\/uploads\\\/2023\\\/07\\\/alberti-Erbol.jpg\",\"datePublished\":\"2023-07-29T04:47:27+00:00\",\"breadcrumb\":{\"@id\":\"https:\\\/\\\/www.eldiario.net\\\/portal\\\/2023\\\/07\\\/29\\\/dan-de-baja-definitiva-de-la-policia-a-javier-alberti\\\/#breadcrumb\"},\"inLanguage\":\"es\",\"potentialAction\":[{\"@type\":\"ReadAction\",\"target\":[\"https:\\\/\\\/www.eldiario.net\\\/portal\\\/2023\\\/07\\\/29\\\/dan-de-baja-definitiva-de-la-policia-a-javier-alberti\\\/\"]}]},{\"@type\":\"ImageObject\",\"inLanguage\":\"es\",\"@id\":\"https:\\\/\\\/www.eldiario.net\\\/portal\\\/2023\\\/07\\\/29\\\/dan-de-baja-definitiva-de-la-policia-a-javier-alberti\\\/#primaryimage\",\"url\":\"https:\\\/\\\/www.eldiario.net\\\/portal\\\/wp-content\\\/uploads\\\/2023\\\/07\\\/alberti-Erbol.jpg\",\"contentUrl\":\"https:\\\/\\\/www.eldiario.net\\\/portal\\\/wp-content\\\/uploads\\\/2023\\\/07\\\/alberti-Erbol.jpg\",\"width\":1325,\"height\":813,\"caption\":\"Alberti cuando fue presentado en marzo. CREDITO: Min. Gobierno\"},{\"@type\":\"BreadcrumbList\",\"@id\":\"https:\\\/\\\/www.eldiario.net\\\/portal\\\/2023\\\/07\\\/29\\\/dan-de-baja-definitiva-de-la-policia-a-javier-alberti\\\/#breadcrumb\",\"itemListElement\":[{\"@type\":\"ListItem\",\"position\":1,\"name\":\"Portada\",\"item\":\"https:\\\/\\\/www.eldiario.net\\\/portal\\\/\"},{\"@type\":\"ListItem\",\"position\":2,\"name\":\"Dan de baja definitiva de la Polic\u00eda a Javier Alberti\"}]},{\"@type\":\"WebSite\",\"@id\":\"https:\\\/\\\/www.eldiario.net\\\/portal\\\/#website\",\"url\":\"https:\\\/\\\/www.eldiario.net\\\/portal\\\/\",\"name\":\"El Diario - Decano de la prensa nacional\",\"description\":\"El Diario - Decano de la prensa nacional\",\"publisher\":{\"@id\":\"https:\\\/\\\/www.eldiario.net\\\/portal\\\/#organization\"},\"potentialAction\":[{\"@type\":\"SearchAction\",\"target\":{\"@type\":\"EntryPoint\",\"urlTemplate\":\"https:\\\/\\\/www.eldiario.net\\\/portal\\\/?s={search_term_string}\"},\"query-input\":{\"@type\":\"PropertyValueSpecification\",\"valueRequired\":true,\"valueName\":\"search_term_string\"}}],\"inLanguage\":\"es\"},{\"@type\":\"Organization\",\"@id\":\"https:\\\/\\\/www.eldiario.net\\\/portal\\\/#organization\",\"name\":\"El Diario - Decano de la prensa nacional\",\"url\":\"https:\\\/\\\/www.eldiario.net\\\/portal\\\/\",\"logo\":{\"@type\":\"ImageObject\",\"inLanguage\":\"es\",\"@id\":\"https:\\\/\\\/www.eldiario.net\\\/portal\\\/#\\\/schema\\\/logo\\\/image\\\/\",\"url\":\"https:\\\/\\\/www.eldiario.net\\\/portal\\\/wp-content\\\/uploads\\\/2023\\\/07\\\/logo_ED.jpg\",\"contentUrl\":\"https:\\\/\\\/www.eldiario.net\\\/portal\\\/wp-content\\\/uploads\\\/2023\\\/07\\\/logo_ED.jpg\",\"width\":272,\"height\":52,\"caption\":\"El Diario - Decano de la prensa nacional\"},\"image\":{\"@id\":\"https:\\\/\\\/www.eldiario.net\\\/portal\\\/#\\\/schema\\\/logo\\\/image\\\/\"},\"sameAs\":[\"https:\\\/\\\/www.facebook.com\\\/eldiario.bolivia\\\/\",\"https:\\\/\\\/x.com\\\/eldiario_net\"]},{\"@type\":\"Person\",\"@id\":\"https:\\\/\\\/www.eldiario.net\\\/portal\\\/#\\\/schema\\\/person\\\/f46445640444750d7d753ccd04ae01b7\",\"name\":\"Jeanette\",\"image\":{\"@type\":\"ImageObject\",\"inLanguage\":\"es\",\"@id\":\"https:\\\/\\\/secure.gravatar.com\\\/avatar\\\/3ea2118a5f7dad2b7138b1187a6b7ee55f160b9968b66013c3a3ef39dd7e5798?s=96&d=mm&r=g\",\"url\":\"https:\\\/\\\/secure.gravatar.com\\\/avatar\\\/3ea2118a5f7dad2b7138b1187a6b7ee55f160b9968b66013c3a3ef39dd7e5798?s=96&d=mm&r=g\",\"contentUrl\":\"https:\\\/\\\/secure.gravatar.com\\\/avatar\\\/3ea2118a5f7dad2b7138b1187a6b7ee55f160b9968b66013c3a3ef39dd7e5798?s=96&d=mm&r=g\",\"caption\":\"Jeanette\"},\"sameAs\":[\"https:\\\/\\\/www.eldiario.net\\\/portal\"],\"url\":\"https:\\\/\\\/www.eldiario.net\\\/portal\\\/author\\\/jeanette\\\/\"}]}<\/script>\n<!-- \/ Yoast SEO plugin. -->","yoast_head_json":{"title":"Dan de baja definitiva de la Polic\u00eda a Javier Alberti - El Diario - Bolivia","robots":{"index":"index","follow":"follow","max-snippet":"max-snippet:-1","max-image-preview":"max-image-preview:large","max-video-preview":"max-video-preview:-1"},"canonical":"https:\/\/www.eldiario.net\/portal\/2023\/07\/29\/dan-de-baja-definitiva-de-la-policia-a-javier-alberti\/","og_locale":"es_ES","og_type":"article","og_title":"Dan de baja definitiva de la Polic\u00eda a Javier Alberti - El Diario - Bolivia","og_description":"El R\u00e9gimen Disciplinario de la Polic\u00eda ha dado de baja definitiva al capit\u00e1n Javier Alberti, quien cuenta con antecedentes de varios hechos delictivos desde hace al menos 14 a\u00f1os. La baja fue ratificada por el Tribunal Disciplinario Superior de la Polic\u00eda Boliviana, con lo cual Alberti ya no tiene m\u00e1s instancias internas para apelar dentro [&hellip;]","og_url":"https:\/\/www.eldiario.net\/portal\/2023\/07\/29\/dan-de-baja-definitiva-de-la-policia-a-javier-alberti\/","og_site_name":"El Diario - Bolivia","article_publisher":"https:\/\/www.facebook.com\/eldiario.bolivia\/","article_published_time":"2023-07-29T04:47:27+00:00","og_image":[{"width":1325,"height":813,"url":"https:\/\/www.eldiario.net\/portal\/wp-content\/uploads\/2023\/07\/alberti-Erbol.jpg","type":"image\/jpeg"}],"author":"Jeanette","twitter_card":"summary_large_image","twitter_creator":"@eldiario_net","twitter_site":"@eldiario_net","twitter_misc":{"Escrito por":"Jeanette","Tiempo de lectura":"2 minutos"},"schema":{"@context":"https:\/\/schema.org","@graph":[{"@type":"Article","@id":"https:\/\/www.eldiario.net\/portal\/2023\/07\/29\/dan-de-baja-definitiva-de-la-policia-a-javier-alberti\/#article","isPartOf":{"@id":"https:\/\/www.eldiario.net\/portal\/2023\/07\/29\/dan-de-baja-definitiva-de-la-policia-a-javier-alberti\/"},"author":{"name":"Jeanette","@id":"https:\/\/www.eldiario.net\/portal\/#\/schema\/person\/f46445640444750d7d753ccd04ae01b7"},"headline":"Dan de baja definitiva de la Polic\u00eda a Javier Alberti","datePublished":"2023-07-29T04:47:27+00:00","mainEntityOfPage":{"@id":"https:\/\/www.eldiario.net\/portal\/2023\/07\/29\/dan-de-baja-definitiva-de-la-policia-a-javier-alberti\/"},"wordCount":258,"publisher":{"@id":"https:\/\/www.eldiario.net\/portal\/#organization"},"image":{"@id":"https:\/\/www.eldiario.net\/portal\/2023\/07\/29\/dan-de-baja-definitiva-de-la-policia-a-javier-alberti\/#primaryimage"},"thumbnailUrl":"https:\/\/www.eldiario.net\/portal\/wp-content\/uploads\/2023\/07\/alberti-Erbol.jpg","articleSection":["Portada"],"inLanguage":"es"},{"@type":"WebPage","@id":"https:\/\/www.eldiario.net\/portal\/2023\/07\/29\/dan-de-baja-definitiva-de-la-policia-a-javier-alberti\/","url":"https:\/\/www.eldiario.net\/portal\/2023\/07\/29\/dan-de-baja-definitiva-de-la-policia-a-javier-alberti\/","name":"Dan de baja definitiva de la Polic\u00eda a Javier Alberti - El Diario - Bolivia","isPartOf":{"@id":"https:\/\/www.eldiario.net\/portal\/#website"},"primaryImageOfPage":{"@id":"https:\/\/www.eldiario.net\/portal\/2023\/07\/29\/dan-de-baja-definitiva-de-la-policia-a-javier-alberti\/#primaryimage"},"image":{"@id":"https:\/\/www.eldiario.net\/portal\/2023\/07\/29\/dan-de-baja-definitiva-de-la-policia-a-javier-alberti\/#primaryimage"},"thumbnailUrl":"https:\/\/www.eldiario.net\/portal\/wp-content\/uploads\/2023\/07\/alberti-Erbol.jpg","datePublished":"2023-07-29T04:47:27+00:00","breadcrumb":{"@id":"https:\/\/www.eldiario.net\/portal\/2023\/07\/29\/dan-de-baja-definitiva-de-la-policia-a-javier-alberti\/#breadcrumb"},"inLanguage":"es","potentialAction":[{"@type":"ReadAction","target":["https:\/\/www.eldiario.net\/portal\/2023\/07\/29\/dan-de-baja-definitiva-de-la-policia-a-javier-alberti\/"]}]},{"@type":"ImageObject","inLanguage":"es","@id":"https:\/\/www.eldiario.net\/portal\/2023\/07\/29\/dan-de-baja-definitiva-de-la-policia-a-javier-alberti\/#primaryimage","url":"https:\/\/www.eldiario.net\/portal\/wp-content\/uploads\/2023\/07\/alberti-Erbol.jpg","contentUrl":"https:\/\/www.eldiario.net\/portal\/wp-content\/uploads\/2023\/07\/alberti-Erbol.jpg","width":1325,"height":813,"caption":"Alberti cuando fue presentado en marzo. CREDITO: Min. Gobierno"},{"@type":"BreadcrumbList","@id":"https:\/\/www.eldiario.net\/portal\/2023\/07\/29\/dan-de-baja-definitiva-de-la-policia-a-javier-alberti\/#breadcrumb","itemListElement":[{"@type":"ListItem","position":1,"name":"Portada","item":"https:\/\/www.eldiario.net\/portal\/"},{"@type":"ListItem","position":2,"name":"Dan de baja definitiva de la Polic\u00eda a Javier Alberti"}]},{"@type":"WebSite","@id":"https:\/\/www.eldiario.net\/portal\/#website","url":"https:\/\/www.eldiario.net\/portal\/","name":"El Diario - Decano de la prensa nacional","description":"El Diario - Decano de la prensa nacional","publisher":{"@id":"https:\/\/www.eldiario.net\/portal\/#organization"},"potentialAction":[{"@type":"SearchAction","target":{"@type":"EntryPoint","urlTemplate":"https:\/\/www.eldiario.net\/portal\/?s={search_term_string}"},"query-input":{"@type":"PropertyValueSpecification","valueRequired":true,"valueName":"search_term_string"}}],"inLanguage":"es"},{"@type":"Organization","@id":"https:\/\/www.eldiario.net\/portal\/#organization","name":"El Diario - Decano de la prensa nacional","url":"https:\/\/www.eldiario.net\/portal\/","logo":{"@type":"ImageObject","inLanguage":"es","@id":"https:\/\/www.eldiario.net\/portal\/#\/schema\/logo\/image\/","url":"https:\/\/www.eldiario.net\/portal\/wp-content\/uploads\/2023\/07\/logo_ED.jpg","contentUrl":"https:\/\/www.eldiario.net\/portal\/wp-content\/uploads\/2023\/07\/logo_ED.jpg","width":272,"height":52,"caption":"El Diario - Decano de la prensa nacional"},"image":{"@id":"https:\/\/www.eldiario.net\/portal\/#\/schema\/logo\/image\/"},"sameAs":["https:\/\/www.facebook.com\/eldiario.bolivia\/","https:\/\/x.com\/eldiario_net"]},{"@type":"Person","@id":"https:\/\/www.eldiario.net\/portal\/#\/schema\/person\/f46445640444750d7d753ccd04ae01b7","name":"Jeanette","image":{"@type":"ImageObject","inLanguage":"es","@id":"https:\/\/secure.gravatar.com\/avatar\/3ea2118a5f7dad2b7138b1187a6b7ee55f160b9968b66013c3a3ef39dd7e5798?s=96&d=mm&r=g","url":"https:\/\/secure.gravatar.com\/avatar\/3ea2118a5f7dad2b7138b1187a6b7ee55f160b9968b66013c3a3ef39dd7e5798?s=96&d=mm&r=g","contentUrl":"https:\/\/secure.gravatar.com\/avatar\/3ea2118a5f7dad2b7138b1187a6b7ee55f160b9968b66013c3a3ef39dd7e5798?s=96&d=mm&r=g","caption":"Jeanette"},"sameAs":["https:\/\/www.eldiario.net\/portal"],"url":"https:\/\/www.eldiario.net\/portal\/author\/jeanette\/"}]}},"_links":{"self":[{"href":"https:\/\/www.eldiario.net\/portal\/wp-json\/wp\/v2\/posts\/168198","targetHints":{"allow":["GET"]}}],"collection":[{"href":"https:\/\/www.eldiario.net\/portal\/wp-json\/wp\/v2\/posts"}],"about":[{"href":"https:\/\/www.eldiario.net\/portal\/wp-json\/wp\/v2\/types\/post"}],"author":[{"embeddable":true,"href":"https:\/\/www.eldiario.net\/portal\/wp-json\/wp\/v2\/users\/1"}],"replies":[{"embeddable":true,"href":"https:\/\/www.eldiario.net\/portal\/wp-json\/wp\/v2\/comments?post=168198"}],"version-history":[{"count":0,"href":"https:\/\/www.eldiario.net\/portal\/wp-json\/wp\/v2\/posts\/168198\/revisions"}],"wp:featuredmedia":[{"embeddable":true,"href":"https:\/\/www.eldiario.net\/portal\/wp-json\/wp\/v2\/media\/168199"}],"wp:attachment":[{"href":"https:\/\/www.eldiario.net\/portal\/wp-json\/wp\/v2\/media?parent=168198"}],"wp:term":[{"taxonomy":"category","embeddable":true,"href":"https:\/\/www.eldiario.net\/portal\/wp-json\/wp\/v2\/categories?post=168198"},{"taxonomy":"post_tag","embeddable":true,"href":"https:\/\/www.eldiario.net\/portal\/wp-json\/wp\/v2\/tags?post=168198"}],"curies":[{"name":"wp","href":"https:\/\/api.w.org\/{rel}","templated":true}]}}