{"id":168196,"date":"2023-07-29T00:46:09","date_gmt":"2023-07-29T04:46:09","guid":{"rendered":"https:\/\/www.eldiario.net\/portal\/?p=168196"},"modified":"2023-07-29T00:46:09","modified_gmt":"2023-07-29T04:46:09","slug":"disponen-que-caso-banco-fassil-retorne-a-santa-cruz","status":"publish","type":"post","link":"https:\/\/www.eldiario.net\/portal\/2023\/07\/29\/disponen-que-caso-banco-fassil-retorne-a-santa-cruz\/","title":{"rendered":"Disponen que caso Banco  Fassil retorne a Santa Cruz"},"content":{"rendered":"<p class=\"v1gmail-MsoNoSpacing\">El Tribunal Tercero de Sentencia de Santa Cruz determin\u00f3 ayer que los expedientes del caso del Banco Fassil sean devueltos a Santa Cruz, tras conceder la tutela de la acci\u00f3n de libertad que interpuso la defensa del expresidente de la entidad financiera, Ricardo Mertens, por la vulneraci\u00f3n al debido proceso y sus derechos constitucionales.<\/p>\n<p class=\"v1gmail-MsoNoSpacing\">\u00abEsas vulneraciones y violaciones en el debido proceso que han sido efectuadas por el juez de la paz, han sido tuteladas por el Tribunal Tercero de Sentencia de Santa cruz. Al haberse anulado esta disposici\u00f3n ilegal, arbitraria y abusiva el tribunal de garant\u00edas dispuso la remisi\u00f3n de los cuadernos procesales a los jueces y a los fiscales de Santa Cruz, para que se continue de manera formal con todo el procedimiento\u00bb, inform\u00f3 el abogado de Mertens, Robin Justiniano a la ANF.<\/p>\n<p class=\"v1gmail-MsoNoSpacing\">La semana pasada, el juez Cuarto Anticorrupci\u00f3n de La Paz, Alejandro Gamboa decidi\u00f3 la acumulaci\u00f3n de los casos investigados por legitimaci\u00f3n de ganancias il\u00edcitas, que se investigan en La Paz y Santa Cruz, a ra\u00edz de un recurso legal que present\u00f3 el Ministerio de Justicia y la Autoridad de Supervisi\u00f3n del Sistema Financiero (Asfi).<\/p>\n<p class=\"v1gmail-MsoNoSpacing\">Anteriormente, el ministro de Justicia, Iv\u00e1n Lima, asegur\u00f3 que el Gobierno garantiza el debido proceso y transparencia en toda la investigaci\u00f3n del caso. Adem\u00e1s, explic\u00f3 que no ante la imposibilidad de llevar dos procesos por un mismo hecho, se solicit\u00f3 la acumulaci\u00f3n de las investigaciones.<\/p>\n<p class=\"v1gmail-MsoNoSpacing\">\u00abComo Ministerio de Justicia hemos presentado una excepci\u00f3n que tiene que ver con la imposibilidad de llevar dos juicios por los mismos hechos. Consideramos que los delitos m\u00e1s graves y las entidades que combaten la legitimaci\u00f3n de ganancias il\u00edcitas est\u00e1n en La Paz. No pod\u00edamos tener dos procesos, uno en La Paz y otro en Santa Cruz\u00bb, manifest\u00f3.<\/p>\n<p class=\"v1gmail-MsoNoSpacing\">Justiniano explic\u00f3 que se identificaron varias irregularidades, inicialmente las notificaciones se realizaron a trav\u00e9s de WhatsApp y no de manera personal, se impuso un abogado de oficio a Mertens, que pese a sus reclamos para que se convoque a sus abogados de confianza hizo caso omiso.<\/p>\n<p class=\"v1gmail-MsoNoSpacing\">\u00abEsta autoridad a momento de realizar la audiencia el 21 de julio y disponer la acumulaci\u00f3n de los autos referidos, no se notific\u00f3 de forma personal a los imputados, se notific\u00f3 a trav\u00e9s de WhatsApp siendo que ellos est\u00e1n detenidos en un recinto penitenciario. Adem\u00e1s, que se impuso de forma obligatoria un abogado de oficio sin tomar en cuenta el reclamo del se\u00f1or Mertens, que ped\u00eda que sus abogados de confianza est\u00e9n presentes\u00bb, expres\u00f3.<\/p>\n<p class=\"v1gmail-MsoNoSpacing\">Justiniano afirm\u00f3 que su cliente enfrenta dos procesos en la capital cruce\u00f1a, la primera se inici\u00f3 el 19 de abril por delitos financieros por el que permanece con detenci\u00f3n preventiva en la c\u00e1rcel de Palmasola. El 27 de ese mes se abri\u00f3 un segundo caso por legitimaci\u00f3n de ganancias il\u00edcitas, estafa agravada y enriquecimiento il\u00edcito.<\/p>\n<p class=\"v1gmail-MsoNoSpacing\">Dos meses despu\u00e9s, en La Paz, se inici\u00f3 una investigaci\u00f3n por legitimaci\u00f3n de ganancias il\u00edcitas, la denuncia fue presentada por el Ministerio de Justicia. Ese hecho fue cuestionado por el jurista porque se vulner\u00f3 el principio de competencia, que el hecho se produjo en la capital cruce\u00f1a y que los implicados residen en esa regi\u00f3n.<\/p>\n<p class=\"v1gmail-MsoNoSpacing\">\u00abPero esto va m\u00e1s all\u00e1, al iniciar el proceso penal en La Paz, la regla de competencia establecida en el C\u00f3digo de Procedimiento Penal establece que se debe respetar la jurisdicci\u00f3n, es decir que donde se llev\u00f3 a cabo el hecho y los implicados viven en Santa cruz, por tanto, el caso debe quedarse en esta regi\u00f3n. (ANF)<\/p>\n","protected":false},"excerpt":{"rendered":"<p>El Tribunal Tercero de Sentencia de Santa Cruz determin\u00f3 ayer que los expedientes del caso del Banco Fassil sean devueltos a Santa Cruz, tras conceder la tutela de la acci\u00f3n de libertad que interpuso la defensa del expresidente de la entidad financiera, Ricardo Mertens, por la vulneraci\u00f3n al debido proceso y sus derechos constitucionales. \u00abEsas [&hellip;]<\/p>\n","protected":false},"author":1,"featured_media":168204,"comment_status":"closed","ping_status":"open","sticky":false,"template":"","format":"standard","meta":{"_acf_changed":false,"footnotes":""},"categories":[15],"tags":[],"class_list":["post-168196","post","type-post","status-publish","format-standard","has-post-thumbnail","category-portada"],"acf":{"antetitulo":""},"yoast_head":"<!-- This site is optimized with the Yoast SEO plugin v28.4 - https:\/\/yoast.com\/product\/yoast-seo-wordpress\/ -->\n<title>Disponen que caso Banco Fassil retorne a Santa Cruz - El Diario - Bolivia<\/title>\n<meta name=\"robots\" content=\"index, follow, max-snippet:-1, max-image-preview:large, max-video-preview:-1\" \/>\n<link rel=\"canonical\" href=\"https:\/\/www.eldiario.net\/portal\/2023\/07\/29\/disponen-que-caso-banco-fassil-retorne-a-santa-cruz\/\" \/>\n<meta property=\"og:locale\" content=\"es_ES\" \/>\n<meta property=\"og:type\" content=\"article\" \/>\n<meta property=\"og:title\" content=\"Disponen que caso Banco Fassil retorne a Santa Cruz - El Diario - Bolivia\" \/>\n<meta property=\"og:description\" content=\"El Tribunal Tercero de Sentencia de Santa Cruz determin\u00f3 ayer que los expedientes del caso del Banco Fassil sean devueltos a Santa Cruz, tras conceder la tutela de la acci\u00f3n de libertad que interpuso la defensa del expresidente de la entidad financiera, Ricardo Mertens, por la vulneraci\u00f3n al debido proceso y sus derechos constitucionales. \u00abEsas [&hellip;]\" \/>\n<meta property=\"og:url\" content=\"https:\/\/www.eldiario.net\/portal\/2023\/07\/29\/disponen-que-caso-banco-fassil-retorne-a-santa-cruz\/\" \/>\n<meta property=\"og:site_name\" content=\"El Diario - Bolivia\" \/>\n<meta property=\"article:publisher\" content=\"https:\/\/www.facebook.com\/eldiario.bolivia\/\" \/>\n<meta property=\"article:published_time\" content=\"2023-07-29T04:46:09+00:00\" \/>\n<meta property=\"og:image\" content=\"https:\/\/www.eldiario.net\/portal\/wp-content\/uploads\/2023\/07\/FASSIL-ANF.jpg\" \/>\n\t<meta property=\"og:image:width\" content=\"600\" \/>\n\t<meta property=\"og:image:height\" content=\"338\" \/>\n\t<meta property=\"og:image:type\" content=\"image\/jpeg\" \/>\n<meta name=\"author\" content=\"Jeanette\" \/>\n<meta name=\"twitter:card\" content=\"summary_large_image\" \/>\n<meta name=\"twitter:creator\" content=\"@eldiario_net\" \/>\n<meta name=\"twitter:site\" content=\"@eldiario_net\" \/>\n<meta name=\"twitter:label1\" content=\"Escrito por\" \/>\n\t<meta name=\"twitter:data1\" content=\"Jeanette\" \/>\n\t<meta name=\"twitter:label2\" content=\"Tiempo de lectura\" \/>\n\t<meta name=\"twitter:data2\" content=\"3 minutos\" \/>\n<script type=\"application\/ld+json\" class=\"yoast-schema-graph\">{\"@context\":\"https:\\\/\\\/schema.org\",\"@graph\":[{\"@type\":\"Article\",\"@id\":\"https:\\\/\\\/www.eldiario.net\\\/portal\\\/2023\\\/07\\\/29\\\/disponen-que-caso-banco-fassil-retorne-a-santa-cruz\\\/#article\",\"isPartOf\":{\"@id\":\"https:\\\/\\\/www.eldiario.net\\\/portal\\\/2023\\\/07\\\/29\\\/disponen-que-caso-banco-fassil-retorne-a-santa-cruz\\\/\"},\"author\":{\"name\":\"Jeanette\",\"@id\":\"https:\\\/\\\/www.eldiario.net\\\/portal\\\/#\\\/schema\\\/person\\\/f46445640444750d7d753ccd04ae01b7\"},\"headline\":\"Disponen que caso Banco Fassil retorne a Santa Cruz\",\"datePublished\":\"2023-07-29T04:46:09+00:00\",\"mainEntityOfPage\":{\"@id\":\"https:\\\/\\\/www.eldiario.net\\\/portal\\\/2023\\\/07\\\/29\\\/disponen-que-caso-banco-fassil-retorne-a-santa-cruz\\\/\"},\"wordCount\":631,\"publisher\":{\"@id\":\"https:\\\/\\\/www.eldiario.net\\\/portal\\\/#organization\"},\"image\":{\"@id\":\"https:\\\/\\\/www.eldiario.net\\\/portal\\\/2023\\\/07\\\/29\\\/disponen-que-caso-banco-fassil-retorne-a-santa-cruz\\\/#primaryimage\"},\"thumbnailUrl\":\"https:\\\/\\\/www.eldiario.net\\\/portal\\\/wp-content\\\/uploads\\\/2023\\\/07\\\/FASSIL-ANF.jpg\",\"articleSection\":[\"Portada\"],\"inLanguage\":\"es\"},{\"@type\":\"WebPage\",\"@id\":\"https:\\\/\\\/www.eldiario.net\\\/portal\\\/2023\\\/07\\\/29\\\/disponen-que-caso-banco-fassil-retorne-a-santa-cruz\\\/\",\"url\":\"https:\\\/\\\/www.eldiario.net\\\/portal\\\/2023\\\/07\\\/29\\\/disponen-que-caso-banco-fassil-retorne-a-santa-cruz\\\/\",\"name\":\"Disponen que caso Banco Fassil retorne a Santa Cruz - El Diario - Bolivia\",\"isPartOf\":{\"@id\":\"https:\\\/\\\/www.eldiario.net\\\/portal\\\/#website\"},\"primaryImageOfPage\":{\"@id\":\"https:\\\/\\\/www.eldiario.net\\\/portal\\\/2023\\\/07\\\/29\\\/disponen-que-caso-banco-fassil-retorne-a-santa-cruz\\\/#primaryimage\"},\"image\":{\"@id\":\"https:\\\/\\\/www.eldiario.net\\\/portal\\\/2023\\\/07\\\/29\\\/disponen-que-caso-banco-fassil-retorne-a-santa-cruz\\\/#primaryimage\"},\"thumbnailUrl\":\"https:\\\/\\\/www.eldiario.net\\\/portal\\\/wp-content\\\/uploads\\\/2023\\\/07\\\/FASSIL-ANF.jpg\",\"datePublished\":\"2023-07-29T04:46:09+00:00\",\"breadcrumb\":{\"@id\":\"https:\\\/\\\/www.eldiario.net\\\/portal\\\/2023\\\/07\\\/29\\\/disponen-que-caso-banco-fassil-retorne-a-santa-cruz\\\/#breadcrumb\"},\"inLanguage\":\"es\",\"potentialAction\":[{\"@type\":\"ReadAction\",\"target\":[\"https:\\\/\\\/www.eldiario.net\\\/portal\\\/2023\\\/07\\\/29\\\/disponen-que-caso-banco-fassil-retorne-a-santa-cruz\\\/\"]}]},{\"@type\":\"ImageObject\",\"inLanguage\":\"es\",\"@id\":\"https:\\\/\\\/www.eldiario.net\\\/portal\\\/2023\\\/07\\\/29\\\/disponen-que-caso-banco-fassil-retorne-a-santa-cruz\\\/#primaryimage\",\"url\":\"https:\\\/\\\/www.eldiario.net\\\/portal\\\/wp-content\\\/uploads\\\/2023\\\/07\\\/FASSIL-ANF.jpg\",\"contentUrl\":\"https:\\\/\\\/www.eldiario.net\\\/portal\\\/wp-content\\\/uploads\\\/2023\\\/07\\\/FASSIL-ANF.jpg\",\"width\":600,\"height\":338,\"caption\":\"Frontis del Banco Fassil. CREDITO: Internet\"},{\"@type\":\"BreadcrumbList\",\"@id\":\"https:\\\/\\\/www.eldiario.net\\\/portal\\\/2023\\\/07\\\/29\\\/disponen-que-caso-banco-fassil-retorne-a-santa-cruz\\\/#breadcrumb\",\"itemListElement\":[{\"@type\":\"ListItem\",\"position\":1,\"name\":\"Portada\",\"item\":\"https:\\\/\\\/www.eldiario.net\\\/portal\\\/\"},{\"@type\":\"ListItem\",\"position\":2,\"name\":\"Disponen que caso Banco Fassil retorne a Santa Cruz\"}]},{\"@type\":\"WebSite\",\"@id\":\"https:\\\/\\\/www.eldiario.net\\\/portal\\\/#website\",\"url\":\"https:\\\/\\\/www.eldiario.net\\\/portal\\\/\",\"name\":\"El Diario - Decano de la prensa nacional\",\"description\":\"El Diario - Decano de la prensa nacional\",\"publisher\":{\"@id\":\"https:\\\/\\\/www.eldiario.net\\\/portal\\\/#organization\"},\"potentialAction\":[{\"@type\":\"SearchAction\",\"target\":{\"@type\":\"EntryPoint\",\"urlTemplate\":\"https:\\\/\\\/www.eldiario.net\\\/portal\\\/?s={search_term_string}\"},\"query-input\":{\"@type\":\"PropertyValueSpecification\",\"valueRequired\":true,\"valueName\":\"search_term_string\"}}],\"inLanguage\":\"es\"},{\"@type\":\"Organization\",\"@id\":\"https:\\\/\\\/www.eldiario.net\\\/portal\\\/#organization\",\"name\":\"El Diario - Decano de la prensa nacional\",\"url\":\"https:\\\/\\\/www.eldiario.net\\\/portal\\\/\",\"logo\":{\"@type\":\"ImageObject\",\"inLanguage\":\"es\",\"@id\":\"https:\\\/\\\/www.eldiario.net\\\/portal\\\/#\\\/schema\\\/logo\\\/image\\\/\",\"url\":\"https:\\\/\\\/www.eldiario.net\\\/portal\\\/wp-content\\\/uploads\\\/2023\\\/07\\\/logo_ED.jpg\",\"contentUrl\":\"https:\\\/\\\/www.eldiario.net\\\/portal\\\/wp-content\\\/uploads\\\/2023\\\/07\\\/logo_ED.jpg\",\"width\":272,\"height\":52,\"caption\":\"El Diario - Decano de la prensa nacional\"},\"image\":{\"@id\":\"https:\\\/\\\/www.eldiario.net\\\/portal\\\/#\\\/schema\\\/logo\\\/image\\\/\"},\"sameAs\":[\"https:\\\/\\\/www.facebook.com\\\/eldiario.bolivia\\\/\",\"https:\\\/\\\/x.com\\\/eldiario_net\"]},{\"@type\":\"Person\",\"@id\":\"https:\\\/\\\/www.eldiario.net\\\/portal\\\/#\\\/schema\\\/person\\\/f46445640444750d7d753ccd04ae01b7\",\"name\":\"Jeanette\",\"image\":{\"@type\":\"ImageObject\",\"inLanguage\":\"es\",\"@id\":\"https:\\\/\\\/secure.gravatar.com\\\/avatar\\\/3ea2118a5f7dad2b7138b1187a6b7ee55f160b9968b66013c3a3ef39dd7e5798?s=96&d=mm&r=g\",\"url\":\"https:\\\/\\\/secure.gravatar.com\\\/avatar\\\/3ea2118a5f7dad2b7138b1187a6b7ee55f160b9968b66013c3a3ef39dd7e5798?s=96&d=mm&r=g\",\"contentUrl\":\"https:\\\/\\\/secure.gravatar.com\\\/avatar\\\/3ea2118a5f7dad2b7138b1187a6b7ee55f160b9968b66013c3a3ef39dd7e5798?s=96&d=mm&r=g\",\"caption\":\"Jeanette\"},\"sameAs\":[\"https:\\\/\\\/www.eldiario.net\\\/portal\"],\"url\":\"https:\\\/\\\/www.eldiario.net\\\/portal\\\/author\\\/jeanette\\\/\"}]}<\/script>\n<!-- \/ Yoast SEO plugin. -->","yoast_head_json":{"title":"Disponen que caso Banco Fassil retorne a Santa Cruz - El Diario - Bolivia","robots":{"index":"index","follow":"follow","max-snippet":"max-snippet:-1","max-image-preview":"max-image-preview:large","max-video-preview":"max-video-preview:-1"},"canonical":"https:\/\/www.eldiario.net\/portal\/2023\/07\/29\/disponen-que-caso-banco-fassil-retorne-a-santa-cruz\/","og_locale":"es_ES","og_type":"article","og_title":"Disponen que caso Banco Fassil retorne a Santa Cruz - El Diario - Bolivia","og_description":"El Tribunal Tercero de Sentencia de Santa Cruz determin\u00f3 ayer que los expedientes del caso del Banco Fassil sean devueltos a Santa Cruz, tras conceder la tutela de la acci\u00f3n de libertad que interpuso la defensa del expresidente de la entidad financiera, Ricardo Mertens, por la vulneraci\u00f3n al debido proceso y sus derechos constitucionales. \u00abEsas [&hellip;]","og_url":"https:\/\/www.eldiario.net\/portal\/2023\/07\/29\/disponen-que-caso-banco-fassil-retorne-a-santa-cruz\/","og_site_name":"El Diario - Bolivia","article_publisher":"https:\/\/www.facebook.com\/eldiario.bolivia\/","article_published_time":"2023-07-29T04:46:09+00:00","og_image":[{"width":600,"height":338,"url":"https:\/\/www.eldiario.net\/portal\/wp-content\/uploads\/2023\/07\/FASSIL-ANF.jpg","type":"image\/jpeg"}],"author":"Jeanette","twitter_card":"summary_large_image","twitter_creator":"@eldiario_net","twitter_site":"@eldiario_net","twitter_misc":{"Escrito por":"Jeanette","Tiempo de lectura":"3 minutos"},"schema":{"@context":"https:\/\/schema.org","@graph":[{"@type":"Article","@id":"https:\/\/www.eldiario.net\/portal\/2023\/07\/29\/disponen-que-caso-banco-fassil-retorne-a-santa-cruz\/#article","isPartOf":{"@id":"https:\/\/www.eldiario.net\/portal\/2023\/07\/29\/disponen-que-caso-banco-fassil-retorne-a-santa-cruz\/"},"author":{"name":"Jeanette","@id":"https:\/\/www.eldiario.net\/portal\/#\/schema\/person\/f46445640444750d7d753ccd04ae01b7"},"headline":"Disponen que caso Banco Fassil retorne a Santa Cruz","datePublished":"2023-07-29T04:46:09+00:00","mainEntityOfPage":{"@id":"https:\/\/www.eldiario.net\/portal\/2023\/07\/29\/disponen-que-caso-banco-fassil-retorne-a-santa-cruz\/"},"wordCount":631,"publisher":{"@id":"https:\/\/www.eldiario.net\/portal\/#organization"},"image":{"@id":"https:\/\/www.eldiario.net\/portal\/2023\/07\/29\/disponen-que-caso-banco-fassil-retorne-a-santa-cruz\/#primaryimage"},"thumbnailUrl":"https:\/\/www.eldiario.net\/portal\/wp-content\/uploads\/2023\/07\/FASSIL-ANF.jpg","articleSection":["Portada"],"inLanguage":"es"},{"@type":"WebPage","@id":"https:\/\/www.eldiario.net\/portal\/2023\/07\/29\/disponen-que-caso-banco-fassil-retorne-a-santa-cruz\/","url":"https:\/\/www.eldiario.net\/portal\/2023\/07\/29\/disponen-que-caso-banco-fassil-retorne-a-santa-cruz\/","name":"Disponen que caso Banco Fassil retorne a Santa Cruz - El Diario - Bolivia","isPartOf":{"@id":"https:\/\/www.eldiario.net\/portal\/#website"},"primaryImageOfPage":{"@id":"https:\/\/www.eldiario.net\/portal\/2023\/07\/29\/disponen-que-caso-banco-fassil-retorne-a-santa-cruz\/#primaryimage"},"image":{"@id":"https:\/\/www.eldiario.net\/portal\/2023\/07\/29\/disponen-que-caso-banco-fassil-retorne-a-santa-cruz\/#primaryimage"},"thumbnailUrl":"https:\/\/www.eldiario.net\/portal\/wp-content\/uploads\/2023\/07\/FASSIL-ANF.jpg","datePublished":"2023-07-29T04:46:09+00:00","breadcrumb":{"@id":"https:\/\/www.eldiario.net\/portal\/2023\/07\/29\/disponen-que-caso-banco-fassil-retorne-a-santa-cruz\/#breadcrumb"},"inLanguage":"es","potentialAction":[{"@type":"ReadAction","target":["https:\/\/www.eldiario.net\/portal\/2023\/07\/29\/disponen-que-caso-banco-fassil-retorne-a-santa-cruz\/"]}]},{"@type":"ImageObject","inLanguage":"es","@id":"https:\/\/www.eldiario.net\/portal\/2023\/07\/29\/disponen-que-caso-banco-fassil-retorne-a-santa-cruz\/#primaryimage","url":"https:\/\/www.eldiario.net\/portal\/wp-content\/uploads\/2023\/07\/FASSIL-ANF.jpg","contentUrl":"https:\/\/www.eldiario.net\/portal\/wp-content\/uploads\/2023\/07\/FASSIL-ANF.jpg","width":600,"height":338,"caption":"Frontis del Banco Fassil. CREDITO: Internet"},{"@type":"BreadcrumbList","@id":"https:\/\/www.eldiario.net\/portal\/2023\/07\/29\/disponen-que-caso-banco-fassil-retorne-a-santa-cruz\/#breadcrumb","itemListElement":[{"@type":"ListItem","position":1,"name":"Portada","item":"https:\/\/www.eldiario.net\/portal\/"},{"@type":"ListItem","position":2,"name":"Disponen que caso Banco Fassil retorne a Santa Cruz"}]},{"@type":"WebSite","@id":"https:\/\/www.eldiario.net\/portal\/#website","url":"https:\/\/www.eldiario.net\/portal\/","name":"El Diario - Decano de la prensa nacional","description":"El Diario - Decano de la prensa nacional","publisher":{"@id":"https:\/\/www.eldiario.net\/portal\/#organization"},"potentialAction":[{"@type":"SearchAction","target":{"@type":"EntryPoint","urlTemplate":"https:\/\/www.eldiario.net\/portal\/?s={search_term_string}"},"query-input":{"@type":"PropertyValueSpecification","valueRequired":true,"valueName":"search_term_string"}}],"inLanguage":"es"},{"@type":"Organization","@id":"https:\/\/www.eldiario.net\/portal\/#organization","name":"El Diario - Decano de la prensa nacional","url":"https:\/\/www.eldiario.net\/portal\/","logo":{"@type":"ImageObject","inLanguage":"es","@id":"https:\/\/www.eldiario.net\/portal\/#\/schema\/logo\/image\/","url":"https:\/\/www.eldiario.net\/portal\/wp-content\/uploads\/2023\/07\/logo_ED.jpg","contentUrl":"https:\/\/www.eldiario.net\/portal\/wp-content\/uploads\/2023\/07\/logo_ED.jpg","width":272,"height":52,"caption":"El Diario - Decano de la prensa nacional"},"image":{"@id":"https:\/\/www.eldiario.net\/portal\/#\/schema\/logo\/image\/"},"sameAs":["https:\/\/www.facebook.com\/eldiario.bolivia\/","https:\/\/x.com\/eldiario_net"]},{"@type":"Person","@id":"https:\/\/www.eldiario.net\/portal\/#\/schema\/person\/f46445640444750d7d753ccd04ae01b7","name":"Jeanette","image":{"@type":"ImageObject","inLanguage":"es","@id":"https:\/\/secure.gravatar.com\/avatar\/3ea2118a5f7dad2b7138b1187a6b7ee55f160b9968b66013c3a3ef39dd7e5798?s=96&d=mm&r=g","url":"https:\/\/secure.gravatar.com\/avatar\/3ea2118a5f7dad2b7138b1187a6b7ee55f160b9968b66013c3a3ef39dd7e5798?s=96&d=mm&r=g","contentUrl":"https:\/\/secure.gravatar.com\/avatar\/3ea2118a5f7dad2b7138b1187a6b7ee55f160b9968b66013c3a3ef39dd7e5798?s=96&d=mm&r=g","caption":"Jeanette"},"sameAs":["https:\/\/www.eldiario.net\/portal"],"url":"https:\/\/www.eldiario.net\/portal\/author\/jeanette\/"}]}},"_links":{"self":[{"href":"https:\/\/www.eldiario.net\/portal\/wp-json\/wp\/v2\/posts\/168196","targetHints":{"allow":["GET"]}}],"collection":[{"href":"https:\/\/www.eldiario.net\/portal\/wp-json\/wp\/v2\/posts"}],"about":[{"href":"https:\/\/www.eldiario.net\/portal\/wp-json\/wp\/v2\/types\/post"}],"author":[{"embeddable":true,"href":"https:\/\/www.eldiario.net\/portal\/wp-json\/wp\/v2\/users\/1"}],"replies":[{"embeddable":true,"href":"https:\/\/www.eldiario.net\/portal\/wp-json\/wp\/v2\/comments?post=168196"}],"version-history":[{"count":0,"href":"https:\/\/www.eldiario.net\/portal\/wp-json\/wp\/v2\/posts\/168196\/revisions"}],"wp:featuredmedia":[{"embeddable":true,"href":"https:\/\/www.eldiario.net\/portal\/wp-json\/wp\/v2\/media\/168204"}],"wp:attachment":[{"href":"https:\/\/www.eldiario.net\/portal\/wp-json\/wp\/v2\/media?parent=168196"}],"wp:term":[{"taxonomy":"category","embeddable":true,"href":"https:\/\/www.eldiario.net\/portal\/wp-json\/wp\/v2\/categories?post=168196"},{"taxonomy":"post_tag","embeddable":true,"href":"https:\/\/www.eldiario.net\/portal\/wp-json\/wp\/v2\/tags?post=168196"}],"curies":[{"name":"wp","href":"https:\/\/api.w.org\/{rel}","templated":true}]}}