{"id":168188,"date":"2023-07-29T00:41:27","date_gmt":"2023-07-29T04:41:27","guid":{"rendered":"https:\/\/www.eldiario.net\/portal\/?p=168188"},"modified":"2023-07-29T00:41:27","modified_gmt":"2023-07-29T04:41:27","slug":"pais-desunido-pese-a-tener-recursos-para-progresar","status":"publish","type":"post","link":"https:\/\/www.eldiario.net\/portal\/2023\/07\/29\/pais-desunido-pese-a-tener-recursos-para-progresar\/","title":{"rendered":"Pa\u00eds desunido pese a tener recursos para progresar"},"content":{"rendered":"<p><em>A nuestro pa\u00eds, con una poblaci\u00f3n diversa, pero con objetivos comunes, se lo siente desunido y sin un rumbo por el que todos luchen para alcanzar el desarrollo. En las \u00faltimas d\u00e9cadas, factores de diversa \u00edndole le impiden mejorar sus condiciones de vida, a pesar de que cuenta con enormes recursos naturales para progresar y atraer inversiones nacionales y for\u00e1neas. <\/em><br \/>\n<em>Lo cierto es que por muchas razones deber\u00edamos unirnos, con id\u00e9nticas formas de amar y sentir a la Patria que, siendo pobre y subdesarrollada, demanda esfuerzo mancomunado desde ahora para enfrentar con \u00e9xito todos sus problemas que la mantienen en situaci\u00f3n de atraso en comparaci\u00f3n con pa\u00edses vecinos. Finalmente, Bolivia, con mucha riqueza natural, necesita perfeccionar condiciones humanas, financieras y tecnol\u00f3gicas para entrar en los caminos que conducen al desarrollo sostenible que no puede quedar en m\u00e1s espera. La tecnolog\u00eda es un factor que coadyuvar\u00e1 a solucionar lo que hoy parece imposible, pero con voluntad de todos no hay obst\u00e1culo que no se pueda superar. Tomando en cuenta esas tres condiciones, ser\u00e1 posible que las puertas del desarrollo se abran totalmente.<\/em><br \/>\n<em>Sin embargo, lo que actualmente se observa es divisi\u00f3n, no solo entre partidarios del gobierno actual y los sectores de oposici\u00f3n que cuestionan muchas decisiones gubernamentales porque consideran que su finalidad no es el beneficio general sino de los adherentes del oficialismo. La discordia se manifiesta hasta en el masismo, pues cada vez con mayor frecuencia surgen acusaciones entre los llamados \u201carcistas\u201d y los \u201cevistas\u201d. Tales enfrentamientos se agravan porque, al parecer, ambos sectores oficialistas han decidido comenzar sus campa\u00f1as con vistas a las pr\u00f3ximas elecciones generales.<\/em><br \/>\n<em>Mientras en ese \u00e1mbito pol\u00edtico proliferan y se intensifican las pugnas, quedan pendientes muchos otros problemas de mayor gravedad, como la delicada situaci\u00f3n econ\u00f3mica del pa\u00eds, una de cuyas se\u00f1ales visibles es la escasez de d\u00f3lares, a pesar de los anuncios gubernamentales en sentido de que es una situaci\u00f3n que tiende a ser resuelta. Sin embargo, por la falta de d\u00f3lares, muchas empresas no pueden realizar sus actividades con normalidad y contin\u00faa una especie de racionamiento ante la demanda de cantidades mayores de la moneda estadounidense.<\/em><br \/>\n<em>Entre otros problemas de gran preocupaci\u00f3n est\u00e1 el desempleo, ya que la cantidad de empleados formales cada vez se reduce m\u00e1s, engrosando, por el contrario, el n\u00famero de personas que se dedican a actividades informales y hasta ilegales, por la angustia de encontrar medios de subsistencia. No obstante que las autoridades recurren a cifras estad\u00edsticas para convencer a la poblaci\u00f3n de que se reduce la cantidad de gente sin ocupaci\u00f3n, la realidad es muy diferente.<\/em><br \/>\n<em>Como los mencionados, quedan muchos otros asuntos que no son atendidos satisfactoriamente por las autoridades nacionales, lo que provoca malestar social, pues mientras algunos reciben grandes sueldos por parte del Estado, la mayor\u00eda debe luchar intensamente para conseguir ocupaci\u00f3n y recursos econ\u00f3micos para mantener a sus familias.<\/em><\/p>\n","protected":false},"excerpt":{"rendered":"<p>A nuestro pa\u00eds, con una poblaci\u00f3n diversa, pero con objetivos comunes, se lo siente desunido y sin un rumbo por el que todos luchen para alcanzar el desarrollo. En las \u00faltimas d\u00e9cadas, factores de diversa \u00edndole le impiden mejorar sus condiciones de vida, a pesar de que cuenta con enormes recursos naturales para progresar y [&hellip;]<\/p>\n","protected":false},"author":1,"featured_media":0,"comment_status":"closed","ping_status":"open","sticky":false,"template":"","format":"standard","meta":{"_acf_changed":false,"footnotes":""},"categories":[4],"tags":[],"class_list":["post-168188","post","type-post","status-publish","format-standard","category-editorial"],"acf":{"antetitulo":""},"yoast_head":"<!-- This site is optimized with the Yoast SEO plugin v28.4 - https:\/\/yoast.com\/product\/yoast-seo-wordpress\/ -->\n<title>Pa\u00eds desunido pese a tener recursos para progresar - El Diario - Bolivia<\/title>\n<meta name=\"robots\" content=\"index, follow, max-snippet:-1, max-image-preview:large, max-video-preview:-1\" \/>\n<link rel=\"canonical\" href=\"https:\/\/www.eldiario.net\/portal\/2023\/07\/29\/pais-desunido-pese-a-tener-recursos-para-progresar\/\" \/>\n<meta property=\"og:locale\" content=\"es_ES\" \/>\n<meta property=\"og:type\" content=\"article\" \/>\n<meta property=\"og:title\" content=\"Pa\u00eds desunido pese a tener recursos para progresar - El Diario - Bolivia\" \/>\n<meta property=\"og:description\" content=\"A nuestro pa\u00eds, con una poblaci\u00f3n diversa, pero con objetivos comunes, se lo siente desunido y sin un rumbo por el que todos luchen para alcanzar el desarrollo. En las \u00faltimas d\u00e9cadas, factores de diversa \u00edndole le impiden mejorar sus condiciones de vida, a pesar de que cuenta con enormes recursos naturales para progresar y [&hellip;]\" \/>\n<meta property=\"og:url\" content=\"https:\/\/www.eldiario.net\/portal\/2023\/07\/29\/pais-desunido-pese-a-tener-recursos-para-progresar\/\" \/>\n<meta property=\"og:site_name\" content=\"El Diario - Bolivia\" \/>\n<meta property=\"article:publisher\" content=\"https:\/\/www.facebook.com\/eldiario.bolivia\/\" \/>\n<meta property=\"article:published_time\" content=\"2023-07-29T04:41:27+00:00\" \/>\n<meta name=\"author\" content=\"Jeanette\" \/>\n<meta name=\"twitter:card\" content=\"summary_large_image\" \/>\n<meta name=\"twitter:creator\" content=\"@eldiario_net\" \/>\n<meta name=\"twitter:site\" content=\"@eldiario_net\" \/>\n<meta name=\"twitter:label1\" content=\"Escrito por\" \/>\n\t<meta name=\"twitter:data1\" content=\"Jeanette\" \/>\n\t<meta name=\"twitter:label2\" content=\"Tiempo de lectura\" \/>\n\t<meta name=\"twitter:data2\" content=\"3 minutos\" \/>\n<script type=\"application\/ld+json\" class=\"yoast-schema-graph\">{\"@context\":\"https:\\\/\\\/schema.org\",\"@graph\":[{\"@type\":\"Article\",\"@id\":\"https:\\\/\\\/www.eldiario.net\\\/portal\\\/2023\\\/07\\\/29\\\/pais-desunido-pese-a-tener-recursos-para-progresar\\\/#article\",\"isPartOf\":{\"@id\":\"https:\\\/\\\/www.eldiario.net\\\/portal\\\/2023\\\/07\\\/29\\\/pais-desunido-pese-a-tener-recursos-para-progresar\\\/\"},\"author\":{\"name\":\"Jeanette\",\"@id\":\"https:\\\/\\\/www.eldiario.net\\\/portal\\\/#\\\/schema\\\/person\\\/f46445640444750d7d753ccd04ae01b7\"},\"headline\":\"Pa\u00eds desunido pese a tener recursos para progresar\",\"datePublished\":\"2023-07-29T04:41:27+00:00\",\"mainEntityOfPage\":{\"@id\":\"https:\\\/\\\/www.eldiario.net\\\/portal\\\/2023\\\/07\\\/29\\\/pais-desunido-pese-a-tener-recursos-para-progresar\\\/\"},\"wordCount\":520,\"publisher\":{\"@id\":\"https:\\\/\\\/www.eldiario.net\\\/portal\\\/#organization\"},\"articleSection\":[\"Editorial\"],\"inLanguage\":\"es\"},{\"@type\":\"WebPage\",\"@id\":\"https:\\\/\\\/www.eldiario.net\\\/portal\\\/2023\\\/07\\\/29\\\/pais-desunido-pese-a-tener-recursos-para-progresar\\\/\",\"url\":\"https:\\\/\\\/www.eldiario.net\\\/portal\\\/2023\\\/07\\\/29\\\/pais-desunido-pese-a-tener-recursos-para-progresar\\\/\",\"name\":\"Pa\u00eds desunido pese a tener recursos para progresar - El Diario - Bolivia\",\"isPartOf\":{\"@id\":\"https:\\\/\\\/www.eldiario.net\\\/portal\\\/#website\"},\"datePublished\":\"2023-07-29T04:41:27+00:00\",\"breadcrumb\":{\"@id\":\"https:\\\/\\\/www.eldiario.net\\\/portal\\\/2023\\\/07\\\/29\\\/pais-desunido-pese-a-tener-recursos-para-progresar\\\/#breadcrumb\"},\"inLanguage\":\"es\",\"potentialAction\":[{\"@type\":\"ReadAction\",\"target\":[\"https:\\\/\\\/www.eldiario.net\\\/portal\\\/2023\\\/07\\\/29\\\/pais-desunido-pese-a-tener-recursos-para-progresar\\\/\"]}]},{\"@type\":\"BreadcrumbList\",\"@id\":\"https:\\\/\\\/www.eldiario.net\\\/portal\\\/2023\\\/07\\\/29\\\/pais-desunido-pese-a-tener-recursos-para-progresar\\\/#breadcrumb\",\"itemListElement\":[{\"@type\":\"ListItem\",\"position\":1,\"name\":\"Portada\",\"item\":\"https:\\\/\\\/www.eldiario.net\\\/portal\\\/\"},{\"@type\":\"ListItem\",\"position\":2,\"name\":\"Pa\u00eds desunido pese a tener recursos para progresar\"}]},{\"@type\":\"WebSite\",\"@id\":\"https:\\\/\\\/www.eldiario.net\\\/portal\\\/#website\",\"url\":\"https:\\\/\\\/www.eldiario.net\\\/portal\\\/\",\"name\":\"El Diario - Decano de la prensa nacional\",\"description\":\"El Diario - Decano de la prensa nacional\",\"publisher\":{\"@id\":\"https:\\\/\\\/www.eldiario.net\\\/portal\\\/#organization\"},\"potentialAction\":[{\"@type\":\"SearchAction\",\"target\":{\"@type\":\"EntryPoint\",\"urlTemplate\":\"https:\\\/\\\/www.eldiario.net\\\/portal\\\/?s={search_term_string}\"},\"query-input\":{\"@type\":\"PropertyValueSpecification\",\"valueRequired\":true,\"valueName\":\"search_term_string\"}}],\"inLanguage\":\"es\"},{\"@type\":\"Organization\",\"@id\":\"https:\\\/\\\/www.eldiario.net\\\/portal\\\/#organization\",\"name\":\"El Diario - Decano de la prensa nacional\",\"url\":\"https:\\\/\\\/www.eldiario.net\\\/portal\\\/\",\"logo\":{\"@type\":\"ImageObject\",\"inLanguage\":\"es\",\"@id\":\"https:\\\/\\\/www.eldiario.net\\\/portal\\\/#\\\/schema\\\/logo\\\/image\\\/\",\"url\":\"https:\\\/\\\/www.eldiario.net\\\/portal\\\/wp-content\\\/uploads\\\/2023\\\/07\\\/logo_ED.jpg\",\"contentUrl\":\"https:\\\/\\\/www.eldiario.net\\\/portal\\\/wp-content\\\/uploads\\\/2023\\\/07\\\/logo_ED.jpg\",\"width\":272,\"height\":52,\"caption\":\"El Diario - Decano de la prensa nacional\"},\"image\":{\"@id\":\"https:\\\/\\\/www.eldiario.net\\\/portal\\\/#\\\/schema\\\/logo\\\/image\\\/\"},\"sameAs\":[\"https:\\\/\\\/www.facebook.com\\\/eldiario.bolivia\\\/\",\"https:\\\/\\\/x.com\\\/eldiario_net\"]},{\"@type\":\"Person\",\"@id\":\"https:\\\/\\\/www.eldiario.net\\\/portal\\\/#\\\/schema\\\/person\\\/f46445640444750d7d753ccd04ae01b7\",\"name\":\"Jeanette\",\"image\":{\"@type\":\"ImageObject\",\"inLanguage\":\"es\",\"@id\":\"https:\\\/\\\/secure.gravatar.com\\\/avatar\\\/3ea2118a5f7dad2b7138b1187a6b7ee55f160b9968b66013c3a3ef39dd7e5798?s=96&d=mm&r=g\",\"url\":\"https:\\\/\\\/secure.gravatar.com\\\/avatar\\\/3ea2118a5f7dad2b7138b1187a6b7ee55f160b9968b66013c3a3ef39dd7e5798?s=96&d=mm&r=g\",\"contentUrl\":\"https:\\\/\\\/secure.gravatar.com\\\/avatar\\\/3ea2118a5f7dad2b7138b1187a6b7ee55f160b9968b66013c3a3ef39dd7e5798?s=96&d=mm&r=g\",\"caption\":\"Jeanette\"},\"sameAs\":[\"https:\\\/\\\/www.eldiario.net\\\/portal\"],\"url\":\"https:\\\/\\\/www.eldiario.net\\\/portal\\\/author\\\/jeanette\\\/\"}]}<\/script>\n<!-- \/ Yoast SEO plugin. -->","yoast_head_json":{"title":"Pa\u00eds desunido pese a tener recursos para progresar - El Diario - Bolivia","robots":{"index":"index","follow":"follow","max-snippet":"max-snippet:-1","max-image-preview":"max-image-preview:large","max-video-preview":"max-video-preview:-1"},"canonical":"https:\/\/www.eldiario.net\/portal\/2023\/07\/29\/pais-desunido-pese-a-tener-recursos-para-progresar\/","og_locale":"es_ES","og_type":"article","og_title":"Pa\u00eds desunido pese a tener recursos para progresar - El Diario - Bolivia","og_description":"A nuestro pa\u00eds, con una poblaci\u00f3n diversa, pero con objetivos comunes, se lo siente desunido y sin un rumbo por el que todos luchen para alcanzar el desarrollo. En las \u00faltimas d\u00e9cadas, factores de diversa \u00edndole le impiden mejorar sus condiciones de vida, a pesar de que cuenta con enormes recursos naturales para progresar y [&hellip;]","og_url":"https:\/\/www.eldiario.net\/portal\/2023\/07\/29\/pais-desunido-pese-a-tener-recursos-para-progresar\/","og_site_name":"El Diario - Bolivia","article_publisher":"https:\/\/www.facebook.com\/eldiario.bolivia\/","article_published_time":"2023-07-29T04:41:27+00:00","author":"Jeanette","twitter_card":"summary_large_image","twitter_creator":"@eldiario_net","twitter_site":"@eldiario_net","twitter_misc":{"Escrito por":"Jeanette","Tiempo de lectura":"3 minutos"},"schema":{"@context":"https:\/\/schema.org","@graph":[{"@type":"Article","@id":"https:\/\/www.eldiario.net\/portal\/2023\/07\/29\/pais-desunido-pese-a-tener-recursos-para-progresar\/#article","isPartOf":{"@id":"https:\/\/www.eldiario.net\/portal\/2023\/07\/29\/pais-desunido-pese-a-tener-recursos-para-progresar\/"},"author":{"name":"Jeanette","@id":"https:\/\/www.eldiario.net\/portal\/#\/schema\/person\/f46445640444750d7d753ccd04ae01b7"},"headline":"Pa\u00eds desunido pese a tener recursos para progresar","datePublished":"2023-07-29T04:41:27+00:00","mainEntityOfPage":{"@id":"https:\/\/www.eldiario.net\/portal\/2023\/07\/29\/pais-desunido-pese-a-tener-recursos-para-progresar\/"},"wordCount":520,"publisher":{"@id":"https:\/\/www.eldiario.net\/portal\/#organization"},"articleSection":["Editorial"],"inLanguage":"es"},{"@type":"WebPage","@id":"https:\/\/www.eldiario.net\/portal\/2023\/07\/29\/pais-desunido-pese-a-tener-recursos-para-progresar\/","url":"https:\/\/www.eldiario.net\/portal\/2023\/07\/29\/pais-desunido-pese-a-tener-recursos-para-progresar\/","name":"Pa\u00eds desunido pese a tener recursos para progresar - El Diario - Bolivia","isPartOf":{"@id":"https:\/\/www.eldiario.net\/portal\/#website"},"datePublished":"2023-07-29T04:41:27+00:00","breadcrumb":{"@id":"https:\/\/www.eldiario.net\/portal\/2023\/07\/29\/pais-desunido-pese-a-tener-recursos-para-progresar\/#breadcrumb"},"inLanguage":"es","potentialAction":[{"@type":"ReadAction","target":["https:\/\/www.eldiario.net\/portal\/2023\/07\/29\/pais-desunido-pese-a-tener-recursos-para-progresar\/"]}]},{"@type":"BreadcrumbList","@id":"https:\/\/www.eldiario.net\/portal\/2023\/07\/29\/pais-desunido-pese-a-tener-recursos-para-progresar\/#breadcrumb","itemListElement":[{"@type":"ListItem","position":1,"name":"Portada","item":"https:\/\/www.eldiario.net\/portal\/"},{"@type":"ListItem","position":2,"name":"Pa\u00eds desunido pese a tener recursos para progresar"}]},{"@type":"WebSite","@id":"https:\/\/www.eldiario.net\/portal\/#website","url":"https:\/\/www.eldiario.net\/portal\/","name":"El Diario - Decano de la prensa nacional","description":"El Diario - Decano de la prensa nacional","publisher":{"@id":"https:\/\/www.eldiario.net\/portal\/#organization"},"potentialAction":[{"@type":"SearchAction","target":{"@type":"EntryPoint","urlTemplate":"https:\/\/www.eldiario.net\/portal\/?s={search_term_string}"},"query-input":{"@type":"PropertyValueSpecification","valueRequired":true,"valueName":"search_term_string"}}],"inLanguage":"es"},{"@type":"Organization","@id":"https:\/\/www.eldiario.net\/portal\/#organization","name":"El Diario - Decano de la prensa nacional","url":"https:\/\/www.eldiario.net\/portal\/","logo":{"@type":"ImageObject","inLanguage":"es","@id":"https:\/\/www.eldiario.net\/portal\/#\/schema\/logo\/image\/","url":"https:\/\/www.eldiario.net\/portal\/wp-content\/uploads\/2023\/07\/logo_ED.jpg","contentUrl":"https:\/\/www.eldiario.net\/portal\/wp-content\/uploads\/2023\/07\/logo_ED.jpg","width":272,"height":52,"caption":"El Diario - Decano de la prensa nacional"},"image":{"@id":"https:\/\/www.eldiario.net\/portal\/#\/schema\/logo\/image\/"},"sameAs":["https:\/\/www.facebook.com\/eldiario.bolivia\/","https:\/\/x.com\/eldiario_net"]},{"@type":"Person","@id":"https:\/\/www.eldiario.net\/portal\/#\/schema\/person\/f46445640444750d7d753ccd04ae01b7","name":"Jeanette","image":{"@type":"ImageObject","inLanguage":"es","@id":"https:\/\/secure.gravatar.com\/avatar\/3ea2118a5f7dad2b7138b1187a6b7ee55f160b9968b66013c3a3ef39dd7e5798?s=96&d=mm&r=g","url":"https:\/\/secure.gravatar.com\/avatar\/3ea2118a5f7dad2b7138b1187a6b7ee55f160b9968b66013c3a3ef39dd7e5798?s=96&d=mm&r=g","contentUrl":"https:\/\/secure.gravatar.com\/avatar\/3ea2118a5f7dad2b7138b1187a6b7ee55f160b9968b66013c3a3ef39dd7e5798?s=96&d=mm&r=g","caption":"Jeanette"},"sameAs":["https:\/\/www.eldiario.net\/portal"],"url":"https:\/\/www.eldiario.net\/portal\/author\/jeanette\/"}]}},"_links":{"self":[{"href":"https:\/\/www.eldiario.net\/portal\/wp-json\/wp\/v2\/posts\/168188","targetHints":{"allow":["GET"]}}],"collection":[{"href":"https:\/\/www.eldiario.net\/portal\/wp-json\/wp\/v2\/posts"}],"about":[{"href":"https:\/\/www.eldiario.net\/portal\/wp-json\/wp\/v2\/types\/post"}],"author":[{"embeddable":true,"href":"https:\/\/www.eldiario.net\/portal\/wp-json\/wp\/v2\/users\/1"}],"replies":[{"embeddable":true,"href":"https:\/\/www.eldiario.net\/portal\/wp-json\/wp\/v2\/comments?post=168188"}],"version-history":[{"count":0,"href":"https:\/\/www.eldiario.net\/portal\/wp-json\/wp\/v2\/posts\/168188\/revisions"}],"wp:attachment":[{"href":"https:\/\/www.eldiario.net\/portal\/wp-json\/wp\/v2\/media?parent=168188"}],"wp:term":[{"taxonomy":"category","embeddable":true,"href":"https:\/\/www.eldiario.net\/portal\/wp-json\/wp\/v2\/categories?post=168188"},{"taxonomy":"post_tag","embeddable":true,"href":"https:\/\/www.eldiario.net\/portal\/wp-json\/wp\/v2\/tags?post=168188"}],"curies":[{"name":"wp","href":"https:\/\/api.w.org\/{rel}","templated":true}]}}