{"id":168186,"date":"2023-07-29T00:41:08","date_gmt":"2023-07-29T04:41:08","guid":{"rendered":"https:\/\/www.eldiario.net\/portal\/?p=168186"},"modified":"2023-07-29T00:41:08","modified_gmt":"2023-07-29T04:41:08","slug":"el-problema-de-la-apdh","status":"publish","type":"post","link":"https:\/\/www.eldiario.net\/portal\/2023\/07\/29\/el-problema-de-la-apdh\/","title":{"rendered":"El problema de la APDH"},"content":{"rendered":"<p>En los a\u00f1os 70 se organiz\u00f3 en nuestro pa\u00eds, la Asamblea Permanente de Derechos Humanos (APDH) por alguna gente de la Iglesia Cat\u00f3lica, evang\u00e9lica y gente dem\u00f3crata, con la finalidad de tener una organizaci\u00f3n que defienda los Derechos Humanos, que en los gobiernos de corte castrense, no eran respetados. Los perseguidos en ese tiempo eran especialmente los militantes de corrientes pol\u00edticas de izquierda, y hasta ese tiempo los Derechos Humanos, nacidos de las declaraciones de la Revoluci\u00f3n francesa en 1789 y de las Naciones Unidas en 1948, eran pr\u00e1cticamente ignorados.<br \/>\nHace unas dos d\u00e9cadas, en las reformas a la Constituci\u00f3n Pol\u00edtica del Estado, se incorpor\u00f3 una nueva organizaci\u00f3n, la Defensor\u00eda del Pueblo, inspirada en una organizaci\u00f3n europea de ese tipo, con la misi\u00f3n de defender a los individuos de los atropellos del poder del Estado. Esta instituci\u00f3n por principio y l\u00f3gica elemental, tiene que estar a cargo de una persona totalmente independiente, de cualquier influencia pol\u00edtica partidaria y menos del gobierno, pues precisamente tiene que defender a los ciudadanos del Estado. Pero en nuestro medio, en los 16 a\u00f1os de gobierno del r\u00e9gimen populista de izquierda, los defensores han sido nombrados en la Asamblea legislativa, por la mayor\u00eda oficialista. Es decir, gente vinculada al r\u00e9gimen, salvo alguna excepci\u00f3n, como el defensor Villena, que se alej\u00f3 de la influencia oficialista.<br \/>\nLos Derechos Humanos son normas de car\u00e1cter universal, que protegen en todo el mundo, a los individuos de cualquier nacionalidad, sexo, creencia religiosa o pol\u00edtica, etc., por ser humanos. Por ello son normas de car\u00e1cter internacional y los gobiernos tienen la obligaci\u00f3n de respetar y hacer respetar estos derechos, que acompa\u00f1an al individuos como la sombra al cuerpo, son imprescriptibles y las sanciones por su incumplimiento, adem\u00e1s de las jurisdicciones nacionales, pueden ser impuestas por tribunales internacionales.<br \/>\nEn los pa\u00edses atrasados, una de sus caracter\u00edsticas es el uso y abuso del poder que hacen los gobernantes, generalmente adoptando posturas autoritarias y sometiendo a sus pueblos, a la voluntad del dictadorzuelo y, por supuesto, atropellando los Derechos Humanos de los individuos, pues los frenos y contrapesos democr\u00e1ticos no existen y los \u00f3rganos de poder son totalmente controlados y al servicio del r\u00e9gimen, en especial la justicia que, lejos de ser una instancia de defensa de derechos, es convertida en una de atropello a los mismos.<br \/>\nLa APDH es una organizaci\u00f3n no gubernamental que la dirigen ciudadanos de la sociedad civil, y en su larga trayectoria, ha defendido a \u201cunos y otros\u201d que, en diferentes gobiernos, sufrieron agresiones del poder pol\u00edtico. En alg\u00fan tiempo, cuando gobernaban corrientes conservadoras, fueron tachados de ser \u201cizquierdos humanos\u201d, pues al defender a alguna gente de esa ideolog\u00eda, les endilgaron esa corriente ideol\u00f3gica. Ahora que estamos, por el contrario, gobernados por largo tiempo por un r\u00e9gimen de corte populista de izquierda, alguna gente del gobierno, ataca a su presidente por, supuestamente, ser af\u00edn a los no socialistas.<br \/>\nHace m\u00e1s de un mes, un grupo de gente movida por un supuesto dirigente de una Asamblea paralela, que no tiene legitimidad, pues no ha sido nombrado de acuerdo con sus normas y est\u00e1 al servicio del r\u00e9gimen, asalt\u00f3 la sede de la Asamblea, echando por la fuerza a sus ocupantes, con protecci\u00f3n policial. Esto determin\u00f3 que la presidente leg\u00edtima de esa instituci\u00f3n, la se\u00f1ora Amparo Carvajal y activistas de los Derechos Humanos, se instalen en las puertas del local de la Asamblea en vigilia. Y luego la presidente se instal\u00f3 en la terraza del inmueble, pese a sus 84 a\u00f1os de edad y el fr\u00edo invierno. Un juez probo, determin\u00f3 que el individuo responsable de la ocupaci\u00f3n ilegal y violenta, cese sus actos de hostigamiento a la se\u00f1ora Carvajal, pues sus seguidores que se atrincheraron en las oficinas de la sede tomada, atentaban contra la presidente que se instal\u00f3 en la terraza de ese predio, sin que las autoridades policiales, hagan cumplir lo determinado por el juez, lo que ratific\u00f3 la complicidad de las autoridades en los actos delictivos.<br \/>\nLa opini\u00f3n p\u00fablica se ha solidarizado con la se\u00f1ora Carvajal y repudiado la acci\u00f3n violenta de los individuos al servicio del gobierno que, siguiendo el ejemplo del r\u00e9gimen cubano, no pueden permitir organizaciones, ni individuos que critiquen los excesos de poder del gobierno, que pretende controlar todo lo p\u00fablico y privado, m\u00e1s a\u00fan un organismo que defienda los Derechos Humanos.<br \/>\nLa se\u00f1ora Carvajal se ha constituido por su valent\u00eda, en un referente de defensa de derechos, de la democracia y la justicia, su resistencia pac\u00edfica la ennoblece, y los que asaltaron la sede, adem\u00e1s de haber cometido una serie de delitos que, por supuesto, quedar\u00e1n impunes, lo menos que pueden ser es defensores de Derechos Humanos.<\/p>\n<p>El autor es Abogado, Polit\u00f3logo, escritor y docente universitario.<\/p>\n","protected":false},"excerpt":{"rendered":"<p>En los a\u00f1os 70 se organiz\u00f3 en nuestro pa\u00eds, la Asamblea Permanente de Derechos Humanos (APDH) por alguna gente de la Iglesia Cat\u00f3lica, evang\u00e9lica y gente dem\u00f3crata, con la finalidad de tener una organizaci\u00f3n que defienda los Derechos Humanos, que en los gobiernos de corte castrense, no eran respetados. Los perseguidos en ese tiempo eran [&hellip;]<\/p>\n","protected":false},"author":1,"featured_media":157872,"comment_status":"closed","ping_status":"open","sticky":false,"template":"","format":"standard","meta":{"_acf_changed":false,"footnotes":""},"categories":[9],"tags":[],"class_list":["post-168186","post","type-post","status-publish","format-standard","has-post-thumbnail","category-opinion"],"acf":{"antetitulo":""},"yoast_head":"<!-- This site is optimized with the Yoast SEO plugin v28.4 - https:\/\/yoast.com\/product\/yoast-seo-wordpress\/ -->\n<title>El problema de la APDH - El Diario - Bolivia<\/title>\n<meta name=\"robots\" content=\"index, follow, max-snippet:-1, max-image-preview:large, max-video-preview:-1\" \/>\n<link rel=\"canonical\" href=\"https:\/\/www.eldiario.net\/portal\/2023\/07\/29\/el-problema-de-la-apdh\/\" \/>\n<meta property=\"og:locale\" content=\"es_ES\" \/>\n<meta property=\"og:type\" content=\"article\" \/>\n<meta property=\"og:title\" content=\"El problema de la APDH - El Diario - Bolivia\" \/>\n<meta property=\"og:description\" content=\"En los a\u00f1os 70 se organiz\u00f3 en nuestro pa\u00eds, la Asamblea Permanente de Derechos Humanos (APDH) por alguna gente de la Iglesia Cat\u00f3lica, evang\u00e9lica y gente dem\u00f3crata, con la finalidad de tener una organizaci\u00f3n que defienda los Derechos Humanos, que en los gobiernos de corte castrense, no eran respetados. Los perseguidos en ese tiempo eran [&hellip;]\" \/>\n<meta property=\"og:url\" content=\"https:\/\/www.eldiario.net\/portal\/2023\/07\/29\/el-problema-de-la-apdh\/\" \/>\n<meta property=\"og:site_name\" content=\"El Diario - Bolivia\" \/>\n<meta property=\"article:publisher\" content=\"https:\/\/www.facebook.com\/eldiario.bolivia\/\" \/>\n<meta property=\"article:published_time\" content=\"2023-07-29T04:41:08+00:00\" \/>\n<meta property=\"og:image\" content=\"https:\/\/www.eldiario.net\/portal\/wp-content\/uploads\/2023\/06\/Eric-L.-Cardenas-del-Castillo.jpg\" \/>\n\t<meta property=\"og:image:width\" content=\"1200\" \/>\n\t<meta property=\"og:image:height\" content=\"628\" \/>\n\t<meta property=\"og:image:type\" content=\"image\/jpeg\" \/>\n<meta name=\"author\" content=\"Jeanette\" \/>\n<meta name=\"twitter:card\" content=\"summary_large_image\" \/>\n<meta name=\"twitter:creator\" content=\"@eldiario_net\" \/>\n<meta name=\"twitter:site\" content=\"@eldiario_net\" \/>\n<meta name=\"twitter:label1\" content=\"Escrito por\" \/>\n\t<meta name=\"twitter:data1\" content=\"Jeanette\" \/>\n\t<meta name=\"twitter:label2\" content=\"Tiempo de lectura\" \/>\n\t<meta name=\"twitter:data2\" content=\"4 minutos\" \/>\n<script type=\"application\/ld+json\" class=\"yoast-schema-graph\">{\"@context\":\"https:\\\/\\\/schema.org\",\"@graph\":[{\"@type\":\"Article\",\"@id\":\"https:\\\/\\\/www.eldiario.net\\\/portal\\\/2023\\\/07\\\/29\\\/el-problema-de-la-apdh\\\/#article\",\"isPartOf\":{\"@id\":\"https:\\\/\\\/www.eldiario.net\\\/portal\\\/2023\\\/07\\\/29\\\/el-problema-de-la-apdh\\\/\"},\"author\":{\"name\":\"Jeanette\",\"@id\":\"https:\\\/\\\/www.eldiario.net\\\/portal\\\/#\\\/schema\\\/person\\\/f46445640444750d7d753ccd04ae01b7\"},\"headline\":\"El problema de la APDH\",\"datePublished\":\"2023-07-29T04:41:08+00:00\",\"mainEntityOfPage\":{\"@id\":\"https:\\\/\\\/www.eldiario.net\\\/portal\\\/2023\\\/07\\\/29\\\/el-problema-de-la-apdh\\\/\"},\"wordCount\":849,\"publisher\":{\"@id\":\"https:\\\/\\\/www.eldiario.net\\\/portal\\\/#organization\"},\"image\":{\"@id\":\"https:\\\/\\\/www.eldiario.net\\\/portal\\\/2023\\\/07\\\/29\\\/el-problema-de-la-apdh\\\/#primaryimage\"},\"thumbnailUrl\":\"https:\\\/\\\/www.eldiario.net\\\/portal\\\/wp-content\\\/uploads\\\/2023\\\/06\\\/Eric-L.-Cardenas-del-Castillo.jpg\",\"articleSection\":[\"Opini\u00f3n\"],\"inLanguage\":\"es\"},{\"@type\":\"WebPage\",\"@id\":\"https:\\\/\\\/www.eldiario.net\\\/portal\\\/2023\\\/07\\\/29\\\/el-problema-de-la-apdh\\\/\",\"url\":\"https:\\\/\\\/www.eldiario.net\\\/portal\\\/2023\\\/07\\\/29\\\/el-problema-de-la-apdh\\\/\",\"name\":\"El problema de la APDH - El Diario - Bolivia\",\"isPartOf\":{\"@id\":\"https:\\\/\\\/www.eldiario.net\\\/portal\\\/#website\"},\"primaryImageOfPage\":{\"@id\":\"https:\\\/\\\/www.eldiario.net\\\/portal\\\/2023\\\/07\\\/29\\\/el-problema-de-la-apdh\\\/#primaryimage\"},\"image\":{\"@id\":\"https:\\\/\\\/www.eldiario.net\\\/portal\\\/2023\\\/07\\\/29\\\/el-problema-de-la-apdh\\\/#primaryimage\"},\"thumbnailUrl\":\"https:\\\/\\\/www.eldiario.net\\\/portal\\\/wp-content\\\/uploads\\\/2023\\\/06\\\/Eric-L.-Cardenas-del-Castillo.jpg\",\"datePublished\":\"2023-07-29T04:41:08+00:00\",\"breadcrumb\":{\"@id\":\"https:\\\/\\\/www.eldiario.net\\\/portal\\\/2023\\\/07\\\/29\\\/el-problema-de-la-apdh\\\/#breadcrumb\"},\"inLanguage\":\"es\",\"potentialAction\":[{\"@type\":\"ReadAction\",\"target\":[\"https:\\\/\\\/www.eldiario.net\\\/portal\\\/2023\\\/07\\\/29\\\/el-problema-de-la-apdh\\\/\"]}]},{\"@type\":\"ImageObject\",\"inLanguage\":\"es\",\"@id\":\"https:\\\/\\\/www.eldiario.net\\\/portal\\\/2023\\\/07\\\/29\\\/el-problema-de-la-apdh\\\/#primaryimage\",\"url\":\"https:\\\/\\\/www.eldiario.net\\\/portal\\\/wp-content\\\/uploads\\\/2023\\\/06\\\/Eric-L.-Cardenas-del-Castillo.jpg\",\"contentUrl\":\"https:\\\/\\\/www.eldiario.net\\\/portal\\\/wp-content\\\/uploads\\\/2023\\\/06\\\/Eric-L.-Cardenas-del-Castillo.jpg\",\"width\":1200,\"height\":628,\"caption\":\"Eric L. C\u00e1rdenas del Castillo\"},{\"@type\":\"BreadcrumbList\",\"@id\":\"https:\\\/\\\/www.eldiario.net\\\/portal\\\/2023\\\/07\\\/29\\\/el-problema-de-la-apdh\\\/#breadcrumb\",\"itemListElement\":[{\"@type\":\"ListItem\",\"position\":1,\"name\":\"Portada\",\"item\":\"https:\\\/\\\/www.eldiario.net\\\/portal\\\/\"},{\"@type\":\"ListItem\",\"position\":2,\"name\":\"El problema de la APDH\"}]},{\"@type\":\"WebSite\",\"@id\":\"https:\\\/\\\/www.eldiario.net\\\/portal\\\/#website\",\"url\":\"https:\\\/\\\/www.eldiario.net\\\/portal\\\/\",\"name\":\"El Diario - Decano de la prensa nacional\",\"description\":\"El Diario - Decano de la prensa nacional\",\"publisher\":{\"@id\":\"https:\\\/\\\/www.eldiario.net\\\/portal\\\/#organization\"},\"potentialAction\":[{\"@type\":\"SearchAction\",\"target\":{\"@type\":\"EntryPoint\",\"urlTemplate\":\"https:\\\/\\\/www.eldiario.net\\\/portal\\\/?s={search_term_string}\"},\"query-input\":{\"@type\":\"PropertyValueSpecification\",\"valueRequired\":true,\"valueName\":\"search_term_string\"}}],\"inLanguage\":\"es\"},{\"@type\":\"Organization\",\"@id\":\"https:\\\/\\\/www.eldiario.net\\\/portal\\\/#organization\",\"name\":\"El Diario - Decano de la prensa nacional\",\"url\":\"https:\\\/\\\/www.eldiario.net\\\/portal\\\/\",\"logo\":{\"@type\":\"ImageObject\",\"inLanguage\":\"es\",\"@id\":\"https:\\\/\\\/www.eldiario.net\\\/portal\\\/#\\\/schema\\\/logo\\\/image\\\/\",\"url\":\"https:\\\/\\\/www.eldiario.net\\\/portal\\\/wp-content\\\/uploads\\\/2023\\\/07\\\/logo_ED.jpg\",\"contentUrl\":\"https:\\\/\\\/www.eldiario.net\\\/portal\\\/wp-content\\\/uploads\\\/2023\\\/07\\\/logo_ED.jpg\",\"width\":272,\"height\":52,\"caption\":\"El Diario - Decano de la prensa nacional\"},\"image\":{\"@id\":\"https:\\\/\\\/www.eldiario.net\\\/portal\\\/#\\\/schema\\\/logo\\\/image\\\/\"},\"sameAs\":[\"https:\\\/\\\/www.facebook.com\\\/eldiario.bolivia\\\/\",\"https:\\\/\\\/x.com\\\/eldiario_net\"]},{\"@type\":\"Person\",\"@id\":\"https:\\\/\\\/www.eldiario.net\\\/portal\\\/#\\\/schema\\\/person\\\/f46445640444750d7d753ccd04ae01b7\",\"name\":\"Jeanette\",\"image\":{\"@type\":\"ImageObject\",\"inLanguage\":\"es\",\"@id\":\"https:\\\/\\\/secure.gravatar.com\\\/avatar\\\/3ea2118a5f7dad2b7138b1187a6b7ee55f160b9968b66013c3a3ef39dd7e5798?s=96&d=mm&r=g\",\"url\":\"https:\\\/\\\/secure.gravatar.com\\\/avatar\\\/3ea2118a5f7dad2b7138b1187a6b7ee55f160b9968b66013c3a3ef39dd7e5798?s=96&d=mm&r=g\",\"contentUrl\":\"https:\\\/\\\/secure.gravatar.com\\\/avatar\\\/3ea2118a5f7dad2b7138b1187a6b7ee55f160b9968b66013c3a3ef39dd7e5798?s=96&d=mm&r=g\",\"caption\":\"Jeanette\"},\"sameAs\":[\"https:\\\/\\\/www.eldiario.net\\\/portal\"],\"url\":\"https:\\\/\\\/www.eldiario.net\\\/portal\\\/author\\\/jeanette\\\/\"}]}<\/script>\n<!-- \/ Yoast SEO plugin. -->","yoast_head_json":{"title":"El problema de la APDH - El Diario - Bolivia","robots":{"index":"index","follow":"follow","max-snippet":"max-snippet:-1","max-image-preview":"max-image-preview:large","max-video-preview":"max-video-preview:-1"},"canonical":"https:\/\/www.eldiario.net\/portal\/2023\/07\/29\/el-problema-de-la-apdh\/","og_locale":"es_ES","og_type":"article","og_title":"El problema de la APDH - El Diario - Bolivia","og_description":"En los a\u00f1os 70 se organiz\u00f3 en nuestro pa\u00eds, la Asamblea Permanente de Derechos Humanos (APDH) por alguna gente de la Iglesia Cat\u00f3lica, evang\u00e9lica y gente dem\u00f3crata, con la finalidad de tener una organizaci\u00f3n que defienda los Derechos Humanos, que en los gobiernos de corte castrense, no eran respetados. Los perseguidos en ese tiempo eran [&hellip;]","og_url":"https:\/\/www.eldiario.net\/portal\/2023\/07\/29\/el-problema-de-la-apdh\/","og_site_name":"El Diario - Bolivia","article_publisher":"https:\/\/www.facebook.com\/eldiario.bolivia\/","article_published_time":"2023-07-29T04:41:08+00:00","og_image":[{"width":1200,"height":628,"url":"https:\/\/www.eldiario.net\/portal\/wp-content\/uploads\/2023\/06\/Eric-L.-Cardenas-del-Castillo.jpg","type":"image\/jpeg"}],"author":"Jeanette","twitter_card":"summary_large_image","twitter_creator":"@eldiario_net","twitter_site":"@eldiario_net","twitter_misc":{"Escrito por":"Jeanette","Tiempo de lectura":"4 minutos"},"schema":{"@context":"https:\/\/schema.org","@graph":[{"@type":"Article","@id":"https:\/\/www.eldiario.net\/portal\/2023\/07\/29\/el-problema-de-la-apdh\/#article","isPartOf":{"@id":"https:\/\/www.eldiario.net\/portal\/2023\/07\/29\/el-problema-de-la-apdh\/"},"author":{"name":"Jeanette","@id":"https:\/\/www.eldiario.net\/portal\/#\/schema\/person\/f46445640444750d7d753ccd04ae01b7"},"headline":"El problema de la APDH","datePublished":"2023-07-29T04:41:08+00:00","mainEntityOfPage":{"@id":"https:\/\/www.eldiario.net\/portal\/2023\/07\/29\/el-problema-de-la-apdh\/"},"wordCount":849,"publisher":{"@id":"https:\/\/www.eldiario.net\/portal\/#organization"},"image":{"@id":"https:\/\/www.eldiario.net\/portal\/2023\/07\/29\/el-problema-de-la-apdh\/#primaryimage"},"thumbnailUrl":"https:\/\/www.eldiario.net\/portal\/wp-content\/uploads\/2023\/06\/Eric-L.-Cardenas-del-Castillo.jpg","articleSection":["Opini\u00f3n"],"inLanguage":"es"},{"@type":"WebPage","@id":"https:\/\/www.eldiario.net\/portal\/2023\/07\/29\/el-problema-de-la-apdh\/","url":"https:\/\/www.eldiario.net\/portal\/2023\/07\/29\/el-problema-de-la-apdh\/","name":"El problema de la APDH - El Diario - Bolivia","isPartOf":{"@id":"https:\/\/www.eldiario.net\/portal\/#website"},"primaryImageOfPage":{"@id":"https:\/\/www.eldiario.net\/portal\/2023\/07\/29\/el-problema-de-la-apdh\/#primaryimage"},"image":{"@id":"https:\/\/www.eldiario.net\/portal\/2023\/07\/29\/el-problema-de-la-apdh\/#primaryimage"},"thumbnailUrl":"https:\/\/www.eldiario.net\/portal\/wp-content\/uploads\/2023\/06\/Eric-L.-Cardenas-del-Castillo.jpg","datePublished":"2023-07-29T04:41:08+00:00","breadcrumb":{"@id":"https:\/\/www.eldiario.net\/portal\/2023\/07\/29\/el-problema-de-la-apdh\/#breadcrumb"},"inLanguage":"es","potentialAction":[{"@type":"ReadAction","target":["https:\/\/www.eldiario.net\/portal\/2023\/07\/29\/el-problema-de-la-apdh\/"]}]},{"@type":"ImageObject","inLanguage":"es","@id":"https:\/\/www.eldiario.net\/portal\/2023\/07\/29\/el-problema-de-la-apdh\/#primaryimage","url":"https:\/\/www.eldiario.net\/portal\/wp-content\/uploads\/2023\/06\/Eric-L.-Cardenas-del-Castillo.jpg","contentUrl":"https:\/\/www.eldiario.net\/portal\/wp-content\/uploads\/2023\/06\/Eric-L.-Cardenas-del-Castillo.jpg","width":1200,"height":628,"caption":"Eric L. C\u00e1rdenas del Castillo"},{"@type":"BreadcrumbList","@id":"https:\/\/www.eldiario.net\/portal\/2023\/07\/29\/el-problema-de-la-apdh\/#breadcrumb","itemListElement":[{"@type":"ListItem","position":1,"name":"Portada","item":"https:\/\/www.eldiario.net\/portal\/"},{"@type":"ListItem","position":2,"name":"El problema de la APDH"}]},{"@type":"WebSite","@id":"https:\/\/www.eldiario.net\/portal\/#website","url":"https:\/\/www.eldiario.net\/portal\/","name":"El Diario - Decano de la prensa nacional","description":"El Diario - Decano de la prensa nacional","publisher":{"@id":"https:\/\/www.eldiario.net\/portal\/#organization"},"potentialAction":[{"@type":"SearchAction","target":{"@type":"EntryPoint","urlTemplate":"https:\/\/www.eldiario.net\/portal\/?s={search_term_string}"},"query-input":{"@type":"PropertyValueSpecification","valueRequired":true,"valueName":"search_term_string"}}],"inLanguage":"es"},{"@type":"Organization","@id":"https:\/\/www.eldiario.net\/portal\/#organization","name":"El Diario - Decano de la prensa nacional","url":"https:\/\/www.eldiario.net\/portal\/","logo":{"@type":"ImageObject","inLanguage":"es","@id":"https:\/\/www.eldiario.net\/portal\/#\/schema\/logo\/image\/","url":"https:\/\/www.eldiario.net\/portal\/wp-content\/uploads\/2023\/07\/logo_ED.jpg","contentUrl":"https:\/\/www.eldiario.net\/portal\/wp-content\/uploads\/2023\/07\/logo_ED.jpg","width":272,"height":52,"caption":"El Diario - Decano de la prensa nacional"},"image":{"@id":"https:\/\/www.eldiario.net\/portal\/#\/schema\/logo\/image\/"},"sameAs":["https:\/\/www.facebook.com\/eldiario.bolivia\/","https:\/\/x.com\/eldiario_net"]},{"@type":"Person","@id":"https:\/\/www.eldiario.net\/portal\/#\/schema\/person\/f46445640444750d7d753ccd04ae01b7","name":"Jeanette","image":{"@type":"ImageObject","inLanguage":"es","@id":"https:\/\/secure.gravatar.com\/avatar\/3ea2118a5f7dad2b7138b1187a6b7ee55f160b9968b66013c3a3ef39dd7e5798?s=96&d=mm&r=g","url":"https:\/\/secure.gravatar.com\/avatar\/3ea2118a5f7dad2b7138b1187a6b7ee55f160b9968b66013c3a3ef39dd7e5798?s=96&d=mm&r=g","contentUrl":"https:\/\/secure.gravatar.com\/avatar\/3ea2118a5f7dad2b7138b1187a6b7ee55f160b9968b66013c3a3ef39dd7e5798?s=96&d=mm&r=g","caption":"Jeanette"},"sameAs":["https:\/\/www.eldiario.net\/portal"],"url":"https:\/\/www.eldiario.net\/portal\/author\/jeanette\/"}]}},"_links":{"self":[{"href":"https:\/\/www.eldiario.net\/portal\/wp-json\/wp\/v2\/posts\/168186","targetHints":{"allow":["GET"]}}],"collection":[{"href":"https:\/\/www.eldiario.net\/portal\/wp-json\/wp\/v2\/posts"}],"about":[{"href":"https:\/\/www.eldiario.net\/portal\/wp-json\/wp\/v2\/types\/post"}],"author":[{"embeddable":true,"href":"https:\/\/www.eldiario.net\/portal\/wp-json\/wp\/v2\/users\/1"}],"replies":[{"embeddable":true,"href":"https:\/\/www.eldiario.net\/portal\/wp-json\/wp\/v2\/comments?post=168186"}],"version-history":[{"count":0,"href":"https:\/\/www.eldiario.net\/portal\/wp-json\/wp\/v2\/posts\/168186\/revisions"}],"wp:featuredmedia":[{"embeddable":true,"href":"https:\/\/www.eldiario.net\/portal\/wp-json\/wp\/v2\/media\/157872"}],"wp:attachment":[{"href":"https:\/\/www.eldiario.net\/portal\/wp-json\/wp\/v2\/media?parent=168186"}],"wp:term":[{"taxonomy":"category","embeddable":true,"href":"https:\/\/www.eldiario.net\/portal\/wp-json\/wp\/v2\/categories?post=168186"},{"taxonomy":"post_tag","embeddable":true,"href":"https:\/\/www.eldiario.net\/portal\/wp-json\/wp\/v2\/tags?post=168186"}],"curies":[{"name":"wp","href":"https:\/\/api.w.org\/{rel}","templated":true}]}}