{"id":168184,"date":"2023-07-29T00:40:29","date_gmt":"2023-07-29T04:40:29","guid":{"rendered":"https:\/\/www.eldiario.net\/portal\/?p=168184"},"modified":"2023-07-29T00:40:29","modified_gmt":"2023-07-29T04:40:29","slug":"renacer-de-los-aeropuertos-en-el-ano-2023","status":"publish","type":"post","link":"https:\/\/www.eldiario.net\/portal\/2023\/07\/29\/renacer-de-los-aeropuertos-en-el-ano-2023\/","title":{"rendered":"Renacer de los aeropuertos en el a\u00f1o 2023"},"content":{"rendered":"<p><em><strong>Daniel Navajas Orellana<\/strong><\/em><\/p>\n<p>Parte I<\/p>\n<p>El tiempo va pasando, y desde el a\u00f1o de la pandemia ya transcurrieron dos gestiones y un poco m\u00e1s. Es un tiempo en el que la humanidad tuvo que detener o inclusive cerrar actividades o industrias a nivel mundial.<br \/>\nY desde luego, la industria de la aviaci\u00f3n no fue la excepci\u00f3n. Fue una de las m\u00e1s golpeadas por la pandemia del COVID-19, que ahora est\u00e1 emergiendo con renovada esperanza y, desde luego, los aeropuertos fueron afectados en sus ingresos econ\u00f3micos, proyecciones y sus inversiones en infraestructura.<br \/>\nSeg\u00fan las previsiones de la Asociaci\u00f3n Internacional de Transporte A\u00e9reo (IATA), la industria a\u00e9rea ser\u00e1 rentable en 2023 por primera vez desde 2019, proyectando un beneficio neto de 4.700 millones de d\u00f3lares con m\u00e1s de 4.000 millones de pasajeros transportados.<br \/>\nSin embargo, el camino hacia la recuperaci\u00f3n presenta desaf\u00edos significativos, incluyendo las restricciones de viajes en China, el precio del petr\u00f3leo y posibles problemas en el aprovisionamiento de repuestos.<br \/>\nPor ejemplo, en Espa\u00f1a, el resurgimiento est\u00e1 siendo liderado por las aerol\u00edneas de bajo coste que a pesar de un volumen de pasajeros todav\u00eda un 11,5% inferior al del a\u00f1o 2019, la tendencia al alza no descarta que este a\u00f1o se recupere el volumen de pasajeros pre-pandemia. Compa\u00f1\u00edas como Ryanair, Eurowings, Binter Canarias, Wizz Air y Volotea han superado ya sus estad\u00edsticas de 2019, superando la crisis sanitaria con fuerza.<br \/>\nAENA, el gestor aeroportuario espa\u00f1ol, tiene previsiones optimistas para el futuro. Si la recuperaci\u00f3n se confirma y se logra superar los datos de 2019 en este a\u00f1o, AENA podr\u00eda avanzar a previsiones m\u00e1s optimistas, viendo posible superar los datos de la crisis sanitaria el 2024 y llegar a 275 millones de pasajeros en un a\u00f1o.<br \/>\nPor ejemplo, con diferentes pol\u00edticas de gesti\u00f3n y administraci\u00f3n aeroportuaria, el aeropuerto Adolfo Su\u00e1rez Madrid-Barajas operado por AENA, se posesion\u00f3 como el quinceavo Aeropuerto del Mundo en el a\u00f1o 2022 de acuerdo con el Consejo Internacional de Aeropuertos (ACI).<br \/>\nDe igual manera, en nuestra regi\u00f3n Am\u00e9rica Latina, est\u00e1 mostrando signos s\u00f3lidos de recuperaci\u00f3n despu\u00e9s de la pandemia de COVID-19. A pesar de no recibir ayuda directa de sus respectivos gobiernos durante la crisis, las aerol\u00edneas est\u00e1n encontrando formas de sobrevivir y prosperar.<\/p>\n","protected":false},"excerpt":{"rendered":"<p>Daniel Navajas Orellana Parte I El tiempo va pasando, y desde el a\u00f1o de la pandemia ya transcurrieron dos gestiones y un poco m\u00e1s. Es un tiempo en el que la humanidad tuvo que detener o inclusive cerrar actividades o industrias a nivel mundial. Y desde luego, la industria de la aviaci\u00f3n no fue la [&hellip;]<\/p>\n","protected":false},"author":1,"featured_media":0,"comment_status":"closed","ping_status":"open","sticky":false,"template":"","format":"standard","meta":{"_acf_changed":false,"footnotes":""},"categories":[9],"tags":[],"class_list":["post-168184","post","type-post","status-publish","format-standard","category-opinion"],"acf":{"antetitulo":""},"yoast_head":"<!-- This site is optimized with the Yoast SEO plugin v28.4 - https:\/\/yoast.com\/product\/yoast-seo-wordpress\/ -->\n<title>Renacer de los aeropuertos en el a\u00f1o 2023 - El Diario - Bolivia<\/title>\n<meta name=\"robots\" content=\"index, follow, max-snippet:-1, max-image-preview:large, max-video-preview:-1\" \/>\n<link rel=\"canonical\" href=\"https:\/\/www.eldiario.net\/portal\/2023\/07\/29\/renacer-de-los-aeropuertos-en-el-ano-2023\/\" \/>\n<meta property=\"og:locale\" content=\"es_ES\" \/>\n<meta property=\"og:type\" content=\"article\" \/>\n<meta property=\"og:title\" content=\"Renacer de los aeropuertos en el a\u00f1o 2023 - El Diario - Bolivia\" \/>\n<meta property=\"og:description\" content=\"Daniel Navajas Orellana Parte I El tiempo va pasando, y desde el a\u00f1o de la pandemia ya transcurrieron dos gestiones y un poco m\u00e1s. Es un tiempo en el que la humanidad tuvo que detener o inclusive cerrar actividades o industrias a nivel mundial. Y desde luego, la industria de la aviaci\u00f3n no fue la [&hellip;]\" \/>\n<meta property=\"og:url\" content=\"https:\/\/www.eldiario.net\/portal\/2023\/07\/29\/renacer-de-los-aeropuertos-en-el-ano-2023\/\" \/>\n<meta property=\"og:site_name\" content=\"El Diario - Bolivia\" \/>\n<meta property=\"article:publisher\" content=\"https:\/\/www.facebook.com\/eldiario.bolivia\/\" \/>\n<meta property=\"article:published_time\" content=\"2023-07-29T04:40:29+00:00\" \/>\n<meta name=\"author\" content=\"Jeanette\" \/>\n<meta name=\"twitter:card\" content=\"summary_large_image\" \/>\n<meta name=\"twitter:creator\" content=\"@eldiario_net\" \/>\n<meta name=\"twitter:site\" content=\"@eldiario_net\" \/>\n<meta name=\"twitter:label1\" content=\"Escrito por\" \/>\n\t<meta name=\"twitter:data1\" content=\"Jeanette\" \/>\n\t<meta name=\"twitter:label2\" content=\"Tiempo de lectura\" \/>\n\t<meta name=\"twitter:data2\" content=\"2 minutos\" \/>\n<script type=\"application\/ld+json\" class=\"yoast-schema-graph\">{\"@context\":\"https:\\\/\\\/schema.org\",\"@graph\":[{\"@type\":\"Article\",\"@id\":\"https:\\\/\\\/www.eldiario.net\\\/portal\\\/2023\\\/07\\\/29\\\/renacer-de-los-aeropuertos-en-el-ano-2023\\\/#article\",\"isPartOf\":{\"@id\":\"https:\\\/\\\/www.eldiario.net\\\/portal\\\/2023\\\/07\\\/29\\\/renacer-de-los-aeropuertos-en-el-ano-2023\\\/\"},\"author\":{\"name\":\"Jeanette\",\"@id\":\"https:\\\/\\\/www.eldiario.net\\\/portal\\\/#\\\/schema\\\/person\\\/f46445640444750d7d753ccd04ae01b7\"},\"headline\":\"Renacer de los aeropuertos en el a\u00f1o 2023\",\"datePublished\":\"2023-07-29T04:40:29+00:00\",\"mainEntityOfPage\":{\"@id\":\"https:\\\/\\\/www.eldiario.net\\\/portal\\\/2023\\\/07\\\/29\\\/renacer-de-los-aeropuertos-en-el-ano-2023\\\/\"},\"wordCount\":404,\"publisher\":{\"@id\":\"https:\\\/\\\/www.eldiario.net\\\/portal\\\/#organization\"},\"articleSection\":[\"Opini\u00f3n\"],\"inLanguage\":\"es\"},{\"@type\":\"WebPage\",\"@id\":\"https:\\\/\\\/www.eldiario.net\\\/portal\\\/2023\\\/07\\\/29\\\/renacer-de-los-aeropuertos-en-el-ano-2023\\\/\",\"url\":\"https:\\\/\\\/www.eldiario.net\\\/portal\\\/2023\\\/07\\\/29\\\/renacer-de-los-aeropuertos-en-el-ano-2023\\\/\",\"name\":\"Renacer de los aeropuertos en el a\u00f1o 2023 - El Diario - Bolivia\",\"isPartOf\":{\"@id\":\"https:\\\/\\\/www.eldiario.net\\\/portal\\\/#website\"},\"datePublished\":\"2023-07-29T04:40:29+00:00\",\"breadcrumb\":{\"@id\":\"https:\\\/\\\/www.eldiario.net\\\/portal\\\/2023\\\/07\\\/29\\\/renacer-de-los-aeropuertos-en-el-ano-2023\\\/#breadcrumb\"},\"inLanguage\":\"es\",\"potentialAction\":[{\"@type\":\"ReadAction\",\"target\":[\"https:\\\/\\\/www.eldiario.net\\\/portal\\\/2023\\\/07\\\/29\\\/renacer-de-los-aeropuertos-en-el-ano-2023\\\/\"]}]},{\"@type\":\"BreadcrumbList\",\"@id\":\"https:\\\/\\\/www.eldiario.net\\\/portal\\\/2023\\\/07\\\/29\\\/renacer-de-los-aeropuertos-en-el-ano-2023\\\/#breadcrumb\",\"itemListElement\":[{\"@type\":\"ListItem\",\"position\":1,\"name\":\"Portada\",\"item\":\"https:\\\/\\\/www.eldiario.net\\\/portal\\\/\"},{\"@type\":\"ListItem\",\"position\":2,\"name\":\"Renacer de los aeropuertos en el a\u00f1o 2023\"}]},{\"@type\":\"WebSite\",\"@id\":\"https:\\\/\\\/www.eldiario.net\\\/portal\\\/#website\",\"url\":\"https:\\\/\\\/www.eldiario.net\\\/portal\\\/\",\"name\":\"El Diario - Decano de la prensa nacional\",\"description\":\"El Diario - Decano de la prensa nacional\",\"publisher\":{\"@id\":\"https:\\\/\\\/www.eldiario.net\\\/portal\\\/#organization\"},\"potentialAction\":[{\"@type\":\"SearchAction\",\"target\":{\"@type\":\"EntryPoint\",\"urlTemplate\":\"https:\\\/\\\/www.eldiario.net\\\/portal\\\/?s={search_term_string}\"},\"query-input\":{\"@type\":\"PropertyValueSpecification\",\"valueRequired\":true,\"valueName\":\"search_term_string\"}}],\"inLanguage\":\"es\"},{\"@type\":\"Organization\",\"@id\":\"https:\\\/\\\/www.eldiario.net\\\/portal\\\/#organization\",\"name\":\"El Diario - Decano de la prensa nacional\",\"url\":\"https:\\\/\\\/www.eldiario.net\\\/portal\\\/\",\"logo\":{\"@type\":\"ImageObject\",\"inLanguage\":\"es\",\"@id\":\"https:\\\/\\\/www.eldiario.net\\\/portal\\\/#\\\/schema\\\/logo\\\/image\\\/\",\"url\":\"https:\\\/\\\/www.eldiario.net\\\/portal\\\/wp-content\\\/uploads\\\/2023\\\/07\\\/logo_ED.jpg\",\"contentUrl\":\"https:\\\/\\\/www.eldiario.net\\\/portal\\\/wp-content\\\/uploads\\\/2023\\\/07\\\/logo_ED.jpg\",\"width\":272,\"height\":52,\"caption\":\"El Diario - Decano de la prensa nacional\"},\"image\":{\"@id\":\"https:\\\/\\\/www.eldiario.net\\\/portal\\\/#\\\/schema\\\/logo\\\/image\\\/\"},\"sameAs\":[\"https:\\\/\\\/www.facebook.com\\\/eldiario.bolivia\\\/\",\"https:\\\/\\\/x.com\\\/eldiario_net\"]},{\"@type\":\"Person\",\"@id\":\"https:\\\/\\\/www.eldiario.net\\\/portal\\\/#\\\/schema\\\/person\\\/f46445640444750d7d753ccd04ae01b7\",\"name\":\"Jeanette\",\"image\":{\"@type\":\"ImageObject\",\"inLanguage\":\"es\",\"@id\":\"https:\\\/\\\/secure.gravatar.com\\\/avatar\\\/3ea2118a5f7dad2b7138b1187a6b7ee55f160b9968b66013c3a3ef39dd7e5798?s=96&d=mm&r=g\",\"url\":\"https:\\\/\\\/secure.gravatar.com\\\/avatar\\\/3ea2118a5f7dad2b7138b1187a6b7ee55f160b9968b66013c3a3ef39dd7e5798?s=96&d=mm&r=g\",\"contentUrl\":\"https:\\\/\\\/secure.gravatar.com\\\/avatar\\\/3ea2118a5f7dad2b7138b1187a6b7ee55f160b9968b66013c3a3ef39dd7e5798?s=96&d=mm&r=g\",\"caption\":\"Jeanette\"},\"sameAs\":[\"https:\\\/\\\/www.eldiario.net\\\/portal\"],\"url\":\"https:\\\/\\\/www.eldiario.net\\\/portal\\\/author\\\/jeanette\\\/\"}]}<\/script>\n<!-- \/ Yoast SEO plugin. -->","yoast_head_json":{"title":"Renacer de los aeropuertos en el a\u00f1o 2023 - El Diario - Bolivia","robots":{"index":"index","follow":"follow","max-snippet":"max-snippet:-1","max-image-preview":"max-image-preview:large","max-video-preview":"max-video-preview:-1"},"canonical":"https:\/\/www.eldiario.net\/portal\/2023\/07\/29\/renacer-de-los-aeropuertos-en-el-ano-2023\/","og_locale":"es_ES","og_type":"article","og_title":"Renacer de los aeropuertos en el a\u00f1o 2023 - El Diario - Bolivia","og_description":"Daniel Navajas Orellana Parte I El tiempo va pasando, y desde el a\u00f1o de la pandemia ya transcurrieron dos gestiones y un poco m\u00e1s. Es un tiempo en el que la humanidad tuvo que detener o inclusive cerrar actividades o industrias a nivel mundial. Y desde luego, la industria de la aviaci\u00f3n no fue la [&hellip;]","og_url":"https:\/\/www.eldiario.net\/portal\/2023\/07\/29\/renacer-de-los-aeropuertos-en-el-ano-2023\/","og_site_name":"El Diario - Bolivia","article_publisher":"https:\/\/www.facebook.com\/eldiario.bolivia\/","article_published_time":"2023-07-29T04:40:29+00:00","author":"Jeanette","twitter_card":"summary_large_image","twitter_creator":"@eldiario_net","twitter_site":"@eldiario_net","twitter_misc":{"Escrito por":"Jeanette","Tiempo de lectura":"2 minutos"},"schema":{"@context":"https:\/\/schema.org","@graph":[{"@type":"Article","@id":"https:\/\/www.eldiario.net\/portal\/2023\/07\/29\/renacer-de-los-aeropuertos-en-el-ano-2023\/#article","isPartOf":{"@id":"https:\/\/www.eldiario.net\/portal\/2023\/07\/29\/renacer-de-los-aeropuertos-en-el-ano-2023\/"},"author":{"name":"Jeanette","@id":"https:\/\/www.eldiario.net\/portal\/#\/schema\/person\/f46445640444750d7d753ccd04ae01b7"},"headline":"Renacer de los aeropuertos en el a\u00f1o 2023","datePublished":"2023-07-29T04:40:29+00:00","mainEntityOfPage":{"@id":"https:\/\/www.eldiario.net\/portal\/2023\/07\/29\/renacer-de-los-aeropuertos-en-el-ano-2023\/"},"wordCount":404,"publisher":{"@id":"https:\/\/www.eldiario.net\/portal\/#organization"},"articleSection":["Opini\u00f3n"],"inLanguage":"es"},{"@type":"WebPage","@id":"https:\/\/www.eldiario.net\/portal\/2023\/07\/29\/renacer-de-los-aeropuertos-en-el-ano-2023\/","url":"https:\/\/www.eldiario.net\/portal\/2023\/07\/29\/renacer-de-los-aeropuertos-en-el-ano-2023\/","name":"Renacer de los aeropuertos en el a\u00f1o 2023 - El Diario - Bolivia","isPartOf":{"@id":"https:\/\/www.eldiario.net\/portal\/#website"},"datePublished":"2023-07-29T04:40:29+00:00","breadcrumb":{"@id":"https:\/\/www.eldiario.net\/portal\/2023\/07\/29\/renacer-de-los-aeropuertos-en-el-ano-2023\/#breadcrumb"},"inLanguage":"es","potentialAction":[{"@type":"ReadAction","target":["https:\/\/www.eldiario.net\/portal\/2023\/07\/29\/renacer-de-los-aeropuertos-en-el-ano-2023\/"]}]},{"@type":"BreadcrumbList","@id":"https:\/\/www.eldiario.net\/portal\/2023\/07\/29\/renacer-de-los-aeropuertos-en-el-ano-2023\/#breadcrumb","itemListElement":[{"@type":"ListItem","position":1,"name":"Portada","item":"https:\/\/www.eldiario.net\/portal\/"},{"@type":"ListItem","position":2,"name":"Renacer de los aeropuertos en el a\u00f1o 2023"}]},{"@type":"WebSite","@id":"https:\/\/www.eldiario.net\/portal\/#website","url":"https:\/\/www.eldiario.net\/portal\/","name":"El Diario - Decano de la prensa nacional","description":"El Diario - Decano de la prensa nacional","publisher":{"@id":"https:\/\/www.eldiario.net\/portal\/#organization"},"potentialAction":[{"@type":"SearchAction","target":{"@type":"EntryPoint","urlTemplate":"https:\/\/www.eldiario.net\/portal\/?s={search_term_string}"},"query-input":{"@type":"PropertyValueSpecification","valueRequired":true,"valueName":"search_term_string"}}],"inLanguage":"es"},{"@type":"Organization","@id":"https:\/\/www.eldiario.net\/portal\/#organization","name":"El Diario - Decano de la prensa nacional","url":"https:\/\/www.eldiario.net\/portal\/","logo":{"@type":"ImageObject","inLanguage":"es","@id":"https:\/\/www.eldiario.net\/portal\/#\/schema\/logo\/image\/","url":"https:\/\/www.eldiario.net\/portal\/wp-content\/uploads\/2023\/07\/logo_ED.jpg","contentUrl":"https:\/\/www.eldiario.net\/portal\/wp-content\/uploads\/2023\/07\/logo_ED.jpg","width":272,"height":52,"caption":"El Diario - Decano de la prensa nacional"},"image":{"@id":"https:\/\/www.eldiario.net\/portal\/#\/schema\/logo\/image\/"},"sameAs":["https:\/\/www.facebook.com\/eldiario.bolivia\/","https:\/\/x.com\/eldiario_net"]},{"@type":"Person","@id":"https:\/\/www.eldiario.net\/portal\/#\/schema\/person\/f46445640444750d7d753ccd04ae01b7","name":"Jeanette","image":{"@type":"ImageObject","inLanguage":"es","@id":"https:\/\/secure.gravatar.com\/avatar\/3ea2118a5f7dad2b7138b1187a6b7ee55f160b9968b66013c3a3ef39dd7e5798?s=96&d=mm&r=g","url":"https:\/\/secure.gravatar.com\/avatar\/3ea2118a5f7dad2b7138b1187a6b7ee55f160b9968b66013c3a3ef39dd7e5798?s=96&d=mm&r=g","contentUrl":"https:\/\/secure.gravatar.com\/avatar\/3ea2118a5f7dad2b7138b1187a6b7ee55f160b9968b66013c3a3ef39dd7e5798?s=96&d=mm&r=g","caption":"Jeanette"},"sameAs":["https:\/\/www.eldiario.net\/portal"],"url":"https:\/\/www.eldiario.net\/portal\/author\/jeanette\/"}]}},"_links":{"self":[{"href":"https:\/\/www.eldiario.net\/portal\/wp-json\/wp\/v2\/posts\/168184","targetHints":{"allow":["GET"]}}],"collection":[{"href":"https:\/\/www.eldiario.net\/portal\/wp-json\/wp\/v2\/posts"}],"about":[{"href":"https:\/\/www.eldiario.net\/portal\/wp-json\/wp\/v2\/types\/post"}],"author":[{"embeddable":true,"href":"https:\/\/www.eldiario.net\/portal\/wp-json\/wp\/v2\/users\/1"}],"replies":[{"embeddable":true,"href":"https:\/\/www.eldiario.net\/portal\/wp-json\/wp\/v2\/comments?post=168184"}],"version-history":[{"count":0,"href":"https:\/\/www.eldiario.net\/portal\/wp-json\/wp\/v2\/posts\/168184\/revisions"}],"wp:attachment":[{"href":"https:\/\/www.eldiario.net\/portal\/wp-json\/wp\/v2\/media?parent=168184"}],"wp:term":[{"taxonomy":"category","embeddable":true,"href":"https:\/\/www.eldiario.net\/portal\/wp-json\/wp\/v2\/categories?post=168184"},{"taxonomy":"post_tag","embeddable":true,"href":"https:\/\/www.eldiario.net\/portal\/wp-json\/wp\/v2\/tags?post=168184"}],"curies":[{"name":"wp","href":"https:\/\/api.w.org\/{rel}","templated":true}]}}