{"id":168182,"date":"2023-07-29T00:39:44","date_gmt":"2023-07-29T04:39:44","guid":{"rendered":"https:\/\/www.eldiario.net\/portal\/?p=168182"},"modified":"2023-07-29T00:39:44","modified_gmt":"2023-07-29T04:39:44","slug":"neurociencia-y-su-relacion-con-la-educacion","status":"publish","type":"post","link":"https:\/\/www.eldiario.net\/portal\/2023\/07\/29\/neurociencia-y-su-relacion-con-la-educacion\/","title":{"rendered":"Neurociencia y su relaci\u00f3n con la educaci\u00f3n"},"content":{"rendered":"<p><em><strong>Ubaldo Artime Quispe Salas<\/strong><\/em><\/p>\n<p>La Neurociencia es conocida como el estudio profundo del sistema nervioso, desde todas sus facetas de expresi\u00f3n y de existencia. Este ha sido un tema innovador para comprender el fen\u00f3meno educativo y sus actores primordiales: docentes y estudiantes. El origen de dicha ciencia del nuevo siglo, se remonta al Siglo XVIII, espec\u00edficamente a 1791, cuando Luigi Galvani descubri\u00f3 actividad el\u00e9ctrica en los m\u00fasculos y esto permiti\u00f3 comprender otros fen\u00f3menos relacionados con el sistema nervioso animal y, m\u00e1s tarde, humano. No obstante, ya desde los a\u00f1os 70 del siglo pasado tuvo presencia concreta en el d\u00eda a d\u00eda de los descubrimientos m\u00e1s profundos de la biolog\u00eda humana, gracias a los estudios comparativos de Bernard Katz sobre la relaci\u00f3n de consumo de vitaminas y desempe\u00f1o de las mismas en los neurotransmisores, elementos que ayudan de manera directa al desempe\u00f1o mental, f\u00edsico y psicol\u00f3gico de una persona.<br \/>\nSi bien la historia de la Neurociencia tiene que ver con los avances continuos en la medicina y la anatom\u00eda, tambi\u00e9n se comprende que tiene estrecha relaci\u00f3n con el aprendizaje. Es decir, con el fen\u00f3meno educativo; no obstante, hay que profundizar un poco sobre este ac\u00e1pite para seguir.<br \/>\nLas cuatro principales ramas de la Neurociencia, para Bueno (2019), son la cognitiva, la afectiva o emocional, la social y la educacional; cada una de estas ramas est\u00e1 estrechamente vinculada con el resto y viceversa, porque el ser humano tambi\u00e9n puede memorizar emociones, racionalizarlas, adaptarlas para un ambiente social o aprovecharlas para establecer estrategias de ense\u00f1anza y aprendizaje. Por ello es relativamente paralela cada \u00e1rea, y si una investigaci\u00f3n se centra en el \u00e1rea cognitiva del sistema nervioso, obviamente tendr\u00e1 resultados o consecuencias en las dem\u00e1s \u00e1reas.<br \/>\nPara Salazar (2016), las emociones son las reguladores de todas las otras \u00e1reas. No se puede aprender, socializar ni memorizar sin la estabilidad de las emociones, que mantienen los n\u00fameros altos de los neurotransmisores, los cuales establecen la hermen\u00e9utica del sistema nervioso con el entorno real y simb\u00f3lico que lo rodea.<br \/>\nEl problema es que en Bolivia, la educaci\u00f3n emocional o afectiva, que es parte de la rama de las emociones dentro de la Neurociencia, es casi un mito en nuestra realidad. Javier Reyes (2005) asevera que hay un analfabetismo emocional en las aulas y espacios de aprendizaje de la educaci\u00f3n regular, la educaci\u00f3n alternativa y la educaci\u00f3n popular, porque no son aceptadas las emociones como parte del aprendizaje. No obstante, los estudios de Howard Gardner (1986) en los a\u00f1os 80 del siglo pasado, confirman que las emociones fortalecen no solo la conectividad de las neuronas, sino tambi\u00e9n el factor de la socializaci\u00f3n, la memoria, y tambi\u00e9n despiertan otras reacciones racionalizadas, como la empat\u00eda, la dicha, la solidaridad, el deseo de compartir ideas, resolver problemas, etc.<br \/>\n\u00bfC\u00f3mo alfabetizar las emociones? La intelectualizaci\u00f3n de la educaci\u00f3n, seg\u00fan Lorenz (1978), establece el problema primordial: lo que se aprende deber\u00eda estar en contacto permanente con lo que se siente (emociones) y lo que se percibe (sensaciones).<br \/>\nNo obstante, la educaci\u00f3n formal regular en Bolivia tiene estos temas como nuevos y arduos retos.<\/p>\n","protected":false},"excerpt":{"rendered":"<p>Ubaldo Artime Quispe Salas La Neurociencia es conocida como el estudio profundo del sistema nervioso, desde todas sus facetas de expresi\u00f3n y de existencia. Este ha sido un tema innovador para comprender el fen\u00f3meno educativo y sus actores primordiales: docentes y estudiantes. El origen de dicha ciencia del nuevo siglo, se remonta al Siglo XVIII, [&hellip;]<\/p>\n","protected":false},"author":1,"featured_media":0,"comment_status":"closed","ping_status":"open","sticky":false,"template":"","format":"standard","meta":{"_acf_changed":false,"footnotes":""},"categories":[9],"tags":[],"class_list":["post-168182","post","type-post","status-publish","format-standard","category-opinion"],"acf":{"antetitulo":""},"yoast_head":"<!-- This site is optimized with the Yoast SEO plugin v28.4 - https:\/\/yoast.com\/product\/yoast-seo-wordpress\/ -->\n<title>Neurociencia y su relaci\u00f3n con la educaci\u00f3n - El Diario - Bolivia<\/title>\n<meta name=\"robots\" content=\"index, follow, max-snippet:-1, max-image-preview:large, max-video-preview:-1\" \/>\n<link rel=\"canonical\" href=\"https:\/\/www.eldiario.net\/portal\/2023\/07\/29\/neurociencia-y-su-relacion-con-la-educacion\/\" \/>\n<meta property=\"og:locale\" content=\"es_ES\" \/>\n<meta property=\"og:type\" content=\"article\" \/>\n<meta property=\"og:title\" content=\"Neurociencia y su relaci\u00f3n con la educaci\u00f3n - El Diario - Bolivia\" \/>\n<meta property=\"og:description\" content=\"Ubaldo Artime Quispe Salas La Neurociencia es conocida como el estudio profundo del sistema nervioso, desde todas sus facetas de expresi\u00f3n y de existencia. Este ha sido un tema innovador para comprender el fen\u00f3meno educativo y sus actores primordiales: docentes y estudiantes. El origen de dicha ciencia del nuevo siglo, se remonta al Siglo XVIII, [&hellip;]\" \/>\n<meta property=\"og:url\" content=\"https:\/\/www.eldiario.net\/portal\/2023\/07\/29\/neurociencia-y-su-relacion-con-la-educacion\/\" \/>\n<meta property=\"og:site_name\" content=\"El Diario - Bolivia\" \/>\n<meta property=\"article:publisher\" content=\"https:\/\/www.facebook.com\/eldiario.bolivia\/\" \/>\n<meta property=\"article:published_time\" content=\"2023-07-29T04:39:44+00:00\" \/>\n<meta name=\"author\" content=\"Jeanette\" \/>\n<meta name=\"twitter:card\" content=\"summary_large_image\" \/>\n<meta name=\"twitter:creator\" content=\"@eldiario_net\" \/>\n<meta name=\"twitter:site\" content=\"@eldiario_net\" \/>\n<meta name=\"twitter:label1\" content=\"Escrito por\" \/>\n\t<meta name=\"twitter:data1\" content=\"Jeanette\" \/>\n\t<meta name=\"twitter:label2\" content=\"Tiempo de lectura\" \/>\n\t<meta name=\"twitter:data2\" content=\"3 minutos\" \/>\n<script type=\"application\/ld+json\" class=\"yoast-schema-graph\">{\"@context\":\"https:\\\/\\\/schema.org\",\"@graph\":[{\"@type\":\"Article\",\"@id\":\"https:\\\/\\\/www.eldiario.net\\\/portal\\\/2023\\\/07\\\/29\\\/neurociencia-y-su-relacion-con-la-educacion\\\/#article\",\"isPartOf\":{\"@id\":\"https:\\\/\\\/www.eldiario.net\\\/portal\\\/2023\\\/07\\\/29\\\/neurociencia-y-su-relacion-con-la-educacion\\\/\"},\"author\":{\"name\":\"Jeanette\",\"@id\":\"https:\\\/\\\/www.eldiario.net\\\/portal\\\/#\\\/schema\\\/person\\\/f46445640444750d7d753ccd04ae01b7\"},\"headline\":\"Neurociencia y su relaci\u00f3n con la educaci\u00f3n\",\"datePublished\":\"2023-07-29T04:39:44+00:00\",\"mainEntityOfPage\":{\"@id\":\"https:\\\/\\\/www.eldiario.net\\\/portal\\\/2023\\\/07\\\/29\\\/neurociencia-y-su-relacion-con-la-educacion\\\/\"},\"wordCount\":557,\"publisher\":{\"@id\":\"https:\\\/\\\/www.eldiario.net\\\/portal\\\/#organization\"},\"articleSection\":[\"Opini\u00f3n\"],\"inLanguage\":\"es\"},{\"@type\":\"WebPage\",\"@id\":\"https:\\\/\\\/www.eldiario.net\\\/portal\\\/2023\\\/07\\\/29\\\/neurociencia-y-su-relacion-con-la-educacion\\\/\",\"url\":\"https:\\\/\\\/www.eldiario.net\\\/portal\\\/2023\\\/07\\\/29\\\/neurociencia-y-su-relacion-con-la-educacion\\\/\",\"name\":\"Neurociencia y su relaci\u00f3n con la educaci\u00f3n - El Diario - Bolivia\",\"isPartOf\":{\"@id\":\"https:\\\/\\\/www.eldiario.net\\\/portal\\\/#website\"},\"datePublished\":\"2023-07-29T04:39:44+00:00\",\"breadcrumb\":{\"@id\":\"https:\\\/\\\/www.eldiario.net\\\/portal\\\/2023\\\/07\\\/29\\\/neurociencia-y-su-relacion-con-la-educacion\\\/#breadcrumb\"},\"inLanguage\":\"es\",\"potentialAction\":[{\"@type\":\"ReadAction\",\"target\":[\"https:\\\/\\\/www.eldiario.net\\\/portal\\\/2023\\\/07\\\/29\\\/neurociencia-y-su-relacion-con-la-educacion\\\/\"]}]},{\"@type\":\"BreadcrumbList\",\"@id\":\"https:\\\/\\\/www.eldiario.net\\\/portal\\\/2023\\\/07\\\/29\\\/neurociencia-y-su-relacion-con-la-educacion\\\/#breadcrumb\",\"itemListElement\":[{\"@type\":\"ListItem\",\"position\":1,\"name\":\"Portada\",\"item\":\"https:\\\/\\\/www.eldiario.net\\\/portal\\\/\"},{\"@type\":\"ListItem\",\"position\":2,\"name\":\"Neurociencia y su relaci\u00f3n con la educaci\u00f3n\"}]},{\"@type\":\"WebSite\",\"@id\":\"https:\\\/\\\/www.eldiario.net\\\/portal\\\/#website\",\"url\":\"https:\\\/\\\/www.eldiario.net\\\/portal\\\/\",\"name\":\"El Diario - Decano de la prensa nacional\",\"description\":\"El Diario - Decano de la prensa nacional\",\"publisher\":{\"@id\":\"https:\\\/\\\/www.eldiario.net\\\/portal\\\/#organization\"},\"potentialAction\":[{\"@type\":\"SearchAction\",\"target\":{\"@type\":\"EntryPoint\",\"urlTemplate\":\"https:\\\/\\\/www.eldiario.net\\\/portal\\\/?s={search_term_string}\"},\"query-input\":{\"@type\":\"PropertyValueSpecification\",\"valueRequired\":true,\"valueName\":\"search_term_string\"}}],\"inLanguage\":\"es\"},{\"@type\":\"Organization\",\"@id\":\"https:\\\/\\\/www.eldiario.net\\\/portal\\\/#organization\",\"name\":\"El Diario - Decano de la prensa nacional\",\"url\":\"https:\\\/\\\/www.eldiario.net\\\/portal\\\/\",\"logo\":{\"@type\":\"ImageObject\",\"inLanguage\":\"es\",\"@id\":\"https:\\\/\\\/www.eldiario.net\\\/portal\\\/#\\\/schema\\\/logo\\\/image\\\/\",\"url\":\"https:\\\/\\\/www.eldiario.net\\\/portal\\\/wp-content\\\/uploads\\\/2023\\\/07\\\/logo_ED.jpg\",\"contentUrl\":\"https:\\\/\\\/www.eldiario.net\\\/portal\\\/wp-content\\\/uploads\\\/2023\\\/07\\\/logo_ED.jpg\",\"width\":272,\"height\":52,\"caption\":\"El Diario - Decano de la prensa nacional\"},\"image\":{\"@id\":\"https:\\\/\\\/www.eldiario.net\\\/portal\\\/#\\\/schema\\\/logo\\\/image\\\/\"},\"sameAs\":[\"https:\\\/\\\/www.facebook.com\\\/eldiario.bolivia\\\/\",\"https:\\\/\\\/x.com\\\/eldiario_net\"]},{\"@type\":\"Person\",\"@id\":\"https:\\\/\\\/www.eldiario.net\\\/portal\\\/#\\\/schema\\\/person\\\/f46445640444750d7d753ccd04ae01b7\",\"name\":\"Jeanette\",\"image\":{\"@type\":\"ImageObject\",\"inLanguage\":\"es\",\"@id\":\"https:\\\/\\\/secure.gravatar.com\\\/avatar\\\/3ea2118a5f7dad2b7138b1187a6b7ee55f160b9968b66013c3a3ef39dd7e5798?s=96&d=mm&r=g\",\"url\":\"https:\\\/\\\/secure.gravatar.com\\\/avatar\\\/3ea2118a5f7dad2b7138b1187a6b7ee55f160b9968b66013c3a3ef39dd7e5798?s=96&d=mm&r=g\",\"contentUrl\":\"https:\\\/\\\/secure.gravatar.com\\\/avatar\\\/3ea2118a5f7dad2b7138b1187a6b7ee55f160b9968b66013c3a3ef39dd7e5798?s=96&d=mm&r=g\",\"caption\":\"Jeanette\"},\"sameAs\":[\"https:\\\/\\\/www.eldiario.net\\\/portal\"],\"url\":\"https:\\\/\\\/www.eldiario.net\\\/portal\\\/author\\\/jeanette\\\/\"}]}<\/script>\n<!-- \/ Yoast SEO plugin. -->","yoast_head_json":{"title":"Neurociencia y su relaci\u00f3n con la educaci\u00f3n - El Diario - Bolivia","robots":{"index":"index","follow":"follow","max-snippet":"max-snippet:-1","max-image-preview":"max-image-preview:large","max-video-preview":"max-video-preview:-1"},"canonical":"https:\/\/www.eldiario.net\/portal\/2023\/07\/29\/neurociencia-y-su-relacion-con-la-educacion\/","og_locale":"es_ES","og_type":"article","og_title":"Neurociencia y su relaci\u00f3n con la educaci\u00f3n - El Diario - Bolivia","og_description":"Ubaldo Artime Quispe Salas La Neurociencia es conocida como el estudio profundo del sistema nervioso, desde todas sus facetas de expresi\u00f3n y de existencia. Este ha sido un tema innovador para comprender el fen\u00f3meno educativo y sus actores primordiales: docentes y estudiantes. El origen de dicha ciencia del nuevo siglo, se remonta al Siglo XVIII, [&hellip;]","og_url":"https:\/\/www.eldiario.net\/portal\/2023\/07\/29\/neurociencia-y-su-relacion-con-la-educacion\/","og_site_name":"El Diario - Bolivia","article_publisher":"https:\/\/www.facebook.com\/eldiario.bolivia\/","article_published_time":"2023-07-29T04:39:44+00:00","author":"Jeanette","twitter_card":"summary_large_image","twitter_creator":"@eldiario_net","twitter_site":"@eldiario_net","twitter_misc":{"Escrito por":"Jeanette","Tiempo de lectura":"3 minutos"},"schema":{"@context":"https:\/\/schema.org","@graph":[{"@type":"Article","@id":"https:\/\/www.eldiario.net\/portal\/2023\/07\/29\/neurociencia-y-su-relacion-con-la-educacion\/#article","isPartOf":{"@id":"https:\/\/www.eldiario.net\/portal\/2023\/07\/29\/neurociencia-y-su-relacion-con-la-educacion\/"},"author":{"name":"Jeanette","@id":"https:\/\/www.eldiario.net\/portal\/#\/schema\/person\/f46445640444750d7d753ccd04ae01b7"},"headline":"Neurociencia y su relaci\u00f3n con la educaci\u00f3n","datePublished":"2023-07-29T04:39:44+00:00","mainEntityOfPage":{"@id":"https:\/\/www.eldiario.net\/portal\/2023\/07\/29\/neurociencia-y-su-relacion-con-la-educacion\/"},"wordCount":557,"publisher":{"@id":"https:\/\/www.eldiario.net\/portal\/#organization"},"articleSection":["Opini\u00f3n"],"inLanguage":"es"},{"@type":"WebPage","@id":"https:\/\/www.eldiario.net\/portal\/2023\/07\/29\/neurociencia-y-su-relacion-con-la-educacion\/","url":"https:\/\/www.eldiario.net\/portal\/2023\/07\/29\/neurociencia-y-su-relacion-con-la-educacion\/","name":"Neurociencia y su relaci\u00f3n con la educaci\u00f3n - El Diario - Bolivia","isPartOf":{"@id":"https:\/\/www.eldiario.net\/portal\/#website"},"datePublished":"2023-07-29T04:39:44+00:00","breadcrumb":{"@id":"https:\/\/www.eldiario.net\/portal\/2023\/07\/29\/neurociencia-y-su-relacion-con-la-educacion\/#breadcrumb"},"inLanguage":"es","potentialAction":[{"@type":"ReadAction","target":["https:\/\/www.eldiario.net\/portal\/2023\/07\/29\/neurociencia-y-su-relacion-con-la-educacion\/"]}]},{"@type":"BreadcrumbList","@id":"https:\/\/www.eldiario.net\/portal\/2023\/07\/29\/neurociencia-y-su-relacion-con-la-educacion\/#breadcrumb","itemListElement":[{"@type":"ListItem","position":1,"name":"Portada","item":"https:\/\/www.eldiario.net\/portal\/"},{"@type":"ListItem","position":2,"name":"Neurociencia y su relaci\u00f3n con la educaci\u00f3n"}]},{"@type":"WebSite","@id":"https:\/\/www.eldiario.net\/portal\/#website","url":"https:\/\/www.eldiario.net\/portal\/","name":"El Diario - Decano de la prensa nacional","description":"El Diario - Decano de la prensa nacional","publisher":{"@id":"https:\/\/www.eldiario.net\/portal\/#organization"},"potentialAction":[{"@type":"SearchAction","target":{"@type":"EntryPoint","urlTemplate":"https:\/\/www.eldiario.net\/portal\/?s={search_term_string}"},"query-input":{"@type":"PropertyValueSpecification","valueRequired":true,"valueName":"search_term_string"}}],"inLanguage":"es"},{"@type":"Organization","@id":"https:\/\/www.eldiario.net\/portal\/#organization","name":"El Diario - Decano de la prensa nacional","url":"https:\/\/www.eldiario.net\/portal\/","logo":{"@type":"ImageObject","inLanguage":"es","@id":"https:\/\/www.eldiario.net\/portal\/#\/schema\/logo\/image\/","url":"https:\/\/www.eldiario.net\/portal\/wp-content\/uploads\/2023\/07\/logo_ED.jpg","contentUrl":"https:\/\/www.eldiario.net\/portal\/wp-content\/uploads\/2023\/07\/logo_ED.jpg","width":272,"height":52,"caption":"El Diario - Decano de la prensa nacional"},"image":{"@id":"https:\/\/www.eldiario.net\/portal\/#\/schema\/logo\/image\/"},"sameAs":["https:\/\/www.facebook.com\/eldiario.bolivia\/","https:\/\/x.com\/eldiario_net"]},{"@type":"Person","@id":"https:\/\/www.eldiario.net\/portal\/#\/schema\/person\/f46445640444750d7d753ccd04ae01b7","name":"Jeanette","image":{"@type":"ImageObject","inLanguage":"es","@id":"https:\/\/secure.gravatar.com\/avatar\/3ea2118a5f7dad2b7138b1187a6b7ee55f160b9968b66013c3a3ef39dd7e5798?s=96&d=mm&r=g","url":"https:\/\/secure.gravatar.com\/avatar\/3ea2118a5f7dad2b7138b1187a6b7ee55f160b9968b66013c3a3ef39dd7e5798?s=96&d=mm&r=g","contentUrl":"https:\/\/secure.gravatar.com\/avatar\/3ea2118a5f7dad2b7138b1187a6b7ee55f160b9968b66013c3a3ef39dd7e5798?s=96&d=mm&r=g","caption":"Jeanette"},"sameAs":["https:\/\/www.eldiario.net\/portal"],"url":"https:\/\/www.eldiario.net\/portal\/author\/jeanette\/"}]}},"_links":{"self":[{"href":"https:\/\/www.eldiario.net\/portal\/wp-json\/wp\/v2\/posts\/168182","targetHints":{"allow":["GET"]}}],"collection":[{"href":"https:\/\/www.eldiario.net\/portal\/wp-json\/wp\/v2\/posts"}],"about":[{"href":"https:\/\/www.eldiario.net\/portal\/wp-json\/wp\/v2\/types\/post"}],"author":[{"embeddable":true,"href":"https:\/\/www.eldiario.net\/portal\/wp-json\/wp\/v2\/users\/1"}],"replies":[{"embeddable":true,"href":"https:\/\/www.eldiario.net\/portal\/wp-json\/wp\/v2\/comments?post=168182"}],"version-history":[{"count":0,"href":"https:\/\/www.eldiario.net\/portal\/wp-json\/wp\/v2\/posts\/168182\/revisions"}],"wp:attachment":[{"href":"https:\/\/www.eldiario.net\/portal\/wp-json\/wp\/v2\/media?parent=168182"}],"wp:term":[{"taxonomy":"category","embeddable":true,"href":"https:\/\/www.eldiario.net\/portal\/wp-json\/wp\/v2\/categories?post=168182"},{"taxonomy":"post_tag","embeddable":true,"href":"https:\/\/www.eldiario.net\/portal\/wp-json\/wp\/v2\/tags?post=168182"}],"curies":[{"name":"wp","href":"https:\/\/api.w.org\/{rel}","templated":true}]}}