{"id":168180,"date":"2023-07-29T00:39:05","date_gmt":"2023-07-29T04:39:05","guid":{"rendered":"https:\/\/www.eldiario.net\/portal\/?p=168180"},"modified":"2023-07-29T00:39:05","modified_gmt":"2023-07-29T04:39:05","slug":"celac-y-las-inversiones-de-europa","status":"publish","type":"post","link":"https:\/\/www.eldiario.net\/portal\/2023\/07\/29\/celac-y-las-inversiones-de-europa\/","title":{"rendered":"CELAC y las inversiones de Europa"},"content":{"rendered":"<p>La Constituci\u00f3n Pol\u00edtica del Estado, define en el Art. 255.II que \u201cLa negociaci\u00f3n, suscripci\u00f3n y ratificaci\u00f3n de tratados internacionales se regir\u00e1 por los principios de: 1. Independencia e igualdad entre los estados, no intervenci\u00f3n en asuntos internos y soluci\u00f3n pac\u00edfica de los conflictos\u201d. El 3 de diciembre de 2011 se cre\u00f3 la CELAC y est\u00e1 integrada por 33 pa\u00edses de Am\u00e9rica Latina y el Caribe, excepto Estados Unidos y Canad\u00e1. Bolivia es parte de esa organizaci\u00f3n internacional.<br \/>\nDespu\u00e9s de 8 a\u00f1os de relaci\u00f3n congelada, la III cumbre entre la Uni\u00f3n Europea (UE) y la Comunidad de Estados Latinoamericanos y Caribe\u00f1os (CELAC) se realiz\u00f3 el 17 y 18 de julio de 2023 en Bruselas, B\u00e9lgica. All\u00ed se conden\u00f3 la invasi\u00f3n a Ucrania, pero el Presidente de Bolivia, lamentablemente se aline\u00f3 con los reg\u00edmenes dictatoriales y cuestion\u00f3 a pa\u00edses desarrollados por el bloqueo econ\u00f3mico a Venezuela, mientras se gestiona programas de cooperaci\u00f3n y cr\u00e9ditos. La peor actuaci\u00f3n fue de Nicaragua (aliada de Mosc\u00fa), contraria a las resoluciones de la Asamblea de la ONU en torno a la invasi\u00f3n a Ucrania. Bolivia, Cuba y el Salvador se abstuvieron, mientras que Venezuela no vot\u00f3.<br \/>\nEn la cumbre de CELAC, Luis Arce pidi\u00f3 trato igualitario en la preservaci\u00f3n del medio ambiente, sin condiciones, pero nada dijo sobre la p\u00e9sima lucha contra el narcotr\u00e1fico, que atenta contra el medio ambiente en nuestro pa\u00eds, donde la Ley de la Coca N\u00ba 906 permite incrementar la cantidad de cultivos de la hoja en el Chapare. Por ello Bolivia est\u00e1 tipificada como pa\u00eds productor, consumidor y de tr\u00e1nsito de la coca\u00edna a nivel internacional. Arce olvid\u00f3 que en Espa\u00f1a se descubri\u00f3 media tonelada de coca\u00edna, transportada por la empresa estatal BoA y hasta hoy no se conoce a todos los responsables de ese env\u00edo. Mientras tanto, aumentan las f\u00e1bricas de coca\u00edna. Por otra parte, prolifera la explotaci\u00f3n ilegal de minerales como el oro, y deforestaci\u00f3n es ocasionada por empresas transnacionales DISFRAZADAS de \u201ccooperativas\u201d. M\u00e1s de 300 dragas colombianas y chinas extraen oro, no se paga impuestos, se contamina con mercurio nuestros r\u00edos que fluyen en la Amazonia boliviana. Es un grave atentado contra pueblos ind\u00edgenas, por ello ni\u00f1os nacen con deficiencias f\u00edsicas y psicol\u00f3gicas, pues consumen peces extra\u00eddos de los r\u00edos contaminados con mercurio.<br \/>\nArce no puede exigir a Europa una lucha igualitaria, porque no cumple la Constituci\u00f3n y permite la degradaci\u00f3n de la \u201cpachamama\u201d, sin procesar a todos los responsables de los env\u00edos de droga. Por el contrario, impulsa la divisi\u00f3n, violencia y persecuci\u00f3n pol\u00edtica, por ello carece de moral para exigir un trato igualitario en la preservaci\u00f3n del medio ambiente a t\u00edtulo de buscar \u201cenerg\u00eda limpia\u201d.<br \/>\nLa Uni\u00f3n Europea financia la lucha contra el narcotr\u00e1fico, y la Cumbre sirvi\u00f3 para traer inversiones, pero Bolivia no cumple con su responsabilidad de luchar eficazmente contra esa lacra. Por eso los narcos est\u00e1n inundando las calles con droga y utilizando BoA para exportarla. Si se quiere recuperar la credibilidad ante la comunidad internacional, se debe dar se\u00f1ales reales y objetivas.<br \/>\nEl programa de la Uni\u00f3n Europea tiene un presupuesto de hasta 300.000 millones de Euros para financiamiento de proyectos, ya que la agenda contemplar\u00e1 el acuerdo del Global Gateway, que la UE implementar\u00e1 a partir de 2025. La prioridad del Gobierno nacional es el financiamiento de proyectos de energ\u00eda alternativa, como la e\u00f3lica, h\u00eddrica y solar, inform\u00f3 el vicecanciller.<br \/>\nEn la Cumbre del Desarrollo Sostenible aprobaron la Agenda 2030, que contiene 17 Objetivos de Desarrollo Sostenible (ODS) de aplicaci\u00f3n universal, desde el 1 de enero de 2016. En la CELAC, Luis Arce debi\u00f3 presentar 3 de los 17 ODS, como: 2) Lucha contra el Hambre. \u201cPoner fin al hambre, lograr la seguridad alimentaria y la mejora de la nutrici\u00f3n y promover la agricultura sostenible\u201d y desaparezcan los m\u00e9ndigos en las calles. 15) Flora y Fauna terrestres. \u201cGestionar sosteniblemente los bosques, luchar contra la desertificaci\u00f3n, detener e invertir la degradaci\u00f3n de las tierras y detener la p\u00e9rdida de biodiversidad\u201d, con la coca se pierde biodiversidad. Y solo present\u00f3 el 7) Energ\u00edas Renovables. \u201cGarantizar el acceso a una energ\u00eda asequible, segura, sostenible y moderna para todos\u201d, porque el gas se hizo gas.<\/p>\n<p>La autora es Abogada, Economista, ex Asamble\u00edsta Constituyente.<\/p>\n","protected":false},"excerpt":{"rendered":"<p>La Constituci\u00f3n Pol\u00edtica del Estado, define en el Art. 255.II que \u201cLa negociaci\u00f3n, suscripci\u00f3n y ratificaci\u00f3n de tratados internacionales se regir\u00e1 por los principios de: 1. Independencia e igualdad entre los estados, no intervenci\u00f3n en asuntos internos y soluci\u00f3n pac\u00edfica de los conflictos\u201d. El 3 de diciembre de 2011 se cre\u00f3 la CELAC y est\u00e1 [&hellip;]<\/p>\n","protected":false},"author":1,"featured_media":159531,"comment_status":"closed","ping_status":"open","sticky":false,"template":"","format":"standard","meta":{"_acf_changed":false,"footnotes":""},"categories":[9],"tags":[],"class_list":["post-168180","post","type-post","status-publish","format-standard","has-post-thumbnail","category-opinion"],"acf":{"antetitulo":""},"yoast_head":"<!-- This site is optimized with the Yoast SEO plugin v28.4 - https:\/\/yoast.com\/product\/yoast-seo-wordpress\/ -->\n<title>CELAC y las inversiones de Europa - El Diario - Bolivia<\/title>\n<meta name=\"robots\" content=\"index, follow, max-snippet:-1, max-image-preview:large, max-video-preview:-1\" \/>\n<link rel=\"canonical\" href=\"https:\/\/www.eldiario.net\/portal\/2023\/07\/29\/celac-y-las-inversiones-de-europa\/\" \/>\n<meta property=\"og:locale\" content=\"es_ES\" \/>\n<meta property=\"og:type\" content=\"article\" \/>\n<meta property=\"og:title\" content=\"CELAC y las inversiones de Europa - El Diario - Bolivia\" \/>\n<meta property=\"og:description\" content=\"La Constituci\u00f3n Pol\u00edtica del Estado, define en el Art. 255.II que \u201cLa negociaci\u00f3n, suscripci\u00f3n y ratificaci\u00f3n de tratados internacionales se regir\u00e1 por los principios de: 1. Independencia e igualdad entre los estados, no intervenci\u00f3n en asuntos internos y soluci\u00f3n pac\u00edfica de los conflictos\u201d. El 3 de diciembre de 2011 se cre\u00f3 la CELAC y est\u00e1 [&hellip;]\" \/>\n<meta property=\"og:url\" content=\"https:\/\/www.eldiario.net\/portal\/2023\/07\/29\/celac-y-las-inversiones-de-europa\/\" \/>\n<meta property=\"og:site_name\" content=\"El Diario - Bolivia\" \/>\n<meta property=\"article:publisher\" content=\"https:\/\/www.facebook.com\/eldiario.bolivia\/\" \/>\n<meta property=\"article:published_time\" content=\"2023-07-29T04:39:05+00:00\" \/>\n<meta property=\"og:image\" content=\"https:\/\/www.eldiario.net\/portal\/wp-content\/uploads\/2023\/06\/angelica_siles-2.jpg\" \/>\n\t<meta property=\"og:image:width\" content=\"1200\" \/>\n\t<meta property=\"og:image:height\" content=\"628\" \/>\n\t<meta property=\"og:image:type\" content=\"image\/jpeg\" \/>\n<meta name=\"author\" content=\"Jeanette\" \/>\n<meta name=\"twitter:card\" content=\"summary_large_image\" \/>\n<meta name=\"twitter:creator\" content=\"@eldiario_net\" \/>\n<meta name=\"twitter:site\" content=\"@eldiario_net\" \/>\n<meta name=\"twitter:label1\" content=\"Escrito por\" \/>\n\t<meta name=\"twitter:data1\" content=\"Jeanette\" \/>\n<script type=\"application\/ld+json\" class=\"yoast-schema-graph\">{\"@context\":\"https:\\\/\\\/schema.org\",\"@graph\":[{\"@type\":\"Article\",\"@id\":\"https:\\\/\\\/www.eldiario.net\\\/portal\\\/2023\\\/07\\\/29\\\/celac-y-las-inversiones-de-europa\\\/#article\",\"isPartOf\":{\"@id\":\"https:\\\/\\\/www.eldiario.net\\\/portal\\\/2023\\\/07\\\/29\\\/celac-y-las-inversiones-de-europa\\\/\"},\"author\":{\"name\":\"Jeanette\",\"@id\":\"https:\\\/\\\/www.eldiario.net\\\/portal\\\/#\\\/schema\\\/person\\\/f46445640444750d7d753ccd04ae01b7\"},\"headline\":\"CELAC y las inversiones de Europa\",\"datePublished\":\"2023-07-29T04:39:05+00:00\",\"mainEntityOfPage\":{\"@id\":\"https:\\\/\\\/www.eldiario.net\\\/portal\\\/2023\\\/07\\\/29\\\/celac-y-las-inversiones-de-europa\\\/\"},\"wordCount\":756,\"publisher\":{\"@id\":\"https:\\\/\\\/www.eldiario.net\\\/portal\\\/#organization\"},\"image\":{\"@id\":\"https:\\\/\\\/www.eldiario.net\\\/portal\\\/2023\\\/07\\\/29\\\/celac-y-las-inversiones-de-europa\\\/#primaryimage\"},\"thumbnailUrl\":\"https:\\\/\\\/www.eldiario.net\\\/portal\\\/wp-content\\\/uploads\\\/2023\\\/06\\\/angelica_siles-2.jpg\",\"articleSection\":[\"Opini\u00f3n\"],\"inLanguage\":\"es\"},{\"@type\":\"WebPage\",\"@id\":\"https:\\\/\\\/www.eldiario.net\\\/portal\\\/2023\\\/07\\\/29\\\/celac-y-las-inversiones-de-europa\\\/\",\"url\":\"https:\\\/\\\/www.eldiario.net\\\/portal\\\/2023\\\/07\\\/29\\\/celac-y-las-inversiones-de-europa\\\/\",\"name\":\"CELAC y las inversiones de Europa - El Diario - Bolivia\",\"isPartOf\":{\"@id\":\"https:\\\/\\\/www.eldiario.net\\\/portal\\\/#website\"},\"primaryImageOfPage\":{\"@id\":\"https:\\\/\\\/www.eldiario.net\\\/portal\\\/2023\\\/07\\\/29\\\/celac-y-las-inversiones-de-europa\\\/#primaryimage\"},\"image\":{\"@id\":\"https:\\\/\\\/www.eldiario.net\\\/portal\\\/2023\\\/07\\\/29\\\/celac-y-las-inversiones-de-europa\\\/#primaryimage\"},\"thumbnailUrl\":\"https:\\\/\\\/www.eldiario.net\\\/portal\\\/wp-content\\\/uploads\\\/2023\\\/06\\\/angelica_siles-2.jpg\",\"datePublished\":\"2023-07-29T04:39:05+00:00\",\"breadcrumb\":{\"@id\":\"https:\\\/\\\/www.eldiario.net\\\/portal\\\/2023\\\/07\\\/29\\\/celac-y-las-inversiones-de-europa\\\/#breadcrumb\"},\"inLanguage\":\"es\",\"potentialAction\":[{\"@type\":\"ReadAction\",\"target\":[\"https:\\\/\\\/www.eldiario.net\\\/portal\\\/2023\\\/07\\\/29\\\/celac-y-las-inversiones-de-europa\\\/\"]}]},{\"@type\":\"ImageObject\",\"inLanguage\":\"es\",\"@id\":\"https:\\\/\\\/www.eldiario.net\\\/portal\\\/2023\\\/07\\\/29\\\/celac-y-las-inversiones-de-europa\\\/#primaryimage\",\"url\":\"https:\\\/\\\/www.eldiario.net\\\/portal\\\/wp-content\\\/uploads\\\/2023\\\/06\\\/angelica_siles-2.jpg\",\"contentUrl\":\"https:\\\/\\\/www.eldiario.net\\\/portal\\\/wp-content\\\/uploads\\\/2023\\\/06\\\/angelica_siles-2.jpg\",\"width\":1200,\"height\":628,\"caption\":\"Ang\u00e9lica Siles Parrado\"},{\"@type\":\"BreadcrumbList\",\"@id\":\"https:\\\/\\\/www.eldiario.net\\\/portal\\\/2023\\\/07\\\/29\\\/celac-y-las-inversiones-de-europa\\\/#breadcrumb\",\"itemListElement\":[{\"@type\":\"ListItem\",\"position\":1,\"name\":\"Portada\",\"item\":\"https:\\\/\\\/www.eldiario.net\\\/portal\\\/\"},{\"@type\":\"ListItem\",\"position\":2,\"name\":\"CELAC y las inversiones de Europa\"}]},{\"@type\":\"WebSite\",\"@id\":\"https:\\\/\\\/www.eldiario.net\\\/portal\\\/#website\",\"url\":\"https:\\\/\\\/www.eldiario.net\\\/portal\\\/\",\"name\":\"El Diario - Decano de la prensa nacional\",\"description\":\"El Diario - Decano de la prensa nacional\",\"publisher\":{\"@id\":\"https:\\\/\\\/www.eldiario.net\\\/portal\\\/#organization\"},\"potentialAction\":[{\"@type\":\"SearchAction\",\"target\":{\"@type\":\"EntryPoint\",\"urlTemplate\":\"https:\\\/\\\/www.eldiario.net\\\/portal\\\/?s={search_term_string}\"},\"query-input\":{\"@type\":\"PropertyValueSpecification\",\"valueRequired\":true,\"valueName\":\"search_term_string\"}}],\"inLanguage\":\"es\"},{\"@type\":\"Organization\",\"@id\":\"https:\\\/\\\/www.eldiario.net\\\/portal\\\/#organization\",\"name\":\"El Diario - Decano de la prensa nacional\",\"url\":\"https:\\\/\\\/www.eldiario.net\\\/portal\\\/\",\"logo\":{\"@type\":\"ImageObject\",\"inLanguage\":\"es\",\"@id\":\"https:\\\/\\\/www.eldiario.net\\\/portal\\\/#\\\/schema\\\/logo\\\/image\\\/\",\"url\":\"https:\\\/\\\/www.eldiario.net\\\/portal\\\/wp-content\\\/uploads\\\/2023\\\/07\\\/logo_ED.jpg\",\"contentUrl\":\"https:\\\/\\\/www.eldiario.net\\\/portal\\\/wp-content\\\/uploads\\\/2023\\\/07\\\/logo_ED.jpg\",\"width\":272,\"height\":52,\"caption\":\"El Diario - Decano de la prensa nacional\"},\"image\":{\"@id\":\"https:\\\/\\\/www.eldiario.net\\\/portal\\\/#\\\/schema\\\/logo\\\/image\\\/\"},\"sameAs\":[\"https:\\\/\\\/www.facebook.com\\\/eldiario.bolivia\\\/\",\"https:\\\/\\\/x.com\\\/eldiario_net\"]},{\"@type\":\"Person\",\"@id\":\"https:\\\/\\\/www.eldiario.net\\\/portal\\\/#\\\/schema\\\/person\\\/f46445640444750d7d753ccd04ae01b7\",\"name\":\"Jeanette\",\"image\":{\"@type\":\"ImageObject\",\"inLanguage\":\"es\",\"@id\":\"https:\\\/\\\/secure.gravatar.com\\\/avatar\\\/3ea2118a5f7dad2b7138b1187a6b7ee55f160b9968b66013c3a3ef39dd7e5798?s=96&d=mm&r=g\",\"url\":\"https:\\\/\\\/secure.gravatar.com\\\/avatar\\\/3ea2118a5f7dad2b7138b1187a6b7ee55f160b9968b66013c3a3ef39dd7e5798?s=96&d=mm&r=g\",\"contentUrl\":\"https:\\\/\\\/secure.gravatar.com\\\/avatar\\\/3ea2118a5f7dad2b7138b1187a6b7ee55f160b9968b66013c3a3ef39dd7e5798?s=96&d=mm&r=g\",\"caption\":\"Jeanette\"},\"sameAs\":[\"https:\\\/\\\/www.eldiario.net\\\/portal\"],\"url\":\"https:\\\/\\\/www.eldiario.net\\\/portal\\\/author\\\/jeanette\\\/\"}]}<\/script>\n<!-- \/ Yoast SEO plugin. -->","yoast_head_json":{"title":"CELAC y las inversiones de Europa - El Diario - Bolivia","robots":{"index":"index","follow":"follow","max-snippet":"max-snippet:-1","max-image-preview":"max-image-preview:large","max-video-preview":"max-video-preview:-1"},"canonical":"https:\/\/www.eldiario.net\/portal\/2023\/07\/29\/celac-y-las-inversiones-de-europa\/","og_locale":"es_ES","og_type":"article","og_title":"CELAC y las inversiones de Europa - El Diario - Bolivia","og_description":"La Constituci\u00f3n Pol\u00edtica del Estado, define en el Art. 255.II que \u201cLa negociaci\u00f3n, suscripci\u00f3n y ratificaci\u00f3n de tratados internacionales se regir\u00e1 por los principios de: 1. Independencia e igualdad entre los estados, no intervenci\u00f3n en asuntos internos y soluci\u00f3n pac\u00edfica de los conflictos\u201d. El 3 de diciembre de 2011 se cre\u00f3 la CELAC y est\u00e1 [&hellip;]","og_url":"https:\/\/www.eldiario.net\/portal\/2023\/07\/29\/celac-y-las-inversiones-de-europa\/","og_site_name":"El Diario - Bolivia","article_publisher":"https:\/\/www.facebook.com\/eldiario.bolivia\/","article_published_time":"2023-07-29T04:39:05+00:00","og_image":[{"width":1200,"height":628,"url":"https:\/\/www.eldiario.net\/portal\/wp-content\/uploads\/2023\/06\/angelica_siles-2.jpg","type":"image\/jpeg"}],"author":"Jeanette","twitter_card":"summary_large_image","twitter_creator":"@eldiario_net","twitter_site":"@eldiario_net","twitter_misc":{"Escrito por":"Jeanette"},"schema":{"@context":"https:\/\/schema.org","@graph":[{"@type":"Article","@id":"https:\/\/www.eldiario.net\/portal\/2023\/07\/29\/celac-y-las-inversiones-de-europa\/#article","isPartOf":{"@id":"https:\/\/www.eldiario.net\/portal\/2023\/07\/29\/celac-y-las-inversiones-de-europa\/"},"author":{"name":"Jeanette","@id":"https:\/\/www.eldiario.net\/portal\/#\/schema\/person\/f46445640444750d7d753ccd04ae01b7"},"headline":"CELAC y las inversiones de Europa","datePublished":"2023-07-29T04:39:05+00:00","mainEntityOfPage":{"@id":"https:\/\/www.eldiario.net\/portal\/2023\/07\/29\/celac-y-las-inversiones-de-europa\/"},"wordCount":756,"publisher":{"@id":"https:\/\/www.eldiario.net\/portal\/#organization"},"image":{"@id":"https:\/\/www.eldiario.net\/portal\/2023\/07\/29\/celac-y-las-inversiones-de-europa\/#primaryimage"},"thumbnailUrl":"https:\/\/www.eldiario.net\/portal\/wp-content\/uploads\/2023\/06\/angelica_siles-2.jpg","articleSection":["Opini\u00f3n"],"inLanguage":"es"},{"@type":"WebPage","@id":"https:\/\/www.eldiario.net\/portal\/2023\/07\/29\/celac-y-las-inversiones-de-europa\/","url":"https:\/\/www.eldiario.net\/portal\/2023\/07\/29\/celac-y-las-inversiones-de-europa\/","name":"CELAC y las inversiones de Europa - El Diario - Bolivia","isPartOf":{"@id":"https:\/\/www.eldiario.net\/portal\/#website"},"primaryImageOfPage":{"@id":"https:\/\/www.eldiario.net\/portal\/2023\/07\/29\/celac-y-las-inversiones-de-europa\/#primaryimage"},"image":{"@id":"https:\/\/www.eldiario.net\/portal\/2023\/07\/29\/celac-y-las-inversiones-de-europa\/#primaryimage"},"thumbnailUrl":"https:\/\/www.eldiario.net\/portal\/wp-content\/uploads\/2023\/06\/angelica_siles-2.jpg","datePublished":"2023-07-29T04:39:05+00:00","breadcrumb":{"@id":"https:\/\/www.eldiario.net\/portal\/2023\/07\/29\/celac-y-las-inversiones-de-europa\/#breadcrumb"},"inLanguage":"es","potentialAction":[{"@type":"ReadAction","target":["https:\/\/www.eldiario.net\/portal\/2023\/07\/29\/celac-y-las-inversiones-de-europa\/"]}]},{"@type":"ImageObject","inLanguage":"es","@id":"https:\/\/www.eldiario.net\/portal\/2023\/07\/29\/celac-y-las-inversiones-de-europa\/#primaryimage","url":"https:\/\/www.eldiario.net\/portal\/wp-content\/uploads\/2023\/06\/angelica_siles-2.jpg","contentUrl":"https:\/\/www.eldiario.net\/portal\/wp-content\/uploads\/2023\/06\/angelica_siles-2.jpg","width":1200,"height":628,"caption":"Ang\u00e9lica Siles Parrado"},{"@type":"BreadcrumbList","@id":"https:\/\/www.eldiario.net\/portal\/2023\/07\/29\/celac-y-las-inversiones-de-europa\/#breadcrumb","itemListElement":[{"@type":"ListItem","position":1,"name":"Portada","item":"https:\/\/www.eldiario.net\/portal\/"},{"@type":"ListItem","position":2,"name":"CELAC y las inversiones de Europa"}]},{"@type":"WebSite","@id":"https:\/\/www.eldiario.net\/portal\/#website","url":"https:\/\/www.eldiario.net\/portal\/","name":"El Diario - Decano de la prensa nacional","description":"El Diario - Decano de la prensa nacional","publisher":{"@id":"https:\/\/www.eldiario.net\/portal\/#organization"},"potentialAction":[{"@type":"SearchAction","target":{"@type":"EntryPoint","urlTemplate":"https:\/\/www.eldiario.net\/portal\/?s={search_term_string}"},"query-input":{"@type":"PropertyValueSpecification","valueRequired":true,"valueName":"search_term_string"}}],"inLanguage":"es"},{"@type":"Organization","@id":"https:\/\/www.eldiario.net\/portal\/#organization","name":"El Diario - Decano de la prensa nacional","url":"https:\/\/www.eldiario.net\/portal\/","logo":{"@type":"ImageObject","inLanguage":"es","@id":"https:\/\/www.eldiario.net\/portal\/#\/schema\/logo\/image\/","url":"https:\/\/www.eldiario.net\/portal\/wp-content\/uploads\/2023\/07\/logo_ED.jpg","contentUrl":"https:\/\/www.eldiario.net\/portal\/wp-content\/uploads\/2023\/07\/logo_ED.jpg","width":272,"height":52,"caption":"El Diario - Decano de la prensa nacional"},"image":{"@id":"https:\/\/www.eldiario.net\/portal\/#\/schema\/logo\/image\/"},"sameAs":["https:\/\/www.facebook.com\/eldiario.bolivia\/","https:\/\/x.com\/eldiario_net"]},{"@type":"Person","@id":"https:\/\/www.eldiario.net\/portal\/#\/schema\/person\/f46445640444750d7d753ccd04ae01b7","name":"Jeanette","image":{"@type":"ImageObject","inLanguage":"es","@id":"https:\/\/secure.gravatar.com\/avatar\/3ea2118a5f7dad2b7138b1187a6b7ee55f160b9968b66013c3a3ef39dd7e5798?s=96&d=mm&r=g","url":"https:\/\/secure.gravatar.com\/avatar\/3ea2118a5f7dad2b7138b1187a6b7ee55f160b9968b66013c3a3ef39dd7e5798?s=96&d=mm&r=g","contentUrl":"https:\/\/secure.gravatar.com\/avatar\/3ea2118a5f7dad2b7138b1187a6b7ee55f160b9968b66013c3a3ef39dd7e5798?s=96&d=mm&r=g","caption":"Jeanette"},"sameAs":["https:\/\/www.eldiario.net\/portal"],"url":"https:\/\/www.eldiario.net\/portal\/author\/jeanette\/"}]}},"_links":{"self":[{"href":"https:\/\/www.eldiario.net\/portal\/wp-json\/wp\/v2\/posts\/168180","targetHints":{"allow":["GET"]}}],"collection":[{"href":"https:\/\/www.eldiario.net\/portal\/wp-json\/wp\/v2\/posts"}],"about":[{"href":"https:\/\/www.eldiario.net\/portal\/wp-json\/wp\/v2\/types\/post"}],"author":[{"embeddable":true,"href":"https:\/\/www.eldiario.net\/portal\/wp-json\/wp\/v2\/users\/1"}],"replies":[{"embeddable":true,"href":"https:\/\/www.eldiario.net\/portal\/wp-json\/wp\/v2\/comments?post=168180"}],"version-history":[{"count":0,"href":"https:\/\/www.eldiario.net\/portal\/wp-json\/wp\/v2\/posts\/168180\/revisions"}],"wp:featuredmedia":[{"embeddable":true,"href":"https:\/\/www.eldiario.net\/portal\/wp-json\/wp\/v2\/media\/159531"}],"wp:attachment":[{"href":"https:\/\/www.eldiario.net\/portal\/wp-json\/wp\/v2\/media?parent=168180"}],"wp:term":[{"taxonomy":"category","embeddable":true,"href":"https:\/\/www.eldiario.net\/portal\/wp-json\/wp\/v2\/categories?post=168180"},{"taxonomy":"post_tag","embeddable":true,"href":"https:\/\/www.eldiario.net\/portal\/wp-json\/wp\/v2\/tags?post=168180"}],"curies":[{"name":"wp","href":"https:\/\/api.w.org\/{rel}","templated":true}]}}